{"id":100043,"date":"2024-11-13T18:13:00","date_gmt":"2024-11-13T17:13:00","guid":{"rendered":"https:\/\/weisetech.dev\/fc-barcelona-noticias\/en\/deco-meets-with-the-agent-of-barcelona-veteran-to-speed-up-his-renewal_308588_102\/"},"modified":"2024-11-13T21:48:00","modified_gmt":"2024-11-13T20:48:00","slug":"deco-meets-with-the-agent-of-barcelona-veteran-to-speed-up-his-renewal_308588_102","status":"publish","type":"post","link":"https:\/\/www.fcbarcelonanoticias.com\/en\/transfers\/deco-meets-with-the-agent-of-barcelona-veteran-to-speed-up-his-renewal_308588_102.html","title":{"rendered":"Deco meets with the agent of a Barcelona veteran&#8230; to speed up his renewal?"},"content":{"rendered":"<h2 class=\"wp-block-heading\">Deco met with I\u00f1igo Mart\u00ednez&#8217;s agent to convey the club&#8217;s satisfaction with his client. The Basque&#8217;s renewal could be accelerated<\/h2>  \r\n<div class=\"article-addons\">\r\n    <a href=\"https:\/\/www.fcbarcelonanoticias.com\/en\/calendar-fc-barcelona.html\"\r\n       target=\"_self\"\r\n       title=\"Calendar of FC Barcelona\"\r\n       class=\"blue-gredient-btn\">\r\n       \r\n        Calendar of FC Barcelona    <\/a>\r\n<\/div>   <p><a data-external=\"0\" data-intl-links-en=\"https:\/\/www.fcbarcelonanoticias.com\/en\/fc-barcelona\/inigo-martinez-fc-barcelona-unexpected-goalscorer-in-the-2024-25-champions-league_308447_102.html\" data-intl-links-es=\"https:\/\/www.fcbarcelonanoticias.com\/fc-barcelona\/inigo-martinez-goleador-inesperado-fc-barcelona-en-champions-league-2024-25_308447_102.html\" href=\"https:\/\/www.fcbarcelonanoticias.com\/en\/fc-barcelona\/inigo-martinez-fc-barcelona-unexpected-goalscorer-in-the-2024-25-champions-league_308447_102.html\" rel=\"follow\" target=\"_self\" title=\"I\u00f1igo Mart\u00ednez, FC Barcelona's unexpected goalscorer in the 2024\/25 Champions League\">I\u00f1igo Mart\u00ednez has established himself as one of the key players in Hansi Flick&#8217;s project at FC Barcelona<\/a>. The centre-back has become an undisputed asset for the German coach, as his contribution to the team transcends the sporting aspect thanks to his leadership and hierarchy.<\/p>  <p>However, his continuity in Barcelona is not yet 100% guaranteed, as his contract with the Catalan club expires next June, although it has a clause <strong>that would automatically renew for another year if he plays 60 percent of the games<\/strong> with a minimum of 45 minutes played.<\/p>  <p>So far, the Basque has played a total of 16 games with Bar\u00e7a (12 in La Liga and 4 in the Champions League), all of them as a starter. In the best-case scenario, the Catalans would play 61 games this season, so I\u00f1igo would need to play 37 games for this clause to be executed. So, as of today, <strong>he would have 21 matches left to play<\/strong>, a figure that is, a priori, easy to reach.<\/p>  <h3>Will Bar\u00e7a bring forward I\u00f1igo&#8217;s renewal?<\/h3>  <p>Despite this, the extension of his contract could come sooner than expected. According to &#8216;Jijantes&#8217;, last Saturday <strong>Deco<\/strong>, Bar\u00e7a&#8217;s sporting director, held a meeting in San Sebastian with <strong>Carmelo S\u00e1nchez<\/strong>, the defender&#8217;s agent, to let him know that at <strong>Can Bar\u00e7a<\/strong> they are more than satisfied with the spectacular level shown by <strong>Mart\u00ednez <\/strong>this season.<\/p>  <p>Although, in principle, the subject of his renewal would not have been touched upon, the Portuguese director admitted in an interview with &#8216;Mundo Deportivo&#8217; that &#8220;<strong>if we have to renew a player to have stability, because it is important, if we have to make decisions that help create this stability in order to win, we will do it<\/strong>. So if at some point, before they meet the objectives, we believe that we have to talk to the players, then we will do it.&#8221;<\/p>  <p>For his part, the footballer admitted at the time that &#8220;my thought right now is to play as many games as I can,<strong> that will get me the plus one (extra year) that I have<\/strong>&#8220;, which is why, if everything stays on track and there are no setbacks along the way, everything points to I\u00f1igo continuing to wear the Bar\u00e7a shirt next season.<\/p> ","protected":false},"excerpt":{"rendered":"<p>Deco met with I\u00f1igo Mart\u00ednez&#8217;s agent to convey the club&#8217;s satisfaction with his client. The Basque&#8217;s renewal could be accelerated I\u00f1igo Mart\u00ednez has established himself as one of the key players in Hansi Flick&#8217;s project at FC Barcelona. The centre-back has become an undisputed asset for the German coach, as his contribution to the team [&hellip;]<\/p>\n","protected":false},"author":358,"featured_media":100050,"comment_status":"closed","ping_status":"open","sticky":false,"template":"","format":"standard","meta":{"_acf_changed":false,"inline_featured_image":false,"_nextfly_llmd_date_locked":false,"footnotes":""},"categories":[106,449],"tags":[335],"class_list":["post-100043","post","type-post","status-publish","format-standard","has-post-thumbnail","hentry","category-transfers","category-transfers-2","tag-deco"],"acf":[],"yoast_head":"<!-- This site is optimized with the Yoast SEO plugin v27.3 - https:\/\/yoast.com\/product\/yoast-seo-wordpress\/ -->\n<title>Deco meets with the agent of a Barcelona veteran... to speed up his renewal?<\/title>\n<meta name=\"description\" content=\"Deco met with I\u00f1igo Mart\u00ednez&#039;s agent to convey the club&#039;s satisfaction with his client. The Basque&#039;s renewal could be accelerated\" \/>\n<meta name=\"robots\" content=\"index, follow, max-snippet:-1, max-image-preview:large, max-video-preview:-1\" \/>\n<link rel=\"canonical\" href=\"https:\/\/www.fcbarcelonanoticias.com\/en\/transfers\/deco-meets-with-the-agent-of-barcelona-veteran-to-speed-up-his-renewal_308588_102.html\" \/>\n<meta property=\"og:locale\" content=\"en_US\" \/>\n<meta property=\"og:type\" content=\"article\" \/>\n<meta property=\"og:title\" content=\"Deco meets with the agent of a Barcelona veteran... to speed up his renewal?\" \/>\n<meta property=\"og:description\" content=\"Deco met with I\u00f1igo Mart\u00ednez&#039;s agent to convey the club&#039;s satisfaction with his client. The Basque&#039;s renewal could be accelerated\" \/>\n<meta property=\"og:url\" content=\"https:\/\/www.fcbarcelonanoticias.com\/en\/transfers\/deco-meets-with-the-agent-of-barcelona-veteran-to-speed-up-his-renewal_308588_102.html\" \/>\n<meta property=\"og:site_name\" content=\"EN - FC Barcelona Noticias\" \/>\n<meta property=\"article:published_time\" content=\"2024-11-13T17:13:00+00:00\" \/>\n<meta property=\"article:modified_time\" content=\"2024-11-13T20:48:00+00:00\" \/>\n<meta property=\"og:image\" content=\"https:\/\/www.fcbarcelonanoticias.com\/en\/wp-content\/uploads\/sites\/2\/2024\/11\/inigo-martinez-lewandowski.jpeg\" \/>\n\t<meta property=\"og:image:width\" content=\"1250\" \/>\n\t<meta property=\"og:image:height\" content=\"730\" \/>\n\t<meta property=\"og:image:type\" content=\"image\/jpeg\" \/>\n<meta name=\"author\" content=\"Juan Pablo Berdugo\" \/>\n<meta name=\"twitter:card\" content=\"summary_large_image\" \/>\n<meta name=\"twitter:label1\" content=\"Written by\" \/>\n\t<meta name=\"twitter:data1\" content=\"Juan Pablo Berdugo\" \/>\n\t<meta name=\"twitter:label2\" content=\"Est. reading time\" \/>\n\t<meta name=\"twitter:data2\" content=\"2 minutes\" \/>\n<script type=\"application\/ld+json\" class=\"yoast-schema-graph\">{\"@context\":\"https:\\\/\\\/schema.org\",\"@graph\":[{\"@type\":\"Article\",\"@id\":\"https:\\\/\\\/www.fcbarcelonanoticias.com\\\/en\\\/transfers\\\/deco-meets-with-the-agent-of-barcelona-veteran-to-speed-up-his-renewal_308588_102.html#article\",\"isPartOf\":{\"@id\":\"https:\\\/\\\/www.fcbarcelonanoticias.com\\\/en\\\/transfers\\\/deco-meets-with-the-agent-of-barcelona-veteran-to-speed-up-his-renewal_308588_102.html\"},\"author\":{\"name\":\"Juan Pablo Berdugo\",\"@id\":\"https:\\\/\\\/www.fcbarcelonanoticias.com\\\/en\\\/#\\\/schema\\\/person\\\/88d756918a0a1ae9fa593b5edddd1815\"},\"headline\":\"Deco meets with the agent of a Barcelona veteran&#8230; to speed up his renewal?\",\"datePublished\":\"2024-11-13T17:13:00+00:00\",\"dateModified\":\"2024-11-13T20:48:00+00:00\",\"mainEntityOfPage\":{\"@id\":\"https:\\\/\\\/www.fcbarcelonanoticias.com\\\/en\\\/transfers\\\/deco-meets-with-the-agent-of-barcelona-veteran-to-speed-up-his-renewal_308588_102.html\"},\"wordCount\":421,\"image\":{\"@id\":\"https:\\\/\\\/www.fcbarcelonanoticias.com\\\/en\\\/transfers\\\/deco-meets-with-the-agent-of-barcelona-veteran-to-speed-up-his-renewal_308588_102.html#primaryimage\"},\"thumbnailUrl\":\"https:\\\/\\\/www.fcbarcelonanoticias.com\\\/en\\\/wp-content\\\/uploads\\\/sites\\\/2\\\/2024\\\/11\\\/inigo-martinez-lewandowski.jpeg\",\"keywords\":[\"Deco\"],\"articleSection\":[\"Transfers\",\"Transfers\"],\"inLanguage\":\"en-US\"},{\"@type\":\"WebPage\",\"@id\":\"https:\\\/\\\/www.fcbarcelonanoticias.com\\\/en\\\/transfers\\\/deco-meets-with-the-agent-of-barcelona-veteran-to-speed-up-his-renewal_308588_102.html\",\"url\":\"https:\\\/\\\/www.fcbarcelonanoticias.com\\\/en\\\/transfers\\\/deco-meets-with-the-agent-of-barcelona-veteran-to-speed-up-his-renewal_308588_102.html\",\"name\":\"Deco meets with the agent of a Barcelona veteran... to speed up his renewal?\",\"isPartOf\":{\"@id\":\"https:\\\/\\\/www.fcbarcelonanoticias.com\\\/en\\\/#website\"},\"primaryImageOfPage\":{\"@id\":\"https:\\\/\\\/www.fcbarcelonanoticias.com\\\/en\\\/transfers\\\/deco-meets-with-the-agent-of-barcelona-veteran-to-speed-up-his-renewal_308588_102.html#primaryimage\"},\"image\":{\"@id\":\"https:\\\/\\\/www.fcbarcelonanoticias.com\\\/en\\\/transfers\\\/deco-meets-with-the-agent-of-barcelona-veteran-to-speed-up-his-renewal_308588_102.html#primaryimage\"},\"thumbnailUrl\":\"https:\\\/\\\/www.fcbarcelonanoticias.com\\\/en\\\/wp-content\\\/uploads\\\/sites\\\/2\\\/2024\\\/11\\\/inigo-martinez-lewandowski.jpeg\",\"datePublished\":\"2024-11-13T17:13:00+00:00\",\"dateModified\":\"2024-11-13T20:48:00+00:00\",\"author\":{\"@id\":\"https:\\\/\\\/www.fcbarcelonanoticias.com\\\/en\\\/#\\\/schema\\\/person\\\/88d756918a0a1ae9fa593b5edddd1815\"},\"description\":\"Deco met with I\u00f1igo Mart\u00ednez's agent to convey the club's satisfaction with his client. The Basque's renewal could be accelerated\",\"breadcrumb\":{\"@id\":\"https:\\\/\\\/www.fcbarcelonanoticias.com\\\/en\\\/transfers\\\/deco-meets-with-the-agent-of-barcelona-veteran-to-speed-up-his-renewal_308588_102.html#breadcrumb\"},\"inLanguage\":\"en-US\",\"potentialAction\":[{\"@type\":\"ReadAction\",\"target\":[\"https:\\\/\\\/www.fcbarcelonanoticias.com\\\/en\\\/transfers\\\/deco-meets-with-the-agent-of-barcelona-veteran-to-speed-up-his-renewal_308588_102.html\"]}]},{\"@type\":\"ImageObject\",\"inLanguage\":\"en-US\",\"@id\":\"https:\\\/\\\/www.fcbarcelonanoticias.com\\\/en\\\/transfers\\\/deco-meets-with-the-agent-of-barcelona-veteran-to-speed-up-his-renewal_308588_102.html#primaryimage\",\"url\":\"https:\\\/\\\/www.fcbarcelonanoticias.com\\\/en\\\/wp-content\\\/uploads\\\/sites\\\/2\\\/2024\\\/11\\\/inigo-martinez-lewandowski.jpeg\",\"contentUrl\":\"https:\\\/\\\/www.fcbarcelonanoticias.com\\\/en\\\/wp-content\\\/uploads\\\/sites\\\/2\\\/2024\\\/11\\\/inigo-martinez-lewandowski.jpeg\",\"width\":1250,\"height\":730},{\"@type\":\"BreadcrumbList\",\"@id\":\"https:\\\/\\\/www.fcbarcelonanoticias.com\\\/en\\\/transfers\\\/deco-meets-with-the-agent-of-barcelona-veteran-to-speed-up-his-renewal_308588_102.html#breadcrumb\",\"itemListElement\":[{\"@type\":\"ListItem\",\"position\":1,\"name\":\"Portada\",\"item\":\"https:\\\/\\\/www.fcbarcelonanoticias.com\\\/en\\\/\"},{\"@type\":\"ListItem\",\"position\":2,\"name\":\"Deco meets with the agent of a Barcelona veteran&#8230; to speed up his renewal?\"}]},{\"@type\":\"WebSite\",\"@id\":\"https:\\\/\\\/www.fcbarcelonanoticias.com\\\/en\\\/#website\",\"url\":\"https:\\\/\\\/www.fcbarcelonanoticias.com\\\/en\\\/\",\"name\":\"EN - FC Barcelona Noticias\",\"description\":\"\",\"potentialAction\":[{\"@type\":\"SearchAction\",\"target\":{\"@type\":\"EntryPoint\",\"urlTemplate\":\"https:\\\/\\\/www.fcbarcelonanoticias.com\\\/en\\\/?s={search_term_string}\"},\"query-input\":{\"@type\":\"PropertyValueSpecification\",\"valueRequired\":true,\"valueName\":\"search_term_string\"}}],\"inLanguage\":\"en-US\"},{\"@type\":\"Person\",\"@id\":\"https:\\\/\\\/www.fcbarcelonanoticias.com\\\/en\\\/#\\\/schema\\\/person\\\/88d756918a0a1ae9fa593b5edddd1815\",\"name\":\"Juan Pablo Berdugo\",\"image\":{\"@type\":\"ImageObject\",\"inLanguage\":\"en-US\",\"@id\":\"https:\\\/\\\/secure.gravatar.com\\\/avatar\\\/?s=96&d=mm&r=g\",\"url\":\"https:\\\/\\\/secure.gravatar.com\\\/avatar\\\/?s=96&d=mm&r=g\",\"contentUrl\":\"https:\\\/\\\/secure.gravatar.com\\\/avatar\\\/?s=96&d=mm&r=g\",\"caption\":\"Juan Pablo Berdugo\"},\"description\":\"Juan Pablo Berdugo es graduado en Periodismo. Colabora con FCBN como especialista en informaci\u00f3n del primer equipo del FC Barcelona, f\u00fatbol internacional y mercado de fichajes. Destaca por su enfoque anal\u00edtico, su rigor informativo y su capacidad para detectar tendencias emergentes en el f\u00fatbol global.\",\"url\":\"https:\\\/\\\/www.fcbarcelonanoticias.com\\\/en\\\/fc-barcelona\\\/juan-pablo-berdugo_18_115.html\"}]}<\/script>\n<!-- \/ Yoast SEO plugin. -->","yoast_head_json":{"title":"Deco meets with the agent of a Barcelona veteran... to speed up his renewal?","description":"Deco met with I\u00f1igo Mart\u00ednez's agent to convey the club's satisfaction with his client. The Basque's renewal could be accelerated","robots":{"index":"index","follow":"follow","max-snippet":"max-snippet:-1","max-image-preview":"max-image-preview:large","max-video-preview":"max-video-preview:-1"},"canonical":"https:\/\/www.fcbarcelonanoticias.com\/en\/transfers\/deco-meets-with-the-agent-of-barcelona-veteran-to-speed-up-his-renewal_308588_102.html","og_locale":"en_US","og_type":"article","og_title":"Deco meets with the agent of a Barcelona veteran... to speed up his renewal?","og_description":"Deco met with I\u00f1igo Mart\u00ednez's agent to convey the club's satisfaction with his client. The Basque's renewal could be accelerated","og_url":"https:\/\/www.fcbarcelonanoticias.com\/en\/transfers\/deco-meets-with-the-agent-of-barcelona-veteran-to-speed-up-his-renewal_308588_102.html","og_site_name":"EN - FC Barcelona Noticias","article_published_time":"2024-11-13T17:13:00+00:00","article_modified_time":"2024-11-13T20:48:00+00:00","og_image":[{"width":1250,"height":730,"url":"https:\/\/www.fcbarcelonanoticias.com\/en\/wp-content\/uploads\/sites\/2\/2024\/11\/inigo-martinez-lewandowski.jpeg","type":"image\/jpeg"}],"author":"Juan Pablo Berdugo","twitter_card":"summary_large_image","twitter_misc":{"Written by":"Juan Pablo Berdugo","Est. reading time":"2 minutes"},"schema":{"@context":"https:\/\/schema.org","@graph":[{"@type":"Article","@id":"https:\/\/www.fcbarcelonanoticias.com\/en\/transfers\/deco-meets-with-the-agent-of-barcelona-veteran-to-speed-up-his-renewal_308588_102.html#article","isPartOf":{"@id":"https:\/\/www.fcbarcelonanoticias.com\/en\/transfers\/deco-meets-with-the-agent-of-barcelona-veteran-to-speed-up-his-renewal_308588_102.html"},"author":{"name":"Juan Pablo Berdugo","@id":"https:\/\/www.fcbarcelonanoticias.com\/en\/#\/schema\/person\/88d756918a0a1ae9fa593b5edddd1815"},"headline":"Deco meets with the agent of a Barcelona veteran&#8230; to speed up his renewal?","datePublished":"2024-11-13T17:13:00+00:00","dateModified":"2024-11-13T20:48:00+00:00","mainEntityOfPage":{"@id":"https:\/\/www.fcbarcelonanoticias.com\/en\/transfers\/deco-meets-with-the-agent-of-barcelona-veteran-to-speed-up-his-renewal_308588_102.html"},"wordCount":421,"image":{"@id":"https:\/\/www.fcbarcelonanoticias.com\/en\/transfers\/deco-meets-with-the-agent-of-barcelona-veteran-to-speed-up-his-renewal_308588_102.html#primaryimage"},"thumbnailUrl":"https:\/\/www.fcbarcelonanoticias.com\/en\/wp-content\/uploads\/sites\/2\/2024\/11\/inigo-martinez-lewandowski.jpeg","keywords":["Deco"],"articleSection":["Transfers","Transfers"],"inLanguage":"en-US"},{"@type":"WebPage","@id":"https:\/\/www.fcbarcelonanoticias.com\/en\/transfers\/deco-meets-with-the-agent-of-barcelona-veteran-to-speed-up-his-renewal_308588_102.html","url":"https:\/\/www.fcbarcelonanoticias.com\/en\/transfers\/deco-meets-with-the-agent-of-barcelona-veteran-to-speed-up-his-renewal_308588_102.html","name":"Deco meets with the agent of a Barcelona veteran... to speed up his renewal?","isPartOf":{"@id":"https:\/\/www.fcbarcelonanoticias.com\/en\/#website"},"primaryImageOfPage":{"@id":"https:\/\/www.fcbarcelonanoticias.com\/en\/transfers\/deco-meets-with-the-agent-of-barcelona-veteran-to-speed-up-his-renewal_308588_102.html#primaryimage"},"image":{"@id":"https:\/\/www.fcbarcelonanoticias.com\/en\/transfers\/deco-meets-with-the-agent-of-barcelona-veteran-to-speed-up-his-renewal_308588_102.html#primaryimage"},"thumbnailUrl":"https:\/\/www.fcbarcelonanoticias.com\/en\/wp-content\/uploads\/sites\/2\/2024\/11\/inigo-martinez-lewandowski.jpeg","datePublished":"2024-11-13T17:13:00+00:00","dateModified":"2024-11-13T20:48:00+00:00","author":{"@id":"https:\/\/www.fcbarcelonanoticias.com\/en\/#\/schema\/person\/88d756918a0a1ae9fa593b5edddd1815"},"description":"Deco met with I\u00f1igo Mart\u00ednez's agent to convey the club's satisfaction with his client. The Basque's renewal could be accelerated","breadcrumb":{"@id":"https:\/\/www.fcbarcelonanoticias.com\/en\/transfers\/deco-meets-with-the-agent-of-barcelona-veteran-to-speed-up-his-renewal_308588_102.html#breadcrumb"},"inLanguage":"en-US","potentialAction":[{"@type":"ReadAction","target":["https:\/\/www.fcbarcelonanoticias.com\/en\/transfers\/deco-meets-with-the-agent-of-barcelona-veteran-to-speed-up-his-renewal_308588_102.html"]}]},{"@type":"ImageObject","inLanguage":"en-US","@id":"https:\/\/www.fcbarcelonanoticias.com\/en\/transfers\/deco-meets-with-the-agent-of-barcelona-veteran-to-speed-up-his-renewal_308588_102.html#primaryimage","url":"https:\/\/www.fcbarcelonanoticias.com\/en\/wp-content\/uploads\/sites\/2\/2024\/11\/inigo-martinez-lewandowski.jpeg","contentUrl":"https:\/\/www.fcbarcelonanoticias.com\/en\/wp-content\/uploads\/sites\/2\/2024\/11\/inigo-martinez-lewandowski.jpeg","width":1250,"height":730},{"@type":"BreadcrumbList","@id":"https:\/\/www.fcbarcelonanoticias.com\/en\/transfers\/deco-meets-with-the-agent-of-barcelona-veteran-to-speed-up-his-renewal_308588_102.html#breadcrumb","itemListElement":[{"@type":"ListItem","position":1,"name":"Portada","item":"https:\/\/www.fcbarcelonanoticias.com\/en\/"},{"@type":"ListItem","position":2,"name":"Deco meets with the agent of a Barcelona veteran&#8230; to speed up his renewal?"}]},{"@type":"WebSite","@id":"https:\/\/www.fcbarcelonanoticias.com\/en\/#website","url":"https:\/\/www.fcbarcelonanoticias.com\/en\/","name":"EN - FC Barcelona Noticias","description":"","potentialAction":[{"@type":"SearchAction","target":{"@type":"EntryPoint","urlTemplate":"https:\/\/www.fcbarcelonanoticias.com\/en\/?s={search_term_string}"},"query-input":{"@type":"PropertyValueSpecification","valueRequired":true,"valueName":"search_term_string"}}],"inLanguage":"en-US"},{"@type":"Person","@id":"https:\/\/www.fcbarcelonanoticias.com\/en\/#\/schema\/person\/88d756918a0a1ae9fa593b5edddd1815","name":"Juan Pablo Berdugo","image":{"@type":"ImageObject","inLanguage":"en-US","@id":"https:\/\/secure.gravatar.com\/avatar\/?s=96&d=mm&r=g","url":"https:\/\/secure.gravatar.com\/avatar\/?s=96&d=mm&r=g","contentUrl":"https:\/\/secure.gravatar.com\/avatar\/?s=96&d=mm&r=g","caption":"Juan Pablo Berdugo"},"description":"Juan Pablo Berdugo es graduado en Periodismo. Colabora con FCBN como especialista en informaci\u00f3n del primer equipo del FC Barcelona, f\u00fatbol internacional y mercado de fichajes. Destaca por su enfoque anal\u00edtico, su rigor informativo y su capacidad para detectar tendencias emergentes en el f\u00fatbol global.","url":"https:\/\/www.fcbarcelonanoticias.com\/en\/fc-barcelona\/juan-pablo-berdugo_18_115.html"}]}},"_links":{"self":[{"href":"https:\/\/www.fcbarcelonanoticias.com\/en\/wp-json\/wp\/v2\/posts\/100043","targetHints":{"allow":["GET"]}}],"collection":[{"href":"https:\/\/www.fcbarcelonanoticias.com\/en\/wp-json\/wp\/v2\/posts"}],"about":[{"href":"https:\/\/www.fcbarcelonanoticias.com\/en\/wp-json\/wp\/v2\/types\/post"}],"author":[{"embeddable":true,"href":"https:\/\/www.fcbarcelonanoticias.com\/en\/wp-json\/wp\/v2\/users\/358"}],"replies":[{"embeddable":true,"href":"https:\/\/www.fcbarcelonanoticias.com\/en\/wp-json\/wp\/v2\/comments?post=100043"}],"version-history":[{"count":1,"href":"https:\/\/www.fcbarcelonanoticias.com\/en\/wp-json\/wp\/v2\/posts\/100043\/revisions"}],"predecessor-version":[{"id":128203,"href":"https:\/\/www.fcbarcelonanoticias.com\/en\/wp-json\/wp\/v2\/posts\/100043\/revisions\/128203"}],"wp:featuredmedia":[{"embeddable":true,"href":"https:\/\/www.fcbarcelonanoticias.com\/en\/wp-json\/wp\/v2\/media\/100050"}],"wp:attachment":[{"href":"https:\/\/www.fcbarcelonanoticias.com\/en\/wp-json\/wp\/v2\/media?parent=100043"}],"wp:term":[{"taxonomy":"category","embeddable":true,"href":"https:\/\/www.fcbarcelonanoticias.com\/en\/wp-json\/wp\/v2\/categories?post=100043"},{"taxonomy":"post_tag","embeddable":true,"href":"https:\/\/www.fcbarcelonanoticias.com\/en\/wp-json\/wp\/v2\/tags?post=100043"}],"curies":[{"name":"wp","href":"https:\/\/api.w.org\/{rel}","templated":true}]}}