{"id":100072,"date":"2022-09-07T18:09:00","date_gmt":"2022-09-07T16:09:00","guid":{"rendered":"https:\/\/weisetech.dev\/fc-barcelona-noticias\/en\/official-miralem-pjanic-completes-his-stage-in-barcelona-will-play-in-sharjah-fc_284063_102\/"},"modified":"2022-09-07T19:51:00","modified_gmt":"2022-09-07T17:51:00","slug":"official-miralem-pjanic-completes-his-stage-in-barcelona-will-play-in-sharjah-fc_284063_102","status":"publish","type":"post","link":"https:\/\/www.fcbarcelonanoticias.com\/en\/transfers\/official-miralem-pjanic-completes-his-stage-in-barcelona-will-play-in-sharjah-fc_284063_102.html","title":{"rendered":"OFFICIAL: Pjanic ends his time at Bar\u00e7a to play for Sharjah"},"content":{"rendered":"<h2 class=\"wp-block-heading\">Miralem Pjanic and Sharjah FC have reached an agreement for the Bosnian to join the ranks of the Arabian side from this season. Thus, the midfielder ends his time at Bar\u00e7a, where he arrived in the summer of 2020<\/h2>  \r\n<div class=\"article-addons\">\r\n    <a href=\"https:\/\/www.fcbarcelonanoticias.com\/en\/calendar-fc-barcelona.html\"\r\n       target=\"_self\"\r\n       title=\"Calendar of FC Barcelona\"\r\n       class=\"blue-gredient-btn\">\r\n       \r\n        Calendar of FC Barcelona    <\/a>\r\n<\/div>   <p>The future of <a data-external=\"0\" data-intl-links-en=\"https:\/\/www.fcbarcelonanoticias.com\/en\/tags\/miralem-pjanic\" data-intl-links-es=\"https:\/\/www.fcbarcelonanoticias.com\/tags\/miralem-pjanic\" href=\"https:\/\/www.fcbarcelonanoticias.com\/en\/tags\/miralem-pjanic.html\" rel=\"follow\" target=\"_self\" title=\"Miralem Pjanic\">Miralem Pjanic<\/a> finally is resolved. After several weeks in which the informations regarding his destination did not cease, the footballer decided to abandon the rows of the <a data-external=\"0\" data-intl-links-en=\"https:\/\/www.fcbarcelonanoticias.com\/en\/fc-barcelona\" data-intl-links-es=\"https:\/\/www.fcbarcelonanoticias.com\/fc-barcelona\" href=\"https:\/\/www.fcbarcelonanoticias.com\/en\/football-soccer\/fc-barcelona.html\" rel=\"follow\" target=\"_self\" title=\"FC Barcelona\">FC Barcelona<\/a> to put course to the Arab Emirates Joined. In territory ar\u00e1bigo expects him the Sharjah FC, those who wanted to take advantage of the present of the bosnio in the Barcelona entity to do with his services,<strong> aim that achieved when offering him an agreement of two seasons with option to extention whose details desconocen, although the figure would be sustanciosa<\/strong>.<\/p>  <p>Like this it confirmed it the new team of the Balkan through a communiqu\u00e9 in his account of Twitter. &#8220;The star Pjanic joins to the castle for you. <strong>We greet the incorporation of the international bosnio Miralem Pjani\u0107 (32 years) to our pertinent team of the Barcelona in a traspaso free of two years of agreement with option to extention<\/strong>&#8220;, went the message of the entity published in the social network.<\/p>  <p>Of this way, the Balkan puts him end to his stage in the City Condal after paper in the institution have given a &#8216;twist&#8217; unexpected. And it is that the situation of the bosnio in the entity gave a &#8216;volantazo&#8217; surprise in turns it American. <strong>The mediocampista was during all the past campaign in the list of descartes of Xavi Hern\u00e1ndez<\/strong>. The trainer did not consider to the of Tuzla in his planning for the campaign 2022-2023 and everything aimed to that the player would be one of the first in going out during this summer to lighten the mass salarial and open him hollow to the new signings.<\/p>  <p>However, and decided to show him to the technician of Terrassa that has the necessary to form part of his staff, Pjanic insisted in remaining in the team, at least, during all the pre-season in research to win a place in the rotation of the trainer cul\u00e9. And the &#8216;bet&#8217; went out him very well. <strong>The good performance showed by the ex of the Juventus in the parties of preparation impressed to all and sundry<\/strong>, especially inside the staff technical of the club, reason whereby decided to keep to Miralem in the square this year.<\/p>  <p>In spite of this, the start of this new campaign has been especially complicated for the mediocampista, the one who did not contest neither an alone minute in the first four days of LaLiga Santander. When all aimed to that Miralem would have his first big opportunity in the crash in front of the Real Sociedad, Xavi opted by Frenkie of Jong. For this reason, the footballer took the determination to change of &#8216;airs&#8217; in research of minutes and regularity, <strong>by what arrived to an agreement with the Bar\u00e7a to terminate his agreement and play in the UAE Pro<\/strong>League .<\/p>  <h3>It did not fulfil the expectations<\/h3>  <p>The stay of Pjanic in the Spotify Camp Nou was far to fulfil what expected with his arrival. The footballer never could win a place in the teams of Ronald Koeman and Xavi Hern\u00e1ndez, reason whereby was yielded to the Besiktas. With the &#8216;eagles&#8217;, the mediocampista contested 26 parties in which only it gave 4 assistances, being very punished by the injuries. In his turn to the club grieve contested some minutes in the pre-season, <strong>abandoning of definite way the City Condal with only 30 parties in his back, without goals neither assistances<\/strong>. Now, Miralem will look for &#8216;renacer&#8217; in the rows of the Sharjah FC.<\/p> ","protected":false},"excerpt":{"rendered":"<p>Miralem Pjanic and Sharjah FC have reached an agreement for the Bosnian to join the ranks of the Arabian side from this season. Thus, the midfielder ends his time at Bar\u00e7a, where he arrived in the summer of 2020 The future of Miralem Pjanic finally is resolved. After several weeks in which the informations regarding [&hellip;]<\/p>\n","protected":false},"author":358,"featured_media":100074,"comment_status":"closed","ping_status":"open","sticky":false,"template":"","format":"standard","meta":{"_acf_changed":false,"inline_featured_image":false,"_nextfly_llmd_date_locked":false,"footnotes":""},"categories":[449,106],"tags":[326],"class_list":["post-100072","post","type-post","status-publish","format-standard","has-post-thumbnail","hentry","category-transfers-2","category-transfers","tag-miralem-pjanic"],"acf":[],"yoast_head":"<!-- This site is optimized with the Yoast SEO plugin v27.3 - https:\/\/yoast.com\/product\/yoast-seo-wordpress\/ -->\n<title>OFFICIAL: Pjanic ends his time at Bar\u00e7a to play for Sharjah<\/title>\n<meta name=\"description\" content=\"Miralem Pjanic And the Sharjah FC have arrived to an agreement so that the bosnio one to the rows of the group ar\u00e1bigo from this season. Like this then , the m...\" \/>\n<meta name=\"robots\" content=\"index, follow, max-snippet:-1, max-image-preview:large, max-video-preview:-1\" \/>\n<link rel=\"canonical\" href=\"https:\/\/www.fcbarcelonanoticias.com\/en\/transfers\/official-miralem-pjanic-completes-his-stage-in-barcelona-will-play-in-sharjah-fc_284063_102.html\" \/>\n<meta property=\"og:locale\" content=\"en_US\" \/>\n<meta property=\"og:type\" content=\"article\" \/>\n<meta property=\"og:title\" content=\"OFFICIAL: Pjanic ends his time at Bar\u00e7a to play for Sharjah\" \/>\n<meta property=\"og:description\" content=\"Miralem Pjanic And the Sharjah FC have arrived to an agreement so that the bosnio one to the rows of the group ar\u00e1bigo from this season. Like this then , the m...\" \/>\n<meta property=\"og:url\" content=\"https:\/\/www.fcbarcelonanoticias.com\/en\/transfers\/official-miralem-pjanic-completes-his-stage-in-barcelona-will-play-in-sharjah-fc_284063_102.html\" \/>\n<meta property=\"og:site_name\" content=\"EN - FC Barcelona Noticias\" \/>\n<meta property=\"article:published_time\" content=\"2022-09-07T16:09:00+00:00\" \/>\n<meta property=\"article:modified_time\" content=\"2022-09-07T17:51:00+00:00\" \/>\n<meta property=\"og:image\" content=\"https:\/\/www.fcbarcelonanoticias.com\/en\/wp-content\/uploads\/sites\/2\/2022\/09\/mira-pjanic-barcelona.jpeg\" \/>\n\t<meta property=\"og:image:width\" content=\"1300\" \/>\n\t<meta property=\"og:image:height\" content=\"735\" \/>\n\t<meta property=\"og:image:type\" content=\"image\/jpeg\" \/>\n<meta name=\"author\" content=\"Juan Pablo Berdugo\" \/>\n<meta name=\"twitter:card\" content=\"summary_large_image\" \/>\n<meta name=\"twitter:label1\" content=\"Written by\" \/>\n\t<meta name=\"twitter:data1\" content=\"Juan Pablo Berdugo\" \/>\n\t<meta name=\"twitter:label2\" content=\"Est. reading time\" \/>\n\t<meta name=\"twitter:data2\" content=\"3 minutes\" \/>\n<script type=\"application\/ld+json\" class=\"yoast-schema-graph\">{\"@context\":\"https:\\\/\\\/schema.org\",\"@graph\":[{\"@type\":\"Article\",\"@id\":\"https:\\\/\\\/www.fcbarcelonanoticias.com\\\/en\\\/transfers\\\/official-miralem-pjanic-completes-his-stage-in-barcelona-will-play-in-sharjah-fc_284063_102.html#article\",\"isPartOf\":{\"@id\":\"https:\\\/\\\/www.fcbarcelonanoticias.com\\\/en\\\/transfers\\\/official-miralem-pjanic-completes-his-stage-in-barcelona-will-play-in-sharjah-fc_284063_102.html\"},\"author\":{\"name\":\"Juan Pablo Berdugo\",\"@id\":\"https:\\\/\\\/www.fcbarcelonanoticias.com\\\/en\\\/#\\\/schema\\\/person\\\/88d756918a0a1ae9fa593b5edddd1815\"},\"headline\":\"OFFICIAL: Pjanic ends his time at Bar\u00e7a to play for Sharjah\",\"datePublished\":\"2022-09-07T16:09:00+00:00\",\"dateModified\":\"2022-09-07T17:51:00+00:00\",\"mainEntityOfPage\":{\"@id\":\"https:\\\/\\\/www.fcbarcelonanoticias.com\\\/en\\\/transfers\\\/official-miralem-pjanic-completes-his-stage-in-barcelona-will-play-in-sharjah-fc_284063_102.html\"},\"wordCount\":630,\"image\":{\"@id\":\"https:\\\/\\\/www.fcbarcelonanoticias.com\\\/en\\\/transfers\\\/official-miralem-pjanic-completes-his-stage-in-barcelona-will-play-in-sharjah-fc_284063_102.html#primaryimage\"},\"thumbnailUrl\":\"https:\\\/\\\/www.fcbarcelonanoticias.com\\\/en\\\/wp-content\\\/uploads\\\/sites\\\/2\\\/2022\\\/09\\\/mira-pjanic-barcelona.jpeg\",\"keywords\":[\"Miralem Pjanic\"],\"articleSection\":[\"Transfers\",\"Transfers\"],\"inLanguage\":\"en-US\"},{\"@type\":\"WebPage\",\"@id\":\"https:\\\/\\\/www.fcbarcelonanoticias.com\\\/en\\\/transfers\\\/official-miralem-pjanic-completes-his-stage-in-barcelona-will-play-in-sharjah-fc_284063_102.html\",\"url\":\"https:\\\/\\\/www.fcbarcelonanoticias.com\\\/en\\\/transfers\\\/official-miralem-pjanic-completes-his-stage-in-barcelona-will-play-in-sharjah-fc_284063_102.html\",\"name\":\"OFFICIAL: Pjanic ends his time at Bar\u00e7a to play for Sharjah\",\"isPartOf\":{\"@id\":\"https:\\\/\\\/www.fcbarcelonanoticias.com\\\/en\\\/#website\"},\"primaryImageOfPage\":{\"@id\":\"https:\\\/\\\/www.fcbarcelonanoticias.com\\\/en\\\/transfers\\\/official-miralem-pjanic-completes-his-stage-in-barcelona-will-play-in-sharjah-fc_284063_102.html#primaryimage\"},\"image\":{\"@id\":\"https:\\\/\\\/www.fcbarcelonanoticias.com\\\/en\\\/transfers\\\/official-miralem-pjanic-completes-his-stage-in-barcelona-will-play-in-sharjah-fc_284063_102.html#primaryimage\"},\"thumbnailUrl\":\"https:\\\/\\\/www.fcbarcelonanoticias.com\\\/en\\\/wp-content\\\/uploads\\\/sites\\\/2\\\/2022\\\/09\\\/mira-pjanic-barcelona.jpeg\",\"datePublished\":\"2022-09-07T16:09:00+00:00\",\"dateModified\":\"2022-09-07T17:51:00+00:00\",\"author\":{\"@id\":\"https:\\\/\\\/www.fcbarcelonanoticias.com\\\/en\\\/#\\\/schema\\\/person\\\/88d756918a0a1ae9fa593b5edddd1815\"},\"description\":\"Miralem Pjanic And the Sharjah FC have arrived to an agreement so that the bosnio one to the rows of the group ar\u00e1bigo from this season. Like this then , the m...\",\"breadcrumb\":{\"@id\":\"https:\\\/\\\/www.fcbarcelonanoticias.com\\\/en\\\/transfers\\\/official-miralem-pjanic-completes-his-stage-in-barcelona-will-play-in-sharjah-fc_284063_102.html#breadcrumb\"},\"inLanguage\":\"en-US\",\"potentialAction\":[{\"@type\":\"ReadAction\",\"target\":[\"https:\\\/\\\/www.fcbarcelonanoticias.com\\\/en\\\/transfers\\\/official-miralem-pjanic-completes-his-stage-in-barcelona-will-play-in-sharjah-fc_284063_102.html\"]}]},{\"@type\":\"ImageObject\",\"inLanguage\":\"en-US\",\"@id\":\"https:\\\/\\\/www.fcbarcelonanoticias.com\\\/en\\\/transfers\\\/official-miralem-pjanic-completes-his-stage-in-barcelona-will-play-in-sharjah-fc_284063_102.html#primaryimage\",\"url\":\"https:\\\/\\\/www.fcbarcelonanoticias.com\\\/en\\\/wp-content\\\/uploads\\\/sites\\\/2\\\/2022\\\/09\\\/mira-pjanic-barcelona.jpeg\",\"contentUrl\":\"https:\\\/\\\/www.fcbarcelonanoticias.com\\\/en\\\/wp-content\\\/uploads\\\/sites\\\/2\\\/2022\\\/09\\\/mira-pjanic-barcelona.jpeg\",\"width\":1300,\"height\":735},{\"@type\":\"BreadcrumbList\",\"@id\":\"https:\\\/\\\/www.fcbarcelonanoticias.com\\\/en\\\/transfers\\\/official-miralem-pjanic-completes-his-stage-in-barcelona-will-play-in-sharjah-fc_284063_102.html#breadcrumb\",\"itemListElement\":[{\"@type\":\"ListItem\",\"position\":1,\"name\":\"Portada\",\"item\":\"https:\\\/\\\/www.fcbarcelonanoticias.com\\\/en\\\/\"},{\"@type\":\"ListItem\",\"position\":2,\"name\":\"OFFICIAL: Pjanic ends his time at Bar\u00e7a to play for Sharjah\"}]},{\"@type\":\"WebSite\",\"@id\":\"https:\\\/\\\/www.fcbarcelonanoticias.com\\\/en\\\/#website\",\"url\":\"https:\\\/\\\/www.fcbarcelonanoticias.com\\\/en\\\/\",\"name\":\"EN - FC Barcelona Noticias\",\"description\":\"\",\"potentialAction\":[{\"@type\":\"SearchAction\",\"target\":{\"@type\":\"EntryPoint\",\"urlTemplate\":\"https:\\\/\\\/www.fcbarcelonanoticias.com\\\/en\\\/?s={search_term_string}\"},\"query-input\":{\"@type\":\"PropertyValueSpecification\",\"valueRequired\":true,\"valueName\":\"search_term_string\"}}],\"inLanguage\":\"en-US\"},{\"@type\":\"Person\",\"@id\":\"https:\\\/\\\/www.fcbarcelonanoticias.com\\\/en\\\/#\\\/schema\\\/person\\\/88d756918a0a1ae9fa593b5edddd1815\",\"name\":\"Juan Pablo Berdugo\",\"image\":{\"@type\":\"ImageObject\",\"inLanguage\":\"en-US\",\"@id\":\"https:\\\/\\\/secure.gravatar.com\\\/avatar\\\/?s=96&d=mm&r=g\",\"url\":\"https:\\\/\\\/secure.gravatar.com\\\/avatar\\\/?s=96&d=mm&r=g\",\"contentUrl\":\"https:\\\/\\\/secure.gravatar.com\\\/avatar\\\/?s=96&d=mm&r=g\",\"caption\":\"Juan Pablo Berdugo\"},\"description\":\"Juan Pablo Berdugo es graduado en Periodismo. Colabora con FCBN como especialista en informaci\u00f3n del primer equipo del FC Barcelona, f\u00fatbol internacional y mercado de fichajes. Destaca por su enfoque anal\u00edtico, su rigor informativo y su capacidad para detectar tendencias emergentes en el f\u00fatbol global.\",\"url\":\"https:\\\/\\\/www.fcbarcelonanoticias.com\\\/en\\\/fc-barcelona\\\/juan-pablo-berdugo_18_115.html\"}]}<\/script>\n<!-- \/ Yoast SEO plugin. -->","yoast_head_json":{"title":"OFFICIAL: Pjanic ends his time at Bar\u00e7a to play for Sharjah","description":"Miralem Pjanic And the Sharjah FC have arrived to an agreement so that the bosnio one to the rows of the group ar\u00e1bigo from this season. Like this then , the m...","robots":{"index":"index","follow":"follow","max-snippet":"max-snippet:-1","max-image-preview":"max-image-preview:large","max-video-preview":"max-video-preview:-1"},"canonical":"https:\/\/www.fcbarcelonanoticias.com\/en\/transfers\/official-miralem-pjanic-completes-his-stage-in-barcelona-will-play-in-sharjah-fc_284063_102.html","og_locale":"en_US","og_type":"article","og_title":"OFFICIAL: Pjanic ends his time at Bar\u00e7a to play for Sharjah","og_description":"Miralem Pjanic And the Sharjah FC have arrived to an agreement so that the bosnio one to the rows of the group ar\u00e1bigo from this season. Like this then , the m...","og_url":"https:\/\/www.fcbarcelonanoticias.com\/en\/transfers\/official-miralem-pjanic-completes-his-stage-in-barcelona-will-play-in-sharjah-fc_284063_102.html","og_site_name":"EN - FC Barcelona Noticias","article_published_time":"2022-09-07T16:09:00+00:00","article_modified_time":"2022-09-07T17:51:00+00:00","og_image":[{"width":1300,"height":735,"url":"https:\/\/www.fcbarcelonanoticias.com\/en\/wp-content\/uploads\/sites\/2\/2022\/09\/mira-pjanic-barcelona.jpeg","type":"image\/jpeg"}],"author":"Juan Pablo Berdugo","twitter_card":"summary_large_image","twitter_misc":{"Written by":"Juan Pablo Berdugo","Est. reading time":"3 minutes"},"schema":{"@context":"https:\/\/schema.org","@graph":[{"@type":"Article","@id":"https:\/\/www.fcbarcelonanoticias.com\/en\/transfers\/official-miralem-pjanic-completes-his-stage-in-barcelona-will-play-in-sharjah-fc_284063_102.html#article","isPartOf":{"@id":"https:\/\/www.fcbarcelonanoticias.com\/en\/transfers\/official-miralem-pjanic-completes-his-stage-in-barcelona-will-play-in-sharjah-fc_284063_102.html"},"author":{"name":"Juan Pablo Berdugo","@id":"https:\/\/www.fcbarcelonanoticias.com\/en\/#\/schema\/person\/88d756918a0a1ae9fa593b5edddd1815"},"headline":"OFFICIAL: Pjanic ends his time at Bar\u00e7a to play for Sharjah","datePublished":"2022-09-07T16:09:00+00:00","dateModified":"2022-09-07T17:51:00+00:00","mainEntityOfPage":{"@id":"https:\/\/www.fcbarcelonanoticias.com\/en\/transfers\/official-miralem-pjanic-completes-his-stage-in-barcelona-will-play-in-sharjah-fc_284063_102.html"},"wordCount":630,"image":{"@id":"https:\/\/www.fcbarcelonanoticias.com\/en\/transfers\/official-miralem-pjanic-completes-his-stage-in-barcelona-will-play-in-sharjah-fc_284063_102.html#primaryimage"},"thumbnailUrl":"https:\/\/www.fcbarcelonanoticias.com\/en\/wp-content\/uploads\/sites\/2\/2022\/09\/mira-pjanic-barcelona.jpeg","keywords":["Miralem Pjanic"],"articleSection":["Transfers","Transfers"],"inLanguage":"en-US"},{"@type":"WebPage","@id":"https:\/\/www.fcbarcelonanoticias.com\/en\/transfers\/official-miralem-pjanic-completes-his-stage-in-barcelona-will-play-in-sharjah-fc_284063_102.html","url":"https:\/\/www.fcbarcelonanoticias.com\/en\/transfers\/official-miralem-pjanic-completes-his-stage-in-barcelona-will-play-in-sharjah-fc_284063_102.html","name":"OFFICIAL: Pjanic ends his time at Bar\u00e7a to play for Sharjah","isPartOf":{"@id":"https:\/\/www.fcbarcelonanoticias.com\/en\/#website"},"primaryImageOfPage":{"@id":"https:\/\/www.fcbarcelonanoticias.com\/en\/transfers\/official-miralem-pjanic-completes-his-stage-in-barcelona-will-play-in-sharjah-fc_284063_102.html#primaryimage"},"image":{"@id":"https:\/\/www.fcbarcelonanoticias.com\/en\/transfers\/official-miralem-pjanic-completes-his-stage-in-barcelona-will-play-in-sharjah-fc_284063_102.html#primaryimage"},"thumbnailUrl":"https:\/\/www.fcbarcelonanoticias.com\/en\/wp-content\/uploads\/sites\/2\/2022\/09\/mira-pjanic-barcelona.jpeg","datePublished":"2022-09-07T16:09:00+00:00","dateModified":"2022-09-07T17:51:00+00:00","author":{"@id":"https:\/\/www.fcbarcelonanoticias.com\/en\/#\/schema\/person\/88d756918a0a1ae9fa593b5edddd1815"},"description":"Miralem Pjanic And the Sharjah FC have arrived to an agreement so that the bosnio one to the rows of the group ar\u00e1bigo from this season. Like this then , the m...","breadcrumb":{"@id":"https:\/\/www.fcbarcelonanoticias.com\/en\/transfers\/official-miralem-pjanic-completes-his-stage-in-barcelona-will-play-in-sharjah-fc_284063_102.html#breadcrumb"},"inLanguage":"en-US","potentialAction":[{"@type":"ReadAction","target":["https:\/\/www.fcbarcelonanoticias.com\/en\/transfers\/official-miralem-pjanic-completes-his-stage-in-barcelona-will-play-in-sharjah-fc_284063_102.html"]}]},{"@type":"ImageObject","inLanguage":"en-US","@id":"https:\/\/www.fcbarcelonanoticias.com\/en\/transfers\/official-miralem-pjanic-completes-his-stage-in-barcelona-will-play-in-sharjah-fc_284063_102.html#primaryimage","url":"https:\/\/www.fcbarcelonanoticias.com\/en\/wp-content\/uploads\/sites\/2\/2022\/09\/mira-pjanic-barcelona.jpeg","contentUrl":"https:\/\/www.fcbarcelonanoticias.com\/en\/wp-content\/uploads\/sites\/2\/2022\/09\/mira-pjanic-barcelona.jpeg","width":1300,"height":735},{"@type":"BreadcrumbList","@id":"https:\/\/www.fcbarcelonanoticias.com\/en\/transfers\/official-miralem-pjanic-completes-his-stage-in-barcelona-will-play-in-sharjah-fc_284063_102.html#breadcrumb","itemListElement":[{"@type":"ListItem","position":1,"name":"Portada","item":"https:\/\/www.fcbarcelonanoticias.com\/en\/"},{"@type":"ListItem","position":2,"name":"OFFICIAL: Pjanic ends his time at Bar\u00e7a to play for Sharjah"}]},{"@type":"WebSite","@id":"https:\/\/www.fcbarcelonanoticias.com\/en\/#website","url":"https:\/\/www.fcbarcelonanoticias.com\/en\/","name":"EN - FC Barcelona Noticias","description":"","potentialAction":[{"@type":"SearchAction","target":{"@type":"EntryPoint","urlTemplate":"https:\/\/www.fcbarcelonanoticias.com\/en\/?s={search_term_string}"},"query-input":{"@type":"PropertyValueSpecification","valueRequired":true,"valueName":"search_term_string"}}],"inLanguage":"en-US"},{"@type":"Person","@id":"https:\/\/www.fcbarcelonanoticias.com\/en\/#\/schema\/person\/88d756918a0a1ae9fa593b5edddd1815","name":"Juan Pablo Berdugo","image":{"@type":"ImageObject","inLanguage":"en-US","@id":"https:\/\/secure.gravatar.com\/avatar\/?s=96&d=mm&r=g","url":"https:\/\/secure.gravatar.com\/avatar\/?s=96&d=mm&r=g","contentUrl":"https:\/\/secure.gravatar.com\/avatar\/?s=96&d=mm&r=g","caption":"Juan Pablo Berdugo"},"description":"Juan Pablo Berdugo es graduado en Periodismo. Colabora con FCBN como especialista en informaci\u00f3n del primer equipo del FC Barcelona, f\u00fatbol internacional y mercado de fichajes. Destaca por su enfoque anal\u00edtico, su rigor informativo y su capacidad para detectar tendencias emergentes en el f\u00fatbol global.","url":"https:\/\/www.fcbarcelonanoticias.com\/en\/fc-barcelona\/juan-pablo-berdugo_18_115.html"}]}},"_links":{"self":[{"href":"https:\/\/www.fcbarcelonanoticias.com\/en\/wp-json\/wp\/v2\/posts\/100072","targetHints":{"allow":["GET"]}}],"collection":[{"href":"https:\/\/www.fcbarcelonanoticias.com\/en\/wp-json\/wp\/v2\/posts"}],"about":[{"href":"https:\/\/www.fcbarcelonanoticias.com\/en\/wp-json\/wp\/v2\/types\/post"}],"author":[{"embeddable":true,"href":"https:\/\/www.fcbarcelonanoticias.com\/en\/wp-json\/wp\/v2\/users\/358"}],"replies":[{"embeddable":true,"href":"https:\/\/www.fcbarcelonanoticias.com\/en\/wp-json\/wp\/v2\/comments?post=100072"}],"version-history":[{"count":1,"href":"https:\/\/www.fcbarcelonanoticias.com\/en\/wp-json\/wp\/v2\/posts\/100072\/revisions"}],"predecessor-version":[{"id":132188,"href":"https:\/\/www.fcbarcelonanoticias.com\/en\/wp-json\/wp\/v2\/posts\/100072\/revisions\/132188"}],"wp:featuredmedia":[{"embeddable":true,"href":"https:\/\/www.fcbarcelonanoticias.com\/en\/wp-json\/wp\/v2\/media\/100074"}],"wp:attachment":[{"href":"https:\/\/www.fcbarcelonanoticias.com\/en\/wp-json\/wp\/v2\/media?parent=100072"}],"wp:term":[{"taxonomy":"category","embeddable":true,"href":"https:\/\/www.fcbarcelonanoticias.com\/en\/wp-json\/wp\/v2\/categories?post=100072"},{"taxonomy":"post_tag","embeddable":true,"href":"https:\/\/www.fcbarcelonanoticias.com\/en\/wp-json\/wp\/v2\/tags?post=100072"}],"curies":[{"name":"wp","href":"https:\/\/api.w.org\/{rel}","templated":true}]}}