{"id":103775,"date":"2024-07-17T17:56:00","date_gmt":"2024-07-17T15:56:00","guid":{"rendered":"https:\/\/weisetech.dev\/fc-barcelona-noticias\/en\/hansi-flick-puts-haste-to-the-fc-barcelona-with-pablo-tower_305539_102\/"},"modified":"2024-07-17T18:13:00","modified_gmt":"2024-07-17T16:13:00","slug":"hansi-flick-puts-haste-to-the-fc-barcelona-with-pablo-tower_305539_102","status":"publish","type":"post","link":"https:\/\/www.fcbarcelonanoticias.com\/en\/fc-barcelona\/hansi-flick-puts-haste-to-the-fc-barcelona-with-pablo-tower_305539_102.html","title":{"rendered":"Hansi Flick rushes FC Barcelona with Pablo Torre"},"content":{"rendered":"<h2 class=\"wp-block-heading\">Pablo Torre suffered a fracture of the fifth metacarpal of his left hand in training last Tuesday. The player will undergo an express operation and will be part of the tour of the United States at Flick&#8217;s request<\/h2>  \r\n<div class=\"article-addons\">\r\n    <a href=\"https:\/\/www.fcbarcelonanoticias.com\/en\/calendar-fc-barcelona.html\"\r\n       target=\"_self\"\r\n       title=\"Calendar of FC Barcelona\"\r\n       class=\"blue-gredient-btn\">\r\n       \r\n        Calendar of FC Barcelona    <\/a>\r\n<\/div>   <p>Pablo Tower &#8216;play&#8217; his continuity in the FC Barcelona during this pre-season. However, <a data-external=\"0\" data-intl-links-en=\"https:\/\/www.fcbarcelonanoticias.com\/en\/fc-barcelona\/new-ko-cule-the-fc-barcelona-confirms-the-injury-of-pablo-tower_305507_102.html\" data-intl-links-es=\"https:\/\/www.fcbarcelonanoticias.com\/fc-barcelona\/nuevo-ko-cule-fc-barcelona-confirma-lesion-pablo-torre_305507_102.html\" href=\"https:\/\/www.fcbarcelonanoticias.com\/en\/fc-barcelona\/new-ko-cule-the-fc-barcelona-confirms-the-injury-of-pablo-tower_305507_102.html\" rel=\"follow\" target=\"_self\" title=\"\u00a1Nuevo 'KO' cul\u00e9! El FC Barcelona confirma la lesi\u00f3n de Pablo Torre\">the Cantabrian received a small &#8216;varapalo&#8217; in his intentions when suffering a fracture of the fifth metacarpial in the training of the past Tuesday<\/a>, which will force him to go through the operating theatre. In principle, <strong>the injury would not be grave neither will prevent him form part of the expedition blaugrana that will put course to United States the next 28 July<\/strong>.<\/p>  <p><strong>The midfield player initiated with very good foot the pre-season, calling the attention of Hansi Flick for the following campaign<\/strong>. Sources of the Barcelona entity informed to &#8216;SPORT&#8217; that after the intervention, Tower will have to keep rest by 4-5 days to avoid that the wound infect owing to the sweat, reincorpor\u00e1ndose paulatinamente to the dynamics of the first team after surpassing this term.<\/p>  <p>The idea of the Catalan club is that Pablo this to 100% physically for turns it North American, <a data-external=\"0\" data-intl-links-en=\"https:\/\/www.fcbarcelonanoticias.com\/en\/fc-barcelona\/pablo-torre-will-fight-for-his-continuity-in-fc-barcelona-season-24-25_304973_102.html\" data-intl-links-es=\"https:\/\/www.fcbarcelonanoticias.com\/fc-barcelona\/pablo-torre-luchara-por-su-continuidad-en-fc-barcelona-temporada-24-25_304973_102.html\" href=\"https:\/\/www.fcbarcelonanoticias.com\/en\/fc-barcelona\/pablo-torre-will-fight-for-his-continuity-in-fc-barcelona-season-24-25_304973_102.html\" rel=\"follow\" target=\"_self\" title=\"Pablo Torre luchar\u00e1 por su continuidad en el FC Barcelona para la temporada 24\/25\">where so much he like other footballers will play a place in the staff of the new Barcelona trainer<\/a>. <strong>The operation will carry out next Thursday and will be in hands of the doctor Xavi Mir<\/strong>. Until this day, the mediocentro will exercise individually to keep the form without suffering some brush with his mates.<\/p>  <h2>Flick Will evaluate him in United States<\/h2>  <p>Once they land in North American floor,<strong> the midfield player will be under the focus of Flick, that was one of which more insisted in making the intervention of the player what before to have he during the periplo of the square cul\u00e9 in United States<\/strong>. Tower will have the opportunity to show his cost in the three friendly that will contest the club in Nortem\u00e9rica, where will have minutes by part of the technical Teutonic to test that it can be of utility for the team the next season.<\/p> ","protected":false},"excerpt":{"rendered":"<p>Pablo Torre suffered a fracture of the fifth metacarpal of his left hand in training last Tuesday. The player will undergo an express operation and will be part of the tour of the United States at Flick&#8217;s request Pablo Tower &#8216;play&#8217; his continuity in the FC Barcelona during this pre-season. However, the Cantabrian received a [&hellip;]<\/p>\n","protected":false},"author":358,"featured_media":103795,"comment_status":"closed","ping_status":"open","sticky":false,"template":"","format":"standard","meta":{"_acf_changed":false,"inline_featured_image":false,"_nextfly_llmd_date_locked":false,"footnotes":""},"categories":[111],"tags":[87,136],"class_list":["post-103775","post","type-post","status-publish","format-standard","has-post-thumbnail","hentry","category-fc-barcelona","tag-hansi-flick","tag-injured"],"acf":[],"yoast_head":"<!-- This site is optimized with the Yoast SEO plugin v27.3 - https:\/\/yoast.com\/product\/yoast-seo-wordpress\/ -->\n<title>Hansi Flick Puts haste to the FC Barcelona with Pablo Tower<\/title>\n<meta name=\"description\" content=\"Pablo Tower suffered a fracture of the fifth metacarpial of the left hand in the training of the past Tuesday. The player will be subjected to an operation expr\u00e9s and will form part of turns it by the United States on request of Flick\" \/>\n<meta name=\"robots\" content=\"index, follow, max-snippet:-1, max-image-preview:large, max-video-preview:-1\" \/>\n<link rel=\"canonical\" href=\"https:\/\/www.fcbarcelonanoticias.com\/en\/fc-barcelona\/hansi-flick-puts-haste-to-the-fc-barcelona-with-pablo-tower_305539_102.html\" \/>\n<meta property=\"og:locale\" content=\"en_US\" \/>\n<meta property=\"og:type\" content=\"article\" \/>\n<meta property=\"og:title\" content=\"Hansi Flick Puts haste to the FC Barcelona with Pablo Tower\" \/>\n<meta property=\"og:description\" content=\"Pablo Tower suffered a fracture of the fifth metacarpial of the left hand in the training of the past Tuesday. The player will be subjected to an operation expr\u00e9s and will form part of turns it by the United States on request of Flick\" \/>\n<meta property=\"og:url\" content=\"https:\/\/www.fcbarcelonanoticias.com\/en\/fc-barcelona\/hansi-flick-puts-haste-to-the-fc-barcelona-with-pablo-tower_305539_102.html\" \/>\n<meta property=\"og:site_name\" content=\"EN - FC Barcelona Noticias\" \/>\n<meta property=\"article:published_time\" content=\"2024-07-17T15:56:00+00:00\" \/>\n<meta property=\"article:modified_time\" content=\"2024-07-17T16:13:00+00:00\" \/>\n<meta property=\"og:image\" content=\"https:\/\/www.fcbarcelonanoticias.com\/en\/wp-content\/uploads\/sites\/2\/2024\/07\/pablo-torre-en-el-duelo-entre-la-real-sociedad-y-el-girona-cf-1.png\" \/>\n\t<meta property=\"og:image:width\" content=\"1300\" \/>\n\t<meta property=\"og:image:height\" content=\"732\" \/>\n\t<meta property=\"og:image:type\" content=\"image\/png\" \/>\n<meta name=\"author\" content=\"Juan Pablo Berdugo\" \/>\n<meta name=\"twitter:card\" content=\"summary_large_image\" \/>\n<meta name=\"twitter:label1\" content=\"Written by\" \/>\n\t<meta name=\"twitter:data1\" content=\"Juan Pablo Berdugo\" \/>\n\t<meta name=\"twitter:label2\" content=\"Est. reading time\" \/>\n\t<meta name=\"twitter:data2\" content=\"2 minutes\" \/>\n<script type=\"application\/ld+json\" class=\"yoast-schema-graph\">{\"@context\":\"https:\\\/\\\/schema.org\",\"@graph\":[{\"@type\":\"Article\",\"@id\":\"https:\\\/\\\/www.fcbarcelonanoticias.com\\\/en\\\/fc-barcelona\\\/hansi-flick-puts-haste-to-the-fc-barcelona-with-pablo-tower_305539_102.html#article\",\"isPartOf\":{\"@id\":\"https:\\\/\\\/www.fcbarcelonanoticias.com\\\/en\\\/fc-barcelona\\\/hansi-flick-puts-haste-to-the-fc-barcelona-with-pablo-tower_305539_102.html\"},\"author\":{\"name\":\"Juan Pablo Berdugo\",\"@id\":\"https:\\\/\\\/www.fcbarcelonanoticias.com\\\/en\\\/#\\\/schema\\\/person\\\/88d756918a0a1ae9fa593b5edddd1815\"},\"headline\":\"Hansi Flick rushes FC Barcelona with Pablo Torre\",\"datePublished\":\"2024-07-17T15:56:00+00:00\",\"dateModified\":\"2024-07-17T16:13:00+00:00\",\"mainEntityOfPage\":{\"@id\":\"https:\\\/\\\/www.fcbarcelonanoticias.com\\\/en\\\/fc-barcelona\\\/hansi-flick-puts-haste-to-the-fc-barcelona-with-pablo-tower_305539_102.html\"},\"wordCount\":357,\"image\":{\"@id\":\"https:\\\/\\\/www.fcbarcelonanoticias.com\\\/en\\\/fc-barcelona\\\/hansi-flick-puts-haste-to-the-fc-barcelona-with-pablo-tower_305539_102.html#primaryimage\"},\"thumbnailUrl\":\"https:\\\/\\\/www.fcbarcelonanoticias.com\\\/en\\\/wp-content\\\/uploads\\\/sites\\\/2\\\/2024\\\/07\\\/pablo-torre-en-el-duelo-entre-la-real-sociedad-y-el-girona-cf-1.png\",\"keywords\":[\"Hansi Flick\",\"injured\"],\"articleSection\":[\"FC Barcelona\"],\"inLanguage\":\"en-US\"},{\"@type\":\"WebPage\",\"@id\":\"https:\\\/\\\/www.fcbarcelonanoticias.com\\\/en\\\/fc-barcelona\\\/hansi-flick-puts-haste-to-the-fc-barcelona-with-pablo-tower_305539_102.html\",\"url\":\"https:\\\/\\\/www.fcbarcelonanoticias.com\\\/en\\\/fc-barcelona\\\/hansi-flick-puts-haste-to-the-fc-barcelona-with-pablo-tower_305539_102.html\",\"name\":\"Hansi Flick Puts haste to the FC Barcelona with Pablo Tower\",\"isPartOf\":{\"@id\":\"https:\\\/\\\/www.fcbarcelonanoticias.com\\\/en\\\/#website\"},\"primaryImageOfPage\":{\"@id\":\"https:\\\/\\\/www.fcbarcelonanoticias.com\\\/en\\\/fc-barcelona\\\/hansi-flick-puts-haste-to-the-fc-barcelona-with-pablo-tower_305539_102.html#primaryimage\"},\"image\":{\"@id\":\"https:\\\/\\\/www.fcbarcelonanoticias.com\\\/en\\\/fc-barcelona\\\/hansi-flick-puts-haste-to-the-fc-barcelona-with-pablo-tower_305539_102.html#primaryimage\"},\"thumbnailUrl\":\"https:\\\/\\\/www.fcbarcelonanoticias.com\\\/en\\\/wp-content\\\/uploads\\\/sites\\\/2\\\/2024\\\/07\\\/pablo-torre-en-el-duelo-entre-la-real-sociedad-y-el-girona-cf-1.png\",\"datePublished\":\"2024-07-17T15:56:00+00:00\",\"dateModified\":\"2024-07-17T16:13:00+00:00\",\"author\":{\"@id\":\"https:\\\/\\\/www.fcbarcelonanoticias.com\\\/en\\\/#\\\/schema\\\/person\\\/88d756918a0a1ae9fa593b5edddd1815\"},\"description\":\"Pablo Tower suffered a fracture of the fifth metacarpial of the left hand in the training of the past Tuesday. The player will be subjected to an operation expr\u00e9s and will form part of turns it by the United States on request of Flick\",\"breadcrumb\":{\"@id\":\"https:\\\/\\\/www.fcbarcelonanoticias.com\\\/en\\\/fc-barcelona\\\/hansi-flick-puts-haste-to-the-fc-barcelona-with-pablo-tower_305539_102.html#breadcrumb\"},\"inLanguage\":\"en-US\",\"potentialAction\":[{\"@type\":\"ReadAction\",\"target\":[\"https:\\\/\\\/www.fcbarcelonanoticias.com\\\/en\\\/fc-barcelona\\\/hansi-flick-puts-haste-to-the-fc-barcelona-with-pablo-tower_305539_102.html\"]}]},{\"@type\":\"ImageObject\",\"inLanguage\":\"en-US\",\"@id\":\"https:\\\/\\\/www.fcbarcelonanoticias.com\\\/en\\\/fc-barcelona\\\/hansi-flick-puts-haste-to-the-fc-barcelona-with-pablo-tower_305539_102.html#primaryimage\",\"url\":\"https:\\\/\\\/www.fcbarcelonanoticias.com\\\/en\\\/wp-content\\\/uploads\\\/sites\\\/2\\\/2024\\\/07\\\/pablo-torre-en-el-duelo-entre-la-real-sociedad-y-el-girona-cf-1.png\",\"contentUrl\":\"https:\\\/\\\/www.fcbarcelonanoticias.com\\\/en\\\/wp-content\\\/uploads\\\/sites\\\/2\\\/2024\\\/07\\\/pablo-torre-en-el-duelo-entre-la-real-sociedad-y-el-girona-cf-1.png\",\"width\":1300,\"height\":732},{\"@type\":\"BreadcrumbList\",\"@id\":\"https:\\\/\\\/www.fcbarcelonanoticias.com\\\/en\\\/fc-barcelona\\\/hansi-flick-puts-haste-to-the-fc-barcelona-with-pablo-tower_305539_102.html#breadcrumb\",\"itemListElement\":[{\"@type\":\"ListItem\",\"position\":1,\"name\":\"Portada\",\"item\":\"https:\\\/\\\/www.fcbarcelonanoticias.com\\\/en\\\/\"},{\"@type\":\"ListItem\",\"position\":2,\"name\":\"Hansi Flick rushes FC Barcelona with Pablo Torre\"}]},{\"@type\":\"WebSite\",\"@id\":\"https:\\\/\\\/www.fcbarcelonanoticias.com\\\/en\\\/#website\",\"url\":\"https:\\\/\\\/www.fcbarcelonanoticias.com\\\/en\\\/\",\"name\":\"EN - FC Barcelona Noticias\",\"description\":\"\",\"potentialAction\":[{\"@type\":\"SearchAction\",\"target\":{\"@type\":\"EntryPoint\",\"urlTemplate\":\"https:\\\/\\\/www.fcbarcelonanoticias.com\\\/en\\\/?s={search_term_string}\"},\"query-input\":{\"@type\":\"PropertyValueSpecification\",\"valueRequired\":true,\"valueName\":\"search_term_string\"}}],\"inLanguage\":\"en-US\"},{\"@type\":\"Person\",\"@id\":\"https:\\\/\\\/www.fcbarcelonanoticias.com\\\/en\\\/#\\\/schema\\\/person\\\/88d756918a0a1ae9fa593b5edddd1815\",\"name\":\"Juan Pablo Berdugo\",\"image\":{\"@type\":\"ImageObject\",\"inLanguage\":\"en-US\",\"@id\":\"https:\\\/\\\/secure.gravatar.com\\\/avatar\\\/?s=96&d=mm&r=g\",\"url\":\"https:\\\/\\\/secure.gravatar.com\\\/avatar\\\/?s=96&d=mm&r=g\",\"contentUrl\":\"https:\\\/\\\/secure.gravatar.com\\\/avatar\\\/?s=96&d=mm&r=g\",\"caption\":\"Juan Pablo Berdugo\"},\"description\":\"Juan Pablo Berdugo es graduado en Periodismo. Colabora con FCBN como especialista en informaci\u00f3n del primer equipo del FC Barcelona, f\u00fatbol internacional y mercado de fichajes. Destaca por su enfoque anal\u00edtico, su rigor informativo y su capacidad para detectar tendencias emergentes en el f\u00fatbol global.\",\"url\":\"https:\\\/\\\/www.fcbarcelonanoticias.com\\\/en\\\/fc-barcelona\\\/juan-pablo-berdugo_18_115.html\"}]}<\/script>\n<!-- \/ Yoast SEO plugin. -->","yoast_head_json":{"title":"Hansi Flick Puts haste to the FC Barcelona with Pablo Tower","description":"Pablo Tower suffered a fracture of the fifth metacarpial of the left hand in the training of the past Tuesday. The player will be subjected to an operation expr\u00e9s and will form part of turns it by the United States on request of Flick","robots":{"index":"index","follow":"follow","max-snippet":"max-snippet:-1","max-image-preview":"max-image-preview:large","max-video-preview":"max-video-preview:-1"},"canonical":"https:\/\/www.fcbarcelonanoticias.com\/en\/fc-barcelona\/hansi-flick-puts-haste-to-the-fc-barcelona-with-pablo-tower_305539_102.html","og_locale":"en_US","og_type":"article","og_title":"Hansi Flick Puts haste to the FC Barcelona with Pablo Tower","og_description":"Pablo Tower suffered a fracture of the fifth metacarpial of the left hand in the training of the past Tuesday. The player will be subjected to an operation expr\u00e9s and will form part of turns it by the United States on request of Flick","og_url":"https:\/\/www.fcbarcelonanoticias.com\/en\/fc-barcelona\/hansi-flick-puts-haste-to-the-fc-barcelona-with-pablo-tower_305539_102.html","og_site_name":"EN - FC Barcelona Noticias","article_published_time":"2024-07-17T15:56:00+00:00","article_modified_time":"2024-07-17T16:13:00+00:00","og_image":[{"width":1300,"height":732,"url":"https:\/\/www.fcbarcelonanoticias.com\/en\/wp-content\/uploads\/sites\/2\/2024\/07\/pablo-torre-en-el-duelo-entre-la-real-sociedad-y-el-girona-cf-1.png","type":"image\/png"}],"author":"Juan Pablo Berdugo","twitter_card":"summary_large_image","twitter_misc":{"Written by":"Juan Pablo Berdugo","Est. reading time":"2 minutes"},"schema":{"@context":"https:\/\/schema.org","@graph":[{"@type":"Article","@id":"https:\/\/www.fcbarcelonanoticias.com\/en\/fc-barcelona\/hansi-flick-puts-haste-to-the-fc-barcelona-with-pablo-tower_305539_102.html#article","isPartOf":{"@id":"https:\/\/www.fcbarcelonanoticias.com\/en\/fc-barcelona\/hansi-flick-puts-haste-to-the-fc-barcelona-with-pablo-tower_305539_102.html"},"author":{"name":"Juan Pablo Berdugo","@id":"https:\/\/www.fcbarcelonanoticias.com\/en\/#\/schema\/person\/88d756918a0a1ae9fa593b5edddd1815"},"headline":"Hansi Flick rushes FC Barcelona with Pablo Torre","datePublished":"2024-07-17T15:56:00+00:00","dateModified":"2024-07-17T16:13:00+00:00","mainEntityOfPage":{"@id":"https:\/\/www.fcbarcelonanoticias.com\/en\/fc-barcelona\/hansi-flick-puts-haste-to-the-fc-barcelona-with-pablo-tower_305539_102.html"},"wordCount":357,"image":{"@id":"https:\/\/www.fcbarcelonanoticias.com\/en\/fc-barcelona\/hansi-flick-puts-haste-to-the-fc-barcelona-with-pablo-tower_305539_102.html#primaryimage"},"thumbnailUrl":"https:\/\/www.fcbarcelonanoticias.com\/en\/wp-content\/uploads\/sites\/2\/2024\/07\/pablo-torre-en-el-duelo-entre-la-real-sociedad-y-el-girona-cf-1.png","keywords":["Hansi Flick","injured"],"articleSection":["FC Barcelona"],"inLanguage":"en-US"},{"@type":"WebPage","@id":"https:\/\/www.fcbarcelonanoticias.com\/en\/fc-barcelona\/hansi-flick-puts-haste-to-the-fc-barcelona-with-pablo-tower_305539_102.html","url":"https:\/\/www.fcbarcelonanoticias.com\/en\/fc-barcelona\/hansi-flick-puts-haste-to-the-fc-barcelona-with-pablo-tower_305539_102.html","name":"Hansi Flick Puts haste to the FC Barcelona with Pablo Tower","isPartOf":{"@id":"https:\/\/www.fcbarcelonanoticias.com\/en\/#website"},"primaryImageOfPage":{"@id":"https:\/\/www.fcbarcelonanoticias.com\/en\/fc-barcelona\/hansi-flick-puts-haste-to-the-fc-barcelona-with-pablo-tower_305539_102.html#primaryimage"},"image":{"@id":"https:\/\/www.fcbarcelonanoticias.com\/en\/fc-barcelona\/hansi-flick-puts-haste-to-the-fc-barcelona-with-pablo-tower_305539_102.html#primaryimage"},"thumbnailUrl":"https:\/\/www.fcbarcelonanoticias.com\/en\/wp-content\/uploads\/sites\/2\/2024\/07\/pablo-torre-en-el-duelo-entre-la-real-sociedad-y-el-girona-cf-1.png","datePublished":"2024-07-17T15:56:00+00:00","dateModified":"2024-07-17T16:13:00+00:00","author":{"@id":"https:\/\/www.fcbarcelonanoticias.com\/en\/#\/schema\/person\/88d756918a0a1ae9fa593b5edddd1815"},"description":"Pablo Tower suffered a fracture of the fifth metacarpial of the left hand in the training of the past Tuesday. The player will be subjected to an operation expr\u00e9s and will form part of turns it by the United States on request of Flick","breadcrumb":{"@id":"https:\/\/www.fcbarcelonanoticias.com\/en\/fc-barcelona\/hansi-flick-puts-haste-to-the-fc-barcelona-with-pablo-tower_305539_102.html#breadcrumb"},"inLanguage":"en-US","potentialAction":[{"@type":"ReadAction","target":["https:\/\/www.fcbarcelonanoticias.com\/en\/fc-barcelona\/hansi-flick-puts-haste-to-the-fc-barcelona-with-pablo-tower_305539_102.html"]}]},{"@type":"ImageObject","inLanguage":"en-US","@id":"https:\/\/www.fcbarcelonanoticias.com\/en\/fc-barcelona\/hansi-flick-puts-haste-to-the-fc-barcelona-with-pablo-tower_305539_102.html#primaryimage","url":"https:\/\/www.fcbarcelonanoticias.com\/en\/wp-content\/uploads\/sites\/2\/2024\/07\/pablo-torre-en-el-duelo-entre-la-real-sociedad-y-el-girona-cf-1.png","contentUrl":"https:\/\/www.fcbarcelonanoticias.com\/en\/wp-content\/uploads\/sites\/2\/2024\/07\/pablo-torre-en-el-duelo-entre-la-real-sociedad-y-el-girona-cf-1.png","width":1300,"height":732},{"@type":"BreadcrumbList","@id":"https:\/\/www.fcbarcelonanoticias.com\/en\/fc-barcelona\/hansi-flick-puts-haste-to-the-fc-barcelona-with-pablo-tower_305539_102.html#breadcrumb","itemListElement":[{"@type":"ListItem","position":1,"name":"Portada","item":"https:\/\/www.fcbarcelonanoticias.com\/en\/"},{"@type":"ListItem","position":2,"name":"Hansi Flick rushes FC Barcelona with Pablo Torre"}]},{"@type":"WebSite","@id":"https:\/\/www.fcbarcelonanoticias.com\/en\/#website","url":"https:\/\/www.fcbarcelonanoticias.com\/en\/","name":"EN - FC Barcelona Noticias","description":"","potentialAction":[{"@type":"SearchAction","target":{"@type":"EntryPoint","urlTemplate":"https:\/\/www.fcbarcelonanoticias.com\/en\/?s={search_term_string}"},"query-input":{"@type":"PropertyValueSpecification","valueRequired":true,"valueName":"search_term_string"}}],"inLanguage":"en-US"},{"@type":"Person","@id":"https:\/\/www.fcbarcelonanoticias.com\/en\/#\/schema\/person\/88d756918a0a1ae9fa593b5edddd1815","name":"Juan Pablo Berdugo","image":{"@type":"ImageObject","inLanguage":"en-US","@id":"https:\/\/secure.gravatar.com\/avatar\/?s=96&d=mm&r=g","url":"https:\/\/secure.gravatar.com\/avatar\/?s=96&d=mm&r=g","contentUrl":"https:\/\/secure.gravatar.com\/avatar\/?s=96&d=mm&r=g","caption":"Juan Pablo Berdugo"},"description":"Juan Pablo Berdugo es graduado en Periodismo. Colabora con FCBN como especialista en informaci\u00f3n del primer equipo del FC Barcelona, f\u00fatbol internacional y mercado de fichajes. Destaca por su enfoque anal\u00edtico, su rigor informativo y su capacidad para detectar tendencias emergentes en el f\u00fatbol global.","url":"https:\/\/www.fcbarcelonanoticias.com\/en\/fc-barcelona\/juan-pablo-berdugo_18_115.html"}]}},"_links":{"self":[{"href":"https:\/\/www.fcbarcelonanoticias.com\/en\/wp-json\/wp\/v2\/posts\/103775","targetHints":{"allow":["GET"]}}],"collection":[{"href":"https:\/\/www.fcbarcelonanoticias.com\/en\/wp-json\/wp\/v2\/posts"}],"about":[{"href":"https:\/\/www.fcbarcelonanoticias.com\/en\/wp-json\/wp\/v2\/types\/post"}],"author":[{"embeddable":true,"href":"https:\/\/www.fcbarcelonanoticias.com\/en\/wp-json\/wp\/v2\/users\/358"}],"replies":[{"embeddable":true,"href":"https:\/\/www.fcbarcelonanoticias.com\/en\/wp-json\/wp\/v2\/comments?post=103775"}],"version-history":[{"count":1,"href":"https:\/\/www.fcbarcelonanoticias.com\/en\/wp-json\/wp\/v2\/posts\/103775\/revisions"}],"predecessor-version":[{"id":147592,"href":"https:\/\/www.fcbarcelonanoticias.com\/en\/wp-json\/wp\/v2\/posts\/103775\/revisions\/147592"}],"wp:featuredmedia":[{"embeddable":true,"href":"https:\/\/www.fcbarcelonanoticias.com\/en\/wp-json\/wp\/v2\/media\/103795"}],"wp:attachment":[{"href":"https:\/\/www.fcbarcelonanoticias.com\/en\/wp-json\/wp\/v2\/media?parent=103775"}],"wp:term":[{"taxonomy":"category","embeddable":true,"href":"https:\/\/www.fcbarcelonanoticias.com\/en\/wp-json\/wp\/v2\/categories?post=103775"},{"taxonomy":"post_tag","embeddable":true,"href":"https:\/\/www.fcbarcelonanoticias.com\/en\/wp-json\/wp\/v2\/tags?post=103775"}],"curies":[{"name":"wp","href":"https:\/\/api.w.org\/{rel}","templated":true}]}}