{"id":104224,"date":"2024-08-23T22:39:00","date_gmt":"2024-08-23T20:39:00","guid":{"rendered":"https:\/\/weisetech.dev\/fc-barcelona-noticias\/en\/blow-to-barca-planning-serious-injury-and-goodbye-to-possible-million-dollar-sale_306727_102\/"},"modified":"2024-08-24T01:54:00","modified_gmt":"2024-08-23T23:54:00","slug":"blow-to-barca-planning-serious-injury-and-goodbye-to-possible-million-dollar-sale_306727_102","status":"publish","type":"post","link":"https:\/\/www.fcbarcelonanoticias.com\/en\/fc-barcelona\/blow-to-barca-planning-serious-injury-and-goodbye-to-possible-million-dollar-sale_306727_102.html","title":{"rendered":"&#8216;Blow&#8217; to Bar\u00e7a&#8217;s planning! Serious injury and goodbye to a possible million-dollar sale"},"content":{"rendered":"<h2 class=\"wp-block-heading\">Andreas Christensen has suffered an Achilles tendon injury and will be out for at least a month. Bar\u00e7a are thus left with one less option for the centre of defence and his possible departure from the club is ruled out<\/h2>  \r\n<div class=\"article-addons\">\r\n    <a href=\"https:\/\/www.fcbarcelonanoticias.com\/en\/calendar-fc-barcelona.html\"\r\n       target=\"_self\"\r\n       title=\"Calendar of FC Barcelona\"\r\n       class=\"blue-gredient-btn\">\r\n       \r\n        Calendar of FC Barcelona    <\/a>\r\n<\/div>   <p>FC Barcelona&#8217;s planning has suffered a difficult setback this Friday, August 23. <strong>The problems with the Achilles tendon that Andreas Christensen has been suffering since last season have worsened and the Dane will have to undergo treatment to solve them. His recovery process will keep him off the pitch for between one and two months<\/strong>, thus representing a sensitive loss for Hansi Flick.<\/p>  <p><a data-external=\"0\" data-intl-links-en=\"https:\/\/www.fcbarcelonanoticias.com\/en\/transfers\/possible-low-key-in-fc-barcelona-play-athletic_306708_102.html\" data-intl-links-es=\"https:\/\/www.fcbarcelonanoticias.com\/fichajes\/posible-baja-clave-en-fc-barcelona-jugar-athletic_306708_102.html\" href=\"https:\/\/www.fcbarcelonanoticias.com\/en\/transfers\/possible-low-key-in-fc-barcelona-play-athletic_306708_102.html\" rel=\"follow\" target=\"_self\" title=\"Possible key loss at FC Barcelona to play against Athletic\">The defender was one of the big absentees in the last training session of the Bar\u00e7a squad before receiving Athletic Club<\/a> this Saturday in Montju\u00efc. <strong>The German coach spoke about the matter and was blunt in stating that the defender did not train with his teammates because he had physical problems and that since he was not at his best he could not count on him<\/strong>, thus confirming his absence for the clash against the Bilbao team and the following league matches.<\/p>  <p>Thus, during his time in the Catalan club&#8217;s infirmary, Christensen will miss several matches,<strong> starting with the league opener against Athletic Bilbao. The Denmark international will also be unavailable for the next two matches against Rayo Vallecano and Valladolid<\/strong>, and will then take advantage of the two weeks of the first international break in September to return to the first team.<\/p>  <p>After this month out, Andreas is expected to be available against Getafe or Osasuna, matches that will take place at the end of September. In this way, <a data-external=\"0\" data-intl-links-en=\"https:\/\/www.fcbarcelonanoticias.com\/en\/transfers\/the-surprise-exit-that-could-happen-at-fc-barcelona-in-the-final-stretch-of-the-transfer-market_306658_102.html\" data-intl-links-es=\"https:\/\/www.fcbarcelonanoticias.com\/fichajes\/salida-sorpresa-podria-haber-en-fc-barcelona-en-recta-final-mercado_306658_102.html\" href=\"https:\/\/www.fcbarcelonanoticias.com\/en\/transfers\/the-surprise-exit-that-could-happen-at-fc-barcelona-in-the-final-stretch-of-the-transfer-market_306658_102.html\" rel=\"follow\" target=\"_self\" title=\"The surprise exit that could happen at FC Barcelona in the final stretch of the transfer market\">the possible departure of the footballer from Barcelona is completely ruled out<\/a>. Although Flick is counting on him, <strong>Bar\u00e7a considered his transfer as an emergency option in the face of economic problems since the player has a market and they could get a good &#8216;cut&#8217; from his sale<\/strong>. However, his injury removes any probability of him being transferred, which is why the centre-back will face his third season as a cul\u00e9.<\/p>  <h2>Problems in the centre of defence<\/h2>  <p>With Christensen out, Lenglet on loan to Atl\u00e9tico de Madrid and Ronald Ara\u00fajo&#8217;s long-term injury, whose return is expected at the end of this year or the beginning of next year, <strong>Bar\u00e7a &#8216;only&#8217; have Pau Cubars\u00ed, I\u00f1igo Mart\u00ednez and Eric Garc\u00eda to cover the centre of defence<\/strong>. Jules Kound\u00e9 could also return to his natural position if necessary, although this scenario is complicated since, at the moment, the Frenchman does not have a reliable replacement. Flick has a new &#8216;headache&#8217;.<\/p> ","protected":false},"excerpt":{"rendered":"<p>Andreas Christensen has suffered an Achilles tendon injury and will be out for at least a month. Bar\u00e7a are thus left with one less option for the centre of defence and his possible departure from the club is ruled out FC Barcelona&#8217;s planning has suffered a difficult setback this Friday, August 23. The problems with [&hellip;]<\/p>\n","protected":false},"author":358,"featured_media":104235,"comment_status":"closed","ping_status":"open","sticky":false,"template":"","format":"standard","meta":{"_acf_changed":false,"inline_featured_image":false,"_nextfly_llmd_date_locked":false,"footnotes":""},"categories":[111],"tags":[],"class_list":["post-104224","post","type-post","status-publish","format-standard","has-post-thumbnail","hentry","category-fc-barcelona"],"acf":[],"yoast_head":"<!-- This site is optimized with the Yoast SEO plugin v27.3 - https:\/\/yoast.com\/product\/yoast-seo-wordpress\/ -->\n<title>&#039;Blow&#039; to Bar\u00e7a&#039;s planning! Serious injury and goodbye to a possible million-dollar sale<\/title>\n<meta name=\"description\" content=\"Andreas Christensen has suffered an Achilles tendon injury and will be out for at least a month. Bar\u00e7a are thus left with one less option for the centre of defence and his possible departure from the club is ruled out\" \/>\n<meta name=\"robots\" content=\"index, follow, max-snippet:-1, max-image-preview:large, max-video-preview:-1\" \/>\n<link rel=\"canonical\" href=\"https:\/\/www.fcbarcelonanoticias.com\/en\/fc-barcelona\/blow-to-barca-planning-serious-injury-and-goodbye-to-possible-million-dollar-sale_306727_102.html\" \/>\n<meta property=\"og:locale\" content=\"en_US\" \/>\n<meta property=\"og:type\" content=\"article\" \/>\n<meta property=\"og:title\" content=\"&#039;Blow&#039; to Bar\u00e7a&#039;s planning! Serious injury and goodbye to a possible million-dollar sale\" \/>\n<meta property=\"og:description\" content=\"Andreas Christensen has suffered an Achilles tendon injury and will be out for at least a month. Bar\u00e7a are thus left with one less option for the centre of defence and his possible departure from the club is ruled out\" \/>\n<meta property=\"og:url\" content=\"https:\/\/www.fcbarcelonanoticias.com\/en\/fc-barcelona\/blow-to-barca-planning-serious-injury-and-goodbye-to-possible-million-dollar-sale_306727_102.html\" \/>\n<meta property=\"og:site_name\" content=\"EN - FC Barcelona Noticias\" \/>\n<meta property=\"article:published_time\" content=\"2024-08-23T20:39:00+00:00\" \/>\n<meta property=\"article:modified_time\" content=\"2024-08-23T23:54:00+00:00\" \/>\n<meta property=\"og:image\" content=\"https:\/\/www.fcbarcelonanoticias.com\/en\/wp-content\/uploads\/sites\/2\/2024\/08\/ferran-christensen-y-pedri-entrenando-con-el-barca-1.jpeg\" \/>\n\t<meta property=\"og:image:width\" content=\"1300\" \/>\n\t<meta property=\"og:image:height\" content=\"732\" \/>\n\t<meta property=\"og:image:type\" content=\"image\/jpeg\" \/>\n<meta name=\"author\" content=\"Juan Pablo Berdugo\" \/>\n<meta name=\"twitter:card\" content=\"summary_large_image\" \/>\n<meta name=\"twitter:label1\" content=\"Written by\" \/>\n\t<meta name=\"twitter:data1\" content=\"Juan Pablo Berdugo\" \/>\n\t<meta name=\"twitter:label2\" content=\"Est. reading time\" \/>\n\t<meta name=\"twitter:data2\" content=\"2 minutes\" \/>\n<script type=\"application\/ld+json\" class=\"yoast-schema-graph\">{\"@context\":\"https:\\\/\\\/schema.org\",\"@graph\":[{\"@type\":\"Article\",\"@id\":\"https:\\\/\\\/www.fcbarcelonanoticias.com\\\/en\\\/fc-barcelona\\\/blow-to-barca-planning-serious-injury-and-goodbye-to-possible-million-dollar-sale_306727_102.html#article\",\"isPartOf\":{\"@id\":\"https:\\\/\\\/www.fcbarcelonanoticias.com\\\/en\\\/fc-barcelona\\\/blow-to-barca-planning-serious-injury-and-goodbye-to-possible-million-dollar-sale_306727_102.html\"},\"author\":{\"name\":\"Juan Pablo Berdugo\",\"@id\":\"https:\\\/\\\/www.fcbarcelonanoticias.com\\\/en\\\/#\\\/schema\\\/person\\\/88d756918a0a1ae9fa593b5edddd1815\"},\"headline\":\"&#8216;Blow&#8217; to Bar\u00e7a&#8217;s planning! Serious injury and goodbye to a possible million-dollar sale\",\"datePublished\":\"2024-08-23T20:39:00+00:00\",\"dateModified\":\"2024-08-23T23:54:00+00:00\",\"mainEntityOfPage\":{\"@id\":\"https:\\\/\\\/www.fcbarcelonanoticias.com\\\/en\\\/fc-barcelona\\\/blow-to-barca-planning-serious-injury-and-goodbye-to-possible-million-dollar-sale_306727_102.html\"},\"wordCount\":457,\"image\":{\"@id\":\"https:\\\/\\\/www.fcbarcelonanoticias.com\\\/en\\\/fc-barcelona\\\/blow-to-barca-planning-serious-injury-and-goodbye-to-possible-million-dollar-sale_306727_102.html#primaryimage\"},\"thumbnailUrl\":\"https:\\\/\\\/www.fcbarcelonanoticias.com\\\/en\\\/wp-content\\\/uploads\\\/sites\\\/2\\\/2024\\\/08\\\/ferran-christensen-y-pedri-entrenando-con-el-barca-1.jpeg\",\"articleSection\":[\"FC Barcelona\"],\"inLanguage\":\"en-US\"},{\"@type\":\"WebPage\",\"@id\":\"https:\\\/\\\/www.fcbarcelonanoticias.com\\\/en\\\/fc-barcelona\\\/blow-to-barca-planning-serious-injury-and-goodbye-to-possible-million-dollar-sale_306727_102.html\",\"url\":\"https:\\\/\\\/www.fcbarcelonanoticias.com\\\/en\\\/fc-barcelona\\\/blow-to-barca-planning-serious-injury-and-goodbye-to-possible-million-dollar-sale_306727_102.html\",\"name\":\"'Blow' to Bar\u00e7a's planning! Serious injury and goodbye to a possible million-dollar sale\",\"isPartOf\":{\"@id\":\"https:\\\/\\\/www.fcbarcelonanoticias.com\\\/en\\\/#website\"},\"primaryImageOfPage\":{\"@id\":\"https:\\\/\\\/www.fcbarcelonanoticias.com\\\/en\\\/fc-barcelona\\\/blow-to-barca-planning-serious-injury-and-goodbye-to-possible-million-dollar-sale_306727_102.html#primaryimage\"},\"image\":{\"@id\":\"https:\\\/\\\/www.fcbarcelonanoticias.com\\\/en\\\/fc-barcelona\\\/blow-to-barca-planning-serious-injury-and-goodbye-to-possible-million-dollar-sale_306727_102.html#primaryimage\"},\"thumbnailUrl\":\"https:\\\/\\\/www.fcbarcelonanoticias.com\\\/en\\\/wp-content\\\/uploads\\\/sites\\\/2\\\/2024\\\/08\\\/ferran-christensen-y-pedri-entrenando-con-el-barca-1.jpeg\",\"datePublished\":\"2024-08-23T20:39:00+00:00\",\"dateModified\":\"2024-08-23T23:54:00+00:00\",\"author\":{\"@id\":\"https:\\\/\\\/www.fcbarcelonanoticias.com\\\/en\\\/#\\\/schema\\\/person\\\/88d756918a0a1ae9fa593b5edddd1815\"},\"description\":\"Andreas Christensen has suffered an Achilles tendon injury and will be out for at least a month. Bar\u00e7a are thus left with one less option for the centre of defence and his possible departure from the club is ruled out\",\"breadcrumb\":{\"@id\":\"https:\\\/\\\/www.fcbarcelonanoticias.com\\\/en\\\/fc-barcelona\\\/blow-to-barca-planning-serious-injury-and-goodbye-to-possible-million-dollar-sale_306727_102.html#breadcrumb\"},\"inLanguage\":\"en-US\",\"potentialAction\":[{\"@type\":\"ReadAction\",\"target\":[\"https:\\\/\\\/www.fcbarcelonanoticias.com\\\/en\\\/fc-barcelona\\\/blow-to-barca-planning-serious-injury-and-goodbye-to-possible-million-dollar-sale_306727_102.html\"]}]},{\"@type\":\"ImageObject\",\"inLanguage\":\"en-US\",\"@id\":\"https:\\\/\\\/www.fcbarcelonanoticias.com\\\/en\\\/fc-barcelona\\\/blow-to-barca-planning-serious-injury-and-goodbye-to-possible-million-dollar-sale_306727_102.html#primaryimage\",\"url\":\"https:\\\/\\\/www.fcbarcelonanoticias.com\\\/en\\\/wp-content\\\/uploads\\\/sites\\\/2\\\/2024\\\/08\\\/ferran-christensen-y-pedri-entrenando-con-el-barca-1.jpeg\",\"contentUrl\":\"https:\\\/\\\/www.fcbarcelonanoticias.com\\\/en\\\/wp-content\\\/uploads\\\/sites\\\/2\\\/2024\\\/08\\\/ferran-christensen-y-pedri-entrenando-con-el-barca-1.jpeg\",\"width\":1300,\"height\":732},{\"@type\":\"BreadcrumbList\",\"@id\":\"https:\\\/\\\/www.fcbarcelonanoticias.com\\\/en\\\/fc-barcelona\\\/blow-to-barca-planning-serious-injury-and-goodbye-to-possible-million-dollar-sale_306727_102.html#breadcrumb\",\"itemListElement\":[{\"@type\":\"ListItem\",\"position\":1,\"name\":\"Portada\",\"item\":\"https:\\\/\\\/www.fcbarcelonanoticias.com\\\/en\\\/\"},{\"@type\":\"ListItem\",\"position\":2,\"name\":\"&#8216;Blow&#8217; to Bar\u00e7a&#8217;s planning! Serious injury and goodbye to a possible million-dollar sale\"}]},{\"@type\":\"WebSite\",\"@id\":\"https:\\\/\\\/www.fcbarcelonanoticias.com\\\/en\\\/#website\",\"url\":\"https:\\\/\\\/www.fcbarcelonanoticias.com\\\/en\\\/\",\"name\":\"EN - FC Barcelona Noticias\",\"description\":\"\",\"potentialAction\":[{\"@type\":\"SearchAction\",\"target\":{\"@type\":\"EntryPoint\",\"urlTemplate\":\"https:\\\/\\\/www.fcbarcelonanoticias.com\\\/en\\\/?s={search_term_string}\"},\"query-input\":{\"@type\":\"PropertyValueSpecification\",\"valueRequired\":true,\"valueName\":\"search_term_string\"}}],\"inLanguage\":\"en-US\"},{\"@type\":\"Person\",\"@id\":\"https:\\\/\\\/www.fcbarcelonanoticias.com\\\/en\\\/#\\\/schema\\\/person\\\/88d756918a0a1ae9fa593b5edddd1815\",\"name\":\"Juan Pablo Berdugo\",\"image\":{\"@type\":\"ImageObject\",\"inLanguage\":\"en-US\",\"@id\":\"https:\\\/\\\/secure.gravatar.com\\\/avatar\\\/?s=96&d=mm&r=g\",\"url\":\"https:\\\/\\\/secure.gravatar.com\\\/avatar\\\/?s=96&d=mm&r=g\",\"contentUrl\":\"https:\\\/\\\/secure.gravatar.com\\\/avatar\\\/?s=96&d=mm&r=g\",\"caption\":\"Juan Pablo Berdugo\"},\"description\":\"Juan Pablo Berdugo es graduado en Periodismo. Colabora con FCBN como especialista en informaci\u00f3n del primer equipo del FC Barcelona, f\u00fatbol internacional y mercado de fichajes. Destaca por su enfoque anal\u00edtico, su rigor informativo y su capacidad para detectar tendencias emergentes en el f\u00fatbol global.\",\"url\":\"https:\\\/\\\/www.fcbarcelonanoticias.com\\\/en\\\/fc-barcelona\\\/juan-pablo-berdugo_18_115.html\"}]}<\/script>\n<!-- \/ Yoast SEO plugin. -->","yoast_head_json":{"title":"'Blow' to Bar\u00e7a's planning! Serious injury and goodbye to a possible million-dollar sale","description":"Andreas Christensen has suffered an Achilles tendon injury and will be out for at least a month. Bar\u00e7a are thus left with one less option for the centre of defence and his possible departure from the club is ruled out","robots":{"index":"index","follow":"follow","max-snippet":"max-snippet:-1","max-image-preview":"max-image-preview:large","max-video-preview":"max-video-preview:-1"},"canonical":"https:\/\/www.fcbarcelonanoticias.com\/en\/fc-barcelona\/blow-to-barca-planning-serious-injury-and-goodbye-to-possible-million-dollar-sale_306727_102.html","og_locale":"en_US","og_type":"article","og_title":"'Blow' to Bar\u00e7a's planning! Serious injury and goodbye to a possible million-dollar sale","og_description":"Andreas Christensen has suffered an Achilles tendon injury and will be out for at least a month. Bar\u00e7a are thus left with one less option for the centre of defence and his possible departure from the club is ruled out","og_url":"https:\/\/www.fcbarcelonanoticias.com\/en\/fc-barcelona\/blow-to-barca-planning-serious-injury-and-goodbye-to-possible-million-dollar-sale_306727_102.html","og_site_name":"EN - FC Barcelona Noticias","article_published_time":"2024-08-23T20:39:00+00:00","article_modified_time":"2024-08-23T23:54:00+00:00","og_image":[{"width":1300,"height":732,"url":"https:\/\/www.fcbarcelonanoticias.com\/en\/wp-content\/uploads\/sites\/2\/2024\/08\/ferran-christensen-y-pedri-entrenando-con-el-barca-1.jpeg","type":"image\/jpeg"}],"author":"Juan Pablo Berdugo","twitter_card":"summary_large_image","twitter_misc":{"Written by":"Juan Pablo Berdugo","Est. reading time":"2 minutes"},"schema":{"@context":"https:\/\/schema.org","@graph":[{"@type":"Article","@id":"https:\/\/www.fcbarcelonanoticias.com\/en\/fc-barcelona\/blow-to-barca-planning-serious-injury-and-goodbye-to-possible-million-dollar-sale_306727_102.html#article","isPartOf":{"@id":"https:\/\/www.fcbarcelonanoticias.com\/en\/fc-barcelona\/blow-to-barca-planning-serious-injury-and-goodbye-to-possible-million-dollar-sale_306727_102.html"},"author":{"name":"Juan Pablo Berdugo","@id":"https:\/\/www.fcbarcelonanoticias.com\/en\/#\/schema\/person\/88d756918a0a1ae9fa593b5edddd1815"},"headline":"&#8216;Blow&#8217; to Bar\u00e7a&#8217;s planning! Serious injury and goodbye to a possible million-dollar sale","datePublished":"2024-08-23T20:39:00+00:00","dateModified":"2024-08-23T23:54:00+00:00","mainEntityOfPage":{"@id":"https:\/\/www.fcbarcelonanoticias.com\/en\/fc-barcelona\/blow-to-barca-planning-serious-injury-and-goodbye-to-possible-million-dollar-sale_306727_102.html"},"wordCount":457,"image":{"@id":"https:\/\/www.fcbarcelonanoticias.com\/en\/fc-barcelona\/blow-to-barca-planning-serious-injury-and-goodbye-to-possible-million-dollar-sale_306727_102.html#primaryimage"},"thumbnailUrl":"https:\/\/www.fcbarcelonanoticias.com\/en\/wp-content\/uploads\/sites\/2\/2024\/08\/ferran-christensen-y-pedri-entrenando-con-el-barca-1.jpeg","articleSection":["FC Barcelona"],"inLanguage":"en-US"},{"@type":"WebPage","@id":"https:\/\/www.fcbarcelonanoticias.com\/en\/fc-barcelona\/blow-to-barca-planning-serious-injury-and-goodbye-to-possible-million-dollar-sale_306727_102.html","url":"https:\/\/www.fcbarcelonanoticias.com\/en\/fc-barcelona\/blow-to-barca-planning-serious-injury-and-goodbye-to-possible-million-dollar-sale_306727_102.html","name":"'Blow' to Bar\u00e7a's planning! Serious injury and goodbye to a possible million-dollar sale","isPartOf":{"@id":"https:\/\/www.fcbarcelonanoticias.com\/en\/#website"},"primaryImageOfPage":{"@id":"https:\/\/www.fcbarcelonanoticias.com\/en\/fc-barcelona\/blow-to-barca-planning-serious-injury-and-goodbye-to-possible-million-dollar-sale_306727_102.html#primaryimage"},"image":{"@id":"https:\/\/www.fcbarcelonanoticias.com\/en\/fc-barcelona\/blow-to-barca-planning-serious-injury-and-goodbye-to-possible-million-dollar-sale_306727_102.html#primaryimage"},"thumbnailUrl":"https:\/\/www.fcbarcelonanoticias.com\/en\/wp-content\/uploads\/sites\/2\/2024\/08\/ferran-christensen-y-pedri-entrenando-con-el-barca-1.jpeg","datePublished":"2024-08-23T20:39:00+00:00","dateModified":"2024-08-23T23:54:00+00:00","author":{"@id":"https:\/\/www.fcbarcelonanoticias.com\/en\/#\/schema\/person\/88d756918a0a1ae9fa593b5edddd1815"},"description":"Andreas Christensen has suffered an Achilles tendon injury and will be out for at least a month. Bar\u00e7a are thus left with one less option for the centre of defence and his possible departure from the club is ruled out","breadcrumb":{"@id":"https:\/\/www.fcbarcelonanoticias.com\/en\/fc-barcelona\/blow-to-barca-planning-serious-injury-and-goodbye-to-possible-million-dollar-sale_306727_102.html#breadcrumb"},"inLanguage":"en-US","potentialAction":[{"@type":"ReadAction","target":["https:\/\/www.fcbarcelonanoticias.com\/en\/fc-barcelona\/blow-to-barca-planning-serious-injury-and-goodbye-to-possible-million-dollar-sale_306727_102.html"]}]},{"@type":"ImageObject","inLanguage":"en-US","@id":"https:\/\/www.fcbarcelonanoticias.com\/en\/fc-barcelona\/blow-to-barca-planning-serious-injury-and-goodbye-to-possible-million-dollar-sale_306727_102.html#primaryimage","url":"https:\/\/www.fcbarcelonanoticias.com\/en\/wp-content\/uploads\/sites\/2\/2024\/08\/ferran-christensen-y-pedri-entrenando-con-el-barca-1.jpeg","contentUrl":"https:\/\/www.fcbarcelonanoticias.com\/en\/wp-content\/uploads\/sites\/2\/2024\/08\/ferran-christensen-y-pedri-entrenando-con-el-barca-1.jpeg","width":1300,"height":732},{"@type":"BreadcrumbList","@id":"https:\/\/www.fcbarcelonanoticias.com\/en\/fc-barcelona\/blow-to-barca-planning-serious-injury-and-goodbye-to-possible-million-dollar-sale_306727_102.html#breadcrumb","itemListElement":[{"@type":"ListItem","position":1,"name":"Portada","item":"https:\/\/www.fcbarcelonanoticias.com\/en\/"},{"@type":"ListItem","position":2,"name":"&#8216;Blow&#8217; to Bar\u00e7a&#8217;s planning! Serious injury and goodbye to a possible million-dollar sale"}]},{"@type":"WebSite","@id":"https:\/\/www.fcbarcelonanoticias.com\/en\/#website","url":"https:\/\/www.fcbarcelonanoticias.com\/en\/","name":"EN - FC Barcelona Noticias","description":"","potentialAction":[{"@type":"SearchAction","target":{"@type":"EntryPoint","urlTemplate":"https:\/\/www.fcbarcelonanoticias.com\/en\/?s={search_term_string}"},"query-input":{"@type":"PropertyValueSpecification","valueRequired":true,"valueName":"search_term_string"}}],"inLanguage":"en-US"},{"@type":"Person","@id":"https:\/\/www.fcbarcelonanoticias.com\/en\/#\/schema\/person\/88d756918a0a1ae9fa593b5edddd1815","name":"Juan Pablo Berdugo","image":{"@type":"ImageObject","inLanguage":"en-US","@id":"https:\/\/secure.gravatar.com\/avatar\/?s=96&d=mm&r=g","url":"https:\/\/secure.gravatar.com\/avatar\/?s=96&d=mm&r=g","contentUrl":"https:\/\/secure.gravatar.com\/avatar\/?s=96&d=mm&r=g","caption":"Juan Pablo Berdugo"},"description":"Juan Pablo Berdugo es graduado en Periodismo. Colabora con FCBN como especialista en informaci\u00f3n del primer equipo del FC Barcelona, f\u00fatbol internacional y mercado de fichajes. Destaca por su enfoque anal\u00edtico, su rigor informativo y su capacidad para detectar tendencias emergentes en el f\u00fatbol global.","url":"https:\/\/www.fcbarcelonanoticias.com\/en\/fc-barcelona\/juan-pablo-berdugo_18_115.html"}]}},"_links":{"self":[{"href":"https:\/\/www.fcbarcelonanoticias.com\/en\/wp-json\/wp\/v2\/posts\/104224","targetHints":{"allow":["GET"]}}],"collection":[{"href":"https:\/\/www.fcbarcelonanoticias.com\/en\/wp-json\/wp\/v2\/posts"}],"about":[{"href":"https:\/\/www.fcbarcelonanoticias.com\/en\/wp-json\/wp\/v2\/types\/post"}],"author":[{"embeddable":true,"href":"https:\/\/www.fcbarcelonanoticias.com\/en\/wp-json\/wp\/v2\/users\/358"}],"replies":[{"embeddable":true,"href":"https:\/\/www.fcbarcelonanoticias.com\/en\/wp-json\/wp\/v2\/comments?post=104224"}],"version-history":[{"count":1,"href":"https:\/\/www.fcbarcelonanoticias.com\/en\/wp-json\/wp\/v2\/posts\/104224\/revisions"}],"predecessor-version":[{"id":147491,"href":"https:\/\/www.fcbarcelonanoticias.com\/en\/wp-json\/wp\/v2\/posts\/104224\/revisions\/147491"}],"wp:featuredmedia":[{"embeddable":true,"href":"https:\/\/www.fcbarcelonanoticias.com\/en\/wp-json\/wp\/v2\/media\/104235"}],"wp:attachment":[{"href":"https:\/\/www.fcbarcelonanoticias.com\/en\/wp-json\/wp\/v2\/media?parent=104224"}],"wp:term":[{"taxonomy":"category","embeddable":true,"href":"https:\/\/www.fcbarcelonanoticias.com\/en\/wp-json\/wp\/v2\/categories?post=104224"},{"taxonomy":"post_tag","embeddable":true,"href":"https:\/\/www.fcbarcelonanoticias.com\/en\/wp-json\/wp\/v2\/tags?post=104224"}],"curies":[{"name":"wp","href":"https:\/\/api.w.org\/{rel}","templated":true}]}}