{"id":104251,"date":"2023-02-27T19:30:00","date_gmt":"2023-02-27T18:30:00","guid":{"rendered":"https:\/\/weisetech.dev\/fc-barcelona-noticias\/en\/bojan-krkic-ansu-fati-weight-new-messi-barca_290044_102\/"},"modified":"2023-02-27T19:30:00","modified_gmt":"2023-02-27T18:30:00","slug":"bojan-krkic-ansu-fati-weight-new-messi-barca_290044_102","status":"publish","type":"post","link":"https:\/\/www.fcbarcelonanoticias.com\/en\/fc-barcelona\/bojan-krkic-ansu-fati-weight-new-messi-barca_290044_102.html","title":{"rendered":"Bojan Krkic, Ansu Fati and the weight of being the &#8216;new Messi&#8217; at Bar\u00e7a"},"content":{"rendered":"<h2 class=\"wp-block-heading\">Bojan Krkic has recounted part of his experience in the ranks of FC Barcelona and has compared his case with that of Ansu Fati, who after an explosion ended up falling into a loss of leadership<\/h2>  \r\n<div class=\"article-addons\">\r\n    <a href=\"https:\/\/www.fcbarcelonanoticias.com\/en\/calendar-fc-barcelona.html\"\r\n       target=\"_self\"\r\n       title=\"Calendar of FC Barcelona\"\r\n       class=\"blue-gredient-btn\">\r\n       \r\n        Calendar of FC Barcelona    <\/a>\r\n<\/div>   <p>After having shined in his first apparitions with the T-shirt of the FC Barcelona, Ansu Fati was doing with a greater leadership in the Barcelona team. Eventualmente, after the exit of Lionel Messi to Paris Saint-Germain in the summer of 2021, the Hispanic-guinean would inherit the dorsal &#8217;10&#8217; left by the Argentinian. Since,<strong> they have been many the expectations deposited in him, as in the past occurred with another player that seemed to follow in its footsteps &#8216;Leo&#8217;<\/strong>, but eventualmente <a data-external=\"0\" data-intl-links-en=\"https:\/\/www.fcbarcelonanoticias.com\/en\/players\/expectations-vs-reality-analysis-background-situation-ansu-fati-barca_289996_102.html\" data-intl-links-es=\"https:\/\/www.fcbarcelonanoticias.com\/jugadores\/expectativas-vs-realidad-analisis-fondo-situacion-ansu-fati-barca_289996_102.html\" href=\"https:\/\/www.fcbarcelonanoticias.com\/en\/players\/expectations-vs-reality-analysis-background-situation-ansu-fati-barca_289996_102.html\" rel=\"follow\" target=\"_self\" title=\"Expectativas vs realidad: An\u00e1lisis a fondo de la situaci\u00f3n de Ansu Fati en el Bar\u00e7a\">would finish falling in a pothole<\/a>.<\/p>  <p>In the frame of the Mobile Web Congress, the ex Barcelona forward has ensured to have gone through a similar situation to the one of the attacker youngster cul\u00e9, warning that it felt treated like a &#8220;product&#8221;: &#8220;<strong>I Have lived the case of Ansu Fati in my own meats, generate a lot of illusion in a moment in which the club needed a product of the house<\/strong>. And it does not like me say it because it does not like me listen it, but is as it treats us &#8220;.<\/p>  <p>For Bojan, this situation does even more evident when the star in promotion suffers some mishap in his progression, as it could occur in the case of the injuries, a &#8216;ordeal&#8217; that both know well: &#8220;there is an enormous difference of deal \u200bbetween the ilu\u200bsi\u00f3n that \u200bgenerates in \u200ba first moment, when all\u200bs the\u200bs co\u200bsa\u200bs go of face, with regard to the moments in that the\u200bs co\u200bsa\u200bs \u200b tuercen, by an injury or by any another reason. <strong>To the\u200bs jugadore\u200bs \u200b no\u200bs treats like a product<\/strong>&#8220;.<\/p>  <h4>The weight to be the successor of Messi<\/h4>  <p>Likewise, it has indicated that arrives a moment in the career of the player in which this is conscious that it can not fill the space left by a star like the Argentinian and takes consciousness of his limits: &#8220;Pa\u200bsa\u200bs to \u200bbe a person to \u200bbe a character. <strong>I with 17 year\u200bs had to compete against the label of the &#8216;new Me\u200bs\u200bif&#8217;<\/strong>. It learns\u200bs to move away you of and\u200bsta\u200bs labels\u200bs external\u200bs and to \u200bbe conscious of cu\u00e1le\u200bs \u200bare your\u200bs limits \u200band to accept them&#8221;.<\/p>  <p>Also it has explained how it feels handle these expectations generated on the footballer to a so early age: &#8220;And\u200bs difficult manage it. The well that has\u200bs in this moment and\u200bs that no ere\u200bs conscious of what generates\u200bs. You and\u200bst\u00e1\u200bs fulfilling a \u200bdream of boy. It was not conscious of the magnitude of this stage in which it was entering me with 17 year\u200bs. <strong>The first year in the Barcelona was very good to professional level, but very hard to personal level<\/strong>. The\u200bs co\u200bsa\u200bs, by \u200bluck, have changed a lot. I went it working m\u00e1\u200bs there of the Bar\u00e7a. It is necessary to generate a stage so that this person have a proce\u200bunder of time so that \u200bit can consolidate in the first team of the Barcelona&#8221;.<\/p> ","protected":false},"excerpt":{"rendered":"<p>Bojan Krkic has recounted part of his experience in the ranks of FC Barcelona and has compared his case with that of Ansu Fati, who after an explosion ended up falling into a loss of leadership After having shined in his first apparitions with the T-shirt of the FC Barcelona, Ansu Fati was doing with [&hellip;]<\/p>\n","protected":false},"author":363,"featured_media":104267,"comment_status":"closed","ping_status":"open","sticky":false,"template":"","format":"standard","meta":{"_acf_changed":false,"inline_featured_image":false,"_nextfly_llmd_date_locked":false,"footnotes":""},"categories":[111],"tags":[],"class_list":["post-104251","post","type-post","status-publish","format-standard","has-post-thumbnail","hentry","category-fc-barcelona"],"acf":[],"yoast_head":"<!-- This site is optimized with the Yoast SEO plugin v27.3 - https:\/\/yoast.com\/product\/yoast-seo-wordpress\/ -->\n<title>Bojan Krkic, Ansu Fati and the weight of being the &#039;new Messi&#039; at Bar\u00e7a<\/title>\n<meta name=\"description\" content=\"Bojan Krkic Has related part of his experience in the rows of the FC Barcelona and has compared his case with the one of Ansu Fati, the one who after an explosion finished falling in a loss of leadership\" \/>\n<meta name=\"robots\" content=\"index, follow, max-snippet:-1, max-image-preview:large, max-video-preview:-1\" \/>\n<link rel=\"canonical\" href=\"https:\/\/www.fcbarcelonanoticias.com\/en\/fc-barcelona\/bojan-krkic-ansu-fati-weight-new-messi-barca_290044_102.html\" \/>\n<meta property=\"og:locale\" content=\"en_US\" \/>\n<meta property=\"og:type\" content=\"article\" \/>\n<meta property=\"og:title\" content=\"Bojan Krkic, Ansu Fati and the weight of being the &#039;new Messi&#039; at Bar\u00e7a\" \/>\n<meta property=\"og:description\" content=\"Bojan Krkic Has related part of his experience in the rows of the FC Barcelona and has compared his case with the one of Ansu Fati, the one who after an explosion finished falling in a loss of leadership\" \/>\n<meta property=\"og:url\" content=\"https:\/\/www.fcbarcelonanoticias.com\/en\/fc-barcelona\/bojan-krkic-ansu-fati-weight-new-messi-barca_290044_102.html\" \/>\n<meta property=\"og:site_name\" content=\"EN - FC Barcelona Noticias\" \/>\n<meta property=\"article:published_time\" content=\"2023-02-27T18:30:00+00:00\" \/>\n<meta property=\"og:image\" content=\"https:\/\/www.fcbarcelonanoticias.com\/en\/wp-content\/uploads\/sites\/2\/2023\/02\/bojan-249831.jpeg\" \/>\n\t<meta property=\"og:image:width\" content=\"760\" \/>\n\t<meta property=\"og:image:height\" content=\"428\" \/>\n\t<meta property=\"og:image:type\" content=\"image\/jpeg\" \/>\n<meta name=\"author\" content=\"Claudio Betancourt\" \/>\n<meta name=\"twitter:card\" content=\"summary_large_image\" \/>\n<meta name=\"twitter:label1\" content=\"Written by\" \/>\n\t<meta name=\"twitter:data1\" content=\"Claudio Betancourt\" \/>\n\t<meta name=\"twitter:label2\" content=\"Est. reading time\" \/>\n\t<meta name=\"twitter:data2\" content=\"3 minutes\" \/>\n<script type=\"application\/ld+json\" class=\"yoast-schema-graph\">{\"@context\":\"https:\\\/\\\/schema.org\",\"@graph\":[{\"@type\":\"Article\",\"@id\":\"https:\\\/\\\/www.fcbarcelonanoticias.com\\\/en\\\/fc-barcelona\\\/bojan-krkic-ansu-fati-weight-new-messi-barca_290044_102.html#article\",\"isPartOf\":{\"@id\":\"https:\\\/\\\/www.fcbarcelonanoticias.com\\\/en\\\/fc-barcelona\\\/bojan-krkic-ansu-fati-weight-new-messi-barca_290044_102.html\"},\"author\":{\"name\":\"Claudio Betancourt\",\"@id\":\"https:\\\/\\\/www.fcbarcelonanoticias.com\\\/en\\\/#\\\/schema\\\/person\\\/76c77917e39f918eb1604c571055386e\"},\"headline\":\"Bojan Krkic, Ansu Fati and the weight of being the &#8216;new Messi&#8217; at Bar\u00e7a\",\"datePublished\":\"2023-02-27T18:30:00+00:00\",\"mainEntityOfPage\":{\"@id\":\"https:\\\/\\\/www.fcbarcelonanoticias.com\\\/en\\\/fc-barcelona\\\/bojan-krkic-ansu-fati-weight-new-messi-barca_290044_102.html\"},\"wordCount\":565,\"image\":{\"@id\":\"https:\\\/\\\/www.fcbarcelonanoticias.com\\\/en\\\/fc-barcelona\\\/bojan-krkic-ansu-fati-weight-new-messi-barca_290044_102.html#primaryimage\"},\"thumbnailUrl\":\"https:\\\/\\\/www.fcbarcelonanoticias.com\\\/en\\\/wp-content\\\/uploads\\\/sites\\\/2\\\/2023\\\/02\\\/bojan-249831.jpeg\",\"articleSection\":[\"FC Barcelona\"],\"inLanguage\":\"en-US\"},{\"@type\":\"WebPage\",\"@id\":\"https:\\\/\\\/www.fcbarcelonanoticias.com\\\/en\\\/fc-barcelona\\\/bojan-krkic-ansu-fati-weight-new-messi-barca_290044_102.html\",\"url\":\"https:\\\/\\\/www.fcbarcelonanoticias.com\\\/en\\\/fc-barcelona\\\/bojan-krkic-ansu-fati-weight-new-messi-barca_290044_102.html\",\"name\":\"Bojan Krkic, Ansu Fati and the weight of being the 'new Messi' at Bar\u00e7a\",\"isPartOf\":{\"@id\":\"https:\\\/\\\/www.fcbarcelonanoticias.com\\\/en\\\/#website\"},\"primaryImageOfPage\":{\"@id\":\"https:\\\/\\\/www.fcbarcelonanoticias.com\\\/en\\\/fc-barcelona\\\/bojan-krkic-ansu-fati-weight-new-messi-barca_290044_102.html#primaryimage\"},\"image\":{\"@id\":\"https:\\\/\\\/www.fcbarcelonanoticias.com\\\/en\\\/fc-barcelona\\\/bojan-krkic-ansu-fati-weight-new-messi-barca_290044_102.html#primaryimage\"},\"thumbnailUrl\":\"https:\\\/\\\/www.fcbarcelonanoticias.com\\\/en\\\/wp-content\\\/uploads\\\/sites\\\/2\\\/2023\\\/02\\\/bojan-249831.jpeg\",\"datePublished\":\"2023-02-27T18:30:00+00:00\",\"author\":{\"@id\":\"https:\\\/\\\/www.fcbarcelonanoticias.com\\\/en\\\/#\\\/schema\\\/person\\\/76c77917e39f918eb1604c571055386e\"},\"description\":\"Bojan Krkic Has related part of his experience in the rows of the FC Barcelona and has compared his case with the one of Ansu Fati, the one who after an explosion finished falling in a loss of leadership\",\"breadcrumb\":{\"@id\":\"https:\\\/\\\/www.fcbarcelonanoticias.com\\\/en\\\/fc-barcelona\\\/bojan-krkic-ansu-fati-weight-new-messi-barca_290044_102.html#breadcrumb\"},\"inLanguage\":\"en-US\",\"potentialAction\":[{\"@type\":\"ReadAction\",\"target\":[\"https:\\\/\\\/www.fcbarcelonanoticias.com\\\/en\\\/fc-barcelona\\\/bojan-krkic-ansu-fati-weight-new-messi-barca_290044_102.html\"]}]},{\"@type\":\"ImageObject\",\"inLanguage\":\"en-US\",\"@id\":\"https:\\\/\\\/www.fcbarcelonanoticias.com\\\/en\\\/fc-barcelona\\\/bojan-krkic-ansu-fati-weight-new-messi-barca_290044_102.html#primaryimage\",\"url\":\"https:\\\/\\\/www.fcbarcelonanoticias.com\\\/en\\\/wp-content\\\/uploads\\\/sites\\\/2\\\/2023\\\/02\\\/bojan-249831.jpeg\",\"contentUrl\":\"https:\\\/\\\/www.fcbarcelonanoticias.com\\\/en\\\/wp-content\\\/uploads\\\/sites\\\/2\\\/2023\\\/02\\\/bojan-249831.jpeg\",\"width\":760,\"height\":428},{\"@type\":\"BreadcrumbList\",\"@id\":\"https:\\\/\\\/www.fcbarcelonanoticias.com\\\/en\\\/fc-barcelona\\\/bojan-krkic-ansu-fati-weight-new-messi-barca_290044_102.html#breadcrumb\",\"itemListElement\":[{\"@type\":\"ListItem\",\"position\":1,\"name\":\"Portada\",\"item\":\"https:\\\/\\\/www.fcbarcelonanoticias.com\\\/en\\\/\"},{\"@type\":\"ListItem\",\"position\":2,\"name\":\"Bojan Krkic, Ansu Fati and the weight of being the &#8216;new Messi&#8217; at Bar\u00e7a\"}]},{\"@type\":\"WebSite\",\"@id\":\"https:\\\/\\\/www.fcbarcelonanoticias.com\\\/en\\\/#website\",\"url\":\"https:\\\/\\\/www.fcbarcelonanoticias.com\\\/en\\\/\",\"name\":\"EN - FC Barcelona Noticias\",\"description\":\"\",\"potentialAction\":[{\"@type\":\"SearchAction\",\"target\":{\"@type\":\"EntryPoint\",\"urlTemplate\":\"https:\\\/\\\/www.fcbarcelonanoticias.com\\\/en\\\/?s={search_term_string}\"},\"query-input\":{\"@type\":\"PropertyValueSpecification\",\"valueRequired\":true,\"valueName\":\"search_term_string\"}}],\"inLanguage\":\"en-US\"},{\"@type\":\"Person\",\"@id\":\"https:\\\/\\\/www.fcbarcelonanoticias.com\\\/en\\\/#\\\/schema\\\/person\\\/76c77917e39f918eb1604c571055386e\",\"name\":\"Claudio Betancourt\",\"image\":{\"@type\":\"ImageObject\",\"inLanguage\":\"en-US\",\"@id\":\"https:\\\/\\\/secure.gravatar.com\\\/avatar\\\/?s=96&d=mm&r=g\",\"url\":\"https:\\\/\\\/secure.gravatar.com\\\/avatar\\\/?s=96&d=mm&r=g\",\"contentUrl\":\"https:\\\/\\\/secure.gravatar.com\\\/avatar\\\/?s=96&d=mm&r=g\",\"caption\":\"Claudio Betancourt\"},\"url\":\"https:\\\/\\\/www.fcbarcelonanoticias.com\\\/en\\\/claudio-betancourt_14_115.html\"}]}<\/script>\n<!-- \/ Yoast SEO plugin. -->","yoast_head_json":{"title":"Bojan Krkic, Ansu Fati and the weight of being the 'new Messi' at Bar\u00e7a","description":"Bojan Krkic Has related part of his experience in the rows of the FC Barcelona and has compared his case with the one of Ansu Fati, the one who after an explosion finished falling in a loss of leadership","robots":{"index":"index","follow":"follow","max-snippet":"max-snippet:-1","max-image-preview":"max-image-preview:large","max-video-preview":"max-video-preview:-1"},"canonical":"https:\/\/www.fcbarcelonanoticias.com\/en\/fc-barcelona\/bojan-krkic-ansu-fati-weight-new-messi-barca_290044_102.html","og_locale":"en_US","og_type":"article","og_title":"Bojan Krkic, Ansu Fati and the weight of being the 'new Messi' at Bar\u00e7a","og_description":"Bojan Krkic Has related part of his experience in the rows of the FC Barcelona and has compared his case with the one of Ansu Fati, the one who after an explosion finished falling in a loss of leadership","og_url":"https:\/\/www.fcbarcelonanoticias.com\/en\/fc-barcelona\/bojan-krkic-ansu-fati-weight-new-messi-barca_290044_102.html","og_site_name":"EN - FC Barcelona Noticias","article_published_time":"2023-02-27T18:30:00+00:00","og_image":[{"width":760,"height":428,"url":"https:\/\/www.fcbarcelonanoticias.com\/en\/wp-content\/uploads\/sites\/2\/2023\/02\/bojan-249831.jpeg","type":"image\/jpeg"}],"author":"Claudio Betancourt","twitter_card":"summary_large_image","twitter_misc":{"Written by":"Claudio Betancourt","Est. reading time":"3 minutes"},"schema":{"@context":"https:\/\/schema.org","@graph":[{"@type":"Article","@id":"https:\/\/www.fcbarcelonanoticias.com\/en\/fc-barcelona\/bojan-krkic-ansu-fati-weight-new-messi-barca_290044_102.html#article","isPartOf":{"@id":"https:\/\/www.fcbarcelonanoticias.com\/en\/fc-barcelona\/bojan-krkic-ansu-fati-weight-new-messi-barca_290044_102.html"},"author":{"name":"Claudio Betancourt","@id":"https:\/\/www.fcbarcelonanoticias.com\/en\/#\/schema\/person\/76c77917e39f918eb1604c571055386e"},"headline":"Bojan Krkic, Ansu Fati and the weight of being the &#8216;new Messi&#8217; at Bar\u00e7a","datePublished":"2023-02-27T18:30:00+00:00","mainEntityOfPage":{"@id":"https:\/\/www.fcbarcelonanoticias.com\/en\/fc-barcelona\/bojan-krkic-ansu-fati-weight-new-messi-barca_290044_102.html"},"wordCount":565,"image":{"@id":"https:\/\/www.fcbarcelonanoticias.com\/en\/fc-barcelona\/bojan-krkic-ansu-fati-weight-new-messi-barca_290044_102.html#primaryimage"},"thumbnailUrl":"https:\/\/www.fcbarcelonanoticias.com\/en\/wp-content\/uploads\/sites\/2\/2023\/02\/bojan-249831.jpeg","articleSection":["FC Barcelona"],"inLanguage":"en-US"},{"@type":"WebPage","@id":"https:\/\/www.fcbarcelonanoticias.com\/en\/fc-barcelona\/bojan-krkic-ansu-fati-weight-new-messi-barca_290044_102.html","url":"https:\/\/www.fcbarcelonanoticias.com\/en\/fc-barcelona\/bojan-krkic-ansu-fati-weight-new-messi-barca_290044_102.html","name":"Bojan Krkic, Ansu Fati and the weight of being the 'new Messi' at Bar\u00e7a","isPartOf":{"@id":"https:\/\/www.fcbarcelonanoticias.com\/en\/#website"},"primaryImageOfPage":{"@id":"https:\/\/www.fcbarcelonanoticias.com\/en\/fc-barcelona\/bojan-krkic-ansu-fati-weight-new-messi-barca_290044_102.html#primaryimage"},"image":{"@id":"https:\/\/www.fcbarcelonanoticias.com\/en\/fc-barcelona\/bojan-krkic-ansu-fati-weight-new-messi-barca_290044_102.html#primaryimage"},"thumbnailUrl":"https:\/\/www.fcbarcelonanoticias.com\/en\/wp-content\/uploads\/sites\/2\/2023\/02\/bojan-249831.jpeg","datePublished":"2023-02-27T18:30:00+00:00","author":{"@id":"https:\/\/www.fcbarcelonanoticias.com\/en\/#\/schema\/person\/76c77917e39f918eb1604c571055386e"},"description":"Bojan Krkic Has related part of his experience in the rows of the FC Barcelona and has compared his case with the one of Ansu Fati, the one who after an explosion finished falling in a loss of leadership","breadcrumb":{"@id":"https:\/\/www.fcbarcelonanoticias.com\/en\/fc-barcelona\/bojan-krkic-ansu-fati-weight-new-messi-barca_290044_102.html#breadcrumb"},"inLanguage":"en-US","potentialAction":[{"@type":"ReadAction","target":["https:\/\/www.fcbarcelonanoticias.com\/en\/fc-barcelona\/bojan-krkic-ansu-fati-weight-new-messi-barca_290044_102.html"]}]},{"@type":"ImageObject","inLanguage":"en-US","@id":"https:\/\/www.fcbarcelonanoticias.com\/en\/fc-barcelona\/bojan-krkic-ansu-fati-weight-new-messi-barca_290044_102.html#primaryimage","url":"https:\/\/www.fcbarcelonanoticias.com\/en\/wp-content\/uploads\/sites\/2\/2023\/02\/bojan-249831.jpeg","contentUrl":"https:\/\/www.fcbarcelonanoticias.com\/en\/wp-content\/uploads\/sites\/2\/2023\/02\/bojan-249831.jpeg","width":760,"height":428},{"@type":"BreadcrumbList","@id":"https:\/\/www.fcbarcelonanoticias.com\/en\/fc-barcelona\/bojan-krkic-ansu-fati-weight-new-messi-barca_290044_102.html#breadcrumb","itemListElement":[{"@type":"ListItem","position":1,"name":"Portada","item":"https:\/\/www.fcbarcelonanoticias.com\/en\/"},{"@type":"ListItem","position":2,"name":"Bojan Krkic, Ansu Fati and the weight of being the &#8216;new Messi&#8217; at Bar\u00e7a"}]},{"@type":"WebSite","@id":"https:\/\/www.fcbarcelonanoticias.com\/en\/#website","url":"https:\/\/www.fcbarcelonanoticias.com\/en\/","name":"EN - FC Barcelona Noticias","description":"","potentialAction":[{"@type":"SearchAction","target":{"@type":"EntryPoint","urlTemplate":"https:\/\/www.fcbarcelonanoticias.com\/en\/?s={search_term_string}"},"query-input":{"@type":"PropertyValueSpecification","valueRequired":true,"valueName":"search_term_string"}}],"inLanguage":"en-US"},{"@type":"Person","@id":"https:\/\/www.fcbarcelonanoticias.com\/en\/#\/schema\/person\/76c77917e39f918eb1604c571055386e","name":"Claudio Betancourt","image":{"@type":"ImageObject","inLanguage":"en-US","@id":"https:\/\/secure.gravatar.com\/avatar\/?s=96&d=mm&r=g","url":"https:\/\/secure.gravatar.com\/avatar\/?s=96&d=mm&r=g","contentUrl":"https:\/\/secure.gravatar.com\/avatar\/?s=96&d=mm&r=g","caption":"Claudio Betancourt"},"url":"https:\/\/www.fcbarcelonanoticias.com\/en\/claudio-betancourt_14_115.html"}]}},"_links":{"self":[{"href":"https:\/\/www.fcbarcelonanoticias.com\/en\/wp-json\/wp\/v2\/posts\/104251","targetHints":{"allow":["GET"]}}],"collection":[{"href":"https:\/\/www.fcbarcelonanoticias.com\/en\/wp-json\/wp\/v2\/posts"}],"about":[{"href":"https:\/\/www.fcbarcelonanoticias.com\/en\/wp-json\/wp\/v2\/types\/post"}],"author":[{"embeddable":true,"href":"https:\/\/www.fcbarcelonanoticias.com\/en\/wp-json\/wp\/v2\/users\/363"}],"replies":[{"embeddable":true,"href":"https:\/\/www.fcbarcelonanoticias.com\/en\/wp-json\/wp\/v2\/comments?post=104251"}],"version-history":[{"count":1,"href":"https:\/\/www.fcbarcelonanoticias.com\/en\/wp-json\/wp\/v2\/posts\/104251\/revisions"}],"predecessor-version":[{"id":147495,"href":"https:\/\/www.fcbarcelonanoticias.com\/en\/wp-json\/wp\/v2\/posts\/104251\/revisions\/147495"}],"wp:featuredmedia":[{"embeddable":true,"href":"https:\/\/www.fcbarcelonanoticias.com\/en\/wp-json\/wp\/v2\/media\/104267"}],"wp:attachment":[{"href":"https:\/\/www.fcbarcelonanoticias.com\/en\/wp-json\/wp\/v2\/media?parent=104251"}],"wp:term":[{"taxonomy":"category","embeddable":true,"href":"https:\/\/www.fcbarcelonanoticias.com\/en\/wp-json\/wp\/v2\/categories?post=104251"},{"taxonomy":"post_tag","embeddable":true,"href":"https:\/\/www.fcbarcelonanoticias.com\/en\/wp-json\/wp\/v2\/tags?post=104251"}],"curies":[{"name":"wp","href":"https:\/\/api.w.org\/{rel}","templated":true}]}}