{"id":105582,"date":"2026-01-20T16:30:00","date_gmt":"2026-01-20T15:30:00","guid":{"rendered":"https:\/\/weisetech.dev\/fc-barcelona-noticias\/en\/ferran-torres-ko-how-many-games-will-he-miss-with-barcelona_315801_102\/"},"modified":"2026-01-20T16:31:00","modified_gmt":"2026-01-20T15:31:00","slug":"ferran-torres-ko-how-many-games-will-he-miss-with-barcelona_315801_102","status":"publish","type":"post","link":"https:\/\/www.fcbarcelonanoticias.com\/en\/fc-barcelona\/ferran-torres-ko-how-many-games-will-he-miss-with-barcelona_315801_102.html","title":{"rendered":"Ferran Torres injured: when will he play for Barcelona again?"},"content":{"rendered":"<h2 class=\"wp-block-heading\">Barcelona confirmed Ferran Torres&#8217;s absence for the match against Slavia Prague. The forward remained in Catalonia due to a right leg injury sustained against Real Sociedad<\/h2>  \r\n<div class=\"article-addons\">\r\n    <a href=\"https:\/\/www.fcbarcelonanoticias.com\/en\/calendar-fc-barcelona.html\"\r\n       target=\"_self\"\r\n       title=\"Calendar of FC Barcelona\"\r\n       class=\"blue-gredient-btn\">\r\n       \r\n        Calendar of FC Barcelona    <\/a>\r\n<\/div>   <p><strong>Ferran Torres<\/strong> will be out for <strong>FC Barcelona<\/strong> in matchday 7 of the <strong>UEFA Champions League<\/strong>, against <strong>Slavia Prague<\/strong> in Czechia (Wednesday, 9:00 PM CEST). This Tuesday, the club shared <a data-external=\"1\" href=\"https:\/\/x.com\/en\/FCBarcelona_es\/status\/2013530088432632147\" rel=\"nofollow\" target=\"_blank\" title=\"Comunicado m\u00e9dico del Bar\u00e7a: Ferran Torres\">the medical report on the forward<\/a>, who suffered a <strong>semimembranosus muscle injury in his right leg<\/strong> during the league match against Real Sociedad (2-1).<\/p>  <p>The &#8216;Shark&#8217; did not train on Monday during the squad&#8217;s recovery session at the Ciutat Esportiva, and his absence against Slavia was certain, in principle as a precaution. However, the &#8216;7&#8217; is suffering from **an injury that, even if minor, will force him to stop for several days**, marking the second muscular mishap the Valencian has suffered this season.<\/p>  <p>Ferran missed two matches in October (<strong>Girona and Olympiacos<\/strong>) due to hamstring discomfort stemming from overuse. In that regard, Wednesday&#8217;s match will be the third game the Foios native misses due to muscular problems, and the second in a Champions League group stage where he has scored 2 goals and started 3 times.<\/p>  <h2>How many games will Ferran miss for Barcelona?<\/h2>  <p>Surely, the &#8216;Shark&#8217; will be out against Slavia Prague and next Sunday against <a data-external=\"0\" data-intl-links-en=\"https:\/\/www.fcbarcelonanoticias.com\/en\/laliga\/schedule-and-tv-for-barcelona-oviedo-laliga-2025-26-md21_315680_102.html\" data-intl-links-es=\"https:\/\/www.fcbarcelonanoticias.com\/laliga\/horario-tv-barcelona-oviedo-laliga-2025-26-j21_315680_102.html\" href=\"https:\/\/www.fcbarcelonanoticias.com\/en\/laliga\/schedule-and-tv-for-barcelona-oviedo-laliga-2025-26-md21_315680_102.html\" rel=\"follow\" target=\"_self\" title=\"Horario y TV del Barcelona - Oviedo: LaLiga 2025\/26 J21\">Oviedo<\/a>, for matchday 21 of LaLiga. Bar\u00e7a will return to Spotify Camp Nou after almost a month and a half in which they played 8 matches, so far with a record of 7 wins and 1 loss.<\/p>  <p>However, the 25-year-old player could also miss the match against **Copenhagen** (Wednesday 28) on the final day of the Champions League group stage and would be doubtful for <a data-external=\"0\" data-intl-links-en=\"https:\/\/www.fcbarcelonanoticias.com\/en\/laliga\/schedule-and-tv-for-elche-barcelona-laliga-2025-26-md22_315720_102.html\" data-intl-links-es=\"https:\/\/www.fcbarcelonanoticias.com\/laliga\/horario-tv-elche-barcelona-laliga-2025-26-j22_315720_102.html\" href=\"https:\/\/www.fcbarcelonanoticias.com\/en\/laliga\/schedule-and-tv-for-elche-barcelona-laliga-2025-26-md22_315720_102.html\" rel=\"follow\" target=\"_self\" title=\"Horario y TV del Elche - Barcelona: LaLiga 2025\/26 J22\">Elche<\/a>, on Saturday the 31st in matchday 22 of La Liga. For **Hansi Flick**, his absence represents a significant loss, as it forces him to do without the team&#8217;s top scorer<\/p>  <p>This season, Ferran has taken a step forward over Robert Lewandowski with <strong>15 goals in 27 games, 21 starts<\/strong>. The &#8216;7&#8217; has accumulated 1,631 minutes of action so far in 25\/26 and only missed out on playing, by technical decision, in the Copa del Rey round of 32 against Guadalajara (0-2).<\/p>  <p>Now, Lewandowski will try to recover lost ground to re-establish himself as Bar\u00e7a&#8217;s &#8216;9&#8217;. **The Pole has scored 10 goals in 22 appearances (1,058 minutes, 11 starts)**, figures far from the 26 goals he had scored at this point last season.<\/p>  <h2>Bar\u00e7a sets Ferran Torres&#8217; return date<\/h2>  <p>According to Barcelona&#8217;s medical statement, Ferran Torres will be out &#8220;<strong>for an approximate recovery period of ten days<\/strong>&#8220;. This means the Valencian player could be medically cleared just before the match against Elche, although Hansi Flick might wait a few more days to have the &#8216;Shark&#8217; back.<\/p>  <p>The first match of February for the Blaugrana team will be on Tuesday the 3rd, in the Copa del Rey quarterfinals <a data-external=\"0\" data-intl-links-en=\"https:\/\/www.fcbarcelonanoticias.com\/en\/copa-del-rey\/albacete-barcelona-schedule-and-tv-copa-rey-2025-26_315793_102.html\" data-intl-links-es=\"https:\/\/www.fcbarcelonanoticias.com\/copa-del-rey\/horario-tv-albacete-barcelona-copa-del-rey-2025-26-cuartos-final_315793_102.html\" href=\"https:\/\/www.fcbarcelonanoticias.com\/en\/copa-del-rey\/albacete-barcelona-schedule-and-tv-copa-rey-2025-26_315793_102.html\" rel=\"follow\" target=\"_self\" title=\"Horario y TV del Albacete-Barcelona: Copa del Rey 2025\/26 - cuartos de final\">against Albacete (9:00 PM)<\/a>. The &#8216;7&#8217; already scored against Racing in the round of 16 and hopes to be available for the visit to the Manchego team, which comes from pulling off the biggest surprise of the tournament after eliminating Real Madrid.<\/p>  <h2>Upcoming FC Barcelona Matches<\/h2>  <ol> <li>January 21: vs. <strong>Slavia Prague<\/strong> in Czech Republic, Champions League Matchday 7.<\/li> \t<li>January 25: vs. <strong>Real Oviedo<\/strong> at Camp Nou, LaLiga Matchday 21.<\/li> \t<li>January 28: vs. <strong>Copenhagen<\/strong> at Camp Nou, Champions League Matchday 8.<\/li> \t<li>January 31: vs. <strong>Elche<\/strong> in Alicante, LaLiga Matchday 22.<\/li> \t<li>February 03: vs. <strong>Albacete<\/strong> in Castilla-La Mancha, Copa del Rey Quarter-finals.<\/li> <\/ol> ","protected":false},"excerpt":{"rendered":"<p>Barcelona confirmed Ferran Torres&#8217;s absence for the match against Slavia Prague. The forward remained in Catalonia due to a right leg injury sustained against Real Sociedad Ferran Torres will be out for FC Barcelona in matchday 7 of the UEFA Champions League, against Slavia Prague in Czechia (Wednesday, 9:00 PM CEST). This Tuesday, the club [&hellip;]<\/p>\n","protected":false},"author":347,"featured_media":105585,"comment_status":"closed","ping_status":"open","sticky":false,"template":"","format":"standard","meta":{"_acf_changed":false,"inline_featured_image":false,"_nextfly_llmd_date_locked":false,"footnotes":""},"categories":[111],"tags":[471,195,136],"class_list":["post-105582","post","type-post","status-publish","format-standard","has-post-thumbnail","hentry","category-fc-barcelona","tag-ferran-torres-2","tag-ferran-torres","tag-injured"],"acf":[],"yoast_head":"<!-- This site is optimized with the Yoast SEO plugin v27.3 - https:\/\/yoast.com\/product\/yoast-seo-wordpress\/ -->\n<title>Ferran Torres KO: how many games will he miss with Bar\u00e7a<\/title>\n<meta name=\"description\" content=\"Barcelona confirmed the absence of Ferran Torres for the match against Slavia Prague. The forward is suffering from a minor injury to his right leg\" \/>\n<meta name=\"robots\" content=\"index, follow, max-snippet:-1, max-image-preview:large, max-video-preview:-1\" \/>\n<link rel=\"canonical\" href=\"https:\/\/www.fcbarcelonanoticias.com\/en\/fc-barcelona\/ferran-torres-ko-how-many-games-will-he-miss-with-barcelona_315801_102.html\" \/>\n<meta property=\"og:locale\" content=\"en_US\" \/>\n<meta property=\"og:type\" content=\"article\" \/>\n<meta property=\"og:title\" content=\"Ferran Torres KO: how many games will he miss with Bar\u00e7a\" \/>\n<meta property=\"og:description\" content=\"Barcelona confirmed the absence of Ferran Torres for the match against Slavia Prague. The forward is suffering from a minor injury to his right leg\" \/>\n<meta property=\"og:url\" content=\"https:\/\/www.fcbarcelonanoticias.com\/en\/fc-barcelona\/ferran-torres-ko-how-many-games-will-he-miss-with-barcelona_315801_102.html\" \/>\n<meta property=\"og:site_name\" content=\"EN - FC Barcelona Noticias\" \/>\n<meta property=\"article:published_time\" content=\"2026-01-20T15:30:00+00:00\" \/>\n<meta property=\"article:modified_time\" content=\"2026-01-20T15:31:00+00:00\" \/>\n<meta property=\"og:image\" content=\"https:\/\/www.fcbarcelonanoticias.com\/en\/wp-content\/uploads\/sites\/2\/2026\/01\/ferran-torres-calentamiento-champions-25-26-1.jpeg\" \/>\n\t<meta property=\"og:image:width\" content=\"1300\" \/>\n\t<meta property=\"og:image:height\" content=\"732\" \/>\n\t<meta property=\"og:image:type\" content=\"image\/jpeg\" \/>\n<meta name=\"author\" content=\"Andr\u00e9s Quiroz\" \/>\n<meta name=\"twitter:card\" content=\"summary_large_image\" \/>\n<meta name=\"twitter:label1\" content=\"Written by\" \/>\n\t<meta name=\"twitter:data1\" content=\"Andr\u00e9s Quiroz\" \/>\n\t<meta name=\"twitter:label2\" content=\"Est. reading time\" \/>\n\t<meta name=\"twitter:data2\" content=\"3 minutes\" \/>\n<script type=\"application\/ld+json\" class=\"yoast-schema-graph\">{\"@context\":\"https:\\\/\\\/schema.org\",\"@graph\":[{\"@type\":\"Article\",\"@id\":\"https:\\\/\\\/www.fcbarcelonanoticias.com\\\/en\\\/fc-barcelona\\\/ferran-torres-ko-how-many-games-will-he-miss-with-barcelona_315801_102.html#article\",\"isPartOf\":{\"@id\":\"https:\\\/\\\/www.fcbarcelonanoticias.com\\\/en\\\/fc-barcelona\\\/ferran-torres-ko-how-many-games-will-he-miss-with-barcelona_315801_102.html\"},\"author\":{\"name\":\"Andr\u00e9s Quiroz\",\"@id\":\"https:\\\/\\\/www.fcbarcelonanoticias.com\\\/en\\\/#\\\/schema\\\/person\\\/c2cd9f6fa1af5c0d0eccd0fefa575c88\"},\"headline\":\"Ferran Torres injured: when will he play for Barcelona again?\",\"datePublished\":\"2026-01-20T15:30:00+00:00\",\"dateModified\":\"2026-01-20T15:31:00+00:00\",\"mainEntityOfPage\":{\"@id\":\"https:\\\/\\\/www.fcbarcelonanoticias.com\\\/en\\\/fc-barcelona\\\/ferran-torres-ko-how-many-games-will-he-miss-with-barcelona_315801_102.html\"},\"wordCount\":558,\"image\":{\"@id\":\"https:\\\/\\\/www.fcbarcelonanoticias.com\\\/en\\\/fc-barcelona\\\/ferran-torres-ko-how-many-games-will-he-miss-with-barcelona_315801_102.html#primaryimage\"},\"thumbnailUrl\":\"https:\\\/\\\/www.fcbarcelonanoticias.com\\\/en\\\/wp-content\\\/uploads\\\/sites\\\/2\\\/2026\\\/01\\\/ferran-torres-calentamiento-champions-25-26-1.jpeg\",\"keywords\":[\"Ferran Torres\",\"Ferran Torres\",\"injured\"],\"articleSection\":[\"FC Barcelona\"],\"inLanguage\":\"en-US\"},{\"@type\":\"WebPage\",\"@id\":\"https:\\\/\\\/www.fcbarcelonanoticias.com\\\/en\\\/fc-barcelona\\\/ferran-torres-ko-how-many-games-will-he-miss-with-barcelona_315801_102.html\",\"url\":\"https:\\\/\\\/www.fcbarcelonanoticias.com\\\/en\\\/fc-barcelona\\\/ferran-torres-ko-how-many-games-will-he-miss-with-barcelona_315801_102.html\",\"name\":\"Ferran Torres KO: how many games will he miss with Bar\u00e7a\",\"isPartOf\":{\"@id\":\"https:\\\/\\\/www.fcbarcelonanoticias.com\\\/en\\\/#website\"},\"primaryImageOfPage\":{\"@id\":\"https:\\\/\\\/www.fcbarcelonanoticias.com\\\/en\\\/fc-barcelona\\\/ferran-torres-ko-how-many-games-will-he-miss-with-barcelona_315801_102.html#primaryimage\"},\"image\":{\"@id\":\"https:\\\/\\\/www.fcbarcelonanoticias.com\\\/en\\\/fc-barcelona\\\/ferran-torres-ko-how-many-games-will-he-miss-with-barcelona_315801_102.html#primaryimage\"},\"thumbnailUrl\":\"https:\\\/\\\/www.fcbarcelonanoticias.com\\\/en\\\/wp-content\\\/uploads\\\/sites\\\/2\\\/2026\\\/01\\\/ferran-torres-calentamiento-champions-25-26-1.jpeg\",\"datePublished\":\"2026-01-20T15:30:00+00:00\",\"dateModified\":\"2026-01-20T15:31:00+00:00\",\"author\":{\"@id\":\"https:\\\/\\\/www.fcbarcelonanoticias.com\\\/en\\\/#\\\/schema\\\/person\\\/c2cd9f6fa1af5c0d0eccd0fefa575c88\"},\"description\":\"Barcelona confirmed the absence of Ferran Torres for the match against Slavia Prague. The forward is suffering from a minor injury to his right leg\",\"breadcrumb\":{\"@id\":\"https:\\\/\\\/www.fcbarcelonanoticias.com\\\/en\\\/fc-barcelona\\\/ferran-torres-ko-how-many-games-will-he-miss-with-barcelona_315801_102.html#breadcrumb\"},\"inLanguage\":\"en-US\",\"potentialAction\":[{\"@type\":\"ReadAction\",\"target\":[\"https:\\\/\\\/www.fcbarcelonanoticias.com\\\/en\\\/fc-barcelona\\\/ferran-torres-ko-how-many-games-will-he-miss-with-barcelona_315801_102.html\"]}]},{\"@type\":\"ImageObject\",\"inLanguage\":\"en-US\",\"@id\":\"https:\\\/\\\/www.fcbarcelonanoticias.com\\\/en\\\/fc-barcelona\\\/ferran-torres-ko-how-many-games-will-he-miss-with-barcelona_315801_102.html#primaryimage\",\"url\":\"https:\\\/\\\/www.fcbarcelonanoticias.com\\\/en\\\/wp-content\\\/uploads\\\/sites\\\/2\\\/2026\\\/01\\\/ferran-torres-calentamiento-champions-25-26-1.jpeg\",\"contentUrl\":\"https:\\\/\\\/www.fcbarcelonanoticias.com\\\/en\\\/wp-content\\\/uploads\\\/sites\\\/2\\\/2026\\\/01\\\/ferran-torres-calentamiento-champions-25-26-1.jpeg\",\"width\":1300,\"height\":732},{\"@type\":\"BreadcrumbList\",\"@id\":\"https:\\\/\\\/www.fcbarcelonanoticias.com\\\/en\\\/fc-barcelona\\\/ferran-torres-ko-how-many-games-will-he-miss-with-barcelona_315801_102.html#breadcrumb\",\"itemListElement\":[{\"@type\":\"ListItem\",\"position\":1,\"name\":\"Portada\",\"item\":\"https:\\\/\\\/www.fcbarcelonanoticias.com\\\/en\\\/\"},{\"@type\":\"ListItem\",\"position\":2,\"name\":\"Ferran Torres injured: when will he play for Barcelona again?\"}]},{\"@type\":\"WebSite\",\"@id\":\"https:\\\/\\\/www.fcbarcelonanoticias.com\\\/en\\\/#website\",\"url\":\"https:\\\/\\\/www.fcbarcelonanoticias.com\\\/en\\\/\",\"name\":\"EN - FC Barcelona Noticias\",\"description\":\"\",\"potentialAction\":[{\"@type\":\"SearchAction\",\"target\":{\"@type\":\"EntryPoint\",\"urlTemplate\":\"https:\\\/\\\/www.fcbarcelonanoticias.com\\\/en\\\/?s={search_term_string}\"},\"query-input\":{\"@type\":\"PropertyValueSpecification\",\"valueRequired\":true,\"valueName\":\"search_term_string\"}}],\"inLanguage\":\"en-US\"},{\"@type\":\"Person\",\"@id\":\"https:\\\/\\\/www.fcbarcelonanoticias.com\\\/en\\\/#\\\/schema\\\/person\\\/c2cd9f6fa1af5c0d0eccd0fefa575c88\",\"name\":\"Andr\u00e9s Quiroz\",\"image\":{\"@type\":\"ImageObject\",\"inLanguage\":\"en-US\",\"@id\":\"https:\\\/\\\/secure.gravatar.com\\\/avatar\\\/?s=96&d=mm&r=g\",\"url\":\"https:\\\/\\\/secure.gravatar.com\\\/avatar\\\/?s=96&d=mm&r=g\",\"contentUrl\":\"https:\\\/\\\/secure.gravatar.com\\\/avatar\\\/?s=96&d=mm&r=g\",\"caption\":\"Andr\u00e9s Quiroz\"},\"description\":\"Licenciado en Periodismo por la Universidad de los Andes. Me encargo de analizar y compartir los contenidos m\u00e1s destacados de la\u00a0actualidad del F\u00fatbol Club Barcelona, Mercado de Fichajes y F\u00fatbol Internacional en FCBN. La informaci\u00f3n es poder, pero tambi\u00e9n conocimiento.\",\"url\":\"https:\\\/\\\/www.fcbarcelonanoticias.com\\\/en\\\/fc-barcelona\\\/andres-quiroz_17_115.html\"}]}<\/script>\n<!-- \/ Yoast SEO plugin. -->","yoast_head_json":{"title":"Ferran Torres KO: how many games will he miss with Bar\u00e7a","description":"Barcelona confirmed the absence of Ferran Torres for the match against Slavia Prague. The forward is suffering from a minor injury to his right leg","robots":{"index":"index","follow":"follow","max-snippet":"max-snippet:-1","max-image-preview":"max-image-preview:large","max-video-preview":"max-video-preview:-1"},"canonical":"https:\/\/www.fcbarcelonanoticias.com\/en\/fc-barcelona\/ferran-torres-ko-how-many-games-will-he-miss-with-barcelona_315801_102.html","og_locale":"en_US","og_type":"article","og_title":"Ferran Torres KO: how many games will he miss with Bar\u00e7a","og_description":"Barcelona confirmed the absence of Ferran Torres for the match against Slavia Prague. The forward is suffering from a minor injury to his right leg","og_url":"https:\/\/www.fcbarcelonanoticias.com\/en\/fc-barcelona\/ferran-torres-ko-how-many-games-will-he-miss-with-barcelona_315801_102.html","og_site_name":"EN - FC Barcelona Noticias","article_published_time":"2026-01-20T15:30:00+00:00","article_modified_time":"2026-01-20T15:31:00+00:00","og_image":[{"width":1300,"height":732,"url":"https:\/\/www.fcbarcelonanoticias.com\/en\/wp-content\/uploads\/sites\/2\/2026\/01\/ferran-torres-calentamiento-champions-25-26-1.jpeg","type":"image\/jpeg"}],"author":"Andr\u00e9s Quiroz","twitter_card":"summary_large_image","twitter_misc":{"Written by":"Andr\u00e9s Quiroz","Est. reading time":"3 minutes"},"schema":{"@context":"https:\/\/schema.org","@graph":[{"@type":"Article","@id":"https:\/\/www.fcbarcelonanoticias.com\/en\/fc-barcelona\/ferran-torres-ko-how-many-games-will-he-miss-with-barcelona_315801_102.html#article","isPartOf":{"@id":"https:\/\/www.fcbarcelonanoticias.com\/en\/fc-barcelona\/ferran-torres-ko-how-many-games-will-he-miss-with-barcelona_315801_102.html"},"author":{"name":"Andr\u00e9s Quiroz","@id":"https:\/\/www.fcbarcelonanoticias.com\/en\/#\/schema\/person\/c2cd9f6fa1af5c0d0eccd0fefa575c88"},"headline":"Ferran Torres injured: when will he play for Barcelona again?","datePublished":"2026-01-20T15:30:00+00:00","dateModified":"2026-01-20T15:31:00+00:00","mainEntityOfPage":{"@id":"https:\/\/www.fcbarcelonanoticias.com\/en\/fc-barcelona\/ferran-torres-ko-how-many-games-will-he-miss-with-barcelona_315801_102.html"},"wordCount":558,"image":{"@id":"https:\/\/www.fcbarcelonanoticias.com\/en\/fc-barcelona\/ferran-torres-ko-how-many-games-will-he-miss-with-barcelona_315801_102.html#primaryimage"},"thumbnailUrl":"https:\/\/www.fcbarcelonanoticias.com\/en\/wp-content\/uploads\/sites\/2\/2026\/01\/ferran-torres-calentamiento-champions-25-26-1.jpeg","keywords":["Ferran Torres","Ferran Torres","injured"],"articleSection":["FC Barcelona"],"inLanguage":"en-US"},{"@type":"WebPage","@id":"https:\/\/www.fcbarcelonanoticias.com\/en\/fc-barcelona\/ferran-torres-ko-how-many-games-will-he-miss-with-barcelona_315801_102.html","url":"https:\/\/www.fcbarcelonanoticias.com\/en\/fc-barcelona\/ferran-torres-ko-how-many-games-will-he-miss-with-barcelona_315801_102.html","name":"Ferran Torres KO: how many games will he miss with Bar\u00e7a","isPartOf":{"@id":"https:\/\/www.fcbarcelonanoticias.com\/en\/#website"},"primaryImageOfPage":{"@id":"https:\/\/www.fcbarcelonanoticias.com\/en\/fc-barcelona\/ferran-torres-ko-how-many-games-will-he-miss-with-barcelona_315801_102.html#primaryimage"},"image":{"@id":"https:\/\/www.fcbarcelonanoticias.com\/en\/fc-barcelona\/ferran-torres-ko-how-many-games-will-he-miss-with-barcelona_315801_102.html#primaryimage"},"thumbnailUrl":"https:\/\/www.fcbarcelonanoticias.com\/en\/wp-content\/uploads\/sites\/2\/2026\/01\/ferran-torres-calentamiento-champions-25-26-1.jpeg","datePublished":"2026-01-20T15:30:00+00:00","dateModified":"2026-01-20T15:31:00+00:00","author":{"@id":"https:\/\/www.fcbarcelonanoticias.com\/en\/#\/schema\/person\/c2cd9f6fa1af5c0d0eccd0fefa575c88"},"description":"Barcelona confirmed the absence of Ferran Torres for the match against Slavia Prague. The forward is suffering from a minor injury to his right leg","breadcrumb":{"@id":"https:\/\/www.fcbarcelonanoticias.com\/en\/fc-barcelona\/ferran-torres-ko-how-many-games-will-he-miss-with-barcelona_315801_102.html#breadcrumb"},"inLanguage":"en-US","potentialAction":[{"@type":"ReadAction","target":["https:\/\/www.fcbarcelonanoticias.com\/en\/fc-barcelona\/ferran-torres-ko-how-many-games-will-he-miss-with-barcelona_315801_102.html"]}]},{"@type":"ImageObject","inLanguage":"en-US","@id":"https:\/\/www.fcbarcelonanoticias.com\/en\/fc-barcelona\/ferran-torres-ko-how-many-games-will-he-miss-with-barcelona_315801_102.html#primaryimage","url":"https:\/\/www.fcbarcelonanoticias.com\/en\/wp-content\/uploads\/sites\/2\/2026\/01\/ferran-torres-calentamiento-champions-25-26-1.jpeg","contentUrl":"https:\/\/www.fcbarcelonanoticias.com\/en\/wp-content\/uploads\/sites\/2\/2026\/01\/ferran-torres-calentamiento-champions-25-26-1.jpeg","width":1300,"height":732},{"@type":"BreadcrumbList","@id":"https:\/\/www.fcbarcelonanoticias.com\/en\/fc-barcelona\/ferran-torres-ko-how-many-games-will-he-miss-with-barcelona_315801_102.html#breadcrumb","itemListElement":[{"@type":"ListItem","position":1,"name":"Portada","item":"https:\/\/www.fcbarcelonanoticias.com\/en\/"},{"@type":"ListItem","position":2,"name":"Ferran Torres injured: when will he play for Barcelona again?"}]},{"@type":"WebSite","@id":"https:\/\/www.fcbarcelonanoticias.com\/en\/#website","url":"https:\/\/www.fcbarcelonanoticias.com\/en\/","name":"EN - FC Barcelona Noticias","description":"","potentialAction":[{"@type":"SearchAction","target":{"@type":"EntryPoint","urlTemplate":"https:\/\/www.fcbarcelonanoticias.com\/en\/?s={search_term_string}"},"query-input":{"@type":"PropertyValueSpecification","valueRequired":true,"valueName":"search_term_string"}}],"inLanguage":"en-US"},{"@type":"Person","@id":"https:\/\/www.fcbarcelonanoticias.com\/en\/#\/schema\/person\/c2cd9f6fa1af5c0d0eccd0fefa575c88","name":"Andr\u00e9s Quiroz","image":{"@type":"ImageObject","inLanguage":"en-US","@id":"https:\/\/secure.gravatar.com\/avatar\/?s=96&d=mm&r=g","url":"https:\/\/secure.gravatar.com\/avatar\/?s=96&d=mm&r=g","contentUrl":"https:\/\/secure.gravatar.com\/avatar\/?s=96&d=mm&r=g","caption":"Andr\u00e9s Quiroz"},"description":"Licenciado en Periodismo por la Universidad de los Andes. Me encargo de analizar y compartir los contenidos m\u00e1s destacados de la\u00a0actualidad del F\u00fatbol Club Barcelona, Mercado de Fichajes y F\u00fatbol Internacional en FCBN. La informaci\u00f3n es poder, pero tambi\u00e9n conocimiento.","url":"https:\/\/www.fcbarcelonanoticias.com\/en\/fc-barcelona\/andres-quiroz_17_115.html"}]}},"_links":{"self":[{"href":"https:\/\/www.fcbarcelonanoticias.com\/en\/wp-json\/wp\/v2\/posts\/105582","targetHints":{"allow":["GET"]}}],"collection":[{"href":"https:\/\/www.fcbarcelonanoticias.com\/en\/wp-json\/wp\/v2\/posts"}],"about":[{"href":"https:\/\/www.fcbarcelonanoticias.com\/en\/wp-json\/wp\/v2\/types\/post"}],"author":[{"embeddable":true,"href":"https:\/\/www.fcbarcelonanoticias.com\/en\/wp-json\/wp\/v2\/users\/347"}],"replies":[{"embeddable":true,"href":"https:\/\/www.fcbarcelonanoticias.com\/en\/wp-json\/wp\/v2\/comments?post=105582"}],"version-history":[{"count":1,"href":"https:\/\/www.fcbarcelonanoticias.com\/en\/wp-json\/wp\/v2\/posts\/105582\/revisions"}],"predecessor-version":[{"id":147553,"href":"https:\/\/www.fcbarcelonanoticias.com\/en\/wp-json\/wp\/v2\/posts\/105582\/revisions\/147553"}],"wp:featuredmedia":[{"embeddable":true,"href":"https:\/\/www.fcbarcelonanoticias.com\/en\/wp-json\/wp\/v2\/media\/105585"}],"wp:attachment":[{"href":"https:\/\/www.fcbarcelonanoticias.com\/en\/wp-json\/wp\/v2\/media?parent=105582"}],"wp:term":[{"taxonomy":"category","embeddable":true,"href":"https:\/\/www.fcbarcelonanoticias.com\/en\/wp-json\/wp\/v2\/categories?post=105582"},{"taxonomy":"post_tag","embeddable":true,"href":"https:\/\/www.fcbarcelonanoticias.com\/en\/wp-json\/wp\/v2\/tags?post=105582"}],"curies":[{"name":"wp","href":"https:\/\/api.w.org\/{rel}","templated":true}]}}