{"id":106020,"date":"2023-09-20T18:51:00","date_gmt":"2023-09-20T16:51:00","guid":{"rendered":"https:\/\/weisetech.dev\/fc-barcelona-noticias\/en\/mingueza-desvela-if-it-would-celebrate-or-no-goal-against-barca_296335_102\/"},"modified":"2023-09-20T18:51:00","modified_gmt":"2023-09-20T16:51:00","slug":"mingueza-desvela-if-it-would-celebrate-or-no-goal-against-barca_296335_102","status":"publish","type":"post","link":"https:\/\/www.fcbarcelonanoticias.com\/en\/fc-barcelona\/mingueza-desvela-if-it-would-celebrate-or-no-goal-against-barca_296335_102.html","title":{"rendered":"Mingueza reveals whether he would celebrate a goal against Bar\u00e7a"},"content":{"rendered":"<h2 class=\"wp-block-heading\">The FC Barcelona will have to try surprise to an old known this next weekend. Mingueza Will be at the top of the cul\u00e9s and the defender also has  &#8216;wetted&#8217; on if it will celebrate a possible goal that could mark<\/h2>  \r\n<div class=\"article-addons\">\r\n    <a href=\"https:\/\/www.fcbarcelonanoticias.com\/en\/calendar-fc-barcelona.html\"\r\n       target=\"_self\"\r\n       title=\"Calendar of FC Barcelona\"\r\n       class=\"blue-gredient-btn\">\r\n       \r\n        Calendar of FC Barcelona    <\/a>\r\n<\/div>   <p>\u00d3scar Mingueza surely can be the one who better know to the next rival of the Celtic of Vigo. <strong>The Galician team <a data-external=\"0\" data-intl-links-en=\"https:\/\/www.fcbarcelonanoticias.com\/en\/calendar-fc-barcelona.html\" data-intl-links-es=\"https:\/\/www.fcbarcelonanoticias.com\/calendario-fcbarcelona.html\" href=\"https:\/\/www.fcbarcelonanoticias.com\/en\/calendar-fc-barcelona.html\" rel=\"follow\" target=\"_self\" title=\"Calendario FC Barcelona 2023-2024\">will visit this next weekend to the FC Barcelona<\/a>, club in which it formed the defender from the 2014,<\/strong> arriving to the first Barcelona team in 2020 and remaining two seasons, taking advantage of especially a moment in the staff in which the defenders did not abound.<\/p>  <p>Now the right side, and also central in occasions, will have to try brake to players like G\u00fcndogan, Lewandowski or Jo\u00e3or F\u00e9lix, all arrived to the Bar\u00e7a back to his exit to Vigo, where this season is being indisputable with Rafa Ben\u00edtez. <strong>Thinking in this, Mingueza ensured that &#8220;we can not leave them think&#8221; so that they do not generate them a lot of occasions of goal. Besides it recognised that it would not be able to celebrate a goal in front of the team that &#8220;has given it to me everything&#8221;.<\/strong><\/p>  <h2>Mingueza Has clear the growth that has had the Bar\u00e7a<\/h2>  <p>They have done a very good staff. It seems that in these parties are going out them the things but do not think that was question of luck, carry time with the m\u00edster, working what want.<strong> Now they are more effective&#8221;, ensured. &#8220;It goes to be a very difficult party, know that the Bar\u00e7a, in his field with his fans, was the Camp Nou or Montju\u00efc,<\/strong> goes to be a very difficult party. They have very clear what play and do it very well. We also have clear what do. We go to go here to a war&#8221;, analysed the defender.<\/p>  <p>&#8220;The Bar\u00e7a always goes to try mark all the goals that can. I was with Xavi and his technical body and neither a friendly slackened. They go to go to the maximum, we also with this mentality because if no there will be way to take out at all here&#8221;, puntualiz\u00f3. <strong>And it is that Mingueza completed the first season of the egarense like m\u00edster of the first Barcelona team, one in which it finished everything with a bitter elimination in Europe and a second place in League without being able to compete in front of the Real Madrid.<\/strong><\/p>  <h2>Celebrate or not celebrating in front of the Bar\u00e7a in the middle of a very important work<\/h2>  <p>Finally puntualiz\u00f3 if it could celebrate a goal in front of the Bar\u00e7a. Ensuring that &#8220;I will put me happy but neither will do any excessive celebration. <strong>They have given me a lot in Barcelona, has given me everything: the education, the knowledges of football, bred me here. I have to them all&#8221;, resolved.<\/strong> Equally it mentioned <a data-external=\"0\" data-intl-links-en=\"https:\/\/www.fcbarcelonanoticias.com\/en\/players\/the-reborn-joao-felix-confirms-his-big-moment-with-two-goals-and-another-mvp_296310_102.html\" data-intl-links-es=\"https:\/\/www.fcbarcelonanoticias.com\/jugadores\/el-renacido-joao-felix-confirma-su-gran-momento-con-dos-goles-otro-mvp_296310_102.html\" href=\"https:\/\/www.fcbarcelonanoticias.com\/en\/players\/the-reborn-joao-felix-confirms-his-big-moment-with-two-goals-and-another-mvp_296310_102.html\" rel=\"follow\" target=\"_self\" title=\"\u00a1El renacido! Joao F\u00e9lix confirma su gran momento con dos goles y otro MVP\">on Joao F\u00e9lix<\/a> that &#8220;if some time receive as be cerquita, presionarlo and not to give him time to think because if it does not go us to hurt&#8221;, explained Mingueza.<\/p> ","protected":false},"excerpt":{"rendered":"<p>The FC Barcelona will have to try surprise to an old known this next weekend. Mingueza Will be at the top of the cul\u00e9s and the defender also has &#8216;wetted&#8217; on if it will celebrate a possible goal that could mark \u00d3scar Mingueza surely can be the one who better know to the next rival [&hellip;]<\/p>\n","protected":false},"author":345,"featured_media":106025,"comment_status":"closed","ping_status":"open","sticky":false,"template":"","format":"standard","meta":{"_acf_changed":false,"inline_featured_image":false,"_nextfly_llmd_date_locked":false,"footnotes":""},"categories":[111],"tags":[71,352,181],"class_list":["post-106020","post","type-post","status-publish","format-standard","has-post-thumbnail","hentry","category-fc-barcelona","tag-celtic-of-vigo","tag-mingueza","tag-the-masia"],"acf":[],"yoast_head":"<!-- This site is optimized with the Yoast SEO plugin v27.3 - https:\/\/yoast.com\/product\/yoast-seo-wordpress\/ -->\n<title>Mingueza reveals whether he would celebrate a goal against Bar\u00e7a<\/title>\n<meta name=\"description\" content=\"The FC Barcelona will have to try surprise to an old known this next weekend. Mingueza Will be at the top of the cul\u00e9s and the defender also has &#039;wetted&#039; on if it will celebrate a possible goal that could mark\" \/>\n<meta name=\"robots\" content=\"index, follow, max-snippet:-1, max-image-preview:large, max-video-preview:-1\" \/>\n<link rel=\"canonical\" href=\"https:\/\/www.fcbarcelonanoticias.com\/en\/fc-barcelona\/mingueza-desvela-if-it-would-celebrate-or-no-goal-against-barca_296335_102.html\" \/>\n<meta property=\"og:locale\" content=\"en_US\" \/>\n<meta property=\"og:type\" content=\"article\" \/>\n<meta property=\"og:title\" content=\"Mingueza reveals whether he would celebrate a goal against Bar\u00e7a\" \/>\n<meta property=\"og:description\" content=\"The FC Barcelona will have to try surprise to an old known this next weekend. Mingueza Will be at the top of the cul\u00e9s and the defender also has &#039;wetted&#039; on if it will celebrate a possible goal that could mark\" \/>\n<meta property=\"og:url\" content=\"https:\/\/www.fcbarcelonanoticias.com\/en\/fc-barcelona\/mingueza-desvela-if-it-would-celebrate-or-no-goal-against-barca_296335_102.html\" \/>\n<meta property=\"og:site_name\" content=\"EN - FC Barcelona Noticias\" \/>\n<meta property=\"article:published_time\" content=\"2023-09-20T16:51:00+00:00\" \/>\n<meta property=\"og:image\" content=\"https:\/\/www.fcbarcelonanoticias.com\/en\/wp-content\/uploads\/sites\/2\/2023\/09\/mingueza-partido-celta-1.jpeg\" \/>\n\t<meta property=\"og:image:width\" content=\"1300\" \/>\n\t<meta property=\"og:image:height\" content=\"734\" \/>\n\t<meta property=\"og:image:type\" content=\"image\/jpeg\" \/>\n<meta name=\"author\" content=\"Carlos Montenegro\" \/>\n<meta name=\"twitter:card\" content=\"summary_large_image\" \/>\n<meta name=\"twitter:label1\" content=\"Written by\" \/>\n\t<meta name=\"twitter:data1\" content=\"Carlos Montenegro\" \/>\n\t<meta name=\"twitter:label2\" content=\"Est. reading time\" \/>\n\t<meta name=\"twitter:data2\" content=\"3 minutes\" \/>\n<script type=\"application\/ld+json\" class=\"yoast-schema-graph\">{\"@context\":\"https:\\\/\\\/schema.org\",\"@graph\":[{\"@type\":\"Article\",\"@id\":\"https:\\\/\\\/www.fcbarcelonanoticias.com\\\/en\\\/fc-barcelona\\\/mingueza-desvela-if-it-would-celebrate-or-no-goal-against-barca_296335_102.html#article\",\"isPartOf\":{\"@id\":\"https:\\\/\\\/www.fcbarcelonanoticias.com\\\/en\\\/fc-barcelona\\\/mingueza-desvela-if-it-would-celebrate-or-no-goal-against-barca_296335_102.html\"},\"author\":{\"name\":\"Carlos Montenegro\",\"@id\":\"https:\\\/\\\/www.fcbarcelonanoticias.com\\\/en\\\/#\\\/schema\\\/person\\\/aa1d038709c262cb247e240f6b39bbf5\"},\"headline\":\"Mingueza reveals whether he would celebrate a goal against Bar\u00e7a\",\"datePublished\":\"2023-09-20T16:51:00+00:00\",\"mainEntityOfPage\":{\"@id\":\"https:\\\/\\\/www.fcbarcelonanoticias.com\\\/en\\\/fc-barcelona\\\/mingueza-desvela-if-it-would-celebrate-or-no-goal-against-barca_296335_102.html\"},\"wordCount\":541,\"image\":{\"@id\":\"https:\\\/\\\/www.fcbarcelonanoticias.com\\\/en\\\/fc-barcelona\\\/mingueza-desvela-if-it-would-celebrate-or-no-goal-against-barca_296335_102.html#primaryimage\"},\"thumbnailUrl\":\"https:\\\/\\\/www.fcbarcelonanoticias.com\\\/en\\\/wp-content\\\/uploads\\\/sites\\\/2\\\/2023\\\/09\\\/mingueza-partido-celta-1.jpeg\",\"keywords\":[\"Celtic of Vigo\",\"Mingueza\",\"The Masia\"],\"articleSection\":[\"FC Barcelona\"],\"inLanguage\":\"en-US\"},{\"@type\":\"WebPage\",\"@id\":\"https:\\\/\\\/www.fcbarcelonanoticias.com\\\/en\\\/fc-barcelona\\\/mingueza-desvela-if-it-would-celebrate-or-no-goal-against-barca_296335_102.html\",\"url\":\"https:\\\/\\\/www.fcbarcelonanoticias.com\\\/en\\\/fc-barcelona\\\/mingueza-desvela-if-it-would-celebrate-or-no-goal-against-barca_296335_102.html\",\"name\":\"Mingueza reveals whether he would celebrate a goal against Bar\u00e7a\",\"isPartOf\":{\"@id\":\"https:\\\/\\\/www.fcbarcelonanoticias.com\\\/en\\\/#website\"},\"primaryImageOfPage\":{\"@id\":\"https:\\\/\\\/www.fcbarcelonanoticias.com\\\/en\\\/fc-barcelona\\\/mingueza-desvela-if-it-would-celebrate-or-no-goal-against-barca_296335_102.html#primaryimage\"},\"image\":{\"@id\":\"https:\\\/\\\/www.fcbarcelonanoticias.com\\\/en\\\/fc-barcelona\\\/mingueza-desvela-if-it-would-celebrate-or-no-goal-against-barca_296335_102.html#primaryimage\"},\"thumbnailUrl\":\"https:\\\/\\\/www.fcbarcelonanoticias.com\\\/en\\\/wp-content\\\/uploads\\\/sites\\\/2\\\/2023\\\/09\\\/mingueza-partido-celta-1.jpeg\",\"datePublished\":\"2023-09-20T16:51:00+00:00\",\"author\":{\"@id\":\"https:\\\/\\\/www.fcbarcelonanoticias.com\\\/en\\\/#\\\/schema\\\/person\\\/aa1d038709c262cb247e240f6b39bbf5\"},\"description\":\"The FC Barcelona will have to try surprise to an old known this next weekend. Mingueza Will be at the top of the cul\u00e9s and the defender also has 'wetted' on if it will celebrate a possible goal that could mark\",\"breadcrumb\":{\"@id\":\"https:\\\/\\\/www.fcbarcelonanoticias.com\\\/en\\\/fc-barcelona\\\/mingueza-desvela-if-it-would-celebrate-or-no-goal-against-barca_296335_102.html#breadcrumb\"},\"inLanguage\":\"en-US\",\"potentialAction\":[{\"@type\":\"ReadAction\",\"target\":[\"https:\\\/\\\/www.fcbarcelonanoticias.com\\\/en\\\/fc-barcelona\\\/mingueza-desvela-if-it-would-celebrate-or-no-goal-against-barca_296335_102.html\"]}]},{\"@type\":\"ImageObject\",\"inLanguage\":\"en-US\",\"@id\":\"https:\\\/\\\/www.fcbarcelonanoticias.com\\\/en\\\/fc-barcelona\\\/mingueza-desvela-if-it-would-celebrate-or-no-goal-against-barca_296335_102.html#primaryimage\",\"url\":\"https:\\\/\\\/www.fcbarcelonanoticias.com\\\/en\\\/wp-content\\\/uploads\\\/sites\\\/2\\\/2023\\\/09\\\/mingueza-partido-celta-1.jpeg\",\"contentUrl\":\"https:\\\/\\\/www.fcbarcelonanoticias.com\\\/en\\\/wp-content\\\/uploads\\\/sites\\\/2\\\/2023\\\/09\\\/mingueza-partido-celta-1.jpeg\",\"width\":1300,\"height\":734},{\"@type\":\"BreadcrumbList\",\"@id\":\"https:\\\/\\\/www.fcbarcelonanoticias.com\\\/en\\\/fc-barcelona\\\/mingueza-desvela-if-it-would-celebrate-or-no-goal-against-barca_296335_102.html#breadcrumb\",\"itemListElement\":[{\"@type\":\"ListItem\",\"position\":1,\"name\":\"Portada\",\"item\":\"https:\\\/\\\/www.fcbarcelonanoticias.com\\\/en\\\/\"},{\"@type\":\"ListItem\",\"position\":2,\"name\":\"Mingueza reveals whether he would celebrate a goal against Bar\u00e7a\"}]},{\"@type\":\"WebSite\",\"@id\":\"https:\\\/\\\/www.fcbarcelonanoticias.com\\\/en\\\/#website\",\"url\":\"https:\\\/\\\/www.fcbarcelonanoticias.com\\\/en\\\/\",\"name\":\"EN - FC Barcelona Noticias\",\"description\":\"\",\"potentialAction\":[{\"@type\":\"SearchAction\",\"target\":{\"@type\":\"EntryPoint\",\"urlTemplate\":\"https:\\\/\\\/www.fcbarcelonanoticias.com\\\/en\\\/?s={search_term_string}\"},\"query-input\":{\"@type\":\"PropertyValueSpecification\",\"valueRequired\":true,\"valueName\":\"search_term_string\"}}],\"inLanguage\":\"en-US\"},{\"@type\":\"Person\",\"@id\":\"https:\\\/\\\/www.fcbarcelonanoticias.com\\\/en\\\/#\\\/schema\\\/person\\\/aa1d038709c262cb247e240f6b39bbf5\",\"name\":\"Carlos Montenegro\",\"image\":{\"@type\":\"ImageObject\",\"inLanguage\":\"en-US\",\"@id\":\"https:\\\/\\\/secure.gravatar.com\\\/avatar\\\/?s=96&d=mm&r=g\",\"url\":\"https:\\\/\\\/secure.gravatar.com\\\/avatar\\\/?s=96&d=mm&r=g\",\"contentUrl\":\"https:\\\/\\\/secure.gravatar.com\\\/avatar\\\/?s=96&d=mm&r=g\",\"caption\":\"Carlos Montenegro\"},\"url\":\"https:\\\/\\\/www.fcbarcelonanoticias.com\\\/en\\\/carlos-montenegro_20_115.html\"}]}<\/script>\n<!-- \/ Yoast SEO plugin. -->","yoast_head_json":{"title":"Mingueza reveals whether he would celebrate a goal against Bar\u00e7a","description":"The FC Barcelona will have to try surprise to an old known this next weekend. Mingueza Will be at the top of the cul\u00e9s and the defender also has 'wetted' on if it will celebrate a possible goal that could mark","robots":{"index":"index","follow":"follow","max-snippet":"max-snippet:-1","max-image-preview":"max-image-preview:large","max-video-preview":"max-video-preview:-1"},"canonical":"https:\/\/www.fcbarcelonanoticias.com\/en\/fc-barcelona\/mingueza-desvela-if-it-would-celebrate-or-no-goal-against-barca_296335_102.html","og_locale":"en_US","og_type":"article","og_title":"Mingueza reveals whether he would celebrate a goal against Bar\u00e7a","og_description":"The FC Barcelona will have to try surprise to an old known this next weekend. Mingueza Will be at the top of the cul\u00e9s and the defender also has 'wetted' on if it will celebrate a possible goal that could mark","og_url":"https:\/\/www.fcbarcelonanoticias.com\/en\/fc-barcelona\/mingueza-desvela-if-it-would-celebrate-or-no-goal-against-barca_296335_102.html","og_site_name":"EN - FC Barcelona Noticias","article_published_time":"2023-09-20T16:51:00+00:00","og_image":[{"width":1300,"height":734,"url":"https:\/\/www.fcbarcelonanoticias.com\/en\/wp-content\/uploads\/sites\/2\/2023\/09\/mingueza-partido-celta-1.jpeg","type":"image\/jpeg"}],"author":"Carlos Montenegro","twitter_card":"summary_large_image","twitter_misc":{"Written by":"Carlos Montenegro","Est. reading time":"3 minutes"},"schema":{"@context":"https:\/\/schema.org","@graph":[{"@type":"Article","@id":"https:\/\/www.fcbarcelonanoticias.com\/en\/fc-barcelona\/mingueza-desvela-if-it-would-celebrate-or-no-goal-against-barca_296335_102.html#article","isPartOf":{"@id":"https:\/\/www.fcbarcelonanoticias.com\/en\/fc-barcelona\/mingueza-desvela-if-it-would-celebrate-or-no-goal-against-barca_296335_102.html"},"author":{"name":"Carlos Montenegro","@id":"https:\/\/www.fcbarcelonanoticias.com\/en\/#\/schema\/person\/aa1d038709c262cb247e240f6b39bbf5"},"headline":"Mingueza reveals whether he would celebrate a goal against Bar\u00e7a","datePublished":"2023-09-20T16:51:00+00:00","mainEntityOfPage":{"@id":"https:\/\/www.fcbarcelonanoticias.com\/en\/fc-barcelona\/mingueza-desvela-if-it-would-celebrate-or-no-goal-against-barca_296335_102.html"},"wordCount":541,"image":{"@id":"https:\/\/www.fcbarcelonanoticias.com\/en\/fc-barcelona\/mingueza-desvela-if-it-would-celebrate-or-no-goal-against-barca_296335_102.html#primaryimage"},"thumbnailUrl":"https:\/\/www.fcbarcelonanoticias.com\/en\/wp-content\/uploads\/sites\/2\/2023\/09\/mingueza-partido-celta-1.jpeg","keywords":["Celtic of Vigo","Mingueza","The Masia"],"articleSection":["FC Barcelona"],"inLanguage":"en-US"},{"@type":"WebPage","@id":"https:\/\/www.fcbarcelonanoticias.com\/en\/fc-barcelona\/mingueza-desvela-if-it-would-celebrate-or-no-goal-against-barca_296335_102.html","url":"https:\/\/www.fcbarcelonanoticias.com\/en\/fc-barcelona\/mingueza-desvela-if-it-would-celebrate-or-no-goal-against-barca_296335_102.html","name":"Mingueza reveals whether he would celebrate a goal against Bar\u00e7a","isPartOf":{"@id":"https:\/\/www.fcbarcelonanoticias.com\/en\/#website"},"primaryImageOfPage":{"@id":"https:\/\/www.fcbarcelonanoticias.com\/en\/fc-barcelona\/mingueza-desvela-if-it-would-celebrate-or-no-goal-against-barca_296335_102.html#primaryimage"},"image":{"@id":"https:\/\/www.fcbarcelonanoticias.com\/en\/fc-barcelona\/mingueza-desvela-if-it-would-celebrate-or-no-goal-against-barca_296335_102.html#primaryimage"},"thumbnailUrl":"https:\/\/www.fcbarcelonanoticias.com\/en\/wp-content\/uploads\/sites\/2\/2023\/09\/mingueza-partido-celta-1.jpeg","datePublished":"2023-09-20T16:51:00+00:00","author":{"@id":"https:\/\/www.fcbarcelonanoticias.com\/en\/#\/schema\/person\/aa1d038709c262cb247e240f6b39bbf5"},"description":"The FC Barcelona will have to try surprise to an old known this next weekend. Mingueza Will be at the top of the cul\u00e9s and the defender also has 'wetted' on if it will celebrate a possible goal that could mark","breadcrumb":{"@id":"https:\/\/www.fcbarcelonanoticias.com\/en\/fc-barcelona\/mingueza-desvela-if-it-would-celebrate-or-no-goal-against-barca_296335_102.html#breadcrumb"},"inLanguage":"en-US","potentialAction":[{"@type":"ReadAction","target":["https:\/\/www.fcbarcelonanoticias.com\/en\/fc-barcelona\/mingueza-desvela-if-it-would-celebrate-or-no-goal-against-barca_296335_102.html"]}]},{"@type":"ImageObject","inLanguage":"en-US","@id":"https:\/\/www.fcbarcelonanoticias.com\/en\/fc-barcelona\/mingueza-desvela-if-it-would-celebrate-or-no-goal-against-barca_296335_102.html#primaryimage","url":"https:\/\/www.fcbarcelonanoticias.com\/en\/wp-content\/uploads\/sites\/2\/2023\/09\/mingueza-partido-celta-1.jpeg","contentUrl":"https:\/\/www.fcbarcelonanoticias.com\/en\/wp-content\/uploads\/sites\/2\/2023\/09\/mingueza-partido-celta-1.jpeg","width":1300,"height":734},{"@type":"BreadcrumbList","@id":"https:\/\/www.fcbarcelonanoticias.com\/en\/fc-barcelona\/mingueza-desvela-if-it-would-celebrate-or-no-goal-against-barca_296335_102.html#breadcrumb","itemListElement":[{"@type":"ListItem","position":1,"name":"Portada","item":"https:\/\/www.fcbarcelonanoticias.com\/en\/"},{"@type":"ListItem","position":2,"name":"Mingueza reveals whether he would celebrate a goal against Bar\u00e7a"}]},{"@type":"WebSite","@id":"https:\/\/www.fcbarcelonanoticias.com\/en\/#website","url":"https:\/\/www.fcbarcelonanoticias.com\/en\/","name":"EN - FC Barcelona Noticias","description":"","potentialAction":[{"@type":"SearchAction","target":{"@type":"EntryPoint","urlTemplate":"https:\/\/www.fcbarcelonanoticias.com\/en\/?s={search_term_string}"},"query-input":{"@type":"PropertyValueSpecification","valueRequired":true,"valueName":"search_term_string"}}],"inLanguage":"en-US"},{"@type":"Person","@id":"https:\/\/www.fcbarcelonanoticias.com\/en\/#\/schema\/person\/aa1d038709c262cb247e240f6b39bbf5","name":"Carlos Montenegro","image":{"@type":"ImageObject","inLanguage":"en-US","@id":"https:\/\/secure.gravatar.com\/avatar\/?s=96&d=mm&r=g","url":"https:\/\/secure.gravatar.com\/avatar\/?s=96&d=mm&r=g","contentUrl":"https:\/\/secure.gravatar.com\/avatar\/?s=96&d=mm&r=g","caption":"Carlos Montenegro"},"url":"https:\/\/www.fcbarcelonanoticias.com\/en\/carlos-montenegro_20_115.html"}]}},"_links":{"self":[{"href":"https:\/\/www.fcbarcelonanoticias.com\/en\/wp-json\/wp\/v2\/posts\/106020","targetHints":{"allow":["GET"]}}],"collection":[{"href":"https:\/\/www.fcbarcelonanoticias.com\/en\/wp-json\/wp\/v2\/posts"}],"about":[{"href":"https:\/\/www.fcbarcelonanoticias.com\/en\/wp-json\/wp\/v2\/types\/post"}],"author":[{"embeddable":true,"href":"https:\/\/www.fcbarcelonanoticias.com\/en\/wp-json\/wp\/v2\/users\/345"}],"replies":[{"embeddable":true,"href":"https:\/\/www.fcbarcelonanoticias.com\/en\/wp-json\/wp\/v2\/comments?post=106020"}],"version-history":[{"count":1,"href":"https:\/\/www.fcbarcelonanoticias.com\/en\/wp-json\/wp\/v2\/posts\/106020\/revisions"}],"predecessor-version":[{"id":147793,"href":"https:\/\/www.fcbarcelonanoticias.com\/en\/wp-json\/wp\/v2\/posts\/106020\/revisions\/147793"}],"wp:featuredmedia":[{"embeddable":true,"href":"https:\/\/www.fcbarcelonanoticias.com\/en\/wp-json\/wp\/v2\/media\/106025"}],"wp:attachment":[{"href":"https:\/\/www.fcbarcelonanoticias.com\/en\/wp-json\/wp\/v2\/media?parent=106020"}],"wp:term":[{"taxonomy":"category","embeddable":true,"href":"https:\/\/www.fcbarcelonanoticias.com\/en\/wp-json\/wp\/v2\/categories?post=106020"},{"taxonomy":"post_tag","embeddable":true,"href":"https:\/\/www.fcbarcelonanoticias.com\/en\/wp-json\/wp\/v2\/tags?post=106020"}],"curies":[{"name":"wp","href":"https:\/\/api.w.org\/{rel}","templated":true}]}}