{"id":106253,"date":"2024-06-04T16:55:00","date_gmt":"2024-06-04T14:55:00","guid":{"rendered":"https:\/\/weisetech.dev\/fc-barcelona-noticias\/en\/musiala-hansi-flick-example-to-start-developing-pedri_304153_102\/"},"modified":"2024-06-05T01:00:00","modified_gmt":"2024-06-04T23:00:00","slug":"musiala-hansi-flick-example-to-start-developing-pedri_304153_102","status":"publish","type":"post","link":"https:\/\/www.fcbarcelonanoticias.com\/en\/fc-barcelona\/musiala-hansi-flick-example-to-start-developing-pedri_304153_102.html","title":{"rendered":"Musiala, Hansi Flick&#8217;s example to start developing Pedri"},"content":{"rendered":"<h2 class=\"wp-block-heading\">Pedri Gonz\u00e1lez is acquiring a new role at FC Barcelona thanks to the management of Hansi Flick. The German coach sees in the Canary Islander the necessary qualities to perform as a midfielder, a position that can greatly benefit the Bar\u00e7a &#8216;8&#8217;<\/h2>  \r\n<div class=\"article-addons\">\r\n    <a href=\"https:\/\/www.fcbarcelonanoticias.com\/en\/calendar-fc-barcelona.html\"\r\n       target=\"_self\"\r\n       title=\"Calendar of FC Barcelona\"\r\n       class=\"blue-gredient-btn\">\r\n       \r\n        Calendar of FC Barcelona    <\/a>\r\n<\/div>   <p>In the City Condal is especulando increasingly on how Hansi Flick will attain to implant his style of game in the FC Barcelona of face to the next season. For this, <strong>varied have tried to establish parallelisms between the current staff of the combined Barcelona and the Bayern of Flick of the campaign 2019\/20<\/strong>, looking for associate some names that fit in the idea of the native of Heidelberg in the combined Bavarian with players that at present are in the changing room cul\u00e9.<\/p>  <p>As it has commented in &#8216;SPORT&#8217;, <strong>the one of Baden-Wurtemberg could see in Pedri Gonz\u00e1lez to a similar player to Jamal Musiala<\/strong>, to the one who had in his moment in the &#8216;Die Roten&#8217; when it was very young and improved him giving him a lot of freedom inside the terrain of game. In this point, the one of Tegueste could have this same impact if it gives him greater leadership in offensive works, since it is a very creative footballer able to cause estragos in the last third of the field, thanks to his vision of game and capacity to endow of good occasions of goal to the forwards with authentic details of special and differential player.<\/p>  <h2>Flick Would see to Pedri exerting works of mediapunta<\/h2>  <p>Under this premise, <strong>the German technician could consider give him to the &#8216;8&#8217; Barcelona a more advanced position like mediapunta<\/strong>, more near of the rival arch, in place to use it like interior a bit more retarded as it did it Xavi Hern\u00e1ndez. This approach has felt if it takes into account that Hansi Flick is used to to employ a tactical diagram of 4-2-3-1 and could have the intention to implement this tactical distribution in the eleven headline of the combined Catalan<\/p>  <p><strong>With this idea in mind, Pedri would play behind Robert Lewandowski<\/strong>, the one who would be the &#8216;9&#8217; reference of the team. The extremes would be Lamine Yamal by the right-handed band and, for now, if there is not new incorporations neither low, Raphinha by the left. Completing the medullary zone, there would be a double pivote formed by \u0130lkay G\u00fcndo\u011fan and Frenkie of Jong, <a data-external=\"0\" data-intl-links-en=\"https:\/\/www.fcbarcelonanoticias.com\/en\/transfers\/hansi-flick-puts-hands-on-work-kimmich-fiche-for-fc-barcelona_304131_102.html\" data-intl-links-es=\"https:\/\/www.fcbarcelonanoticias.com\/fichajes\/hansi-flick-pone-manos-obra-kimmich-fiche-por-fc-barcelona_304131_102.html\" href=\"https:\/\/www.fcbarcelonanoticias.com\/en\/transfers\/hansi-flick-puts-hands-on-work-kimmich-fiche-for-fc-barcelona_304131_102.html\" rel=\"follow\" target=\"_self\" title=\"Hansi Flick se pone manos a la obra para que Kimmich fiche por el Bar\u00e7a\">unless it make the addition of Joshua Kimmich<\/a>, in whose case would occupy one of the two places.<\/p>  <p>It is necessary to remember that in the Bayern of Flick, the diagram 4-2-3-1 explained also with &#8216;Lewy&#8217; as centrodelantero, Thomas Muller like mediapunta, Serge Gnabry in the left side and<a data-external=\"0\" data-intl-links-en=\"https:\/\/www.fcbarcelonanoticias.com\/en\/transfers\/leroy-sane-unchecks-about-his-possible-arrival-at-barca-and-drops-that-he-will-renew-with-bayern_304115_102.html\" data-intl-links-es=\"https:\/\/www.fcbarcelonanoticias.com\/fichajes\/leroy-sane-se-desmarca-sobre-su-posible-llegada-barca-deja-caer-renovara-con-el-bayern_304115_102.html\" href=\"https:\/\/www.fcbarcelonanoticias.com\/en\/transfers\/leroy-sane-unchecks-about-his-possible-arrival-at-barca-and-drops-that-he-will-renew-with-bayern_304115_102.html\" rel=\"follow\" target=\"_self\" title=\"Leroy San\u00e9 se desmarca sobre su posible llegada al Bar\u00e7a y deja caer que renovar\u00e1&nbsp;con&nbsp;el&nbsp;Bayern\"> Leroy San\u00e9 in the right band<\/a>. <strong>The double pivote was composed by Joshua Kimmich and Leon Goretzka, showing the need to have a mediocentro more technical and another more physical and defensive<\/strong>.<\/p>  <h2>Ferm\u00edn L\u00f3pez, another option to take into account<\/h2>  <p>Now it will be necessary to see how Hansi Flick attains to implement his idea of game in the FC Barcelona, taking into account that, <strong>although Pedri is the favourite to exert the paper of mediapunta, Ferm\u00edn L\u00f3pez also has showed conditions to do it<\/strong>, <a data-external=\"0\" data-intl-links-en=\"https:\/\/www.fcbarcelonanoticias.com\/en\/fc-barcelona\/the-role-goleador-of-fermin-lopez-unknown-in-the-barca_303914_102.html\" data-intl-links-es=\"https:\/\/www.fcbarcelonanoticias.com\/fc-barcelona\/rol-goleador-fermin-lopez-desconocido-en-barca_303914_102.html\" href=\"https:\/\/www.fcbarcelonanoticias.com\/en\/players\/the-role-goleador-of-fermin-lopez-unknown-in-the-barca_303914_102.html\" rel=\"follow\" target=\"_self\" title=\"El rol goleador de Ferm\u00edn L\u00f3pez, 'desconocido' en el Bar\u00e7a\">especially by his remarkable capacity to arrive to the area showed recently<\/a>. Besides, the exentrenador of the Hoffenheim also will have to manage of the most optimum way the options to give him time of game to all the midfield players that has to disposal, remembering that it has several talents of first level in this zone of the field and will have to distribute the loads of game of way equitativa.<\/p> ","protected":false},"excerpt":{"rendered":"<p>Pedri Gonz\u00e1lez is acquiring a new role at FC Barcelona thanks to the management of Hansi Flick. The German coach sees in the Canary Islander the necessary qualities to perform as a midfielder, a position that can greatly benefit the Bar\u00e7a &#8216;8&#8217; In the City Condal is especulando increasingly on how Hansi Flick will attain [&hellip;]<\/p>\n","protected":false},"author":355,"featured_media":106254,"comment_status":"closed","ping_status":"open","sticky":false,"template":"","format":"standard","meta":{"_acf_changed":false,"inline_featured_image":false,"_nextfly_llmd_date_locked":false,"footnotes":""},"categories":[111],"tags":[87],"class_list":["post-106253","post","type-post","status-publish","format-standard","has-post-thumbnail","hentry","category-fc-barcelona","tag-hansi-flick"],"acf":[],"yoast_head":"<!-- This site is optimized with the Yoast SEO plugin v27.3 - https:\/\/yoast.com\/product\/yoast-seo-wordpress\/ -->\n<title>Musiala, Hansi Flick&#039;s example to start developing Pedri<\/title>\n<meta name=\"description\" content=\"Pedri Gonz\u00e1lez is acquiring a new role at FC Barcelona thanks to the management of Hansi Flick. The German coach sees in the Canary Islander the necessary qualities to perform as a midfielder, a position that can greatly benefit the Bar\u00e7a &#039;8&#039;\" \/>\n<meta name=\"robots\" content=\"index, follow, max-snippet:-1, max-image-preview:large, max-video-preview:-1\" \/>\n<link rel=\"canonical\" href=\"https:\/\/www.fcbarcelonanoticias.com\/en\/fc-barcelona\/musiala-hansi-flick-example-to-start-developing-pedri_304153_102.html\" \/>\n<meta property=\"og:locale\" content=\"en_US\" \/>\n<meta property=\"og:type\" content=\"article\" \/>\n<meta property=\"og:title\" content=\"Musiala, Hansi Flick&#039;s example to start developing Pedri\" \/>\n<meta property=\"og:description\" content=\"Pedri Gonz\u00e1lez is acquiring a new role at FC Barcelona thanks to the management of Hansi Flick. The German coach sees in the Canary Islander the necessary qualities to perform as a midfielder, a position that can greatly benefit the Bar\u00e7a &#039;8&#039;\" \/>\n<meta property=\"og:url\" content=\"https:\/\/www.fcbarcelonanoticias.com\/en\/fc-barcelona\/musiala-hansi-flick-example-to-start-developing-pedri_304153_102.html\" \/>\n<meta property=\"og:site_name\" content=\"EN - FC Barcelona Noticias\" \/>\n<meta property=\"article:published_time\" content=\"2024-06-04T14:55:00+00:00\" \/>\n<meta property=\"article:modified_time\" content=\"2024-06-04T23:00:00+00:00\" \/>\n<meta property=\"og:image\" content=\"https:\/\/www.fcbarcelonanoticias.com\/en\/wp-content\/uploads\/sites\/2\/2024\/06\/pedri-v-valencia.jpeg\" \/>\n\t<meta property=\"og:image:width\" content=\"1300\" \/>\n\t<meta property=\"og:image:height\" content=\"732\" \/>\n\t<meta property=\"og:image:type\" content=\"image\/jpeg\" \/>\n<meta name=\"author\" content=\"Kevin G\u00f3mez\" \/>\n<meta name=\"twitter:card\" content=\"summary_large_image\" \/>\n<meta name=\"twitter:label1\" content=\"Written by\" \/>\n\t<meta name=\"twitter:data1\" content=\"Kevin G\u00f3mez\" \/>\n\t<meta name=\"twitter:label2\" content=\"Est. reading time\" \/>\n\t<meta name=\"twitter:data2\" content=\"3 minutes\" \/>\n<script type=\"application\/ld+json\" class=\"yoast-schema-graph\">{\"@context\":\"https:\\\/\\\/schema.org\",\"@graph\":[{\"@type\":\"Article\",\"@id\":\"https:\\\/\\\/www.fcbarcelonanoticias.com\\\/en\\\/fc-barcelona\\\/musiala-hansi-flick-example-to-start-developing-pedri_304153_102.html#article\",\"isPartOf\":{\"@id\":\"https:\\\/\\\/www.fcbarcelonanoticias.com\\\/en\\\/fc-barcelona\\\/musiala-hansi-flick-example-to-start-developing-pedri_304153_102.html\"},\"author\":{\"name\":\"Kevin G\u00f3mez\",\"@id\":\"https:\\\/\\\/www.fcbarcelonanoticias.com\\\/en\\\/#\\\/schema\\\/person\\\/991443f134df9a64c6874f96ff984c9d\"},\"headline\":\"Musiala, Hansi Flick&#8217;s example to start developing Pedri\",\"datePublished\":\"2024-06-04T14:55:00+00:00\",\"dateModified\":\"2024-06-04T23:00:00+00:00\",\"mainEntityOfPage\":{\"@id\":\"https:\\\/\\\/www.fcbarcelonanoticias.com\\\/en\\\/fc-barcelona\\\/musiala-hansi-flick-example-to-start-developing-pedri_304153_102.html\"},\"wordCount\":626,\"image\":{\"@id\":\"https:\\\/\\\/www.fcbarcelonanoticias.com\\\/en\\\/fc-barcelona\\\/musiala-hansi-flick-example-to-start-developing-pedri_304153_102.html#primaryimage\"},\"thumbnailUrl\":\"https:\\\/\\\/www.fcbarcelonanoticias.com\\\/en\\\/wp-content\\\/uploads\\\/sites\\\/2\\\/2024\\\/06\\\/pedri-v-valencia.jpeg\",\"keywords\":[\"Hansi Flick\"],\"articleSection\":[\"FC Barcelona\"],\"inLanguage\":\"en-US\"},{\"@type\":\"WebPage\",\"@id\":\"https:\\\/\\\/www.fcbarcelonanoticias.com\\\/en\\\/fc-barcelona\\\/musiala-hansi-flick-example-to-start-developing-pedri_304153_102.html\",\"url\":\"https:\\\/\\\/www.fcbarcelonanoticias.com\\\/en\\\/fc-barcelona\\\/musiala-hansi-flick-example-to-start-developing-pedri_304153_102.html\",\"name\":\"Musiala, Hansi Flick's example to start developing Pedri\",\"isPartOf\":{\"@id\":\"https:\\\/\\\/www.fcbarcelonanoticias.com\\\/en\\\/#website\"},\"primaryImageOfPage\":{\"@id\":\"https:\\\/\\\/www.fcbarcelonanoticias.com\\\/en\\\/fc-barcelona\\\/musiala-hansi-flick-example-to-start-developing-pedri_304153_102.html#primaryimage\"},\"image\":{\"@id\":\"https:\\\/\\\/www.fcbarcelonanoticias.com\\\/en\\\/fc-barcelona\\\/musiala-hansi-flick-example-to-start-developing-pedri_304153_102.html#primaryimage\"},\"thumbnailUrl\":\"https:\\\/\\\/www.fcbarcelonanoticias.com\\\/en\\\/wp-content\\\/uploads\\\/sites\\\/2\\\/2024\\\/06\\\/pedri-v-valencia.jpeg\",\"datePublished\":\"2024-06-04T14:55:00+00:00\",\"dateModified\":\"2024-06-04T23:00:00+00:00\",\"author\":{\"@id\":\"https:\\\/\\\/www.fcbarcelonanoticias.com\\\/en\\\/#\\\/schema\\\/person\\\/991443f134df9a64c6874f96ff984c9d\"},\"description\":\"Pedri Gonz\u00e1lez is acquiring a new role at FC Barcelona thanks to the management of Hansi Flick. The German coach sees in the Canary Islander the necessary qualities to perform as a midfielder, a position that can greatly benefit the Bar\u00e7a '8'\",\"breadcrumb\":{\"@id\":\"https:\\\/\\\/www.fcbarcelonanoticias.com\\\/en\\\/fc-barcelona\\\/musiala-hansi-flick-example-to-start-developing-pedri_304153_102.html#breadcrumb\"},\"inLanguage\":\"en-US\",\"potentialAction\":[{\"@type\":\"ReadAction\",\"target\":[\"https:\\\/\\\/www.fcbarcelonanoticias.com\\\/en\\\/fc-barcelona\\\/musiala-hansi-flick-example-to-start-developing-pedri_304153_102.html\"]}]},{\"@type\":\"ImageObject\",\"inLanguage\":\"en-US\",\"@id\":\"https:\\\/\\\/www.fcbarcelonanoticias.com\\\/en\\\/fc-barcelona\\\/musiala-hansi-flick-example-to-start-developing-pedri_304153_102.html#primaryimage\",\"url\":\"https:\\\/\\\/www.fcbarcelonanoticias.com\\\/en\\\/wp-content\\\/uploads\\\/sites\\\/2\\\/2024\\\/06\\\/pedri-v-valencia.jpeg\",\"contentUrl\":\"https:\\\/\\\/www.fcbarcelonanoticias.com\\\/en\\\/wp-content\\\/uploads\\\/sites\\\/2\\\/2024\\\/06\\\/pedri-v-valencia.jpeg\",\"width\":1300,\"height\":732},{\"@type\":\"BreadcrumbList\",\"@id\":\"https:\\\/\\\/www.fcbarcelonanoticias.com\\\/en\\\/fc-barcelona\\\/musiala-hansi-flick-example-to-start-developing-pedri_304153_102.html#breadcrumb\",\"itemListElement\":[{\"@type\":\"ListItem\",\"position\":1,\"name\":\"Portada\",\"item\":\"https:\\\/\\\/www.fcbarcelonanoticias.com\\\/en\\\/\"},{\"@type\":\"ListItem\",\"position\":2,\"name\":\"Musiala, Hansi Flick&#8217;s example to start developing Pedri\"}]},{\"@type\":\"WebSite\",\"@id\":\"https:\\\/\\\/www.fcbarcelonanoticias.com\\\/en\\\/#website\",\"url\":\"https:\\\/\\\/www.fcbarcelonanoticias.com\\\/en\\\/\",\"name\":\"EN - FC Barcelona Noticias\",\"description\":\"\",\"potentialAction\":[{\"@type\":\"SearchAction\",\"target\":{\"@type\":\"EntryPoint\",\"urlTemplate\":\"https:\\\/\\\/www.fcbarcelonanoticias.com\\\/en\\\/?s={search_term_string}\"},\"query-input\":{\"@type\":\"PropertyValueSpecification\",\"valueRequired\":true,\"valueName\":\"search_term_string\"}}],\"inLanguage\":\"en-US\"},{\"@type\":\"Person\",\"@id\":\"https:\\\/\\\/www.fcbarcelonanoticias.com\\\/en\\\/#\\\/schema\\\/person\\\/991443f134df9a64c6874f96ff984c9d\",\"name\":\"Kevin G\u00f3mez\",\"image\":{\"@type\":\"ImageObject\",\"inLanguage\":\"en-US\",\"@id\":\"https:\\\/\\\/secure.gravatar.com\\\/avatar\\\/?s=96&d=mm&r=g\",\"url\":\"https:\\\/\\\/secure.gravatar.com\\\/avatar\\\/?s=96&d=mm&r=g\",\"contentUrl\":\"https:\\\/\\\/secure.gravatar.com\\\/avatar\\\/?s=96&d=mm&r=g\",\"caption\":\"Kevin G\u00f3mez\"},\"description\":\"Licenciado\u00a0en Periodismo y Comunicaci\u00f3n Audiovisual. Redactor en FCBN responsable de cubrir toda\u00a0la informaci\u00f3n del FC Barcelona y las principales competiciones de\u00a0f\u00fatbol.\",\"url\":\"https:\\\/\\\/www.fcbarcelonanoticias.com\\\/en\\\/jugadores\\\/kevin-gomez_23_115.html\"}]}<\/script>\n<!-- \/ Yoast SEO plugin. -->","yoast_head_json":{"title":"Musiala, Hansi Flick's example to start developing Pedri","description":"Pedri Gonz\u00e1lez is acquiring a new role at FC Barcelona thanks to the management of Hansi Flick. The German coach sees in the Canary Islander the necessary qualities to perform as a midfielder, a position that can greatly benefit the Bar\u00e7a '8'","robots":{"index":"index","follow":"follow","max-snippet":"max-snippet:-1","max-image-preview":"max-image-preview:large","max-video-preview":"max-video-preview:-1"},"canonical":"https:\/\/www.fcbarcelonanoticias.com\/en\/fc-barcelona\/musiala-hansi-flick-example-to-start-developing-pedri_304153_102.html","og_locale":"en_US","og_type":"article","og_title":"Musiala, Hansi Flick's example to start developing Pedri","og_description":"Pedri Gonz\u00e1lez is acquiring a new role at FC Barcelona thanks to the management of Hansi Flick. The German coach sees in the Canary Islander the necessary qualities to perform as a midfielder, a position that can greatly benefit the Bar\u00e7a '8'","og_url":"https:\/\/www.fcbarcelonanoticias.com\/en\/fc-barcelona\/musiala-hansi-flick-example-to-start-developing-pedri_304153_102.html","og_site_name":"EN - FC Barcelona Noticias","article_published_time":"2024-06-04T14:55:00+00:00","article_modified_time":"2024-06-04T23:00:00+00:00","og_image":[{"width":1300,"height":732,"url":"https:\/\/www.fcbarcelonanoticias.com\/en\/wp-content\/uploads\/sites\/2\/2024\/06\/pedri-v-valencia.jpeg","type":"image\/jpeg"}],"author":"Kevin G\u00f3mez","twitter_card":"summary_large_image","twitter_misc":{"Written by":"Kevin G\u00f3mez","Est. reading time":"3 minutes"},"schema":{"@context":"https:\/\/schema.org","@graph":[{"@type":"Article","@id":"https:\/\/www.fcbarcelonanoticias.com\/en\/fc-barcelona\/musiala-hansi-flick-example-to-start-developing-pedri_304153_102.html#article","isPartOf":{"@id":"https:\/\/www.fcbarcelonanoticias.com\/en\/fc-barcelona\/musiala-hansi-flick-example-to-start-developing-pedri_304153_102.html"},"author":{"name":"Kevin G\u00f3mez","@id":"https:\/\/www.fcbarcelonanoticias.com\/en\/#\/schema\/person\/991443f134df9a64c6874f96ff984c9d"},"headline":"Musiala, Hansi Flick&#8217;s example to start developing Pedri","datePublished":"2024-06-04T14:55:00+00:00","dateModified":"2024-06-04T23:00:00+00:00","mainEntityOfPage":{"@id":"https:\/\/www.fcbarcelonanoticias.com\/en\/fc-barcelona\/musiala-hansi-flick-example-to-start-developing-pedri_304153_102.html"},"wordCount":626,"image":{"@id":"https:\/\/www.fcbarcelonanoticias.com\/en\/fc-barcelona\/musiala-hansi-flick-example-to-start-developing-pedri_304153_102.html#primaryimage"},"thumbnailUrl":"https:\/\/www.fcbarcelonanoticias.com\/en\/wp-content\/uploads\/sites\/2\/2024\/06\/pedri-v-valencia.jpeg","keywords":["Hansi Flick"],"articleSection":["FC Barcelona"],"inLanguage":"en-US"},{"@type":"WebPage","@id":"https:\/\/www.fcbarcelonanoticias.com\/en\/fc-barcelona\/musiala-hansi-flick-example-to-start-developing-pedri_304153_102.html","url":"https:\/\/www.fcbarcelonanoticias.com\/en\/fc-barcelona\/musiala-hansi-flick-example-to-start-developing-pedri_304153_102.html","name":"Musiala, Hansi Flick's example to start developing Pedri","isPartOf":{"@id":"https:\/\/www.fcbarcelonanoticias.com\/en\/#website"},"primaryImageOfPage":{"@id":"https:\/\/www.fcbarcelonanoticias.com\/en\/fc-barcelona\/musiala-hansi-flick-example-to-start-developing-pedri_304153_102.html#primaryimage"},"image":{"@id":"https:\/\/www.fcbarcelonanoticias.com\/en\/fc-barcelona\/musiala-hansi-flick-example-to-start-developing-pedri_304153_102.html#primaryimage"},"thumbnailUrl":"https:\/\/www.fcbarcelonanoticias.com\/en\/wp-content\/uploads\/sites\/2\/2024\/06\/pedri-v-valencia.jpeg","datePublished":"2024-06-04T14:55:00+00:00","dateModified":"2024-06-04T23:00:00+00:00","author":{"@id":"https:\/\/www.fcbarcelonanoticias.com\/en\/#\/schema\/person\/991443f134df9a64c6874f96ff984c9d"},"description":"Pedri Gonz\u00e1lez is acquiring a new role at FC Barcelona thanks to the management of Hansi Flick. The German coach sees in the Canary Islander the necessary qualities to perform as a midfielder, a position that can greatly benefit the Bar\u00e7a '8'","breadcrumb":{"@id":"https:\/\/www.fcbarcelonanoticias.com\/en\/fc-barcelona\/musiala-hansi-flick-example-to-start-developing-pedri_304153_102.html#breadcrumb"},"inLanguage":"en-US","potentialAction":[{"@type":"ReadAction","target":["https:\/\/www.fcbarcelonanoticias.com\/en\/fc-barcelona\/musiala-hansi-flick-example-to-start-developing-pedri_304153_102.html"]}]},{"@type":"ImageObject","inLanguage":"en-US","@id":"https:\/\/www.fcbarcelonanoticias.com\/en\/fc-barcelona\/musiala-hansi-flick-example-to-start-developing-pedri_304153_102.html#primaryimage","url":"https:\/\/www.fcbarcelonanoticias.com\/en\/wp-content\/uploads\/sites\/2\/2024\/06\/pedri-v-valencia.jpeg","contentUrl":"https:\/\/www.fcbarcelonanoticias.com\/en\/wp-content\/uploads\/sites\/2\/2024\/06\/pedri-v-valencia.jpeg","width":1300,"height":732},{"@type":"BreadcrumbList","@id":"https:\/\/www.fcbarcelonanoticias.com\/en\/fc-barcelona\/musiala-hansi-flick-example-to-start-developing-pedri_304153_102.html#breadcrumb","itemListElement":[{"@type":"ListItem","position":1,"name":"Portada","item":"https:\/\/www.fcbarcelonanoticias.com\/en\/"},{"@type":"ListItem","position":2,"name":"Musiala, Hansi Flick&#8217;s example to start developing Pedri"}]},{"@type":"WebSite","@id":"https:\/\/www.fcbarcelonanoticias.com\/en\/#website","url":"https:\/\/www.fcbarcelonanoticias.com\/en\/","name":"EN - FC Barcelona Noticias","description":"","potentialAction":[{"@type":"SearchAction","target":{"@type":"EntryPoint","urlTemplate":"https:\/\/www.fcbarcelonanoticias.com\/en\/?s={search_term_string}"},"query-input":{"@type":"PropertyValueSpecification","valueRequired":true,"valueName":"search_term_string"}}],"inLanguage":"en-US"},{"@type":"Person","@id":"https:\/\/www.fcbarcelonanoticias.com\/en\/#\/schema\/person\/991443f134df9a64c6874f96ff984c9d","name":"Kevin G\u00f3mez","image":{"@type":"ImageObject","inLanguage":"en-US","@id":"https:\/\/secure.gravatar.com\/avatar\/?s=96&d=mm&r=g","url":"https:\/\/secure.gravatar.com\/avatar\/?s=96&d=mm&r=g","contentUrl":"https:\/\/secure.gravatar.com\/avatar\/?s=96&d=mm&r=g","caption":"Kevin G\u00f3mez"},"description":"Licenciado\u00a0en Periodismo y Comunicaci\u00f3n Audiovisual. Redactor en FCBN responsable de cubrir toda\u00a0la informaci\u00f3n del FC Barcelona y las principales competiciones de\u00a0f\u00fatbol.","url":"https:\/\/www.fcbarcelonanoticias.com\/en\/jugadores\/kevin-gomez_23_115.html"}]}},"_links":{"self":[{"href":"https:\/\/www.fcbarcelonanoticias.com\/en\/wp-json\/wp\/v2\/posts\/106253","targetHints":{"allow":["GET"]}}],"collection":[{"href":"https:\/\/www.fcbarcelonanoticias.com\/en\/wp-json\/wp\/v2\/posts"}],"about":[{"href":"https:\/\/www.fcbarcelonanoticias.com\/en\/wp-json\/wp\/v2\/types\/post"}],"author":[{"embeddable":true,"href":"https:\/\/www.fcbarcelonanoticias.com\/en\/wp-json\/wp\/v2\/users\/355"}],"replies":[{"embeddable":true,"href":"https:\/\/www.fcbarcelonanoticias.com\/en\/wp-json\/wp\/v2\/comments?post=106253"}],"version-history":[{"count":1,"href":"https:\/\/www.fcbarcelonanoticias.com\/en\/wp-json\/wp\/v2\/posts\/106253\/revisions"}],"predecessor-version":[{"id":147849,"href":"https:\/\/www.fcbarcelonanoticias.com\/en\/wp-json\/wp\/v2\/posts\/106253\/revisions\/147849"}],"wp:featuredmedia":[{"embeddable":true,"href":"https:\/\/www.fcbarcelonanoticias.com\/en\/wp-json\/wp\/v2\/media\/106254"}],"wp:attachment":[{"href":"https:\/\/www.fcbarcelonanoticias.com\/en\/wp-json\/wp\/v2\/media?parent=106253"}],"wp:term":[{"taxonomy":"category","embeddable":true,"href":"https:\/\/www.fcbarcelonanoticias.com\/en\/wp-json\/wp\/v2\/categories?post=106253"},{"taxonomy":"post_tag","embeddable":true,"href":"https:\/\/www.fcbarcelonanoticias.com\/en\/wp-json\/wp\/v2\/tags?post=106253"}],"curies":[{"name":"wp","href":"https:\/\/api.w.org\/{rel}","templated":true}]}}