{"id":106518,"date":"2023-06-01T15:32:00","date_gmt":"2023-06-01T13:32:00","guid":{"rendered":"https:\/\/weisetech.dev\/fc-barcelona-noticias\/en\/new-vertebral-column-boat-is-built_292843_102\/"},"modified":"2024-08-26T16:07:00","modified_gmt":"2024-08-26T14:07:00","slug":"new-vertebral-column-boat-is-built_292843_102","status":"publish","type":"post","link":"https:\/\/www.fcbarcelonanoticias.com\/en\/fc-barcelona\/new-vertebral-column-boat-is-built_292843_102.html","title":{"rendered":"The new backbone of Bar\u00e7a is being built"},"content":{"rendered":"<h2 class=\"wp-block-heading\">The FC Barcelona is growing to the rhythm that are doing it his big &#8216;perlas&#8217;. Pedri, Ronald Ara\u00fajo or Frenkie of Jong have taken a step forward and have turned into the vertebral column of the cul\u00e9s<\/h2>  \r\n<div class=\"article-addons\">\r\n    <a href=\"https:\/\/www.fcbarcelonanoticias.com\/en\/calendar-fc-barcelona.html\"\r\n       target=\"_self\"\r\n       title=\"Calendar of FC Barcelona\"\r\n       class=\"blue-gredient-btn\">\r\n       \r\n        Calendar of FC Barcelona    <\/a>\r\n<\/div>   <p><\/p>  <p>The step in front of people like Ara\u00fajo, Dest, Of Jong and Pedri this season leaves clear that the youngsters are taking the rudder of the following generation of a Bar\u00e7a that demanded this from did some years.<\/p>  <p>The change generacional of the FC Barcelona was served from the beginning of the season 2020-2021, with the arrival of Ronald Koeman. However, in the last months has been able to see how evolves positively building a new vertebral column in the team.<\/p>  <p>If before the central axis of the staff had with Marc-Andr\u00e9 ter Stegen, Gerard Hammered, Jordi Alba, Sergio Busquets, Lionel Messi and Luis Su\u00e1rez, now seems that some of the youngsters of this changing room are winning the right to be indisputable headlines of this Bar\u00e7a, since they have attained that they go up a lot his <a href=\"https:\/\/www.betfair.es\/en\/\">on-line <em>bets<\/em><\/a> so much in LaLiga Santander as in the Champions League thanks to his good do on the lawn.<\/p>  <p><\/p>  <p>In addition to the cancerbero germano, of 28 years and still with a long future in the City Condal, Koeman has achieved that in the central axis of his defence <a href=\"https:\/\/as.com\/en\/futbol\/2021\/01\/11\/primera\/1610380301_085577.html\">Ronald Ara\u00fajo<\/a> seem a veteran playing, in spite of that it still has 21 years, the same that \u00d3scar Mingueza that also tries to look for his gap in the staff. Put to bed to the right finds a Sergi\u00f1o Dest that to his 20 springs already is possibly the best right-handed side from Dani Alves, although have some defensive lagoons still by pulir in his game.<\/p>  <h2><strong>Pedri, the best discovery<\/strong><\/h2>  <p>In the centre of the field two names stand out by his participations so determinants in the last month. They treat of Frenkie of Jong (23 years), that at last steps area as in the Ajax and is turning into this dynamic midfield player that so much shined in \u00c1msterdam, and Pedri Gonz\u00e1lez, surely one of the discoveries of the year in the world-wide panorama.<\/p>  <p><\/p>  <p>The Canarian has gone little by little assuming chevrons until the point that now it does not understand to a Bar\u00e7a without him, with 18 years. <a href=\"https:\/\/www.sport.es\/en\/es\/noticias\/barca\/pedri-messi-barca-barcelona-athletic-barca-liga-koeman-11438821\">His magic<\/a> remembers to the one of big genii that also left his footprint in the Camp Nou and his capacity to combine and find spaces where there are not them do him be indispensable.<\/p>  <p>To this, could him add to an Ousmane Demb\u00e9l\u00e9 that every time seems more to this star that some day seems that it will be, a player desequilibrante like few by the two sides of the field, with goal and that on uses the two legs, what goes back him more unpredictable. Also it could him add to an Anssumane Fati on which there are doubts about how will return of <a href=\"https:\/\/www.goal.com\/en\/es\/noticias\/ansu-fati-lesionado-que-dolencia-tiene-cuanto-tiempo-estara\/wv19rll7xe5a1mdlkwhmwajb3\">an injury<\/a> that cut him the progression of big star that was carrying in the start of this course, reaching the titularity and even being summoned by the Spanish selection in spite of having only 18 years.<\/p>  <p>And these players seems that they are those that are building the new vertebral column of the FC Barcelona, footballers that go filming and taking experience, learning of the veterans, to try drive again to the entity cul\u00e9 to the most important titles.<\/p> ","protected":false},"excerpt":{"rendered":"<p>The FC Barcelona is growing to the rhythm that are doing it his big &#8216;perlas&#8217;. Pedri, Ronald Ara\u00fajo or Frenkie of Jong have taken a step forward and have turned into the vertebral column of the cul\u00e9s The step in front of people like Ara\u00fajo, Dest, Of Jong and Pedri this season leaves clear that [&hellip;]<\/p>\n","protected":false},"author":353,"featured_media":106520,"comment_status":"closed","ping_status":"open","sticky":false,"template":"","format":"standard","meta":{"_acf_changed":false,"inline_featured_image":false,"_nextfly_llmd_date_locked":false,"footnotes":""},"categories":[111],"tags":[272],"class_list":["post-106518","post","type-post","status-publish","format-standard","has-post-thumbnail","hentry","category-fc-barcelona","tag-bets"],"acf":[],"yoast_head":"<!-- This site is optimized with the Yoast SEO plugin v27.3 - https:\/\/yoast.com\/product\/yoast-seo-wordpress\/ -->\n<title>The new backbone of Bar\u00e7a is being built<\/title>\n<meta name=\"description\" content=\"The FC Barcelona is growing to the rhythm that are doing it his big &#039;perlas&#039;. Pedri, Ronald Ara\u00fajo or Frenkie of Jong have taken a step forward and have turned into the vertebral column of the cul\u00e9s\" \/>\n<meta name=\"robots\" content=\"index, follow, max-snippet:-1, max-image-preview:large, max-video-preview:-1\" \/>\n<link rel=\"canonical\" href=\"https:\/\/www.fcbarcelonanoticias.com\/en\/fc-barcelona\/new-vertebral-column-boat-is-built_292843_102.html\" \/>\n<meta property=\"og:locale\" content=\"en_US\" \/>\n<meta property=\"og:type\" content=\"article\" \/>\n<meta property=\"og:title\" content=\"The new backbone of Bar\u00e7a is being built\" \/>\n<meta property=\"og:description\" content=\"The FC Barcelona is growing to the rhythm that are doing it his big &#039;perlas&#039;. Pedri, Ronald Ara\u00fajo or Frenkie of Jong have taken a step forward and have turned into the vertebral column of the cul\u00e9s\" \/>\n<meta property=\"og:url\" content=\"https:\/\/www.fcbarcelonanoticias.com\/en\/fc-barcelona\/new-vertebral-column-boat-is-built_292843_102.html\" \/>\n<meta property=\"og:site_name\" content=\"EN - FC Barcelona Noticias\" \/>\n<meta property=\"article:published_time\" content=\"2023-06-01T13:32:00+00:00\" \/>\n<meta property=\"article:modified_time\" content=\"2024-08-26T14:07:00+00:00\" \/>\n<meta property=\"og:image\" content=\"https:\/\/www.fcbarcelonanoticias.com\/en\/wp-content\/uploads\/sites\/2\/2023\/06\/pedri-y-araujo-en-un-entrenamiento.jpeg\" \/>\n\t<meta property=\"og:image:width\" content=\"1263\" \/>\n\t<meta property=\"og:image:height\" content=\"751\" \/>\n\t<meta property=\"og:image:type\" content=\"image\/jpeg\" \/>\n<meta name=\"author\" content=\"FC Barcelona Noticias\" \/>\n<meta name=\"twitter:card\" content=\"summary_large_image\" \/>\n<meta name=\"twitter:label1\" content=\"Written by\" \/>\n\t<meta name=\"twitter:data1\" content=\"FC Barcelona Noticias\" \/>\n\t<meta name=\"twitter:label2\" content=\"Est. reading time\" \/>\n\t<meta name=\"twitter:data2\" content=\"3 minutes\" \/>\n<script type=\"application\/ld+json\" class=\"yoast-schema-graph\">{\"@context\":\"https:\\\/\\\/schema.org\",\"@graph\":[{\"@type\":\"Article\",\"@id\":\"https:\\\/\\\/www.fcbarcelonanoticias.com\\\/en\\\/fc-barcelona\\\/new-vertebral-column-boat-is-built_292843_102.html#article\",\"isPartOf\":{\"@id\":\"https:\\\/\\\/www.fcbarcelonanoticias.com\\\/en\\\/fc-barcelona\\\/new-vertebral-column-boat-is-built_292843_102.html\"},\"author\":{\"name\":\"FC Barcelona Noticias\",\"@id\":\"https:\\\/\\\/www.fcbarcelonanoticias.com\\\/en\\\/#\\\/schema\\\/person\\\/0f2810101d27606974cdb8edb54fa54b\"},\"headline\":\"The new backbone of Bar\u00e7a is being built\",\"datePublished\":\"2023-06-01T13:32:00+00:00\",\"dateModified\":\"2024-08-26T14:07:00+00:00\",\"mainEntityOfPage\":{\"@id\":\"https:\\\/\\\/www.fcbarcelonanoticias.com\\\/en\\\/fc-barcelona\\\/new-vertebral-column-boat-is-built_292843_102.html\"},\"wordCount\":587,\"image\":{\"@id\":\"https:\\\/\\\/www.fcbarcelonanoticias.com\\\/en\\\/fc-barcelona\\\/new-vertebral-column-boat-is-built_292843_102.html#primaryimage\"},\"thumbnailUrl\":\"https:\\\/\\\/www.fcbarcelonanoticias.com\\\/en\\\/wp-content\\\/uploads\\\/sites\\\/2\\\/2023\\\/06\\\/pedri-y-araujo-en-un-entrenamiento.jpeg\",\"keywords\":[\"Bets\"],\"articleSection\":[\"FC Barcelona\"],\"inLanguage\":\"en-US\"},{\"@type\":\"WebPage\",\"@id\":\"https:\\\/\\\/www.fcbarcelonanoticias.com\\\/en\\\/fc-barcelona\\\/new-vertebral-column-boat-is-built_292843_102.html\",\"url\":\"https:\\\/\\\/www.fcbarcelonanoticias.com\\\/en\\\/fc-barcelona\\\/new-vertebral-column-boat-is-built_292843_102.html\",\"name\":\"The new backbone of Bar\u00e7a is being built\",\"isPartOf\":{\"@id\":\"https:\\\/\\\/www.fcbarcelonanoticias.com\\\/en\\\/#website\"},\"primaryImageOfPage\":{\"@id\":\"https:\\\/\\\/www.fcbarcelonanoticias.com\\\/en\\\/fc-barcelona\\\/new-vertebral-column-boat-is-built_292843_102.html#primaryimage\"},\"image\":{\"@id\":\"https:\\\/\\\/www.fcbarcelonanoticias.com\\\/en\\\/fc-barcelona\\\/new-vertebral-column-boat-is-built_292843_102.html#primaryimage\"},\"thumbnailUrl\":\"https:\\\/\\\/www.fcbarcelonanoticias.com\\\/en\\\/wp-content\\\/uploads\\\/sites\\\/2\\\/2023\\\/06\\\/pedri-y-araujo-en-un-entrenamiento.jpeg\",\"datePublished\":\"2023-06-01T13:32:00+00:00\",\"dateModified\":\"2024-08-26T14:07:00+00:00\",\"author\":{\"@id\":\"https:\\\/\\\/www.fcbarcelonanoticias.com\\\/en\\\/#\\\/schema\\\/person\\\/0f2810101d27606974cdb8edb54fa54b\"},\"description\":\"The FC Barcelona is growing to the rhythm that are doing it his big 'perlas'. Pedri, Ronald Ara\u00fajo or Frenkie of Jong have taken a step forward and have turned into the vertebral column of the cul\u00e9s\",\"breadcrumb\":{\"@id\":\"https:\\\/\\\/www.fcbarcelonanoticias.com\\\/en\\\/fc-barcelona\\\/new-vertebral-column-boat-is-built_292843_102.html#breadcrumb\"},\"inLanguage\":\"en-US\",\"potentialAction\":[{\"@type\":\"ReadAction\",\"target\":[\"https:\\\/\\\/www.fcbarcelonanoticias.com\\\/en\\\/fc-barcelona\\\/new-vertebral-column-boat-is-built_292843_102.html\"]}]},{\"@type\":\"ImageObject\",\"inLanguage\":\"en-US\",\"@id\":\"https:\\\/\\\/www.fcbarcelonanoticias.com\\\/en\\\/fc-barcelona\\\/new-vertebral-column-boat-is-built_292843_102.html#primaryimage\",\"url\":\"https:\\\/\\\/www.fcbarcelonanoticias.com\\\/en\\\/wp-content\\\/uploads\\\/sites\\\/2\\\/2023\\\/06\\\/pedri-y-araujo-en-un-entrenamiento.jpeg\",\"contentUrl\":\"https:\\\/\\\/www.fcbarcelonanoticias.com\\\/en\\\/wp-content\\\/uploads\\\/sites\\\/2\\\/2023\\\/06\\\/pedri-y-araujo-en-un-entrenamiento.jpeg\",\"width\":1263,\"height\":751},{\"@type\":\"BreadcrumbList\",\"@id\":\"https:\\\/\\\/www.fcbarcelonanoticias.com\\\/en\\\/fc-barcelona\\\/new-vertebral-column-boat-is-built_292843_102.html#breadcrumb\",\"itemListElement\":[{\"@type\":\"ListItem\",\"position\":1,\"name\":\"Portada\",\"item\":\"https:\\\/\\\/www.fcbarcelonanoticias.com\\\/en\\\/\"},{\"@type\":\"ListItem\",\"position\":2,\"name\":\"The new backbone of Bar\u00e7a is being built\"}]},{\"@type\":\"WebSite\",\"@id\":\"https:\\\/\\\/www.fcbarcelonanoticias.com\\\/en\\\/#website\",\"url\":\"https:\\\/\\\/www.fcbarcelonanoticias.com\\\/en\\\/\",\"name\":\"EN - FC Barcelona Noticias\",\"description\":\"\",\"potentialAction\":[{\"@type\":\"SearchAction\",\"target\":{\"@type\":\"EntryPoint\",\"urlTemplate\":\"https:\\\/\\\/www.fcbarcelonanoticias.com\\\/en\\\/?s={search_term_string}\"},\"query-input\":{\"@type\":\"PropertyValueSpecification\",\"valueRequired\":true,\"valueName\":\"search_term_string\"}}],\"inLanguage\":\"en-US\"},{\"@type\":\"Person\",\"@id\":\"https:\\\/\\\/www.fcbarcelonanoticias.com\\\/en\\\/#\\\/schema\\\/person\\\/0f2810101d27606974cdb8edb54fa54b\",\"name\":\"FC Barcelona Noticias\",\"image\":{\"@type\":\"ImageObject\",\"inLanguage\":\"en-US\",\"@id\":\"https:\\\/\\\/secure.gravatar.com\\\/avatar\\\/?s=96&d=mm&r=g\",\"url\":\"https:\\\/\\\/secure.gravatar.com\\\/avatar\\\/?s=96&d=mm&r=g\",\"contentUrl\":\"https:\\\/\\\/secure.gravatar.com\\\/avatar\\\/?s=96&d=mm&r=g\",\"caption\":\"FC Barcelona Noticias\"},\"url\":\"https:\\\/\\\/www.fcbarcelonanoticias.com\\\/en\\\/fc-barcelona\\\/fcbn-writing-fc-barcelona-news_6_115.html\"}]}<\/script>\n<!-- \/ Yoast SEO plugin. -->","yoast_head_json":{"title":"The new backbone of Bar\u00e7a is being built","description":"The FC Barcelona is growing to the rhythm that are doing it his big 'perlas'. Pedri, Ronald Ara\u00fajo or Frenkie of Jong have taken a step forward and have turned into the vertebral column of the cul\u00e9s","robots":{"index":"index","follow":"follow","max-snippet":"max-snippet:-1","max-image-preview":"max-image-preview:large","max-video-preview":"max-video-preview:-1"},"canonical":"https:\/\/www.fcbarcelonanoticias.com\/en\/fc-barcelona\/new-vertebral-column-boat-is-built_292843_102.html","og_locale":"en_US","og_type":"article","og_title":"The new backbone of Bar\u00e7a is being built","og_description":"The FC Barcelona is growing to the rhythm that are doing it his big 'perlas'. Pedri, Ronald Ara\u00fajo or Frenkie of Jong have taken a step forward and have turned into the vertebral column of the cul\u00e9s","og_url":"https:\/\/www.fcbarcelonanoticias.com\/en\/fc-barcelona\/new-vertebral-column-boat-is-built_292843_102.html","og_site_name":"EN - FC Barcelona Noticias","article_published_time":"2023-06-01T13:32:00+00:00","article_modified_time":"2024-08-26T14:07:00+00:00","og_image":[{"width":1263,"height":751,"url":"https:\/\/www.fcbarcelonanoticias.com\/en\/wp-content\/uploads\/sites\/2\/2023\/06\/pedri-y-araujo-en-un-entrenamiento.jpeg","type":"image\/jpeg"}],"author":"FC Barcelona Noticias","twitter_card":"summary_large_image","twitter_misc":{"Written by":"FC Barcelona Noticias","Est. reading time":"3 minutes"},"schema":{"@context":"https:\/\/schema.org","@graph":[{"@type":"Article","@id":"https:\/\/www.fcbarcelonanoticias.com\/en\/fc-barcelona\/new-vertebral-column-boat-is-built_292843_102.html#article","isPartOf":{"@id":"https:\/\/www.fcbarcelonanoticias.com\/en\/fc-barcelona\/new-vertebral-column-boat-is-built_292843_102.html"},"author":{"name":"FC Barcelona Noticias","@id":"https:\/\/www.fcbarcelonanoticias.com\/en\/#\/schema\/person\/0f2810101d27606974cdb8edb54fa54b"},"headline":"The new backbone of Bar\u00e7a is being built","datePublished":"2023-06-01T13:32:00+00:00","dateModified":"2024-08-26T14:07:00+00:00","mainEntityOfPage":{"@id":"https:\/\/www.fcbarcelonanoticias.com\/en\/fc-barcelona\/new-vertebral-column-boat-is-built_292843_102.html"},"wordCount":587,"image":{"@id":"https:\/\/www.fcbarcelonanoticias.com\/en\/fc-barcelona\/new-vertebral-column-boat-is-built_292843_102.html#primaryimage"},"thumbnailUrl":"https:\/\/www.fcbarcelonanoticias.com\/en\/wp-content\/uploads\/sites\/2\/2023\/06\/pedri-y-araujo-en-un-entrenamiento.jpeg","keywords":["Bets"],"articleSection":["FC Barcelona"],"inLanguage":"en-US"},{"@type":"WebPage","@id":"https:\/\/www.fcbarcelonanoticias.com\/en\/fc-barcelona\/new-vertebral-column-boat-is-built_292843_102.html","url":"https:\/\/www.fcbarcelonanoticias.com\/en\/fc-barcelona\/new-vertebral-column-boat-is-built_292843_102.html","name":"The new backbone of Bar\u00e7a is being built","isPartOf":{"@id":"https:\/\/www.fcbarcelonanoticias.com\/en\/#website"},"primaryImageOfPage":{"@id":"https:\/\/www.fcbarcelonanoticias.com\/en\/fc-barcelona\/new-vertebral-column-boat-is-built_292843_102.html#primaryimage"},"image":{"@id":"https:\/\/www.fcbarcelonanoticias.com\/en\/fc-barcelona\/new-vertebral-column-boat-is-built_292843_102.html#primaryimage"},"thumbnailUrl":"https:\/\/www.fcbarcelonanoticias.com\/en\/wp-content\/uploads\/sites\/2\/2023\/06\/pedri-y-araujo-en-un-entrenamiento.jpeg","datePublished":"2023-06-01T13:32:00+00:00","dateModified":"2024-08-26T14:07:00+00:00","author":{"@id":"https:\/\/www.fcbarcelonanoticias.com\/en\/#\/schema\/person\/0f2810101d27606974cdb8edb54fa54b"},"description":"The FC Barcelona is growing to the rhythm that are doing it his big 'perlas'. Pedri, Ronald Ara\u00fajo or Frenkie of Jong have taken a step forward and have turned into the vertebral column of the cul\u00e9s","breadcrumb":{"@id":"https:\/\/www.fcbarcelonanoticias.com\/en\/fc-barcelona\/new-vertebral-column-boat-is-built_292843_102.html#breadcrumb"},"inLanguage":"en-US","potentialAction":[{"@type":"ReadAction","target":["https:\/\/www.fcbarcelonanoticias.com\/en\/fc-barcelona\/new-vertebral-column-boat-is-built_292843_102.html"]}]},{"@type":"ImageObject","inLanguage":"en-US","@id":"https:\/\/www.fcbarcelonanoticias.com\/en\/fc-barcelona\/new-vertebral-column-boat-is-built_292843_102.html#primaryimage","url":"https:\/\/www.fcbarcelonanoticias.com\/en\/wp-content\/uploads\/sites\/2\/2023\/06\/pedri-y-araujo-en-un-entrenamiento.jpeg","contentUrl":"https:\/\/www.fcbarcelonanoticias.com\/en\/wp-content\/uploads\/sites\/2\/2023\/06\/pedri-y-araujo-en-un-entrenamiento.jpeg","width":1263,"height":751},{"@type":"BreadcrumbList","@id":"https:\/\/www.fcbarcelonanoticias.com\/en\/fc-barcelona\/new-vertebral-column-boat-is-built_292843_102.html#breadcrumb","itemListElement":[{"@type":"ListItem","position":1,"name":"Portada","item":"https:\/\/www.fcbarcelonanoticias.com\/en\/"},{"@type":"ListItem","position":2,"name":"The new backbone of Bar\u00e7a is being built"}]},{"@type":"WebSite","@id":"https:\/\/www.fcbarcelonanoticias.com\/en\/#website","url":"https:\/\/www.fcbarcelonanoticias.com\/en\/","name":"EN - FC Barcelona Noticias","description":"","potentialAction":[{"@type":"SearchAction","target":{"@type":"EntryPoint","urlTemplate":"https:\/\/www.fcbarcelonanoticias.com\/en\/?s={search_term_string}"},"query-input":{"@type":"PropertyValueSpecification","valueRequired":true,"valueName":"search_term_string"}}],"inLanguage":"en-US"},{"@type":"Person","@id":"https:\/\/www.fcbarcelonanoticias.com\/en\/#\/schema\/person\/0f2810101d27606974cdb8edb54fa54b","name":"FC Barcelona Noticias","image":{"@type":"ImageObject","inLanguage":"en-US","@id":"https:\/\/secure.gravatar.com\/avatar\/?s=96&d=mm&r=g","url":"https:\/\/secure.gravatar.com\/avatar\/?s=96&d=mm&r=g","contentUrl":"https:\/\/secure.gravatar.com\/avatar\/?s=96&d=mm&r=g","caption":"FC Barcelona Noticias"},"url":"https:\/\/www.fcbarcelonanoticias.com\/en\/fc-barcelona\/fcbn-writing-fc-barcelona-news_6_115.html"}]}},"_links":{"self":[{"href":"https:\/\/www.fcbarcelonanoticias.com\/en\/wp-json\/wp\/v2\/posts\/106518","targetHints":{"allow":["GET"]}}],"collection":[{"href":"https:\/\/www.fcbarcelonanoticias.com\/en\/wp-json\/wp\/v2\/posts"}],"about":[{"href":"https:\/\/www.fcbarcelonanoticias.com\/en\/wp-json\/wp\/v2\/types\/post"}],"author":[{"embeddable":true,"href":"https:\/\/www.fcbarcelonanoticias.com\/en\/wp-json\/wp\/v2\/users\/353"}],"replies":[{"embeddable":true,"href":"https:\/\/www.fcbarcelonanoticias.com\/en\/wp-json\/wp\/v2\/comments?post=106518"}],"version-history":[{"count":1,"href":"https:\/\/www.fcbarcelonanoticias.com\/en\/wp-json\/wp\/v2\/posts\/106518\/revisions"}],"predecessor-version":[{"id":147907,"href":"https:\/\/www.fcbarcelonanoticias.com\/en\/wp-json\/wp\/v2\/posts\/106518\/revisions\/147907"}],"wp:featuredmedia":[{"embeddable":true,"href":"https:\/\/www.fcbarcelonanoticias.com\/en\/wp-json\/wp\/v2\/media\/106520"}],"wp:attachment":[{"href":"https:\/\/www.fcbarcelonanoticias.com\/en\/wp-json\/wp\/v2\/media?parent=106518"}],"wp:term":[{"taxonomy":"category","embeddable":true,"href":"https:\/\/www.fcbarcelonanoticias.com\/en\/wp-json\/wp\/v2\/categories?post=106518"},{"taxonomy":"post_tag","embeddable":true,"href":"https:\/\/www.fcbarcelonanoticias.com\/en\/wp-json\/wp\/v2\/tags?post=106518"}],"curies":[{"name":"wp","href":"https:\/\/api.w.org\/{rel}","templated":true}]}}