{"id":106676,"date":"2019-07-14T01:05:00","date_gmt":"2019-07-13T23:05:00","guid":{"rendered":"https:\/\/weisetech.dev\/fc-barcelona-noticias\/en\/neymar-publishes-a-story-in-which-it-appears-with-the-t-shirt-of-the-fc-barcelona_226502_102\/"},"modified":"2026-04-16T10:06:28","modified_gmt":"2026-04-16T08:06:28","slug":"neymar-publishes-a-story-in-which-it-appears-with-the-t-shirt-of-the-fc-barcelona_226502_102","status":"publish","type":"post","link":"https:\/\/www.fcbarcelonanoticias.com\/en\/fc-barcelona\/neymar-publishes-a-story-in-which-it-appears-with-the-t-shirt-of-the-fc-barcelona_226502_102.html","title":{"rendered":"Neymar Publishes a &#8216;story&#8217; in which it appears with the T-shirt of the FC Barcelona"},"content":{"rendered":"<h2 class=\"wp-block-heading\">Far to leave to throw firewood to the fire, Neymar Jr has shared in the last hours a publication, through &#8216;Instagram Stories&#8217;, recording a drawing in which it appears he dress with the T-shirt of the FC Barcelona. The Brazilian star follows hinting<\/h2>  \r\n<div class=\"article-addons\">\r\n    <a href=\"https:\/\/www.fcbarcelonanoticias.com\/en\/calendar-fc-barcelona.html\"\r\n       target=\"_self\"\r\n       title=\"Calendar of FC Barcelona\"\r\n       class=\"blue-gredient-btn\">\r\n       \r\n        Calendar of FC Barcelona    <\/a>\r\n<\/div>   <p><strong>They happen the days and the &#8216;serial Neymar&#8217; follow very hot<\/strong>. After all the informations that have gone to appearing along this week, after making public  the tension between the Brazilian player and Paris Saint-Germain, the last proof that Neymar wants to go back to the Bar\u00e7a is <strong>a track that has given through his &#8216;Instagram Stories&#8217;<\/strong>.<\/p> <p>The Brazilian has shared a &#8216;story&#8217; recording a drawing in which <strong>it appears he dress with the T-shirt of the FC Barcelona, with grey tones and something difuminada<\/strong>. The image melts  quickly with a photography of his father, but can appreciate  very well the shield of the FC Barcelona in the elastic that saw the footballer.<\/p> <p>It is not any secret that Neymar misses his stage in the FC Barcelona and wishes to return to the Camp Nou. His gestures every time are clearer.&nbsp;<strong>&#8220;Any weapon forged against you will prosper&#8221;<\/strong>, is the sentence that has attached &#8216;Ney&#8217; to the sequence published in &#8216;Instagram Stories&#8217;.<\/p> <p>As we have come informing from &#8216;FCBN&#8217;, <a href=\"https:\/\/www.fcbarcelonanoticias.com\/futbol-internacional\/cumbre-inminente-entre-neymar-jr-y-el-psg-para-tratar-su-futuro_226501_102.html\"><strong>is planned that Neymar Jr trip to Paris in question of hours<\/strong><\/a>, with the aim to incorporate  this Monday to the discipline of Paris Saint-Germain. The Brazilian player will take advantage of then to <strong>speak personally with the leaders of the French team<\/strong>, beginning by the sportive director, Leonardo.<\/p> <p><a href=\"https:\/\/www.fcbarcelonanoticias.com\/en\/tags\/neymar-jr.html\"><strong>Neymar Jr<\/strong><\/a> Wants to go out of the PSG at all costs, and <strong>would be had to presionar so that this suceda<\/strong>. In spite of everything, will act of professional form and foresees  that it participate in the sessions of training of pre-season to the orders <strong>of Thomas Tuchel<\/strong>, at least for now.<\/p> <h2>Until which point is interested the Bar\u00e7a?<\/h2> <p><strong> desconoce Which type of conversations has been supported by the Bar\u00e7a<\/strong>, but the Brazilian seems to have clear that his possible return to the Camp Nou is viable. The president <strong>Josep Maria Bartomeu<\/strong> already ensured does some days that there was not at all of at all, although neither descart\u00f3 to 100% that the Brazilian can go back to the sanctuary cul\u00e9 this summer. So that this occur, <strong>it will be necessary to arrive to an agreement with the PSG&#8230; And the Bar\u00e7a does not have haste<\/strong>.<\/p> <blockquote class=\"twitter-tweet\" data-lang=\"es\"> <p lang=\"es\" dir=\"ltr\">??NEYMAR Teachs in his networks a DRAWING in which you SAW the T-shirt of the BAR\u00c7A! &#8220;Any weapon forged against you will prosper&#8221;. <a href=\"https:\/\/t.co\/en\/7wgZOASPde\">pic.twitter.com\/7wgzoaspde<\/a><\/p> \u2014 The Chiringuito TV (@elchiringuitotv) <a href=\"https:\/\/twitter.com\/en\/elchiringuitotv\/status\/1150048108572741634?ref_src=twsrc%5Etfw\">13 July 2019<\/a> <\/blockquote> <blockquote class=\"twitter-tweet\" data-lang=\"es\"> <p lang=\"es\" dir=\"ltr\">Neymar Recording a drawing with the shield of the Bar\u00e7a in his stories of Instagram. As it follow like this with the winks no descarto that it finish in the door of the Camp Nou singing the hymn of the Bar\u00e7a with a tambourine. <a href=\"https:\/\/t.co\/en\/Nih9UDHWHS\">pic.twitter.com\/nih9udhwhs<\/a><\/p> \u2014 David Of the Heras (@David_Heras) <a href=\"https:\/\/twitter.com\/en\/David_Heras\/status\/1150055667975294976?ref_src=twsrc%5Etfw\">13 July 2019<\/a> <\/blockquote> ","protected":false},"excerpt":{"rendered":"<p>Far to leave to throw firewood to the fire, Neymar Jr has shared in the last hours a publication, through &#8216;Instagram Stories&#8217;, recording a drawing in which it appears he dress with the T-shirt of the FC Barcelona. The Brazilian star follows hinting They happen the days and the &#8216;serial Neymar&#8217; follow very hot. After [&hellip;]<\/p>\n","protected":false},"author":357,"featured_media":106679,"comment_status":"closed","ping_status":"open","sticky":false,"template":"","format":"standard","meta":{"_acf_changed":false,"inline_featured_image":false,"_nextfly_llmd_date_locked":false,"footnotes":""},"categories":[111],"tags":[165,143],"class_list":["post-106676","post","type-post","status-publish","format-standard","has-post-thumbnail","hentry","category-fc-barcelona","tag-internet","tag-neymar-jr"],"acf":[],"yoast_head":"<!-- This site is optimized with the Yoast SEO plugin v27.3 - https:\/\/yoast.com\/product\/yoast-seo-wordpress\/ -->\n<title>Neymar Publishes a &#039;story&#039; in which it appears with the T-shirt of the Bar\u00e7a<\/title>\n<meta name=\"description\" content=\"Far to leave to throw firewood to the fire, Neymar Jr has shared in the last hours a publication, through &#039;Instagram Stories&#039;, recording a...\" \/>\n<meta name=\"robots\" content=\"index, follow, max-snippet:-1, max-image-preview:large, max-video-preview:-1\" \/>\n<link rel=\"canonical\" href=\"https:\/\/www.fcbarcelonanoticias.com\/en\/fc-barcelona\/neymar-publishes-a-story-in-which-it-appears-with-the-t-shirt-of-the-fc-barcelona_226502_102.html\" \/>\n<meta property=\"og:locale\" content=\"en_US\" \/>\n<meta property=\"og:type\" content=\"article\" \/>\n<meta property=\"og:title\" content=\"Neymar Publishes a &#039;story&#039; in which it appears with the T-shirt of the Bar\u00e7a\" \/>\n<meta property=\"og:description\" content=\"Far to leave to throw firewood to the fire, Neymar Jr has shared in the last hours a publication, through &#039;Instagram Stories&#039;, recording a...\" \/>\n<meta property=\"og:url\" content=\"https:\/\/www.fcbarcelonanoticias.com\/en\/fc-barcelona\/neymar-publishes-a-story-in-which-it-appears-with-the-t-shirt-of-the-fc-barcelona_226502_102.html\" \/>\n<meta property=\"og:site_name\" content=\"EN - FC Barcelona Noticias\" \/>\n<meta property=\"article:published_time\" content=\"2019-07-13T23:05:00+00:00\" \/>\n<meta property=\"article:modified_time\" content=\"2026-04-16T08:06:28+00:00\" \/>\n<meta property=\"og:image\" content=\"https:\/\/www.fcbarcelonanoticias.com\/en\/wp-content\/uploads\/sites\/2\/2019\/07\/neymar-barcelona-296933.jpeg\" \/>\n\t<meta property=\"og:image:width\" content=\"761\" \/>\n\t<meta property=\"og:image:height\" content=\"428\" \/>\n\t<meta property=\"og:image:type\" content=\"image\/jpeg\" \/>\n<meta name=\"author\" content=\"Erika Moya\" \/>\n<meta name=\"twitter:card\" content=\"summary_large_image\" \/>\n<meta name=\"twitter:label1\" content=\"Written by\" \/>\n\t<meta name=\"twitter:data1\" content=\"Erika Moya\" \/>\n\t<meta name=\"twitter:label2\" content=\"Est. reading time\" \/>\n\t<meta name=\"twitter:data2\" content=\"3 minutes\" \/>\n<script type=\"application\/ld+json\" class=\"yoast-schema-graph\">{\"@context\":\"https:\\\/\\\/schema.org\",\"@graph\":[{\"@type\":\"Article\",\"@id\":\"https:\\\/\\\/www.fcbarcelonanoticias.com\\\/en\\\/fc-barcelona\\\/neymar-publishes-a-story-in-which-it-appears-with-the-t-shirt-of-the-fc-barcelona_226502_102.html#article\",\"isPartOf\":{\"@id\":\"https:\\\/\\\/www.fcbarcelonanoticias.com\\\/en\\\/fc-barcelona\\\/neymar-publishes-a-story-in-which-it-appears-with-the-t-shirt-of-the-fc-barcelona_226502_102.html\"},\"author\":{\"name\":\"Erika Moya\",\"@id\":\"https:\\\/\\\/www.fcbarcelonanoticias.com\\\/en\\\/#\\\/schema\\\/person\\\/5dc3a41c52ab542cf24a2fbe3489c561\"},\"headline\":\"Neymar Publishes a &#8216;story&#8217; in which it appears with the T-shirt of the FC Barcelona\",\"datePublished\":\"2019-07-13T23:05:00+00:00\",\"dateModified\":\"2026-04-16T08:06:28+00:00\",\"mainEntityOfPage\":{\"@id\":\"https:\\\/\\\/www.fcbarcelonanoticias.com\\\/en\\\/fc-barcelona\\\/neymar-publishes-a-story-in-which-it-appears-with-the-t-shirt-of-the-fc-barcelona_226502_102.html\"},\"wordCount\":518,\"image\":{\"@id\":\"https:\\\/\\\/www.fcbarcelonanoticias.com\\\/en\\\/fc-barcelona\\\/neymar-publishes-a-story-in-which-it-appears-with-the-t-shirt-of-the-fc-barcelona_226502_102.html#primaryimage\"},\"thumbnailUrl\":\"https:\\\/\\\/www.fcbarcelonanoticias.com\\\/en\\\/wp-content\\\/uploads\\\/sites\\\/2\\\/2019\\\/07\\\/neymar-barcelona-296933.jpeg\",\"keywords\":[\"Internet\",\"Neymar Jr\"],\"articleSection\":[\"FC Barcelona\"],\"inLanguage\":\"en-US\"},{\"@type\":\"WebPage\",\"@id\":\"https:\\\/\\\/www.fcbarcelonanoticias.com\\\/en\\\/fc-barcelona\\\/neymar-publishes-a-story-in-which-it-appears-with-the-t-shirt-of-the-fc-barcelona_226502_102.html\",\"url\":\"https:\\\/\\\/www.fcbarcelonanoticias.com\\\/en\\\/fc-barcelona\\\/neymar-publishes-a-story-in-which-it-appears-with-the-t-shirt-of-the-fc-barcelona_226502_102.html\",\"name\":\"Neymar Publishes a 'story' in which it appears with the T-shirt of the Bar\u00e7a\",\"isPartOf\":{\"@id\":\"https:\\\/\\\/www.fcbarcelonanoticias.com\\\/en\\\/#website\"},\"primaryImageOfPage\":{\"@id\":\"https:\\\/\\\/www.fcbarcelonanoticias.com\\\/en\\\/fc-barcelona\\\/neymar-publishes-a-story-in-which-it-appears-with-the-t-shirt-of-the-fc-barcelona_226502_102.html#primaryimage\"},\"image\":{\"@id\":\"https:\\\/\\\/www.fcbarcelonanoticias.com\\\/en\\\/fc-barcelona\\\/neymar-publishes-a-story-in-which-it-appears-with-the-t-shirt-of-the-fc-barcelona_226502_102.html#primaryimage\"},\"thumbnailUrl\":\"https:\\\/\\\/www.fcbarcelonanoticias.com\\\/en\\\/wp-content\\\/uploads\\\/sites\\\/2\\\/2019\\\/07\\\/neymar-barcelona-296933.jpeg\",\"datePublished\":\"2019-07-13T23:05:00+00:00\",\"dateModified\":\"2026-04-16T08:06:28+00:00\",\"author\":{\"@id\":\"https:\\\/\\\/www.fcbarcelonanoticias.com\\\/en\\\/#\\\/schema\\\/person\\\/5dc3a41c52ab542cf24a2fbe3489c561\"},\"description\":\"Far to leave to throw firewood to the fire, Neymar Jr has shared in the last hours a publication, through 'Instagram Stories', recording a...\",\"breadcrumb\":{\"@id\":\"https:\\\/\\\/www.fcbarcelonanoticias.com\\\/en\\\/fc-barcelona\\\/neymar-publishes-a-story-in-which-it-appears-with-the-t-shirt-of-the-fc-barcelona_226502_102.html#breadcrumb\"},\"inLanguage\":\"en-US\",\"potentialAction\":[{\"@type\":\"ReadAction\",\"target\":[\"https:\\\/\\\/www.fcbarcelonanoticias.com\\\/en\\\/fc-barcelona\\\/neymar-publishes-a-story-in-which-it-appears-with-the-t-shirt-of-the-fc-barcelona_226502_102.html\"]}]},{\"@type\":\"ImageObject\",\"inLanguage\":\"en-US\",\"@id\":\"https:\\\/\\\/www.fcbarcelonanoticias.com\\\/en\\\/fc-barcelona\\\/neymar-publishes-a-story-in-which-it-appears-with-the-t-shirt-of-the-fc-barcelona_226502_102.html#primaryimage\",\"url\":\"https:\\\/\\\/www.fcbarcelonanoticias.com\\\/en\\\/wp-content\\\/uploads\\\/sites\\\/2\\\/2019\\\/07\\\/neymar-barcelona-296933.jpeg\",\"contentUrl\":\"https:\\\/\\\/www.fcbarcelonanoticias.com\\\/en\\\/wp-content\\\/uploads\\\/sites\\\/2\\\/2019\\\/07\\\/neymar-barcelona-296933.jpeg\",\"width\":761,\"height\":428},{\"@type\":\"BreadcrumbList\",\"@id\":\"https:\\\/\\\/www.fcbarcelonanoticias.com\\\/en\\\/fc-barcelona\\\/neymar-publishes-a-story-in-which-it-appears-with-the-t-shirt-of-the-fc-barcelona_226502_102.html#breadcrumb\",\"itemListElement\":[{\"@type\":\"ListItem\",\"position\":1,\"name\":\"Portada\",\"item\":\"https:\\\/\\\/www.fcbarcelonanoticias.com\\\/en\\\/\"},{\"@type\":\"ListItem\",\"position\":2,\"name\":\"Neymar Publishes a &#8216;story&#8217; in which it appears with the T-shirt of the FC Barcelona\"}]},{\"@type\":\"WebSite\",\"@id\":\"https:\\\/\\\/www.fcbarcelonanoticias.com\\\/en\\\/#website\",\"url\":\"https:\\\/\\\/www.fcbarcelonanoticias.com\\\/en\\\/\",\"name\":\"EN - FC Barcelona Noticias\",\"description\":\"\",\"potentialAction\":[{\"@type\":\"SearchAction\",\"target\":{\"@type\":\"EntryPoint\",\"urlTemplate\":\"https:\\\/\\\/www.fcbarcelonanoticias.com\\\/en\\\/?s={search_term_string}\"},\"query-input\":{\"@type\":\"PropertyValueSpecification\",\"valueRequired\":true,\"valueName\":\"search_term_string\"}}],\"inLanguage\":\"en-US\"},{\"@type\":\"Person\",\"@id\":\"https:\\\/\\\/www.fcbarcelonanoticias.com\\\/en\\\/#\\\/schema\\\/person\\\/5dc3a41c52ab542cf24a2fbe3489c561\",\"name\":\"Erika Moya\",\"image\":{\"@type\":\"ImageObject\",\"inLanguage\":\"en-US\",\"@id\":\"https:\\\/\\\/secure.gravatar.com\\\/avatar\\\/?s=96&d=mm&r=g\",\"url\":\"https:\\\/\\\/secure.gravatar.com\\\/avatar\\\/?s=96&d=mm&r=g\",\"contentUrl\":\"https:\\\/\\\/secure.gravatar.com\\\/avatar\\\/?s=96&d=mm&r=g\",\"caption\":\"Erika Moya\"},\"description\":\"Erika est\u00e1 estudiando Periodismo y llega a FCBN con el objetivo de cubrir la actualidad del F\u00fatbol Femenino, con especial cari\u00f1o\u00a0a todo lo que rodea al Bar\u00e7a Femenino. Apasionada del deporte, combina su formaci\u00f3n acad\u00e9mica con su labor divulgativa.\",\"url\":\"https:\\\/\\\/www.fcbarcelonanoticias.com\\\/en\\\/fc-barcelona\\\/erika-moya_29_115.html\"}]}<\/script>\n<!-- \/ Yoast SEO plugin. -->","yoast_head_json":{"title":"Neymar Publishes a 'story' in which it appears with the T-shirt of the Bar\u00e7a","description":"Far to leave to throw firewood to the fire, Neymar Jr has shared in the last hours a publication, through 'Instagram Stories', recording a...","robots":{"index":"index","follow":"follow","max-snippet":"max-snippet:-1","max-image-preview":"max-image-preview:large","max-video-preview":"max-video-preview:-1"},"canonical":"https:\/\/www.fcbarcelonanoticias.com\/en\/fc-barcelona\/neymar-publishes-a-story-in-which-it-appears-with-the-t-shirt-of-the-fc-barcelona_226502_102.html","og_locale":"en_US","og_type":"article","og_title":"Neymar Publishes a 'story' in which it appears with the T-shirt of the Bar\u00e7a","og_description":"Far to leave to throw firewood to the fire, Neymar Jr has shared in the last hours a publication, through 'Instagram Stories', recording a...","og_url":"https:\/\/www.fcbarcelonanoticias.com\/en\/fc-barcelona\/neymar-publishes-a-story-in-which-it-appears-with-the-t-shirt-of-the-fc-barcelona_226502_102.html","og_site_name":"EN - FC Barcelona Noticias","article_published_time":"2019-07-13T23:05:00+00:00","article_modified_time":"2026-04-16T08:06:28+00:00","og_image":[{"width":761,"height":428,"url":"https:\/\/www.fcbarcelonanoticias.com\/en\/wp-content\/uploads\/sites\/2\/2019\/07\/neymar-barcelona-296933.jpeg","type":"image\/jpeg"}],"author":"Erika Moya","twitter_card":"summary_large_image","twitter_misc":{"Written by":"Erika Moya","Est. reading time":"3 minutes"},"schema":{"@context":"https:\/\/schema.org","@graph":[{"@type":"Article","@id":"https:\/\/www.fcbarcelonanoticias.com\/en\/fc-barcelona\/neymar-publishes-a-story-in-which-it-appears-with-the-t-shirt-of-the-fc-barcelona_226502_102.html#article","isPartOf":{"@id":"https:\/\/www.fcbarcelonanoticias.com\/en\/fc-barcelona\/neymar-publishes-a-story-in-which-it-appears-with-the-t-shirt-of-the-fc-barcelona_226502_102.html"},"author":{"name":"Erika Moya","@id":"https:\/\/www.fcbarcelonanoticias.com\/en\/#\/schema\/person\/5dc3a41c52ab542cf24a2fbe3489c561"},"headline":"Neymar Publishes a &#8216;story&#8217; in which it appears with the T-shirt of the FC Barcelona","datePublished":"2019-07-13T23:05:00+00:00","dateModified":"2026-04-16T08:06:28+00:00","mainEntityOfPage":{"@id":"https:\/\/www.fcbarcelonanoticias.com\/en\/fc-barcelona\/neymar-publishes-a-story-in-which-it-appears-with-the-t-shirt-of-the-fc-barcelona_226502_102.html"},"wordCount":518,"image":{"@id":"https:\/\/www.fcbarcelonanoticias.com\/en\/fc-barcelona\/neymar-publishes-a-story-in-which-it-appears-with-the-t-shirt-of-the-fc-barcelona_226502_102.html#primaryimage"},"thumbnailUrl":"https:\/\/www.fcbarcelonanoticias.com\/en\/wp-content\/uploads\/sites\/2\/2019\/07\/neymar-barcelona-296933.jpeg","keywords":["Internet","Neymar Jr"],"articleSection":["FC Barcelona"],"inLanguage":"en-US"},{"@type":"WebPage","@id":"https:\/\/www.fcbarcelonanoticias.com\/en\/fc-barcelona\/neymar-publishes-a-story-in-which-it-appears-with-the-t-shirt-of-the-fc-barcelona_226502_102.html","url":"https:\/\/www.fcbarcelonanoticias.com\/en\/fc-barcelona\/neymar-publishes-a-story-in-which-it-appears-with-the-t-shirt-of-the-fc-barcelona_226502_102.html","name":"Neymar Publishes a 'story' in which it appears with the T-shirt of the Bar\u00e7a","isPartOf":{"@id":"https:\/\/www.fcbarcelonanoticias.com\/en\/#website"},"primaryImageOfPage":{"@id":"https:\/\/www.fcbarcelonanoticias.com\/en\/fc-barcelona\/neymar-publishes-a-story-in-which-it-appears-with-the-t-shirt-of-the-fc-barcelona_226502_102.html#primaryimage"},"image":{"@id":"https:\/\/www.fcbarcelonanoticias.com\/en\/fc-barcelona\/neymar-publishes-a-story-in-which-it-appears-with-the-t-shirt-of-the-fc-barcelona_226502_102.html#primaryimage"},"thumbnailUrl":"https:\/\/www.fcbarcelonanoticias.com\/en\/wp-content\/uploads\/sites\/2\/2019\/07\/neymar-barcelona-296933.jpeg","datePublished":"2019-07-13T23:05:00+00:00","dateModified":"2026-04-16T08:06:28+00:00","author":{"@id":"https:\/\/www.fcbarcelonanoticias.com\/en\/#\/schema\/person\/5dc3a41c52ab542cf24a2fbe3489c561"},"description":"Far to leave to throw firewood to the fire, Neymar Jr has shared in the last hours a publication, through 'Instagram Stories', recording a...","breadcrumb":{"@id":"https:\/\/www.fcbarcelonanoticias.com\/en\/fc-barcelona\/neymar-publishes-a-story-in-which-it-appears-with-the-t-shirt-of-the-fc-barcelona_226502_102.html#breadcrumb"},"inLanguage":"en-US","potentialAction":[{"@type":"ReadAction","target":["https:\/\/www.fcbarcelonanoticias.com\/en\/fc-barcelona\/neymar-publishes-a-story-in-which-it-appears-with-the-t-shirt-of-the-fc-barcelona_226502_102.html"]}]},{"@type":"ImageObject","inLanguage":"en-US","@id":"https:\/\/www.fcbarcelonanoticias.com\/en\/fc-barcelona\/neymar-publishes-a-story-in-which-it-appears-with-the-t-shirt-of-the-fc-barcelona_226502_102.html#primaryimage","url":"https:\/\/www.fcbarcelonanoticias.com\/en\/wp-content\/uploads\/sites\/2\/2019\/07\/neymar-barcelona-296933.jpeg","contentUrl":"https:\/\/www.fcbarcelonanoticias.com\/en\/wp-content\/uploads\/sites\/2\/2019\/07\/neymar-barcelona-296933.jpeg","width":761,"height":428},{"@type":"BreadcrumbList","@id":"https:\/\/www.fcbarcelonanoticias.com\/en\/fc-barcelona\/neymar-publishes-a-story-in-which-it-appears-with-the-t-shirt-of-the-fc-barcelona_226502_102.html#breadcrumb","itemListElement":[{"@type":"ListItem","position":1,"name":"Portada","item":"https:\/\/www.fcbarcelonanoticias.com\/en\/"},{"@type":"ListItem","position":2,"name":"Neymar Publishes a &#8216;story&#8217; in which it appears with the T-shirt of the FC Barcelona"}]},{"@type":"WebSite","@id":"https:\/\/www.fcbarcelonanoticias.com\/en\/#website","url":"https:\/\/www.fcbarcelonanoticias.com\/en\/","name":"EN - FC Barcelona Noticias","description":"","potentialAction":[{"@type":"SearchAction","target":{"@type":"EntryPoint","urlTemplate":"https:\/\/www.fcbarcelonanoticias.com\/en\/?s={search_term_string}"},"query-input":{"@type":"PropertyValueSpecification","valueRequired":true,"valueName":"search_term_string"}}],"inLanguage":"en-US"},{"@type":"Person","@id":"https:\/\/www.fcbarcelonanoticias.com\/en\/#\/schema\/person\/5dc3a41c52ab542cf24a2fbe3489c561","name":"Erika Moya","image":{"@type":"ImageObject","inLanguage":"en-US","@id":"https:\/\/secure.gravatar.com\/avatar\/?s=96&d=mm&r=g","url":"https:\/\/secure.gravatar.com\/avatar\/?s=96&d=mm&r=g","contentUrl":"https:\/\/secure.gravatar.com\/avatar\/?s=96&d=mm&r=g","caption":"Erika Moya"},"description":"Erika est\u00e1 estudiando Periodismo y llega a FCBN con el objetivo de cubrir la actualidad del F\u00fatbol Femenino, con especial cari\u00f1o\u00a0a todo lo que rodea al Bar\u00e7a Femenino. Apasionada del deporte, combina su formaci\u00f3n acad\u00e9mica con su labor divulgativa.","url":"https:\/\/www.fcbarcelonanoticias.com\/en\/fc-barcelona\/erika-moya_29_115.html"}]}},"_links":{"self":[{"href":"https:\/\/www.fcbarcelonanoticias.com\/en\/wp-json\/wp\/v2\/posts\/106676","targetHints":{"allow":["GET"]}}],"collection":[{"href":"https:\/\/www.fcbarcelonanoticias.com\/en\/wp-json\/wp\/v2\/posts"}],"about":[{"href":"https:\/\/www.fcbarcelonanoticias.com\/en\/wp-json\/wp\/v2\/types\/post"}],"author":[{"embeddable":true,"href":"https:\/\/www.fcbarcelonanoticias.com\/en\/wp-json\/wp\/v2\/users\/357"}],"replies":[{"embeddable":true,"href":"https:\/\/www.fcbarcelonanoticias.com\/en\/wp-json\/wp\/v2\/comments?post=106676"}],"version-history":[{"count":2,"href":"https:\/\/www.fcbarcelonanoticias.com\/en\/wp-json\/wp\/v2\/posts\/106676\/revisions"}],"predecessor-version":[{"id":185011,"href":"https:\/\/www.fcbarcelonanoticias.com\/en\/wp-json\/wp\/v2\/posts\/106676\/revisions\/185011"}],"wp:featuredmedia":[{"embeddable":true,"href":"https:\/\/www.fcbarcelonanoticias.com\/en\/wp-json\/wp\/v2\/media\/106679"}],"wp:attachment":[{"href":"https:\/\/www.fcbarcelonanoticias.com\/en\/wp-json\/wp\/v2\/media?parent=106676"}],"wp:term":[{"taxonomy":"category","embeddable":true,"href":"https:\/\/www.fcbarcelonanoticias.com\/en\/wp-json\/wp\/v2\/categories?post=106676"},{"taxonomy":"post_tag","embeddable":true,"href":"https:\/\/www.fcbarcelonanoticias.com\/en\/wp-json\/wp\/v2\/tags?post=106676"}],"curies":[{"name":"wp","href":"https:\/\/api.w.org\/{rel}","templated":true}]}}