{"id":106905,"date":"2022-09-20T00:10:00","date_gmt":"2022-09-19T22:10:00","guid":{"rendered":"https:\/\/weisetech.dev\/fc-barcelona-noticias\/en\/no-to-courtois-the-barca-refused-to-the-goalkeeper-until-in-two_284536_102\/"},"modified":"2022-09-20T00:10:00","modified_gmt":"2022-09-19T22:10:00","slug":"no-to-courtois-the-barca-refused-to-the-goalkeeper-until-in-two_284536_102","status":"publish","type":"post","link":"https:\/\/www.fcbarcelonanoticias.com\/en\/fc-barcelona\/no-to-courtois-the-barca-refused-to-the-goalkeeper-until-in-two_284536_102.html","title":{"rendered":"Not Courtois! Bar\u00e7a rejected the goalkeeper on two occasions"},"content":{"rendered":"<h2 class=\"wp-block-heading\">Thibaut Courtois was chosen as the best goalkeeper of the last season in the UEFA Champions League. The Belgian, figure of Real Madrid, was offered to FC Barcelona, \u200b\u200bbut the Blaugrana board preferred Marc-Andr\u00e9 ter Stegen<\/h2>  \r\n<div class=\"article-addons\">\r\n    <a href=\"https:\/\/www.fcbarcelonanoticias.com\/en\/calendar-fc-barcelona.html\"\r\n       target=\"_self\"\r\n       title=\"Calendar of FC Barcelona\"\r\n       class=\"blue-gredient-btn\">\r\n       \r\n        Calendar of FC Barcelona    <\/a>\r\n<\/div>   <p>The <a data-external=\"0\" data-intl-links-en=\"https:\/\/www.fcbarcelonanoticias.com\/en\/fcbn-tv\/actuality-of-the-barca-marco-asensio-case-griezmann-calendar_284524_102.html\" data-intl-links-es=\"https:\/\/www.fcbarcelonanoticias.com\/fcbn-tv\/actualidad-barcelona-marco-asensio-caso-griezmann-calendario_284524_102.html\" href=\"https:\/\/www.fcbarcelonanoticias.com\/en\/fcbn-tv\/actuality-of-the-barca-marco-asensio-case-griezmann-calendar_284524_102.html\" rel=\"follow\" target=\"_self\" title=\"\u00a1Actualidad del Bar\u00e7a! Marco Asensio, 'caso Griezmann', calendario...\">FC Barcelona<\/a> had to &#8216;shot&#8217; to one of the figures of the Real Madrid until in two opportunities. As it confirmed &#8216;Sportive Carousel&#8217;, Thibaut Courtois, key man in the achievement of the four official titles that has raised the &#8216;White House&#8217; in 2022,<strong> was offered to the group cul\u00e9 in 2011 and 2014, but the managerial blaugrana happened of the Belgian and bet by Marc-Andr\u00e9 ter Stegen<\/strong>, the one who also has had a remarkable performance in his eight years in Catalonia.<\/p>  <p>In the summer of 2014, the Bar\u00e7a looked for a goalkeeper to substitute to V\u00edctor Vald\u00e9z, the one who had commissioned of the arch blaugrana from the season 2003-04. <strong>After the World-wide of Brazil, the directive was to by Claudio Bravo<\/strong>, captain of the Chilean selection taken down in quarter-finals by the hosts. The ex guardameta of the Real Sociedad arrived in return of 12 millions, same quantity that the Bar\u00e7a credited by his another reinforcement for the goal this year.<\/p>  <p><strong>In addition to the Chilean, the club put 12 &#8216;kilos&#8217; on the table by the young goalkeeper of the Borussia M\u00f6nchengladbach<\/strong>, Ter Stegen. With 22 years, the German arrived to be the goalkeeper of the Glass of Rey and the Champions League in the team of Luis Enrique, whereas Bravo followed suit in LaLiga. At the end of the season, the cul\u00e9s heaved the triplete in the farewell of Xavi Hern\u00e1ndez, being this the last time that it attained win the League of Champions.<\/p>  <p>In this same summer, <strong>Courtois culminated his cession of three seasons in<\/strong> <a data-external=\"0\" data-intl-links-en=\"https:\/\/www.fcbarcelonanoticias.com\/en\/real-madrid\/they-follow-the-provocations-vinicius-laughs-of-the-athletic-in_284504_102.html\" data-intl-links-es=\"https:\/\/www.fcbarcelonanoticias.com\/real-madrid\/siguen-provocaciones-vinicius-se-rie-atletico-en-twitter_284504_102.html\" href=\"https:\/\/www.fcbarcelonanoticias.com\/en\/real-madrid\/they-follow-the-provocations-vinicius-laughs-of-the-athletic-in_284504_102.html\" rel=\"follow\" target=\"_self\" title=\"Siguen las provocaciones: Vinicius se r\u00ede del Atl\u00e9tico en Twitter\">the Alt\u00e9tico of Madrid<\/a> and returned to Chelsea. The group &#8216;blue&#8217;, then directed by Jos\u00e9 Mourinho, tried to sell him, as the Portuguese followed betting by the experienced Peter Cech. Finally, Thibaut did with the titularity from 2015, after an injury suffered by the guardameta Czech, a place that occupied <strong>until 2018, when it left to the Real Madrid in return of 35 &#8216;kilos&#8217;<\/strong>.<\/p>  <h3>The Bar\u00e7a also could buy to Courtois in 2011<\/h3>  <p>In the summer of 2011, the Belgian also was in the orbit cul\u00e9. <strong>Chelsea paid almost 9 &#8216;kilos&#8217; to the Genk by the one of Bree, the one who then had only 19 years<\/strong>. The solution for the ones of Stamford Bridge was to yield him to the &#8216;Aleti&#8217; by three seasons so that it won experience. The &#8216;colchoneros&#8217; finish to lose to David of Gea and found in the Belgian a guarantee in the arch, key figure in the first titles obtained by Diego Simeone in the club. Nevertheless, the Bar\u00e7a could have remained with the &#8216;1&#8217; of the Madrid, but the destination decided the contrary.<\/p> ","protected":false},"excerpt":{"rendered":"<p>Thibaut Courtois was chosen as the best goalkeeper of the last season in the UEFA Champions League. The Belgian, figure of Real Madrid, was offered to FC Barcelona, \u200b\u200bbut the Blaugrana board preferred Marc-Andr\u00e9 ter Stegen The FC Barcelona had to &#8216;shot&#8217; to one of the figures of the Real Madrid until in two opportunities. [&hellip;]<\/p>\n","protected":false},"author":347,"featured_media":106907,"comment_status":"closed","ping_status":"open","sticky":false,"template":"","format":"standard","meta":{"_acf_changed":false,"inline_featured_image":false,"_nextfly_llmd_date_locked":false,"footnotes":""},"categories":[111],"tags":[],"class_list":["post-106905","post","type-post","status-publish","format-standard","has-post-thumbnail","hentry","category-fc-barcelona"],"acf":[],"yoast_head":"<!-- This site is optimized with the Yoast SEO plugin v27.3 - https:\/\/yoast.com\/product\/yoast-seo-wordpress\/ -->\n<title>Not Courtois! Bar\u00e7a rejected the goalkeeper on two occasions<\/title>\n<meta name=\"description\" content=\"Thibaut Courtois was chosen like the best goalkeeper of the last season in the UEFA Champions League. The Belgian, figure of the Real Madrid, was offered to the FC B...\" \/>\n<meta name=\"robots\" content=\"index, follow, max-snippet:-1, max-image-preview:large, max-video-preview:-1\" \/>\n<link rel=\"canonical\" href=\"https:\/\/www.fcbarcelonanoticias.com\/en\/fc-barcelona\/no-to-courtois-the-barca-refused-to-the-goalkeeper-until-in-two_284536_102.html\" \/>\n<meta property=\"og:locale\" content=\"en_US\" \/>\n<meta property=\"og:type\" content=\"article\" \/>\n<meta property=\"og:title\" content=\"Not Courtois! Bar\u00e7a rejected the goalkeeper on two occasions\" \/>\n<meta property=\"og:description\" content=\"Thibaut Courtois was chosen like the best goalkeeper of the last season in the UEFA Champions League. The Belgian, figure of the Real Madrid, was offered to the FC B...\" \/>\n<meta property=\"og:url\" content=\"https:\/\/www.fcbarcelonanoticias.com\/en\/fc-barcelona\/no-to-courtois-the-barca-refused-to-the-goalkeeper-until-in-two_284536_102.html\" \/>\n<meta property=\"og:site_name\" content=\"EN - FC Barcelona Noticias\" \/>\n<meta property=\"article:published_time\" content=\"2022-09-19T22:10:00+00:00\" \/>\n<meta property=\"og:image\" content=\"https:\/\/www.fcbarcelonanoticias.com\/en\/wp-content\/uploads\/sites\/2\/2022\/09\/thibaut-courtois-real-madrid.jpeg\" \/>\n\t<meta property=\"og:image:width\" content=\"1300\" \/>\n\t<meta property=\"og:image:height\" content=\"732\" \/>\n\t<meta property=\"og:image:type\" content=\"image\/jpeg\" \/>\n<meta name=\"author\" content=\"Andr\u00e9s Quiroz\" \/>\n<meta name=\"twitter:card\" content=\"summary_large_image\" \/>\n<meta name=\"twitter:label1\" content=\"Written by\" \/>\n\t<meta name=\"twitter:data1\" content=\"Andr\u00e9s Quiroz\" \/>\n\t<meta name=\"twitter:label2\" content=\"Est. reading time\" \/>\n\t<meta name=\"twitter:data2\" content=\"2 minutes\" \/>\n<script type=\"application\/ld+json\" class=\"yoast-schema-graph\">{\"@context\":\"https:\\\/\\\/schema.org\",\"@graph\":[{\"@type\":\"Article\",\"@id\":\"https:\\\/\\\/www.fcbarcelonanoticias.com\\\/en\\\/fc-barcelona\\\/no-to-courtois-the-barca-refused-to-the-goalkeeper-until-in-two_284536_102.html#article\",\"isPartOf\":{\"@id\":\"https:\\\/\\\/www.fcbarcelonanoticias.com\\\/en\\\/fc-barcelona\\\/no-to-courtois-the-barca-refused-to-the-goalkeeper-until-in-two_284536_102.html\"},\"author\":{\"name\":\"Andr\u00e9s Quiroz\",\"@id\":\"https:\\\/\\\/www.fcbarcelonanoticias.com\\\/en\\\/#\\\/schema\\\/person\\\/c2cd9f6fa1af5c0d0eccd0fefa575c88\"},\"headline\":\"Not Courtois! Bar\u00e7a rejected the goalkeeper on two occasions\",\"datePublished\":\"2022-09-19T22:10:00+00:00\",\"mainEntityOfPage\":{\"@id\":\"https:\\\/\\\/www.fcbarcelonanoticias.com\\\/en\\\/fc-barcelona\\\/no-to-courtois-the-barca-refused-to-the-goalkeeper-until-in-two_284536_102.html\"},\"wordCount\":481,\"image\":{\"@id\":\"https:\\\/\\\/www.fcbarcelonanoticias.com\\\/en\\\/fc-barcelona\\\/no-to-courtois-the-barca-refused-to-the-goalkeeper-until-in-two_284536_102.html#primaryimage\"},\"thumbnailUrl\":\"https:\\\/\\\/www.fcbarcelonanoticias.com\\\/en\\\/wp-content\\\/uploads\\\/sites\\\/2\\\/2022\\\/09\\\/thibaut-courtois-real-madrid.jpeg\",\"articleSection\":[\"FC Barcelona\"],\"inLanguage\":\"en-US\"},{\"@type\":\"WebPage\",\"@id\":\"https:\\\/\\\/www.fcbarcelonanoticias.com\\\/en\\\/fc-barcelona\\\/no-to-courtois-the-barca-refused-to-the-goalkeeper-until-in-two_284536_102.html\",\"url\":\"https:\\\/\\\/www.fcbarcelonanoticias.com\\\/en\\\/fc-barcelona\\\/no-to-courtois-the-barca-refused-to-the-goalkeeper-until-in-two_284536_102.html\",\"name\":\"Not Courtois! Bar\u00e7a rejected the goalkeeper on two occasions\",\"isPartOf\":{\"@id\":\"https:\\\/\\\/www.fcbarcelonanoticias.com\\\/en\\\/#website\"},\"primaryImageOfPage\":{\"@id\":\"https:\\\/\\\/www.fcbarcelonanoticias.com\\\/en\\\/fc-barcelona\\\/no-to-courtois-the-barca-refused-to-the-goalkeeper-until-in-two_284536_102.html#primaryimage\"},\"image\":{\"@id\":\"https:\\\/\\\/www.fcbarcelonanoticias.com\\\/en\\\/fc-barcelona\\\/no-to-courtois-the-barca-refused-to-the-goalkeeper-until-in-two_284536_102.html#primaryimage\"},\"thumbnailUrl\":\"https:\\\/\\\/www.fcbarcelonanoticias.com\\\/en\\\/wp-content\\\/uploads\\\/sites\\\/2\\\/2022\\\/09\\\/thibaut-courtois-real-madrid.jpeg\",\"datePublished\":\"2022-09-19T22:10:00+00:00\",\"author\":{\"@id\":\"https:\\\/\\\/www.fcbarcelonanoticias.com\\\/en\\\/#\\\/schema\\\/person\\\/c2cd9f6fa1af5c0d0eccd0fefa575c88\"},\"description\":\"Thibaut Courtois was chosen like the best goalkeeper of the last season in the UEFA Champions League. The Belgian, figure of the Real Madrid, was offered to the FC B...\",\"breadcrumb\":{\"@id\":\"https:\\\/\\\/www.fcbarcelonanoticias.com\\\/en\\\/fc-barcelona\\\/no-to-courtois-the-barca-refused-to-the-goalkeeper-until-in-two_284536_102.html#breadcrumb\"},\"inLanguage\":\"en-US\",\"potentialAction\":[{\"@type\":\"ReadAction\",\"target\":[\"https:\\\/\\\/www.fcbarcelonanoticias.com\\\/en\\\/fc-barcelona\\\/no-to-courtois-the-barca-refused-to-the-goalkeeper-until-in-two_284536_102.html\"]}]},{\"@type\":\"ImageObject\",\"inLanguage\":\"en-US\",\"@id\":\"https:\\\/\\\/www.fcbarcelonanoticias.com\\\/en\\\/fc-barcelona\\\/no-to-courtois-the-barca-refused-to-the-goalkeeper-until-in-two_284536_102.html#primaryimage\",\"url\":\"https:\\\/\\\/www.fcbarcelonanoticias.com\\\/en\\\/wp-content\\\/uploads\\\/sites\\\/2\\\/2022\\\/09\\\/thibaut-courtois-real-madrid.jpeg\",\"contentUrl\":\"https:\\\/\\\/www.fcbarcelonanoticias.com\\\/en\\\/wp-content\\\/uploads\\\/sites\\\/2\\\/2022\\\/09\\\/thibaut-courtois-real-madrid.jpeg\",\"width\":1300,\"height\":732},{\"@type\":\"BreadcrumbList\",\"@id\":\"https:\\\/\\\/www.fcbarcelonanoticias.com\\\/en\\\/fc-barcelona\\\/no-to-courtois-the-barca-refused-to-the-goalkeeper-until-in-two_284536_102.html#breadcrumb\",\"itemListElement\":[{\"@type\":\"ListItem\",\"position\":1,\"name\":\"Portada\",\"item\":\"https:\\\/\\\/www.fcbarcelonanoticias.com\\\/en\\\/\"},{\"@type\":\"ListItem\",\"position\":2,\"name\":\"Not Courtois! Bar\u00e7a rejected the goalkeeper on two occasions\"}]},{\"@type\":\"WebSite\",\"@id\":\"https:\\\/\\\/www.fcbarcelonanoticias.com\\\/en\\\/#website\",\"url\":\"https:\\\/\\\/www.fcbarcelonanoticias.com\\\/en\\\/\",\"name\":\"EN - FC Barcelona Noticias\",\"description\":\"\",\"potentialAction\":[{\"@type\":\"SearchAction\",\"target\":{\"@type\":\"EntryPoint\",\"urlTemplate\":\"https:\\\/\\\/www.fcbarcelonanoticias.com\\\/en\\\/?s={search_term_string}\"},\"query-input\":{\"@type\":\"PropertyValueSpecification\",\"valueRequired\":true,\"valueName\":\"search_term_string\"}}],\"inLanguage\":\"en-US\"},{\"@type\":\"Person\",\"@id\":\"https:\\\/\\\/www.fcbarcelonanoticias.com\\\/en\\\/#\\\/schema\\\/person\\\/c2cd9f6fa1af5c0d0eccd0fefa575c88\",\"name\":\"Andr\u00e9s Quiroz\",\"image\":{\"@type\":\"ImageObject\",\"inLanguage\":\"en-US\",\"@id\":\"https:\\\/\\\/secure.gravatar.com\\\/avatar\\\/?s=96&d=mm&r=g\",\"url\":\"https:\\\/\\\/secure.gravatar.com\\\/avatar\\\/?s=96&d=mm&r=g\",\"contentUrl\":\"https:\\\/\\\/secure.gravatar.com\\\/avatar\\\/?s=96&d=mm&r=g\",\"caption\":\"Andr\u00e9s Quiroz\"},\"description\":\"Licenciado en Periodismo por la Universidad de los Andes. Me encargo de analizar y compartir los contenidos m\u00e1s destacados de la\u00a0actualidad del F\u00fatbol Club Barcelona, Mercado de Fichajes y F\u00fatbol Internacional en FCBN. La informaci\u00f3n es poder, pero tambi\u00e9n conocimiento.\",\"url\":\"https:\\\/\\\/www.fcbarcelonanoticias.com\\\/en\\\/fc-barcelona\\\/andres-quiroz_17_115.html\"}]}<\/script>\n<!-- \/ Yoast SEO plugin. -->","yoast_head_json":{"title":"Not Courtois! Bar\u00e7a rejected the goalkeeper on two occasions","description":"Thibaut Courtois was chosen like the best goalkeeper of the last season in the UEFA Champions League. The Belgian, figure of the Real Madrid, was offered to the FC B...","robots":{"index":"index","follow":"follow","max-snippet":"max-snippet:-1","max-image-preview":"max-image-preview:large","max-video-preview":"max-video-preview:-1"},"canonical":"https:\/\/www.fcbarcelonanoticias.com\/en\/fc-barcelona\/no-to-courtois-the-barca-refused-to-the-goalkeeper-until-in-two_284536_102.html","og_locale":"en_US","og_type":"article","og_title":"Not Courtois! Bar\u00e7a rejected the goalkeeper on two occasions","og_description":"Thibaut Courtois was chosen like the best goalkeeper of the last season in the UEFA Champions League. The Belgian, figure of the Real Madrid, was offered to the FC B...","og_url":"https:\/\/www.fcbarcelonanoticias.com\/en\/fc-barcelona\/no-to-courtois-the-barca-refused-to-the-goalkeeper-until-in-two_284536_102.html","og_site_name":"EN - FC Barcelona Noticias","article_published_time":"2022-09-19T22:10:00+00:00","og_image":[{"width":1300,"height":732,"url":"https:\/\/www.fcbarcelonanoticias.com\/en\/wp-content\/uploads\/sites\/2\/2022\/09\/thibaut-courtois-real-madrid.jpeg","type":"image\/jpeg"}],"author":"Andr\u00e9s Quiroz","twitter_card":"summary_large_image","twitter_misc":{"Written by":"Andr\u00e9s Quiroz","Est. reading time":"2 minutes"},"schema":{"@context":"https:\/\/schema.org","@graph":[{"@type":"Article","@id":"https:\/\/www.fcbarcelonanoticias.com\/en\/fc-barcelona\/no-to-courtois-the-barca-refused-to-the-goalkeeper-until-in-two_284536_102.html#article","isPartOf":{"@id":"https:\/\/www.fcbarcelonanoticias.com\/en\/fc-barcelona\/no-to-courtois-the-barca-refused-to-the-goalkeeper-until-in-two_284536_102.html"},"author":{"name":"Andr\u00e9s Quiroz","@id":"https:\/\/www.fcbarcelonanoticias.com\/en\/#\/schema\/person\/c2cd9f6fa1af5c0d0eccd0fefa575c88"},"headline":"Not Courtois! Bar\u00e7a rejected the goalkeeper on two occasions","datePublished":"2022-09-19T22:10:00+00:00","mainEntityOfPage":{"@id":"https:\/\/www.fcbarcelonanoticias.com\/en\/fc-barcelona\/no-to-courtois-the-barca-refused-to-the-goalkeeper-until-in-two_284536_102.html"},"wordCount":481,"image":{"@id":"https:\/\/www.fcbarcelonanoticias.com\/en\/fc-barcelona\/no-to-courtois-the-barca-refused-to-the-goalkeeper-until-in-two_284536_102.html#primaryimage"},"thumbnailUrl":"https:\/\/www.fcbarcelonanoticias.com\/en\/wp-content\/uploads\/sites\/2\/2022\/09\/thibaut-courtois-real-madrid.jpeg","articleSection":["FC Barcelona"],"inLanguage":"en-US"},{"@type":"WebPage","@id":"https:\/\/www.fcbarcelonanoticias.com\/en\/fc-barcelona\/no-to-courtois-the-barca-refused-to-the-goalkeeper-until-in-two_284536_102.html","url":"https:\/\/www.fcbarcelonanoticias.com\/en\/fc-barcelona\/no-to-courtois-the-barca-refused-to-the-goalkeeper-until-in-two_284536_102.html","name":"Not Courtois! Bar\u00e7a rejected the goalkeeper on two occasions","isPartOf":{"@id":"https:\/\/www.fcbarcelonanoticias.com\/en\/#website"},"primaryImageOfPage":{"@id":"https:\/\/www.fcbarcelonanoticias.com\/en\/fc-barcelona\/no-to-courtois-the-barca-refused-to-the-goalkeeper-until-in-two_284536_102.html#primaryimage"},"image":{"@id":"https:\/\/www.fcbarcelonanoticias.com\/en\/fc-barcelona\/no-to-courtois-the-barca-refused-to-the-goalkeeper-until-in-two_284536_102.html#primaryimage"},"thumbnailUrl":"https:\/\/www.fcbarcelonanoticias.com\/en\/wp-content\/uploads\/sites\/2\/2022\/09\/thibaut-courtois-real-madrid.jpeg","datePublished":"2022-09-19T22:10:00+00:00","author":{"@id":"https:\/\/www.fcbarcelonanoticias.com\/en\/#\/schema\/person\/c2cd9f6fa1af5c0d0eccd0fefa575c88"},"description":"Thibaut Courtois was chosen like the best goalkeeper of the last season in the UEFA Champions League. The Belgian, figure of the Real Madrid, was offered to the FC B...","breadcrumb":{"@id":"https:\/\/www.fcbarcelonanoticias.com\/en\/fc-barcelona\/no-to-courtois-the-barca-refused-to-the-goalkeeper-until-in-two_284536_102.html#breadcrumb"},"inLanguage":"en-US","potentialAction":[{"@type":"ReadAction","target":["https:\/\/www.fcbarcelonanoticias.com\/en\/fc-barcelona\/no-to-courtois-the-barca-refused-to-the-goalkeeper-until-in-two_284536_102.html"]}]},{"@type":"ImageObject","inLanguage":"en-US","@id":"https:\/\/www.fcbarcelonanoticias.com\/en\/fc-barcelona\/no-to-courtois-the-barca-refused-to-the-goalkeeper-until-in-two_284536_102.html#primaryimage","url":"https:\/\/www.fcbarcelonanoticias.com\/en\/wp-content\/uploads\/sites\/2\/2022\/09\/thibaut-courtois-real-madrid.jpeg","contentUrl":"https:\/\/www.fcbarcelonanoticias.com\/en\/wp-content\/uploads\/sites\/2\/2022\/09\/thibaut-courtois-real-madrid.jpeg","width":1300,"height":732},{"@type":"BreadcrumbList","@id":"https:\/\/www.fcbarcelonanoticias.com\/en\/fc-barcelona\/no-to-courtois-the-barca-refused-to-the-goalkeeper-until-in-two_284536_102.html#breadcrumb","itemListElement":[{"@type":"ListItem","position":1,"name":"Portada","item":"https:\/\/www.fcbarcelonanoticias.com\/en\/"},{"@type":"ListItem","position":2,"name":"Not Courtois! Bar\u00e7a rejected the goalkeeper on two occasions"}]},{"@type":"WebSite","@id":"https:\/\/www.fcbarcelonanoticias.com\/en\/#website","url":"https:\/\/www.fcbarcelonanoticias.com\/en\/","name":"EN - FC Barcelona Noticias","description":"","potentialAction":[{"@type":"SearchAction","target":{"@type":"EntryPoint","urlTemplate":"https:\/\/www.fcbarcelonanoticias.com\/en\/?s={search_term_string}"},"query-input":{"@type":"PropertyValueSpecification","valueRequired":true,"valueName":"search_term_string"}}],"inLanguage":"en-US"},{"@type":"Person","@id":"https:\/\/www.fcbarcelonanoticias.com\/en\/#\/schema\/person\/c2cd9f6fa1af5c0d0eccd0fefa575c88","name":"Andr\u00e9s Quiroz","image":{"@type":"ImageObject","inLanguage":"en-US","@id":"https:\/\/secure.gravatar.com\/avatar\/?s=96&d=mm&r=g","url":"https:\/\/secure.gravatar.com\/avatar\/?s=96&d=mm&r=g","contentUrl":"https:\/\/secure.gravatar.com\/avatar\/?s=96&d=mm&r=g","caption":"Andr\u00e9s Quiroz"},"description":"Licenciado en Periodismo por la Universidad de los Andes. Me encargo de analizar y compartir los contenidos m\u00e1s destacados de la\u00a0actualidad del F\u00fatbol Club Barcelona, Mercado de Fichajes y F\u00fatbol Internacional en FCBN. La informaci\u00f3n es poder, pero tambi\u00e9n conocimiento.","url":"https:\/\/www.fcbarcelonanoticias.com\/en\/fc-barcelona\/andres-quiroz_17_115.html"}]}},"_links":{"self":[{"href":"https:\/\/www.fcbarcelonanoticias.com\/en\/wp-json\/wp\/v2\/posts\/106905","targetHints":{"allow":["GET"]}}],"collection":[{"href":"https:\/\/www.fcbarcelonanoticias.com\/en\/wp-json\/wp\/v2\/posts"}],"about":[{"href":"https:\/\/www.fcbarcelonanoticias.com\/en\/wp-json\/wp\/v2\/types\/post"}],"author":[{"embeddable":true,"href":"https:\/\/www.fcbarcelonanoticias.com\/en\/wp-json\/wp\/v2\/users\/347"}],"replies":[{"embeddable":true,"href":"https:\/\/www.fcbarcelonanoticias.com\/en\/wp-json\/wp\/v2\/comments?post=106905"}],"version-history":[{"count":1,"href":"https:\/\/www.fcbarcelonanoticias.com\/en\/wp-json\/wp\/v2\/posts\/106905\/revisions"}],"predecessor-version":[{"id":148037,"href":"https:\/\/www.fcbarcelonanoticias.com\/en\/wp-json\/wp\/v2\/posts\/106905\/revisions\/148037"}],"wp:featuredmedia":[{"embeddable":true,"href":"https:\/\/www.fcbarcelonanoticias.com\/en\/wp-json\/wp\/v2\/media\/106907"}],"wp:attachment":[{"href":"https:\/\/www.fcbarcelonanoticias.com\/en\/wp-json\/wp\/v2\/media?parent=106905"}],"wp:term":[{"taxonomy":"category","embeddable":true,"href":"https:\/\/www.fcbarcelonanoticias.com\/en\/wp-json\/wp\/v2\/categories?post=106905"},{"taxonomy":"post_tag","embeddable":true,"href":"https:\/\/www.fcbarcelonanoticias.com\/en\/wp-json\/wp\/v2\/tags?post=106905"}],"curies":[{"name":"wp","href":"https:\/\/api.w.org\/{rel}","templated":true}]}}