{"id":106963,"date":"2025-08-26T00:26:00","date_gmt":"2025-08-25T22:26:00","guid":{"rendered":"https:\/\/weisetech.dev\/fc-barcelona-noticias\/en\/nike-and-barca-join-forces-to-pay-tribute-to-05-06-season_314394_102\/"},"modified":"2026-04-16T09:30:06","modified_gmt":"2026-04-16T07:30:06","slug":"nike-and-barca-join-forces-to-pay-tribute-to-05-06-season_314394_102","status":"publish","type":"post","link":"https:\/\/www.fcbarcelonanoticias.com\/en\/fc-barcelona\/nike-and-barca-join-forces-to-pay-tribute-to-05-06-season_314394_102.html","title":{"rendered":"The shirt that conquered Paris returns: Nike and Bar\u00e7a join forces for a tribute"},"content":{"rendered":"<h2 class=\"wp-block-heading\">Nike wants to launch a commemorative kit with Bar\u00e7a from 05\/06 for the end of this year or the beginning of 2026<\/h2>  \r\n<div class=\"article-addons\">\r\n    <a href=\"https:\/\/www.fcbarcelonanoticias.com\/en\/calendar-fc-barcelona.html\"\r\n       target=\"_self\"\r\n       title=\"Calendar of FC Barcelona\"\r\n       class=\"blue-gredient-btn\">\r\n       \r\n        Calendar of FC Barcelona    <\/a>\r\n<\/div>   <p><strong>Nike<\/strong> has a campaign to revive the collections of its famous &#8216;<strong>Total 90<\/strong>&#8216; line and <strong>FC Barcelona<\/strong> is participating in it. The social network X account &#8216;Memorabiblia 1899&#8217; reported that the American company and the Blaugrana team will launch a retro version of <strong>the home shirt for the 2005\/06 season<\/strong> in long sleeves.<\/p>  <p>The shirt is special for two reasons: on the one hand, it belongs to the last season in which the club played without a main sponsor on the chest of its elastic. In addition, <strong>with that kit, Barcelona won its second Champions League in Paris<\/strong>, after 14 years of drought. This season marks 20 years since that feat.<\/p>  <p>The shirt was worn by players such as <strong>Ronaldinho, Andr\u00e9s Iniesta, Xavi Hern\u00e1ndez, Samuel Eto&#8217;o, Leo Messi<\/strong> and by the current coach of <strong>Bar\u00e7a Atl\u00e8tic, Juliano Belletti,<\/strong> who scored the winning goal in the Champions League final played in Saint-Denis against <strong>Arsenal (2-1).<\/strong><\/p>  <div data-oembed-url=\"https:\/\/x.com\/memorabilia1899\/status\/1959936367028277582\"> <blockquote align=\"center\" class=\"twitter-tweet\" data-dnt=\"true\"> <p dir=\"ltr\" lang=\"en\">[\ud835\ude3e\ud835\ude4a\ud835\ude49\ud835\ude41\ud835\ude44\ud835\ude4d\ud835\ude48\ud835\ude40\ud835\ude3f]<br><br> \ud835\ude49\ud835\ude5e\ud835\ude60\ud835\ude5a \ud835\ude5e\ud835\ude68 \ud835\ude59\ud835\ude67\ud835\ude64\ud835\ude65\ud835\ude65\ud835\ude5e\ud835\ude63\ud835\ude5c \ud835\ude56 \ud835\ude67\ud835\ude5a-\ud835\ude5e\ud835\ude68\ud835\ude68\ud835\ude6a\ud835\ude5a \ud835\ude64\ud835\ude5b \ud835\ude69\ud835\ude5d\ud835\ude5a \ud835\ude5e\ud835\ude58\ud835\ude64\ud835\ude63\ud835\ude5e\ud835\ude58 2005\/06 \ud835\ude3d\ud835\ude56\ud835\ude67\ud835\ude58\ud835\ude5a\ud835\ude61\ud835\ude64\ud835\ude63\ud835\ude56 \ud835\ude5f\ud835\ude5a\ud835\ude67\ud835\ude68\ud835\ude5a\ud835\ude6e \ud835\ude5e\ud835\ude63 \ud835\ude47\ud835\ude4a\ud835\ude49\ud835\ude42 \ud835\ude4e\ud835\ude47\ud835\ude40\ud835\ude40\ud835\ude51\ud835\ude40 \ud835\ude61\ud835\ude56\ud835\ude69\ud835\ude5a\ud835\ude67 \ud835\ude69\ud835\ude5d\ud835\ude5e\ud835\ude68 \ud835\ude6e\ud835\ude5a\ud835\ude56\ud835\ude67 \ud835\ude64\ud835\ude67 \ud835\ude5a\ud835\ude56\ud835\ude67\ud835\ude61\ud835\ude6e 2026!<br><br> \ud835\ude4b\ud835\ude56\ud835\ude67\ud835\ude69 \ud835\ude64\ud835\ude5b \ud835\ude69\ud835\ude5d\ud835\ude5a \ud835\ude4f90 \ud835\ude67\ud835\ude5a\ud835\ude6b\ud835\ude5e\ud835\ude6b\ud835\ude56\ud835\ude61, \ud835\ude69\ud835\ude5d\ud835\ude5e\ud835\ude68 \ud835\ude60\ud835\ude5e\ud835\ude69\u2026 <a href=\"https:\/\/t.co\/en\/GnC0yCXtNW\">pic.twitter.com\/GnC0yCXtNW<\/a><\/p> \u2014 memorabilia1899.co (@memorabilia1899) <a href=\"https:\/\/twitter.com\/en\/memorabilia1899\/status\/1959936367028277582?ref_src=twsrc%5Etfw\">August 25, 2025<\/a> <\/blockquote>  <\/div>  <h2>Bar\u00e7a&#8217;s third shirt for 25\/26 also joins the retro wave<\/h2>  <p>For this season, Bar\u00e7a&#8217;s third shirt uses <strong>a remake of the base design of the &#8216;Total 90&#8217; collection<\/strong>. In addition, it uses an orange very similar to that of the alternative clothing with which the club won the sextuple in 2009.<\/p>  <p>The orange elastic was used in the victory in the Club World Cup final against <strong>Estudiantes de La Plata (1-2)<\/strong>, a match defined in extra time with a goal by Leo Messi scored with his chest.<\/p>  <p>This 2025, <a data-external=\"0\" data-intl-links-en=\"https:\/\/www.fcbarcelonanoticias.com\/en\/fc-barcelona\/barcelona-third-shirt-on-sale-from-this-tuesday_314199_102.html\" data-intl-links-es=\"https:\/\/www.fcbarcelonanoticias.com\/fc-barcelona\/nueva-tercera-camiseta-barcelonaventa-este-martes_314199_102.html\" href=\"https:\/\/www.fcbarcelonanoticias.com\/en\/fc-barcelona\/barcelona-third-shirt-on-sale-from-this-tuesday_314199_102.html\" rel=\"follow\" target=\"_self\" title=\"The new Bar\u00e7a third shirt: on sale from this Tuesday!\">the orange clothing features the &#8216;Total 90 Bright Mango&#8217; template<\/a> and is accompanied by a dark blue \u2018Midnight Navy\u2019 on the collar, sleeves and numbers, name and sponsors, as well as the club logo.<\/p>  <p>The color orange has been a historical color for <strong>FC Barcelona,<\/strong> which is back after 11 years. The last time the cul\u00e9 team wore orange was in the 2014\/15 season, when they obtained their second treble with Luis Enrique as coach.<\/p>  <h2>Bar\u00e7a could debut the third kit in the match against Rayo Vallecano<\/h2>  <p>FC Barcelona has not yet been able to debut any of its official shirts this season. On the first day of <strong>LaLiga EA Sports 25\/26,<\/strong> against <strong>Mallorca<\/strong> at Son Moix, the club had to use the lime green shirt from the 24\/25 season (third).<\/p>  <p>In principle, <a data-external=\"0\" data-intl-links-es=\"https:\/\/www.fcbarcelonanoticias.com\/laliga\/insolito-barca-tampoco-podra-estrenar-sus-nuevas-camisetas-alternativas-en-levante_314337_102.html\" href=\"https:\/\/www.fcbarcelonanoticias.com\/laliga\/insolito-barca-tampoco-podra-estrenar-sus-nuevas-camisetas-alternativas-en-levante_314337_102.html\" rel=\"follow\" target=\"_self\" title=\"Incredible! LaLiga 'blocks' the debut of the new Bar\u00e7a shirts\">Bar\u00e7a hoped to debut the orange shirt against Levante<\/a>, but the change in criteria by LaLiga for the choice of kits meant that none of the kits passed the filter of the new &#8216;Kit selector&#8217;. For this reason, Hansi Flick&#8217;s team returned to using the green clothing in the Ciutat de Valencia.<\/p>  <p>This Sunday, August 31, <a data-external=\"0\" data-intl-links-en=\"https:\/\/www.fcbarcelonanoticias.com\/en\/laliga\/rayo-vs-fc-barcelona-tickets-laliga-25-26_313596_102.html\" data-intl-links-es=\"https:\/\/www.fcbarcelonanoticias.com\/laliga\/entradas-rayo-vs-fc-barcelona-laliga-25-26_313596_102.html\" href=\"https:\/\/www.fcbarcelonanoticias.com\/en\/football\/laliga\/rayo-vs-fc-barcelona-tickets-laliga-25-26_313596_102.html\" rel=\"follow\" target=\"_self\" title=\"Rayo vs FC Barcelona Tickets - LaLiga 25-26\">against Rayo at the Estadio de Vallecas<\/a>, the cul\u00e9s, finally, will be able to debut any of their new shirts, since none have contrast problems with the white that the Madrid team uses in their home kit.<\/p> ","protected":false},"excerpt":{"rendered":"<p>Nike wants to launch a commemorative kit with Bar\u00e7a from 05\/06 for the end of this year or the beginning of 2026 Nike has a campaign to revive the collections of its famous &#8216;Total 90&#8216; line and FC Barcelona is participating in it. The social network X account &#8216;Memorabiblia 1899&#8217; reported that the American company [&hellip;]<\/p>\n","protected":false},"author":362,"featured_media":106966,"comment_status":"closed","ping_status":"open","sticky":false,"template":"","format":"standard","meta":{"_acf_changed":false,"inline_featured_image":false,"_nextfly_llmd_date_locked":false,"footnotes":""},"categories":[111],"tags":[251],"class_list":["post-106963","post","type-post","status-publish","format-standard","has-post-thumbnail","hentry","category-fc-barcelona","tag-t-shirt-fc-barcelona"],"acf":[],"yoast_head":"<!-- This site is optimized with the Yoast SEO plugin v27.3 - https:\/\/yoast.com\/product\/yoast-seo-wordpress\/ -->\n<title>Nike and Bar\u00e7a join forces to pay tribute to the 05\/06 season<\/title>\n<meta name=\"description\" content=\"Nike wants to launch a commemorative kit with which Bar\u00e7a won the Champions League in Paris for the end of this year or the beginning of 2026\" \/>\n<meta name=\"robots\" content=\"index, follow, max-snippet:-1, max-image-preview:large, max-video-preview:-1\" \/>\n<link rel=\"canonical\" href=\"https:\/\/www.fcbarcelonanoticias.com\/en\/fc-barcelona\/nike-and-barca-join-forces-to-pay-tribute-to-05-06-season_314394_102.html\" \/>\n<meta property=\"og:locale\" content=\"en_US\" \/>\n<meta property=\"og:type\" content=\"article\" \/>\n<meta property=\"og:title\" content=\"Nike and Bar\u00e7a join forces to pay tribute to the 05\/06 season\" \/>\n<meta property=\"og:description\" content=\"Nike wants to launch a commemorative kit with which Bar\u00e7a won the Champions League in Paris for the end of this year or the beginning of 2026\" \/>\n<meta property=\"og:url\" content=\"https:\/\/www.fcbarcelonanoticias.com\/en\/fc-barcelona\/nike-and-barca-join-forces-to-pay-tribute-to-05-06-season_314394_102.html\" \/>\n<meta property=\"og:site_name\" content=\"EN - FC Barcelona Noticias\" \/>\n<meta property=\"article:published_time\" content=\"2025-08-25T22:26:00+00:00\" \/>\n<meta property=\"article:modified_time\" content=\"2026-04-16T07:30:06+00:00\" \/>\n<meta property=\"og:image\" content=\"https:\/\/www.fcbarcelonanoticias.com\/en\/wp-content\/uploads\/sites\/2\/2025\/08\/ronaldinho-barca-v-real-madrid-2005.webp\" \/>\n\t<meta property=\"og:image:width\" content=\"1200\" \/>\n\t<meta property=\"og:image:height\" content=\"675\" \/>\n\t<meta property=\"og:image:type\" content=\"image\/webp\" \/>\n<meta name=\"author\" content=\"Reinaldo David\" \/>\n<meta name=\"twitter:card\" content=\"summary_large_image\" \/>\n<meta name=\"twitter:label1\" content=\"Written by\" \/>\n\t<meta name=\"twitter:data1\" content=\"Reinaldo David\" \/>\n\t<meta name=\"twitter:label2\" content=\"Est. reading time\" \/>\n\t<meta name=\"twitter:data2\" content=\"2 minutes\" \/>\n<script type=\"application\/ld+json\" class=\"yoast-schema-graph\">{\"@context\":\"https:\\\/\\\/schema.org\",\"@graph\":[{\"@type\":\"Article\",\"@id\":\"https:\\\/\\\/www.fcbarcelonanoticias.com\\\/en\\\/fc-barcelona\\\/nike-and-barca-join-forces-to-pay-tribute-to-05-06-season_314394_102.html#article\",\"isPartOf\":{\"@id\":\"https:\\\/\\\/www.fcbarcelonanoticias.com\\\/en\\\/fc-barcelona\\\/nike-and-barca-join-forces-to-pay-tribute-to-05-06-season_314394_102.html\"},\"author\":{\"name\":\"Reinaldo David\",\"@id\":\"https:\\\/\\\/www.fcbarcelonanoticias.com\\\/en\\\/#\\\/schema\\\/person\\\/f7c2a90edfe1134cfd813911ba5c0178\"},\"headline\":\"The shirt that conquered Paris returns: Nike and Bar\u00e7a join forces for a tribute\",\"datePublished\":\"2025-08-25T22:26:00+00:00\",\"dateModified\":\"2026-04-16T07:30:06+00:00\",\"mainEntityOfPage\":{\"@id\":\"https:\\\/\\\/www.fcbarcelonanoticias.com\\\/en\\\/fc-barcelona\\\/nike-and-barca-join-forces-to-pay-tribute-to-05-06-season_314394_102.html\"},\"wordCount\":513,\"image\":{\"@id\":\"https:\\\/\\\/www.fcbarcelonanoticias.com\\\/en\\\/fc-barcelona\\\/nike-and-barca-join-forces-to-pay-tribute-to-05-06-season_314394_102.html#primaryimage\"},\"thumbnailUrl\":\"https:\\\/\\\/www.fcbarcelonanoticias.com\\\/en\\\/wp-content\\\/uploads\\\/sites\\\/2\\\/2025\\\/08\\\/ronaldinho-barca-v-real-madrid-2005.webp\",\"keywords\":[\"T-shirt FC Barcelona\"],\"articleSection\":[\"FC Barcelona\"],\"inLanguage\":\"en-US\"},{\"@type\":\"WebPage\",\"@id\":\"https:\\\/\\\/www.fcbarcelonanoticias.com\\\/en\\\/fc-barcelona\\\/nike-and-barca-join-forces-to-pay-tribute-to-05-06-season_314394_102.html\",\"url\":\"https:\\\/\\\/www.fcbarcelonanoticias.com\\\/en\\\/fc-barcelona\\\/nike-and-barca-join-forces-to-pay-tribute-to-05-06-season_314394_102.html\",\"name\":\"Nike and Bar\u00e7a join forces to pay tribute to the 05\\\/06 season\",\"isPartOf\":{\"@id\":\"https:\\\/\\\/www.fcbarcelonanoticias.com\\\/en\\\/#website\"},\"primaryImageOfPage\":{\"@id\":\"https:\\\/\\\/www.fcbarcelonanoticias.com\\\/en\\\/fc-barcelona\\\/nike-and-barca-join-forces-to-pay-tribute-to-05-06-season_314394_102.html#primaryimage\"},\"image\":{\"@id\":\"https:\\\/\\\/www.fcbarcelonanoticias.com\\\/en\\\/fc-barcelona\\\/nike-and-barca-join-forces-to-pay-tribute-to-05-06-season_314394_102.html#primaryimage\"},\"thumbnailUrl\":\"https:\\\/\\\/www.fcbarcelonanoticias.com\\\/en\\\/wp-content\\\/uploads\\\/sites\\\/2\\\/2025\\\/08\\\/ronaldinho-barca-v-real-madrid-2005.webp\",\"datePublished\":\"2025-08-25T22:26:00+00:00\",\"dateModified\":\"2026-04-16T07:30:06+00:00\",\"author\":{\"@id\":\"https:\\\/\\\/www.fcbarcelonanoticias.com\\\/en\\\/#\\\/schema\\\/person\\\/f7c2a90edfe1134cfd813911ba5c0178\"},\"description\":\"Nike wants to launch a commemorative kit with which Bar\u00e7a won the Champions League in Paris for the end of this year or the beginning of 2026\",\"breadcrumb\":{\"@id\":\"https:\\\/\\\/www.fcbarcelonanoticias.com\\\/en\\\/fc-barcelona\\\/nike-and-barca-join-forces-to-pay-tribute-to-05-06-season_314394_102.html#breadcrumb\"},\"inLanguage\":\"en-US\",\"potentialAction\":[{\"@type\":\"ReadAction\",\"target\":[\"https:\\\/\\\/www.fcbarcelonanoticias.com\\\/en\\\/fc-barcelona\\\/nike-and-barca-join-forces-to-pay-tribute-to-05-06-season_314394_102.html\"]}]},{\"@type\":\"ImageObject\",\"inLanguage\":\"en-US\",\"@id\":\"https:\\\/\\\/www.fcbarcelonanoticias.com\\\/en\\\/fc-barcelona\\\/nike-and-barca-join-forces-to-pay-tribute-to-05-06-season_314394_102.html#primaryimage\",\"url\":\"https:\\\/\\\/www.fcbarcelonanoticias.com\\\/en\\\/wp-content\\\/uploads\\\/sites\\\/2\\\/2025\\\/08\\\/ronaldinho-barca-v-real-madrid-2005.webp\",\"contentUrl\":\"https:\\\/\\\/www.fcbarcelonanoticias.com\\\/en\\\/wp-content\\\/uploads\\\/sites\\\/2\\\/2025\\\/08\\\/ronaldinho-barca-v-real-madrid-2005.webp\",\"width\":1200,\"height\":675},{\"@type\":\"BreadcrumbList\",\"@id\":\"https:\\\/\\\/www.fcbarcelonanoticias.com\\\/en\\\/fc-barcelona\\\/nike-and-barca-join-forces-to-pay-tribute-to-05-06-season_314394_102.html#breadcrumb\",\"itemListElement\":[{\"@type\":\"ListItem\",\"position\":1,\"name\":\"Portada\",\"item\":\"https:\\\/\\\/www.fcbarcelonanoticias.com\\\/en\\\/\"},{\"@type\":\"ListItem\",\"position\":2,\"name\":\"The shirt that conquered Paris returns: Nike and Bar\u00e7a join forces for a tribute\"}]},{\"@type\":\"WebSite\",\"@id\":\"https:\\\/\\\/www.fcbarcelonanoticias.com\\\/en\\\/#website\",\"url\":\"https:\\\/\\\/www.fcbarcelonanoticias.com\\\/en\\\/\",\"name\":\"EN - FC Barcelona Noticias\",\"description\":\"\",\"potentialAction\":[{\"@type\":\"SearchAction\",\"target\":{\"@type\":\"EntryPoint\",\"urlTemplate\":\"https:\\\/\\\/www.fcbarcelonanoticias.com\\\/en\\\/?s={search_term_string}\"},\"query-input\":{\"@type\":\"PropertyValueSpecification\",\"valueRequired\":true,\"valueName\":\"search_term_string\"}}],\"inLanguage\":\"en-US\"},{\"@type\":\"Person\",\"@id\":\"https:\\\/\\\/www.fcbarcelonanoticias.com\\\/en\\\/#\\\/schema\\\/person\\\/f7c2a90edfe1134cfd813911ba5c0178\",\"name\":\"Reinaldo David\",\"image\":{\"@type\":\"ImageObject\",\"inLanguage\":\"en-US\",\"@id\":\"https:\\\/\\\/secure.gravatar.com\\\/avatar\\\/?s=96&d=mm&r=g\",\"url\":\"https:\\\/\\\/secure.gravatar.com\\\/avatar\\\/?s=96&d=mm&r=g\",\"contentUrl\":\"https:\\\/\\\/secure.gravatar.com\\\/avatar\\\/?s=96&d=mm&r=g\",\"caption\":\"Reinaldo David\"},\"description\":\"Licenciado en Periodismo y redactor en\u00a0FCBN. Encargado de traerte todos los d\u00edas\u00a0la \u00faltima hora del Bar\u00e7a y del mercado de traspasos. Analista de LaLiga, la Champions, la Copa del Rey tambi\u00e9n de las principales ligas y competiciones europeas.\",\"url\":\"https:\\\/\\\/www.fcbarcelonanoticias.com\\\/en\\\/reinaldo-david_37_115.html\"}]}<\/script>\n<!-- \/ Yoast SEO plugin. -->","yoast_head_json":{"title":"Nike and Bar\u00e7a join forces to pay tribute to the 05\/06 season","description":"Nike wants to launch a commemorative kit with which Bar\u00e7a won the Champions League in Paris for the end of this year or the beginning of 2026","robots":{"index":"index","follow":"follow","max-snippet":"max-snippet:-1","max-image-preview":"max-image-preview:large","max-video-preview":"max-video-preview:-1"},"canonical":"https:\/\/www.fcbarcelonanoticias.com\/en\/fc-barcelona\/nike-and-barca-join-forces-to-pay-tribute-to-05-06-season_314394_102.html","og_locale":"en_US","og_type":"article","og_title":"Nike and Bar\u00e7a join forces to pay tribute to the 05\/06 season","og_description":"Nike wants to launch a commemorative kit with which Bar\u00e7a won the Champions League in Paris for the end of this year or the beginning of 2026","og_url":"https:\/\/www.fcbarcelonanoticias.com\/en\/fc-barcelona\/nike-and-barca-join-forces-to-pay-tribute-to-05-06-season_314394_102.html","og_site_name":"EN - FC Barcelona Noticias","article_published_time":"2025-08-25T22:26:00+00:00","article_modified_time":"2026-04-16T07:30:06+00:00","og_image":[{"width":1200,"height":675,"url":"https:\/\/www.fcbarcelonanoticias.com\/en\/wp-content\/uploads\/sites\/2\/2025\/08\/ronaldinho-barca-v-real-madrid-2005.webp","type":"image\/webp"}],"author":"Reinaldo David","twitter_card":"summary_large_image","twitter_misc":{"Written by":"Reinaldo David","Est. reading time":"2 minutes"},"schema":{"@context":"https:\/\/schema.org","@graph":[{"@type":"Article","@id":"https:\/\/www.fcbarcelonanoticias.com\/en\/fc-barcelona\/nike-and-barca-join-forces-to-pay-tribute-to-05-06-season_314394_102.html#article","isPartOf":{"@id":"https:\/\/www.fcbarcelonanoticias.com\/en\/fc-barcelona\/nike-and-barca-join-forces-to-pay-tribute-to-05-06-season_314394_102.html"},"author":{"name":"Reinaldo David","@id":"https:\/\/www.fcbarcelonanoticias.com\/en\/#\/schema\/person\/f7c2a90edfe1134cfd813911ba5c0178"},"headline":"The shirt that conquered Paris returns: Nike and Bar\u00e7a join forces for a tribute","datePublished":"2025-08-25T22:26:00+00:00","dateModified":"2026-04-16T07:30:06+00:00","mainEntityOfPage":{"@id":"https:\/\/www.fcbarcelonanoticias.com\/en\/fc-barcelona\/nike-and-barca-join-forces-to-pay-tribute-to-05-06-season_314394_102.html"},"wordCount":513,"image":{"@id":"https:\/\/www.fcbarcelonanoticias.com\/en\/fc-barcelona\/nike-and-barca-join-forces-to-pay-tribute-to-05-06-season_314394_102.html#primaryimage"},"thumbnailUrl":"https:\/\/www.fcbarcelonanoticias.com\/en\/wp-content\/uploads\/sites\/2\/2025\/08\/ronaldinho-barca-v-real-madrid-2005.webp","keywords":["T-shirt FC Barcelona"],"articleSection":["FC Barcelona"],"inLanguage":"en-US"},{"@type":"WebPage","@id":"https:\/\/www.fcbarcelonanoticias.com\/en\/fc-barcelona\/nike-and-barca-join-forces-to-pay-tribute-to-05-06-season_314394_102.html","url":"https:\/\/www.fcbarcelonanoticias.com\/en\/fc-barcelona\/nike-and-barca-join-forces-to-pay-tribute-to-05-06-season_314394_102.html","name":"Nike and Bar\u00e7a join forces to pay tribute to the 05\/06 season","isPartOf":{"@id":"https:\/\/www.fcbarcelonanoticias.com\/en\/#website"},"primaryImageOfPage":{"@id":"https:\/\/www.fcbarcelonanoticias.com\/en\/fc-barcelona\/nike-and-barca-join-forces-to-pay-tribute-to-05-06-season_314394_102.html#primaryimage"},"image":{"@id":"https:\/\/www.fcbarcelonanoticias.com\/en\/fc-barcelona\/nike-and-barca-join-forces-to-pay-tribute-to-05-06-season_314394_102.html#primaryimage"},"thumbnailUrl":"https:\/\/www.fcbarcelonanoticias.com\/en\/wp-content\/uploads\/sites\/2\/2025\/08\/ronaldinho-barca-v-real-madrid-2005.webp","datePublished":"2025-08-25T22:26:00+00:00","dateModified":"2026-04-16T07:30:06+00:00","author":{"@id":"https:\/\/www.fcbarcelonanoticias.com\/en\/#\/schema\/person\/f7c2a90edfe1134cfd813911ba5c0178"},"description":"Nike wants to launch a commemorative kit with which Bar\u00e7a won the Champions League in Paris for the end of this year or the beginning of 2026","breadcrumb":{"@id":"https:\/\/www.fcbarcelonanoticias.com\/en\/fc-barcelona\/nike-and-barca-join-forces-to-pay-tribute-to-05-06-season_314394_102.html#breadcrumb"},"inLanguage":"en-US","potentialAction":[{"@type":"ReadAction","target":["https:\/\/www.fcbarcelonanoticias.com\/en\/fc-barcelona\/nike-and-barca-join-forces-to-pay-tribute-to-05-06-season_314394_102.html"]}]},{"@type":"ImageObject","inLanguage":"en-US","@id":"https:\/\/www.fcbarcelonanoticias.com\/en\/fc-barcelona\/nike-and-barca-join-forces-to-pay-tribute-to-05-06-season_314394_102.html#primaryimage","url":"https:\/\/www.fcbarcelonanoticias.com\/en\/wp-content\/uploads\/sites\/2\/2025\/08\/ronaldinho-barca-v-real-madrid-2005.webp","contentUrl":"https:\/\/www.fcbarcelonanoticias.com\/en\/wp-content\/uploads\/sites\/2\/2025\/08\/ronaldinho-barca-v-real-madrid-2005.webp","width":1200,"height":675},{"@type":"BreadcrumbList","@id":"https:\/\/www.fcbarcelonanoticias.com\/en\/fc-barcelona\/nike-and-barca-join-forces-to-pay-tribute-to-05-06-season_314394_102.html#breadcrumb","itemListElement":[{"@type":"ListItem","position":1,"name":"Portada","item":"https:\/\/www.fcbarcelonanoticias.com\/en\/"},{"@type":"ListItem","position":2,"name":"The shirt that conquered Paris returns: Nike and Bar\u00e7a join forces for a tribute"}]},{"@type":"WebSite","@id":"https:\/\/www.fcbarcelonanoticias.com\/en\/#website","url":"https:\/\/www.fcbarcelonanoticias.com\/en\/","name":"EN - FC Barcelona Noticias","description":"","potentialAction":[{"@type":"SearchAction","target":{"@type":"EntryPoint","urlTemplate":"https:\/\/www.fcbarcelonanoticias.com\/en\/?s={search_term_string}"},"query-input":{"@type":"PropertyValueSpecification","valueRequired":true,"valueName":"search_term_string"}}],"inLanguage":"en-US"},{"@type":"Person","@id":"https:\/\/www.fcbarcelonanoticias.com\/en\/#\/schema\/person\/f7c2a90edfe1134cfd813911ba5c0178","name":"Reinaldo David","image":{"@type":"ImageObject","inLanguage":"en-US","@id":"https:\/\/secure.gravatar.com\/avatar\/?s=96&d=mm&r=g","url":"https:\/\/secure.gravatar.com\/avatar\/?s=96&d=mm&r=g","contentUrl":"https:\/\/secure.gravatar.com\/avatar\/?s=96&d=mm&r=g","caption":"Reinaldo David"},"description":"Licenciado en Periodismo y redactor en\u00a0FCBN. Encargado de traerte todos los d\u00edas\u00a0la \u00faltima hora del Bar\u00e7a y del mercado de traspasos. Analista de LaLiga, la Champions, la Copa del Rey tambi\u00e9n de las principales ligas y competiciones europeas.","url":"https:\/\/www.fcbarcelonanoticias.com\/en\/reinaldo-david_37_115.html"}]}},"_links":{"self":[{"href":"https:\/\/www.fcbarcelonanoticias.com\/en\/wp-json\/wp\/v2\/posts\/106963","targetHints":{"allow":["GET"]}}],"collection":[{"href":"https:\/\/www.fcbarcelonanoticias.com\/en\/wp-json\/wp\/v2\/posts"}],"about":[{"href":"https:\/\/www.fcbarcelonanoticias.com\/en\/wp-json\/wp\/v2\/types\/post"}],"author":[{"embeddable":true,"href":"https:\/\/www.fcbarcelonanoticias.com\/en\/wp-json\/wp\/v2\/users\/362"}],"replies":[{"embeddable":true,"href":"https:\/\/www.fcbarcelonanoticias.com\/en\/wp-json\/wp\/v2\/comments?post=106963"}],"version-history":[{"count":2,"href":"https:\/\/www.fcbarcelonanoticias.com\/en\/wp-json\/wp\/v2\/posts\/106963\/revisions"}],"predecessor-version":[{"id":175479,"href":"https:\/\/www.fcbarcelonanoticias.com\/en\/wp-json\/wp\/v2\/posts\/106963\/revisions\/175479"}],"wp:featuredmedia":[{"embeddable":true,"href":"https:\/\/www.fcbarcelonanoticias.com\/en\/wp-json\/wp\/v2\/media\/106966"}],"wp:attachment":[{"href":"https:\/\/www.fcbarcelonanoticias.com\/en\/wp-json\/wp\/v2\/media?parent=106963"}],"wp:term":[{"taxonomy":"category","embeddable":true,"href":"https:\/\/www.fcbarcelonanoticias.com\/en\/wp-json\/wp\/v2\/categories?post=106963"},{"taxonomy":"post_tag","embeddable":true,"href":"https:\/\/www.fcbarcelonanoticias.com\/en\/wp-json\/wp\/v2\/tags?post=106963"}],"curies":[{"name":"wp","href":"https:\/\/api.w.org\/{rel}","templated":true}]}}