{"id":107172,"date":"2022-07-03T01:11:00","date_gmt":"2022-07-02T23:11:00","guid":{"rendered":"https:\/\/weisetech.dev\/fc-barcelona-noticias\/en\/offensive-trident-with-sounds-xavi-barcelona-2022-23_281831_102\/"},"modified":"2022-07-03T09:10:00","modified_gmt":"2022-07-03T07:10:00","slug":"offensive-trident-with-sounds-xavi-barcelona-2022-23_281831_102","status":"publish","type":"post","link":"https:\/\/www.fcbarcelonanoticias.com\/en\/fc-barcelona\/offensive-trident-with-sounds-xavi-barcelona-2022-23_281831_102.html","title":{"rendered":"The offensive trident with which Xavi dreams for Bar\u00e7a 2022-23"},"content":{"rendered":"<h2 class=\"wp-block-heading\">The 2022-2023 season will be one in which there will be many changes at FC Barcelona. The cul\u00e9s hope to compete for the titles again and for this Xavi Hern\u00e1ndez wants to set up a forward full of gunpowder, overflow and goal<\/h2>  \r\n<div class=\"article-addons\">\r\n    <a href=\"https:\/\/www.fcbarcelonanoticias.com\/en\/calendar-fc-barcelona.html\"\r\n       target=\"_self\"\r\n       title=\"Calendar of FC Barcelona\"\r\n       class=\"blue-gredient-btn\">\r\n       \r\n        Calendar of FC Barcelona    <\/a>\r\n<\/div>   <p>With the happen of the weeks have discovered <strong>more details of what can be the <a data-external=\"0\" data-intl-links-en=\"https:\/\/www.fcbarcelonanoticias.com\/en\/fc-barcelona\" data-intl-links-es=\"https:\/\/www.fcbarcelonanoticias.com\/fc-barcelona\" href=\"https:\/\/www.fcbarcelonanoticias.com\/en\/football-soccer\/fc-barcelona.html\" rel=\"follow\" target=\"_self\" title=\"FC Barcelona\">FC Barcelona<\/a> in the season 2022-2023. <\/strong>After a few marked years by the disappointments in Europe, the intention of the blaugrana is to form a team that litigate by all the titles and do not leave the feeling, as it has happened before, that siempte dies in the bank. It is thus that work untiringly in the incorporation of several players and accessed to &#8216;give off&#8217; of his active, with the sale of until 25% of the television rights.<\/p>  <p>Xavi Hern\u00e1ndez has been very clear with the directors of the Bar\u00e7a: <strong>it needs reinforcements so that his project have good results to short and average term<\/strong>, with the hope to seat the bases of a new team that was able to dominate in Spain and Europe again, like the generation of gold in which he was leading. In this summer, the signings for the attack result keys and the names of Robert Lewandowski or Raphinha are the first in the list.<\/p>  <p>To this, besides, it is necessary to add the case of Ousmane Demb\u00e9l\u00e9, the one who to day of today is free agent. The last informations desvelan that the Bar\u00e7a would be very near to arrive <a data-external=\"0\" data-intl-links-en=\"https:\/\/www.fcbarcelonanoticias.com\/en\/transfers\/ousmane-dembele-closer-to-stay-in-barcelona_281827_102.html\" data-intl-links-es=\"https:\/\/www.fcbarcelonanoticias.com\/fichajes\/ousmane-dembele-mas-cerca-quedarse-en-barcelona_281827_102.html\" href=\"https:\/\/www.fcbarcelonanoticias.com\/en\/transfers\/ousmane-dembele-closer-to-stay-in-barcelona_281827_102.html\" rel=\"follow\" target=\"_self\" title=\"Ousmane Demb\u00e9l\u00e9, m\u00e1s cerca de quedarse en el Bar\u00e7a\">to an agreement with the French attacker<\/a> to attain his continuity until the summer of 2024. For this, would access to <strong>earn 40% less than what came ingresando,<\/strong> with a wage of around six million net euros by season.<\/p>  <p>These three names mentioned are, precisely, <strong>the key pieces that Xavi wants in his line of attack so that the Bar\u00e7a can resurgir of his ashes<\/strong> in the 2022-2023. Although it is true that Demb\u00e9l\u00e9 and Raphinha share position, the trainer egarense sees them compatible in the team, especially because the French already has showed that it can play (and surrender) by the left band. The intention is that it exist a lot of desborde, gunpowder and goal, more than everything.<\/p>  <p>Lewandowski Will be the big leader of this Bar\u00e7a, if it finish arriving pertinent of the Bayern of Munich.<strong> It comes with an average of 40 goals by season and in the last added 50 target<\/strong>s to his name between all the competitions, carrying besides the recognition like the Boot of Gold of Europe. In the club are conscious that it is the ideal player to recover the instinct goleador, that lost after the exit of Leo Messi in 2021.<\/p>  <h3>A lot of alternatives for the Bar\u00e7a<\/h3>  <p>In addition to the three &#8216;cracks&#8217; that, in principle, has chosen Xavi, in the Bar\u00e7a there will be a big quantity of forwards that will be able to go rotando depending on the needs of the team for each party. The most important case is the one of <strong>Ansu Fati, the one who is called to be the big Barcelona star in the next years<\/strong>, but has been victim of inocntables injuries and in the club understand that, for the moment, can not be the rock of the project.<\/p>  <p>It adds , besides, Ferran Torres. It is one of the most promising attackers of the staff and Xavi is loved with him, although in the second stretch of the season 21-22 was not able to show his best version. Also it is <strong>Pierre-Emerick Aubameyang that fell of foot in the Spotify Camp Nou<\/strong> the past course, after arriving like free agent from the Arsenal. The gabon\u00e9s rotar\u00e1 with Lewandowski the place of &#8216;9&#8217;. Beside them, they will follow Memphis Depay (if it remains ) and Ez Abde, the one who could go up definitively to the first team.<\/p> ","protected":false},"excerpt":{"rendered":"<p>The 2022-2023 season will be one in which there will be many changes at FC Barcelona. The cul\u00e9s hope to compete for the titles again and for this Xavi Hern\u00e1ndez wants to set up a forward full of gunpowder, overflow and goal With the happen of the weeks have discovered more details of what can [&hellip;]<\/p>\n","protected":false},"author":352,"featured_media":107174,"comment_status":"closed","ping_status":"open","sticky":false,"template":"","format":"standard","meta":{"_acf_changed":false,"inline_featured_image":false,"_nextfly_llmd_date_locked":false,"footnotes":""},"categories":[111],"tags":[146,48],"class_list":["post-107172","post","type-post","status-publish","format-standard","has-post-thumbnail","hentry","category-fc-barcelona","tag-dembele","tag-xavi-hernandez"],"acf":[],"yoast_head":"<!-- This site is optimized with the Yoast SEO plugin v27.3 - https:\/\/yoast.com\/product\/yoast-seo-wordpress\/ -->\n<title>The offensive trident with which dreams Xavi for the Bar\u00e7a 2022-23<\/title>\n<meta name=\"description\" content=\"The season 2022-2023 will be one in which they will have a lot of changes in the FC Barcelona. The cul\u00e9s expect to go back to compete by the titles and for this Xavi Hern...\" \/>\n<meta name=\"robots\" content=\"index, follow, max-snippet:-1, max-image-preview:large, max-video-preview:-1\" \/>\n<link rel=\"canonical\" href=\"https:\/\/www.fcbarcelonanoticias.com\/en\/fc-barcelona\/offensive-trident-with-sounds-xavi-barcelona-2022-23_281831_102.html\" \/>\n<meta property=\"og:locale\" content=\"en_US\" \/>\n<meta property=\"og:type\" content=\"article\" \/>\n<meta property=\"og:title\" content=\"The offensive trident with which dreams Xavi for the Bar\u00e7a 2022-23\" \/>\n<meta property=\"og:description\" content=\"The season 2022-2023 will be one in which they will have a lot of changes in the FC Barcelona. The cul\u00e9s expect to go back to compete by the titles and for this Xavi Hern...\" \/>\n<meta property=\"og:url\" content=\"https:\/\/www.fcbarcelonanoticias.com\/en\/fc-barcelona\/offensive-trident-with-sounds-xavi-barcelona-2022-23_281831_102.html\" \/>\n<meta property=\"og:site_name\" content=\"EN - FC Barcelona Noticias\" \/>\n<meta property=\"article:published_time\" content=\"2022-07-02T23:11:00+00:00\" \/>\n<meta property=\"article:modified_time\" content=\"2022-07-03T07:10:00+00:00\" \/>\n<meta property=\"og:image\" content=\"https:\/\/www.fcbarcelonanoticias.com\/en\/wp-content\/uploads\/sites\/2\/2022\/07\/xavi-rueda-de-prensa.jpeg\" \/>\n\t<meta property=\"og:image:width\" content=\"1200\" \/>\n\t<meta property=\"og:image:height\" content=\"675\" \/>\n\t<meta property=\"og:image:type\" content=\"image\/jpeg\" \/>\n<meta name=\"author\" content=\"Paola Guevara\" \/>\n<meta name=\"twitter:card\" content=\"summary_large_image\" \/>\n<meta name=\"twitter:label1\" content=\"Written by\" \/>\n\t<meta name=\"twitter:data1\" content=\"Paola Guevara\" \/>\n\t<meta name=\"twitter:label2\" content=\"Est. reading time\" \/>\n\t<meta name=\"twitter:data2\" content=\"3 minutes\" \/>\n<script type=\"application\/ld+json\" class=\"yoast-schema-graph\">{\"@context\":\"https:\\\/\\\/schema.org\",\"@graph\":[{\"@type\":\"Article\",\"@id\":\"https:\\\/\\\/www.fcbarcelonanoticias.com\\\/en\\\/fc-barcelona\\\/offensive-trident-with-sounds-xavi-barcelona-2022-23_281831_102.html#article\",\"isPartOf\":{\"@id\":\"https:\\\/\\\/www.fcbarcelonanoticias.com\\\/en\\\/fc-barcelona\\\/offensive-trident-with-sounds-xavi-barcelona-2022-23_281831_102.html\"},\"author\":{\"name\":\"Paola Guevara\",\"@id\":\"https:\\\/\\\/www.fcbarcelonanoticias.com\\\/en\\\/#\\\/schema\\\/person\\\/3b408513ee236e64c3043ec901f019ee\"},\"headline\":\"The offensive trident with which Xavi dreams for Bar\u00e7a 2022-23\",\"datePublished\":\"2022-07-02T23:11:00+00:00\",\"dateModified\":\"2022-07-03T07:10:00+00:00\",\"mainEntityOfPage\":{\"@id\":\"https:\\\/\\\/www.fcbarcelonanoticias.com\\\/en\\\/fc-barcelona\\\/offensive-trident-with-sounds-xavi-barcelona-2022-23_281831_102.html\"},\"wordCount\":663,\"image\":{\"@id\":\"https:\\\/\\\/www.fcbarcelonanoticias.com\\\/en\\\/fc-barcelona\\\/offensive-trident-with-sounds-xavi-barcelona-2022-23_281831_102.html#primaryimage\"},\"thumbnailUrl\":\"https:\\\/\\\/www.fcbarcelonanoticias.com\\\/en\\\/wp-content\\\/uploads\\\/sites\\\/2\\\/2022\\\/07\\\/xavi-rueda-de-prensa.jpeg\",\"keywords\":[\"Demb\u00e9l\u00e9\",\"Xavi Hern\u00e1ndez\"],\"articleSection\":[\"FC Barcelona\"],\"inLanguage\":\"en-US\"},{\"@type\":\"WebPage\",\"@id\":\"https:\\\/\\\/www.fcbarcelonanoticias.com\\\/en\\\/fc-barcelona\\\/offensive-trident-with-sounds-xavi-barcelona-2022-23_281831_102.html\",\"url\":\"https:\\\/\\\/www.fcbarcelonanoticias.com\\\/en\\\/fc-barcelona\\\/offensive-trident-with-sounds-xavi-barcelona-2022-23_281831_102.html\",\"name\":\"The offensive trident with which dreams Xavi for the Bar\u00e7a 2022-23\",\"isPartOf\":{\"@id\":\"https:\\\/\\\/www.fcbarcelonanoticias.com\\\/en\\\/#website\"},\"primaryImageOfPage\":{\"@id\":\"https:\\\/\\\/www.fcbarcelonanoticias.com\\\/en\\\/fc-barcelona\\\/offensive-trident-with-sounds-xavi-barcelona-2022-23_281831_102.html#primaryimage\"},\"image\":{\"@id\":\"https:\\\/\\\/www.fcbarcelonanoticias.com\\\/en\\\/fc-barcelona\\\/offensive-trident-with-sounds-xavi-barcelona-2022-23_281831_102.html#primaryimage\"},\"thumbnailUrl\":\"https:\\\/\\\/www.fcbarcelonanoticias.com\\\/en\\\/wp-content\\\/uploads\\\/sites\\\/2\\\/2022\\\/07\\\/xavi-rueda-de-prensa.jpeg\",\"datePublished\":\"2022-07-02T23:11:00+00:00\",\"dateModified\":\"2022-07-03T07:10:00+00:00\",\"author\":{\"@id\":\"https:\\\/\\\/www.fcbarcelonanoticias.com\\\/en\\\/#\\\/schema\\\/person\\\/3b408513ee236e64c3043ec901f019ee\"},\"description\":\"The season 2022-2023 will be one in which they will have a lot of changes in the FC Barcelona. The cul\u00e9s expect to go back to compete by the titles and for this Xavi Hern...\",\"breadcrumb\":{\"@id\":\"https:\\\/\\\/www.fcbarcelonanoticias.com\\\/en\\\/fc-barcelona\\\/offensive-trident-with-sounds-xavi-barcelona-2022-23_281831_102.html#breadcrumb\"},\"inLanguage\":\"en-US\",\"potentialAction\":[{\"@type\":\"ReadAction\",\"target\":[\"https:\\\/\\\/www.fcbarcelonanoticias.com\\\/en\\\/fc-barcelona\\\/offensive-trident-with-sounds-xavi-barcelona-2022-23_281831_102.html\"]}]},{\"@type\":\"ImageObject\",\"inLanguage\":\"en-US\",\"@id\":\"https:\\\/\\\/www.fcbarcelonanoticias.com\\\/en\\\/fc-barcelona\\\/offensive-trident-with-sounds-xavi-barcelona-2022-23_281831_102.html#primaryimage\",\"url\":\"https:\\\/\\\/www.fcbarcelonanoticias.com\\\/en\\\/wp-content\\\/uploads\\\/sites\\\/2\\\/2022\\\/07\\\/xavi-rueda-de-prensa.jpeg\",\"contentUrl\":\"https:\\\/\\\/www.fcbarcelonanoticias.com\\\/en\\\/wp-content\\\/uploads\\\/sites\\\/2\\\/2022\\\/07\\\/xavi-rueda-de-prensa.jpeg\",\"width\":1200,\"height\":675},{\"@type\":\"BreadcrumbList\",\"@id\":\"https:\\\/\\\/www.fcbarcelonanoticias.com\\\/en\\\/fc-barcelona\\\/offensive-trident-with-sounds-xavi-barcelona-2022-23_281831_102.html#breadcrumb\",\"itemListElement\":[{\"@type\":\"ListItem\",\"position\":1,\"name\":\"Portada\",\"item\":\"https:\\\/\\\/www.fcbarcelonanoticias.com\\\/en\\\/\"},{\"@type\":\"ListItem\",\"position\":2,\"name\":\"The offensive trident with which Xavi dreams for Bar\u00e7a 2022-23\"}]},{\"@type\":\"WebSite\",\"@id\":\"https:\\\/\\\/www.fcbarcelonanoticias.com\\\/en\\\/#website\",\"url\":\"https:\\\/\\\/www.fcbarcelonanoticias.com\\\/en\\\/\",\"name\":\"EN - FC Barcelona Noticias\",\"description\":\"\",\"potentialAction\":[{\"@type\":\"SearchAction\",\"target\":{\"@type\":\"EntryPoint\",\"urlTemplate\":\"https:\\\/\\\/www.fcbarcelonanoticias.com\\\/en\\\/?s={search_term_string}\"},\"query-input\":{\"@type\":\"PropertyValueSpecification\",\"valueRequired\":true,\"valueName\":\"search_term_string\"}}],\"inLanguage\":\"en-US\"},{\"@type\":\"Person\",\"@id\":\"https:\\\/\\\/www.fcbarcelonanoticias.com\\\/en\\\/#\\\/schema\\\/person\\\/3b408513ee236e64c3043ec901f019ee\",\"name\":\"Paola Guevara\",\"image\":{\"@type\":\"ImageObject\",\"inLanguage\":\"en-US\",\"@id\":\"https:\\\/\\\/secure.gravatar.com\\\/avatar\\\/?s=96&d=mm&r=g\",\"url\":\"https:\\\/\\\/secure.gravatar.com\\\/avatar\\\/?s=96&d=mm&r=g\",\"contentUrl\":\"https:\\\/\\\/secure.gravatar.com\\\/avatar\\\/?s=96&d=mm&r=g\",\"caption\":\"Paola Guevara\"},\"url\":\"https:\\\/\\\/www.fcbarcelonanoticias.com\\\/en\\\/fc-barcelona\\\/paola-guevara_9_115.html\"}]}<\/script>\n<!-- \/ Yoast SEO plugin. -->","yoast_head_json":{"title":"The offensive trident with which dreams Xavi for the Bar\u00e7a 2022-23","description":"The season 2022-2023 will be one in which they will have a lot of changes in the FC Barcelona. The cul\u00e9s expect to go back to compete by the titles and for this Xavi Hern...","robots":{"index":"index","follow":"follow","max-snippet":"max-snippet:-1","max-image-preview":"max-image-preview:large","max-video-preview":"max-video-preview:-1"},"canonical":"https:\/\/www.fcbarcelonanoticias.com\/en\/fc-barcelona\/offensive-trident-with-sounds-xavi-barcelona-2022-23_281831_102.html","og_locale":"en_US","og_type":"article","og_title":"The offensive trident with which dreams Xavi for the Bar\u00e7a 2022-23","og_description":"The season 2022-2023 will be one in which they will have a lot of changes in the FC Barcelona. The cul\u00e9s expect to go back to compete by the titles and for this Xavi Hern...","og_url":"https:\/\/www.fcbarcelonanoticias.com\/en\/fc-barcelona\/offensive-trident-with-sounds-xavi-barcelona-2022-23_281831_102.html","og_site_name":"EN - FC Barcelona Noticias","article_published_time":"2022-07-02T23:11:00+00:00","article_modified_time":"2022-07-03T07:10:00+00:00","og_image":[{"width":1200,"height":675,"url":"https:\/\/www.fcbarcelonanoticias.com\/en\/wp-content\/uploads\/sites\/2\/2022\/07\/xavi-rueda-de-prensa.jpeg","type":"image\/jpeg"}],"author":"Paola Guevara","twitter_card":"summary_large_image","twitter_misc":{"Written by":"Paola Guevara","Est. reading time":"3 minutes"},"schema":{"@context":"https:\/\/schema.org","@graph":[{"@type":"Article","@id":"https:\/\/www.fcbarcelonanoticias.com\/en\/fc-barcelona\/offensive-trident-with-sounds-xavi-barcelona-2022-23_281831_102.html#article","isPartOf":{"@id":"https:\/\/www.fcbarcelonanoticias.com\/en\/fc-barcelona\/offensive-trident-with-sounds-xavi-barcelona-2022-23_281831_102.html"},"author":{"name":"Paola Guevara","@id":"https:\/\/www.fcbarcelonanoticias.com\/en\/#\/schema\/person\/3b408513ee236e64c3043ec901f019ee"},"headline":"The offensive trident with which Xavi dreams for Bar\u00e7a 2022-23","datePublished":"2022-07-02T23:11:00+00:00","dateModified":"2022-07-03T07:10:00+00:00","mainEntityOfPage":{"@id":"https:\/\/www.fcbarcelonanoticias.com\/en\/fc-barcelona\/offensive-trident-with-sounds-xavi-barcelona-2022-23_281831_102.html"},"wordCount":663,"image":{"@id":"https:\/\/www.fcbarcelonanoticias.com\/en\/fc-barcelona\/offensive-trident-with-sounds-xavi-barcelona-2022-23_281831_102.html#primaryimage"},"thumbnailUrl":"https:\/\/www.fcbarcelonanoticias.com\/en\/wp-content\/uploads\/sites\/2\/2022\/07\/xavi-rueda-de-prensa.jpeg","keywords":["Demb\u00e9l\u00e9","Xavi Hern\u00e1ndez"],"articleSection":["FC Barcelona"],"inLanguage":"en-US"},{"@type":"WebPage","@id":"https:\/\/www.fcbarcelonanoticias.com\/en\/fc-barcelona\/offensive-trident-with-sounds-xavi-barcelona-2022-23_281831_102.html","url":"https:\/\/www.fcbarcelonanoticias.com\/en\/fc-barcelona\/offensive-trident-with-sounds-xavi-barcelona-2022-23_281831_102.html","name":"The offensive trident with which dreams Xavi for the Bar\u00e7a 2022-23","isPartOf":{"@id":"https:\/\/www.fcbarcelonanoticias.com\/en\/#website"},"primaryImageOfPage":{"@id":"https:\/\/www.fcbarcelonanoticias.com\/en\/fc-barcelona\/offensive-trident-with-sounds-xavi-barcelona-2022-23_281831_102.html#primaryimage"},"image":{"@id":"https:\/\/www.fcbarcelonanoticias.com\/en\/fc-barcelona\/offensive-trident-with-sounds-xavi-barcelona-2022-23_281831_102.html#primaryimage"},"thumbnailUrl":"https:\/\/www.fcbarcelonanoticias.com\/en\/wp-content\/uploads\/sites\/2\/2022\/07\/xavi-rueda-de-prensa.jpeg","datePublished":"2022-07-02T23:11:00+00:00","dateModified":"2022-07-03T07:10:00+00:00","author":{"@id":"https:\/\/www.fcbarcelonanoticias.com\/en\/#\/schema\/person\/3b408513ee236e64c3043ec901f019ee"},"description":"The season 2022-2023 will be one in which they will have a lot of changes in the FC Barcelona. The cul\u00e9s expect to go back to compete by the titles and for this Xavi Hern...","breadcrumb":{"@id":"https:\/\/www.fcbarcelonanoticias.com\/en\/fc-barcelona\/offensive-trident-with-sounds-xavi-barcelona-2022-23_281831_102.html#breadcrumb"},"inLanguage":"en-US","potentialAction":[{"@type":"ReadAction","target":["https:\/\/www.fcbarcelonanoticias.com\/en\/fc-barcelona\/offensive-trident-with-sounds-xavi-barcelona-2022-23_281831_102.html"]}]},{"@type":"ImageObject","inLanguage":"en-US","@id":"https:\/\/www.fcbarcelonanoticias.com\/en\/fc-barcelona\/offensive-trident-with-sounds-xavi-barcelona-2022-23_281831_102.html#primaryimage","url":"https:\/\/www.fcbarcelonanoticias.com\/en\/wp-content\/uploads\/sites\/2\/2022\/07\/xavi-rueda-de-prensa.jpeg","contentUrl":"https:\/\/www.fcbarcelonanoticias.com\/en\/wp-content\/uploads\/sites\/2\/2022\/07\/xavi-rueda-de-prensa.jpeg","width":1200,"height":675},{"@type":"BreadcrumbList","@id":"https:\/\/www.fcbarcelonanoticias.com\/en\/fc-barcelona\/offensive-trident-with-sounds-xavi-barcelona-2022-23_281831_102.html#breadcrumb","itemListElement":[{"@type":"ListItem","position":1,"name":"Portada","item":"https:\/\/www.fcbarcelonanoticias.com\/en\/"},{"@type":"ListItem","position":2,"name":"The offensive trident with which Xavi dreams for Bar\u00e7a 2022-23"}]},{"@type":"WebSite","@id":"https:\/\/www.fcbarcelonanoticias.com\/en\/#website","url":"https:\/\/www.fcbarcelonanoticias.com\/en\/","name":"EN - FC Barcelona Noticias","description":"","potentialAction":[{"@type":"SearchAction","target":{"@type":"EntryPoint","urlTemplate":"https:\/\/www.fcbarcelonanoticias.com\/en\/?s={search_term_string}"},"query-input":{"@type":"PropertyValueSpecification","valueRequired":true,"valueName":"search_term_string"}}],"inLanguage":"en-US"},{"@type":"Person","@id":"https:\/\/www.fcbarcelonanoticias.com\/en\/#\/schema\/person\/3b408513ee236e64c3043ec901f019ee","name":"Paola Guevara","image":{"@type":"ImageObject","inLanguage":"en-US","@id":"https:\/\/secure.gravatar.com\/avatar\/?s=96&d=mm&r=g","url":"https:\/\/secure.gravatar.com\/avatar\/?s=96&d=mm&r=g","contentUrl":"https:\/\/secure.gravatar.com\/avatar\/?s=96&d=mm&r=g","caption":"Paola Guevara"},"url":"https:\/\/www.fcbarcelonanoticias.com\/en\/fc-barcelona\/paola-guevara_9_115.html"}]}},"_links":{"self":[{"href":"https:\/\/www.fcbarcelonanoticias.com\/en\/wp-json\/wp\/v2\/posts\/107172","targetHints":{"allow":["GET"]}}],"collection":[{"href":"https:\/\/www.fcbarcelonanoticias.com\/en\/wp-json\/wp\/v2\/posts"}],"about":[{"href":"https:\/\/www.fcbarcelonanoticias.com\/en\/wp-json\/wp\/v2\/types\/post"}],"author":[{"embeddable":true,"href":"https:\/\/www.fcbarcelonanoticias.com\/en\/wp-json\/wp\/v2\/users\/352"}],"replies":[{"embeddable":true,"href":"https:\/\/www.fcbarcelonanoticias.com\/en\/wp-json\/wp\/v2\/comments?post=107172"}],"version-history":[{"count":1,"href":"https:\/\/www.fcbarcelonanoticias.com\/en\/wp-json\/wp\/v2\/posts\/107172\/revisions"}],"predecessor-version":[{"id":148072,"href":"https:\/\/www.fcbarcelonanoticias.com\/en\/wp-json\/wp\/v2\/posts\/107172\/revisions\/148072"}],"wp:featuredmedia":[{"embeddable":true,"href":"https:\/\/www.fcbarcelonanoticias.com\/en\/wp-json\/wp\/v2\/media\/107174"}],"wp:attachment":[{"href":"https:\/\/www.fcbarcelonanoticias.com\/en\/wp-json\/wp\/v2\/media?parent=107172"}],"wp:term":[{"taxonomy":"category","embeddable":true,"href":"https:\/\/www.fcbarcelonanoticias.com\/en\/wp-json\/wp\/v2\/categories?post=107172"},{"taxonomy":"post_tag","embeddable":true,"href":"https:\/\/www.fcbarcelonanoticias.com\/en\/wp-json\/wp\/v2\/tags?post=107172"}],"curies":[{"name":"wp","href":"https:\/\/api.w.org\/{rel}","templated":true}]}}