{"id":107214,"date":"2023-10-09T14:53:00","date_gmt":"2023-10-09T12:53:00","guid":{"rendered":"https:\/\/weisetech.dev\/fc-barcelona-noticias\/en\/official-barca-announces-the-muscular-injury-of-lamine-yamal_296912_102\/"},"modified":"2023-10-09T16:09:00","modified_gmt":"2023-10-09T14:09:00","slug":"official-barca-announces-the-muscular-injury-of-lamine-yamal_296912_102","status":"publish","type":"post","link":"https:\/\/www.fcbarcelonanoticias.com\/en\/fc-barcelona\/official-barca-announces-the-muscular-injury-of-lamine-yamal_296912_102.html","title":{"rendered":"OFFICIAL: Bar\u00e7a announces Lamine Yamal\u2019s muscle injury"},"content":{"rendered":"<h2 class=\"wp-block-heading\">The FC Barcelona has right now until six footballer in the infirmary, afterwards that this Monday the Barcelona entity detailed a muscular problem of Lamine Yamal<\/h2>  \r\n<div class=\"article-addons\">\r\n    <a href=\"https:\/\/www.fcbarcelonanoticias.com\/en\/calendar-fc-barcelona.html\"\r\n       target=\"_self\"\r\n       title=\"Calendar of FC Barcelona\"\r\n       class=\"blue-gredient-btn\">\r\n       \r\n        Calendar of FC Barcelona    <\/a>\r\n<\/div>   <p>The problems do not stop for FC Barcelona and Xavi Hern\u00e1ndez. After confirming the knee injury of Jules Kound\u00e9 on Monday, a few minutes later the Barcelona club announced a new physical problem of a player cul\u00e9. The cul\u00e9s have detailed on this occasion that the tests carried out on Lamine Yamal have shown that the canterano has &#8220;an injury in the psoes ilia of the left leg. It is low and its evolution will mark its availability,&#8221; says the official statement.<\/p>  <p>Although little known, psoes ilia is a key muscle for the correct work of the hip and both legs, allowing total movement in both cases and having severe pain in the case of partial, mild or total breakage. However, Bar\u00e7a has also reported that &#8220;the player joins the concentration of the Spanish team in which he will also be evaluated by the medical services of the RFEF&#8221;, ditches the information.<\/p>  <h2>No worries about Yamal?<\/h2>  <p>It is certainly striking that the 16-year-old striker is confirmed to join the Spanish concentration after being diagnosed with a muscle problem, although it could also mean that there is not a problem too worrying. Although in the next hours or days the player could return to Barcelona if he is not in a position to play, his trip to the Ciudad Deportiva de la Roja suggests that his troubles would not be too relevant.<\/p>  <p>Without Raphinha, Lamine is being the starting right winger of Xavi, so that forcing a few minutes with Spain Bar\u00e7a risks losing for several weeks a determining player for the next matches. Although the Brazilian certainly keeps his road map to be in the Classic on October 28, it does not seem too wise that Lamine plays with Spain, It is true that with a couple of minutes in either of the two matches may be enough for the Red to &#8216;block&#8217; him definitively as to which team will finally be international absolute.<\/p> ","protected":false},"excerpt":{"rendered":"<p>The FC Barcelona has right now until six footballer in the infirmary, afterwards that this Monday the Barcelona entity detailed a muscular problem of Lamine Yamal The problems do not stop for FC Barcelona and Xavi Hern\u00e1ndez. After confirming the knee injury of Jules Kound\u00e9 on Monday, a few minutes later the Barcelona club announced [&hellip;]<\/p>\n","protected":false},"author":345,"featured_media":107216,"comment_status":"closed","ping_status":"open","sticky":false,"template":"","format":"standard","meta":{"_acf_changed":false,"inline_featured_image":false,"_nextfly_llmd_date_locked":false,"footnotes":""},"categories":[111],"tags":[136,48],"class_list":["post-107214","post","type-post","status-publish","format-standard","has-post-thumbnail","hentry","category-fc-barcelona","tag-injured","tag-xavi-hernandez"],"acf":[],"yoast_head":"<!-- This site is optimized with the Yoast SEO plugin v27.3 - https:\/\/yoast.com\/product\/yoast-seo-wordpress\/ -->\n<title>OFFICIAL: Bar\u00e7a announces Lamine Yamal\u2019s muscle injury<\/title>\n<meta name=\"description\" content=\"The FC Barcelona has right now until six footballer in the infirmary, afterwards that this Monday the Barcelona entity detailed a muscular problem of Lamine Yamal\" \/>\n<meta name=\"robots\" content=\"index, follow, max-snippet:-1, max-image-preview:large, max-video-preview:-1\" \/>\n<link rel=\"canonical\" href=\"https:\/\/www.fcbarcelonanoticias.com\/en\/fc-barcelona\/official-barca-announces-the-muscular-injury-of-lamine-yamal_296912_102.html\" \/>\n<meta property=\"og:locale\" content=\"en_US\" \/>\n<meta property=\"og:type\" content=\"article\" \/>\n<meta property=\"og:title\" content=\"OFFICIAL: Bar\u00e7a announces Lamine Yamal\u2019s muscle injury\" \/>\n<meta property=\"og:description\" content=\"The FC Barcelona has right now until six footballer in the infirmary, afterwards that this Monday the Barcelona entity detailed a muscular problem of Lamine Yamal\" \/>\n<meta property=\"og:url\" content=\"https:\/\/www.fcbarcelonanoticias.com\/en\/fc-barcelona\/official-barca-announces-the-muscular-injury-of-lamine-yamal_296912_102.html\" \/>\n<meta property=\"og:site_name\" content=\"EN - FC Barcelona Noticias\" \/>\n<meta property=\"article:published_time\" content=\"2023-10-09T12:53:00+00:00\" \/>\n<meta property=\"article:modified_time\" content=\"2023-10-09T14:09:00+00:00\" \/>\n<meta property=\"og:image\" content=\"https:\/\/www.fcbarcelonanoticias.com\/en\/wp-content\/uploads\/sites\/2\/2023\/10\/lamine-yamal-barca.jpeg\" \/>\n\t<meta property=\"og:image:width\" content=\"1300\" \/>\n\t<meta property=\"og:image:height\" content=\"739\" \/>\n\t<meta property=\"og:image:type\" content=\"image\/jpeg\" \/>\n<meta name=\"author\" content=\"Carlos Montenegro\" \/>\n<meta name=\"twitter:card\" content=\"summary_large_image\" \/>\n<meta name=\"twitter:label1\" content=\"Written by\" \/>\n\t<meta name=\"twitter:data1\" content=\"Carlos Montenegro\" \/>\n\t<meta name=\"twitter:label2\" content=\"Est. reading time\" \/>\n\t<meta name=\"twitter:data2\" content=\"2 minutes\" \/>\n<script type=\"application\/ld+json\" class=\"yoast-schema-graph\">{\"@context\":\"https:\\\/\\\/schema.org\",\"@graph\":[{\"@type\":\"Article\",\"@id\":\"https:\\\/\\\/www.fcbarcelonanoticias.com\\\/en\\\/fc-barcelona\\\/official-barca-announces-the-muscular-injury-of-lamine-yamal_296912_102.html#article\",\"isPartOf\":{\"@id\":\"https:\\\/\\\/www.fcbarcelonanoticias.com\\\/en\\\/fc-barcelona\\\/official-barca-announces-the-muscular-injury-of-lamine-yamal_296912_102.html\"},\"author\":{\"name\":\"Carlos Montenegro\",\"@id\":\"https:\\\/\\\/www.fcbarcelonanoticias.com\\\/en\\\/#\\\/schema\\\/person\\\/aa1d038709c262cb247e240f6b39bbf5\"},\"headline\":\"OFFICIAL: Bar\u00e7a announces Lamine Yamal\u2019s muscle injury\",\"datePublished\":\"2023-10-09T12:53:00+00:00\",\"dateModified\":\"2023-10-09T14:09:00+00:00\",\"mainEntityOfPage\":{\"@id\":\"https:\\\/\\\/www.fcbarcelonanoticias.com\\\/en\\\/fc-barcelona\\\/official-barca-announces-the-muscular-injury-of-lamine-yamal_296912_102.html\"},\"wordCount\":362,\"image\":{\"@id\":\"https:\\\/\\\/www.fcbarcelonanoticias.com\\\/en\\\/fc-barcelona\\\/official-barca-announces-the-muscular-injury-of-lamine-yamal_296912_102.html#primaryimage\"},\"thumbnailUrl\":\"https:\\\/\\\/www.fcbarcelonanoticias.com\\\/en\\\/wp-content\\\/uploads\\\/sites\\\/2\\\/2023\\\/10\\\/lamine-yamal-barca.jpeg\",\"keywords\":[\"injured\",\"Xavi Hern\u00e1ndez\"],\"articleSection\":[\"FC Barcelona\"],\"inLanguage\":\"en-US\"},{\"@type\":\"WebPage\",\"@id\":\"https:\\\/\\\/www.fcbarcelonanoticias.com\\\/en\\\/fc-barcelona\\\/official-barca-announces-the-muscular-injury-of-lamine-yamal_296912_102.html\",\"url\":\"https:\\\/\\\/www.fcbarcelonanoticias.com\\\/en\\\/fc-barcelona\\\/official-barca-announces-the-muscular-injury-of-lamine-yamal_296912_102.html\",\"name\":\"OFFICIAL: Bar\u00e7a announces Lamine Yamal\u2019s muscle injury\",\"isPartOf\":{\"@id\":\"https:\\\/\\\/www.fcbarcelonanoticias.com\\\/en\\\/#website\"},\"primaryImageOfPage\":{\"@id\":\"https:\\\/\\\/www.fcbarcelonanoticias.com\\\/en\\\/fc-barcelona\\\/official-barca-announces-the-muscular-injury-of-lamine-yamal_296912_102.html#primaryimage\"},\"image\":{\"@id\":\"https:\\\/\\\/www.fcbarcelonanoticias.com\\\/en\\\/fc-barcelona\\\/official-barca-announces-the-muscular-injury-of-lamine-yamal_296912_102.html#primaryimage\"},\"thumbnailUrl\":\"https:\\\/\\\/www.fcbarcelonanoticias.com\\\/en\\\/wp-content\\\/uploads\\\/sites\\\/2\\\/2023\\\/10\\\/lamine-yamal-barca.jpeg\",\"datePublished\":\"2023-10-09T12:53:00+00:00\",\"dateModified\":\"2023-10-09T14:09:00+00:00\",\"author\":{\"@id\":\"https:\\\/\\\/www.fcbarcelonanoticias.com\\\/en\\\/#\\\/schema\\\/person\\\/aa1d038709c262cb247e240f6b39bbf5\"},\"description\":\"The FC Barcelona has right now until six footballer in the infirmary, afterwards that this Monday the Barcelona entity detailed a muscular problem of Lamine Yamal\",\"breadcrumb\":{\"@id\":\"https:\\\/\\\/www.fcbarcelonanoticias.com\\\/en\\\/fc-barcelona\\\/official-barca-announces-the-muscular-injury-of-lamine-yamal_296912_102.html#breadcrumb\"},\"inLanguage\":\"en-US\",\"potentialAction\":[{\"@type\":\"ReadAction\",\"target\":[\"https:\\\/\\\/www.fcbarcelonanoticias.com\\\/en\\\/fc-barcelona\\\/official-barca-announces-the-muscular-injury-of-lamine-yamal_296912_102.html\"]}]},{\"@type\":\"ImageObject\",\"inLanguage\":\"en-US\",\"@id\":\"https:\\\/\\\/www.fcbarcelonanoticias.com\\\/en\\\/fc-barcelona\\\/official-barca-announces-the-muscular-injury-of-lamine-yamal_296912_102.html#primaryimage\",\"url\":\"https:\\\/\\\/www.fcbarcelonanoticias.com\\\/en\\\/wp-content\\\/uploads\\\/sites\\\/2\\\/2023\\\/10\\\/lamine-yamal-barca.jpeg\",\"contentUrl\":\"https:\\\/\\\/www.fcbarcelonanoticias.com\\\/en\\\/wp-content\\\/uploads\\\/sites\\\/2\\\/2023\\\/10\\\/lamine-yamal-barca.jpeg\",\"width\":1300,\"height\":739},{\"@type\":\"BreadcrumbList\",\"@id\":\"https:\\\/\\\/www.fcbarcelonanoticias.com\\\/en\\\/fc-barcelona\\\/official-barca-announces-the-muscular-injury-of-lamine-yamal_296912_102.html#breadcrumb\",\"itemListElement\":[{\"@type\":\"ListItem\",\"position\":1,\"name\":\"Portada\",\"item\":\"https:\\\/\\\/www.fcbarcelonanoticias.com\\\/en\\\/\"},{\"@type\":\"ListItem\",\"position\":2,\"name\":\"OFFICIAL: Bar\u00e7a announces Lamine Yamal\u2019s muscle injury\"}]},{\"@type\":\"WebSite\",\"@id\":\"https:\\\/\\\/www.fcbarcelonanoticias.com\\\/en\\\/#website\",\"url\":\"https:\\\/\\\/www.fcbarcelonanoticias.com\\\/en\\\/\",\"name\":\"EN - FC Barcelona Noticias\",\"description\":\"\",\"potentialAction\":[{\"@type\":\"SearchAction\",\"target\":{\"@type\":\"EntryPoint\",\"urlTemplate\":\"https:\\\/\\\/www.fcbarcelonanoticias.com\\\/en\\\/?s={search_term_string}\"},\"query-input\":{\"@type\":\"PropertyValueSpecification\",\"valueRequired\":true,\"valueName\":\"search_term_string\"}}],\"inLanguage\":\"en-US\"},{\"@type\":\"Person\",\"@id\":\"https:\\\/\\\/www.fcbarcelonanoticias.com\\\/en\\\/#\\\/schema\\\/person\\\/aa1d038709c262cb247e240f6b39bbf5\",\"name\":\"Carlos Montenegro\",\"image\":{\"@type\":\"ImageObject\",\"inLanguage\":\"en-US\",\"@id\":\"https:\\\/\\\/secure.gravatar.com\\\/avatar\\\/?s=96&d=mm&r=g\",\"url\":\"https:\\\/\\\/secure.gravatar.com\\\/avatar\\\/?s=96&d=mm&r=g\",\"contentUrl\":\"https:\\\/\\\/secure.gravatar.com\\\/avatar\\\/?s=96&d=mm&r=g\",\"caption\":\"Carlos Montenegro\"},\"url\":\"https:\\\/\\\/www.fcbarcelonanoticias.com\\\/en\\\/carlos-montenegro_20_115.html\"}]}<\/script>\n<!-- \/ Yoast SEO plugin. -->","yoast_head_json":{"title":"OFFICIAL: Bar\u00e7a announces Lamine Yamal\u2019s muscle injury","description":"The FC Barcelona has right now until six footballer in the infirmary, afterwards that this Monday the Barcelona entity detailed a muscular problem of Lamine Yamal","robots":{"index":"index","follow":"follow","max-snippet":"max-snippet:-1","max-image-preview":"max-image-preview:large","max-video-preview":"max-video-preview:-1"},"canonical":"https:\/\/www.fcbarcelonanoticias.com\/en\/fc-barcelona\/official-barca-announces-the-muscular-injury-of-lamine-yamal_296912_102.html","og_locale":"en_US","og_type":"article","og_title":"OFFICIAL: Bar\u00e7a announces Lamine Yamal\u2019s muscle injury","og_description":"The FC Barcelona has right now until six footballer in the infirmary, afterwards that this Monday the Barcelona entity detailed a muscular problem of Lamine Yamal","og_url":"https:\/\/www.fcbarcelonanoticias.com\/en\/fc-barcelona\/official-barca-announces-the-muscular-injury-of-lamine-yamal_296912_102.html","og_site_name":"EN - FC Barcelona Noticias","article_published_time":"2023-10-09T12:53:00+00:00","article_modified_time":"2023-10-09T14:09:00+00:00","og_image":[{"width":1300,"height":739,"url":"https:\/\/www.fcbarcelonanoticias.com\/en\/wp-content\/uploads\/sites\/2\/2023\/10\/lamine-yamal-barca.jpeg","type":"image\/jpeg"}],"author":"Carlos Montenegro","twitter_card":"summary_large_image","twitter_misc":{"Written by":"Carlos Montenegro","Est. reading time":"2 minutes"},"schema":{"@context":"https:\/\/schema.org","@graph":[{"@type":"Article","@id":"https:\/\/www.fcbarcelonanoticias.com\/en\/fc-barcelona\/official-barca-announces-the-muscular-injury-of-lamine-yamal_296912_102.html#article","isPartOf":{"@id":"https:\/\/www.fcbarcelonanoticias.com\/en\/fc-barcelona\/official-barca-announces-the-muscular-injury-of-lamine-yamal_296912_102.html"},"author":{"name":"Carlos Montenegro","@id":"https:\/\/www.fcbarcelonanoticias.com\/en\/#\/schema\/person\/aa1d038709c262cb247e240f6b39bbf5"},"headline":"OFFICIAL: Bar\u00e7a announces Lamine Yamal\u2019s muscle injury","datePublished":"2023-10-09T12:53:00+00:00","dateModified":"2023-10-09T14:09:00+00:00","mainEntityOfPage":{"@id":"https:\/\/www.fcbarcelonanoticias.com\/en\/fc-barcelona\/official-barca-announces-the-muscular-injury-of-lamine-yamal_296912_102.html"},"wordCount":362,"image":{"@id":"https:\/\/www.fcbarcelonanoticias.com\/en\/fc-barcelona\/official-barca-announces-the-muscular-injury-of-lamine-yamal_296912_102.html#primaryimage"},"thumbnailUrl":"https:\/\/www.fcbarcelonanoticias.com\/en\/wp-content\/uploads\/sites\/2\/2023\/10\/lamine-yamal-barca.jpeg","keywords":["injured","Xavi Hern\u00e1ndez"],"articleSection":["FC Barcelona"],"inLanguage":"en-US"},{"@type":"WebPage","@id":"https:\/\/www.fcbarcelonanoticias.com\/en\/fc-barcelona\/official-barca-announces-the-muscular-injury-of-lamine-yamal_296912_102.html","url":"https:\/\/www.fcbarcelonanoticias.com\/en\/fc-barcelona\/official-barca-announces-the-muscular-injury-of-lamine-yamal_296912_102.html","name":"OFFICIAL: Bar\u00e7a announces Lamine Yamal\u2019s muscle injury","isPartOf":{"@id":"https:\/\/www.fcbarcelonanoticias.com\/en\/#website"},"primaryImageOfPage":{"@id":"https:\/\/www.fcbarcelonanoticias.com\/en\/fc-barcelona\/official-barca-announces-the-muscular-injury-of-lamine-yamal_296912_102.html#primaryimage"},"image":{"@id":"https:\/\/www.fcbarcelonanoticias.com\/en\/fc-barcelona\/official-barca-announces-the-muscular-injury-of-lamine-yamal_296912_102.html#primaryimage"},"thumbnailUrl":"https:\/\/www.fcbarcelonanoticias.com\/en\/wp-content\/uploads\/sites\/2\/2023\/10\/lamine-yamal-barca.jpeg","datePublished":"2023-10-09T12:53:00+00:00","dateModified":"2023-10-09T14:09:00+00:00","author":{"@id":"https:\/\/www.fcbarcelonanoticias.com\/en\/#\/schema\/person\/aa1d038709c262cb247e240f6b39bbf5"},"description":"The FC Barcelona has right now until six footballer in the infirmary, afterwards that this Monday the Barcelona entity detailed a muscular problem of Lamine Yamal","breadcrumb":{"@id":"https:\/\/www.fcbarcelonanoticias.com\/en\/fc-barcelona\/official-barca-announces-the-muscular-injury-of-lamine-yamal_296912_102.html#breadcrumb"},"inLanguage":"en-US","potentialAction":[{"@type":"ReadAction","target":["https:\/\/www.fcbarcelonanoticias.com\/en\/fc-barcelona\/official-barca-announces-the-muscular-injury-of-lamine-yamal_296912_102.html"]}]},{"@type":"ImageObject","inLanguage":"en-US","@id":"https:\/\/www.fcbarcelonanoticias.com\/en\/fc-barcelona\/official-barca-announces-the-muscular-injury-of-lamine-yamal_296912_102.html#primaryimage","url":"https:\/\/www.fcbarcelonanoticias.com\/en\/wp-content\/uploads\/sites\/2\/2023\/10\/lamine-yamal-barca.jpeg","contentUrl":"https:\/\/www.fcbarcelonanoticias.com\/en\/wp-content\/uploads\/sites\/2\/2023\/10\/lamine-yamal-barca.jpeg","width":1300,"height":739},{"@type":"BreadcrumbList","@id":"https:\/\/www.fcbarcelonanoticias.com\/en\/fc-barcelona\/official-barca-announces-the-muscular-injury-of-lamine-yamal_296912_102.html#breadcrumb","itemListElement":[{"@type":"ListItem","position":1,"name":"Portada","item":"https:\/\/www.fcbarcelonanoticias.com\/en\/"},{"@type":"ListItem","position":2,"name":"OFFICIAL: Bar\u00e7a announces Lamine Yamal\u2019s muscle injury"}]},{"@type":"WebSite","@id":"https:\/\/www.fcbarcelonanoticias.com\/en\/#website","url":"https:\/\/www.fcbarcelonanoticias.com\/en\/","name":"EN - FC Barcelona Noticias","description":"","potentialAction":[{"@type":"SearchAction","target":{"@type":"EntryPoint","urlTemplate":"https:\/\/www.fcbarcelonanoticias.com\/en\/?s={search_term_string}"},"query-input":{"@type":"PropertyValueSpecification","valueRequired":true,"valueName":"search_term_string"}}],"inLanguage":"en-US"},{"@type":"Person","@id":"https:\/\/www.fcbarcelonanoticias.com\/en\/#\/schema\/person\/aa1d038709c262cb247e240f6b39bbf5","name":"Carlos Montenegro","image":{"@type":"ImageObject","inLanguage":"en-US","@id":"https:\/\/secure.gravatar.com\/avatar\/?s=96&d=mm&r=g","url":"https:\/\/secure.gravatar.com\/avatar\/?s=96&d=mm&r=g","contentUrl":"https:\/\/secure.gravatar.com\/avatar\/?s=96&d=mm&r=g","caption":"Carlos Montenegro"},"url":"https:\/\/www.fcbarcelonanoticias.com\/en\/carlos-montenegro_20_115.html"}]}},"_links":{"self":[{"href":"https:\/\/www.fcbarcelonanoticias.com\/en\/wp-json\/wp\/v2\/posts\/107214","targetHints":{"allow":["GET"]}}],"collection":[{"href":"https:\/\/www.fcbarcelonanoticias.com\/en\/wp-json\/wp\/v2\/posts"}],"about":[{"href":"https:\/\/www.fcbarcelonanoticias.com\/en\/wp-json\/wp\/v2\/types\/post"}],"author":[{"embeddable":true,"href":"https:\/\/www.fcbarcelonanoticias.com\/en\/wp-json\/wp\/v2\/users\/345"}],"replies":[{"embeddable":true,"href":"https:\/\/www.fcbarcelonanoticias.com\/en\/wp-json\/wp\/v2\/comments?post=107214"}],"version-history":[{"count":1,"href":"https:\/\/www.fcbarcelonanoticias.com\/en\/wp-json\/wp\/v2\/posts\/107214\/revisions"}],"predecessor-version":[{"id":148089,"href":"https:\/\/www.fcbarcelonanoticias.com\/en\/wp-json\/wp\/v2\/posts\/107214\/revisions\/148089"}],"wp:featuredmedia":[{"embeddable":true,"href":"https:\/\/www.fcbarcelonanoticias.com\/en\/wp-json\/wp\/v2\/media\/107216"}],"wp:attachment":[{"href":"https:\/\/www.fcbarcelonanoticias.com\/en\/wp-json\/wp\/v2\/media?parent=107214"}],"wp:term":[{"taxonomy":"category","embeddable":true,"href":"https:\/\/www.fcbarcelonanoticias.com\/en\/wp-json\/wp\/v2\/categories?post=107214"},{"taxonomy":"post_tag","embeddable":true,"href":"https:\/\/www.fcbarcelonanoticias.com\/en\/wp-json\/wp\/v2\/tags?post=107214"}],"curies":[{"name":"wp","href":"https:\/\/api.w.org\/{rel}","templated":true}]}}