{"id":107230,"date":"2017-12-18T01:23:00","date_gmt":"2017-12-18T00:23:00","guid":{"rendered":"https:\/\/weisetech.dev\/fc-barcelona-noticias\/en\/official-alcacer-three-weeks-of-drop-it-loses-the-classical_207742_102\/"},"modified":"2026-04-16T09:42:15","modified_gmt":"2026-04-16T07:42:15","slug":"official-alcacer-three-weeks-of-drop-it-loses-the-classical_207742_102","status":"publish","type":"post","link":"https:\/\/www.fcbarcelonanoticias.com\/en\/fc-barcelona\/official-alcacer-three-weeks-of-drop-it-loses-the-classical_207742_102.html","title":{"rendered":"OFFICIAL:\u00a0Alc\u00e1cer, three weeks of drop: it loses  the Classical"},"content":{"rendered":"<h2 class=\"wp-block-heading\">There were few negative conclusions after the goleada of the FC Barcelona to the Sportive,\u00a0but the worst was definitely the injury of Paco Alc\u00e1cer. The forward asked the change by some muscular problems that will have him three weeks moved away of the terrains of game<\/h2>  \r\n<div class=\"article-addons\">\r\n    <a href=\"https:\/\/www.fcbarcelonanoticias.com\/en\/calendar-fc-barcelona.html\"\r\n       target=\"_self\"\r\n       title=\"Calendar of FC Barcelona\"\r\n       class=\"blue-gredient-btn\">\r\n       \r\n        Calendar of FC Barcelona    <\/a>\r\n<\/div>   <p>Although <strong><a href=\"https:\/\/www.fcbarcelonanoticias.com\/jugadores\/lionel-messi\/recital-de-messi-contra-el-depor-no-hubo-manera-de-marcar_207740_102.html\">the sticks amargaron the night to Leo Messi<\/a><\/strong>, the <strong><a href=\"https:\/\/www.fcbarcelonanoticias.com\/calendario-fcbarcelona.html\">FC Barcelona<\/a>-Sportive of the Coru\u00f1a<\/strong> could have been a party pl\u00e1cido in the Camp Nou, in which the Barcelona afilaron arms of face to the Classical and added a point more to his leadership. However, there was a too negative episode, and is that <strong>the infirmary received to another unlucky tenant<\/strong>.<\/p> <p>To<strong>penalties <a href=\"https:\/\/www.fcbarcelonanoticias.com\/fc-barcelona\/paco-alcacer-se-lesiono-ante-el-deportivo-y-fue-cambiado_207731_102.html\">20 minutes lasted him the titularity to Paco Alc\u00e1cer<\/a>, what took in appearing some muscular annoyances<\/strong> that did him throw to the floor and ask the change without doubting. It was not necessary to expect to the pitido final to know the diagnostic, and is that the Barcelona medical services made public it very soon: &#8220;<strong>muscular Injury in the previous rectum of the left leg, roughly three weeks of<\/strong>drop &#8220;.<\/p> <p>His face was a poem, and little was missing him to burst in tears when being conscious of what was happening. <strong>It was his best moment in the Bar\u00e7a since it arrived, so much by numbers as by feelings<\/strong>, and in the horizon, that already is a reality, shows a Classical <strong><\/strong><strong> <strong><\/strong><strong><\/strong> in Santiago Bernab\u00e9u in which it aimed to participate and that it will have to finish seeing from the terracing. In occasions, the football is cruel.<\/strong><\/p> <h2>Too many drops<\/h2> <p>With Ernesto Valverde without intentions to risk more than the necessary in the capital, <strong>to the Bar\u00e7a accumulate him  several drops of level to confront  to the Real Madrid<\/strong>. In addition to <strong>Samuel Umtiti, Ousmane Demb\u00e9l\u00e9, Rafinha Alc\u00e1ntara and Paco Alc\u00e1cer<\/strong> will be out of fight in the coliseo &#8216;merengue&#8217;, with the doubt of <strong>Gerard Deulofeu<\/strong> and of if the technician will play it to him with any of his <a href=\"https:\/\/www.fcbarcelonanoticias.com\/jugadores-fcbarcelona.html\"><strong>players<\/strong><\/a> of attack.&nbsp;<\/p> ","protected":false},"excerpt":{"rendered":"<p>There were few negative conclusions after the goleada of the FC Barcelona to the Sportive,\u00a0but the worst was definitely the injury of Paco Alc\u00e1cer. The forward asked the change by some muscular problems that will have him three weeks moved away of the terrains of game Although the sticks amargaron the night to Leo Messi, [&hellip;]<\/p>\n","protected":false},"author":376,"featured_media":107231,"comment_status":"closed","ping_status":"open","sticky":false,"template":"","format":"standard","meta":{"_acf_changed":false,"inline_featured_image":false,"_nextfly_llmd_date_locked":false,"footnotes":""},"categories":[111],"tags":[53,218,136,179],"class_list":["post-107230","post","type-post","status-publish","format-standard","has-post-thumbnail","hentry","category-fc-barcelona","tag-el-clasico","tag-ernesto-valverde","tag-injured","tag-paco-alcacer"],"acf":[],"yoast_head":"<!-- This site is optimized with the Yoast SEO plugin v27.3 - https:\/\/yoast.com\/product\/yoast-seo-wordpress\/ -->\n<title>OFFICIAL: Paco Alc\u00e1cer, three weeks of drop: it loses the Classical<\/title>\n<meta name=\"description\" content=\"There were few negative conclusions after the goleada of the FC Barcelona to the Sportive, but the worst was definitely the injury of Paco Alc\u00e1cer. The forward...\" \/>\n<meta name=\"robots\" content=\"index, follow, max-snippet:-1, max-image-preview:large, max-video-preview:-1\" \/>\n<link rel=\"canonical\" href=\"https:\/\/www.fcbarcelonanoticias.com\/en\/fc-barcelona\/official-alcacer-three-weeks-of-drop-it-loses-the-classical_207742_102.html\" \/>\n<meta property=\"og:locale\" content=\"en_US\" \/>\n<meta property=\"og:type\" content=\"article\" \/>\n<meta property=\"og:title\" content=\"OFFICIAL: Paco Alc\u00e1cer, three weeks of drop: it loses the Classical\" \/>\n<meta property=\"og:description\" content=\"There were few negative conclusions after the goleada of the FC Barcelona to the Sportive, but the worst was definitely the injury of Paco Alc\u00e1cer. The forward...\" \/>\n<meta property=\"og:url\" content=\"https:\/\/www.fcbarcelonanoticias.com\/en\/fc-barcelona\/official-alcacer-three-weeks-of-drop-it-loses-the-classical_207742_102.html\" \/>\n<meta property=\"og:site_name\" content=\"EN - FC Barcelona Noticias\" \/>\n<meta property=\"article:published_time\" content=\"2017-12-18T00:23:00+00:00\" \/>\n<meta property=\"article:modified_time\" content=\"2026-04-16T07:42:15+00:00\" \/>\n<meta property=\"og:image\" content=\"https:\/\/www.fcbarcelonanoticias.com\/en\/wp-content\/uploads\/sites\/2\/2017\/12\/pacoalcacer-barcelona14-237905.jpeg\" \/>\n\t<meta property=\"og:image:width\" content=\"759\" \/>\n\t<meta property=\"og:image:height\" content=\"428\" \/>\n\t<meta property=\"og:image:type\" content=\"image\/jpeg\" \/>\n<meta name=\"author\" content=\"user_4032\" \/>\n<meta name=\"twitter:card\" content=\"summary_large_image\" \/>\n<meta name=\"twitter:label1\" content=\"Written by\" \/>\n\t<meta name=\"twitter:data1\" content=\"user_4032\" \/>\n\t<meta name=\"twitter:label2\" content=\"Est. reading time\" \/>\n\t<meta name=\"twitter:data2\" content=\"2 minutes\" \/>\n<script type=\"application\/ld+json\" class=\"yoast-schema-graph\">{\"@context\":\"https:\\\/\\\/schema.org\",\"@graph\":[{\"@type\":\"Article\",\"@id\":\"https:\\\/\\\/www.fcbarcelonanoticias.com\\\/en\\\/fc-barcelona\\\/official-alcacer-three-weeks-of-drop-it-loses-the-classical_207742_102.html#article\",\"isPartOf\":{\"@id\":\"https:\\\/\\\/www.fcbarcelonanoticias.com\\\/en\\\/fc-barcelona\\\/official-alcacer-three-weeks-of-drop-it-loses-the-classical_207742_102.html\"},\"author\":{\"name\":\"user_4032\",\"@id\":\"https:\\\/\\\/www.fcbarcelonanoticias.com\\\/en\\\/#\\\/schema\\\/person\\\/87b10dbddf72505d2eeba8aaa6c9ba14\"},\"headline\":\"OFFICIAL:\u00a0Alc\u00e1cer, three weeks of drop: it loses the Classical\",\"datePublished\":\"2017-12-18T00:23:00+00:00\",\"dateModified\":\"2026-04-16T07:42:15+00:00\",\"mainEntityOfPage\":{\"@id\":\"https:\\\/\\\/www.fcbarcelonanoticias.com\\\/en\\\/fc-barcelona\\\/official-alcacer-three-weeks-of-drop-it-loses-the-classical_207742_102.html\"},\"wordCount\":352,\"image\":{\"@id\":\"https:\\\/\\\/www.fcbarcelonanoticias.com\\\/en\\\/fc-barcelona\\\/official-alcacer-three-weeks-of-drop-it-loses-the-classical_207742_102.html#primaryimage\"},\"thumbnailUrl\":\"https:\\\/\\\/www.fcbarcelonanoticias.com\\\/en\\\/wp-content\\\/uploads\\\/sites\\\/2\\\/2017\\\/12\\\/pacoalcacer-barcelona14-237905.jpeg\",\"keywords\":[\"El Cl\u00e1sico\",\"Ernesto Valverde\",\"injured\",\"Paco Alc\u00e1cer\"],\"articleSection\":[\"FC Barcelona\"],\"inLanguage\":\"en-US\"},{\"@type\":\"WebPage\",\"@id\":\"https:\\\/\\\/www.fcbarcelonanoticias.com\\\/en\\\/fc-barcelona\\\/official-alcacer-three-weeks-of-drop-it-loses-the-classical_207742_102.html\",\"url\":\"https:\\\/\\\/www.fcbarcelonanoticias.com\\\/en\\\/fc-barcelona\\\/official-alcacer-three-weeks-of-drop-it-loses-the-classical_207742_102.html\",\"name\":\"OFFICIAL: Paco Alc\u00e1cer, three weeks of drop: it loses the Classical\",\"isPartOf\":{\"@id\":\"https:\\\/\\\/www.fcbarcelonanoticias.com\\\/en\\\/#website\"},\"primaryImageOfPage\":{\"@id\":\"https:\\\/\\\/www.fcbarcelonanoticias.com\\\/en\\\/fc-barcelona\\\/official-alcacer-three-weeks-of-drop-it-loses-the-classical_207742_102.html#primaryimage\"},\"image\":{\"@id\":\"https:\\\/\\\/www.fcbarcelonanoticias.com\\\/en\\\/fc-barcelona\\\/official-alcacer-three-weeks-of-drop-it-loses-the-classical_207742_102.html#primaryimage\"},\"thumbnailUrl\":\"https:\\\/\\\/www.fcbarcelonanoticias.com\\\/en\\\/wp-content\\\/uploads\\\/sites\\\/2\\\/2017\\\/12\\\/pacoalcacer-barcelona14-237905.jpeg\",\"datePublished\":\"2017-12-18T00:23:00+00:00\",\"dateModified\":\"2026-04-16T07:42:15+00:00\",\"author\":{\"@id\":\"https:\\\/\\\/www.fcbarcelonanoticias.com\\\/en\\\/#\\\/schema\\\/person\\\/87b10dbddf72505d2eeba8aaa6c9ba14\"},\"description\":\"There were few negative conclusions after the goleada of the FC Barcelona to the Sportive, but the worst was definitely the injury of Paco Alc\u00e1cer. The forward...\",\"breadcrumb\":{\"@id\":\"https:\\\/\\\/www.fcbarcelonanoticias.com\\\/en\\\/fc-barcelona\\\/official-alcacer-three-weeks-of-drop-it-loses-the-classical_207742_102.html#breadcrumb\"},\"inLanguage\":\"en-US\",\"potentialAction\":[{\"@type\":\"ReadAction\",\"target\":[\"https:\\\/\\\/www.fcbarcelonanoticias.com\\\/en\\\/fc-barcelona\\\/official-alcacer-three-weeks-of-drop-it-loses-the-classical_207742_102.html\"]}]},{\"@type\":\"ImageObject\",\"inLanguage\":\"en-US\",\"@id\":\"https:\\\/\\\/www.fcbarcelonanoticias.com\\\/en\\\/fc-barcelona\\\/official-alcacer-three-weeks-of-drop-it-loses-the-classical_207742_102.html#primaryimage\",\"url\":\"https:\\\/\\\/www.fcbarcelonanoticias.com\\\/en\\\/wp-content\\\/uploads\\\/sites\\\/2\\\/2017\\\/12\\\/pacoalcacer-barcelona14-237905.jpeg\",\"contentUrl\":\"https:\\\/\\\/www.fcbarcelonanoticias.com\\\/en\\\/wp-content\\\/uploads\\\/sites\\\/2\\\/2017\\\/12\\\/pacoalcacer-barcelona14-237905.jpeg\",\"width\":759,\"height\":428},{\"@type\":\"BreadcrumbList\",\"@id\":\"https:\\\/\\\/www.fcbarcelonanoticias.com\\\/en\\\/fc-barcelona\\\/official-alcacer-three-weeks-of-drop-it-loses-the-classical_207742_102.html#breadcrumb\",\"itemListElement\":[{\"@type\":\"ListItem\",\"position\":1,\"name\":\"Portada\",\"item\":\"https:\\\/\\\/www.fcbarcelonanoticias.com\\\/en\\\/\"},{\"@type\":\"ListItem\",\"position\":2,\"name\":\"OFFICIAL:\u00a0Alc\u00e1cer, three weeks of drop: it loses the Classical\"}]},{\"@type\":\"WebSite\",\"@id\":\"https:\\\/\\\/www.fcbarcelonanoticias.com\\\/en\\\/#website\",\"url\":\"https:\\\/\\\/www.fcbarcelonanoticias.com\\\/en\\\/\",\"name\":\"EN - FC Barcelona Noticias\",\"description\":\"\",\"potentialAction\":[{\"@type\":\"SearchAction\",\"target\":{\"@type\":\"EntryPoint\",\"urlTemplate\":\"https:\\\/\\\/www.fcbarcelonanoticias.com\\\/en\\\/?s={search_term_string}\"},\"query-input\":{\"@type\":\"PropertyValueSpecification\",\"valueRequired\":true,\"valueName\":\"search_term_string\"}}],\"inLanguage\":\"en-US\"},{\"@type\":\"Person\",\"@id\":\"https:\\\/\\\/www.fcbarcelonanoticias.com\\\/en\\\/#\\\/schema\\\/person\\\/87b10dbddf72505d2eeba8aaa6c9ba14\",\"name\":\"user_4032\",\"image\":{\"@type\":\"ImageObject\",\"inLanguage\":\"en-US\",\"@id\":\"https:\\\/\\\/secure.gravatar.com\\\/avatar\\\/?s=96&d=mm&r=g\",\"url\":\"https:\\\/\\\/secure.gravatar.com\\\/avatar\\\/?s=96&d=mm&r=g\",\"contentUrl\":\"https:\\\/\\\/secure.gravatar.com\\\/avatar\\\/?s=96&d=mm&r=g\",\"caption\":\"user_4032\"},\"url\":\"https:\\\/\\\/www.fcbarcelonanoticias.com\\\/en\\\/user_4032.html\"}]}<\/script>\n<!-- \/ Yoast SEO plugin. -->","yoast_head_json":{"title":"OFFICIAL: Paco Alc\u00e1cer, three weeks of drop: it loses the Classical","description":"There were few negative conclusions after the goleada of the FC Barcelona to the Sportive, but the worst was definitely the injury of Paco Alc\u00e1cer. The forward...","robots":{"index":"index","follow":"follow","max-snippet":"max-snippet:-1","max-image-preview":"max-image-preview:large","max-video-preview":"max-video-preview:-1"},"canonical":"https:\/\/www.fcbarcelonanoticias.com\/en\/fc-barcelona\/official-alcacer-three-weeks-of-drop-it-loses-the-classical_207742_102.html","og_locale":"en_US","og_type":"article","og_title":"OFFICIAL: Paco Alc\u00e1cer, three weeks of drop: it loses the Classical","og_description":"There were few negative conclusions after the goleada of the FC Barcelona to the Sportive, but the worst was definitely the injury of Paco Alc\u00e1cer. The forward...","og_url":"https:\/\/www.fcbarcelonanoticias.com\/en\/fc-barcelona\/official-alcacer-three-weeks-of-drop-it-loses-the-classical_207742_102.html","og_site_name":"EN - FC Barcelona Noticias","article_published_time":"2017-12-18T00:23:00+00:00","article_modified_time":"2026-04-16T07:42:15+00:00","og_image":[{"width":759,"height":428,"url":"https:\/\/www.fcbarcelonanoticias.com\/en\/wp-content\/uploads\/sites\/2\/2017\/12\/pacoalcacer-barcelona14-237905.jpeg","type":"image\/jpeg"}],"author":"user_4032","twitter_card":"summary_large_image","twitter_misc":{"Written by":"user_4032","Est. reading time":"2 minutes"},"schema":{"@context":"https:\/\/schema.org","@graph":[{"@type":"Article","@id":"https:\/\/www.fcbarcelonanoticias.com\/en\/fc-barcelona\/official-alcacer-three-weeks-of-drop-it-loses-the-classical_207742_102.html#article","isPartOf":{"@id":"https:\/\/www.fcbarcelonanoticias.com\/en\/fc-barcelona\/official-alcacer-three-weeks-of-drop-it-loses-the-classical_207742_102.html"},"author":{"name":"user_4032","@id":"https:\/\/www.fcbarcelonanoticias.com\/en\/#\/schema\/person\/87b10dbddf72505d2eeba8aaa6c9ba14"},"headline":"OFFICIAL:\u00a0Alc\u00e1cer, three weeks of drop: it loses the Classical","datePublished":"2017-12-18T00:23:00+00:00","dateModified":"2026-04-16T07:42:15+00:00","mainEntityOfPage":{"@id":"https:\/\/www.fcbarcelonanoticias.com\/en\/fc-barcelona\/official-alcacer-three-weeks-of-drop-it-loses-the-classical_207742_102.html"},"wordCount":352,"image":{"@id":"https:\/\/www.fcbarcelonanoticias.com\/en\/fc-barcelona\/official-alcacer-three-weeks-of-drop-it-loses-the-classical_207742_102.html#primaryimage"},"thumbnailUrl":"https:\/\/www.fcbarcelonanoticias.com\/en\/wp-content\/uploads\/sites\/2\/2017\/12\/pacoalcacer-barcelona14-237905.jpeg","keywords":["El Cl\u00e1sico","Ernesto Valverde","injured","Paco Alc\u00e1cer"],"articleSection":["FC Barcelona"],"inLanguage":"en-US"},{"@type":"WebPage","@id":"https:\/\/www.fcbarcelonanoticias.com\/en\/fc-barcelona\/official-alcacer-three-weeks-of-drop-it-loses-the-classical_207742_102.html","url":"https:\/\/www.fcbarcelonanoticias.com\/en\/fc-barcelona\/official-alcacer-three-weeks-of-drop-it-loses-the-classical_207742_102.html","name":"OFFICIAL: Paco Alc\u00e1cer, three weeks of drop: it loses the Classical","isPartOf":{"@id":"https:\/\/www.fcbarcelonanoticias.com\/en\/#website"},"primaryImageOfPage":{"@id":"https:\/\/www.fcbarcelonanoticias.com\/en\/fc-barcelona\/official-alcacer-three-weeks-of-drop-it-loses-the-classical_207742_102.html#primaryimage"},"image":{"@id":"https:\/\/www.fcbarcelonanoticias.com\/en\/fc-barcelona\/official-alcacer-three-weeks-of-drop-it-loses-the-classical_207742_102.html#primaryimage"},"thumbnailUrl":"https:\/\/www.fcbarcelonanoticias.com\/en\/wp-content\/uploads\/sites\/2\/2017\/12\/pacoalcacer-barcelona14-237905.jpeg","datePublished":"2017-12-18T00:23:00+00:00","dateModified":"2026-04-16T07:42:15+00:00","author":{"@id":"https:\/\/www.fcbarcelonanoticias.com\/en\/#\/schema\/person\/87b10dbddf72505d2eeba8aaa6c9ba14"},"description":"There were few negative conclusions after the goleada of the FC Barcelona to the Sportive, but the worst was definitely the injury of Paco Alc\u00e1cer. The forward...","breadcrumb":{"@id":"https:\/\/www.fcbarcelonanoticias.com\/en\/fc-barcelona\/official-alcacer-three-weeks-of-drop-it-loses-the-classical_207742_102.html#breadcrumb"},"inLanguage":"en-US","potentialAction":[{"@type":"ReadAction","target":["https:\/\/www.fcbarcelonanoticias.com\/en\/fc-barcelona\/official-alcacer-three-weeks-of-drop-it-loses-the-classical_207742_102.html"]}]},{"@type":"ImageObject","inLanguage":"en-US","@id":"https:\/\/www.fcbarcelonanoticias.com\/en\/fc-barcelona\/official-alcacer-three-weeks-of-drop-it-loses-the-classical_207742_102.html#primaryimage","url":"https:\/\/www.fcbarcelonanoticias.com\/en\/wp-content\/uploads\/sites\/2\/2017\/12\/pacoalcacer-barcelona14-237905.jpeg","contentUrl":"https:\/\/www.fcbarcelonanoticias.com\/en\/wp-content\/uploads\/sites\/2\/2017\/12\/pacoalcacer-barcelona14-237905.jpeg","width":759,"height":428},{"@type":"BreadcrumbList","@id":"https:\/\/www.fcbarcelonanoticias.com\/en\/fc-barcelona\/official-alcacer-three-weeks-of-drop-it-loses-the-classical_207742_102.html#breadcrumb","itemListElement":[{"@type":"ListItem","position":1,"name":"Portada","item":"https:\/\/www.fcbarcelonanoticias.com\/en\/"},{"@type":"ListItem","position":2,"name":"OFFICIAL:\u00a0Alc\u00e1cer, three weeks of drop: it loses the Classical"}]},{"@type":"WebSite","@id":"https:\/\/www.fcbarcelonanoticias.com\/en\/#website","url":"https:\/\/www.fcbarcelonanoticias.com\/en\/","name":"EN - FC Barcelona Noticias","description":"","potentialAction":[{"@type":"SearchAction","target":{"@type":"EntryPoint","urlTemplate":"https:\/\/www.fcbarcelonanoticias.com\/en\/?s={search_term_string}"},"query-input":{"@type":"PropertyValueSpecification","valueRequired":true,"valueName":"search_term_string"}}],"inLanguage":"en-US"},{"@type":"Person","@id":"https:\/\/www.fcbarcelonanoticias.com\/en\/#\/schema\/person\/87b10dbddf72505d2eeba8aaa6c9ba14","name":"user_4032","image":{"@type":"ImageObject","inLanguage":"en-US","@id":"https:\/\/secure.gravatar.com\/avatar\/?s=96&d=mm&r=g","url":"https:\/\/secure.gravatar.com\/avatar\/?s=96&d=mm&r=g","contentUrl":"https:\/\/secure.gravatar.com\/avatar\/?s=96&d=mm&r=g","caption":"user_4032"},"url":"https:\/\/www.fcbarcelonanoticias.com\/en\/user_4032.html"}]}},"_links":{"self":[{"href":"https:\/\/www.fcbarcelonanoticias.com\/en\/wp-json\/wp\/v2\/posts\/107230","targetHints":{"allow":["GET"]}}],"collection":[{"href":"https:\/\/www.fcbarcelonanoticias.com\/en\/wp-json\/wp\/v2\/posts"}],"about":[{"href":"https:\/\/www.fcbarcelonanoticias.com\/en\/wp-json\/wp\/v2\/types\/post"}],"author":[{"embeddable":true,"href":"https:\/\/www.fcbarcelonanoticias.com\/en\/wp-json\/wp\/v2\/users\/376"}],"replies":[{"embeddable":true,"href":"https:\/\/www.fcbarcelonanoticias.com\/en\/wp-json\/wp\/v2\/comments?post=107230"}],"version-history":[{"count":5,"href":"https:\/\/www.fcbarcelonanoticias.com\/en\/wp-json\/wp\/v2\/posts\/107230\/revisions"}],"predecessor-version":[{"id":178791,"href":"https:\/\/www.fcbarcelonanoticias.com\/en\/wp-json\/wp\/v2\/posts\/107230\/revisions\/178791"}],"wp:featuredmedia":[{"embeddable":true,"href":"https:\/\/www.fcbarcelonanoticias.com\/en\/wp-json\/wp\/v2\/media\/107231"}],"wp:attachment":[{"href":"https:\/\/www.fcbarcelonanoticias.com\/en\/wp-json\/wp\/v2\/media?parent=107230"}],"wp:term":[{"taxonomy":"category","embeddable":true,"href":"https:\/\/www.fcbarcelonanoticias.com\/en\/wp-json\/wp\/v2\/categories?post=107230"},{"taxonomy":"post_tag","embeddable":true,"href":"https:\/\/www.fcbarcelonanoticias.com\/en\/wp-json\/wp\/v2\/tags?post=107230"}],"curies":[{"name":"wp","href":"https:\/\/api.w.org\/{rel}","templated":true}]}}