{"id":107261,"date":"2024-09-03T13:15:00","date_gmt":"2024-09-03T11:15:00","guid":{"rendered":"https:\/\/weisetech.dev\/fc-barcelona-noticias\/en\/official-fermin-lopez-new-ko-of-fc-barcelona_307017_102\/"},"modified":"2024-09-03T15:09:00","modified_gmt":"2024-09-03T13:09:00","slug":"official-fermin-lopez-new-ko-of-fc-barcelona_307017_102","status":"publish","type":"post","link":"https:\/\/www.fcbarcelonanoticias.com\/en\/fc-barcelona\/official-fermin-lopez-new-ko-of-fc-barcelona_307017_102.html","title":{"rendered":"Ferm\u00edn L\u00f3pez is injured with the Spanish team and Pablo Torre replaces him"},"content":{"rendered":"<h2 class=\"wp-block-heading\">Ferm\u00edn L\u00f3pez is the latest victim of the FIFA date when it comes to injuries. The Barcelona player has suffered a muscle injury with the Spanish under-21 team. Another Bar\u00e7a player, Pablo Torre, will be his substitute<\/h2>  \r\n<div class=\"article-addons\">\r\n    <a href=\"https:\/\/www.fcbarcelonanoticias.com\/en\/calendar-fc-barcelona.html\"\r\n       target=\"_self\"\r\n       title=\"Calendar of FC Barcelona\"\r\n       class=\"blue-gredient-btn\">\r\n       \r\n        Calendar of FC Barcelona    <\/a>\r\n<\/div>   <p>Bad news for <a data-external=\"0\" data-intl-links-en=\"https:\/\/www.fcbarcelonanoticias.com\/en\/fc-barcelona\" data-intl-links-es=\"https:\/\/www.fcbarcelonanoticias.com\/fc-barcelona\" href=\"https:\/\/www.fcbarcelonanoticias.com\/en\/futbol\/fc-barcelona.html\" rel=\"follow\" target=\"_self\" title=\"FC Barcelona\">FC Barcelona<\/a>. Once again, the dreaded &#8216;ghost&#8217; of injuries <strong>has struck the club after one of its international players was released to their respective national team<\/strong>. In this case, it was one of the young talents of the Barcelona team who was serving the Spanish Under-21 national team: <a data-external=\"0\" data-intl-links-en=\"https:\/\/www.fcbarcelonanoticias.com\/en\/tags\/fermin-lopez\" data-intl-links-es=\"https:\/\/www.fcbarcelonanoticias.com\/tags\/fermin-lopez\" href=\"https:\/\/www.fcbarcelonanoticias.com\/en\/jugador\/fermin-lopez.html\" rel=\"follow\" target=\"_self\" title=\"Ferm\u00edn L\u00f3pez\">Ferm\u00edn L\u00f3pez<\/a>.<\/p>  <h2>What Injury Does Ferm\u00edn L\u00f3pez Have?<\/h2>  <p>The player from Huelva, according to a recent brief statement issued by the Royal Spanish Football Federation, <strong>after undergoing medical tests on Monday morning, it was determined that he has a muscular injury, of which further details have not been provided<\/strong>. Faced with this situation, in agreement between the RFEF and the Barcelona club, it has been considered appropriate for him to return to the team&#8217;s dynamics to determine the exact extent of his physical setback and proceed with his recovery process.<\/p>  <p>From this point, another source of information, journalist Rafael Acevedo for the TV program &#8216;Chiringuito TV&#8217;, mentioned that the player from El Campillo, <strong>awaiting a magnetic resonance imaging scan, could be suffering from a muscle tear<\/strong>. This situation still needs confirmation, but if true, depending on the severity of the injury, <strong>in the best-case scenario, it could imply a recovery time of 8 to 10 days<\/strong>, while in the worst-case scenario, it could extend to around two to three weeks.<\/p>  <blockquote class=\"twitter-tweet\"> <p dir=\"ltr\" lang=\"es\">\ud83d\udd04 Change in the U-21 National Team call-up<br><br> \ud83d\udc55 Ferm\u00edn is out due to injury and Pablo Torre joins the squad<a href=\"https:\/\/t.co\/en\/na8Z9BJBZO\">https:\/\/t.co\/na8Z9BJBZO<\/a> <a href=\"https:\/\/twitter.com\/en\/hashtag\/VamosEspa%C3%B1a?src=hash&amp;ref_src=twsrc%5Etfw\">#VamosEspa\u00f1a<\/a> | <a href=\"https:\/\/twitter.com\/en\/hashtag\/U21EURO?src=hash&amp;ref_src=twsrc%5Etfw\">#U21EURO<\/a> <a href=\"https:\/\/t.co\/en\/aUGITK57eg\">pic.twitter.com\/aUGITK57eg<\/a><\/p> \u2014 Spanish Men&#8217;s National Football Team (@SEFutbol) <a href=\"https:\/\/twitter.com\/en\/SEFutbol\/status\/1830922243037180195?ref_src=twsrc%5Etfw\">September 3, 2024<\/a> <\/blockquote>  <p>Now, after being removed from the Spanish U-21 national team, he will not be able to participate in the two matches valid for the European Championship qualifiers. The first of these matches will be against Scotland next Friday, September 6 at 8:00 PM (Spanish peninsular time) at Tynecastle Stadium in Edinburgh, while the second match will be against Hungary next Tuesday, September 10 at 5:45 PM at Sz\u00e9kt\u00f3 Stadium in Kecskem\u00e9t. <strong>His place in the call-up by coach Santi Denia, as mentioned in the statement issued by the Royal Spanish Football Federation, will be taken by another Barcelona player: Pablo Torre<\/strong>.<\/p>  <h2>Ferm\u00edn, a New Victim of the &#8216;Pedri Case&#8217;?<\/h2>  <p>Upon seeing this unfortunate physical setback of the &#8217;16&#8217; blaugrana, it is inevitable that memories of <a data-external=\"0\" data-intl-links-en=\"https:\/\/www.fcbarcelonanoticias.com\/en\/national-teams\/another-pedri-case-the-rfef-plans-to-call-cubarsi-to-the-euro-cup-and-the-olympic-games_301612_102.html\" data-intl-links-es=\"https:\/\/www.fcbarcelonanoticias.com\/selecciones-nacionales\/otro-caso-pedri-rfef-planea-convocar-cubarsi-eurocopa-juegos-olimpicos_301612_102.html\" href=\"https:\/\/www.fcbarcelonanoticias.com\/en\/selecciones-nacionales\/otro-caso-pedri-rfef-planea-convocar-cubarsi-eurocopa-juegos-olimpicos_301612_102.html\" rel=\"follow\" target=\"_self\" title=\"\u00bfOtro 'caso Pedri'? La RFEF planea convocar a Cubars\u00ed a la Eurocopa y los Juegos Ol\u00edmpicos\">the situation that occurred with Pedri Gonz\u00e1lez in 2021<\/a> come to mind. At this point, it is important not to overlook that Ferm\u00edn, after a 2023\/24 season in which he played around 43 games with the Catalan club (1,948 minutes), in addition to roughly 28 minutes with the Spanish national team in the Eurocup and six more matches (426 minutes) with &#8216;La Rojita&#8217; in the Olympic football tournament in Paris, <strong>could be feeling the physical toll<\/strong>. <a data-external=\"0\" data-intl-links-en=\"https:\/\/www.fcbarcelonanoticias.com\/en\/football-soccer\/concession-hara-fc-barcelona-with-fermin-lopez-his-brutal-season-closing_306396_102.html\" data-intl-links-es=\"https:\/\/www.fcbarcelonanoticias.com\/futbol\/concesion-hara-fc-barcelona-con-fermin-lopez-su-brutal-cierre-temporada_306396_102.html\" href=\"https:\/\/www.fcbarcelonanoticias.com\/en\/futbol\/concesion-hara-fc-barcelona-con-fermin-lopez-su-brutal-cierre-temporada_306396_102.html\" rel=\"follow\" target=\"_self\" title=\"La concesi\u00f3n que har\u00e1 el FC Barcelona con Ferm\u00edn L\u00f3pez tras su brutal cierre de temporada\">This is because he had very little time to rest<\/a> before embarking on his journey with the Barcelona team for the 2024\/25 season, during which he has already taken part in three matches, accumulating 57 minutes of action.<\/p> ","protected":false},"excerpt":{"rendered":"<p>Ferm\u00edn L\u00f3pez is the latest victim of the FIFA date when it comes to injuries. The Barcelona player has suffered a muscle injury with the Spanish under-21 team. Another Bar\u00e7a player, Pablo Torre, will be his substitute Bad news for FC Barcelona. Once again, the dreaded &#8216;ghost&#8217; of injuries has struck the club after one [&hellip;]<\/p>\n","protected":false},"author":355,"featured_media":107262,"comment_status":"closed","ping_status":"open","sticky":false,"template":"","format":"standard","meta":{"_acf_changed":false,"inline_featured_image":false,"_nextfly_llmd_date_locked":false,"footnotes":""},"categories":[111],"tags":[136,91],"class_list":["post-107261","post","type-post","status-publish","format-standard","has-post-thumbnail","hentry","category-fc-barcelona","tag-injured","tag-national-teams"],"acf":[],"yoast_head":"<!-- This site is optimized with the Yoast SEO plugin v27.3 - https:\/\/yoast.com\/product\/yoast-seo-wordpress\/ -->\n<title>Ferm\u00edn L\u00f3pez is injured with the Spanish team and Pablo Torre replaces him<\/title>\n<meta name=\"description\" content=\"Ferm\u00edn L\u00f3pez is the latest victim of the FIFA date when it comes to injuries. The Barcelona player has suffered a muscle injury with the Spanish under-21 team. Another Bar\u00e7a player, Pablo Torre, will be his substitute\" \/>\n<meta name=\"robots\" content=\"index, follow, max-snippet:-1, max-image-preview:large, max-video-preview:-1\" \/>\n<link rel=\"canonical\" href=\"https:\/\/www.fcbarcelonanoticias.com\/en\/fc-barcelona\/official-fermin-lopez-new-ko-of-fc-barcelona_307017_102.html\" \/>\n<meta property=\"og:locale\" content=\"en_US\" \/>\n<meta property=\"og:type\" content=\"article\" \/>\n<meta property=\"og:title\" content=\"Ferm\u00edn L\u00f3pez is injured with the Spanish team and Pablo Torre replaces him\" \/>\n<meta property=\"og:description\" content=\"Ferm\u00edn L\u00f3pez is the latest victim of the FIFA date when it comes to injuries. The Barcelona player has suffered a muscle injury with the Spanish under-21 team. Another Bar\u00e7a player, Pablo Torre, will be his substitute\" \/>\n<meta property=\"og:url\" content=\"https:\/\/www.fcbarcelonanoticias.com\/en\/fc-barcelona\/official-fermin-lopez-new-ko-of-fc-barcelona_307017_102.html\" \/>\n<meta property=\"og:site_name\" content=\"EN - FC Barcelona Noticias\" \/>\n<meta property=\"article:published_time\" content=\"2024-09-03T11:15:00+00:00\" \/>\n<meta property=\"article:modified_time\" content=\"2024-09-03T13:09:00+00:00\" \/>\n<meta property=\"og:image\" content=\"https:\/\/www.fcbarcelonanoticias.com\/en\/wp-content\/uploads\/sites\/2\/2024\/09\/fermin-lopez-con-sus-dos-medallas-de-oro.gif\" \/>\n\t<meta property=\"og:image:width\" content=\"1300\" \/>\n\t<meta property=\"og:image:height\" content=\"730\" \/>\n\t<meta property=\"og:image:type\" content=\"image\/gif\" \/>\n<meta name=\"author\" content=\"Kevin G\u00f3mez\" \/>\n<meta name=\"twitter:card\" content=\"summary_large_image\" \/>\n<meta name=\"twitter:label1\" content=\"Written by\" \/>\n\t<meta name=\"twitter:data1\" content=\"Kevin G\u00f3mez\" \/>\n\t<meta name=\"twitter:label2\" content=\"Est. reading time\" \/>\n\t<meta name=\"twitter:data2\" content=\"3 minutes\" \/>\n<script type=\"application\/ld+json\" class=\"yoast-schema-graph\">{\"@context\":\"https:\\\/\\\/schema.org\",\"@graph\":[{\"@type\":\"Article\",\"@id\":\"https:\\\/\\\/www.fcbarcelonanoticias.com\\\/en\\\/fc-barcelona\\\/official-fermin-lopez-new-ko-of-fc-barcelona_307017_102.html#article\",\"isPartOf\":{\"@id\":\"https:\\\/\\\/www.fcbarcelonanoticias.com\\\/en\\\/fc-barcelona\\\/official-fermin-lopez-new-ko-of-fc-barcelona_307017_102.html\"},\"author\":{\"name\":\"Kevin G\u00f3mez\",\"@id\":\"https:\\\/\\\/www.fcbarcelonanoticias.com\\\/en\\\/#\\\/schema\\\/person\\\/991443f134df9a64c6874f96ff984c9d\"},\"headline\":\"Ferm\u00edn L\u00f3pez is injured with the Spanish team and Pablo Torre replaces him\",\"datePublished\":\"2024-09-03T11:15:00+00:00\",\"dateModified\":\"2024-09-03T13:09:00+00:00\",\"mainEntityOfPage\":{\"@id\":\"https:\\\/\\\/www.fcbarcelonanoticias.com\\\/en\\\/fc-barcelona\\\/official-fermin-lopez-new-ko-of-fc-barcelona_307017_102.html\"},\"wordCount\":552,\"image\":{\"@id\":\"https:\\\/\\\/www.fcbarcelonanoticias.com\\\/en\\\/fc-barcelona\\\/official-fermin-lopez-new-ko-of-fc-barcelona_307017_102.html#primaryimage\"},\"thumbnailUrl\":\"https:\\\/\\\/www.fcbarcelonanoticias.com\\\/en\\\/wp-content\\\/uploads\\\/sites\\\/2\\\/2024\\\/09\\\/fermin-lopez-con-sus-dos-medallas-de-oro.gif\",\"keywords\":[\"injured\",\"National Teams\"],\"articleSection\":[\"FC Barcelona\"],\"inLanguage\":\"en-US\"},{\"@type\":\"WebPage\",\"@id\":\"https:\\\/\\\/www.fcbarcelonanoticias.com\\\/en\\\/fc-barcelona\\\/official-fermin-lopez-new-ko-of-fc-barcelona_307017_102.html\",\"url\":\"https:\\\/\\\/www.fcbarcelonanoticias.com\\\/en\\\/fc-barcelona\\\/official-fermin-lopez-new-ko-of-fc-barcelona_307017_102.html\",\"name\":\"Ferm\u00edn L\u00f3pez is injured with the Spanish team and Pablo Torre replaces him\",\"isPartOf\":{\"@id\":\"https:\\\/\\\/www.fcbarcelonanoticias.com\\\/en\\\/#website\"},\"primaryImageOfPage\":{\"@id\":\"https:\\\/\\\/www.fcbarcelonanoticias.com\\\/en\\\/fc-barcelona\\\/official-fermin-lopez-new-ko-of-fc-barcelona_307017_102.html#primaryimage\"},\"image\":{\"@id\":\"https:\\\/\\\/www.fcbarcelonanoticias.com\\\/en\\\/fc-barcelona\\\/official-fermin-lopez-new-ko-of-fc-barcelona_307017_102.html#primaryimage\"},\"thumbnailUrl\":\"https:\\\/\\\/www.fcbarcelonanoticias.com\\\/en\\\/wp-content\\\/uploads\\\/sites\\\/2\\\/2024\\\/09\\\/fermin-lopez-con-sus-dos-medallas-de-oro.gif\",\"datePublished\":\"2024-09-03T11:15:00+00:00\",\"dateModified\":\"2024-09-03T13:09:00+00:00\",\"author\":{\"@id\":\"https:\\\/\\\/www.fcbarcelonanoticias.com\\\/en\\\/#\\\/schema\\\/person\\\/991443f134df9a64c6874f96ff984c9d\"},\"description\":\"Ferm\u00edn L\u00f3pez is the latest victim of the FIFA date when it comes to injuries. The Barcelona player has suffered a muscle injury with the Spanish under-21 team. Another Bar\u00e7a player, Pablo Torre, will be his substitute\",\"breadcrumb\":{\"@id\":\"https:\\\/\\\/www.fcbarcelonanoticias.com\\\/en\\\/fc-barcelona\\\/official-fermin-lopez-new-ko-of-fc-barcelona_307017_102.html#breadcrumb\"},\"inLanguage\":\"en-US\",\"potentialAction\":[{\"@type\":\"ReadAction\",\"target\":[\"https:\\\/\\\/www.fcbarcelonanoticias.com\\\/en\\\/fc-barcelona\\\/official-fermin-lopez-new-ko-of-fc-barcelona_307017_102.html\"]}]},{\"@type\":\"ImageObject\",\"inLanguage\":\"en-US\",\"@id\":\"https:\\\/\\\/www.fcbarcelonanoticias.com\\\/en\\\/fc-barcelona\\\/official-fermin-lopez-new-ko-of-fc-barcelona_307017_102.html#primaryimage\",\"url\":\"https:\\\/\\\/www.fcbarcelonanoticias.com\\\/en\\\/wp-content\\\/uploads\\\/sites\\\/2\\\/2024\\\/09\\\/fermin-lopez-con-sus-dos-medallas-de-oro.gif\",\"contentUrl\":\"https:\\\/\\\/www.fcbarcelonanoticias.com\\\/en\\\/wp-content\\\/uploads\\\/sites\\\/2\\\/2024\\\/09\\\/fermin-lopez-con-sus-dos-medallas-de-oro.gif\",\"width\":1300,\"height\":730},{\"@type\":\"BreadcrumbList\",\"@id\":\"https:\\\/\\\/www.fcbarcelonanoticias.com\\\/en\\\/fc-barcelona\\\/official-fermin-lopez-new-ko-of-fc-barcelona_307017_102.html#breadcrumb\",\"itemListElement\":[{\"@type\":\"ListItem\",\"position\":1,\"name\":\"Portada\",\"item\":\"https:\\\/\\\/www.fcbarcelonanoticias.com\\\/en\\\/\"},{\"@type\":\"ListItem\",\"position\":2,\"name\":\"Ferm\u00edn L\u00f3pez is injured with the Spanish team and Pablo Torre replaces him\"}]},{\"@type\":\"WebSite\",\"@id\":\"https:\\\/\\\/www.fcbarcelonanoticias.com\\\/en\\\/#website\",\"url\":\"https:\\\/\\\/www.fcbarcelonanoticias.com\\\/en\\\/\",\"name\":\"EN - FC Barcelona Noticias\",\"description\":\"\",\"potentialAction\":[{\"@type\":\"SearchAction\",\"target\":{\"@type\":\"EntryPoint\",\"urlTemplate\":\"https:\\\/\\\/www.fcbarcelonanoticias.com\\\/en\\\/?s={search_term_string}\"},\"query-input\":{\"@type\":\"PropertyValueSpecification\",\"valueRequired\":true,\"valueName\":\"search_term_string\"}}],\"inLanguage\":\"en-US\"},{\"@type\":\"Person\",\"@id\":\"https:\\\/\\\/www.fcbarcelonanoticias.com\\\/en\\\/#\\\/schema\\\/person\\\/991443f134df9a64c6874f96ff984c9d\",\"name\":\"Kevin G\u00f3mez\",\"image\":{\"@type\":\"ImageObject\",\"inLanguage\":\"en-US\",\"@id\":\"https:\\\/\\\/secure.gravatar.com\\\/avatar\\\/?s=96&d=mm&r=g\",\"url\":\"https:\\\/\\\/secure.gravatar.com\\\/avatar\\\/?s=96&d=mm&r=g\",\"contentUrl\":\"https:\\\/\\\/secure.gravatar.com\\\/avatar\\\/?s=96&d=mm&r=g\",\"caption\":\"Kevin G\u00f3mez\"},\"description\":\"Licenciado\u00a0en Periodismo y Comunicaci\u00f3n Audiovisual. Redactor en FCBN responsable de cubrir toda\u00a0la informaci\u00f3n del FC Barcelona y las principales competiciones de\u00a0f\u00fatbol.\",\"url\":\"https:\\\/\\\/www.fcbarcelonanoticias.com\\\/en\\\/jugadores\\\/kevin-gomez_23_115.html\"}]}<\/script>\n<!-- \/ Yoast SEO plugin. -->","yoast_head_json":{"title":"Ferm\u00edn L\u00f3pez is injured with the Spanish team and Pablo Torre replaces him","description":"Ferm\u00edn L\u00f3pez is the latest victim of the FIFA date when it comes to injuries. The Barcelona player has suffered a muscle injury with the Spanish under-21 team. Another Bar\u00e7a player, Pablo Torre, will be his substitute","robots":{"index":"index","follow":"follow","max-snippet":"max-snippet:-1","max-image-preview":"max-image-preview:large","max-video-preview":"max-video-preview:-1"},"canonical":"https:\/\/www.fcbarcelonanoticias.com\/en\/fc-barcelona\/official-fermin-lopez-new-ko-of-fc-barcelona_307017_102.html","og_locale":"en_US","og_type":"article","og_title":"Ferm\u00edn L\u00f3pez is injured with the Spanish team and Pablo Torre replaces him","og_description":"Ferm\u00edn L\u00f3pez is the latest victim of the FIFA date when it comes to injuries. The Barcelona player has suffered a muscle injury with the Spanish under-21 team. Another Bar\u00e7a player, Pablo Torre, will be his substitute","og_url":"https:\/\/www.fcbarcelonanoticias.com\/en\/fc-barcelona\/official-fermin-lopez-new-ko-of-fc-barcelona_307017_102.html","og_site_name":"EN - FC Barcelona Noticias","article_published_time":"2024-09-03T11:15:00+00:00","article_modified_time":"2024-09-03T13:09:00+00:00","og_image":[{"width":1300,"height":730,"url":"https:\/\/www.fcbarcelonanoticias.com\/en\/wp-content\/uploads\/sites\/2\/2024\/09\/fermin-lopez-con-sus-dos-medallas-de-oro.gif","type":"image\/gif"}],"author":"Kevin G\u00f3mez","twitter_card":"summary_large_image","twitter_misc":{"Written by":"Kevin G\u00f3mez","Est. reading time":"3 minutes"},"schema":{"@context":"https:\/\/schema.org","@graph":[{"@type":"Article","@id":"https:\/\/www.fcbarcelonanoticias.com\/en\/fc-barcelona\/official-fermin-lopez-new-ko-of-fc-barcelona_307017_102.html#article","isPartOf":{"@id":"https:\/\/www.fcbarcelonanoticias.com\/en\/fc-barcelona\/official-fermin-lopez-new-ko-of-fc-barcelona_307017_102.html"},"author":{"name":"Kevin G\u00f3mez","@id":"https:\/\/www.fcbarcelonanoticias.com\/en\/#\/schema\/person\/991443f134df9a64c6874f96ff984c9d"},"headline":"Ferm\u00edn L\u00f3pez is injured with the Spanish team and Pablo Torre replaces him","datePublished":"2024-09-03T11:15:00+00:00","dateModified":"2024-09-03T13:09:00+00:00","mainEntityOfPage":{"@id":"https:\/\/www.fcbarcelonanoticias.com\/en\/fc-barcelona\/official-fermin-lopez-new-ko-of-fc-barcelona_307017_102.html"},"wordCount":552,"image":{"@id":"https:\/\/www.fcbarcelonanoticias.com\/en\/fc-barcelona\/official-fermin-lopez-new-ko-of-fc-barcelona_307017_102.html#primaryimage"},"thumbnailUrl":"https:\/\/www.fcbarcelonanoticias.com\/en\/wp-content\/uploads\/sites\/2\/2024\/09\/fermin-lopez-con-sus-dos-medallas-de-oro.gif","keywords":["injured","National Teams"],"articleSection":["FC Barcelona"],"inLanguage":"en-US"},{"@type":"WebPage","@id":"https:\/\/www.fcbarcelonanoticias.com\/en\/fc-barcelona\/official-fermin-lopez-new-ko-of-fc-barcelona_307017_102.html","url":"https:\/\/www.fcbarcelonanoticias.com\/en\/fc-barcelona\/official-fermin-lopez-new-ko-of-fc-barcelona_307017_102.html","name":"Ferm\u00edn L\u00f3pez is injured with the Spanish team and Pablo Torre replaces him","isPartOf":{"@id":"https:\/\/www.fcbarcelonanoticias.com\/en\/#website"},"primaryImageOfPage":{"@id":"https:\/\/www.fcbarcelonanoticias.com\/en\/fc-barcelona\/official-fermin-lopez-new-ko-of-fc-barcelona_307017_102.html#primaryimage"},"image":{"@id":"https:\/\/www.fcbarcelonanoticias.com\/en\/fc-barcelona\/official-fermin-lopez-new-ko-of-fc-barcelona_307017_102.html#primaryimage"},"thumbnailUrl":"https:\/\/www.fcbarcelonanoticias.com\/en\/wp-content\/uploads\/sites\/2\/2024\/09\/fermin-lopez-con-sus-dos-medallas-de-oro.gif","datePublished":"2024-09-03T11:15:00+00:00","dateModified":"2024-09-03T13:09:00+00:00","author":{"@id":"https:\/\/www.fcbarcelonanoticias.com\/en\/#\/schema\/person\/991443f134df9a64c6874f96ff984c9d"},"description":"Ferm\u00edn L\u00f3pez is the latest victim of the FIFA date when it comes to injuries. The Barcelona player has suffered a muscle injury with the Spanish under-21 team. Another Bar\u00e7a player, Pablo Torre, will be his substitute","breadcrumb":{"@id":"https:\/\/www.fcbarcelonanoticias.com\/en\/fc-barcelona\/official-fermin-lopez-new-ko-of-fc-barcelona_307017_102.html#breadcrumb"},"inLanguage":"en-US","potentialAction":[{"@type":"ReadAction","target":["https:\/\/www.fcbarcelonanoticias.com\/en\/fc-barcelona\/official-fermin-lopez-new-ko-of-fc-barcelona_307017_102.html"]}]},{"@type":"ImageObject","inLanguage":"en-US","@id":"https:\/\/www.fcbarcelonanoticias.com\/en\/fc-barcelona\/official-fermin-lopez-new-ko-of-fc-barcelona_307017_102.html#primaryimage","url":"https:\/\/www.fcbarcelonanoticias.com\/en\/wp-content\/uploads\/sites\/2\/2024\/09\/fermin-lopez-con-sus-dos-medallas-de-oro.gif","contentUrl":"https:\/\/www.fcbarcelonanoticias.com\/en\/wp-content\/uploads\/sites\/2\/2024\/09\/fermin-lopez-con-sus-dos-medallas-de-oro.gif","width":1300,"height":730},{"@type":"BreadcrumbList","@id":"https:\/\/www.fcbarcelonanoticias.com\/en\/fc-barcelona\/official-fermin-lopez-new-ko-of-fc-barcelona_307017_102.html#breadcrumb","itemListElement":[{"@type":"ListItem","position":1,"name":"Portada","item":"https:\/\/www.fcbarcelonanoticias.com\/en\/"},{"@type":"ListItem","position":2,"name":"Ferm\u00edn L\u00f3pez is injured with the Spanish team and Pablo Torre replaces him"}]},{"@type":"WebSite","@id":"https:\/\/www.fcbarcelonanoticias.com\/en\/#website","url":"https:\/\/www.fcbarcelonanoticias.com\/en\/","name":"EN - FC Barcelona Noticias","description":"","potentialAction":[{"@type":"SearchAction","target":{"@type":"EntryPoint","urlTemplate":"https:\/\/www.fcbarcelonanoticias.com\/en\/?s={search_term_string}"},"query-input":{"@type":"PropertyValueSpecification","valueRequired":true,"valueName":"search_term_string"}}],"inLanguage":"en-US"},{"@type":"Person","@id":"https:\/\/www.fcbarcelonanoticias.com\/en\/#\/schema\/person\/991443f134df9a64c6874f96ff984c9d","name":"Kevin G\u00f3mez","image":{"@type":"ImageObject","inLanguage":"en-US","@id":"https:\/\/secure.gravatar.com\/avatar\/?s=96&d=mm&r=g","url":"https:\/\/secure.gravatar.com\/avatar\/?s=96&d=mm&r=g","contentUrl":"https:\/\/secure.gravatar.com\/avatar\/?s=96&d=mm&r=g","caption":"Kevin G\u00f3mez"},"description":"Licenciado\u00a0en Periodismo y Comunicaci\u00f3n Audiovisual. Redactor en FCBN responsable de cubrir toda\u00a0la informaci\u00f3n del FC Barcelona y las principales competiciones de\u00a0f\u00fatbol.","url":"https:\/\/www.fcbarcelonanoticias.com\/en\/jugadores\/kevin-gomez_23_115.html"}]}},"_links":{"self":[{"href":"https:\/\/www.fcbarcelonanoticias.com\/en\/wp-json\/wp\/v2\/posts\/107261","targetHints":{"allow":["GET"]}}],"collection":[{"href":"https:\/\/www.fcbarcelonanoticias.com\/en\/wp-json\/wp\/v2\/posts"}],"about":[{"href":"https:\/\/www.fcbarcelonanoticias.com\/en\/wp-json\/wp\/v2\/types\/post"}],"author":[{"embeddable":true,"href":"https:\/\/www.fcbarcelonanoticias.com\/en\/wp-json\/wp\/v2\/users\/355"}],"replies":[{"embeddable":true,"href":"https:\/\/www.fcbarcelonanoticias.com\/en\/wp-json\/wp\/v2\/comments?post=107261"}],"version-history":[{"count":1,"href":"https:\/\/www.fcbarcelonanoticias.com\/en\/wp-json\/wp\/v2\/posts\/107261\/revisions"}],"predecessor-version":[{"id":148134,"href":"https:\/\/www.fcbarcelonanoticias.com\/en\/wp-json\/wp\/v2\/posts\/107261\/revisions\/148134"}],"wp:featuredmedia":[{"embeddable":true,"href":"https:\/\/www.fcbarcelonanoticias.com\/en\/wp-json\/wp\/v2\/media\/107262"}],"wp:attachment":[{"href":"https:\/\/www.fcbarcelonanoticias.com\/en\/wp-json\/wp\/v2\/media?parent=107261"}],"wp:term":[{"taxonomy":"category","embeddable":true,"href":"https:\/\/www.fcbarcelonanoticias.com\/en\/wp-json\/wp\/v2\/categories?post=107261"},{"taxonomy":"post_tag","embeddable":true,"href":"https:\/\/www.fcbarcelonanoticias.com\/en\/wp-json\/wp\/v2\/tags?post=107261"}],"curies":[{"name":"wp","href":"https:\/\/api.w.org\/{rel}","templated":true}]}}