{"id":107285,"date":"2024-07-10T18:40:00","date_gmt":"2024-07-10T16:40:00","guid":{"rendered":"https:\/\/weisetech.dev\/fc-barcelona-noticias\/en\/official-fermin-eric-garcia-and-pau-cubarsi-will-play-with-spain-in-the-olympic-games_305319_102\/"},"modified":"2024-07-10T18:40:00","modified_gmt":"2024-07-10T16:40:00","slug":"official-fermin-eric-garcia-and-pau-cubarsi-will-play-with-spain-in-the-olympic-games_305319_102","status":"publish","type":"post","link":"https:\/\/www.fcbarcelonanoticias.com\/en\/fc-barcelona\/official-fermin-eric-garcia-and-pau-cubarsi-will-play-with-spain-in-the-olympic-games_305319_102.html","title":{"rendered":"OFFICIAL: Ferm\u00edn, Eric Garc\u00eda and Pau Cubars\u00ed will play for Spain in the Olympic Games"},"content":{"rendered":"<h2 class=\"wp-block-heading\">Santi Denia has announced the list of 22 players who will compete in the Olympic Games with Spain. Eric Garc\u00eda, Pau Cubars\u00ed and Ferm\u00edn L\u00f3pez are the three Bar\u00e7a players who will accompany La Rojita in Paris<\/h2>  \r\n<div class=\"article-addons\">\r\n    <a href=\"https:\/\/www.fcbarcelonanoticias.com\/en\/calendar-fc-barcelona.html\"\r\n       target=\"_self\"\r\n       title=\"Calendar of FC Barcelona\"\r\n       class=\"blue-gredient-btn\">\r\n       \r\n        Calendar of FC Barcelona    <\/a>\r\n<\/div>   <p><strong>Santi Denia gave to know this Wednesday in the afternoon the definite list of summoned that will contest the Olympic games with Spain<\/strong>. The seleccionador of the Rojita &#8216;descart\u00f3&#8217; the presence of Iturbe (Athletic of Madrid), Camel (Ray), Juanlu (Seville) and Mosquera (Valencia), although these will travel to Paris and could go in in place of a mate in case of injury.<\/p>  <p>Of the same way, <strong>the Spanish trainer chose to three footballers of the FC Barcelona to form part of the staff that will look for the olympic gold<\/strong>. <a data-external=\"0\" data-intl-links-en=\"https:\/\/www.fcbarcelonanoticias.com\/en\/fc-barcelona\/how-many-games-could-cubarsi-fermin-and-eric-garcia-miss-because-of-olympic-games_304884_102.html\" data-intl-links-es=\"https:\/\/www.fcbarcelonanoticias.com\/fc-barcelona\/cuantos-partidos-podrian-perderse-cubarsi-fermin-eric-garcia-por-culpa-juegos-olimpicos_304884_102.html\" href=\"https:\/\/www.fcbarcelonanoticias.com\/en\/fc-barcelona\/how-many-games-could-cubarsi-fermin-and-eric-garcia-miss-because-of-olympic-games_304884_102.html\" rel=\"follow\" target=\"_self\" title=\"\u00bfCu\u00e1ntos partidos podr\u00edan perderse Cubars\u00ed, Ferm\u00edn y Eric Garc\u00eda por culpa de los Juegos&nbsp;Ol\u00edmpicos?\">Eric Garc\u00eda and Pau Cubars\u00ed will act like leaders of the defence of the Rojita<\/a>. The first completed a big season in the Girona and will look for to keep in shape in the international appointment, whereas the second was one of the disclosures of the campaign and had options to contest the Eurocopa, although in the RFEF decanted for using him like one of the pillars of the team sub-21.<\/p>  <p>By his part, <strong>Ferm\u00edn L\u00f3pez if it finds with the greater selection in Germany, where prepare to contest the final of the tournament next Sunday 14 July<\/strong>. <a data-external=\"0\" data-intl-links-en=\"https:\/\/www.fcbarcelonanoticias.com\/en\/fc-barcelona\/fermin-clarifies-barca-position-on-its-presence-in-the-games-and-if-it-fears-being-another-pedri-case_304936_102.html\" data-intl-links-es=\"https:\/\/www.fcbarcelonanoticias.com\/fc-barcelona\/fermin-aclara-postura-barca-sobre-su-presencia-en-juegos-si-teme-ser-otro-caso-pedri_304936_102.html\" href=\"https:\/\/www.fcbarcelonanoticias.com\/en\/fc-barcelona\/fermin-clarifies-barca-position-on-its-presence-in-the-games-and-if-it-fears-being-another-pedri-case_304936_102.html\" rel=\"follow\" target=\"_self\" title=\"Ferm\u00edn aclara la postura del Bar\u00e7a sobre su presencia en los Juegos y si teme ser otro 'caso Pedri'\">The mediocampista will be, beside \u00c1lex Baena, the two only players that form part of both squares<\/a>, although his limited participation in the Euro will allow them add minutes in Paris without that it represent a big physical wear.<\/p>  <p>The expedition of the Rojita will remain in Madrid until the Wednesday 17 July, date in which they will put course to Burdeos to contest a friendly against United States the next day. Later, the directed by Santi Denia will travel to Paris,<strong> where will produce the debut of the combined in front of Uzbekistan on 24 July in the Park of the Princes<\/strong>.<\/p>  <h2>The complete announcement<\/h2>  <ul> <li> <strong>Goalkeepers<\/strong>: Arnau Tenas (PSG-France), Joan Garc\u00eda (Espanyol)<\/li> \t<li> <strong>Defences<\/strong>: Marc Pubill (Almer\u00eda)<strong> Eric Garc\u00eda (FC Barcelona)<\/strong>, Crishtian Mosquera (Valencia)<strong>, Pau Cubars\u00ed (FC Barcelona), <\/strong>Jon Pacheco (Real Sociedad), Miguel Guti\u00e9rrez (Girona) and Juan Miranda (Without team)<\/li> \t<li> <strong>Midfield players<\/strong>: Be\u00f1at Turrientes (Real Sociedad), Adri\u00e1n Bernab\u00e9 (Parma), \u00c1lex Baena (Villarreal), <strong>Ferm\u00edn L\u00f3pez (Barcelona),<\/strong> Pablo Neighbourhoods (Athletic of Madrid) and Aimar Oroz (Osasuna).<\/li> \t<li> <strong>Forwards<\/strong>: Sergio G\u00f3mez (Manchester City), Diego L\u00f3pez (Valencia), Abel Ruiz (Girona) and Samu Omorodion (Athletic of Madrid).<\/li> <\/ul> <h2>The players reserve<\/h2>  <ul> <li> <strong>Goalkeeper<\/strong>: Alejandro Iturbe (Athletic of Madrid B).<\/li> \t<li> <strong>Defences<\/strong>: Juanlu S\u00e1nchez (Seville) and Crishtian Mosquera (Valencia).<\/li> \t<li> <strong>Forward<\/strong>: Sergio Camel (Ray Vallecano).<\/li> <\/ul> ","protected":false},"excerpt":{"rendered":"<p>Santi Denia has announced the list of 22 players who will compete in the Olympic Games with Spain. Eric Garc\u00eda, Pau Cubars\u00ed and Ferm\u00edn L\u00f3pez are the three Bar\u00e7a players who will accompany La Rojita in Paris Santi Denia gave to know this Wednesday in the afternoon the definite list of summoned that will contest [&hellip;]<\/p>\n","protected":false},"author":358,"featured_media":107286,"comment_status":"closed","ping_status":"open","sticky":false,"template":"","format":"standard","meta":{"_acf_changed":false,"inline_featured_image":false,"_nextfly_llmd_date_locked":false,"footnotes":""},"categories":[111],"tags":[],"class_list":["post-107285","post","type-post","status-publish","format-standard","has-post-thumbnail","hentry","category-fc-barcelona"],"acf":[],"yoast_head":"<!-- This site is optimized with the Yoast SEO plugin v27.3 - https:\/\/yoast.com\/product\/yoast-seo-wordpress\/ -->\n<title>OFFICIAL: Ferm\u00edn, Eric Garc\u00eda and Pau Cubars\u00ed will play with Spain in the Olympic games<\/title>\n<meta name=\"description\" content=\"Santi Denia has given to know the list of 22 summoned that will contest the Olympic games with Spain. Eric Garc\u00eda, Pau Cubars\u00ed and Ferm\u00edn L\u00f3pez are the three players of the Bar\u00e7a that will accompany to the Rojita in Paris\" \/>\n<meta name=\"robots\" content=\"index, follow, max-snippet:-1, max-image-preview:large, max-video-preview:-1\" \/>\n<link rel=\"canonical\" href=\"https:\/\/www.fcbarcelonanoticias.com\/en\/fc-barcelona\/official-fermin-eric-garcia-and-pau-cubarsi-will-play-with-spain-in-the-olympic-games_305319_102.html\" \/>\n<meta property=\"og:locale\" content=\"en_US\" \/>\n<meta property=\"og:type\" content=\"article\" \/>\n<meta property=\"og:title\" content=\"OFFICIAL: Ferm\u00edn, Eric Garc\u00eda and Pau Cubars\u00ed will play with Spain in the Olympic games\" \/>\n<meta property=\"og:description\" content=\"Santi Denia has given to know the list of 22 summoned that will contest the Olympic games with Spain. Eric Garc\u00eda, Pau Cubars\u00ed and Ferm\u00edn L\u00f3pez are the three players of the Bar\u00e7a that will accompany to the Rojita in Paris\" \/>\n<meta property=\"og:url\" content=\"https:\/\/www.fcbarcelonanoticias.com\/en\/fc-barcelona\/official-fermin-eric-garcia-and-pau-cubarsi-will-play-with-spain-in-the-olympic-games_305319_102.html\" \/>\n<meta property=\"og:site_name\" content=\"EN - FC Barcelona Noticias\" \/>\n<meta property=\"article:published_time\" content=\"2024-07-10T16:40:00+00:00\" \/>\n<meta property=\"og:image\" content=\"https:\/\/www.fcbarcelonanoticias.com\/en\/wp-content\/uploads\/sites\/2\/2024\/07\/pau-cubarsi-fermin.jpeg\" \/>\n\t<meta property=\"og:image:width\" content=\"1300\" \/>\n\t<meta property=\"og:image:height\" content=\"736\" \/>\n\t<meta property=\"og:image:type\" content=\"image\/jpeg\" \/>\n<meta name=\"author\" content=\"Juan Pablo Berdugo\" \/>\n<meta name=\"twitter:card\" content=\"summary_large_image\" \/>\n<meta name=\"twitter:label1\" content=\"Written by\" \/>\n\t<meta name=\"twitter:data1\" content=\"Juan Pablo Berdugo\" \/>\n\t<meta name=\"twitter:label2\" content=\"Est. reading time\" \/>\n\t<meta name=\"twitter:data2\" content=\"2 minutes\" \/>\n<script type=\"application\/ld+json\" class=\"yoast-schema-graph\">{\"@context\":\"https:\\\/\\\/schema.org\",\"@graph\":[{\"@type\":\"Article\",\"@id\":\"https:\\\/\\\/www.fcbarcelonanoticias.com\\\/en\\\/fc-barcelona\\\/official-fermin-eric-garcia-and-pau-cubarsi-will-play-with-spain-in-the-olympic-games_305319_102.html#article\",\"isPartOf\":{\"@id\":\"https:\\\/\\\/www.fcbarcelonanoticias.com\\\/en\\\/fc-barcelona\\\/official-fermin-eric-garcia-and-pau-cubarsi-will-play-with-spain-in-the-olympic-games_305319_102.html\"},\"author\":{\"name\":\"Juan Pablo Berdugo\",\"@id\":\"https:\\\/\\\/www.fcbarcelonanoticias.com\\\/en\\\/#\\\/schema\\\/person\\\/88d756918a0a1ae9fa593b5edddd1815\"},\"headline\":\"OFFICIAL: Ferm\u00edn, Eric Garc\u00eda and Pau Cubars\u00ed will play for Spain in the Olympic Games\",\"datePublished\":\"2024-07-10T16:40:00+00:00\",\"mainEntityOfPage\":{\"@id\":\"https:\\\/\\\/www.fcbarcelonanoticias.com\\\/en\\\/fc-barcelona\\\/official-fermin-eric-garcia-and-pau-cubarsi-will-play-with-spain-in-the-olympic-games_305319_102.html\"},\"wordCount\":460,\"image\":{\"@id\":\"https:\\\/\\\/www.fcbarcelonanoticias.com\\\/en\\\/fc-barcelona\\\/official-fermin-eric-garcia-and-pau-cubarsi-will-play-with-spain-in-the-olympic-games_305319_102.html#primaryimage\"},\"thumbnailUrl\":\"https:\\\/\\\/www.fcbarcelonanoticias.com\\\/en\\\/wp-content\\\/uploads\\\/sites\\\/2\\\/2024\\\/07\\\/pau-cubarsi-fermin.jpeg\",\"articleSection\":[\"FC Barcelona\"],\"inLanguage\":\"en-US\"},{\"@type\":\"WebPage\",\"@id\":\"https:\\\/\\\/www.fcbarcelonanoticias.com\\\/en\\\/fc-barcelona\\\/official-fermin-eric-garcia-and-pau-cubarsi-will-play-with-spain-in-the-olympic-games_305319_102.html\",\"url\":\"https:\\\/\\\/www.fcbarcelonanoticias.com\\\/en\\\/fc-barcelona\\\/official-fermin-eric-garcia-and-pau-cubarsi-will-play-with-spain-in-the-olympic-games_305319_102.html\",\"name\":\"OFFICIAL: Ferm\u00edn, Eric Garc\u00eda and Pau Cubars\u00ed will play with Spain in the Olympic games\",\"isPartOf\":{\"@id\":\"https:\\\/\\\/www.fcbarcelonanoticias.com\\\/en\\\/#website\"},\"primaryImageOfPage\":{\"@id\":\"https:\\\/\\\/www.fcbarcelonanoticias.com\\\/en\\\/fc-barcelona\\\/official-fermin-eric-garcia-and-pau-cubarsi-will-play-with-spain-in-the-olympic-games_305319_102.html#primaryimage\"},\"image\":{\"@id\":\"https:\\\/\\\/www.fcbarcelonanoticias.com\\\/en\\\/fc-barcelona\\\/official-fermin-eric-garcia-and-pau-cubarsi-will-play-with-spain-in-the-olympic-games_305319_102.html#primaryimage\"},\"thumbnailUrl\":\"https:\\\/\\\/www.fcbarcelonanoticias.com\\\/en\\\/wp-content\\\/uploads\\\/sites\\\/2\\\/2024\\\/07\\\/pau-cubarsi-fermin.jpeg\",\"datePublished\":\"2024-07-10T16:40:00+00:00\",\"author\":{\"@id\":\"https:\\\/\\\/www.fcbarcelonanoticias.com\\\/en\\\/#\\\/schema\\\/person\\\/88d756918a0a1ae9fa593b5edddd1815\"},\"description\":\"Santi Denia has given to know the list of 22 summoned that will contest the Olympic games with Spain. Eric Garc\u00eda, Pau Cubars\u00ed and Ferm\u00edn L\u00f3pez are the three players of the Bar\u00e7a that will accompany to the Rojita in Paris\",\"breadcrumb\":{\"@id\":\"https:\\\/\\\/www.fcbarcelonanoticias.com\\\/en\\\/fc-barcelona\\\/official-fermin-eric-garcia-and-pau-cubarsi-will-play-with-spain-in-the-olympic-games_305319_102.html#breadcrumb\"},\"inLanguage\":\"en-US\",\"potentialAction\":[{\"@type\":\"ReadAction\",\"target\":[\"https:\\\/\\\/www.fcbarcelonanoticias.com\\\/en\\\/fc-barcelona\\\/official-fermin-eric-garcia-and-pau-cubarsi-will-play-with-spain-in-the-olympic-games_305319_102.html\"]}]},{\"@type\":\"ImageObject\",\"inLanguage\":\"en-US\",\"@id\":\"https:\\\/\\\/www.fcbarcelonanoticias.com\\\/en\\\/fc-barcelona\\\/official-fermin-eric-garcia-and-pau-cubarsi-will-play-with-spain-in-the-olympic-games_305319_102.html#primaryimage\",\"url\":\"https:\\\/\\\/www.fcbarcelonanoticias.com\\\/en\\\/wp-content\\\/uploads\\\/sites\\\/2\\\/2024\\\/07\\\/pau-cubarsi-fermin.jpeg\",\"contentUrl\":\"https:\\\/\\\/www.fcbarcelonanoticias.com\\\/en\\\/wp-content\\\/uploads\\\/sites\\\/2\\\/2024\\\/07\\\/pau-cubarsi-fermin.jpeg\",\"width\":1300,\"height\":736},{\"@type\":\"BreadcrumbList\",\"@id\":\"https:\\\/\\\/www.fcbarcelonanoticias.com\\\/en\\\/fc-barcelona\\\/official-fermin-eric-garcia-and-pau-cubarsi-will-play-with-spain-in-the-olympic-games_305319_102.html#breadcrumb\",\"itemListElement\":[{\"@type\":\"ListItem\",\"position\":1,\"name\":\"Portada\",\"item\":\"https:\\\/\\\/www.fcbarcelonanoticias.com\\\/en\\\/\"},{\"@type\":\"ListItem\",\"position\":2,\"name\":\"OFFICIAL: Ferm\u00edn, Eric Garc\u00eda and Pau Cubars\u00ed will play for Spain in the Olympic Games\"}]},{\"@type\":\"WebSite\",\"@id\":\"https:\\\/\\\/www.fcbarcelonanoticias.com\\\/en\\\/#website\",\"url\":\"https:\\\/\\\/www.fcbarcelonanoticias.com\\\/en\\\/\",\"name\":\"EN - FC Barcelona Noticias\",\"description\":\"\",\"potentialAction\":[{\"@type\":\"SearchAction\",\"target\":{\"@type\":\"EntryPoint\",\"urlTemplate\":\"https:\\\/\\\/www.fcbarcelonanoticias.com\\\/en\\\/?s={search_term_string}\"},\"query-input\":{\"@type\":\"PropertyValueSpecification\",\"valueRequired\":true,\"valueName\":\"search_term_string\"}}],\"inLanguage\":\"en-US\"},{\"@type\":\"Person\",\"@id\":\"https:\\\/\\\/www.fcbarcelonanoticias.com\\\/en\\\/#\\\/schema\\\/person\\\/88d756918a0a1ae9fa593b5edddd1815\",\"name\":\"Juan Pablo Berdugo\",\"image\":{\"@type\":\"ImageObject\",\"inLanguage\":\"en-US\",\"@id\":\"https:\\\/\\\/secure.gravatar.com\\\/avatar\\\/?s=96&d=mm&r=g\",\"url\":\"https:\\\/\\\/secure.gravatar.com\\\/avatar\\\/?s=96&d=mm&r=g\",\"contentUrl\":\"https:\\\/\\\/secure.gravatar.com\\\/avatar\\\/?s=96&d=mm&r=g\",\"caption\":\"Juan Pablo Berdugo\"},\"description\":\"Juan Pablo Berdugo es graduado en Periodismo. Colabora con FCBN como especialista en informaci\u00f3n del primer equipo del FC Barcelona, f\u00fatbol internacional y mercado de fichajes. Destaca por su enfoque anal\u00edtico, su rigor informativo y su capacidad para detectar tendencias emergentes en el f\u00fatbol global.\",\"url\":\"https:\\\/\\\/www.fcbarcelonanoticias.com\\\/en\\\/fc-barcelona\\\/juan-pablo-berdugo_18_115.html\"}]}<\/script>\n<!-- \/ Yoast SEO plugin. -->","yoast_head_json":{"title":"OFFICIAL: Ferm\u00edn, Eric Garc\u00eda and Pau Cubars\u00ed will play with Spain in the Olympic games","description":"Santi Denia has given to know the list of 22 summoned that will contest the Olympic games with Spain. Eric Garc\u00eda, Pau Cubars\u00ed and Ferm\u00edn L\u00f3pez are the three players of the Bar\u00e7a that will accompany to the Rojita in Paris","robots":{"index":"index","follow":"follow","max-snippet":"max-snippet:-1","max-image-preview":"max-image-preview:large","max-video-preview":"max-video-preview:-1"},"canonical":"https:\/\/www.fcbarcelonanoticias.com\/en\/fc-barcelona\/official-fermin-eric-garcia-and-pau-cubarsi-will-play-with-spain-in-the-olympic-games_305319_102.html","og_locale":"en_US","og_type":"article","og_title":"OFFICIAL: Ferm\u00edn, Eric Garc\u00eda and Pau Cubars\u00ed will play with Spain in the Olympic games","og_description":"Santi Denia has given to know the list of 22 summoned that will contest the Olympic games with Spain. Eric Garc\u00eda, Pau Cubars\u00ed and Ferm\u00edn L\u00f3pez are the three players of the Bar\u00e7a that will accompany to the Rojita in Paris","og_url":"https:\/\/www.fcbarcelonanoticias.com\/en\/fc-barcelona\/official-fermin-eric-garcia-and-pau-cubarsi-will-play-with-spain-in-the-olympic-games_305319_102.html","og_site_name":"EN - FC Barcelona Noticias","article_published_time":"2024-07-10T16:40:00+00:00","og_image":[{"width":1300,"height":736,"url":"https:\/\/www.fcbarcelonanoticias.com\/en\/wp-content\/uploads\/sites\/2\/2024\/07\/pau-cubarsi-fermin.jpeg","type":"image\/jpeg"}],"author":"Juan Pablo Berdugo","twitter_card":"summary_large_image","twitter_misc":{"Written by":"Juan Pablo Berdugo","Est. reading time":"2 minutes"},"schema":{"@context":"https:\/\/schema.org","@graph":[{"@type":"Article","@id":"https:\/\/www.fcbarcelonanoticias.com\/en\/fc-barcelona\/official-fermin-eric-garcia-and-pau-cubarsi-will-play-with-spain-in-the-olympic-games_305319_102.html#article","isPartOf":{"@id":"https:\/\/www.fcbarcelonanoticias.com\/en\/fc-barcelona\/official-fermin-eric-garcia-and-pau-cubarsi-will-play-with-spain-in-the-olympic-games_305319_102.html"},"author":{"name":"Juan Pablo Berdugo","@id":"https:\/\/www.fcbarcelonanoticias.com\/en\/#\/schema\/person\/88d756918a0a1ae9fa593b5edddd1815"},"headline":"OFFICIAL: Ferm\u00edn, Eric Garc\u00eda and Pau Cubars\u00ed will play for Spain in the Olympic Games","datePublished":"2024-07-10T16:40:00+00:00","mainEntityOfPage":{"@id":"https:\/\/www.fcbarcelonanoticias.com\/en\/fc-barcelona\/official-fermin-eric-garcia-and-pau-cubarsi-will-play-with-spain-in-the-olympic-games_305319_102.html"},"wordCount":460,"image":{"@id":"https:\/\/www.fcbarcelonanoticias.com\/en\/fc-barcelona\/official-fermin-eric-garcia-and-pau-cubarsi-will-play-with-spain-in-the-olympic-games_305319_102.html#primaryimage"},"thumbnailUrl":"https:\/\/www.fcbarcelonanoticias.com\/en\/wp-content\/uploads\/sites\/2\/2024\/07\/pau-cubarsi-fermin.jpeg","articleSection":["FC Barcelona"],"inLanguage":"en-US"},{"@type":"WebPage","@id":"https:\/\/www.fcbarcelonanoticias.com\/en\/fc-barcelona\/official-fermin-eric-garcia-and-pau-cubarsi-will-play-with-spain-in-the-olympic-games_305319_102.html","url":"https:\/\/www.fcbarcelonanoticias.com\/en\/fc-barcelona\/official-fermin-eric-garcia-and-pau-cubarsi-will-play-with-spain-in-the-olympic-games_305319_102.html","name":"OFFICIAL: Ferm\u00edn, Eric Garc\u00eda and Pau Cubars\u00ed will play with Spain in the Olympic games","isPartOf":{"@id":"https:\/\/www.fcbarcelonanoticias.com\/en\/#website"},"primaryImageOfPage":{"@id":"https:\/\/www.fcbarcelonanoticias.com\/en\/fc-barcelona\/official-fermin-eric-garcia-and-pau-cubarsi-will-play-with-spain-in-the-olympic-games_305319_102.html#primaryimage"},"image":{"@id":"https:\/\/www.fcbarcelonanoticias.com\/en\/fc-barcelona\/official-fermin-eric-garcia-and-pau-cubarsi-will-play-with-spain-in-the-olympic-games_305319_102.html#primaryimage"},"thumbnailUrl":"https:\/\/www.fcbarcelonanoticias.com\/en\/wp-content\/uploads\/sites\/2\/2024\/07\/pau-cubarsi-fermin.jpeg","datePublished":"2024-07-10T16:40:00+00:00","author":{"@id":"https:\/\/www.fcbarcelonanoticias.com\/en\/#\/schema\/person\/88d756918a0a1ae9fa593b5edddd1815"},"description":"Santi Denia has given to know the list of 22 summoned that will contest the Olympic games with Spain. Eric Garc\u00eda, Pau Cubars\u00ed and Ferm\u00edn L\u00f3pez are the three players of the Bar\u00e7a that will accompany to the Rojita in Paris","breadcrumb":{"@id":"https:\/\/www.fcbarcelonanoticias.com\/en\/fc-barcelona\/official-fermin-eric-garcia-and-pau-cubarsi-will-play-with-spain-in-the-olympic-games_305319_102.html#breadcrumb"},"inLanguage":"en-US","potentialAction":[{"@type":"ReadAction","target":["https:\/\/www.fcbarcelonanoticias.com\/en\/fc-barcelona\/official-fermin-eric-garcia-and-pau-cubarsi-will-play-with-spain-in-the-olympic-games_305319_102.html"]}]},{"@type":"ImageObject","inLanguage":"en-US","@id":"https:\/\/www.fcbarcelonanoticias.com\/en\/fc-barcelona\/official-fermin-eric-garcia-and-pau-cubarsi-will-play-with-spain-in-the-olympic-games_305319_102.html#primaryimage","url":"https:\/\/www.fcbarcelonanoticias.com\/en\/wp-content\/uploads\/sites\/2\/2024\/07\/pau-cubarsi-fermin.jpeg","contentUrl":"https:\/\/www.fcbarcelonanoticias.com\/en\/wp-content\/uploads\/sites\/2\/2024\/07\/pau-cubarsi-fermin.jpeg","width":1300,"height":736},{"@type":"BreadcrumbList","@id":"https:\/\/www.fcbarcelonanoticias.com\/en\/fc-barcelona\/official-fermin-eric-garcia-and-pau-cubarsi-will-play-with-spain-in-the-olympic-games_305319_102.html#breadcrumb","itemListElement":[{"@type":"ListItem","position":1,"name":"Portada","item":"https:\/\/www.fcbarcelonanoticias.com\/en\/"},{"@type":"ListItem","position":2,"name":"OFFICIAL: Ferm\u00edn, Eric Garc\u00eda and Pau Cubars\u00ed will play for Spain in the Olympic Games"}]},{"@type":"WebSite","@id":"https:\/\/www.fcbarcelonanoticias.com\/en\/#website","url":"https:\/\/www.fcbarcelonanoticias.com\/en\/","name":"EN - FC Barcelona Noticias","description":"","potentialAction":[{"@type":"SearchAction","target":{"@type":"EntryPoint","urlTemplate":"https:\/\/www.fcbarcelonanoticias.com\/en\/?s={search_term_string}"},"query-input":{"@type":"PropertyValueSpecification","valueRequired":true,"valueName":"search_term_string"}}],"inLanguage":"en-US"},{"@type":"Person","@id":"https:\/\/www.fcbarcelonanoticias.com\/en\/#\/schema\/person\/88d756918a0a1ae9fa593b5edddd1815","name":"Juan Pablo Berdugo","image":{"@type":"ImageObject","inLanguage":"en-US","@id":"https:\/\/secure.gravatar.com\/avatar\/?s=96&d=mm&r=g","url":"https:\/\/secure.gravatar.com\/avatar\/?s=96&d=mm&r=g","contentUrl":"https:\/\/secure.gravatar.com\/avatar\/?s=96&d=mm&r=g","caption":"Juan Pablo Berdugo"},"description":"Juan Pablo Berdugo es graduado en Periodismo. Colabora con FCBN como especialista en informaci\u00f3n del primer equipo del FC Barcelona, f\u00fatbol internacional y mercado de fichajes. Destaca por su enfoque anal\u00edtico, su rigor informativo y su capacidad para detectar tendencias emergentes en el f\u00fatbol global.","url":"https:\/\/www.fcbarcelonanoticias.com\/en\/fc-barcelona\/juan-pablo-berdugo_18_115.html"}]}},"_links":{"self":[{"href":"https:\/\/www.fcbarcelonanoticias.com\/en\/wp-json\/wp\/v2\/posts\/107285","targetHints":{"allow":["GET"]}}],"collection":[{"href":"https:\/\/www.fcbarcelonanoticias.com\/en\/wp-json\/wp\/v2\/posts"}],"about":[{"href":"https:\/\/www.fcbarcelonanoticias.com\/en\/wp-json\/wp\/v2\/types\/post"}],"author":[{"embeddable":true,"href":"https:\/\/www.fcbarcelonanoticias.com\/en\/wp-json\/wp\/v2\/users\/358"}],"replies":[{"embeddable":true,"href":"https:\/\/www.fcbarcelonanoticias.com\/en\/wp-json\/wp\/v2\/comments?post=107285"}],"version-history":[{"count":1,"href":"https:\/\/www.fcbarcelonanoticias.com\/en\/wp-json\/wp\/v2\/posts\/107285\/revisions"}],"predecessor-version":[{"id":148117,"href":"https:\/\/www.fcbarcelonanoticias.com\/en\/wp-json\/wp\/v2\/posts\/107285\/revisions\/148117"}],"wp:featuredmedia":[{"embeddable":true,"href":"https:\/\/www.fcbarcelonanoticias.com\/en\/wp-json\/wp\/v2\/media\/107286"}],"wp:attachment":[{"href":"https:\/\/www.fcbarcelonanoticias.com\/en\/wp-json\/wp\/v2\/media?parent=107285"}],"wp:term":[{"taxonomy":"category","embeddable":true,"href":"https:\/\/www.fcbarcelonanoticias.com\/en\/wp-json\/wp\/v2\/categories?post=107285"},{"taxonomy":"post_tag","embeddable":true,"href":"https:\/\/www.fcbarcelonanoticias.com\/en\/wp-json\/wp\/v2\/tags?post=107285"}],"curies":[{"name":"wp","href":"https:\/\/api.w.org\/{rel}","templated":true}]}}