{"id":107297,"date":"2024-09-17T17:15:00","date_gmt":"2024-09-17T15:15:00","guid":{"rendered":"https:\/\/weisetech.dev\/fc-barcelona-noticias\/en\/official-fermin-lopez-is-injured-again-and-will-be-out-for-another-month_307330_102\/"},"modified":"2024-09-17T17:15:00","modified_gmt":"2024-09-17T15:15:00","slug":"official-fermin-lopez-is-injured-again-and-will-be-out-for-another-month_307330_102","status":"publish","type":"post","link":"https:\/\/www.fcbarcelonanoticias.com\/en\/fc-barcelona\/official-fermin-lopez-is-injured-again-and-will-be-out-for-another-month_307330_102.html","title":{"rendered":"OFFICIAL: Ferm\u00edn L\u00f3pez is injured again and will be out for another month"},"content":{"rendered":"<h2 class=\"wp-block-heading\">Ferm\u00edn L\u00f3pez has suffered a new setback in his recovery. The player, who had already returned to training with the first team, suffered a new muscle injury in the rectus muscle of his right leg, which will keep him out for three weeks<\/h2>  \r\n<div class=\"article-addons\">\r\n    <a href=\"https:\/\/www.fcbarcelonanoticias.com\/en\/calendar-fc-barcelona.html\"\r\n       target=\"_self\"\r\n       title=\"Calendar of FC Barcelona\"\r\n       class=\"blue-gredient-btn\">\r\n       \r\n        Calendar of FC Barcelona    <\/a>\r\n<\/div>   <p>A tough blow for<strong> FC Barcelona<\/strong> and <strong>Hansi Flick<\/strong>. The Catalan club had started Tuesday 17 September with the good news of <strong>Ferm\u00edn L\u00f3pez<\/strong>&#8216;s return to first team training, with the Andalusian doing part of the session with the group after overcoming a muscle injury in the rectus femoris of his left thigh. However, the footballer, who would be out for approximately three weeks, has been injured again, although this time due to a physical problem in his right leg.<\/p>  <blockquote class=\"twitter-tweet\"> <p dir=\"ltr\" lang=\"es\">\u2757 Comunicado m\u00e9dico<br><br> \u25b6 Ferm\u00edn L\u00f3pez se ha hecho una lesi\u00f3n muscular en el recto anterior del muslo derecho en el entrenamiento de esta ma\u00f1ana. El tiempo de baja aproximado ser\u00e1 de alrededor de tres semanas <a href=\"https:\/\/t.co\/en\/tODZwfGqzN\">pic.twitter.com\/tODZwfGqzN<\/a><\/p> \u2014 FC Barcelona (@FCBarcelona_es) <a href=\"https:\/\/twitter.com\/en\/FCBarcelona_es\/status\/1836051500826599497?ref_src=twsrc%5Etfw\">September 17, 2024<\/a> <\/blockquote> <p>This is reported by &#8216;SPORT&#8217;, where they assure that the player from Campillo would be sidelined for another three weeks. A difficult blow to take for a footballer who was already facing the final stretch of his recovery after the mishap suffered on 3 September in the concentration of the Spanish under-21 team.<\/p>  <p>In this way, <strong>Ferm\u00edn<\/strong>, whose return could have taken place this weekend at <strong>La Cer\u00e1mica<\/strong> in the match against <strong>Villarreal <\/strong>on matchday 6 of <strong>LaLiga<\/strong>, will have to go back to the Blaugrana infirmary to begin a new recovery process that will prevent him from being available to Flick in the next matches. A &#8216;setback&#8217; for the German, who after Dani Olmo&#8217;s injury has been left short of players in the midfield.<\/p>  <h2>Which matches will Ferm\u00edn L\u00f3pez miss?<\/h2>  <p>If the Huelva native finally meets the new three-week period in dry dock, his return to the Blaugrana discipline could take place once the second international break has ended, which will take place from 7 to 15 October.<\/p>  <p>Thus, L\u00f3pez would miss six matches, in addition to the one he already missed against <strong>Girona<\/strong>. The midfielder is expected to miss the games against <strong>Monaco <\/strong>(19 September at 9:00pm), <strong>Villarreal <\/strong>(22 September at 6:30pm), <strong>Getafe <\/strong>(25 September at 9:00pm), <strong>Osasuna <\/strong>(28 September at 9:00pm), <strong>Young Boys<\/strong> (1 October at 9:00pm) and <strong>Alav\u00e9s <\/strong>(6 October at 4:15pm), but could be given the all-clear before the game against <strong>Sevilla <\/strong>on Sunday 20 October (9:00pm), the first after the international window.<\/p> ","protected":false},"excerpt":{"rendered":"<p>Ferm\u00edn L\u00f3pez has suffered a new setback in his recovery. The player, who had already returned to training with the first team, suffered a new muscle injury in the rectus muscle of his right leg, which will keep him out for three weeks A tough blow for FC Barcelona and Hansi Flick. The Catalan club [&hellip;]<\/p>\n","protected":false},"author":358,"featured_media":107298,"comment_status":"closed","ping_status":"open","sticky":false,"template":"","format":"standard","meta":{"_acf_changed":false,"inline_featured_image":false,"_nextfly_llmd_date_locked":false,"footnotes":""},"categories":[111],"tags":[136],"class_list":["post-107297","post","type-post","status-publish","format-standard","has-post-thumbnail","hentry","category-fc-barcelona","tag-injured"],"acf":[],"yoast_head":"<!-- This site is optimized with the Yoast SEO plugin v27.3 - https:\/\/yoast.com\/product\/yoast-seo-wordpress\/ -->\n<title>OFFICIAL: Ferm\u00edn L\u00f3pez is injured again and will be out for another month<\/title>\n<meta name=\"description\" content=\"Ferm\u00edn L\u00f3pez has suffered a new setback in his recovery. The player, who had already returned to training with the first team, suffered a new muscle injury in the rectus muscle of his right leg, which will keep him out for three weeks\" \/>\n<meta name=\"robots\" content=\"index, follow, max-snippet:-1, max-image-preview:large, max-video-preview:-1\" \/>\n<link rel=\"canonical\" href=\"https:\/\/www.fcbarcelonanoticias.com\/en\/fc-barcelona\/official-fermin-lopez-is-injured-again-and-will-be-out-for-another-month_307330_102.html\" \/>\n<meta property=\"og:locale\" content=\"en_US\" \/>\n<meta property=\"og:type\" content=\"article\" \/>\n<meta property=\"og:title\" content=\"OFFICIAL: Ferm\u00edn L\u00f3pez is injured again and will be out for another month\" \/>\n<meta property=\"og:description\" content=\"Ferm\u00edn L\u00f3pez has suffered a new setback in his recovery. The player, who had already returned to training with the first team, suffered a new muscle injury in the rectus muscle of his right leg, which will keep him out for three weeks\" \/>\n<meta property=\"og:url\" content=\"https:\/\/www.fcbarcelonanoticias.com\/en\/fc-barcelona\/official-fermin-lopez-is-injured-again-and-will-be-out-for-another-month_307330_102.html\" \/>\n<meta property=\"og:site_name\" content=\"EN - FC Barcelona Noticias\" \/>\n<meta property=\"article:published_time\" content=\"2024-09-17T15:15:00+00:00\" \/>\n<meta property=\"og:image\" content=\"https:\/\/www.fcbarcelonanoticias.com\/en\/wp-content\/uploads\/sites\/2\/2024\/09\/fermin-lopez-barcelona.jpeg\" \/>\n\t<meta property=\"og:image:width\" content=\"1250\" \/>\n\t<meta property=\"og:image:height\" content=\"730\" \/>\n\t<meta property=\"og:image:type\" content=\"image\/jpeg\" \/>\n<meta name=\"author\" content=\"Juan Pablo Berdugo\" \/>\n<meta name=\"twitter:card\" content=\"summary_large_image\" \/>\n<meta name=\"twitter:label1\" content=\"Written by\" \/>\n\t<meta name=\"twitter:data1\" content=\"Juan Pablo Berdugo\" \/>\n\t<meta name=\"twitter:label2\" content=\"Est. reading time\" \/>\n\t<meta name=\"twitter:data2\" content=\"2 minutes\" \/>\n<script type=\"application\/ld+json\" class=\"yoast-schema-graph\">{\"@context\":\"https:\\\/\\\/schema.org\",\"@graph\":[{\"@type\":\"Article\",\"@id\":\"https:\\\/\\\/www.fcbarcelonanoticias.com\\\/en\\\/fc-barcelona\\\/official-fermin-lopez-is-injured-again-and-will-be-out-for-another-month_307330_102.html#article\",\"isPartOf\":{\"@id\":\"https:\\\/\\\/www.fcbarcelonanoticias.com\\\/en\\\/fc-barcelona\\\/official-fermin-lopez-is-injured-again-and-will-be-out-for-another-month_307330_102.html\"},\"author\":{\"name\":\"Juan Pablo Berdugo\",\"@id\":\"https:\\\/\\\/www.fcbarcelonanoticias.com\\\/en\\\/#\\\/schema\\\/person\\\/88d756918a0a1ae9fa593b5edddd1815\"},\"headline\":\"OFFICIAL: Ferm\u00edn L\u00f3pez is injured again and will be out for another month\",\"datePublished\":\"2024-09-17T15:15:00+00:00\",\"mainEntityOfPage\":{\"@id\":\"https:\\\/\\\/www.fcbarcelonanoticias.com\\\/en\\\/fc-barcelona\\\/official-fermin-lopez-is-injured-again-and-will-be-out-for-another-month_307330_102.html\"},\"wordCount\":434,\"image\":{\"@id\":\"https:\\\/\\\/www.fcbarcelonanoticias.com\\\/en\\\/fc-barcelona\\\/official-fermin-lopez-is-injured-again-and-will-be-out-for-another-month_307330_102.html#primaryimage\"},\"thumbnailUrl\":\"https:\\\/\\\/www.fcbarcelonanoticias.com\\\/en\\\/wp-content\\\/uploads\\\/sites\\\/2\\\/2024\\\/09\\\/fermin-lopez-barcelona.jpeg\",\"keywords\":[\"injured\"],\"articleSection\":[\"FC Barcelona\"],\"inLanguage\":\"en-US\"},{\"@type\":\"WebPage\",\"@id\":\"https:\\\/\\\/www.fcbarcelonanoticias.com\\\/en\\\/fc-barcelona\\\/official-fermin-lopez-is-injured-again-and-will-be-out-for-another-month_307330_102.html\",\"url\":\"https:\\\/\\\/www.fcbarcelonanoticias.com\\\/en\\\/fc-barcelona\\\/official-fermin-lopez-is-injured-again-and-will-be-out-for-another-month_307330_102.html\",\"name\":\"OFFICIAL: Ferm\u00edn L\u00f3pez is injured again and will be out for another month\",\"isPartOf\":{\"@id\":\"https:\\\/\\\/www.fcbarcelonanoticias.com\\\/en\\\/#website\"},\"primaryImageOfPage\":{\"@id\":\"https:\\\/\\\/www.fcbarcelonanoticias.com\\\/en\\\/fc-barcelona\\\/official-fermin-lopez-is-injured-again-and-will-be-out-for-another-month_307330_102.html#primaryimage\"},\"image\":{\"@id\":\"https:\\\/\\\/www.fcbarcelonanoticias.com\\\/en\\\/fc-barcelona\\\/official-fermin-lopez-is-injured-again-and-will-be-out-for-another-month_307330_102.html#primaryimage\"},\"thumbnailUrl\":\"https:\\\/\\\/www.fcbarcelonanoticias.com\\\/en\\\/wp-content\\\/uploads\\\/sites\\\/2\\\/2024\\\/09\\\/fermin-lopez-barcelona.jpeg\",\"datePublished\":\"2024-09-17T15:15:00+00:00\",\"author\":{\"@id\":\"https:\\\/\\\/www.fcbarcelonanoticias.com\\\/en\\\/#\\\/schema\\\/person\\\/88d756918a0a1ae9fa593b5edddd1815\"},\"description\":\"Ferm\u00edn L\u00f3pez has suffered a new setback in his recovery. The player, who had already returned to training with the first team, suffered a new muscle injury in the rectus muscle of his right leg, which will keep him out for three weeks\",\"breadcrumb\":{\"@id\":\"https:\\\/\\\/www.fcbarcelonanoticias.com\\\/en\\\/fc-barcelona\\\/official-fermin-lopez-is-injured-again-and-will-be-out-for-another-month_307330_102.html#breadcrumb\"},\"inLanguage\":\"en-US\",\"potentialAction\":[{\"@type\":\"ReadAction\",\"target\":[\"https:\\\/\\\/www.fcbarcelonanoticias.com\\\/en\\\/fc-barcelona\\\/official-fermin-lopez-is-injured-again-and-will-be-out-for-another-month_307330_102.html\"]}]},{\"@type\":\"ImageObject\",\"inLanguage\":\"en-US\",\"@id\":\"https:\\\/\\\/www.fcbarcelonanoticias.com\\\/en\\\/fc-barcelona\\\/official-fermin-lopez-is-injured-again-and-will-be-out-for-another-month_307330_102.html#primaryimage\",\"url\":\"https:\\\/\\\/www.fcbarcelonanoticias.com\\\/en\\\/wp-content\\\/uploads\\\/sites\\\/2\\\/2024\\\/09\\\/fermin-lopez-barcelona.jpeg\",\"contentUrl\":\"https:\\\/\\\/www.fcbarcelonanoticias.com\\\/en\\\/wp-content\\\/uploads\\\/sites\\\/2\\\/2024\\\/09\\\/fermin-lopez-barcelona.jpeg\",\"width\":1250,\"height\":730},{\"@type\":\"BreadcrumbList\",\"@id\":\"https:\\\/\\\/www.fcbarcelonanoticias.com\\\/en\\\/fc-barcelona\\\/official-fermin-lopez-is-injured-again-and-will-be-out-for-another-month_307330_102.html#breadcrumb\",\"itemListElement\":[{\"@type\":\"ListItem\",\"position\":1,\"name\":\"Portada\",\"item\":\"https:\\\/\\\/www.fcbarcelonanoticias.com\\\/en\\\/\"},{\"@type\":\"ListItem\",\"position\":2,\"name\":\"OFFICIAL: Ferm\u00edn L\u00f3pez is injured again and will be out for another month\"}]},{\"@type\":\"WebSite\",\"@id\":\"https:\\\/\\\/www.fcbarcelonanoticias.com\\\/en\\\/#website\",\"url\":\"https:\\\/\\\/www.fcbarcelonanoticias.com\\\/en\\\/\",\"name\":\"EN - FC Barcelona Noticias\",\"description\":\"\",\"potentialAction\":[{\"@type\":\"SearchAction\",\"target\":{\"@type\":\"EntryPoint\",\"urlTemplate\":\"https:\\\/\\\/www.fcbarcelonanoticias.com\\\/en\\\/?s={search_term_string}\"},\"query-input\":{\"@type\":\"PropertyValueSpecification\",\"valueRequired\":true,\"valueName\":\"search_term_string\"}}],\"inLanguage\":\"en-US\"},{\"@type\":\"Person\",\"@id\":\"https:\\\/\\\/www.fcbarcelonanoticias.com\\\/en\\\/#\\\/schema\\\/person\\\/88d756918a0a1ae9fa593b5edddd1815\",\"name\":\"Juan Pablo Berdugo\",\"image\":{\"@type\":\"ImageObject\",\"inLanguage\":\"en-US\",\"@id\":\"https:\\\/\\\/secure.gravatar.com\\\/avatar\\\/?s=96&d=mm&r=g\",\"url\":\"https:\\\/\\\/secure.gravatar.com\\\/avatar\\\/?s=96&d=mm&r=g\",\"contentUrl\":\"https:\\\/\\\/secure.gravatar.com\\\/avatar\\\/?s=96&d=mm&r=g\",\"caption\":\"Juan Pablo Berdugo\"},\"description\":\"Juan Pablo Berdugo es graduado en Periodismo. Colabora con FCBN como especialista en informaci\u00f3n del primer equipo del FC Barcelona, f\u00fatbol internacional y mercado de fichajes. Destaca por su enfoque anal\u00edtico, su rigor informativo y su capacidad para detectar tendencias emergentes en el f\u00fatbol global.\",\"url\":\"https:\\\/\\\/www.fcbarcelonanoticias.com\\\/en\\\/fc-barcelona\\\/juan-pablo-berdugo_18_115.html\"}]}<\/script>\n<!-- \/ Yoast SEO plugin. -->","yoast_head_json":{"title":"OFFICIAL: Ferm\u00edn L\u00f3pez is injured again and will be out for another month","description":"Ferm\u00edn L\u00f3pez has suffered a new setback in his recovery. The player, who had already returned to training with the first team, suffered a new muscle injury in the rectus muscle of his right leg, which will keep him out for three weeks","robots":{"index":"index","follow":"follow","max-snippet":"max-snippet:-1","max-image-preview":"max-image-preview:large","max-video-preview":"max-video-preview:-1"},"canonical":"https:\/\/www.fcbarcelonanoticias.com\/en\/fc-barcelona\/official-fermin-lopez-is-injured-again-and-will-be-out-for-another-month_307330_102.html","og_locale":"en_US","og_type":"article","og_title":"OFFICIAL: Ferm\u00edn L\u00f3pez is injured again and will be out for another month","og_description":"Ferm\u00edn L\u00f3pez has suffered a new setback in his recovery. The player, who had already returned to training with the first team, suffered a new muscle injury in the rectus muscle of his right leg, which will keep him out for three weeks","og_url":"https:\/\/www.fcbarcelonanoticias.com\/en\/fc-barcelona\/official-fermin-lopez-is-injured-again-and-will-be-out-for-another-month_307330_102.html","og_site_name":"EN - FC Barcelona Noticias","article_published_time":"2024-09-17T15:15:00+00:00","og_image":[{"width":1250,"height":730,"url":"https:\/\/www.fcbarcelonanoticias.com\/en\/wp-content\/uploads\/sites\/2\/2024\/09\/fermin-lopez-barcelona.jpeg","type":"image\/jpeg"}],"author":"Juan Pablo Berdugo","twitter_card":"summary_large_image","twitter_misc":{"Written by":"Juan Pablo Berdugo","Est. reading time":"2 minutes"},"schema":{"@context":"https:\/\/schema.org","@graph":[{"@type":"Article","@id":"https:\/\/www.fcbarcelonanoticias.com\/en\/fc-barcelona\/official-fermin-lopez-is-injured-again-and-will-be-out-for-another-month_307330_102.html#article","isPartOf":{"@id":"https:\/\/www.fcbarcelonanoticias.com\/en\/fc-barcelona\/official-fermin-lopez-is-injured-again-and-will-be-out-for-another-month_307330_102.html"},"author":{"name":"Juan Pablo Berdugo","@id":"https:\/\/www.fcbarcelonanoticias.com\/en\/#\/schema\/person\/88d756918a0a1ae9fa593b5edddd1815"},"headline":"OFFICIAL: Ferm\u00edn L\u00f3pez is injured again and will be out for another month","datePublished":"2024-09-17T15:15:00+00:00","mainEntityOfPage":{"@id":"https:\/\/www.fcbarcelonanoticias.com\/en\/fc-barcelona\/official-fermin-lopez-is-injured-again-and-will-be-out-for-another-month_307330_102.html"},"wordCount":434,"image":{"@id":"https:\/\/www.fcbarcelonanoticias.com\/en\/fc-barcelona\/official-fermin-lopez-is-injured-again-and-will-be-out-for-another-month_307330_102.html#primaryimage"},"thumbnailUrl":"https:\/\/www.fcbarcelonanoticias.com\/en\/wp-content\/uploads\/sites\/2\/2024\/09\/fermin-lopez-barcelona.jpeg","keywords":["injured"],"articleSection":["FC Barcelona"],"inLanguage":"en-US"},{"@type":"WebPage","@id":"https:\/\/www.fcbarcelonanoticias.com\/en\/fc-barcelona\/official-fermin-lopez-is-injured-again-and-will-be-out-for-another-month_307330_102.html","url":"https:\/\/www.fcbarcelonanoticias.com\/en\/fc-barcelona\/official-fermin-lopez-is-injured-again-and-will-be-out-for-another-month_307330_102.html","name":"OFFICIAL: Ferm\u00edn L\u00f3pez is injured again and will be out for another month","isPartOf":{"@id":"https:\/\/www.fcbarcelonanoticias.com\/en\/#website"},"primaryImageOfPage":{"@id":"https:\/\/www.fcbarcelonanoticias.com\/en\/fc-barcelona\/official-fermin-lopez-is-injured-again-and-will-be-out-for-another-month_307330_102.html#primaryimage"},"image":{"@id":"https:\/\/www.fcbarcelonanoticias.com\/en\/fc-barcelona\/official-fermin-lopez-is-injured-again-and-will-be-out-for-another-month_307330_102.html#primaryimage"},"thumbnailUrl":"https:\/\/www.fcbarcelonanoticias.com\/en\/wp-content\/uploads\/sites\/2\/2024\/09\/fermin-lopez-barcelona.jpeg","datePublished":"2024-09-17T15:15:00+00:00","author":{"@id":"https:\/\/www.fcbarcelonanoticias.com\/en\/#\/schema\/person\/88d756918a0a1ae9fa593b5edddd1815"},"description":"Ferm\u00edn L\u00f3pez has suffered a new setback in his recovery. The player, who had already returned to training with the first team, suffered a new muscle injury in the rectus muscle of his right leg, which will keep him out for three weeks","breadcrumb":{"@id":"https:\/\/www.fcbarcelonanoticias.com\/en\/fc-barcelona\/official-fermin-lopez-is-injured-again-and-will-be-out-for-another-month_307330_102.html#breadcrumb"},"inLanguage":"en-US","potentialAction":[{"@type":"ReadAction","target":["https:\/\/www.fcbarcelonanoticias.com\/en\/fc-barcelona\/official-fermin-lopez-is-injured-again-and-will-be-out-for-another-month_307330_102.html"]}]},{"@type":"ImageObject","inLanguage":"en-US","@id":"https:\/\/www.fcbarcelonanoticias.com\/en\/fc-barcelona\/official-fermin-lopez-is-injured-again-and-will-be-out-for-another-month_307330_102.html#primaryimage","url":"https:\/\/www.fcbarcelonanoticias.com\/en\/wp-content\/uploads\/sites\/2\/2024\/09\/fermin-lopez-barcelona.jpeg","contentUrl":"https:\/\/www.fcbarcelonanoticias.com\/en\/wp-content\/uploads\/sites\/2\/2024\/09\/fermin-lopez-barcelona.jpeg","width":1250,"height":730},{"@type":"BreadcrumbList","@id":"https:\/\/www.fcbarcelonanoticias.com\/en\/fc-barcelona\/official-fermin-lopez-is-injured-again-and-will-be-out-for-another-month_307330_102.html#breadcrumb","itemListElement":[{"@type":"ListItem","position":1,"name":"Portada","item":"https:\/\/www.fcbarcelonanoticias.com\/en\/"},{"@type":"ListItem","position":2,"name":"OFFICIAL: Ferm\u00edn L\u00f3pez is injured again and will be out for another month"}]},{"@type":"WebSite","@id":"https:\/\/www.fcbarcelonanoticias.com\/en\/#website","url":"https:\/\/www.fcbarcelonanoticias.com\/en\/","name":"EN - FC Barcelona Noticias","description":"","potentialAction":[{"@type":"SearchAction","target":{"@type":"EntryPoint","urlTemplate":"https:\/\/www.fcbarcelonanoticias.com\/en\/?s={search_term_string}"},"query-input":{"@type":"PropertyValueSpecification","valueRequired":true,"valueName":"search_term_string"}}],"inLanguage":"en-US"},{"@type":"Person","@id":"https:\/\/www.fcbarcelonanoticias.com\/en\/#\/schema\/person\/88d756918a0a1ae9fa593b5edddd1815","name":"Juan Pablo Berdugo","image":{"@type":"ImageObject","inLanguage":"en-US","@id":"https:\/\/secure.gravatar.com\/avatar\/?s=96&d=mm&r=g","url":"https:\/\/secure.gravatar.com\/avatar\/?s=96&d=mm&r=g","contentUrl":"https:\/\/secure.gravatar.com\/avatar\/?s=96&d=mm&r=g","caption":"Juan Pablo Berdugo"},"description":"Juan Pablo Berdugo es graduado en Periodismo. Colabora con FCBN como especialista en informaci\u00f3n del primer equipo del FC Barcelona, f\u00fatbol internacional y mercado de fichajes. Destaca por su enfoque anal\u00edtico, su rigor informativo y su capacidad para detectar tendencias emergentes en el f\u00fatbol global.","url":"https:\/\/www.fcbarcelonanoticias.com\/en\/fc-barcelona\/juan-pablo-berdugo_18_115.html"}]}},"_links":{"self":[{"href":"https:\/\/www.fcbarcelonanoticias.com\/en\/wp-json\/wp\/v2\/posts\/107297","targetHints":{"allow":["GET"]}}],"collection":[{"href":"https:\/\/www.fcbarcelonanoticias.com\/en\/wp-json\/wp\/v2\/posts"}],"about":[{"href":"https:\/\/www.fcbarcelonanoticias.com\/en\/wp-json\/wp\/v2\/types\/post"}],"author":[{"embeddable":true,"href":"https:\/\/www.fcbarcelonanoticias.com\/en\/wp-json\/wp\/v2\/users\/358"}],"replies":[{"embeddable":true,"href":"https:\/\/www.fcbarcelonanoticias.com\/en\/wp-json\/wp\/v2\/comments?post=107297"}],"version-history":[{"count":1,"href":"https:\/\/www.fcbarcelonanoticias.com\/en\/wp-json\/wp\/v2\/posts\/107297\/revisions"}],"predecessor-version":[{"id":148145,"href":"https:\/\/www.fcbarcelonanoticias.com\/en\/wp-json\/wp\/v2\/posts\/107297\/revisions\/148145"}],"wp:featuredmedia":[{"embeddable":true,"href":"https:\/\/www.fcbarcelonanoticias.com\/en\/wp-json\/wp\/v2\/media\/107298"}],"wp:attachment":[{"href":"https:\/\/www.fcbarcelonanoticias.com\/en\/wp-json\/wp\/v2\/media?parent=107297"}],"wp:term":[{"taxonomy":"category","embeddable":true,"href":"https:\/\/www.fcbarcelonanoticias.com\/en\/wp-json\/wp\/v2\/categories?post=107297"},{"taxonomy":"post_tag","embeddable":true,"href":"https:\/\/www.fcbarcelonanoticias.com\/en\/wp-json\/wp\/v2\/tags?post=107297"}],"curies":[{"name":"wp","href":"https:\/\/api.w.org\/{rel}","templated":true}]}}