{"id":107327,"date":"2024-08-27T11:38:00","date_gmt":"2024-08-27T09:38:00","guid":{"rendered":"https:\/\/weisetech.dev\/fc-barcelona-noticias\/en\/official-fc-barcelona-achieves-concrete-desired-registration-dani-olmo_306792_102\/"},"modified":"2024-08-27T11:39:00","modified_gmt":"2024-08-27T09:39:00","slug":"official-fc-barcelona-achieves-concrete-desired-registration-dani-olmo_306792_102","status":"publish","type":"post","link":"https:\/\/www.fcbarcelonanoticias.com\/en\/fc-barcelona\/official-fc-barcelona-achieves-concrete-desired-registration-dani-olmo_306792_102.html","title":{"rendered":"OFFICIAL! FC Barcelona manages to complete the long-awaited registration of Dani Olmo"},"content":{"rendered":"<h2 class=\"wp-block-heading\">It&#8217;s official now! After many rumors and speculation, FC Barcelona has managed to register its star signing, Dani Olmo. After several days of waiting, he will finally be able to fulfill his desire to debut with the Bar\u00e7a team&#8217;s shirt<\/h2>  \r\n<div class=\"article-addons\">\r\n    <a href=\"https:\/\/www.fcbarcelonanoticias.com\/en\/calendar-fc-barcelona.html\"\r\n       target=\"_self\"\r\n       title=\"Calendar of FC Barcelona\"\r\n       class=\"blue-gredient-btn\">\r\n       \r\n        Calendar of FC Barcelona    <\/a>\r\n<\/div>   <p><strong>The &#8216;soap opera&#8217; is over!<\/strong> Finally, FC Barcelona has been able to register Dani Olmo as their player in LaLiga. The player from Terrassa, who will wear the number 20 shirt, after missing two matches in the local competition against Valencia CF (1-2) and Athletic Club (2-1), <strong>will now be available for German coach Hansi Flick<\/strong>, to include him in the starting eleven from the upcoming match of matchday three of LaLiga EA Sports on this Tuesday, August 27, against Rayo Vallecano.<\/p>  <p><strong>Barcelona has made a series of strategic moves in the last few days to bring this registration to a successful conclusion<\/strong>. The first of these, perhaps the most significant for the Cul\u00e9s, <a href=\"https:\/\/www.fcbarcelonanoticias.com\/en\/transfers\/official-ilkay-gundogan-leaves-fc-barcelona-to-return-to-manchester-city_306633_102.html\" rel=\"noopener\" target=\"_blank\">was the unexpected departure of \u0130lkay G\u00fcndo\u011fan as a free agent<\/a>. Although this action did not generate transfer revenue, it was a positive move in terms of salary savings, considering that the German was earning around \u20ac18.7 million gross per season (\u20ac9 million net).<\/p>  <p>In this journey, another piece that Barcelona moved was the transfer of Mika Faye to Stade Rennais in Ligue 1 for around \u20ac10.3 million, marking their best sale so far this summer. In this transfer, the Barcelona team retained a buy-back clause for \u20ac25 million and 30% of any future sale of the Senegalese player. It is worth noting that although this move has been important for Barcelona to operate under the 1\/1 rule, <strong>it did not directly contribute to Olmo&#8217;s registration, as S\u00e9dhiou&#8217;s native was not registered in LaLiga<\/strong>, so his sale did not count towards this purpose, nor did the loan of Vitor Roque to Real Betis.<\/p>  <p>On the other hand, the loan of Cl\u00e9ment Lenglet to Atl\u00e9tico Madrid has been a real relief for the Catalan team. Although they do not save the entirety of the French defender&#8217;s huge salary, <a href=\"https:\/\/www.fcbarcelonanoticias.com\/en\/fc-barcelona\/the-huge-financial-benefit-that-fc-barcelona-has-achieved-with-lenglet-departure_306737_102.html\" rel=\"noopener\" target=\"_blank\">they do save a significant portion, freeing up another part of the team&#8217;s salary scale<\/a>. With his contract extension (from 2026 to 2027) to redistribute amounts and make his loan more attractive, <strong>Beauvais now earns around \u20ac10.6 million gross per season (\u20ac5.3 million net), a sum from which Barcelona will be saving a high percentage<\/strong> and which has contributed to finally completing Olmo&#8217;s registration.<\/p>  <h2>The Injury of Andreas Christensen, Key in Dani Olmo&#8217;s Registration<\/h2>  <p>Now, the move that has been the final blow to secure the much-desired registration of the Egarense as a player for FC Barcelona has been primarily linked to an unfortunate event: Andreas Christensen&#8217;s injury. <strong>The Dane is suffering from tendinopathy in the Achilles tendon, of which <a data-external=\"0\" data-intl-links-en=\"https:\/\/www.fcbarcelonanoticias.com\/en\/fc-barcelona\/ok-laliga-fc-barcelona-will-be-able-to-register-dani-olmo_306802_102.html\" data-intl-links-es=\"https:\/\/www.fcbarcelonanoticias.com\/fc-barcelona\/ok-laliga-fc-barcelona-podra-inscribir-dani-olmo_306802_102.html\" href=\"https:\/\/www.fcbarcelonanoticias.com\/en\/fc-barcelona\/ok-laliga-fc-barcelona-podra-inscribir-dani-olmo_306802_102.html\" rel=\"follow\" target=\"_self\" title=\"OK from LaLiga! FC Barcelona will be able to register Dani Olmo\">the LaLiga medical tribunal has certified could keep him out for at least about four months<\/a><\/strong>. In response to this situation, the Azulgrana team has invoked Article 77 of the Economic Control Regulations of the league, which allows a player to be registered by occupying up to 80% of another player&#8217;s salary space, provided that the latter is going through a long-term injury and the registration is requested within 20 days from the injury date. This measure has proven pivotal for Hansi Flick to now have the player from Terrassa.<\/p> ","protected":false},"excerpt":{"rendered":"<p>It&#8217;s official now! After many rumors and speculation, FC Barcelona has managed to register its star signing, Dani Olmo. After several days of waiting, he will finally be able to fulfill his desire to debut with the Bar\u00e7a team&#8217;s shirt The &#8216;soap opera&#8217; is over! Finally, FC Barcelona has been able to register Dani Olmo [&hellip;]<\/p>\n","protected":false},"author":355,"featured_media":107328,"comment_status":"closed","ping_status":"open","sticky":false,"template":"","format":"standard","meta":{"_acf_changed":false,"inline_featured_image":false,"_nextfly_llmd_date_locked":false,"footnotes":""},"categories":[111],"tags":[],"class_list":["post-107327","post","type-post","status-publish","format-standard","has-post-thumbnail","hentry","category-fc-barcelona"],"acf":[],"yoast_head":"<!-- This site is optimized with the Yoast SEO plugin v27.3 - https:\/\/yoast.com\/product\/yoast-seo-wordpress\/ -->\n<title>OFFICIAL! FC Barcelona manages to complete the long-awaited registration of Dani Olmo<\/title>\n<meta name=\"description\" content=\"It&#039;s official now! After many rumors and speculation, FC Barcelona has managed to register its star signing, Dani Olmo. After several days of waiting, he will finally be able to fulfill his desire to debut with the Bar\u00e7a team&#039;s shirt\" \/>\n<meta name=\"robots\" content=\"index, follow, max-snippet:-1, max-image-preview:large, max-video-preview:-1\" \/>\n<link rel=\"canonical\" href=\"https:\/\/www.fcbarcelonanoticias.com\/en\/fc-barcelona\/official-fc-barcelona-achieves-concrete-desired-registration-dani-olmo_306792_102.html\" \/>\n<meta property=\"og:locale\" content=\"en_US\" \/>\n<meta property=\"og:type\" content=\"article\" \/>\n<meta property=\"og:title\" content=\"OFFICIAL! FC Barcelona manages to complete the long-awaited registration of Dani Olmo\" \/>\n<meta property=\"og:description\" content=\"It&#039;s official now! After many rumors and speculation, FC Barcelona has managed to register its star signing, Dani Olmo. After several days of waiting, he will finally be able to fulfill his desire to debut with the Bar\u00e7a team&#039;s shirt\" \/>\n<meta property=\"og:url\" content=\"https:\/\/www.fcbarcelonanoticias.com\/en\/fc-barcelona\/official-fc-barcelona-achieves-concrete-desired-registration-dani-olmo_306792_102.html\" \/>\n<meta property=\"og:site_name\" content=\"EN - FC Barcelona Noticias\" \/>\n<meta property=\"article:published_time\" content=\"2024-08-27T09:38:00+00:00\" \/>\n<meta property=\"article:modified_time\" content=\"2024-08-27T09:39:00+00:00\" \/>\n<meta property=\"og:image\" content=\"https:\/\/www.fcbarcelonanoticias.com\/en\/wp-content\/uploads\/sites\/2\/2024\/08\/dani-olmo-oficial-nuevo-jugador-del-fc-barcelona-1.jpeg\" \/>\n\t<meta property=\"og:image:width\" content=\"1600\" \/>\n\t<meta property=\"og:image:height\" content=\"1000\" \/>\n\t<meta property=\"og:image:type\" content=\"image\/jpeg\" \/>\n<meta name=\"author\" content=\"Kevin G\u00f3mez\" \/>\n<meta name=\"twitter:card\" content=\"summary_large_image\" \/>\n<meta name=\"twitter:label1\" content=\"Written by\" \/>\n\t<meta name=\"twitter:data1\" content=\"Kevin G\u00f3mez\" \/>\n\t<meta name=\"twitter:label2\" content=\"Est. reading time\" \/>\n\t<meta name=\"twitter:data2\" content=\"3 minutes\" \/>\n<script type=\"application\/ld+json\" class=\"yoast-schema-graph\">{\"@context\":\"https:\\\/\\\/schema.org\",\"@graph\":[{\"@type\":\"Article\",\"@id\":\"https:\\\/\\\/www.fcbarcelonanoticias.com\\\/en\\\/fc-barcelona\\\/official-fc-barcelona-achieves-concrete-desired-registration-dani-olmo_306792_102.html#article\",\"isPartOf\":{\"@id\":\"https:\\\/\\\/www.fcbarcelonanoticias.com\\\/en\\\/fc-barcelona\\\/official-fc-barcelona-achieves-concrete-desired-registration-dani-olmo_306792_102.html\"},\"author\":{\"name\":\"Kevin G\u00f3mez\",\"@id\":\"https:\\\/\\\/www.fcbarcelonanoticias.com\\\/en\\\/#\\\/schema\\\/person\\\/991443f134df9a64c6874f96ff984c9d\"},\"headline\":\"OFFICIAL! FC Barcelona manages to complete the long-awaited registration of Dani Olmo\",\"datePublished\":\"2024-08-27T09:38:00+00:00\",\"dateModified\":\"2024-08-27T09:39:00+00:00\",\"mainEntityOfPage\":{\"@id\":\"https:\\\/\\\/www.fcbarcelonanoticias.com\\\/en\\\/fc-barcelona\\\/official-fc-barcelona-achieves-concrete-desired-registration-dani-olmo_306792_102.html\"},\"wordCount\":564,\"image\":{\"@id\":\"https:\\\/\\\/www.fcbarcelonanoticias.com\\\/en\\\/fc-barcelona\\\/official-fc-barcelona-achieves-concrete-desired-registration-dani-olmo_306792_102.html#primaryimage\"},\"thumbnailUrl\":\"https:\\\/\\\/www.fcbarcelonanoticias.com\\\/en\\\/wp-content\\\/uploads\\\/sites\\\/2\\\/2024\\\/08\\\/dani-olmo-oficial-nuevo-jugador-del-fc-barcelona-1.jpeg\",\"articleSection\":[\"FC Barcelona\"],\"inLanguage\":\"en-US\"},{\"@type\":\"WebPage\",\"@id\":\"https:\\\/\\\/www.fcbarcelonanoticias.com\\\/en\\\/fc-barcelona\\\/official-fc-barcelona-achieves-concrete-desired-registration-dani-olmo_306792_102.html\",\"url\":\"https:\\\/\\\/www.fcbarcelonanoticias.com\\\/en\\\/fc-barcelona\\\/official-fc-barcelona-achieves-concrete-desired-registration-dani-olmo_306792_102.html\",\"name\":\"OFFICIAL! FC Barcelona manages to complete the long-awaited registration of Dani Olmo\",\"isPartOf\":{\"@id\":\"https:\\\/\\\/www.fcbarcelonanoticias.com\\\/en\\\/#website\"},\"primaryImageOfPage\":{\"@id\":\"https:\\\/\\\/www.fcbarcelonanoticias.com\\\/en\\\/fc-barcelona\\\/official-fc-barcelona-achieves-concrete-desired-registration-dani-olmo_306792_102.html#primaryimage\"},\"image\":{\"@id\":\"https:\\\/\\\/www.fcbarcelonanoticias.com\\\/en\\\/fc-barcelona\\\/official-fc-barcelona-achieves-concrete-desired-registration-dani-olmo_306792_102.html#primaryimage\"},\"thumbnailUrl\":\"https:\\\/\\\/www.fcbarcelonanoticias.com\\\/en\\\/wp-content\\\/uploads\\\/sites\\\/2\\\/2024\\\/08\\\/dani-olmo-oficial-nuevo-jugador-del-fc-barcelona-1.jpeg\",\"datePublished\":\"2024-08-27T09:38:00+00:00\",\"dateModified\":\"2024-08-27T09:39:00+00:00\",\"author\":{\"@id\":\"https:\\\/\\\/www.fcbarcelonanoticias.com\\\/en\\\/#\\\/schema\\\/person\\\/991443f134df9a64c6874f96ff984c9d\"},\"description\":\"It's official now! After many rumors and speculation, FC Barcelona has managed to register its star signing, Dani Olmo. After several days of waiting, he will finally be able to fulfill his desire to debut with the Bar\u00e7a team's shirt\",\"breadcrumb\":{\"@id\":\"https:\\\/\\\/www.fcbarcelonanoticias.com\\\/en\\\/fc-barcelona\\\/official-fc-barcelona-achieves-concrete-desired-registration-dani-olmo_306792_102.html#breadcrumb\"},\"inLanguage\":\"en-US\",\"potentialAction\":[{\"@type\":\"ReadAction\",\"target\":[\"https:\\\/\\\/www.fcbarcelonanoticias.com\\\/en\\\/fc-barcelona\\\/official-fc-barcelona-achieves-concrete-desired-registration-dani-olmo_306792_102.html\"]}]},{\"@type\":\"ImageObject\",\"inLanguage\":\"en-US\",\"@id\":\"https:\\\/\\\/www.fcbarcelonanoticias.com\\\/en\\\/fc-barcelona\\\/official-fc-barcelona-achieves-concrete-desired-registration-dani-olmo_306792_102.html#primaryimage\",\"url\":\"https:\\\/\\\/www.fcbarcelonanoticias.com\\\/en\\\/wp-content\\\/uploads\\\/sites\\\/2\\\/2024\\\/08\\\/dani-olmo-oficial-nuevo-jugador-del-fc-barcelona-1.jpeg\",\"contentUrl\":\"https:\\\/\\\/www.fcbarcelonanoticias.com\\\/en\\\/wp-content\\\/uploads\\\/sites\\\/2\\\/2024\\\/08\\\/dani-olmo-oficial-nuevo-jugador-del-fc-barcelona-1.jpeg\",\"width\":1600,\"height\":1000},{\"@type\":\"BreadcrumbList\",\"@id\":\"https:\\\/\\\/www.fcbarcelonanoticias.com\\\/en\\\/fc-barcelona\\\/official-fc-barcelona-achieves-concrete-desired-registration-dani-olmo_306792_102.html#breadcrumb\",\"itemListElement\":[{\"@type\":\"ListItem\",\"position\":1,\"name\":\"Portada\",\"item\":\"https:\\\/\\\/www.fcbarcelonanoticias.com\\\/en\\\/\"},{\"@type\":\"ListItem\",\"position\":2,\"name\":\"OFFICIAL! FC Barcelona manages to complete the long-awaited registration of Dani Olmo\"}]},{\"@type\":\"WebSite\",\"@id\":\"https:\\\/\\\/www.fcbarcelonanoticias.com\\\/en\\\/#website\",\"url\":\"https:\\\/\\\/www.fcbarcelonanoticias.com\\\/en\\\/\",\"name\":\"EN - FC Barcelona Noticias\",\"description\":\"\",\"potentialAction\":[{\"@type\":\"SearchAction\",\"target\":{\"@type\":\"EntryPoint\",\"urlTemplate\":\"https:\\\/\\\/www.fcbarcelonanoticias.com\\\/en\\\/?s={search_term_string}\"},\"query-input\":{\"@type\":\"PropertyValueSpecification\",\"valueRequired\":true,\"valueName\":\"search_term_string\"}}],\"inLanguage\":\"en-US\"},{\"@type\":\"Person\",\"@id\":\"https:\\\/\\\/www.fcbarcelonanoticias.com\\\/en\\\/#\\\/schema\\\/person\\\/991443f134df9a64c6874f96ff984c9d\",\"name\":\"Kevin G\u00f3mez\",\"image\":{\"@type\":\"ImageObject\",\"inLanguage\":\"en-US\",\"@id\":\"https:\\\/\\\/secure.gravatar.com\\\/avatar\\\/?s=96&d=mm&r=g\",\"url\":\"https:\\\/\\\/secure.gravatar.com\\\/avatar\\\/?s=96&d=mm&r=g\",\"contentUrl\":\"https:\\\/\\\/secure.gravatar.com\\\/avatar\\\/?s=96&d=mm&r=g\",\"caption\":\"Kevin G\u00f3mez\"},\"description\":\"Licenciado\u00a0en Periodismo y Comunicaci\u00f3n Audiovisual. Redactor en FCBN responsable de cubrir toda\u00a0la informaci\u00f3n del FC Barcelona y las principales competiciones de\u00a0f\u00fatbol.\",\"url\":\"https:\\\/\\\/www.fcbarcelonanoticias.com\\\/en\\\/jugadores\\\/kevin-gomez_23_115.html\"}]}<\/script>\n<!-- \/ Yoast SEO plugin. -->","yoast_head_json":{"title":"OFFICIAL! FC Barcelona manages to complete the long-awaited registration of Dani Olmo","description":"It's official now! After many rumors and speculation, FC Barcelona has managed to register its star signing, Dani Olmo. After several days of waiting, he will finally be able to fulfill his desire to debut with the Bar\u00e7a team's shirt","robots":{"index":"index","follow":"follow","max-snippet":"max-snippet:-1","max-image-preview":"max-image-preview:large","max-video-preview":"max-video-preview:-1"},"canonical":"https:\/\/www.fcbarcelonanoticias.com\/en\/fc-barcelona\/official-fc-barcelona-achieves-concrete-desired-registration-dani-olmo_306792_102.html","og_locale":"en_US","og_type":"article","og_title":"OFFICIAL! FC Barcelona manages to complete the long-awaited registration of Dani Olmo","og_description":"It's official now! After many rumors and speculation, FC Barcelona has managed to register its star signing, Dani Olmo. After several days of waiting, he will finally be able to fulfill his desire to debut with the Bar\u00e7a team's shirt","og_url":"https:\/\/www.fcbarcelonanoticias.com\/en\/fc-barcelona\/official-fc-barcelona-achieves-concrete-desired-registration-dani-olmo_306792_102.html","og_site_name":"EN - FC Barcelona Noticias","article_published_time":"2024-08-27T09:38:00+00:00","article_modified_time":"2024-08-27T09:39:00+00:00","og_image":[{"width":1600,"height":1000,"url":"https:\/\/www.fcbarcelonanoticias.com\/en\/wp-content\/uploads\/sites\/2\/2024\/08\/dani-olmo-oficial-nuevo-jugador-del-fc-barcelona-1.jpeg","type":"image\/jpeg"}],"author":"Kevin G\u00f3mez","twitter_card":"summary_large_image","twitter_misc":{"Written by":"Kevin G\u00f3mez","Est. reading time":"3 minutes"},"schema":{"@context":"https:\/\/schema.org","@graph":[{"@type":"Article","@id":"https:\/\/www.fcbarcelonanoticias.com\/en\/fc-barcelona\/official-fc-barcelona-achieves-concrete-desired-registration-dani-olmo_306792_102.html#article","isPartOf":{"@id":"https:\/\/www.fcbarcelonanoticias.com\/en\/fc-barcelona\/official-fc-barcelona-achieves-concrete-desired-registration-dani-olmo_306792_102.html"},"author":{"name":"Kevin G\u00f3mez","@id":"https:\/\/www.fcbarcelonanoticias.com\/en\/#\/schema\/person\/991443f134df9a64c6874f96ff984c9d"},"headline":"OFFICIAL! FC Barcelona manages to complete the long-awaited registration of Dani Olmo","datePublished":"2024-08-27T09:38:00+00:00","dateModified":"2024-08-27T09:39:00+00:00","mainEntityOfPage":{"@id":"https:\/\/www.fcbarcelonanoticias.com\/en\/fc-barcelona\/official-fc-barcelona-achieves-concrete-desired-registration-dani-olmo_306792_102.html"},"wordCount":564,"image":{"@id":"https:\/\/www.fcbarcelonanoticias.com\/en\/fc-barcelona\/official-fc-barcelona-achieves-concrete-desired-registration-dani-olmo_306792_102.html#primaryimage"},"thumbnailUrl":"https:\/\/www.fcbarcelonanoticias.com\/en\/wp-content\/uploads\/sites\/2\/2024\/08\/dani-olmo-oficial-nuevo-jugador-del-fc-barcelona-1.jpeg","articleSection":["FC Barcelona"],"inLanguage":"en-US"},{"@type":"WebPage","@id":"https:\/\/www.fcbarcelonanoticias.com\/en\/fc-barcelona\/official-fc-barcelona-achieves-concrete-desired-registration-dani-olmo_306792_102.html","url":"https:\/\/www.fcbarcelonanoticias.com\/en\/fc-barcelona\/official-fc-barcelona-achieves-concrete-desired-registration-dani-olmo_306792_102.html","name":"OFFICIAL! FC Barcelona manages to complete the long-awaited registration of Dani Olmo","isPartOf":{"@id":"https:\/\/www.fcbarcelonanoticias.com\/en\/#website"},"primaryImageOfPage":{"@id":"https:\/\/www.fcbarcelonanoticias.com\/en\/fc-barcelona\/official-fc-barcelona-achieves-concrete-desired-registration-dani-olmo_306792_102.html#primaryimage"},"image":{"@id":"https:\/\/www.fcbarcelonanoticias.com\/en\/fc-barcelona\/official-fc-barcelona-achieves-concrete-desired-registration-dani-olmo_306792_102.html#primaryimage"},"thumbnailUrl":"https:\/\/www.fcbarcelonanoticias.com\/en\/wp-content\/uploads\/sites\/2\/2024\/08\/dani-olmo-oficial-nuevo-jugador-del-fc-barcelona-1.jpeg","datePublished":"2024-08-27T09:38:00+00:00","dateModified":"2024-08-27T09:39:00+00:00","author":{"@id":"https:\/\/www.fcbarcelonanoticias.com\/en\/#\/schema\/person\/991443f134df9a64c6874f96ff984c9d"},"description":"It's official now! After many rumors and speculation, FC Barcelona has managed to register its star signing, Dani Olmo. After several days of waiting, he will finally be able to fulfill his desire to debut with the Bar\u00e7a team's shirt","breadcrumb":{"@id":"https:\/\/www.fcbarcelonanoticias.com\/en\/fc-barcelona\/official-fc-barcelona-achieves-concrete-desired-registration-dani-olmo_306792_102.html#breadcrumb"},"inLanguage":"en-US","potentialAction":[{"@type":"ReadAction","target":["https:\/\/www.fcbarcelonanoticias.com\/en\/fc-barcelona\/official-fc-barcelona-achieves-concrete-desired-registration-dani-olmo_306792_102.html"]}]},{"@type":"ImageObject","inLanguage":"en-US","@id":"https:\/\/www.fcbarcelonanoticias.com\/en\/fc-barcelona\/official-fc-barcelona-achieves-concrete-desired-registration-dani-olmo_306792_102.html#primaryimage","url":"https:\/\/www.fcbarcelonanoticias.com\/en\/wp-content\/uploads\/sites\/2\/2024\/08\/dani-olmo-oficial-nuevo-jugador-del-fc-barcelona-1.jpeg","contentUrl":"https:\/\/www.fcbarcelonanoticias.com\/en\/wp-content\/uploads\/sites\/2\/2024\/08\/dani-olmo-oficial-nuevo-jugador-del-fc-barcelona-1.jpeg","width":1600,"height":1000},{"@type":"BreadcrumbList","@id":"https:\/\/www.fcbarcelonanoticias.com\/en\/fc-barcelona\/official-fc-barcelona-achieves-concrete-desired-registration-dani-olmo_306792_102.html#breadcrumb","itemListElement":[{"@type":"ListItem","position":1,"name":"Portada","item":"https:\/\/www.fcbarcelonanoticias.com\/en\/"},{"@type":"ListItem","position":2,"name":"OFFICIAL! FC Barcelona manages to complete the long-awaited registration of Dani Olmo"}]},{"@type":"WebSite","@id":"https:\/\/www.fcbarcelonanoticias.com\/en\/#website","url":"https:\/\/www.fcbarcelonanoticias.com\/en\/","name":"EN - FC Barcelona Noticias","description":"","potentialAction":[{"@type":"SearchAction","target":{"@type":"EntryPoint","urlTemplate":"https:\/\/www.fcbarcelonanoticias.com\/en\/?s={search_term_string}"},"query-input":{"@type":"PropertyValueSpecification","valueRequired":true,"valueName":"search_term_string"}}],"inLanguage":"en-US"},{"@type":"Person","@id":"https:\/\/www.fcbarcelonanoticias.com\/en\/#\/schema\/person\/991443f134df9a64c6874f96ff984c9d","name":"Kevin G\u00f3mez","image":{"@type":"ImageObject","inLanguage":"en-US","@id":"https:\/\/secure.gravatar.com\/avatar\/?s=96&d=mm&r=g","url":"https:\/\/secure.gravatar.com\/avatar\/?s=96&d=mm&r=g","contentUrl":"https:\/\/secure.gravatar.com\/avatar\/?s=96&d=mm&r=g","caption":"Kevin G\u00f3mez"},"description":"Licenciado\u00a0en Periodismo y Comunicaci\u00f3n Audiovisual. Redactor en FCBN responsable de cubrir toda\u00a0la informaci\u00f3n del FC Barcelona y las principales competiciones de\u00a0f\u00fatbol.","url":"https:\/\/www.fcbarcelonanoticias.com\/en\/jugadores\/kevin-gomez_23_115.html"}]}},"_links":{"self":[{"href":"https:\/\/www.fcbarcelonanoticias.com\/en\/wp-json\/wp\/v2\/posts\/107327","targetHints":{"allow":["GET"]}}],"collection":[{"href":"https:\/\/www.fcbarcelonanoticias.com\/en\/wp-json\/wp\/v2\/posts"}],"about":[{"href":"https:\/\/www.fcbarcelonanoticias.com\/en\/wp-json\/wp\/v2\/types\/post"}],"author":[{"embeddable":true,"href":"https:\/\/www.fcbarcelonanoticias.com\/en\/wp-json\/wp\/v2\/users\/355"}],"replies":[{"embeddable":true,"href":"https:\/\/www.fcbarcelonanoticias.com\/en\/wp-json\/wp\/v2\/comments?post=107327"}],"version-history":[{"count":1,"href":"https:\/\/www.fcbarcelonanoticias.com\/en\/wp-json\/wp\/v2\/posts\/107327\/revisions"}],"predecessor-version":[{"id":148119,"href":"https:\/\/www.fcbarcelonanoticias.com\/en\/wp-json\/wp\/v2\/posts\/107327\/revisions\/148119"}],"wp:featuredmedia":[{"embeddable":true,"href":"https:\/\/www.fcbarcelonanoticias.com\/en\/wp-json\/wp\/v2\/media\/107328"}],"wp:attachment":[{"href":"https:\/\/www.fcbarcelonanoticias.com\/en\/wp-json\/wp\/v2\/media?parent=107327"}],"wp:term":[{"taxonomy":"category","embeddable":true,"href":"https:\/\/www.fcbarcelonanoticias.com\/en\/wp-json\/wp\/v2\/categories?post=107327"},{"taxonomy":"post_tag","embeddable":true,"href":"https:\/\/www.fcbarcelonanoticias.com\/en\/wp-json\/wp\/v2\/tags?post=107327"}],"curies":[{"name":"wp","href":"https:\/\/api.w.org\/{rel}","templated":true}]}}