{"id":107360,"date":"2024-06-05T18:21:00","date_gmt":"2024-06-05T16:21:00","guid":{"rendered":"https:\/\/weisetech.dev\/fc-barcelona-noticias\/en\/official-mariona-caldentey-leaves-of-the-barca-after-decade-in-the-club_304196_102\/"},"modified":"2024-06-05T18:21:00","modified_gmt":"2024-06-05T16:21:00","slug":"official-mariona-caldentey-leaves-of-the-barca-after-decade-in-the-club_304196_102","status":"publish","type":"post","link":"https:\/\/www.fcbarcelonanoticias.com\/en\/fc-barcelona\/official-mariona-caldentey-leaves-of-the-barca-after-decade-in-the-club_304196_102.html","title":{"rendered":"OFFICIAL: Mariona Caldentey leaves Bar\u00e7a after a decade at the club"},"content":{"rendered":"<h2 class=\"wp-block-heading\">Mariona Caldentey puts an end to her time at Bar\u00e7a after 10 years. The Baelar striker announced her departure through social networks and will head to Arsenal.<\/h2>  \r\n<div class=\"article-addons\">\r\n    <a href=\"https:\/\/www.fcbarcelonanoticias.com\/en\/calendar-fc-barcelona.html\"\r\n       target=\"_self\"\r\n       title=\"Calendar of FC Barcelona\"\r\n       class=\"blue-gredient-btn\">\r\n       \r\n        Calendar of FC Barcelona    <\/a>\r\n<\/div>   <p>It finish one of the most important stages in the history of the <a data-external=\"0\" data-intl-links-en=\"https:\/\/www.fcbarcelonanoticias.com\/en\/fc-barcelona\" data-intl-links-es=\"https:\/\/www.fcbarcelonanoticias.com\/fc-barcelona\" href=\"https:\/\/www.fcbarcelonanoticias.com\/en\/football-soccer\/fc-barcelona.html\" rel=\"follow\" target=\"_self\" title=\"FC Barcelona\">FC Feminine Barcelona<\/a>. After ten years in the first team where has topped champion of everything, <strong>Mariona Caldentey has put &#8216;full stop&#8217; to his periplo like footballer of the group cul\u00e9<\/strong>. The forward sacks of the club of his life like a legend of the section.<\/p>  <p>&#8220;Cul\u00e9s, Mariona has a message for you&#8221;. Like this it began the announcement of the player, published through a video in the social networks of the entity. His renewal was one of the nine pending signatures that the Bar\u00e7a had for the present season and, also, one of the most longed for by part of the fans, <strong>that tried to convince it until the last moment to the cries of &#8220;Mariona remain you&#8221;<\/strong> in the previous of the final of the Champions League feminine in front of the Olympique of Lyon.<\/p>  <blockquote class=\"twitter-tweet\"> <p dir=\"ltr\" lang=\"ca\">\ud835\udc36\ud835\udc62\ud835\udc59\ud835\udc52\ud835\udc5f\ud835\udc60, <a href=\"https:\/\/twitter.com\/en\/mariona8co?ref_src=twsrc%5Etfw\">@mariona8co<\/a> \ud835\udc61\ud835\udc52\u0301 \ud835\udc62\ud835\udc5b \ud835\udc5a\ud835\udc56\ud835\udc60\ud835\udc60\ud835\udc4e\ud835\udc61\ud835\udc54\ud835\udc52 \ud835\udc5d\ud835\udc52\ud835\udc5f \ud835\udc4e \ud835\udc63\ud835\udc5c\ud835\udc60\ud835\udc4e\ud835\udc59\ud835\udc61\ud835\udc5f\ud835\udc52\ud835\udc60&#8230; \ud83d\udc99\u2764\ufe0f <a href=\"https:\/\/t.co\/en\/RzM7JNL83G\">pic.twitter.com\/rzm7jnl83g<\/a><\/p> \u2014 FC Barcelona Femen\u00ed (@FCBfemeni) <a href=\"https:\/\/twitter.com\/en\/FCBfemeni\/status\/1798376797542973482?ref_src=twsrc%5Etfw\">June 5, 2024<\/a> <\/blockquote> <p>Like this then , it finishes a &#8216;travel&#8217; that initiated 10 years ago, when the one of Felanitx landed in the City Condal procendete of the UD Collerense. Along this time, the footballer attained to consolidate in the staff blaugrana like one of the main pieces of the team. In his stage like cul\u00e9, Mariona consecrated champion of<strong> six trophies of league, six of Glass of the Queen, four of Supercopa of Spain and three Champions.<\/strong><\/p>  <p>Of the same way, &#8216;Relief&#8217; has ensured that <strong>the decision to abandon the rows of the FC Barcelona do not have at all that see with economic reasons<\/strong>. In fact, the club did him to the goleadora a very important offer. Now, the expectation around his future grows, but everything aims to that will put course to London to dress the colours of the <a data-external=\"0\" data-intl-links-en=\"https:\/\/www.fcbarcelonanoticias.com\/en\/tags\/arsenal\" data-intl-links-es=\"https:\/\/www.fcbarcelonanoticias.com\/tags\/arsenal\" href=\"https:\/\/www.fcbarcelonanoticias.com\/en\/tags\/arsenal.html\" rel=\"follow\" target=\"_self\" title=\"Arsenal\">Arsenal<\/a>, where will contest the Women&#8217;s Super League (WSL).<\/p>  <h2>A legend of the team<\/h2>  <p>Mariona sacks of the Bar\u00e7a after <strong>302 official parties with the Barcelona T-shirt and a total of 114 goals<\/strong>. It leaves being the fifth goleadora historical of the Club by behind Oshoala (117), Sonia Berm\u00fadez (123), Jenni Beautiful (181) and Alexia Putellas (190). His 114 goals deliver with the 73 goals in the League, 16 in the Champions, 13 in the Glass of the Queen, 3 in the Supercopa of Spain and 9 in the Glass Catalonia.<\/p>  <p>It fits to stand out, besides, that this course 2023\/24 has annotated a total of 19 goals, personal record in a season, surpassing the 17 of the season 2020\/21. <strong>His act of farewell will carry out next Friday 7 June to the 17:30 hours in the room of press of the Ciutat Esportiva Joan Gamper.<\/strong><\/p> ","protected":false},"excerpt":{"rendered":"<p>Mariona Caldentey puts an end to her time at Bar\u00e7a after 10 years. The Baelar striker announced her departure through social networks and will head to Arsenal. It finish one of the most important stages in the history of the FC Feminine Barcelona. After ten years in the first team where has topped champion of [&hellip;]<\/p>\n","protected":false},"author":358,"featured_media":107361,"comment_status":"closed","ping_status":"open","sticky":false,"template":"","format":"standard","meta":{"_acf_changed":false,"inline_featured_image":false,"_nextfly_llmd_date_locked":false,"footnotes":""},"categories":[111],"tags":[],"class_list":["post-107360","post","type-post","status-publish","format-standard","has-post-thumbnail","hentry","category-fc-barcelona"],"acf":[],"yoast_head":"<!-- This site is optimized with the Yoast SEO plugin v27.3 - https:\/\/yoast.com\/product\/yoast-seo-wordpress\/ -->\n<title>OFFICIAL: Mariona Caldentey leaves of the Bar\u00e7a after a decade in the club<\/title>\n<meta name=\"description\" content=\"Mariona Caldentey puts an end him to his stage in the Bar\u00e7a after 10 years. The leading baelar announced his exit through the social networks and will put course to the Arsenal.\" \/>\n<meta name=\"robots\" content=\"index, follow, max-snippet:-1, max-image-preview:large, max-video-preview:-1\" \/>\n<link rel=\"canonical\" href=\"https:\/\/www.fcbarcelonanoticias.com\/en\/fc-barcelona\/official-mariona-caldentey-leaves-of-the-barca-after-decade-in-the-club_304196_102.html\" \/>\n<meta property=\"og:locale\" content=\"en_US\" \/>\n<meta property=\"og:type\" content=\"article\" \/>\n<meta property=\"og:title\" content=\"OFFICIAL: Mariona Caldentey leaves of the Bar\u00e7a after a decade in the club\" \/>\n<meta property=\"og:description\" content=\"Mariona Caldentey puts an end him to his stage in the Bar\u00e7a after 10 years. The leading baelar announced his exit through the social networks and will put course to the Arsenal.\" \/>\n<meta property=\"og:url\" content=\"https:\/\/www.fcbarcelonanoticias.com\/en\/fc-barcelona\/official-mariona-caldentey-leaves-of-the-barca-after-decade-in-the-club_304196_102.html\" \/>\n<meta property=\"og:site_name\" content=\"EN - FC Barcelona Noticias\" \/>\n<meta property=\"article:published_time\" content=\"2024-06-05T16:21:00+00:00\" \/>\n<meta property=\"og:image\" content=\"https:\/\/www.fcbarcelonanoticias.com\/en\/wp-content\/uploads\/sites\/2\/2024\/06\/mariona-caldentey-barca-2.jpeg\" \/>\n\t<meta property=\"og:image:width\" content=\"1300\" \/>\n\t<meta property=\"og:image:height\" content=\"732\" \/>\n\t<meta property=\"og:image:type\" content=\"image\/jpeg\" \/>\n<meta name=\"author\" content=\"Juan Pablo Berdugo\" \/>\n<meta name=\"twitter:card\" content=\"summary_large_image\" \/>\n<meta name=\"twitter:label1\" content=\"Written by\" \/>\n\t<meta name=\"twitter:data1\" content=\"Juan Pablo Berdugo\" \/>\n\t<meta name=\"twitter:label2\" content=\"Est. reading time\" \/>\n\t<meta name=\"twitter:data2\" content=\"2 minutes\" \/>\n<script type=\"application\/ld+json\" class=\"yoast-schema-graph\">{\"@context\":\"https:\\\/\\\/schema.org\",\"@graph\":[{\"@type\":\"Article\",\"@id\":\"https:\\\/\\\/www.fcbarcelonanoticias.com\\\/en\\\/fc-barcelona\\\/official-mariona-caldentey-leaves-of-the-barca-after-decade-in-the-club_304196_102.html#article\",\"isPartOf\":{\"@id\":\"https:\\\/\\\/www.fcbarcelonanoticias.com\\\/en\\\/fc-barcelona\\\/official-mariona-caldentey-leaves-of-the-barca-after-decade-in-the-club_304196_102.html\"},\"author\":{\"name\":\"Juan Pablo Berdugo\",\"@id\":\"https:\\\/\\\/www.fcbarcelonanoticias.com\\\/en\\\/#\\\/schema\\\/person\\\/88d756918a0a1ae9fa593b5edddd1815\"},\"headline\":\"OFFICIAL: Mariona Caldentey leaves Bar\u00e7a after a decade at the club\",\"datePublished\":\"2024-06-05T16:21:00+00:00\",\"mainEntityOfPage\":{\"@id\":\"https:\\\/\\\/www.fcbarcelonanoticias.com\\\/en\\\/fc-barcelona\\\/official-mariona-caldentey-leaves-of-the-barca-after-decade-in-the-club_304196_102.html\"},\"wordCount\":473,\"image\":{\"@id\":\"https:\\\/\\\/www.fcbarcelonanoticias.com\\\/en\\\/fc-barcelona\\\/official-mariona-caldentey-leaves-of-the-barca-after-decade-in-the-club_304196_102.html#primaryimage\"},\"thumbnailUrl\":\"https:\\\/\\\/www.fcbarcelonanoticias.com\\\/en\\\/wp-content\\\/uploads\\\/sites\\\/2\\\/2024\\\/06\\\/mariona-caldentey-barca-2.jpeg\",\"articleSection\":[\"FC Barcelona\"],\"inLanguage\":\"en-US\"},{\"@type\":\"WebPage\",\"@id\":\"https:\\\/\\\/www.fcbarcelonanoticias.com\\\/en\\\/fc-barcelona\\\/official-mariona-caldentey-leaves-of-the-barca-after-decade-in-the-club_304196_102.html\",\"url\":\"https:\\\/\\\/www.fcbarcelonanoticias.com\\\/en\\\/fc-barcelona\\\/official-mariona-caldentey-leaves-of-the-barca-after-decade-in-the-club_304196_102.html\",\"name\":\"OFFICIAL: Mariona Caldentey leaves of the Bar\u00e7a after a decade in the club\",\"isPartOf\":{\"@id\":\"https:\\\/\\\/www.fcbarcelonanoticias.com\\\/en\\\/#website\"},\"primaryImageOfPage\":{\"@id\":\"https:\\\/\\\/www.fcbarcelonanoticias.com\\\/en\\\/fc-barcelona\\\/official-mariona-caldentey-leaves-of-the-barca-after-decade-in-the-club_304196_102.html#primaryimage\"},\"image\":{\"@id\":\"https:\\\/\\\/www.fcbarcelonanoticias.com\\\/en\\\/fc-barcelona\\\/official-mariona-caldentey-leaves-of-the-barca-after-decade-in-the-club_304196_102.html#primaryimage\"},\"thumbnailUrl\":\"https:\\\/\\\/www.fcbarcelonanoticias.com\\\/en\\\/wp-content\\\/uploads\\\/sites\\\/2\\\/2024\\\/06\\\/mariona-caldentey-barca-2.jpeg\",\"datePublished\":\"2024-06-05T16:21:00+00:00\",\"author\":{\"@id\":\"https:\\\/\\\/www.fcbarcelonanoticias.com\\\/en\\\/#\\\/schema\\\/person\\\/88d756918a0a1ae9fa593b5edddd1815\"},\"description\":\"Mariona Caldentey puts an end him to his stage in the Bar\u00e7a after 10 years. The leading baelar announced his exit through the social networks and will put course to the Arsenal.\",\"breadcrumb\":{\"@id\":\"https:\\\/\\\/www.fcbarcelonanoticias.com\\\/en\\\/fc-barcelona\\\/official-mariona-caldentey-leaves-of-the-barca-after-decade-in-the-club_304196_102.html#breadcrumb\"},\"inLanguage\":\"en-US\",\"potentialAction\":[{\"@type\":\"ReadAction\",\"target\":[\"https:\\\/\\\/www.fcbarcelonanoticias.com\\\/en\\\/fc-barcelona\\\/official-mariona-caldentey-leaves-of-the-barca-after-decade-in-the-club_304196_102.html\"]}]},{\"@type\":\"ImageObject\",\"inLanguage\":\"en-US\",\"@id\":\"https:\\\/\\\/www.fcbarcelonanoticias.com\\\/en\\\/fc-barcelona\\\/official-mariona-caldentey-leaves-of-the-barca-after-decade-in-the-club_304196_102.html#primaryimage\",\"url\":\"https:\\\/\\\/www.fcbarcelonanoticias.com\\\/en\\\/wp-content\\\/uploads\\\/sites\\\/2\\\/2024\\\/06\\\/mariona-caldentey-barca-2.jpeg\",\"contentUrl\":\"https:\\\/\\\/www.fcbarcelonanoticias.com\\\/en\\\/wp-content\\\/uploads\\\/sites\\\/2\\\/2024\\\/06\\\/mariona-caldentey-barca-2.jpeg\",\"width\":1300,\"height\":732},{\"@type\":\"BreadcrumbList\",\"@id\":\"https:\\\/\\\/www.fcbarcelonanoticias.com\\\/en\\\/fc-barcelona\\\/official-mariona-caldentey-leaves-of-the-barca-after-decade-in-the-club_304196_102.html#breadcrumb\",\"itemListElement\":[{\"@type\":\"ListItem\",\"position\":1,\"name\":\"Portada\",\"item\":\"https:\\\/\\\/www.fcbarcelonanoticias.com\\\/en\\\/\"},{\"@type\":\"ListItem\",\"position\":2,\"name\":\"OFFICIAL: Mariona Caldentey leaves Bar\u00e7a after a decade at the club\"}]},{\"@type\":\"WebSite\",\"@id\":\"https:\\\/\\\/www.fcbarcelonanoticias.com\\\/en\\\/#website\",\"url\":\"https:\\\/\\\/www.fcbarcelonanoticias.com\\\/en\\\/\",\"name\":\"EN - FC Barcelona Noticias\",\"description\":\"\",\"potentialAction\":[{\"@type\":\"SearchAction\",\"target\":{\"@type\":\"EntryPoint\",\"urlTemplate\":\"https:\\\/\\\/www.fcbarcelonanoticias.com\\\/en\\\/?s={search_term_string}\"},\"query-input\":{\"@type\":\"PropertyValueSpecification\",\"valueRequired\":true,\"valueName\":\"search_term_string\"}}],\"inLanguage\":\"en-US\"},{\"@type\":\"Person\",\"@id\":\"https:\\\/\\\/www.fcbarcelonanoticias.com\\\/en\\\/#\\\/schema\\\/person\\\/88d756918a0a1ae9fa593b5edddd1815\",\"name\":\"Juan Pablo Berdugo\",\"image\":{\"@type\":\"ImageObject\",\"inLanguage\":\"en-US\",\"@id\":\"https:\\\/\\\/secure.gravatar.com\\\/avatar\\\/?s=96&d=mm&r=g\",\"url\":\"https:\\\/\\\/secure.gravatar.com\\\/avatar\\\/?s=96&d=mm&r=g\",\"contentUrl\":\"https:\\\/\\\/secure.gravatar.com\\\/avatar\\\/?s=96&d=mm&r=g\",\"caption\":\"Juan Pablo Berdugo\"},\"description\":\"Juan Pablo Berdugo es graduado en Periodismo. Colabora con FCBN como especialista en informaci\u00f3n del primer equipo del FC Barcelona, f\u00fatbol internacional y mercado de fichajes. Destaca por su enfoque anal\u00edtico, su rigor informativo y su capacidad para detectar tendencias emergentes en el f\u00fatbol global.\",\"url\":\"https:\\\/\\\/www.fcbarcelonanoticias.com\\\/en\\\/fc-barcelona\\\/juan-pablo-berdugo_18_115.html\"}]}<\/script>\n<!-- \/ Yoast SEO plugin. -->","yoast_head_json":{"title":"OFFICIAL: Mariona Caldentey leaves of the Bar\u00e7a after a decade in the club","description":"Mariona Caldentey puts an end him to his stage in the Bar\u00e7a after 10 years. The leading baelar announced his exit through the social networks and will put course to the Arsenal.","robots":{"index":"index","follow":"follow","max-snippet":"max-snippet:-1","max-image-preview":"max-image-preview:large","max-video-preview":"max-video-preview:-1"},"canonical":"https:\/\/www.fcbarcelonanoticias.com\/en\/fc-barcelona\/official-mariona-caldentey-leaves-of-the-barca-after-decade-in-the-club_304196_102.html","og_locale":"en_US","og_type":"article","og_title":"OFFICIAL: Mariona Caldentey leaves of the Bar\u00e7a after a decade in the club","og_description":"Mariona Caldentey puts an end him to his stage in the Bar\u00e7a after 10 years. The leading baelar announced his exit through the social networks and will put course to the Arsenal.","og_url":"https:\/\/www.fcbarcelonanoticias.com\/en\/fc-barcelona\/official-mariona-caldentey-leaves-of-the-barca-after-decade-in-the-club_304196_102.html","og_site_name":"EN - FC Barcelona Noticias","article_published_time":"2024-06-05T16:21:00+00:00","og_image":[{"width":1300,"height":732,"url":"https:\/\/www.fcbarcelonanoticias.com\/en\/wp-content\/uploads\/sites\/2\/2024\/06\/mariona-caldentey-barca-2.jpeg","type":"image\/jpeg"}],"author":"Juan Pablo Berdugo","twitter_card":"summary_large_image","twitter_misc":{"Written by":"Juan Pablo Berdugo","Est. reading time":"2 minutes"},"schema":{"@context":"https:\/\/schema.org","@graph":[{"@type":"Article","@id":"https:\/\/www.fcbarcelonanoticias.com\/en\/fc-barcelona\/official-mariona-caldentey-leaves-of-the-barca-after-decade-in-the-club_304196_102.html#article","isPartOf":{"@id":"https:\/\/www.fcbarcelonanoticias.com\/en\/fc-barcelona\/official-mariona-caldentey-leaves-of-the-barca-after-decade-in-the-club_304196_102.html"},"author":{"name":"Juan Pablo Berdugo","@id":"https:\/\/www.fcbarcelonanoticias.com\/en\/#\/schema\/person\/88d756918a0a1ae9fa593b5edddd1815"},"headline":"OFFICIAL: Mariona Caldentey leaves Bar\u00e7a after a decade at the club","datePublished":"2024-06-05T16:21:00+00:00","mainEntityOfPage":{"@id":"https:\/\/www.fcbarcelonanoticias.com\/en\/fc-barcelona\/official-mariona-caldentey-leaves-of-the-barca-after-decade-in-the-club_304196_102.html"},"wordCount":473,"image":{"@id":"https:\/\/www.fcbarcelonanoticias.com\/en\/fc-barcelona\/official-mariona-caldentey-leaves-of-the-barca-after-decade-in-the-club_304196_102.html#primaryimage"},"thumbnailUrl":"https:\/\/www.fcbarcelonanoticias.com\/en\/wp-content\/uploads\/sites\/2\/2024\/06\/mariona-caldentey-barca-2.jpeg","articleSection":["FC Barcelona"],"inLanguage":"en-US"},{"@type":"WebPage","@id":"https:\/\/www.fcbarcelonanoticias.com\/en\/fc-barcelona\/official-mariona-caldentey-leaves-of-the-barca-after-decade-in-the-club_304196_102.html","url":"https:\/\/www.fcbarcelonanoticias.com\/en\/fc-barcelona\/official-mariona-caldentey-leaves-of-the-barca-after-decade-in-the-club_304196_102.html","name":"OFFICIAL: Mariona Caldentey leaves of the Bar\u00e7a after a decade in the club","isPartOf":{"@id":"https:\/\/www.fcbarcelonanoticias.com\/en\/#website"},"primaryImageOfPage":{"@id":"https:\/\/www.fcbarcelonanoticias.com\/en\/fc-barcelona\/official-mariona-caldentey-leaves-of-the-barca-after-decade-in-the-club_304196_102.html#primaryimage"},"image":{"@id":"https:\/\/www.fcbarcelonanoticias.com\/en\/fc-barcelona\/official-mariona-caldentey-leaves-of-the-barca-after-decade-in-the-club_304196_102.html#primaryimage"},"thumbnailUrl":"https:\/\/www.fcbarcelonanoticias.com\/en\/wp-content\/uploads\/sites\/2\/2024\/06\/mariona-caldentey-barca-2.jpeg","datePublished":"2024-06-05T16:21:00+00:00","author":{"@id":"https:\/\/www.fcbarcelonanoticias.com\/en\/#\/schema\/person\/88d756918a0a1ae9fa593b5edddd1815"},"description":"Mariona Caldentey puts an end him to his stage in the Bar\u00e7a after 10 years. The leading baelar announced his exit through the social networks and will put course to the Arsenal.","breadcrumb":{"@id":"https:\/\/www.fcbarcelonanoticias.com\/en\/fc-barcelona\/official-mariona-caldentey-leaves-of-the-barca-after-decade-in-the-club_304196_102.html#breadcrumb"},"inLanguage":"en-US","potentialAction":[{"@type":"ReadAction","target":["https:\/\/www.fcbarcelonanoticias.com\/en\/fc-barcelona\/official-mariona-caldentey-leaves-of-the-barca-after-decade-in-the-club_304196_102.html"]}]},{"@type":"ImageObject","inLanguage":"en-US","@id":"https:\/\/www.fcbarcelonanoticias.com\/en\/fc-barcelona\/official-mariona-caldentey-leaves-of-the-barca-after-decade-in-the-club_304196_102.html#primaryimage","url":"https:\/\/www.fcbarcelonanoticias.com\/en\/wp-content\/uploads\/sites\/2\/2024\/06\/mariona-caldentey-barca-2.jpeg","contentUrl":"https:\/\/www.fcbarcelonanoticias.com\/en\/wp-content\/uploads\/sites\/2\/2024\/06\/mariona-caldentey-barca-2.jpeg","width":1300,"height":732},{"@type":"BreadcrumbList","@id":"https:\/\/www.fcbarcelonanoticias.com\/en\/fc-barcelona\/official-mariona-caldentey-leaves-of-the-barca-after-decade-in-the-club_304196_102.html#breadcrumb","itemListElement":[{"@type":"ListItem","position":1,"name":"Portada","item":"https:\/\/www.fcbarcelonanoticias.com\/en\/"},{"@type":"ListItem","position":2,"name":"OFFICIAL: Mariona Caldentey leaves Bar\u00e7a after a decade at the club"}]},{"@type":"WebSite","@id":"https:\/\/www.fcbarcelonanoticias.com\/en\/#website","url":"https:\/\/www.fcbarcelonanoticias.com\/en\/","name":"EN - FC Barcelona Noticias","description":"","potentialAction":[{"@type":"SearchAction","target":{"@type":"EntryPoint","urlTemplate":"https:\/\/www.fcbarcelonanoticias.com\/en\/?s={search_term_string}"},"query-input":{"@type":"PropertyValueSpecification","valueRequired":true,"valueName":"search_term_string"}}],"inLanguage":"en-US"},{"@type":"Person","@id":"https:\/\/www.fcbarcelonanoticias.com\/en\/#\/schema\/person\/88d756918a0a1ae9fa593b5edddd1815","name":"Juan Pablo Berdugo","image":{"@type":"ImageObject","inLanguage":"en-US","@id":"https:\/\/secure.gravatar.com\/avatar\/?s=96&d=mm&r=g","url":"https:\/\/secure.gravatar.com\/avatar\/?s=96&d=mm&r=g","contentUrl":"https:\/\/secure.gravatar.com\/avatar\/?s=96&d=mm&r=g","caption":"Juan Pablo Berdugo"},"description":"Juan Pablo Berdugo es graduado en Periodismo. Colabora con FCBN como especialista en informaci\u00f3n del primer equipo del FC Barcelona, f\u00fatbol internacional y mercado de fichajes. Destaca por su enfoque anal\u00edtico, su rigor informativo y su capacidad para detectar tendencias emergentes en el f\u00fatbol global.","url":"https:\/\/www.fcbarcelonanoticias.com\/en\/fc-barcelona\/juan-pablo-berdugo_18_115.html"}]}},"_links":{"self":[{"href":"https:\/\/www.fcbarcelonanoticias.com\/en\/wp-json\/wp\/v2\/posts\/107360","targetHints":{"allow":["GET"]}}],"collection":[{"href":"https:\/\/www.fcbarcelonanoticias.com\/en\/wp-json\/wp\/v2\/posts"}],"about":[{"href":"https:\/\/www.fcbarcelonanoticias.com\/en\/wp-json\/wp\/v2\/types\/post"}],"author":[{"embeddable":true,"href":"https:\/\/www.fcbarcelonanoticias.com\/en\/wp-json\/wp\/v2\/users\/358"}],"replies":[{"embeddable":true,"href":"https:\/\/www.fcbarcelonanoticias.com\/en\/wp-json\/wp\/v2\/comments?post=107360"}],"version-history":[{"count":1,"href":"https:\/\/www.fcbarcelonanoticias.com\/en\/wp-json\/wp\/v2\/posts\/107360\/revisions"}],"predecessor-version":[{"id":148171,"href":"https:\/\/www.fcbarcelonanoticias.com\/en\/wp-json\/wp\/v2\/posts\/107360\/revisions\/148171"}],"wp:featuredmedia":[{"embeddable":true,"href":"https:\/\/www.fcbarcelonanoticias.com\/en\/wp-json\/wp\/v2\/media\/107361"}],"wp:attachment":[{"href":"https:\/\/www.fcbarcelonanoticias.com\/en\/wp-json\/wp\/v2\/media?parent=107360"}],"wp:term":[{"taxonomy":"category","embeddable":true,"href":"https:\/\/www.fcbarcelonanoticias.com\/en\/wp-json\/wp\/v2\/categories?post=107360"},{"taxonomy":"post_tag","embeddable":true,"href":"https:\/\/www.fcbarcelonanoticias.com\/en\/wp-json\/wp\/v2\/tags?post=107360"}],"curies":[{"name":"wp","href":"https:\/\/api.w.org\/{rel}","templated":true}]}}