{"id":107560,"date":"2021-12-16T09:37:00","date_gmt":"2021-12-16T08:37:00","guid":{"rendered":"https:\/\/weisetech.dev\/fc-barcelona-noticias\/en\/option-for-the-barca-vlahovic-will-not-follow-with-the-fiorentina_275987_102\/"},"modified":"2021-12-16T09:42:00","modified_gmt":"2021-12-16T08:42:00","slug":"option-for-the-barca-vlahovic-will-not-follow-with-the-fiorentina_275987_102","status":"publish","type":"post","link":"https:\/\/www.fcbarcelonanoticias.com\/en\/fc-barcelona\/option-for-the-barca-vlahovic-will-not-follow-with-the-fiorentina_275987_102.html","title":{"rendered":"Option for the Bar\u00e7a! Vlahovi\u0107 Will not follow with the Fiorentina"},"content":{"rendered":"<h2 class=\"wp-block-heading\">Vlahovi\u0107 Appears in the radar of forwards in Europe and the Barcelona puts his index card to litigate a place in the auction<\/h2>  \r\n<div class=\"article-addons\">\r\n    <a href=\"https:\/\/www.fcbarcelonanoticias.com\/en\/calendar-fc-barcelona.html\"\r\n       target=\"_self\"\r\n       title=\"Calendar of FC Barcelona\"\r\n       class=\"blue-gredient-btn\">\r\n       \r\n        Calendar of FC Barcelona    <\/a>\r\n<\/div>   <p>15 goals in 17 parties is the offensive account that accumulates <strong><a data-external=\"0\" data-intl-links-en=\"https:\/\/www.fcbarcelonanoticias.com\/en\/transfers\/better-no-aubameyang-descarta-for-the-barcelona_275986_102.html\" data-intl-links-es=\"https:\/\/www.fcbarcelonanoticias.com\/fichajes\/mejor-no-aubameyang-se-descarta-barcelona_275986_102.html\" href=\"https:\/\/www.fcbarcelonanoticias.com\/en\/transfers\/better-no-aubameyang-descarta-for-the-barcelona_275986_102.html\" rel=\"follow\" target=\"_self\" title=\"\u00a1Mejor no! Aubameyang se descarta para el Barcelona\">Vlahovi\u0107<\/a><\/strong> with <strong>the Fiorentina<\/strong> in the Italian football, the same numbers that the team violates extra\u00f1ar\u00e1 for the next season since according to the own Joe Barone, sportive director of the club, &#8220;player and agent do not have posed to accept the renewal proposed&#8221;.<\/p>  <p>The forward would have transmitted to the team that will be to the end of the season in the staff, although with the fact of not being able to renew it is possible that now pose a sale to take out a good quantity of money, since in spite of the vicinity of the market of summer and his freedom, in these conditions all compete by equal.<\/p>  <p>&#8220;We have offered him to <strong>Vlahovi\u0107<\/strong> the highest agreement of the history of <strong>the Fiorentina<\/strong>, and this, several times\u2026So much <strong>Dusan<\/strong> like his agent have left us clear that do not want to it accept. Our offer follows on of the table&#8221;, declared <strong>Barone<\/strong> in a half Italian on the case such as it collected Sportive World in this case.<\/p>  <p>This possibility opens for all and the <strong><a data-external=\"0\" data-intl-links-en=\"https:\/\/www.fcbarcelonanoticias.com\/en\/transfers\/surprise-alexis-sanchez-could-have-an-agreement-to-go-back-to-the-barca-in-january_275972_102.html\" data-intl-links-es=\"https:\/\/www.fcbarcelonanoticias.com\/fichajes\/sorpresa-alexis-sanchez-podria-tener-acuerdo-volver-barca-enero_275972_102.html\" href=\"https:\/\/www.fcbarcelonanoticias.com\/en\/transfers\/surprise-alexis-sanchez-could-have-an-agreement-to-go-back-to-the-barca-in-january_275972_102.html\" rel=\"follow\" target=\"_self\" title=\"\u00a1SORPRESA! Alexis S\u00e1nchez podr\u00eda tener un acuerdo para volver al Bar\u00e7a en enero\">Barcelona<\/a><\/strong>, that looks for leading, annotates in the diary of the player. The vacancy of tip of attack follows available for a top player in the team cul\u00e9, although this option would have details for adjusting of face to the actuality and need that presents the staff of <strong>Xavi<\/strong>.<\/p>  <h3>Urgency<\/h3>  <p>The <strong>Barcelona<\/strong> no desestima that it arrive <strong>Vlahovi\u0107<\/strong> but in January will look for a forward at all costs, to loan or property, but need a player that put the balloons and offer the guarantee of at least 15 or 20 goals in the half season that would play for <strong><a data-external=\"0\" data-intl-links-en=\"https:\/\/www.fcbarcelonanoticias.com\/en\/fc-barcelona\/luis-suarez-gets-wet-with-crisis-barcelona-xavi_275957_102.html\" data-intl-links-es=\"https:\/\/www.fcbarcelonanoticias.com\/fc-barcelona\/luis-suarez-se-moja-con-crisis-barcelona-xavi_275957_102.html\" href=\"https:\/\/www.fcbarcelonanoticias.com\/en\/fc-barcelona\/luis-suarez-gets-wet-with-crisis-barcelona-xavi_275957_102.html\" rel=\"follow\" target=\"_self\" title=\"Luis Su\u00e1rez se 'moja' con la crisis del Bar\u00e7a de Xavi\">Xavi<\/a><\/strong>. <strong>Cavani<\/strong> Keeps on being option and one of the main.<\/p>  <h3>Price<\/h3>  <p>Another factor that &#8220;forces&#8221; to park the signing for summer is the box of the <strong>Barcelona<\/strong>, that is still in red numbers waiting for resolving loans and budgets posed. The <strong>Fiorentina<\/strong> surely will ask at least 50 million euros, this yes, in case that some club decide to accelerate his arrival not to litigate with others by the letter of freedom.<\/p>  <h3>Athletic<\/h3>  <p>The colchoneros had advanced the signing of <strong>Vlahovi\u0107<\/strong> and surely will have a lot of options to have he, by what was in winter or in summer, the things do not paint simple for the other clubs interested. <strong>Simeone<\/strong> Wants that the forward turn into the reference of attack beside <strong>Griezmann and Joao F\u00e9lix<\/strong>, going through Luis Su\u00e1rez that in case to renew will have less leadership.<\/p> ","protected":false},"excerpt":{"rendered":"<p>Vlahovi\u0107 Appears in the radar of forwards in Europe and the Barcelona puts his index card to litigate a place in the auction 15 goals in 17 parties is the offensive account that accumulates Vlahovi\u0107 with the Fiorentina in the Italian football, the same numbers that the team violates extra\u00f1ar\u00e1 for the next season since [&hellip;]<\/p>\n","protected":false},"author":383,"featured_media":107561,"comment_status":"closed","ping_status":"open","sticky":false,"template":"","format":"standard","meta":{"_acf_changed":false,"inline_featured_image":false,"_nextfly_llmd_date_locked":false,"footnotes":""},"categories":[111],"tags":[],"class_list":["post-107560","post","type-post","status-publish","format-standard","has-post-thumbnail","hentry","category-fc-barcelona"],"acf":[],"yoast_head":"<!-- This site is optimized with the Yoast SEO plugin v27.3 - https:\/\/yoast.com\/product\/yoast-seo-wordpress\/ -->\n<title>Option for the Bar\u00e7a! Vlahovi\u0107 Will not follow with the Fiorentina<\/title>\n<meta name=\"description\" content=\"Vlahovi\u0107 Appears in the radar of forwards in Europe and the Barcelona puts his index card to litigate a place in the auction\" \/>\n<meta name=\"robots\" content=\"index, follow, max-snippet:-1, max-image-preview:large, max-video-preview:-1\" \/>\n<link rel=\"canonical\" href=\"https:\/\/www.fcbarcelonanoticias.com\/en\/fc-barcelona\/option-for-the-barca-vlahovic-will-not-follow-with-the-fiorentina_275987_102.html\" \/>\n<meta property=\"og:locale\" content=\"en_US\" \/>\n<meta property=\"og:type\" content=\"article\" \/>\n<meta property=\"og:title\" content=\"Option for the Bar\u00e7a! Vlahovi\u0107 Will not follow with the Fiorentina\" \/>\n<meta property=\"og:description\" content=\"Vlahovi\u0107 Appears in the radar of forwards in Europe and the Barcelona puts his index card to litigate a place in the auction\" \/>\n<meta property=\"og:url\" content=\"https:\/\/www.fcbarcelonanoticias.com\/en\/fc-barcelona\/option-for-the-barca-vlahovic-will-not-follow-with-the-fiorentina_275987_102.html\" \/>\n<meta property=\"og:site_name\" content=\"EN - FC Barcelona Noticias\" \/>\n<meta property=\"article:published_time\" content=\"2021-12-16T08:37:00+00:00\" \/>\n<meta property=\"article:modified_time\" content=\"2021-12-16T08:42:00+00:00\" \/>\n<meta property=\"og:image\" content=\"https:\/\/www.fcbarcelonanoticias.com\/en\/wp-content\/uploads\/sites\/2\/2021\/12\/vlahovic-madrid-9.jpeg\" \/>\n\t<meta property=\"og:image:width\" content=\"1300\" \/>\n\t<meta property=\"og:image:height\" content=\"720\" \/>\n\t<meta property=\"og:image:type\" content=\"image\/jpeg\" \/>\n<meta name=\"author\" content=\"user_4039\" \/>\n<meta name=\"twitter:card\" content=\"summary_large_image\" \/>\n<meta name=\"twitter:label1\" content=\"Written by\" \/>\n\t<meta name=\"twitter:data1\" content=\"user_4039\" \/>\n\t<meta name=\"twitter:label2\" content=\"Est. reading time\" \/>\n\t<meta name=\"twitter:data2\" content=\"2 minutes\" \/>\n<script type=\"application\/ld+json\" class=\"yoast-schema-graph\">{\"@context\":\"https:\\\/\\\/schema.org\",\"@graph\":[{\"@type\":\"Article\",\"@id\":\"https:\\\/\\\/www.fcbarcelonanoticias.com\\\/en\\\/fc-barcelona\\\/option-for-the-barca-vlahovic-will-not-follow-with-the-fiorentina_275987_102.html#article\",\"isPartOf\":{\"@id\":\"https:\\\/\\\/www.fcbarcelonanoticias.com\\\/en\\\/fc-barcelona\\\/option-for-the-barca-vlahovic-will-not-follow-with-the-fiorentina_275987_102.html\"},\"author\":{\"name\":\"user_4039\",\"@id\":\"https:\\\/\\\/www.fcbarcelonanoticias.com\\\/en\\\/#\\\/schema\\\/person\\\/8c9c58b3a115d5dbb321818a6eaa1625\"},\"headline\":\"Option for the Bar\u00e7a! Vlahovi\u0107 Will not follow with the Fiorentina\",\"datePublished\":\"2021-12-16T08:37:00+00:00\",\"dateModified\":\"2021-12-16T08:42:00+00:00\",\"mainEntityOfPage\":{\"@id\":\"https:\\\/\\\/www.fcbarcelonanoticias.com\\\/en\\\/fc-barcelona\\\/option-for-the-barca-vlahovic-will-not-follow-with-the-fiorentina_275987_102.html\"},\"wordCount\":464,\"image\":{\"@id\":\"https:\\\/\\\/www.fcbarcelonanoticias.com\\\/en\\\/fc-barcelona\\\/option-for-the-barca-vlahovic-will-not-follow-with-the-fiorentina_275987_102.html#primaryimage\"},\"thumbnailUrl\":\"https:\\\/\\\/www.fcbarcelonanoticias.com\\\/en\\\/wp-content\\\/uploads\\\/sites\\\/2\\\/2021\\\/12\\\/vlahovic-madrid-9.jpeg\",\"articleSection\":[\"FC Barcelona\"],\"inLanguage\":\"en-US\"},{\"@type\":\"WebPage\",\"@id\":\"https:\\\/\\\/www.fcbarcelonanoticias.com\\\/en\\\/fc-barcelona\\\/option-for-the-barca-vlahovic-will-not-follow-with-the-fiorentina_275987_102.html\",\"url\":\"https:\\\/\\\/www.fcbarcelonanoticias.com\\\/en\\\/fc-barcelona\\\/option-for-the-barca-vlahovic-will-not-follow-with-the-fiorentina_275987_102.html\",\"name\":\"Option for the Bar\u00e7a! Vlahovi\u0107 Will not follow with the Fiorentina\",\"isPartOf\":{\"@id\":\"https:\\\/\\\/www.fcbarcelonanoticias.com\\\/en\\\/#website\"},\"primaryImageOfPage\":{\"@id\":\"https:\\\/\\\/www.fcbarcelonanoticias.com\\\/en\\\/fc-barcelona\\\/option-for-the-barca-vlahovic-will-not-follow-with-the-fiorentina_275987_102.html#primaryimage\"},\"image\":{\"@id\":\"https:\\\/\\\/www.fcbarcelonanoticias.com\\\/en\\\/fc-barcelona\\\/option-for-the-barca-vlahovic-will-not-follow-with-the-fiorentina_275987_102.html#primaryimage\"},\"thumbnailUrl\":\"https:\\\/\\\/www.fcbarcelonanoticias.com\\\/en\\\/wp-content\\\/uploads\\\/sites\\\/2\\\/2021\\\/12\\\/vlahovic-madrid-9.jpeg\",\"datePublished\":\"2021-12-16T08:37:00+00:00\",\"dateModified\":\"2021-12-16T08:42:00+00:00\",\"author\":{\"@id\":\"https:\\\/\\\/www.fcbarcelonanoticias.com\\\/en\\\/#\\\/schema\\\/person\\\/8c9c58b3a115d5dbb321818a6eaa1625\"},\"description\":\"Vlahovi\u0107 Appears in the radar of forwards in Europe and the Barcelona puts his index card to litigate a place in the auction\",\"breadcrumb\":{\"@id\":\"https:\\\/\\\/www.fcbarcelonanoticias.com\\\/en\\\/fc-barcelona\\\/option-for-the-barca-vlahovic-will-not-follow-with-the-fiorentina_275987_102.html#breadcrumb\"},\"inLanguage\":\"en-US\",\"potentialAction\":[{\"@type\":\"ReadAction\",\"target\":[\"https:\\\/\\\/www.fcbarcelonanoticias.com\\\/en\\\/fc-barcelona\\\/option-for-the-barca-vlahovic-will-not-follow-with-the-fiorentina_275987_102.html\"]}]},{\"@type\":\"ImageObject\",\"inLanguage\":\"en-US\",\"@id\":\"https:\\\/\\\/www.fcbarcelonanoticias.com\\\/en\\\/fc-barcelona\\\/option-for-the-barca-vlahovic-will-not-follow-with-the-fiorentina_275987_102.html#primaryimage\",\"url\":\"https:\\\/\\\/www.fcbarcelonanoticias.com\\\/en\\\/wp-content\\\/uploads\\\/sites\\\/2\\\/2021\\\/12\\\/vlahovic-madrid-9.jpeg\",\"contentUrl\":\"https:\\\/\\\/www.fcbarcelonanoticias.com\\\/en\\\/wp-content\\\/uploads\\\/sites\\\/2\\\/2021\\\/12\\\/vlahovic-madrid-9.jpeg\",\"width\":1300,\"height\":720},{\"@type\":\"BreadcrumbList\",\"@id\":\"https:\\\/\\\/www.fcbarcelonanoticias.com\\\/en\\\/fc-barcelona\\\/option-for-the-barca-vlahovic-will-not-follow-with-the-fiorentina_275987_102.html#breadcrumb\",\"itemListElement\":[{\"@type\":\"ListItem\",\"position\":1,\"name\":\"Portada\",\"item\":\"https:\\\/\\\/www.fcbarcelonanoticias.com\\\/en\\\/\"},{\"@type\":\"ListItem\",\"position\":2,\"name\":\"Option for the Bar\u00e7a! Vlahovi\u0107 Will not follow with the Fiorentina\"}]},{\"@type\":\"WebSite\",\"@id\":\"https:\\\/\\\/www.fcbarcelonanoticias.com\\\/en\\\/#website\",\"url\":\"https:\\\/\\\/www.fcbarcelonanoticias.com\\\/en\\\/\",\"name\":\"EN - FC Barcelona Noticias\",\"description\":\"\",\"potentialAction\":[{\"@type\":\"SearchAction\",\"target\":{\"@type\":\"EntryPoint\",\"urlTemplate\":\"https:\\\/\\\/www.fcbarcelonanoticias.com\\\/en\\\/?s={search_term_string}\"},\"query-input\":{\"@type\":\"PropertyValueSpecification\",\"valueRequired\":true,\"valueName\":\"search_term_string\"}}],\"inLanguage\":\"en-US\"},{\"@type\":\"Person\",\"@id\":\"https:\\\/\\\/www.fcbarcelonanoticias.com\\\/en\\\/#\\\/schema\\\/person\\\/8c9c58b3a115d5dbb321818a6eaa1625\",\"name\":\"user_4039\",\"image\":{\"@type\":\"ImageObject\",\"inLanguage\":\"en-US\",\"@id\":\"https:\\\/\\\/secure.gravatar.com\\\/avatar\\\/?s=96&d=mm&r=g\",\"url\":\"https:\\\/\\\/secure.gravatar.com\\\/avatar\\\/?s=96&d=mm&r=g\",\"contentUrl\":\"https:\\\/\\\/secure.gravatar.com\\\/avatar\\\/?s=96&d=mm&r=g\",\"caption\":\"user_4039\"},\"url\":\"https:\\\/\\\/www.fcbarcelonanoticias.com\\\/en\\\/user_4039.html\"}]}<\/script>\n<!-- \/ Yoast SEO plugin. -->","yoast_head_json":{"title":"Option for the Bar\u00e7a! Vlahovi\u0107 Will not follow with the Fiorentina","description":"Vlahovi\u0107 Appears in the radar of forwards in Europe and the Barcelona puts his index card to litigate a place in the auction","robots":{"index":"index","follow":"follow","max-snippet":"max-snippet:-1","max-image-preview":"max-image-preview:large","max-video-preview":"max-video-preview:-1"},"canonical":"https:\/\/www.fcbarcelonanoticias.com\/en\/fc-barcelona\/option-for-the-barca-vlahovic-will-not-follow-with-the-fiorentina_275987_102.html","og_locale":"en_US","og_type":"article","og_title":"Option for the Bar\u00e7a! Vlahovi\u0107 Will not follow with the Fiorentina","og_description":"Vlahovi\u0107 Appears in the radar of forwards in Europe and the Barcelona puts his index card to litigate a place in the auction","og_url":"https:\/\/www.fcbarcelonanoticias.com\/en\/fc-barcelona\/option-for-the-barca-vlahovic-will-not-follow-with-the-fiorentina_275987_102.html","og_site_name":"EN - FC Barcelona Noticias","article_published_time":"2021-12-16T08:37:00+00:00","article_modified_time":"2021-12-16T08:42:00+00:00","og_image":[{"width":1300,"height":720,"url":"https:\/\/www.fcbarcelonanoticias.com\/en\/wp-content\/uploads\/sites\/2\/2021\/12\/vlahovic-madrid-9.jpeg","type":"image\/jpeg"}],"author":"user_4039","twitter_card":"summary_large_image","twitter_misc":{"Written by":"user_4039","Est. reading time":"2 minutes"},"schema":{"@context":"https:\/\/schema.org","@graph":[{"@type":"Article","@id":"https:\/\/www.fcbarcelonanoticias.com\/en\/fc-barcelona\/option-for-the-barca-vlahovic-will-not-follow-with-the-fiorentina_275987_102.html#article","isPartOf":{"@id":"https:\/\/www.fcbarcelonanoticias.com\/en\/fc-barcelona\/option-for-the-barca-vlahovic-will-not-follow-with-the-fiorentina_275987_102.html"},"author":{"name":"user_4039","@id":"https:\/\/www.fcbarcelonanoticias.com\/en\/#\/schema\/person\/8c9c58b3a115d5dbb321818a6eaa1625"},"headline":"Option for the Bar\u00e7a! Vlahovi\u0107 Will not follow with the Fiorentina","datePublished":"2021-12-16T08:37:00+00:00","dateModified":"2021-12-16T08:42:00+00:00","mainEntityOfPage":{"@id":"https:\/\/www.fcbarcelonanoticias.com\/en\/fc-barcelona\/option-for-the-barca-vlahovic-will-not-follow-with-the-fiorentina_275987_102.html"},"wordCount":464,"image":{"@id":"https:\/\/www.fcbarcelonanoticias.com\/en\/fc-barcelona\/option-for-the-barca-vlahovic-will-not-follow-with-the-fiorentina_275987_102.html#primaryimage"},"thumbnailUrl":"https:\/\/www.fcbarcelonanoticias.com\/en\/wp-content\/uploads\/sites\/2\/2021\/12\/vlahovic-madrid-9.jpeg","articleSection":["FC Barcelona"],"inLanguage":"en-US"},{"@type":"WebPage","@id":"https:\/\/www.fcbarcelonanoticias.com\/en\/fc-barcelona\/option-for-the-barca-vlahovic-will-not-follow-with-the-fiorentina_275987_102.html","url":"https:\/\/www.fcbarcelonanoticias.com\/en\/fc-barcelona\/option-for-the-barca-vlahovic-will-not-follow-with-the-fiorentina_275987_102.html","name":"Option for the Bar\u00e7a! Vlahovi\u0107 Will not follow with the Fiorentina","isPartOf":{"@id":"https:\/\/www.fcbarcelonanoticias.com\/en\/#website"},"primaryImageOfPage":{"@id":"https:\/\/www.fcbarcelonanoticias.com\/en\/fc-barcelona\/option-for-the-barca-vlahovic-will-not-follow-with-the-fiorentina_275987_102.html#primaryimage"},"image":{"@id":"https:\/\/www.fcbarcelonanoticias.com\/en\/fc-barcelona\/option-for-the-barca-vlahovic-will-not-follow-with-the-fiorentina_275987_102.html#primaryimage"},"thumbnailUrl":"https:\/\/www.fcbarcelonanoticias.com\/en\/wp-content\/uploads\/sites\/2\/2021\/12\/vlahovic-madrid-9.jpeg","datePublished":"2021-12-16T08:37:00+00:00","dateModified":"2021-12-16T08:42:00+00:00","author":{"@id":"https:\/\/www.fcbarcelonanoticias.com\/en\/#\/schema\/person\/8c9c58b3a115d5dbb321818a6eaa1625"},"description":"Vlahovi\u0107 Appears in the radar of forwards in Europe and the Barcelona puts his index card to litigate a place in the auction","breadcrumb":{"@id":"https:\/\/www.fcbarcelonanoticias.com\/en\/fc-barcelona\/option-for-the-barca-vlahovic-will-not-follow-with-the-fiorentina_275987_102.html#breadcrumb"},"inLanguage":"en-US","potentialAction":[{"@type":"ReadAction","target":["https:\/\/www.fcbarcelonanoticias.com\/en\/fc-barcelona\/option-for-the-barca-vlahovic-will-not-follow-with-the-fiorentina_275987_102.html"]}]},{"@type":"ImageObject","inLanguage":"en-US","@id":"https:\/\/www.fcbarcelonanoticias.com\/en\/fc-barcelona\/option-for-the-barca-vlahovic-will-not-follow-with-the-fiorentina_275987_102.html#primaryimage","url":"https:\/\/www.fcbarcelonanoticias.com\/en\/wp-content\/uploads\/sites\/2\/2021\/12\/vlahovic-madrid-9.jpeg","contentUrl":"https:\/\/www.fcbarcelonanoticias.com\/en\/wp-content\/uploads\/sites\/2\/2021\/12\/vlahovic-madrid-9.jpeg","width":1300,"height":720},{"@type":"BreadcrumbList","@id":"https:\/\/www.fcbarcelonanoticias.com\/en\/fc-barcelona\/option-for-the-barca-vlahovic-will-not-follow-with-the-fiorentina_275987_102.html#breadcrumb","itemListElement":[{"@type":"ListItem","position":1,"name":"Portada","item":"https:\/\/www.fcbarcelonanoticias.com\/en\/"},{"@type":"ListItem","position":2,"name":"Option for the Bar\u00e7a! Vlahovi\u0107 Will not follow with the Fiorentina"}]},{"@type":"WebSite","@id":"https:\/\/www.fcbarcelonanoticias.com\/en\/#website","url":"https:\/\/www.fcbarcelonanoticias.com\/en\/","name":"EN - FC Barcelona Noticias","description":"","potentialAction":[{"@type":"SearchAction","target":{"@type":"EntryPoint","urlTemplate":"https:\/\/www.fcbarcelonanoticias.com\/en\/?s={search_term_string}"},"query-input":{"@type":"PropertyValueSpecification","valueRequired":true,"valueName":"search_term_string"}}],"inLanguage":"en-US"},{"@type":"Person","@id":"https:\/\/www.fcbarcelonanoticias.com\/en\/#\/schema\/person\/8c9c58b3a115d5dbb321818a6eaa1625","name":"user_4039","image":{"@type":"ImageObject","inLanguage":"en-US","@id":"https:\/\/secure.gravatar.com\/avatar\/?s=96&d=mm&r=g","url":"https:\/\/secure.gravatar.com\/avatar\/?s=96&d=mm&r=g","contentUrl":"https:\/\/secure.gravatar.com\/avatar\/?s=96&d=mm&r=g","caption":"user_4039"},"url":"https:\/\/www.fcbarcelonanoticias.com\/en\/user_4039.html"}]}},"_links":{"self":[{"href":"https:\/\/www.fcbarcelonanoticias.com\/en\/wp-json\/wp\/v2\/posts\/107560","targetHints":{"allow":["GET"]}}],"collection":[{"href":"https:\/\/www.fcbarcelonanoticias.com\/en\/wp-json\/wp\/v2\/posts"}],"about":[{"href":"https:\/\/www.fcbarcelonanoticias.com\/en\/wp-json\/wp\/v2\/types\/post"}],"author":[{"embeddable":true,"href":"https:\/\/www.fcbarcelonanoticias.com\/en\/wp-json\/wp\/v2\/users\/383"}],"replies":[{"embeddable":true,"href":"https:\/\/www.fcbarcelonanoticias.com\/en\/wp-json\/wp\/v2\/comments?post=107560"}],"version-history":[{"count":1,"href":"https:\/\/www.fcbarcelonanoticias.com\/en\/wp-json\/wp\/v2\/posts\/107560\/revisions"}],"predecessor-version":[{"id":148279,"href":"https:\/\/www.fcbarcelonanoticias.com\/en\/wp-json\/wp\/v2\/posts\/107560\/revisions\/148279"}],"wp:featuredmedia":[{"embeddable":true,"href":"https:\/\/www.fcbarcelonanoticias.com\/en\/wp-json\/wp\/v2\/media\/107561"}],"wp:attachment":[{"href":"https:\/\/www.fcbarcelonanoticias.com\/en\/wp-json\/wp\/v2\/media?parent=107560"}],"wp:term":[{"taxonomy":"category","embeddable":true,"href":"https:\/\/www.fcbarcelonanoticias.com\/en\/wp-json\/wp\/v2\/categories?post=107560"},{"taxonomy":"post_tag","embeddable":true,"href":"https:\/\/www.fcbarcelonanoticias.com\/en\/wp-json\/wp\/v2\/tags?post=107560"}],"curies":[{"name":"wp","href":"https:\/\/api.w.org\/{rel}","templated":true}]}}