{"id":107646,"date":"2024-06-29T15:26:00","date_gmt":"2024-06-29T13:26:00","guid":{"rendered":"https:\/\/weisetech.dev\/fc-barcelona-noticias\/en\/pablo-torre-will-fight-for-his-continuity-in-fc-barcelona-season-24-25_304973_102\/"},"modified":"2024-06-29T15:27:00","modified_gmt":"2024-06-29T13:27:00","slug":"pablo-torre-will-fight-for-his-continuity-in-fc-barcelona-season-24-25_304973_102","status":"publish","type":"post","link":"https:\/\/www.fcbarcelonanoticias.com\/en\/fc-barcelona\/pablo-torre-will-fight-for-his-continuity-in-fc-barcelona-season-24-25_304973_102.html","title":{"rendered":"Pablo Torre will fight for his continuity at FC Barcelona for the 24\/25 season"},"content":{"rendered":"<h2 class=\"wp-block-heading\">FC Barcelona must decide what to do with Pablo Torre for the 2024\/25 season, since although the idea of \u200b\u200ba loan seems to be quite feasible, the Cantabrian&#8217;s purposes seem to be different: to earn a place in the dynamic cul\u00e9<\/h2>  \r\n<div class=\"article-addons\">\r\n    <a href=\"https:\/\/www.fcbarcelonanoticias.com\/en\/calendar-fc-barcelona.html\"\r\n       target=\"_self\"\r\n       title=\"Calendar of FC Barcelona\"\r\n       class=\"blue-gredient-btn\">\r\n       \r\n        Calendar of FC Barcelona    <\/a>\r\n<\/div>   <p>The future of Pablo Tower luce of the most uncertain in the FC Barcelona. The one of Soto of the Marine has agreement with the picture cul\u00e9 until 2026; however, after having a season 2023\/24 little participatory, in which you grieve could leave destellos of his game in the Girona of M\u00edchel and company (added 29 commitments, a goal and two assistances), has gone in in a zone of debate <strong>in which it questions if it has to continue in the team for the next course<\/strong> or if it has to bet for yielding him again.<\/p>  <p>In this point, the Cantabrian already seems to have a decision taken. As it informed in &#8216;Sportive World&#8217;, the canterano of Racing of Santander <strong>has all the intentions to remain the next period in the combined Catalan<\/strong>. Therefore, <a data-external=\"0\" data-intl-links-en=\"https:\/\/www.fcbarcelonanoticias.com\/en\/preseason\/official-start-date-of-the-preseason-and-the-trip-to-america-for-hansi-flick-new-barca_304877_102.html\" data-intl-links-es=\"https:\/\/www.fcbarcelonanoticias.com\/pretemporada\/oficial-fecha-inicio-pretemporada-viaje-america-nuevo-barca-hansi-flick_304877_102.html\" href=\"https:\/\/www.fcbarcelonanoticias.com\/en\/preseason\/official-start-date-of-the-preseason-and-the-trip-to-america-for-hansi-flick-new-barca_304877_102.html\" rel=\"follow\" target=\"_self\" title=\"\u00a1OFICIAL! Fecha de inicio de la pretemporada y del viaje a Am\u00e9rica del nuevo Bar\u00e7a de Hansi Flick\">from the next 10 July<\/a>, day that Hansi Flick stipulated to return to the work, will be in the Ciutat Esportiva to happen the medical review and face the pre-season 2024\/25 from the day one.<\/p>  <p>Now, his permanence will depend on what can do in the pre-season under the tutela of the German trainer. It is necessary to remember that to the of Baden-Wurtemberg work with a diagram 4-2-3-1 and that appeals to the use of a mediapunta, the options of Pablo Tower, <strong>the one who has known to deploy his best game in this zone with leeway, could see increased<\/strong>.<\/p>  <h2>Pablo Tower will have to win a contingent in a medullary zone with &#8216;overbooking&#8217; of &#8216;jugones&#8217;<\/h2>  <p>However, there is a no lower detail to take into account and goes through the fact that in the payroll of the FC Barcelona <strong>there is several active in the medullary zone that can exert this position<\/strong>, as Pedri Gonz\u00e1lez, Ferm\u00edn L\u00f3pez and even the same Ilkay G\u00fcndogan. Therefore, <a data-external=\"0\" data-intl-links-en=\"https:\/\/www.fcbarcelonanoticias.com\/en\/transfers\/pablo-torre-future-at-flick-barca-is-increasingly-complicated_304349_102.html\" data-intl-links-es=\"https:\/\/www.fcbarcelonanoticias.com\/fichajes\/futuro-pablo-torre-en-barca-flick-es-cada-vez-mas-complicado_304349_102.html\" href=\"https:\/\/www.fcbarcelonanoticias.com\/en\/transfers\/pablo-torre-future-at-flick-barca-is-increasingly-complicated_304349_102.html\" rel=\"follow\" target=\"_self\" title=\"El futuro de Pablo Torre en el Bar\u00e7a de Flick es cada vez m\u00e1s complicado\">it will not be at all simple for the Cantabrian do of a contingent in the sportive planning cul\u00e9<\/a> for the campaign 2024\/25. Here it is where the stage of a new exit does not seem descabellado.<\/p>  <p>Beaux do not go him to be missing to the talentoso midfield player, the one who arrived to comment that in the case that the Catalan cast had planned to give him a new exit,<strong> he would prioritise to return again yielded to the Girona<\/strong>. Nevertheless, it does not seem to be the only club of LaLiga that would not see with bad eyes have to a player that, when it is in his best form, has showed to be a talent of the first level and with projection to be &#8216;top&#8217;.<\/p> ","protected":false},"excerpt":{"rendered":"<p>FC Barcelona must decide what to do with Pablo Torre for the 2024\/25 season, since although the idea of \u200b\u200ba loan seems to be quite feasible, the Cantabrian&#8217;s purposes seem to be different: to earn a place in the dynamic cul\u00e9 The future of Pablo Tower luce of the most uncertain in the FC Barcelona. [&hellip;]<\/p>\n","protected":false},"author":355,"featured_media":107647,"comment_status":"closed","ping_status":"open","sticky":false,"template":"","format":"standard","meta":{"_acf_changed":false,"inline_featured_image":false,"_nextfly_llmd_date_locked":false,"footnotes":""},"categories":[111],"tags":[87],"class_list":["post-107646","post","type-post","status-publish","format-standard","has-post-thumbnail","hentry","category-fc-barcelona","tag-hansi-flick"],"acf":[],"yoast_head":"<!-- This site is optimized with the Yoast SEO plugin v27.3 - https:\/\/yoast.com\/product\/yoast-seo-wordpress\/ -->\n<title>Pablo Torre will fight for his continuity at FC Barcelona for the 24\/25 season<\/title>\n<meta name=\"description\" content=\"FC Barcelona must decide what to do with Pablo Torre for the 2024\/25 season, since although the idea of \u200b\u200ba loan seems to be quite feasible, the Cantabrian&#039;s purposes seem to be different: to earn a place in the dynamic cul\u00e9\" \/>\n<meta name=\"robots\" content=\"index, follow, max-snippet:-1, max-image-preview:large, max-video-preview:-1\" \/>\n<link rel=\"canonical\" href=\"https:\/\/www.fcbarcelonanoticias.com\/en\/fc-barcelona\/pablo-torre-will-fight-for-his-continuity-in-fc-barcelona-season-24-25_304973_102.html\" \/>\n<meta property=\"og:locale\" content=\"en_US\" \/>\n<meta property=\"og:type\" content=\"article\" \/>\n<meta property=\"og:title\" content=\"Pablo Torre will fight for his continuity at FC Barcelona for the 24\/25 season\" \/>\n<meta property=\"og:description\" content=\"FC Barcelona must decide what to do with Pablo Torre for the 2024\/25 season, since although the idea of \u200b\u200ba loan seems to be quite feasible, the Cantabrian&#039;s purposes seem to be different: to earn a place in the dynamic cul\u00e9\" \/>\n<meta property=\"og:url\" content=\"https:\/\/www.fcbarcelonanoticias.com\/en\/fc-barcelona\/pablo-torre-will-fight-for-his-continuity-in-fc-barcelona-season-24-25_304973_102.html\" \/>\n<meta property=\"og:site_name\" content=\"EN - FC Barcelona Noticias\" \/>\n<meta property=\"article:published_time\" content=\"2024-06-29T13:26:00+00:00\" \/>\n<meta property=\"article:modified_time\" content=\"2024-06-29T13:27:00+00:00\" \/>\n<meta property=\"og:image\" content=\"https:\/\/www.fcbarcelonanoticias.com\/en\/wp-content\/uploads\/sites\/2\/2024\/06\/pablo-torre-banquillo.jpeg\" \/>\n\t<meta property=\"og:image:width\" content=\"1300\" \/>\n\t<meta property=\"og:image:height\" content=\"735\" \/>\n\t<meta property=\"og:image:type\" content=\"image\/jpeg\" \/>\n<meta name=\"author\" content=\"Kevin G\u00f3mez\" \/>\n<meta name=\"twitter:card\" content=\"summary_large_image\" \/>\n<meta name=\"twitter:label1\" content=\"Written by\" \/>\n\t<meta name=\"twitter:data1\" content=\"Kevin G\u00f3mez\" \/>\n\t<meta name=\"twitter:label2\" content=\"Est. reading time\" \/>\n\t<meta name=\"twitter:data2\" content=\"2 minutes\" \/>\n<script type=\"application\/ld+json\" class=\"yoast-schema-graph\">{\"@context\":\"https:\\\/\\\/schema.org\",\"@graph\":[{\"@type\":\"Article\",\"@id\":\"https:\\\/\\\/www.fcbarcelonanoticias.com\\\/en\\\/fc-barcelona\\\/pablo-torre-will-fight-for-his-continuity-in-fc-barcelona-season-24-25_304973_102.html#article\",\"isPartOf\":{\"@id\":\"https:\\\/\\\/www.fcbarcelonanoticias.com\\\/en\\\/fc-barcelona\\\/pablo-torre-will-fight-for-his-continuity-in-fc-barcelona-season-24-25_304973_102.html\"},\"author\":{\"name\":\"Kevin G\u00f3mez\",\"@id\":\"https:\\\/\\\/www.fcbarcelonanoticias.com\\\/en\\\/#\\\/schema\\\/person\\\/991443f134df9a64c6874f96ff984c9d\"},\"headline\":\"Pablo Torre will fight for his continuity at FC Barcelona for the 24\\\/25 season\",\"datePublished\":\"2024-06-29T13:26:00+00:00\",\"dateModified\":\"2024-06-29T13:27:00+00:00\",\"mainEntityOfPage\":{\"@id\":\"https:\\\/\\\/www.fcbarcelonanoticias.com\\\/en\\\/fc-barcelona\\\/pablo-torre-will-fight-for-his-continuity-in-fc-barcelona-season-24-25_304973_102.html\"},\"wordCount\":484,\"image\":{\"@id\":\"https:\\\/\\\/www.fcbarcelonanoticias.com\\\/en\\\/fc-barcelona\\\/pablo-torre-will-fight-for-his-continuity-in-fc-barcelona-season-24-25_304973_102.html#primaryimage\"},\"thumbnailUrl\":\"https:\\\/\\\/www.fcbarcelonanoticias.com\\\/en\\\/wp-content\\\/uploads\\\/sites\\\/2\\\/2024\\\/06\\\/pablo-torre-banquillo.jpeg\",\"keywords\":[\"Hansi Flick\"],\"articleSection\":[\"FC Barcelona\"],\"inLanguage\":\"en-US\"},{\"@type\":\"WebPage\",\"@id\":\"https:\\\/\\\/www.fcbarcelonanoticias.com\\\/en\\\/fc-barcelona\\\/pablo-torre-will-fight-for-his-continuity-in-fc-barcelona-season-24-25_304973_102.html\",\"url\":\"https:\\\/\\\/www.fcbarcelonanoticias.com\\\/en\\\/fc-barcelona\\\/pablo-torre-will-fight-for-his-continuity-in-fc-barcelona-season-24-25_304973_102.html\",\"name\":\"Pablo Torre will fight for his continuity at FC Barcelona for the 24\\\/25 season\",\"isPartOf\":{\"@id\":\"https:\\\/\\\/www.fcbarcelonanoticias.com\\\/en\\\/#website\"},\"primaryImageOfPage\":{\"@id\":\"https:\\\/\\\/www.fcbarcelonanoticias.com\\\/en\\\/fc-barcelona\\\/pablo-torre-will-fight-for-his-continuity-in-fc-barcelona-season-24-25_304973_102.html#primaryimage\"},\"image\":{\"@id\":\"https:\\\/\\\/www.fcbarcelonanoticias.com\\\/en\\\/fc-barcelona\\\/pablo-torre-will-fight-for-his-continuity-in-fc-barcelona-season-24-25_304973_102.html#primaryimage\"},\"thumbnailUrl\":\"https:\\\/\\\/www.fcbarcelonanoticias.com\\\/en\\\/wp-content\\\/uploads\\\/sites\\\/2\\\/2024\\\/06\\\/pablo-torre-banquillo.jpeg\",\"datePublished\":\"2024-06-29T13:26:00+00:00\",\"dateModified\":\"2024-06-29T13:27:00+00:00\",\"author\":{\"@id\":\"https:\\\/\\\/www.fcbarcelonanoticias.com\\\/en\\\/#\\\/schema\\\/person\\\/991443f134df9a64c6874f96ff984c9d\"},\"description\":\"FC Barcelona must decide what to do with Pablo Torre for the 2024\\\/25 season, since although the idea of \u200b\u200ba loan seems to be quite feasible, the Cantabrian's purposes seem to be different: to earn a place in the dynamic cul\u00e9\",\"breadcrumb\":{\"@id\":\"https:\\\/\\\/www.fcbarcelonanoticias.com\\\/en\\\/fc-barcelona\\\/pablo-torre-will-fight-for-his-continuity-in-fc-barcelona-season-24-25_304973_102.html#breadcrumb\"},\"inLanguage\":\"en-US\",\"potentialAction\":[{\"@type\":\"ReadAction\",\"target\":[\"https:\\\/\\\/www.fcbarcelonanoticias.com\\\/en\\\/fc-barcelona\\\/pablo-torre-will-fight-for-his-continuity-in-fc-barcelona-season-24-25_304973_102.html\"]}]},{\"@type\":\"ImageObject\",\"inLanguage\":\"en-US\",\"@id\":\"https:\\\/\\\/www.fcbarcelonanoticias.com\\\/en\\\/fc-barcelona\\\/pablo-torre-will-fight-for-his-continuity-in-fc-barcelona-season-24-25_304973_102.html#primaryimage\",\"url\":\"https:\\\/\\\/www.fcbarcelonanoticias.com\\\/en\\\/wp-content\\\/uploads\\\/sites\\\/2\\\/2024\\\/06\\\/pablo-torre-banquillo.jpeg\",\"contentUrl\":\"https:\\\/\\\/www.fcbarcelonanoticias.com\\\/en\\\/wp-content\\\/uploads\\\/sites\\\/2\\\/2024\\\/06\\\/pablo-torre-banquillo.jpeg\",\"width\":1300,\"height\":735},{\"@type\":\"BreadcrumbList\",\"@id\":\"https:\\\/\\\/www.fcbarcelonanoticias.com\\\/en\\\/fc-barcelona\\\/pablo-torre-will-fight-for-his-continuity-in-fc-barcelona-season-24-25_304973_102.html#breadcrumb\",\"itemListElement\":[{\"@type\":\"ListItem\",\"position\":1,\"name\":\"Portada\",\"item\":\"https:\\\/\\\/www.fcbarcelonanoticias.com\\\/en\\\/\"},{\"@type\":\"ListItem\",\"position\":2,\"name\":\"Pablo Torre will fight for his continuity at FC Barcelona for the 24\\\/25 season\"}]},{\"@type\":\"WebSite\",\"@id\":\"https:\\\/\\\/www.fcbarcelonanoticias.com\\\/en\\\/#website\",\"url\":\"https:\\\/\\\/www.fcbarcelonanoticias.com\\\/en\\\/\",\"name\":\"EN - FC Barcelona Noticias\",\"description\":\"\",\"potentialAction\":[{\"@type\":\"SearchAction\",\"target\":{\"@type\":\"EntryPoint\",\"urlTemplate\":\"https:\\\/\\\/www.fcbarcelonanoticias.com\\\/en\\\/?s={search_term_string}\"},\"query-input\":{\"@type\":\"PropertyValueSpecification\",\"valueRequired\":true,\"valueName\":\"search_term_string\"}}],\"inLanguage\":\"en-US\"},{\"@type\":\"Person\",\"@id\":\"https:\\\/\\\/www.fcbarcelonanoticias.com\\\/en\\\/#\\\/schema\\\/person\\\/991443f134df9a64c6874f96ff984c9d\",\"name\":\"Kevin G\u00f3mez\",\"image\":{\"@type\":\"ImageObject\",\"inLanguage\":\"en-US\",\"@id\":\"https:\\\/\\\/secure.gravatar.com\\\/avatar\\\/?s=96&d=mm&r=g\",\"url\":\"https:\\\/\\\/secure.gravatar.com\\\/avatar\\\/?s=96&d=mm&r=g\",\"contentUrl\":\"https:\\\/\\\/secure.gravatar.com\\\/avatar\\\/?s=96&d=mm&r=g\",\"caption\":\"Kevin G\u00f3mez\"},\"description\":\"Licenciado\u00a0en Periodismo y Comunicaci\u00f3n Audiovisual. Redactor en FCBN responsable de cubrir toda\u00a0la informaci\u00f3n del FC Barcelona y las principales competiciones de\u00a0f\u00fatbol.\",\"url\":\"https:\\\/\\\/www.fcbarcelonanoticias.com\\\/en\\\/jugadores\\\/kevin-gomez_23_115.html\"}]}<\/script>\n<!-- \/ Yoast SEO plugin. -->","yoast_head_json":{"title":"Pablo Torre will fight for his continuity at FC Barcelona for the 24\/25 season","description":"FC Barcelona must decide what to do with Pablo Torre for the 2024\/25 season, since although the idea of \u200b\u200ba loan seems to be quite feasible, the Cantabrian's purposes seem to be different: to earn a place in the dynamic cul\u00e9","robots":{"index":"index","follow":"follow","max-snippet":"max-snippet:-1","max-image-preview":"max-image-preview:large","max-video-preview":"max-video-preview:-1"},"canonical":"https:\/\/www.fcbarcelonanoticias.com\/en\/fc-barcelona\/pablo-torre-will-fight-for-his-continuity-in-fc-barcelona-season-24-25_304973_102.html","og_locale":"en_US","og_type":"article","og_title":"Pablo Torre will fight for his continuity at FC Barcelona for the 24\/25 season","og_description":"FC Barcelona must decide what to do with Pablo Torre for the 2024\/25 season, since although the idea of \u200b\u200ba loan seems to be quite feasible, the Cantabrian's purposes seem to be different: to earn a place in the dynamic cul\u00e9","og_url":"https:\/\/www.fcbarcelonanoticias.com\/en\/fc-barcelona\/pablo-torre-will-fight-for-his-continuity-in-fc-barcelona-season-24-25_304973_102.html","og_site_name":"EN - FC Barcelona Noticias","article_published_time":"2024-06-29T13:26:00+00:00","article_modified_time":"2024-06-29T13:27:00+00:00","og_image":[{"width":1300,"height":735,"url":"https:\/\/www.fcbarcelonanoticias.com\/en\/wp-content\/uploads\/sites\/2\/2024\/06\/pablo-torre-banquillo.jpeg","type":"image\/jpeg"}],"author":"Kevin G\u00f3mez","twitter_card":"summary_large_image","twitter_misc":{"Written by":"Kevin G\u00f3mez","Est. reading time":"2 minutes"},"schema":{"@context":"https:\/\/schema.org","@graph":[{"@type":"Article","@id":"https:\/\/www.fcbarcelonanoticias.com\/en\/fc-barcelona\/pablo-torre-will-fight-for-his-continuity-in-fc-barcelona-season-24-25_304973_102.html#article","isPartOf":{"@id":"https:\/\/www.fcbarcelonanoticias.com\/en\/fc-barcelona\/pablo-torre-will-fight-for-his-continuity-in-fc-barcelona-season-24-25_304973_102.html"},"author":{"name":"Kevin G\u00f3mez","@id":"https:\/\/www.fcbarcelonanoticias.com\/en\/#\/schema\/person\/991443f134df9a64c6874f96ff984c9d"},"headline":"Pablo Torre will fight for his continuity at FC Barcelona for the 24\/25 season","datePublished":"2024-06-29T13:26:00+00:00","dateModified":"2024-06-29T13:27:00+00:00","mainEntityOfPage":{"@id":"https:\/\/www.fcbarcelonanoticias.com\/en\/fc-barcelona\/pablo-torre-will-fight-for-his-continuity-in-fc-barcelona-season-24-25_304973_102.html"},"wordCount":484,"image":{"@id":"https:\/\/www.fcbarcelonanoticias.com\/en\/fc-barcelona\/pablo-torre-will-fight-for-his-continuity-in-fc-barcelona-season-24-25_304973_102.html#primaryimage"},"thumbnailUrl":"https:\/\/www.fcbarcelonanoticias.com\/en\/wp-content\/uploads\/sites\/2\/2024\/06\/pablo-torre-banquillo.jpeg","keywords":["Hansi Flick"],"articleSection":["FC Barcelona"],"inLanguage":"en-US"},{"@type":"WebPage","@id":"https:\/\/www.fcbarcelonanoticias.com\/en\/fc-barcelona\/pablo-torre-will-fight-for-his-continuity-in-fc-barcelona-season-24-25_304973_102.html","url":"https:\/\/www.fcbarcelonanoticias.com\/en\/fc-barcelona\/pablo-torre-will-fight-for-his-continuity-in-fc-barcelona-season-24-25_304973_102.html","name":"Pablo Torre will fight for his continuity at FC Barcelona for the 24\/25 season","isPartOf":{"@id":"https:\/\/www.fcbarcelonanoticias.com\/en\/#website"},"primaryImageOfPage":{"@id":"https:\/\/www.fcbarcelonanoticias.com\/en\/fc-barcelona\/pablo-torre-will-fight-for-his-continuity-in-fc-barcelona-season-24-25_304973_102.html#primaryimage"},"image":{"@id":"https:\/\/www.fcbarcelonanoticias.com\/en\/fc-barcelona\/pablo-torre-will-fight-for-his-continuity-in-fc-barcelona-season-24-25_304973_102.html#primaryimage"},"thumbnailUrl":"https:\/\/www.fcbarcelonanoticias.com\/en\/wp-content\/uploads\/sites\/2\/2024\/06\/pablo-torre-banquillo.jpeg","datePublished":"2024-06-29T13:26:00+00:00","dateModified":"2024-06-29T13:27:00+00:00","author":{"@id":"https:\/\/www.fcbarcelonanoticias.com\/en\/#\/schema\/person\/991443f134df9a64c6874f96ff984c9d"},"description":"FC Barcelona must decide what to do with Pablo Torre for the 2024\/25 season, since although the idea of \u200b\u200ba loan seems to be quite feasible, the Cantabrian's purposes seem to be different: to earn a place in the dynamic cul\u00e9","breadcrumb":{"@id":"https:\/\/www.fcbarcelonanoticias.com\/en\/fc-barcelona\/pablo-torre-will-fight-for-his-continuity-in-fc-barcelona-season-24-25_304973_102.html#breadcrumb"},"inLanguage":"en-US","potentialAction":[{"@type":"ReadAction","target":["https:\/\/www.fcbarcelonanoticias.com\/en\/fc-barcelona\/pablo-torre-will-fight-for-his-continuity-in-fc-barcelona-season-24-25_304973_102.html"]}]},{"@type":"ImageObject","inLanguage":"en-US","@id":"https:\/\/www.fcbarcelonanoticias.com\/en\/fc-barcelona\/pablo-torre-will-fight-for-his-continuity-in-fc-barcelona-season-24-25_304973_102.html#primaryimage","url":"https:\/\/www.fcbarcelonanoticias.com\/en\/wp-content\/uploads\/sites\/2\/2024\/06\/pablo-torre-banquillo.jpeg","contentUrl":"https:\/\/www.fcbarcelonanoticias.com\/en\/wp-content\/uploads\/sites\/2\/2024\/06\/pablo-torre-banquillo.jpeg","width":1300,"height":735},{"@type":"BreadcrumbList","@id":"https:\/\/www.fcbarcelonanoticias.com\/en\/fc-barcelona\/pablo-torre-will-fight-for-his-continuity-in-fc-barcelona-season-24-25_304973_102.html#breadcrumb","itemListElement":[{"@type":"ListItem","position":1,"name":"Portada","item":"https:\/\/www.fcbarcelonanoticias.com\/en\/"},{"@type":"ListItem","position":2,"name":"Pablo Torre will fight for his continuity at FC Barcelona for the 24\/25 season"}]},{"@type":"WebSite","@id":"https:\/\/www.fcbarcelonanoticias.com\/en\/#website","url":"https:\/\/www.fcbarcelonanoticias.com\/en\/","name":"EN - FC Barcelona Noticias","description":"","potentialAction":[{"@type":"SearchAction","target":{"@type":"EntryPoint","urlTemplate":"https:\/\/www.fcbarcelonanoticias.com\/en\/?s={search_term_string}"},"query-input":{"@type":"PropertyValueSpecification","valueRequired":true,"valueName":"search_term_string"}}],"inLanguage":"en-US"},{"@type":"Person","@id":"https:\/\/www.fcbarcelonanoticias.com\/en\/#\/schema\/person\/991443f134df9a64c6874f96ff984c9d","name":"Kevin G\u00f3mez","image":{"@type":"ImageObject","inLanguage":"en-US","@id":"https:\/\/secure.gravatar.com\/avatar\/?s=96&d=mm&r=g","url":"https:\/\/secure.gravatar.com\/avatar\/?s=96&d=mm&r=g","contentUrl":"https:\/\/secure.gravatar.com\/avatar\/?s=96&d=mm&r=g","caption":"Kevin G\u00f3mez"},"description":"Licenciado\u00a0en Periodismo y Comunicaci\u00f3n Audiovisual. Redactor en FCBN responsable de cubrir toda\u00a0la informaci\u00f3n del FC Barcelona y las principales competiciones de\u00a0f\u00fatbol.","url":"https:\/\/www.fcbarcelonanoticias.com\/en\/jugadores\/kevin-gomez_23_115.html"}]}},"_links":{"self":[{"href":"https:\/\/www.fcbarcelonanoticias.com\/en\/wp-json\/wp\/v2\/posts\/107646","targetHints":{"allow":["GET"]}}],"collection":[{"href":"https:\/\/www.fcbarcelonanoticias.com\/en\/wp-json\/wp\/v2\/posts"}],"about":[{"href":"https:\/\/www.fcbarcelonanoticias.com\/en\/wp-json\/wp\/v2\/types\/post"}],"author":[{"embeddable":true,"href":"https:\/\/www.fcbarcelonanoticias.com\/en\/wp-json\/wp\/v2\/users\/355"}],"replies":[{"embeddable":true,"href":"https:\/\/www.fcbarcelonanoticias.com\/en\/wp-json\/wp\/v2\/comments?post=107646"}],"version-history":[{"count":1,"href":"https:\/\/www.fcbarcelonanoticias.com\/en\/wp-json\/wp\/v2\/posts\/107646\/revisions"}],"predecessor-version":[{"id":148327,"href":"https:\/\/www.fcbarcelonanoticias.com\/en\/wp-json\/wp\/v2\/posts\/107646\/revisions\/148327"}],"wp:featuredmedia":[{"embeddable":true,"href":"https:\/\/www.fcbarcelonanoticias.com\/en\/wp-json\/wp\/v2\/media\/107647"}],"wp:attachment":[{"href":"https:\/\/www.fcbarcelonanoticias.com\/en\/wp-json\/wp\/v2\/media?parent=107646"}],"wp:term":[{"taxonomy":"category","embeddable":true,"href":"https:\/\/www.fcbarcelonanoticias.com\/en\/wp-json\/wp\/v2\/categories?post=107646"},{"taxonomy":"post_tag","embeddable":true,"href":"https:\/\/www.fcbarcelonanoticias.com\/en\/wp-json\/wp\/v2\/tags?post=107646"}],"curies":[{"name":"wp","href":"https:\/\/api.w.org\/{rel}","templated":true}]}}