{"id":107694,"date":"2025-01-04T21:14:00","date_gmt":"2025-01-04T20:14:00","guid":{"rendered":"https:\/\/weisetech.dev\/fc-barcelona-noticias\/en\/pablo-torre-shines-against-barbastro-and-claims-place-in-barca-midfield_309818_102\/"},"modified":"2025-01-05T01:00:00","modified_gmt":"2025-01-05T00:00:00","slug":"pablo-torre-shines-against-barbastro-and-claims-place-in-barca-midfield_309818_102","status":"publish","type":"post","link":"https:\/\/www.fcbarcelonanoticias.com\/en\/fc-barcelona\/pablo-torre-shines-against-barbastro-and-claims-place-in-barca-midfield_309818_102.html","title":{"rendered":"Pablo Torre: goal, assists and MVP to claim a place in Bar\u00e7a&#8217;s midfield"},"content":{"rendered":"<h2 class=\"wp-block-heading\">Pablo Torre was one of the standout players for Bar\u00e7a against Barbastro. The midfielder scored a goal and assisted Robert Lewandowski twice<\/h2>  \r\n<div class=\"article-addons\">\r\n    <a href=\"https:\/\/www.fcbarcelonanoticias.com\/en\/calendar-fc-barcelona.html\"\r\n       target=\"_self\"\r\n       title=\"Calendar of FC Barcelona\"\r\n       class=\"blue-gredient-btn\">\r\n       \r\n        Calendar of FC Barcelona    <\/a>\r\n<\/div>   <p><a data-external=\"0\" data-intl-links-en=\"https:\/\/www.fcbarcelonanoticias.com\/en\/fc-barcelona\" data-intl-links-es=\"https:\/\/www.fcbarcelonanoticias.com\/fc-barcelona\" href=\"https:\/\/www.fcbarcelonanoticias.com\/en\/football-soccer\/fc-barcelona.html\" rel=\"follow\" target=\"_self\" title=\"FC Barcelona\">FC Barcelona impressed and thrashed Barbastro<\/a><strong> <\/strong>to secure a place in the round of 16 of the Copa del Rey 2024\/25, and <strong>Pablo Torre<\/strong> was one of the key figures in the team managed by <strong>Hansi Flick<\/strong>. In a midfield that featured &#8216;heavyweights&#8217; like <strong>Pedri <\/strong>and <strong>Frenkie de Jong<\/strong>, it was the Cantabrian who took charge of the team in the final third of the pitch.<\/p>  <p>The &#8217;14&#8217; is determined to secure a spot in the German coach&#8217;s squad, and in Huesca, he once again demonstrated that <strong>he is ready for a more important role in the rotation<\/strong>. Starting from the right side of the attack but with a tendency to centralize his position, the player was one of the main threats for the Catalans, showcasing his &#8216;glove&#8217; on his right foot to constantly create dangerous opportunities.<\/p>  <h3>Goal and assist from Torre to crown his performance<\/h3>  <p>The impact of <strong>Torre <\/strong>on Bar\u00e7a&#8217;s victory was reflected in the statistics. In the 31st and 47th minutes, the former Racing de Santander player assisted <strong>Robert Lewandowski<\/strong> twice for the second and third goals of the Blaugranas, with the first assist being a precise cross from the right wing and the second a brutal pass between the lines to leave the Pole one-on-one with the opposing goalkeeper.<\/p>  <p>Additionally, he capped off his spectacular presentation with the fourth goal to seal the match. The midfielder took advantage of a &#8216;gift&#8217; from the Barbastro goalkeeper <strong>to celebrate his fourth goal this season<\/strong>, making it clear to <strong>Flick <\/strong>that he can be a very interesting asset for his scheme for the remainder of the season.<\/p> ","protected":false},"excerpt":{"rendered":"<p>Pablo Torre was one of the standout players for Bar\u00e7a against Barbastro. The midfielder scored a goal and assisted Robert Lewandowski twice FC Barcelona impressed and thrashed Barbastro to secure a place in the round of 16 of the Copa del Rey 2024\/25, and Pablo Torre was one of the key figures in the team [&hellip;]<\/p>\n","protected":false},"author":358,"featured_media":107697,"comment_status":"closed","ping_status":"open","sticky":false,"template":"","format":"standard","meta":{"_acf_changed":false,"inline_featured_image":false,"_nextfly_llmd_date_locked":false,"footnotes":""},"categories":[111],"tags":[],"class_list":["post-107694","post","type-post","status-publish","format-standard","has-post-thumbnail","hentry","category-fc-barcelona"],"acf":[],"yoast_head":"<!-- This site is optimized with the Yoast SEO plugin v27.3 - https:\/\/yoast.com\/product\/yoast-seo-wordpress\/ -->\n<title>Pablo Torre: goal, assists and MVP to claim a place in Bar\u00e7a&#039;s midfield<\/title>\n<meta name=\"description\" content=\"Pablo Torre was one of the standout players for Bar\u00e7a against Barbastro. The midfielder scored a goal and assisted Robert Lewandowski twice\" \/>\n<meta name=\"robots\" content=\"index, follow, max-snippet:-1, max-image-preview:large, max-video-preview:-1\" \/>\n<link rel=\"canonical\" href=\"https:\/\/www.fcbarcelonanoticias.com\/en\/fc-barcelona\/pablo-torre-shines-against-barbastro-and-claims-place-in-barca-midfield_309818_102.html\" \/>\n<meta property=\"og:locale\" content=\"en_US\" \/>\n<meta property=\"og:type\" content=\"article\" \/>\n<meta property=\"og:title\" content=\"Pablo Torre: goal, assists and MVP to claim a place in Bar\u00e7a&#039;s midfield\" \/>\n<meta property=\"og:description\" content=\"Pablo Torre was one of the standout players for Bar\u00e7a against Barbastro. The midfielder scored a goal and assisted Robert Lewandowski twice\" \/>\n<meta property=\"og:url\" content=\"https:\/\/www.fcbarcelonanoticias.com\/en\/fc-barcelona\/pablo-torre-shines-against-barbastro-and-claims-place-in-barca-midfield_309818_102.html\" \/>\n<meta property=\"og:site_name\" content=\"EN - FC Barcelona Noticias\" \/>\n<meta property=\"article:published_time\" content=\"2025-01-04T20:14:00+00:00\" \/>\n<meta property=\"article:modified_time\" content=\"2025-01-05T00:00:00+00:00\" \/>\n<meta property=\"og:image\" content=\"https:\/\/www.fcbarcelonanoticias.com\/en\/wp-content\/uploads\/sites\/2\/2025\/01\/whatsapp-image-2025-01-04-at-4-12-03-pm.jpeg\" \/>\n\t<meta property=\"og:image:width\" content=\"1200\" \/>\n\t<meta property=\"og:image:height\" content=\"675\" \/>\n\t<meta property=\"og:image:type\" content=\"image\/jpeg\" \/>\n<meta name=\"author\" content=\"Juan Pablo Berdugo\" \/>\n<meta name=\"twitter:card\" content=\"summary_large_image\" \/>\n<meta name=\"twitter:label1\" content=\"Written by\" \/>\n\t<meta name=\"twitter:data1\" content=\"Juan Pablo Berdugo\" \/>\n\t<meta name=\"twitter:label2\" content=\"Est. reading time\" \/>\n\t<meta name=\"twitter:data2\" content=\"1 minute\" \/>\n<script type=\"application\/ld+json\" class=\"yoast-schema-graph\">{\"@context\":\"https:\\\/\\\/schema.org\",\"@graph\":[{\"@type\":\"Article\",\"@id\":\"https:\\\/\\\/www.fcbarcelonanoticias.com\\\/en\\\/fc-barcelona\\\/pablo-torre-shines-against-barbastro-and-claims-place-in-barca-midfield_309818_102.html#article\",\"isPartOf\":{\"@id\":\"https:\\\/\\\/www.fcbarcelonanoticias.com\\\/en\\\/fc-barcelona\\\/pablo-torre-shines-against-barbastro-and-claims-place-in-barca-midfield_309818_102.html\"},\"author\":{\"name\":\"Juan Pablo Berdugo\",\"@id\":\"https:\\\/\\\/www.fcbarcelonanoticias.com\\\/en\\\/#\\\/schema\\\/person\\\/88d756918a0a1ae9fa593b5edddd1815\"},\"headline\":\"Pablo Torre: goal, assists and MVP to claim a place in Bar\u00e7a&#8217;s midfield\",\"datePublished\":\"2025-01-04T20:14:00+00:00\",\"dateModified\":\"2025-01-05T00:00:00+00:00\",\"mainEntityOfPage\":{\"@id\":\"https:\\\/\\\/www.fcbarcelonanoticias.com\\\/en\\\/fc-barcelona\\\/pablo-torre-shines-against-barbastro-and-claims-place-in-barca-midfield_309818_102.html\"},\"wordCount\":306,\"image\":{\"@id\":\"https:\\\/\\\/www.fcbarcelonanoticias.com\\\/en\\\/fc-barcelona\\\/pablo-torre-shines-against-barbastro-and-claims-place-in-barca-midfield_309818_102.html#primaryimage\"},\"thumbnailUrl\":\"https:\\\/\\\/www.fcbarcelonanoticias.com\\\/en\\\/wp-content\\\/uploads\\\/sites\\\/2\\\/2025\\\/01\\\/whatsapp-image-2025-01-04-at-4-12-03-pm.jpeg\",\"articleSection\":[\"FC Barcelona\"],\"inLanguage\":\"en-US\"},{\"@type\":\"WebPage\",\"@id\":\"https:\\\/\\\/www.fcbarcelonanoticias.com\\\/en\\\/fc-barcelona\\\/pablo-torre-shines-against-barbastro-and-claims-place-in-barca-midfield_309818_102.html\",\"url\":\"https:\\\/\\\/www.fcbarcelonanoticias.com\\\/en\\\/fc-barcelona\\\/pablo-torre-shines-against-barbastro-and-claims-place-in-barca-midfield_309818_102.html\",\"name\":\"Pablo Torre: goal, assists and MVP to claim a place in Bar\u00e7a's midfield\",\"isPartOf\":{\"@id\":\"https:\\\/\\\/www.fcbarcelonanoticias.com\\\/en\\\/#website\"},\"primaryImageOfPage\":{\"@id\":\"https:\\\/\\\/www.fcbarcelonanoticias.com\\\/en\\\/fc-barcelona\\\/pablo-torre-shines-against-barbastro-and-claims-place-in-barca-midfield_309818_102.html#primaryimage\"},\"image\":{\"@id\":\"https:\\\/\\\/www.fcbarcelonanoticias.com\\\/en\\\/fc-barcelona\\\/pablo-torre-shines-against-barbastro-and-claims-place-in-barca-midfield_309818_102.html#primaryimage\"},\"thumbnailUrl\":\"https:\\\/\\\/www.fcbarcelonanoticias.com\\\/en\\\/wp-content\\\/uploads\\\/sites\\\/2\\\/2025\\\/01\\\/whatsapp-image-2025-01-04-at-4-12-03-pm.jpeg\",\"datePublished\":\"2025-01-04T20:14:00+00:00\",\"dateModified\":\"2025-01-05T00:00:00+00:00\",\"author\":{\"@id\":\"https:\\\/\\\/www.fcbarcelonanoticias.com\\\/en\\\/#\\\/schema\\\/person\\\/88d756918a0a1ae9fa593b5edddd1815\"},\"description\":\"Pablo Torre was one of the standout players for Bar\u00e7a against Barbastro. The midfielder scored a goal and assisted Robert Lewandowski twice\",\"breadcrumb\":{\"@id\":\"https:\\\/\\\/www.fcbarcelonanoticias.com\\\/en\\\/fc-barcelona\\\/pablo-torre-shines-against-barbastro-and-claims-place-in-barca-midfield_309818_102.html#breadcrumb\"},\"inLanguage\":\"en-US\",\"potentialAction\":[{\"@type\":\"ReadAction\",\"target\":[\"https:\\\/\\\/www.fcbarcelonanoticias.com\\\/en\\\/fc-barcelona\\\/pablo-torre-shines-against-barbastro-and-claims-place-in-barca-midfield_309818_102.html\"]}]},{\"@type\":\"ImageObject\",\"inLanguage\":\"en-US\",\"@id\":\"https:\\\/\\\/www.fcbarcelonanoticias.com\\\/en\\\/fc-barcelona\\\/pablo-torre-shines-against-barbastro-and-claims-place-in-barca-midfield_309818_102.html#primaryimage\",\"url\":\"https:\\\/\\\/www.fcbarcelonanoticias.com\\\/en\\\/wp-content\\\/uploads\\\/sites\\\/2\\\/2025\\\/01\\\/whatsapp-image-2025-01-04-at-4-12-03-pm.jpeg\",\"contentUrl\":\"https:\\\/\\\/www.fcbarcelonanoticias.com\\\/en\\\/wp-content\\\/uploads\\\/sites\\\/2\\\/2025\\\/01\\\/whatsapp-image-2025-01-04-at-4-12-03-pm.jpeg\",\"width\":1200,\"height\":675},{\"@type\":\"BreadcrumbList\",\"@id\":\"https:\\\/\\\/www.fcbarcelonanoticias.com\\\/en\\\/fc-barcelona\\\/pablo-torre-shines-against-barbastro-and-claims-place-in-barca-midfield_309818_102.html#breadcrumb\",\"itemListElement\":[{\"@type\":\"ListItem\",\"position\":1,\"name\":\"Portada\",\"item\":\"https:\\\/\\\/www.fcbarcelonanoticias.com\\\/en\\\/\"},{\"@type\":\"ListItem\",\"position\":2,\"name\":\"Pablo Torre: goal, assists and MVP to claim a place in Bar\u00e7a&#8217;s midfield\"}]},{\"@type\":\"WebSite\",\"@id\":\"https:\\\/\\\/www.fcbarcelonanoticias.com\\\/en\\\/#website\",\"url\":\"https:\\\/\\\/www.fcbarcelonanoticias.com\\\/en\\\/\",\"name\":\"EN - FC Barcelona Noticias\",\"description\":\"\",\"potentialAction\":[{\"@type\":\"SearchAction\",\"target\":{\"@type\":\"EntryPoint\",\"urlTemplate\":\"https:\\\/\\\/www.fcbarcelonanoticias.com\\\/en\\\/?s={search_term_string}\"},\"query-input\":{\"@type\":\"PropertyValueSpecification\",\"valueRequired\":true,\"valueName\":\"search_term_string\"}}],\"inLanguage\":\"en-US\"},{\"@type\":\"Person\",\"@id\":\"https:\\\/\\\/www.fcbarcelonanoticias.com\\\/en\\\/#\\\/schema\\\/person\\\/88d756918a0a1ae9fa593b5edddd1815\",\"name\":\"Juan Pablo Berdugo\",\"image\":{\"@type\":\"ImageObject\",\"inLanguage\":\"en-US\",\"@id\":\"https:\\\/\\\/secure.gravatar.com\\\/avatar\\\/?s=96&d=mm&r=g\",\"url\":\"https:\\\/\\\/secure.gravatar.com\\\/avatar\\\/?s=96&d=mm&r=g\",\"contentUrl\":\"https:\\\/\\\/secure.gravatar.com\\\/avatar\\\/?s=96&d=mm&r=g\",\"caption\":\"Juan Pablo Berdugo\"},\"description\":\"Juan Pablo Berdugo es graduado en Periodismo. Colabora con FCBN como especialista en informaci\u00f3n del primer equipo del FC Barcelona, f\u00fatbol internacional y mercado de fichajes. Destaca por su enfoque anal\u00edtico, su rigor informativo y su capacidad para detectar tendencias emergentes en el f\u00fatbol global.\",\"url\":\"https:\\\/\\\/www.fcbarcelonanoticias.com\\\/en\\\/fc-barcelona\\\/juan-pablo-berdugo_18_115.html\"}]}<\/script>\n<!-- \/ Yoast SEO plugin. -->","yoast_head_json":{"title":"Pablo Torre: goal, assists and MVP to claim a place in Bar\u00e7a's midfield","description":"Pablo Torre was one of the standout players for Bar\u00e7a against Barbastro. The midfielder scored a goal and assisted Robert Lewandowski twice","robots":{"index":"index","follow":"follow","max-snippet":"max-snippet:-1","max-image-preview":"max-image-preview:large","max-video-preview":"max-video-preview:-1"},"canonical":"https:\/\/www.fcbarcelonanoticias.com\/en\/fc-barcelona\/pablo-torre-shines-against-barbastro-and-claims-place-in-barca-midfield_309818_102.html","og_locale":"en_US","og_type":"article","og_title":"Pablo Torre: goal, assists and MVP to claim a place in Bar\u00e7a's midfield","og_description":"Pablo Torre was one of the standout players for Bar\u00e7a against Barbastro. The midfielder scored a goal and assisted Robert Lewandowski twice","og_url":"https:\/\/www.fcbarcelonanoticias.com\/en\/fc-barcelona\/pablo-torre-shines-against-barbastro-and-claims-place-in-barca-midfield_309818_102.html","og_site_name":"EN - FC Barcelona Noticias","article_published_time":"2025-01-04T20:14:00+00:00","article_modified_time":"2025-01-05T00:00:00+00:00","og_image":[{"width":1200,"height":675,"url":"https:\/\/www.fcbarcelonanoticias.com\/en\/wp-content\/uploads\/sites\/2\/2025\/01\/whatsapp-image-2025-01-04-at-4-12-03-pm.jpeg","type":"image\/jpeg"}],"author":"Juan Pablo Berdugo","twitter_card":"summary_large_image","twitter_misc":{"Written by":"Juan Pablo Berdugo","Est. reading time":"1 minute"},"schema":{"@context":"https:\/\/schema.org","@graph":[{"@type":"Article","@id":"https:\/\/www.fcbarcelonanoticias.com\/en\/fc-barcelona\/pablo-torre-shines-against-barbastro-and-claims-place-in-barca-midfield_309818_102.html#article","isPartOf":{"@id":"https:\/\/www.fcbarcelonanoticias.com\/en\/fc-barcelona\/pablo-torre-shines-against-barbastro-and-claims-place-in-barca-midfield_309818_102.html"},"author":{"name":"Juan Pablo Berdugo","@id":"https:\/\/www.fcbarcelonanoticias.com\/en\/#\/schema\/person\/88d756918a0a1ae9fa593b5edddd1815"},"headline":"Pablo Torre: goal, assists and MVP to claim a place in Bar\u00e7a&#8217;s midfield","datePublished":"2025-01-04T20:14:00+00:00","dateModified":"2025-01-05T00:00:00+00:00","mainEntityOfPage":{"@id":"https:\/\/www.fcbarcelonanoticias.com\/en\/fc-barcelona\/pablo-torre-shines-against-barbastro-and-claims-place-in-barca-midfield_309818_102.html"},"wordCount":306,"image":{"@id":"https:\/\/www.fcbarcelonanoticias.com\/en\/fc-barcelona\/pablo-torre-shines-against-barbastro-and-claims-place-in-barca-midfield_309818_102.html#primaryimage"},"thumbnailUrl":"https:\/\/www.fcbarcelonanoticias.com\/en\/wp-content\/uploads\/sites\/2\/2025\/01\/whatsapp-image-2025-01-04-at-4-12-03-pm.jpeg","articleSection":["FC Barcelona"],"inLanguage":"en-US"},{"@type":"WebPage","@id":"https:\/\/www.fcbarcelonanoticias.com\/en\/fc-barcelona\/pablo-torre-shines-against-barbastro-and-claims-place-in-barca-midfield_309818_102.html","url":"https:\/\/www.fcbarcelonanoticias.com\/en\/fc-barcelona\/pablo-torre-shines-against-barbastro-and-claims-place-in-barca-midfield_309818_102.html","name":"Pablo Torre: goal, assists and MVP to claim a place in Bar\u00e7a's midfield","isPartOf":{"@id":"https:\/\/www.fcbarcelonanoticias.com\/en\/#website"},"primaryImageOfPage":{"@id":"https:\/\/www.fcbarcelonanoticias.com\/en\/fc-barcelona\/pablo-torre-shines-against-barbastro-and-claims-place-in-barca-midfield_309818_102.html#primaryimage"},"image":{"@id":"https:\/\/www.fcbarcelonanoticias.com\/en\/fc-barcelona\/pablo-torre-shines-against-barbastro-and-claims-place-in-barca-midfield_309818_102.html#primaryimage"},"thumbnailUrl":"https:\/\/www.fcbarcelonanoticias.com\/en\/wp-content\/uploads\/sites\/2\/2025\/01\/whatsapp-image-2025-01-04-at-4-12-03-pm.jpeg","datePublished":"2025-01-04T20:14:00+00:00","dateModified":"2025-01-05T00:00:00+00:00","author":{"@id":"https:\/\/www.fcbarcelonanoticias.com\/en\/#\/schema\/person\/88d756918a0a1ae9fa593b5edddd1815"},"description":"Pablo Torre was one of the standout players for Bar\u00e7a against Barbastro. The midfielder scored a goal and assisted Robert Lewandowski twice","breadcrumb":{"@id":"https:\/\/www.fcbarcelonanoticias.com\/en\/fc-barcelona\/pablo-torre-shines-against-barbastro-and-claims-place-in-barca-midfield_309818_102.html#breadcrumb"},"inLanguage":"en-US","potentialAction":[{"@type":"ReadAction","target":["https:\/\/www.fcbarcelonanoticias.com\/en\/fc-barcelona\/pablo-torre-shines-against-barbastro-and-claims-place-in-barca-midfield_309818_102.html"]}]},{"@type":"ImageObject","inLanguage":"en-US","@id":"https:\/\/www.fcbarcelonanoticias.com\/en\/fc-barcelona\/pablo-torre-shines-against-barbastro-and-claims-place-in-barca-midfield_309818_102.html#primaryimage","url":"https:\/\/www.fcbarcelonanoticias.com\/en\/wp-content\/uploads\/sites\/2\/2025\/01\/whatsapp-image-2025-01-04-at-4-12-03-pm.jpeg","contentUrl":"https:\/\/www.fcbarcelonanoticias.com\/en\/wp-content\/uploads\/sites\/2\/2025\/01\/whatsapp-image-2025-01-04-at-4-12-03-pm.jpeg","width":1200,"height":675},{"@type":"BreadcrumbList","@id":"https:\/\/www.fcbarcelonanoticias.com\/en\/fc-barcelona\/pablo-torre-shines-against-barbastro-and-claims-place-in-barca-midfield_309818_102.html#breadcrumb","itemListElement":[{"@type":"ListItem","position":1,"name":"Portada","item":"https:\/\/www.fcbarcelonanoticias.com\/en\/"},{"@type":"ListItem","position":2,"name":"Pablo Torre: goal, assists and MVP to claim a place in Bar\u00e7a&#8217;s midfield"}]},{"@type":"WebSite","@id":"https:\/\/www.fcbarcelonanoticias.com\/en\/#website","url":"https:\/\/www.fcbarcelonanoticias.com\/en\/","name":"EN - FC Barcelona Noticias","description":"","potentialAction":[{"@type":"SearchAction","target":{"@type":"EntryPoint","urlTemplate":"https:\/\/www.fcbarcelonanoticias.com\/en\/?s={search_term_string}"},"query-input":{"@type":"PropertyValueSpecification","valueRequired":true,"valueName":"search_term_string"}}],"inLanguage":"en-US"},{"@type":"Person","@id":"https:\/\/www.fcbarcelonanoticias.com\/en\/#\/schema\/person\/88d756918a0a1ae9fa593b5edddd1815","name":"Juan Pablo Berdugo","image":{"@type":"ImageObject","inLanguage":"en-US","@id":"https:\/\/secure.gravatar.com\/avatar\/?s=96&d=mm&r=g","url":"https:\/\/secure.gravatar.com\/avatar\/?s=96&d=mm&r=g","contentUrl":"https:\/\/secure.gravatar.com\/avatar\/?s=96&d=mm&r=g","caption":"Juan Pablo Berdugo"},"description":"Juan Pablo Berdugo es graduado en Periodismo. Colabora con FCBN como especialista en informaci\u00f3n del primer equipo del FC Barcelona, f\u00fatbol internacional y mercado de fichajes. Destaca por su enfoque anal\u00edtico, su rigor informativo y su capacidad para detectar tendencias emergentes en el f\u00fatbol global.","url":"https:\/\/www.fcbarcelonanoticias.com\/en\/fc-barcelona\/juan-pablo-berdugo_18_115.html"}]}},"_links":{"self":[{"href":"https:\/\/www.fcbarcelonanoticias.com\/en\/wp-json\/wp\/v2\/posts\/107694","targetHints":{"allow":["GET"]}}],"collection":[{"href":"https:\/\/www.fcbarcelonanoticias.com\/en\/wp-json\/wp\/v2\/posts"}],"about":[{"href":"https:\/\/www.fcbarcelonanoticias.com\/en\/wp-json\/wp\/v2\/types\/post"}],"author":[{"embeddable":true,"href":"https:\/\/www.fcbarcelonanoticias.com\/en\/wp-json\/wp\/v2\/users\/358"}],"replies":[{"embeddable":true,"href":"https:\/\/www.fcbarcelonanoticias.com\/en\/wp-json\/wp\/v2\/comments?post=107694"}],"version-history":[{"count":1,"href":"https:\/\/www.fcbarcelonanoticias.com\/en\/wp-json\/wp\/v2\/posts\/107694\/revisions"}],"predecessor-version":[{"id":148311,"href":"https:\/\/www.fcbarcelonanoticias.com\/en\/wp-json\/wp\/v2\/posts\/107694\/revisions\/148311"}],"wp:featuredmedia":[{"embeddable":true,"href":"https:\/\/www.fcbarcelonanoticias.com\/en\/wp-json\/wp\/v2\/media\/107697"}],"wp:attachment":[{"href":"https:\/\/www.fcbarcelonanoticias.com\/en\/wp-json\/wp\/v2\/media?parent=107694"}],"wp:term":[{"taxonomy":"category","embeddable":true,"href":"https:\/\/www.fcbarcelonanoticias.com\/en\/wp-json\/wp\/v2\/categories?post=107694"},{"taxonomy":"post_tag","embeddable":true,"href":"https:\/\/www.fcbarcelonanoticias.com\/en\/wp-json\/wp\/v2\/tags?post=107694"}],"curies":[{"name":"wp","href":"https:\/\/api.w.org\/{rel}","templated":true}]}}