{"id":10775,"date":"2025-07-19T07:15:00","date_gmt":"2025-07-19T05:15:00","guid":{"rendered":"https:\/\/weisetech.dev\/fc-barcelona-noticias\/en\/fcbn-cover-07-19-2025-return-to-montjuic_313609_102\/"},"modified":"2026-03-27T11:38:34","modified_gmt":"2026-03-27T10:38:34","slug":"fcbn-cover-07-19-2025-return-to-montjuic_313609_102","status":"publish","type":"post","link":"https:\/\/www.fcbarcelonanoticias.com\/en\/covers\/fcbn-cover-07-19-2025-return-to-montjuic_313609_102.html","title":{"rendered":"FCBN Cover 07\/19\/2025: RETURN TO MONTJU\u00cfC?"},"content":{"rendered":"<h2 class=\"wp-block-heading\">This is the FCBN cover for today, Saturday, July 19, 2025: Bar\u00e7a is considering staying in Montju\u00efc if the license to reopen the Camp Nou does not arrive<\/h2>  \r\n<div class=\"article-addons\">\r\n    <a href=\"https:\/\/www.fcbarcelonanoticias.com\/en\/calendar-fc-barcelona.html\"\r\n       target=\"_self\"\r\n       title=\"Calendar of FC Barcelona\"\r\n       class=\"blue-gredient-btn\">\r\n       \r\n        Calendar of FC Barcelona    <\/a>\r\n<\/div>   <p><strong>Cover of FC BARCELONA NEWS on Saturday, July 19, 2025:<\/strong> F\u00fatbol Club Barcelona does not rule out continuing to play at the Estadi Ol\u00edmpic Llu\u00eds Companys at the beginning of the 2025\/26 season. Although the objective is still to reopen the Spotify Camp Nou in September, the delay in granting the First Occupation License by the Barcelona City Council complicates the immediate return to the Les Corts stadium.<\/p>  <p>Faced with this scenario, the club is working with an alternative plan that contemplates playing the first League matches \u2014and even the entire Champions League group stage\u2014 in Montju\u00efc. The next few weeks will be key to communicating to LaLiga and UEFA which stadium will finally be the Bar\u00e7a headquarters.<\/p>  <h2> <strong>&nbsp;<\/strong>FCBN Cover of TODAY, July 19, 2025<\/h2>  <div class=\"media media-image\" data-ck-asset-wrapper=\"\"> <div class=\"media-item\"> <img loading=\"lazy\" decoding=\"async\" alt=\"Portada FCBN 19 de Julio 2025  1 \" data-id=\"1506698\" data-resize=\"null\" height=\"675\" src=\"https:\/\/www.fcbarcelonanoticias.com\/wp-content\/uploads\/sites\/2\/2025\/07\/fcbn-02ba201df8529b80b815541758142844.webp\" title=\"Portada FCBN 19 de Julio 2025  1 \" width=\"540\"><div class=\"media-title\">FCBN Cover July 19, 2025<\/div> <\/div> <\/div>  <blockquote> <p><strong><a data-external=\"0\" data-intl-links-en=\"https:\/\/www.fcbarcelonanoticias.com\/en\/covers\" data-intl-links-es=\"https:\/\/www.fcbarcelonanoticias.com\/portadas\" href=\"https:\/\/www.fcbarcelonanoticias.com\/en\/fc-barcelona\/covers.html\" rel=\"follow\" target=\"_self\" title=\"Todas las Portadas de FCBN - FC Barcelona Noticias\">FC BARCELONA COVERS &#8211; BAR\u00c7A COVERS &#8211; SPORTS COVERS &#8211; FOOTBALL COVERS &#8211; TODAY&#8217;S COVERS<\/a><\/strong><\/p> <\/blockquote>  <ul> <li>\ud83d\udc49 Don&#8217;t miss the latest news from the <a data-external=\"0\" data-intl-links-en=\"https:\/\/www.fcbarcelonanoticias.com\/en\/transfers\" data-intl-links-es=\"https:\/\/www.fcbarcelonanoticias.com\/fichajes\" href=\"https:\/\/www.fcbarcelonanoticias.com\/en\/fc-barcelona\/transfers.html\" rel=\"follow\" target=\"_self\" title=\"Fichajes\">FC Barcelona 2025 transfer market<\/a> at FCBN!<\/li> <\/ul> <p><strong><u>FOLLOW US ON OUR SOCIAL NETWORKS:<\/u><\/strong><\/p>  <ol> <li> <strong>INSTAGRAM:&nbsp;<\/strong><a data-external=\"1\" href=\"https:\/\/www.instagram.com\/en\/fcbarcelonanoticias_com?utm_source=ig_web_button_share_sheet&amp;igsh=M2ZxMGZmeGhsbGd3\" rel=\"nofollow\" target=\"_blank\" title=\"@fcbarcelonanoticias_com\">@fcbarcelonanoticias_com<\/a> <\/li> \t<li><strong>FACEBOOK:&nbsp;<a data-external=\"1\" href=\"https:\/\/www.facebook.com\/en\/wwwfcbarcelonanoticiascom\/\" rel=\"nofollow\" target=\"_blank\" title=\"FCBN\">FCBN<\/a><\/strong><\/li> \t<li> <strong>X (TWITTER):&nbsp;<\/strong><a data-external=\"1\" href=\"https:\/\/x.com\/en\/FCBNOTICIAS\" rel=\"nofollow\" target=\"_blank\" title=\"@FCBNOTICIAS\">@FCBNOTICIAS<\/a> <\/li> \t<li> <strong>THREADS:&nbsp;<\/strong><a data-external=\"1\" href=\"https:\/\/www.threads.com\/en\/@fcbarcelonanoticias_com\" rel=\"nofollow\" target=\"_blank\" title=\"@fcbarcelonanoticias_com\">@fcbarcelonanoticias_com<\/a> <\/li> <\/ol> ","protected":false},"excerpt":{"rendered":"<p>This is the FCBN cover for today, Saturday, July 19, 2025: Bar\u00e7a is considering staying in Montju\u00efc if the license to reopen the Camp Nou does not arrive Cover of FC BARCELONA NEWS on Saturday, July 19, 2025: F\u00fatbol Club Barcelona does not rule out continuing to play at the Estadi Ol\u00edmpic Llu\u00eds Companys at [&hellip;]<\/p>\n","protected":false},"author":353,"featured_media":10776,"comment_status":"closed","ping_status":"open","sticky":false,"template":"","format":"standard","meta":{"_acf_changed":false,"inline_featured_image":false,"_nextfly_llmd_date_locked":false,"footnotes":""},"categories":[124],"tags":[82],"class_list":["post-10775","post","type-post","status-publish","format-standard","has-post-thumbnail","hentry","category-covers","tag-camp-nou"],"acf":[],"yoast_head":"<!-- This site is optimized with the Yoast SEO plugin v27.3 - https:\/\/yoast.com\/product\/yoast-seo-wordpress\/ -->\n<title>FCBN Cover 07\/19\/2025: RETURN TO MONTJU\u00cfC?<\/title>\n<meta name=\"description\" content=\"This is the FCBN cover for today, Saturday, July 19, 2025: Bar\u00e7a is considering staying in Montju\u00efc if the license to reopen the Camp Nou does not arrive\" \/>\n<meta name=\"robots\" content=\"index, follow, max-snippet:-1, max-image-preview:large, max-video-preview:-1\" \/>\n<link rel=\"canonical\" href=\"https:\/\/www.fcbarcelonanoticias.com\/en\/covers\/fcbn-cover-07-19-2025-return-to-montjuic_313609_102.html\" \/>\n<meta property=\"og:locale\" content=\"en_US\" \/>\n<meta property=\"og:type\" content=\"article\" \/>\n<meta property=\"og:title\" content=\"FCBN Cover 07\/19\/2025: RETURN TO MONTJU\u00cfC?\" \/>\n<meta property=\"og:description\" content=\"This is the FCBN cover for today, Saturday, July 19, 2025: Bar\u00e7a is considering staying in Montju\u00efc if the license to reopen the Camp Nou does not arrive\" \/>\n<meta property=\"og:url\" content=\"https:\/\/www.fcbarcelonanoticias.com\/en\/covers\/fcbn-cover-07-19-2025-return-to-montjuic_313609_102.html\" \/>\n<meta property=\"og:site_name\" content=\"EN - FC Barcelona Noticias\" \/>\n<meta property=\"article:published_time\" content=\"2025-07-19T05:15:00+00:00\" \/>\n<meta property=\"article:modified_time\" content=\"2026-03-27T10:38:34+00:00\" \/>\n<meta property=\"og:image\" content=\"https:\/\/www.fcbarcelonanoticias.com\/en\/wp-content\/uploads\/sites\/2\/2025\/07\/portada-fcbn-19-de-julio-2025.webp\" \/>\n\t<meta property=\"og:image:width\" content=\"1080\" \/>\n\t<meta property=\"og:image:height\" content=\"1350\" \/>\n\t<meta property=\"og:image:type\" content=\"image\/webp\" \/>\n<meta name=\"author\" content=\"FC Barcelona Noticias\" \/>\n<meta name=\"twitter:card\" content=\"summary_large_image\" \/>\n<meta name=\"twitter:label1\" content=\"Written by\" \/>\n\t<meta name=\"twitter:data1\" content=\"FC Barcelona Noticias\" \/>\n\t<meta name=\"twitter:label2\" content=\"Est. reading time\" \/>\n\t<meta name=\"twitter:data2\" content=\"1 minute\" \/>\n<script type=\"application\/ld+json\" class=\"yoast-schema-graph\">{\"@context\":\"https:\\\/\\\/schema.org\",\"@graph\":[{\"@type\":\"Article\",\"@id\":\"https:\\\/\\\/www.fcbarcelonanoticias.com\\\/en\\\/covers\\\/fcbn-cover-07-19-2025-return-to-montjuic_313609_102.html#article\",\"isPartOf\":{\"@id\":\"https:\\\/\\\/www.fcbarcelonanoticias.com\\\/en\\\/covers\\\/fcbn-cover-07-19-2025-return-to-montjuic_313609_102.html\"},\"author\":{\"name\":\"FC Barcelona Noticias\",\"@id\":\"https:\\\/\\\/www.fcbarcelonanoticias.com\\\/en\\\/#\\\/schema\\\/person\\\/0f2810101d27606974cdb8edb54fa54b\"},\"headline\":\"FCBN Cover 07\\\/19\\\/2025: RETURN TO MONTJU\u00cfC?\",\"datePublished\":\"2025-07-19T05:15:00+00:00\",\"dateModified\":\"2026-03-27T10:38:34+00:00\",\"mainEntityOfPage\":{\"@id\":\"https:\\\/\\\/www.fcbarcelonanoticias.com\\\/en\\\/covers\\\/fcbn-cover-07-19-2025-return-to-montjuic_313609_102.html\"},\"wordCount\":215,\"image\":{\"@id\":\"https:\\\/\\\/www.fcbarcelonanoticias.com\\\/en\\\/covers\\\/fcbn-cover-07-19-2025-return-to-montjuic_313609_102.html#primaryimage\"},\"thumbnailUrl\":\"https:\\\/\\\/www.fcbarcelonanoticias.com\\\/en\\\/wp-content\\\/uploads\\\/sites\\\/2\\\/2025\\\/07\\\/portada-fcbn-19-de-julio-2025.webp\",\"keywords\":[\"Camp Nou\"],\"articleSection\":[\"Covers\"],\"inLanguage\":\"en-US\"},{\"@type\":\"WebPage\",\"@id\":\"https:\\\/\\\/www.fcbarcelonanoticias.com\\\/en\\\/covers\\\/fcbn-cover-07-19-2025-return-to-montjuic_313609_102.html\",\"url\":\"https:\\\/\\\/www.fcbarcelonanoticias.com\\\/en\\\/covers\\\/fcbn-cover-07-19-2025-return-to-montjuic_313609_102.html\",\"name\":\"FCBN Cover 07\\\/19\\\/2025: RETURN TO MONTJU\u00cfC?\",\"isPartOf\":{\"@id\":\"https:\\\/\\\/www.fcbarcelonanoticias.com\\\/en\\\/#website\"},\"primaryImageOfPage\":{\"@id\":\"https:\\\/\\\/www.fcbarcelonanoticias.com\\\/en\\\/covers\\\/fcbn-cover-07-19-2025-return-to-montjuic_313609_102.html#primaryimage\"},\"image\":{\"@id\":\"https:\\\/\\\/www.fcbarcelonanoticias.com\\\/en\\\/covers\\\/fcbn-cover-07-19-2025-return-to-montjuic_313609_102.html#primaryimage\"},\"thumbnailUrl\":\"https:\\\/\\\/www.fcbarcelonanoticias.com\\\/en\\\/wp-content\\\/uploads\\\/sites\\\/2\\\/2025\\\/07\\\/portada-fcbn-19-de-julio-2025.webp\",\"datePublished\":\"2025-07-19T05:15:00+00:00\",\"dateModified\":\"2026-03-27T10:38:34+00:00\",\"author\":{\"@id\":\"https:\\\/\\\/www.fcbarcelonanoticias.com\\\/en\\\/#\\\/schema\\\/person\\\/0f2810101d27606974cdb8edb54fa54b\"},\"description\":\"This is the FCBN cover for today, Saturday, July 19, 2025: Bar\u00e7a is considering staying in Montju\u00efc if the license to reopen the Camp Nou does not arrive\",\"breadcrumb\":{\"@id\":\"https:\\\/\\\/www.fcbarcelonanoticias.com\\\/en\\\/covers\\\/fcbn-cover-07-19-2025-return-to-montjuic_313609_102.html#breadcrumb\"},\"inLanguage\":\"en-US\",\"potentialAction\":[{\"@type\":\"ReadAction\",\"target\":[\"https:\\\/\\\/www.fcbarcelonanoticias.com\\\/en\\\/covers\\\/fcbn-cover-07-19-2025-return-to-montjuic_313609_102.html\"]}]},{\"@type\":\"ImageObject\",\"inLanguage\":\"en-US\",\"@id\":\"https:\\\/\\\/www.fcbarcelonanoticias.com\\\/en\\\/covers\\\/fcbn-cover-07-19-2025-return-to-montjuic_313609_102.html#primaryimage\",\"url\":\"https:\\\/\\\/www.fcbarcelonanoticias.com\\\/en\\\/wp-content\\\/uploads\\\/sites\\\/2\\\/2025\\\/07\\\/portada-fcbn-19-de-julio-2025.webp\",\"contentUrl\":\"https:\\\/\\\/www.fcbarcelonanoticias.com\\\/en\\\/wp-content\\\/uploads\\\/sites\\\/2\\\/2025\\\/07\\\/portada-fcbn-19-de-julio-2025.webp\",\"width\":1080,\"height\":1350},{\"@type\":\"BreadcrumbList\",\"@id\":\"https:\\\/\\\/www.fcbarcelonanoticias.com\\\/en\\\/covers\\\/fcbn-cover-07-19-2025-return-to-montjuic_313609_102.html#breadcrumb\",\"itemListElement\":[{\"@type\":\"ListItem\",\"position\":1,\"name\":\"Portada\",\"item\":\"https:\\\/\\\/www.fcbarcelonanoticias.com\\\/en\\\/\"},{\"@type\":\"ListItem\",\"position\":2,\"name\":\"FCBN Cover 07\\\/19\\\/2025: RETURN TO MONTJU\u00cfC?\"}]},{\"@type\":\"WebSite\",\"@id\":\"https:\\\/\\\/www.fcbarcelonanoticias.com\\\/en\\\/#website\",\"url\":\"https:\\\/\\\/www.fcbarcelonanoticias.com\\\/en\\\/\",\"name\":\"EN - FC Barcelona Noticias\",\"description\":\"\",\"potentialAction\":[{\"@type\":\"SearchAction\",\"target\":{\"@type\":\"EntryPoint\",\"urlTemplate\":\"https:\\\/\\\/www.fcbarcelonanoticias.com\\\/en\\\/?s={search_term_string}\"},\"query-input\":{\"@type\":\"PropertyValueSpecification\",\"valueRequired\":true,\"valueName\":\"search_term_string\"}}],\"inLanguage\":\"en-US\"},{\"@type\":\"Person\",\"@id\":\"https:\\\/\\\/www.fcbarcelonanoticias.com\\\/en\\\/#\\\/schema\\\/person\\\/0f2810101d27606974cdb8edb54fa54b\",\"name\":\"FC Barcelona Noticias\",\"image\":{\"@type\":\"ImageObject\",\"inLanguage\":\"en-US\",\"@id\":\"https:\\\/\\\/secure.gravatar.com\\\/avatar\\\/?s=96&d=mm&r=g\",\"url\":\"https:\\\/\\\/secure.gravatar.com\\\/avatar\\\/?s=96&d=mm&r=g\",\"contentUrl\":\"https:\\\/\\\/secure.gravatar.com\\\/avatar\\\/?s=96&d=mm&r=g\",\"caption\":\"FC Barcelona Noticias\"},\"url\":\"https:\\\/\\\/www.fcbarcelonanoticias.com\\\/en\\\/fc-barcelona\\\/fcbn-writing-fc-barcelona-news_6_115.html\"}]}<\/script>\n<!-- \/ Yoast SEO plugin. -->","yoast_head_json":{"title":"FCBN Cover 07\/19\/2025: RETURN TO MONTJU\u00cfC?","description":"This is the FCBN cover for today, Saturday, July 19, 2025: Bar\u00e7a is considering staying in Montju\u00efc if the license to reopen the Camp Nou does not arrive","robots":{"index":"index","follow":"follow","max-snippet":"max-snippet:-1","max-image-preview":"max-image-preview:large","max-video-preview":"max-video-preview:-1"},"canonical":"https:\/\/www.fcbarcelonanoticias.com\/en\/covers\/fcbn-cover-07-19-2025-return-to-montjuic_313609_102.html","og_locale":"en_US","og_type":"article","og_title":"FCBN Cover 07\/19\/2025: RETURN TO MONTJU\u00cfC?","og_description":"This is the FCBN cover for today, Saturday, July 19, 2025: Bar\u00e7a is considering staying in Montju\u00efc if the license to reopen the Camp Nou does not arrive","og_url":"https:\/\/www.fcbarcelonanoticias.com\/en\/covers\/fcbn-cover-07-19-2025-return-to-montjuic_313609_102.html","og_site_name":"EN - FC Barcelona Noticias","article_published_time":"2025-07-19T05:15:00+00:00","article_modified_time":"2026-03-27T10:38:34+00:00","og_image":[{"width":1080,"height":1350,"url":"https:\/\/www.fcbarcelonanoticias.com\/en\/wp-content\/uploads\/sites\/2\/2025\/07\/portada-fcbn-19-de-julio-2025.webp","type":"image\/webp"}],"author":"FC Barcelona Noticias","twitter_card":"summary_large_image","twitter_misc":{"Written by":"FC Barcelona Noticias","Est. reading time":"1 minute"},"schema":{"@context":"https:\/\/schema.org","@graph":[{"@type":"Article","@id":"https:\/\/www.fcbarcelonanoticias.com\/en\/covers\/fcbn-cover-07-19-2025-return-to-montjuic_313609_102.html#article","isPartOf":{"@id":"https:\/\/www.fcbarcelonanoticias.com\/en\/covers\/fcbn-cover-07-19-2025-return-to-montjuic_313609_102.html"},"author":{"name":"FC Barcelona Noticias","@id":"https:\/\/www.fcbarcelonanoticias.com\/en\/#\/schema\/person\/0f2810101d27606974cdb8edb54fa54b"},"headline":"FCBN Cover 07\/19\/2025: RETURN TO MONTJU\u00cfC?","datePublished":"2025-07-19T05:15:00+00:00","dateModified":"2026-03-27T10:38:34+00:00","mainEntityOfPage":{"@id":"https:\/\/www.fcbarcelonanoticias.com\/en\/covers\/fcbn-cover-07-19-2025-return-to-montjuic_313609_102.html"},"wordCount":215,"image":{"@id":"https:\/\/www.fcbarcelonanoticias.com\/en\/covers\/fcbn-cover-07-19-2025-return-to-montjuic_313609_102.html#primaryimage"},"thumbnailUrl":"https:\/\/www.fcbarcelonanoticias.com\/en\/wp-content\/uploads\/sites\/2\/2025\/07\/portada-fcbn-19-de-julio-2025.webp","keywords":["Camp Nou"],"articleSection":["Covers"],"inLanguage":"en-US"},{"@type":"WebPage","@id":"https:\/\/www.fcbarcelonanoticias.com\/en\/covers\/fcbn-cover-07-19-2025-return-to-montjuic_313609_102.html","url":"https:\/\/www.fcbarcelonanoticias.com\/en\/covers\/fcbn-cover-07-19-2025-return-to-montjuic_313609_102.html","name":"FCBN Cover 07\/19\/2025: RETURN TO MONTJU\u00cfC?","isPartOf":{"@id":"https:\/\/www.fcbarcelonanoticias.com\/en\/#website"},"primaryImageOfPage":{"@id":"https:\/\/www.fcbarcelonanoticias.com\/en\/covers\/fcbn-cover-07-19-2025-return-to-montjuic_313609_102.html#primaryimage"},"image":{"@id":"https:\/\/www.fcbarcelonanoticias.com\/en\/covers\/fcbn-cover-07-19-2025-return-to-montjuic_313609_102.html#primaryimage"},"thumbnailUrl":"https:\/\/www.fcbarcelonanoticias.com\/en\/wp-content\/uploads\/sites\/2\/2025\/07\/portada-fcbn-19-de-julio-2025.webp","datePublished":"2025-07-19T05:15:00+00:00","dateModified":"2026-03-27T10:38:34+00:00","author":{"@id":"https:\/\/www.fcbarcelonanoticias.com\/en\/#\/schema\/person\/0f2810101d27606974cdb8edb54fa54b"},"description":"This is the FCBN cover for today, Saturday, July 19, 2025: Bar\u00e7a is considering staying in Montju\u00efc if the license to reopen the Camp Nou does not arrive","breadcrumb":{"@id":"https:\/\/www.fcbarcelonanoticias.com\/en\/covers\/fcbn-cover-07-19-2025-return-to-montjuic_313609_102.html#breadcrumb"},"inLanguage":"en-US","potentialAction":[{"@type":"ReadAction","target":["https:\/\/www.fcbarcelonanoticias.com\/en\/covers\/fcbn-cover-07-19-2025-return-to-montjuic_313609_102.html"]}]},{"@type":"ImageObject","inLanguage":"en-US","@id":"https:\/\/www.fcbarcelonanoticias.com\/en\/covers\/fcbn-cover-07-19-2025-return-to-montjuic_313609_102.html#primaryimage","url":"https:\/\/www.fcbarcelonanoticias.com\/en\/wp-content\/uploads\/sites\/2\/2025\/07\/portada-fcbn-19-de-julio-2025.webp","contentUrl":"https:\/\/www.fcbarcelonanoticias.com\/en\/wp-content\/uploads\/sites\/2\/2025\/07\/portada-fcbn-19-de-julio-2025.webp","width":1080,"height":1350},{"@type":"BreadcrumbList","@id":"https:\/\/www.fcbarcelonanoticias.com\/en\/covers\/fcbn-cover-07-19-2025-return-to-montjuic_313609_102.html#breadcrumb","itemListElement":[{"@type":"ListItem","position":1,"name":"Portada","item":"https:\/\/www.fcbarcelonanoticias.com\/en\/"},{"@type":"ListItem","position":2,"name":"FCBN Cover 07\/19\/2025: RETURN TO MONTJU\u00cfC?"}]},{"@type":"WebSite","@id":"https:\/\/www.fcbarcelonanoticias.com\/en\/#website","url":"https:\/\/www.fcbarcelonanoticias.com\/en\/","name":"EN - FC Barcelona Noticias","description":"","potentialAction":[{"@type":"SearchAction","target":{"@type":"EntryPoint","urlTemplate":"https:\/\/www.fcbarcelonanoticias.com\/en\/?s={search_term_string}"},"query-input":{"@type":"PropertyValueSpecification","valueRequired":true,"valueName":"search_term_string"}}],"inLanguage":"en-US"},{"@type":"Person","@id":"https:\/\/www.fcbarcelonanoticias.com\/en\/#\/schema\/person\/0f2810101d27606974cdb8edb54fa54b","name":"FC Barcelona Noticias","image":{"@type":"ImageObject","inLanguage":"en-US","@id":"https:\/\/secure.gravatar.com\/avatar\/?s=96&d=mm&r=g","url":"https:\/\/secure.gravatar.com\/avatar\/?s=96&d=mm&r=g","contentUrl":"https:\/\/secure.gravatar.com\/avatar\/?s=96&d=mm&r=g","caption":"FC Barcelona Noticias"},"url":"https:\/\/www.fcbarcelonanoticias.com\/en\/fc-barcelona\/fcbn-writing-fc-barcelona-news_6_115.html"}]}},"_links":{"self":[{"href":"https:\/\/www.fcbarcelonanoticias.com\/en\/wp-json\/wp\/v2\/posts\/10775","targetHints":{"allow":["GET"]}}],"collection":[{"href":"https:\/\/www.fcbarcelonanoticias.com\/en\/wp-json\/wp\/v2\/posts"}],"about":[{"href":"https:\/\/www.fcbarcelonanoticias.com\/en\/wp-json\/wp\/v2\/types\/post"}],"author":[{"embeddable":true,"href":"https:\/\/www.fcbarcelonanoticias.com\/en\/wp-json\/wp\/v2\/users\/353"}],"replies":[{"embeddable":true,"href":"https:\/\/www.fcbarcelonanoticias.com\/en\/wp-json\/wp\/v2\/comments?post=10775"}],"version-history":[{"count":4,"href":"https:\/\/www.fcbarcelonanoticias.com\/en\/wp-json\/wp\/v2\/posts\/10775\/revisions"}],"predecessor-version":[{"id":160737,"href":"https:\/\/www.fcbarcelonanoticias.com\/en\/wp-json\/wp\/v2\/posts\/10775\/revisions\/160737"}],"wp:featuredmedia":[{"embeddable":true,"href":"https:\/\/www.fcbarcelonanoticias.com\/en\/wp-json\/wp\/v2\/media\/10776"}],"wp:attachment":[{"href":"https:\/\/www.fcbarcelonanoticias.com\/en\/wp-json\/wp\/v2\/media?parent=10775"}],"wp:term":[{"taxonomy":"category","embeddable":true,"href":"https:\/\/www.fcbarcelonanoticias.com\/en\/wp-json\/wp\/v2\/categories?post=10775"},{"taxonomy":"post_tag","embeddable":true,"href":"https:\/\/www.fcbarcelonanoticias.com\/en\/wp-json\/wp\/v2\/tags?post=10775"}],"curies":[{"name":"wp","href":"https:\/\/api.w.org\/{rel}","templated":true}]}}