{"id":108012,"date":"2024-03-07T13:19:00","date_gmt":"2024-03-07T12:19:00","guid":{"rendered":"https:\/\/weisetech.dev\/fc-barcelona-noticias\/en\/pau-cubarsi-could-follow-in-its-footsteps-gavi-and-of-lamine-yamal-with-spain_301483_102\/"},"modified":"2024-03-07T13:19:00","modified_gmt":"2024-03-07T12:19:00","slug":"pau-cubarsi-could-follow-in-its-footsteps-gavi-and-of-lamine-yamal-with-spain_301483_102","status":"publish","type":"post","link":"https:\/\/www.fcbarcelonanoticias.com\/en\/fc-barcelona\/pau-cubarsi-could-follow-in-its-footsteps-gavi-and-of-lamine-yamal-with-spain_301483_102.html","title":{"rendered":"Pau Cubars\u00ed could follow in its footsteps Gavi and of Lamine Yamal with Spain"},"content":{"rendered":"<h2 class=\"wp-block-heading\">To his 17 years, Pau Cubars\u00ed appears in the prelista of Luis de la Fuente to form part of the absolute selection to contest the parties in front of Colombia and Brazil. In case to confirm , the canterano of the Bar\u00e7a, could follow the same steps of Gavi and Lamine Yamal<\/h2>  \r\n<div class=\"article-addons\">\r\n    <a href=\"https:\/\/www.fcbarcelonanoticias.com\/en\/calendar-fc-barcelona.html\"\r\n       target=\"_self\"\r\n       title=\"Calendar of FC Barcelona\"\r\n       class=\"blue-gredient-btn\">\r\n       \r\n        Calendar of FC Barcelona    <\/a>\r\n<\/div>   <p><a data-external=\"0\" data-intl-links-en=\"https:\/\/www.fcbarcelonanoticias.com\/en\/transfers\/barca-does-not-forget-its-mission-to-shield-pau-cubarsi_301425_102.html\" data-intl-links-es=\"https:\/\/www.fcbarcelonanoticias.com\/fichajes\/barca-no-olvida-su-mision-blindar-pau-cubarsi_301425_102.html\" href=\"https:\/\/www.fcbarcelonanoticias.com\/en\/transfers\/barca-does-not-forget-its-mission-to-shield-pau-cubarsi_301425_102.html\" rel=\"follow\" target=\"_self\" title=\"El Bar\u00e7a no olvida su misi\u00f3n de 'blindar' a Pau Cubars\u00ed\">The present of Pau Cubars\u00ed with the Bar\u00e7a has been remarkable. The canterano has surpassed with grow all the expectations that generated around him from his debut<\/a>. It is by this that, has attained to do with a place in the XI initial of Xavi Hern\u00e1ndez, above players with a lot of more experience. Given his good performance with the T-shirt blaugrana, the seleccionador of Spain, Luis de la Fuente has put his eyes in him, by what appears in the prelista to form part of the absolute selection.<\/p>  <p>To his 17 years, Cubars\u00ed could be summoned to contest the friendly parties in front of the combined sudamericanos Colombia and Brazil. <strong>The official list will give to know next Friday 15 March and the central of the Bar\u00e7a has a lot of opportunities to be called.<\/strong> To confirm , the &#8217;33&#8217; of the Bar\u00e7a would follow in its footsteps his current mates of team: Gavi and Lamine Yamal, since these two players had his debut in the selection being minors of age.<\/p>  <p>On the other hand, in case of not being included in the final list, the young defender, could form part of the preparatory parties of the selection sub-21, of face to the next olympic games of Paris. Beyond all doubt, the player has the suitable level to face any type of parties, as it has been it doing with the Bar\u00e7a. <strong>So his presence with Spain is ensured, only would subtract to know in which category will be summoned.<\/strong><\/p>  <h2> <strong>Cubars\u00ed, Gavi and The<\/strong>mine<\/h2>  <p><strong>The native of Girona, looks for to attain the same that his mates of team Gavi and Lamine, those who debuted with the Spanish selection being minors of age<\/strong>. In the case of Gavi, the Andalusian player, had his debut with &#8216;The Red&#8217; with hardly 17 years and 62 days in a semifinal of Nations League in front of Italy. Whereas Yamal, had his opportunity in front of Georgia and in his premi\u00e8re with the absolute selection, dismissed with a so much, converting it like this, in the youngest player in debuting and annotate a goal with Spain in all the history.<\/p> ","protected":false},"excerpt":{"rendered":"<p>To his 17 years, Pau Cubars\u00ed appears in the prelista of Luis de la Fuente to form part of the absolute selection to contest the parties in front of Colombia and Brazil. In case to confirm , the canterano of the Bar\u00e7a, could follow the same steps of Gavi and Lamine Yamal The present of [&hellip;]<\/p>\n","protected":false},"author":360,"featured_media":108017,"comment_status":"closed","ping_status":"open","sticky":false,"template":"","format":"standard","meta":{"_acf_changed":false,"inline_featured_image":false,"_nextfly_llmd_date_locked":false,"footnotes":""},"categories":[111],"tags":[],"class_list":["post-108012","post","type-post","status-publish","format-standard","has-post-thumbnail","hentry","category-fc-barcelona"],"acf":[],"yoast_head":"<!-- This site is optimized with the Yoast SEO plugin v27.3 - https:\/\/yoast.com\/product\/yoast-seo-wordpress\/ -->\n<title>Pau Cubars\u00ed could follow in its footsteps Gavi and of Lamine Yamal with Spain<\/title>\n<meta name=\"description\" content=\"To his 17 years, Pau Cubars\u00ed appears in the prelista of Luis de la Fuente to form part of the absolute selection to contest the parties in front of Colombia and Brazil. In case to confirm , the canterano of the Bar\u00e7a, could follow the same steps of Gavi and Lamine Yamal\" \/>\n<meta name=\"robots\" content=\"index, follow, max-snippet:-1, max-image-preview:large, max-video-preview:-1\" \/>\n<link rel=\"canonical\" href=\"https:\/\/www.fcbarcelonanoticias.com\/en\/fc-barcelona\/pau-cubarsi-could-follow-in-its-footsteps-gavi-and-of-lamine-yamal-with-spain_301483_102.html\" \/>\n<meta property=\"og:locale\" content=\"en_US\" \/>\n<meta property=\"og:type\" content=\"article\" \/>\n<meta property=\"og:title\" content=\"Pau Cubars\u00ed could follow in its footsteps Gavi and of Lamine Yamal with Spain\" \/>\n<meta property=\"og:description\" content=\"To his 17 years, Pau Cubars\u00ed appears in the prelista of Luis de la Fuente to form part of the absolute selection to contest the parties in front of Colombia and Brazil. In case to confirm , the canterano of the Bar\u00e7a, could follow the same steps of Gavi and Lamine Yamal\" \/>\n<meta property=\"og:url\" content=\"https:\/\/www.fcbarcelonanoticias.com\/en\/fc-barcelona\/pau-cubarsi-could-follow-in-its-footsteps-gavi-and-of-lamine-yamal-with-spain_301483_102.html\" \/>\n<meta property=\"og:site_name\" content=\"EN - FC Barcelona Noticias\" \/>\n<meta property=\"article:published_time\" content=\"2024-03-07T12:19:00+00:00\" \/>\n<meta property=\"og:image\" content=\"https:\/\/www.fcbarcelonanoticias.com\/en\/wp-content\/uploads\/sites\/2\/2024\/03\/real-betis-v-fc-barcelona-laliga-ea-sports.jpeg\" \/>\n\t<meta property=\"og:image:width\" content=\"1300\" \/>\n\t<meta property=\"og:image:height\" content=\"732\" \/>\n\t<meta property=\"og:image:type\" content=\"image\/jpeg\" \/>\n<meta name=\"author\" content=\"Jos\u00e9 Carlos Jaramillo\" \/>\n<meta name=\"twitter:card\" content=\"summary_large_image\" \/>\n<meta name=\"twitter:label1\" content=\"Written by\" \/>\n\t<meta name=\"twitter:data1\" content=\"Jos\u00e9 Carlos Jaramillo\" \/>\n\t<meta name=\"twitter:label2\" content=\"Est. reading time\" \/>\n\t<meta name=\"twitter:data2\" content=\"2 minutes\" \/>\n<script type=\"application\/ld+json\" class=\"yoast-schema-graph\">{\"@context\":\"https:\\\/\\\/schema.org\",\"@graph\":[{\"@type\":\"Article\",\"@id\":\"https:\\\/\\\/www.fcbarcelonanoticias.com\\\/en\\\/fc-barcelona\\\/pau-cubarsi-could-follow-in-its-footsteps-gavi-and-of-lamine-yamal-with-spain_301483_102.html#article\",\"isPartOf\":{\"@id\":\"https:\\\/\\\/www.fcbarcelonanoticias.com\\\/en\\\/fc-barcelona\\\/pau-cubarsi-could-follow-in-its-footsteps-gavi-and-of-lamine-yamal-with-spain_301483_102.html\"},\"author\":{\"name\":\"Jos\u00e9 Carlos Jaramillo\",\"@id\":\"https:\\\/\\\/www.fcbarcelonanoticias.com\\\/en\\\/#\\\/schema\\\/person\\\/7e0029b6b891133992eecb8d3e9829b8\"},\"headline\":\"Pau Cubars\u00ed could follow in its footsteps Gavi and of Lamine Yamal with Spain\",\"datePublished\":\"2024-03-07T12:19:00+00:00\",\"mainEntityOfPage\":{\"@id\":\"https:\\\/\\\/www.fcbarcelonanoticias.com\\\/en\\\/fc-barcelona\\\/pau-cubarsi-could-follow-in-its-footsteps-gavi-and-of-lamine-yamal-with-spain_301483_102.html\"},\"wordCount\":422,\"image\":{\"@id\":\"https:\\\/\\\/www.fcbarcelonanoticias.com\\\/en\\\/fc-barcelona\\\/pau-cubarsi-could-follow-in-its-footsteps-gavi-and-of-lamine-yamal-with-spain_301483_102.html#primaryimage\"},\"thumbnailUrl\":\"https:\\\/\\\/www.fcbarcelonanoticias.com\\\/en\\\/wp-content\\\/uploads\\\/sites\\\/2\\\/2024\\\/03\\\/real-betis-v-fc-barcelona-laliga-ea-sports.jpeg\",\"articleSection\":[\"FC Barcelona\"],\"inLanguage\":\"en-US\"},{\"@type\":\"WebPage\",\"@id\":\"https:\\\/\\\/www.fcbarcelonanoticias.com\\\/en\\\/fc-barcelona\\\/pau-cubarsi-could-follow-in-its-footsteps-gavi-and-of-lamine-yamal-with-spain_301483_102.html\",\"url\":\"https:\\\/\\\/www.fcbarcelonanoticias.com\\\/en\\\/fc-barcelona\\\/pau-cubarsi-could-follow-in-its-footsteps-gavi-and-of-lamine-yamal-with-spain_301483_102.html\",\"name\":\"Pau Cubars\u00ed could follow in its footsteps Gavi and of Lamine Yamal with Spain\",\"isPartOf\":{\"@id\":\"https:\\\/\\\/www.fcbarcelonanoticias.com\\\/en\\\/#website\"},\"primaryImageOfPage\":{\"@id\":\"https:\\\/\\\/www.fcbarcelonanoticias.com\\\/en\\\/fc-barcelona\\\/pau-cubarsi-could-follow-in-its-footsteps-gavi-and-of-lamine-yamal-with-spain_301483_102.html#primaryimage\"},\"image\":{\"@id\":\"https:\\\/\\\/www.fcbarcelonanoticias.com\\\/en\\\/fc-barcelona\\\/pau-cubarsi-could-follow-in-its-footsteps-gavi-and-of-lamine-yamal-with-spain_301483_102.html#primaryimage\"},\"thumbnailUrl\":\"https:\\\/\\\/www.fcbarcelonanoticias.com\\\/en\\\/wp-content\\\/uploads\\\/sites\\\/2\\\/2024\\\/03\\\/real-betis-v-fc-barcelona-laliga-ea-sports.jpeg\",\"datePublished\":\"2024-03-07T12:19:00+00:00\",\"author\":{\"@id\":\"https:\\\/\\\/www.fcbarcelonanoticias.com\\\/en\\\/#\\\/schema\\\/person\\\/7e0029b6b891133992eecb8d3e9829b8\"},\"description\":\"To his 17 years, Pau Cubars\u00ed appears in the prelista of Luis de la Fuente to form part of the absolute selection to contest the parties in front of Colombia and Brazil. In case to confirm , the canterano of the Bar\u00e7a, could follow the same steps of Gavi and Lamine Yamal\",\"breadcrumb\":{\"@id\":\"https:\\\/\\\/www.fcbarcelonanoticias.com\\\/en\\\/fc-barcelona\\\/pau-cubarsi-could-follow-in-its-footsteps-gavi-and-of-lamine-yamal-with-spain_301483_102.html#breadcrumb\"},\"inLanguage\":\"en-US\",\"potentialAction\":[{\"@type\":\"ReadAction\",\"target\":[\"https:\\\/\\\/www.fcbarcelonanoticias.com\\\/en\\\/fc-barcelona\\\/pau-cubarsi-could-follow-in-its-footsteps-gavi-and-of-lamine-yamal-with-spain_301483_102.html\"]}]},{\"@type\":\"ImageObject\",\"inLanguage\":\"en-US\",\"@id\":\"https:\\\/\\\/www.fcbarcelonanoticias.com\\\/en\\\/fc-barcelona\\\/pau-cubarsi-could-follow-in-its-footsteps-gavi-and-of-lamine-yamal-with-spain_301483_102.html#primaryimage\",\"url\":\"https:\\\/\\\/www.fcbarcelonanoticias.com\\\/en\\\/wp-content\\\/uploads\\\/sites\\\/2\\\/2024\\\/03\\\/real-betis-v-fc-barcelona-laliga-ea-sports.jpeg\",\"contentUrl\":\"https:\\\/\\\/www.fcbarcelonanoticias.com\\\/en\\\/wp-content\\\/uploads\\\/sites\\\/2\\\/2024\\\/03\\\/real-betis-v-fc-barcelona-laliga-ea-sports.jpeg\",\"width\":1300,\"height\":732},{\"@type\":\"BreadcrumbList\",\"@id\":\"https:\\\/\\\/www.fcbarcelonanoticias.com\\\/en\\\/fc-barcelona\\\/pau-cubarsi-could-follow-in-its-footsteps-gavi-and-of-lamine-yamal-with-spain_301483_102.html#breadcrumb\",\"itemListElement\":[{\"@type\":\"ListItem\",\"position\":1,\"name\":\"Portada\",\"item\":\"https:\\\/\\\/www.fcbarcelonanoticias.com\\\/en\\\/\"},{\"@type\":\"ListItem\",\"position\":2,\"name\":\"Pau Cubars\u00ed could follow in its footsteps Gavi and of Lamine Yamal with Spain\"}]},{\"@type\":\"WebSite\",\"@id\":\"https:\\\/\\\/www.fcbarcelonanoticias.com\\\/en\\\/#website\",\"url\":\"https:\\\/\\\/www.fcbarcelonanoticias.com\\\/en\\\/\",\"name\":\"EN - FC Barcelona Noticias\",\"description\":\"\",\"potentialAction\":[{\"@type\":\"SearchAction\",\"target\":{\"@type\":\"EntryPoint\",\"urlTemplate\":\"https:\\\/\\\/www.fcbarcelonanoticias.com\\\/en\\\/?s={search_term_string}\"},\"query-input\":{\"@type\":\"PropertyValueSpecification\",\"valueRequired\":true,\"valueName\":\"search_term_string\"}}],\"inLanguage\":\"en-US\"},{\"@type\":\"Person\",\"@id\":\"https:\\\/\\\/www.fcbarcelonanoticias.com\\\/en\\\/#\\\/schema\\\/person\\\/7e0029b6b891133992eecb8d3e9829b8\",\"name\":\"Jos\u00e9 Carlos Jaramillo\",\"image\":{\"@type\":\"ImageObject\",\"inLanguage\":\"en-US\",\"@id\":\"https:\\\/\\\/secure.gravatar.com\\\/avatar\\\/?s=96&d=mm&r=g\",\"url\":\"https:\\\/\\\/secure.gravatar.com\\\/avatar\\\/?s=96&d=mm&r=g\",\"contentUrl\":\"https:\\\/\\\/secure.gravatar.com\\\/avatar\\\/?s=96&d=mm&r=g\",\"caption\":\"Jos\u00e9 Carlos Jaramillo\"},\"url\":\"https:\\\/\\\/www.fcbarcelonanoticias.com\\\/en\\\/jose-carlos-jaramillo_26_115.html\"}]}<\/script>\n<!-- \/ Yoast SEO plugin. -->","yoast_head_json":{"title":"Pau Cubars\u00ed could follow in its footsteps Gavi and of Lamine Yamal with Spain","description":"To his 17 years, Pau Cubars\u00ed appears in the prelista of Luis de la Fuente to form part of the absolute selection to contest the parties in front of Colombia and Brazil. In case to confirm , the canterano of the Bar\u00e7a, could follow the same steps of Gavi and Lamine Yamal","robots":{"index":"index","follow":"follow","max-snippet":"max-snippet:-1","max-image-preview":"max-image-preview:large","max-video-preview":"max-video-preview:-1"},"canonical":"https:\/\/www.fcbarcelonanoticias.com\/en\/fc-barcelona\/pau-cubarsi-could-follow-in-its-footsteps-gavi-and-of-lamine-yamal-with-spain_301483_102.html","og_locale":"en_US","og_type":"article","og_title":"Pau Cubars\u00ed could follow in its footsteps Gavi and of Lamine Yamal with Spain","og_description":"To his 17 years, Pau Cubars\u00ed appears in the prelista of Luis de la Fuente to form part of the absolute selection to contest the parties in front of Colombia and Brazil. In case to confirm , the canterano of the Bar\u00e7a, could follow the same steps of Gavi and Lamine Yamal","og_url":"https:\/\/www.fcbarcelonanoticias.com\/en\/fc-barcelona\/pau-cubarsi-could-follow-in-its-footsteps-gavi-and-of-lamine-yamal-with-spain_301483_102.html","og_site_name":"EN - FC Barcelona Noticias","article_published_time":"2024-03-07T12:19:00+00:00","og_image":[{"width":1300,"height":732,"url":"https:\/\/www.fcbarcelonanoticias.com\/en\/wp-content\/uploads\/sites\/2\/2024\/03\/real-betis-v-fc-barcelona-laliga-ea-sports.jpeg","type":"image\/jpeg"}],"author":"Jos\u00e9 Carlos Jaramillo","twitter_card":"summary_large_image","twitter_misc":{"Written by":"Jos\u00e9 Carlos Jaramillo","Est. reading time":"2 minutes"},"schema":{"@context":"https:\/\/schema.org","@graph":[{"@type":"Article","@id":"https:\/\/www.fcbarcelonanoticias.com\/en\/fc-barcelona\/pau-cubarsi-could-follow-in-its-footsteps-gavi-and-of-lamine-yamal-with-spain_301483_102.html#article","isPartOf":{"@id":"https:\/\/www.fcbarcelonanoticias.com\/en\/fc-barcelona\/pau-cubarsi-could-follow-in-its-footsteps-gavi-and-of-lamine-yamal-with-spain_301483_102.html"},"author":{"name":"Jos\u00e9 Carlos Jaramillo","@id":"https:\/\/www.fcbarcelonanoticias.com\/en\/#\/schema\/person\/7e0029b6b891133992eecb8d3e9829b8"},"headline":"Pau Cubars\u00ed could follow in its footsteps Gavi and of Lamine Yamal with Spain","datePublished":"2024-03-07T12:19:00+00:00","mainEntityOfPage":{"@id":"https:\/\/www.fcbarcelonanoticias.com\/en\/fc-barcelona\/pau-cubarsi-could-follow-in-its-footsteps-gavi-and-of-lamine-yamal-with-spain_301483_102.html"},"wordCount":422,"image":{"@id":"https:\/\/www.fcbarcelonanoticias.com\/en\/fc-barcelona\/pau-cubarsi-could-follow-in-its-footsteps-gavi-and-of-lamine-yamal-with-spain_301483_102.html#primaryimage"},"thumbnailUrl":"https:\/\/www.fcbarcelonanoticias.com\/en\/wp-content\/uploads\/sites\/2\/2024\/03\/real-betis-v-fc-barcelona-laliga-ea-sports.jpeg","articleSection":["FC Barcelona"],"inLanguage":"en-US"},{"@type":"WebPage","@id":"https:\/\/www.fcbarcelonanoticias.com\/en\/fc-barcelona\/pau-cubarsi-could-follow-in-its-footsteps-gavi-and-of-lamine-yamal-with-spain_301483_102.html","url":"https:\/\/www.fcbarcelonanoticias.com\/en\/fc-barcelona\/pau-cubarsi-could-follow-in-its-footsteps-gavi-and-of-lamine-yamal-with-spain_301483_102.html","name":"Pau Cubars\u00ed could follow in its footsteps Gavi and of Lamine Yamal with Spain","isPartOf":{"@id":"https:\/\/www.fcbarcelonanoticias.com\/en\/#website"},"primaryImageOfPage":{"@id":"https:\/\/www.fcbarcelonanoticias.com\/en\/fc-barcelona\/pau-cubarsi-could-follow-in-its-footsteps-gavi-and-of-lamine-yamal-with-spain_301483_102.html#primaryimage"},"image":{"@id":"https:\/\/www.fcbarcelonanoticias.com\/en\/fc-barcelona\/pau-cubarsi-could-follow-in-its-footsteps-gavi-and-of-lamine-yamal-with-spain_301483_102.html#primaryimage"},"thumbnailUrl":"https:\/\/www.fcbarcelonanoticias.com\/en\/wp-content\/uploads\/sites\/2\/2024\/03\/real-betis-v-fc-barcelona-laliga-ea-sports.jpeg","datePublished":"2024-03-07T12:19:00+00:00","author":{"@id":"https:\/\/www.fcbarcelonanoticias.com\/en\/#\/schema\/person\/7e0029b6b891133992eecb8d3e9829b8"},"description":"To his 17 years, Pau Cubars\u00ed appears in the prelista of Luis de la Fuente to form part of the absolute selection to contest the parties in front of Colombia and Brazil. In case to confirm , the canterano of the Bar\u00e7a, could follow the same steps of Gavi and Lamine Yamal","breadcrumb":{"@id":"https:\/\/www.fcbarcelonanoticias.com\/en\/fc-barcelona\/pau-cubarsi-could-follow-in-its-footsteps-gavi-and-of-lamine-yamal-with-spain_301483_102.html#breadcrumb"},"inLanguage":"en-US","potentialAction":[{"@type":"ReadAction","target":["https:\/\/www.fcbarcelonanoticias.com\/en\/fc-barcelona\/pau-cubarsi-could-follow-in-its-footsteps-gavi-and-of-lamine-yamal-with-spain_301483_102.html"]}]},{"@type":"ImageObject","inLanguage":"en-US","@id":"https:\/\/www.fcbarcelonanoticias.com\/en\/fc-barcelona\/pau-cubarsi-could-follow-in-its-footsteps-gavi-and-of-lamine-yamal-with-spain_301483_102.html#primaryimage","url":"https:\/\/www.fcbarcelonanoticias.com\/en\/wp-content\/uploads\/sites\/2\/2024\/03\/real-betis-v-fc-barcelona-laliga-ea-sports.jpeg","contentUrl":"https:\/\/www.fcbarcelonanoticias.com\/en\/wp-content\/uploads\/sites\/2\/2024\/03\/real-betis-v-fc-barcelona-laliga-ea-sports.jpeg","width":1300,"height":732},{"@type":"BreadcrumbList","@id":"https:\/\/www.fcbarcelonanoticias.com\/en\/fc-barcelona\/pau-cubarsi-could-follow-in-its-footsteps-gavi-and-of-lamine-yamal-with-spain_301483_102.html#breadcrumb","itemListElement":[{"@type":"ListItem","position":1,"name":"Portada","item":"https:\/\/www.fcbarcelonanoticias.com\/en\/"},{"@type":"ListItem","position":2,"name":"Pau Cubars\u00ed could follow in its footsteps Gavi and of Lamine Yamal with Spain"}]},{"@type":"WebSite","@id":"https:\/\/www.fcbarcelonanoticias.com\/en\/#website","url":"https:\/\/www.fcbarcelonanoticias.com\/en\/","name":"EN - FC Barcelona Noticias","description":"","potentialAction":[{"@type":"SearchAction","target":{"@type":"EntryPoint","urlTemplate":"https:\/\/www.fcbarcelonanoticias.com\/en\/?s={search_term_string}"},"query-input":{"@type":"PropertyValueSpecification","valueRequired":true,"valueName":"search_term_string"}}],"inLanguage":"en-US"},{"@type":"Person","@id":"https:\/\/www.fcbarcelonanoticias.com\/en\/#\/schema\/person\/7e0029b6b891133992eecb8d3e9829b8","name":"Jos\u00e9 Carlos Jaramillo","image":{"@type":"ImageObject","inLanguage":"en-US","@id":"https:\/\/secure.gravatar.com\/avatar\/?s=96&d=mm&r=g","url":"https:\/\/secure.gravatar.com\/avatar\/?s=96&d=mm&r=g","contentUrl":"https:\/\/secure.gravatar.com\/avatar\/?s=96&d=mm&r=g","caption":"Jos\u00e9 Carlos Jaramillo"},"url":"https:\/\/www.fcbarcelonanoticias.com\/en\/jose-carlos-jaramillo_26_115.html"}]}},"_links":{"self":[{"href":"https:\/\/www.fcbarcelonanoticias.com\/en\/wp-json\/wp\/v2\/posts\/108012","targetHints":{"allow":["GET"]}}],"collection":[{"href":"https:\/\/www.fcbarcelonanoticias.com\/en\/wp-json\/wp\/v2\/posts"}],"about":[{"href":"https:\/\/www.fcbarcelonanoticias.com\/en\/wp-json\/wp\/v2\/types\/post"}],"author":[{"embeddable":true,"href":"https:\/\/www.fcbarcelonanoticias.com\/en\/wp-json\/wp\/v2\/users\/360"}],"replies":[{"embeddable":true,"href":"https:\/\/www.fcbarcelonanoticias.com\/en\/wp-json\/wp\/v2\/comments?post=108012"}],"version-history":[{"count":1,"href":"https:\/\/www.fcbarcelonanoticias.com\/en\/wp-json\/wp\/v2\/posts\/108012\/revisions"}],"predecessor-version":[{"id":148391,"href":"https:\/\/www.fcbarcelonanoticias.com\/en\/wp-json\/wp\/v2\/posts\/108012\/revisions\/148391"}],"wp:featuredmedia":[{"embeddable":true,"href":"https:\/\/www.fcbarcelonanoticias.com\/en\/wp-json\/wp\/v2\/media\/108017"}],"wp:attachment":[{"href":"https:\/\/www.fcbarcelonanoticias.com\/en\/wp-json\/wp\/v2\/media?parent=108012"}],"wp:term":[{"taxonomy":"category","embeddable":true,"href":"https:\/\/www.fcbarcelonanoticias.com\/en\/wp-json\/wp\/v2\/categories?post=108012"},{"taxonomy":"post_tag","embeddable":true,"href":"https:\/\/www.fcbarcelonanoticias.com\/en\/wp-json\/wp\/v2\/tags?post=108012"}],"curies":[{"name":"wp","href":"https:\/\/api.w.org\/{rel}","templated":true}]}}