{"id":108072,"date":"2023-11-02T01:09:00","date_gmt":"2023-11-02T00:09:00","guid":{"rendered":"https:\/\/weisetech.dev\/fc-barcelona-noticias\/en\/pau-torres-charges-against-boat-due-to-problems-with-injuries-pedri_297681_102\/"},"modified":"2023-11-02T01:09:00","modified_gmt":"2023-11-02T00:09:00","slug":"pau-torres-charges-against-boat-due-to-problems-with-injuries-pedri_297681_102","status":"publish","type":"post","link":"https:\/\/www.fcbarcelonanoticias.com\/en\/fc-barcelona\/pau-torres-charges-against-boat-due-to-problems-with-injuries-pedri_297681_102.html","title":{"rendered":"Pau Torres charges against Bar\u00e7a for Pedri&#8217;s injury problems"},"content":{"rendered":"<h2 class=\"wp-block-heading\">Pau Torres surprised in a talk with &#8216;Relevo&#8217; when he referred to the physical problems that Pedri has suffered in the last two years. For the Aston Villa centre-back, the wear and tear that the Canary Islander suffered in 2021 has been key in his relapses<\/h2>  \r\n<div class=\"article-addons\">\r\n    <a href=\"https:\/\/www.fcbarcelonanoticias.com\/en\/calendar-fc-barcelona.html\"\r\n       target=\"_self\"\r\n       title=\"Calendar of FC Barcelona\"\r\n       class=\"blue-gredient-btn\">\r\n       \r\n        Calendar of FC Barcelona    <\/a>\r\n<\/div>   <p>The continuous injuries of Pedri Gonz\u00e1lez follow generating controversial opinions in the Spanish football.<strong> The last in referring to the physical problems of the Canarian was Pau Torres<\/strong>, with the one who the mediocentro has shared in multiple announcements in the Selection. For the ex defender of the Villarreal, <strong>the FC Barcelona has been the main manager of his relapses <\/strong>to the not to give him the necessary rest to recover physically.<\/p>  <p><strong>&#8220;If the Bar\u00e7a had decided to give him his time of rest I think that Pedri, to day of today, would be better physically, because it comes dragging injuries from this moment&#8221;<\/strong>, said the today footballer of the Aston Villa in a talk with &#8216;Relief&#8217;. This summer, Pedri played it absolutely everything with Spain in the Eurocopa and the Olympic games. Since, the physical problems of the Canarian have been recurrent.<\/p>  <h2>For Pau Torres, Pedri no longer enjoys in the field<\/h2>  <p>In this sense, the defender of 26 years was further when analysing the actuality of the &#8216;8&#8217; cul\u00e9.<strong> &#8220;I think that he is not enjoying of the football and the Spanish football neither, because it is a different player that Spain and LaLiga needs&#8221;<\/strong>, sentenced the canterano of the Villarreal. Pau and Pedri coincided this summer in the Euro, a tournament where The Red arrived until semifinals playing lengthen in all the keys of &#8216;KO&#8217;.<\/p>  <p>The own occurred in the Olympic games. Spain played extentions in chambers, semis and the final, remaining with the medal of silver after falling in front of Brazil. The &#8216;8&#8217; Barcelona was indisputable in both tournaments after a season in which it had won the titularity with the first team.<strong> In total, went 71 parties and 4.911 minutes on the terrains of game<\/strong>. An abnormal wear that happened him bill in the following seasons.<\/p>  <h2>Pedri Lost 5 kilos and half in 2021, according to Pau Torres<\/h2>  <p>To complete his criticism to the Bar\u00e7a and to the Selection, Pau Torres ensured that the mediocentro cul\u00e9 lost 5 kilos and half in the summer of 2021 after the terrible wear that supposed to play it everything with Spain. <strong>&#8220;Pedri Went back and began the season. Simply, it stopped a week, in the first stop of selections, seems me. I think that, unfortunately, he has not finished to recover of this moment and is something that he drags&#8221;<\/strong>, sentenced the one of Vila-real. This year, the &#8216;8&#8217; has suffered two important injuries, the last in the beginning of the 2023\/24. <a data-external=\"0\" data-intl-links-en=\"https:\/\/www.fcbarcelonanoticias.com\/en\/fc-barcelona\/pedri-complete-first-session-note-visit-anoeta_297679_102.html\" data-intl-links-es=\"https:\/\/www.fcbarcelonanoticias.com\/fc-barcelona\/pedri-completa-primera-sesion-apunta-visita-anoeta_297679_102.html\" href=\"https:\/\/www.fcbarcelonanoticias.com\/en\/fc-barcelona\/pedri-complete-first-session-note-visit-anoeta_297679_102.html\" rel=\"follow\" target=\"_self\" title=\"Pedri completa su primera sesi\u00f3n y apunta a la visita a Anoeta\">This Saturday expects by his return with the ones of Xavi Hern\u00e1ndez<\/a>.<\/p> ","protected":false},"excerpt":{"rendered":"<p>Pau Torres surprised in a talk with &#8216;Relevo&#8217; when he referred to the physical problems that Pedri has suffered in the last two years. For the Aston Villa centre-back, the wear and tear that the Canary Islander suffered in 2021 has been key in his relapses The continuous injuries of Pedri Gonz\u00e1lez follow generating controversial [&hellip;]<\/p>\n","protected":false},"author":347,"featured_media":108075,"comment_status":"closed","ping_status":"open","sticky":false,"template":"","format":"standard","meta":{"_acf_changed":false,"inline_featured_image":false,"_nextfly_llmd_date_locked":false,"footnotes":""},"categories":[111],"tags":[],"class_list":["post-108072","post","type-post","status-publish","format-standard","has-post-thumbnail","hentry","category-fc-barcelona"],"acf":[],"yoast_head":"<!-- This site is optimized with the Yoast SEO plugin v27.3 - https:\/\/yoast.com\/product\/yoast-seo-wordpress\/ -->\n<title>Pau Torres charges against Bar\u00e7a for Pedri&#039;s injury problems<\/title>\n<meta name=\"description\" content=\"Pau Torres surprised in a talk with &#039;Relevo&#039; when he referred to the physical problems that Pedri has suffered in the last two years. For the Aston Villa centre-back, the wear and tear that the Canary Islander suffered in 2021 has been key in his relapses\" \/>\n<meta name=\"robots\" content=\"index, follow, max-snippet:-1, max-image-preview:large, max-video-preview:-1\" \/>\n<link rel=\"canonical\" href=\"https:\/\/www.fcbarcelonanoticias.com\/en\/fc-barcelona\/pau-torres-charges-against-boat-due-to-problems-with-injuries-pedri_297681_102.html\" \/>\n<meta property=\"og:locale\" content=\"en_US\" \/>\n<meta property=\"og:type\" content=\"article\" \/>\n<meta property=\"og:title\" content=\"Pau Torres charges against Bar\u00e7a for Pedri&#039;s injury problems\" \/>\n<meta property=\"og:description\" content=\"Pau Torres surprised in a talk with &#039;Relevo&#039; when he referred to the physical problems that Pedri has suffered in the last two years. For the Aston Villa centre-back, the wear and tear that the Canary Islander suffered in 2021 has been key in his relapses\" \/>\n<meta property=\"og:url\" content=\"https:\/\/www.fcbarcelonanoticias.com\/en\/fc-barcelona\/pau-torres-charges-against-boat-due-to-problems-with-injuries-pedri_297681_102.html\" \/>\n<meta property=\"og:site_name\" content=\"EN - FC Barcelona Noticias\" \/>\n<meta property=\"article:published_time\" content=\"2023-11-02T00:09:00+00:00\" \/>\n<meta property=\"og:image\" content=\"https:\/\/www.fcbarcelonanoticias.com\/en\/wp-content\/uploads\/sites\/2\/2023\/11\/pau-torres-pedri.jpeg\" \/>\n\t<meta property=\"og:image:width\" content=\"1300\" \/>\n\t<meta property=\"og:image:height\" content=\"732\" \/>\n\t<meta property=\"og:image:type\" content=\"image\/jpeg\" \/>\n<meta name=\"author\" content=\"Andr\u00e9s Quiroz\" \/>\n<meta name=\"twitter:card\" content=\"summary_large_image\" \/>\n<meta name=\"twitter:label1\" content=\"Written by\" \/>\n\t<meta name=\"twitter:data1\" content=\"Andr\u00e9s Quiroz\" \/>\n\t<meta name=\"twitter:label2\" content=\"Est. reading time\" \/>\n\t<meta name=\"twitter:data2\" content=\"2 minutes\" \/>\n<script type=\"application\/ld+json\" class=\"yoast-schema-graph\">{\"@context\":\"https:\\\/\\\/schema.org\",\"@graph\":[{\"@type\":\"Article\",\"@id\":\"https:\\\/\\\/www.fcbarcelonanoticias.com\\\/en\\\/fc-barcelona\\\/pau-torres-charges-against-boat-due-to-problems-with-injuries-pedri_297681_102.html#article\",\"isPartOf\":{\"@id\":\"https:\\\/\\\/www.fcbarcelonanoticias.com\\\/en\\\/fc-barcelona\\\/pau-torres-charges-against-boat-due-to-problems-with-injuries-pedri_297681_102.html\"},\"author\":{\"name\":\"Andr\u00e9s Quiroz\",\"@id\":\"https:\\\/\\\/www.fcbarcelonanoticias.com\\\/en\\\/#\\\/schema\\\/person\\\/c2cd9f6fa1af5c0d0eccd0fefa575c88\"},\"headline\":\"Pau Torres charges against Bar\u00e7a for Pedri&#8217;s injury problems\",\"datePublished\":\"2023-11-02T00:09:00+00:00\",\"mainEntityOfPage\":{\"@id\":\"https:\\\/\\\/www.fcbarcelonanoticias.com\\\/en\\\/fc-barcelona\\\/pau-torres-charges-against-boat-due-to-problems-with-injuries-pedri_297681_102.html\"},\"wordCount\":476,\"image\":{\"@id\":\"https:\\\/\\\/www.fcbarcelonanoticias.com\\\/en\\\/fc-barcelona\\\/pau-torres-charges-against-boat-due-to-problems-with-injuries-pedri_297681_102.html#primaryimage\"},\"thumbnailUrl\":\"https:\\\/\\\/www.fcbarcelonanoticias.com\\\/en\\\/wp-content\\\/uploads\\\/sites\\\/2\\\/2023\\\/11\\\/pau-torres-pedri.jpeg\",\"articleSection\":[\"FC Barcelona\"],\"inLanguage\":\"en-US\"},{\"@type\":\"WebPage\",\"@id\":\"https:\\\/\\\/www.fcbarcelonanoticias.com\\\/en\\\/fc-barcelona\\\/pau-torres-charges-against-boat-due-to-problems-with-injuries-pedri_297681_102.html\",\"url\":\"https:\\\/\\\/www.fcbarcelonanoticias.com\\\/en\\\/fc-barcelona\\\/pau-torres-charges-against-boat-due-to-problems-with-injuries-pedri_297681_102.html\",\"name\":\"Pau Torres charges against Bar\u00e7a for Pedri's injury problems\",\"isPartOf\":{\"@id\":\"https:\\\/\\\/www.fcbarcelonanoticias.com\\\/en\\\/#website\"},\"primaryImageOfPage\":{\"@id\":\"https:\\\/\\\/www.fcbarcelonanoticias.com\\\/en\\\/fc-barcelona\\\/pau-torres-charges-against-boat-due-to-problems-with-injuries-pedri_297681_102.html#primaryimage\"},\"image\":{\"@id\":\"https:\\\/\\\/www.fcbarcelonanoticias.com\\\/en\\\/fc-barcelona\\\/pau-torres-charges-against-boat-due-to-problems-with-injuries-pedri_297681_102.html#primaryimage\"},\"thumbnailUrl\":\"https:\\\/\\\/www.fcbarcelonanoticias.com\\\/en\\\/wp-content\\\/uploads\\\/sites\\\/2\\\/2023\\\/11\\\/pau-torres-pedri.jpeg\",\"datePublished\":\"2023-11-02T00:09:00+00:00\",\"author\":{\"@id\":\"https:\\\/\\\/www.fcbarcelonanoticias.com\\\/en\\\/#\\\/schema\\\/person\\\/c2cd9f6fa1af5c0d0eccd0fefa575c88\"},\"description\":\"Pau Torres surprised in a talk with 'Relevo' when he referred to the physical problems that Pedri has suffered in the last two years. For the Aston Villa centre-back, the wear and tear that the Canary Islander suffered in 2021 has been key in his relapses\",\"breadcrumb\":{\"@id\":\"https:\\\/\\\/www.fcbarcelonanoticias.com\\\/en\\\/fc-barcelona\\\/pau-torres-charges-against-boat-due-to-problems-with-injuries-pedri_297681_102.html#breadcrumb\"},\"inLanguage\":\"en-US\",\"potentialAction\":[{\"@type\":\"ReadAction\",\"target\":[\"https:\\\/\\\/www.fcbarcelonanoticias.com\\\/en\\\/fc-barcelona\\\/pau-torres-charges-against-boat-due-to-problems-with-injuries-pedri_297681_102.html\"]}]},{\"@type\":\"ImageObject\",\"inLanguage\":\"en-US\",\"@id\":\"https:\\\/\\\/www.fcbarcelonanoticias.com\\\/en\\\/fc-barcelona\\\/pau-torres-charges-against-boat-due-to-problems-with-injuries-pedri_297681_102.html#primaryimage\",\"url\":\"https:\\\/\\\/www.fcbarcelonanoticias.com\\\/en\\\/wp-content\\\/uploads\\\/sites\\\/2\\\/2023\\\/11\\\/pau-torres-pedri.jpeg\",\"contentUrl\":\"https:\\\/\\\/www.fcbarcelonanoticias.com\\\/en\\\/wp-content\\\/uploads\\\/sites\\\/2\\\/2023\\\/11\\\/pau-torres-pedri.jpeg\",\"width\":1300,\"height\":732},{\"@type\":\"BreadcrumbList\",\"@id\":\"https:\\\/\\\/www.fcbarcelonanoticias.com\\\/en\\\/fc-barcelona\\\/pau-torres-charges-against-boat-due-to-problems-with-injuries-pedri_297681_102.html#breadcrumb\",\"itemListElement\":[{\"@type\":\"ListItem\",\"position\":1,\"name\":\"Portada\",\"item\":\"https:\\\/\\\/www.fcbarcelonanoticias.com\\\/en\\\/\"},{\"@type\":\"ListItem\",\"position\":2,\"name\":\"Pau Torres charges against Bar\u00e7a for Pedri&#8217;s injury problems\"}]},{\"@type\":\"WebSite\",\"@id\":\"https:\\\/\\\/www.fcbarcelonanoticias.com\\\/en\\\/#website\",\"url\":\"https:\\\/\\\/www.fcbarcelonanoticias.com\\\/en\\\/\",\"name\":\"EN - FC Barcelona Noticias\",\"description\":\"\",\"potentialAction\":[{\"@type\":\"SearchAction\",\"target\":{\"@type\":\"EntryPoint\",\"urlTemplate\":\"https:\\\/\\\/www.fcbarcelonanoticias.com\\\/en\\\/?s={search_term_string}\"},\"query-input\":{\"@type\":\"PropertyValueSpecification\",\"valueRequired\":true,\"valueName\":\"search_term_string\"}}],\"inLanguage\":\"en-US\"},{\"@type\":\"Person\",\"@id\":\"https:\\\/\\\/www.fcbarcelonanoticias.com\\\/en\\\/#\\\/schema\\\/person\\\/c2cd9f6fa1af5c0d0eccd0fefa575c88\",\"name\":\"Andr\u00e9s Quiroz\",\"image\":{\"@type\":\"ImageObject\",\"inLanguage\":\"en-US\",\"@id\":\"https:\\\/\\\/secure.gravatar.com\\\/avatar\\\/?s=96&d=mm&r=g\",\"url\":\"https:\\\/\\\/secure.gravatar.com\\\/avatar\\\/?s=96&d=mm&r=g\",\"contentUrl\":\"https:\\\/\\\/secure.gravatar.com\\\/avatar\\\/?s=96&d=mm&r=g\",\"caption\":\"Andr\u00e9s Quiroz\"},\"description\":\"Licenciado en Periodismo por la Universidad de los Andes. Me encargo de analizar y compartir los contenidos m\u00e1s destacados de la\u00a0actualidad del F\u00fatbol Club Barcelona, Mercado de Fichajes y F\u00fatbol Internacional en FCBN. La informaci\u00f3n es poder, pero tambi\u00e9n conocimiento.\",\"url\":\"https:\\\/\\\/www.fcbarcelonanoticias.com\\\/en\\\/fc-barcelona\\\/andres-quiroz_17_115.html\"}]}<\/script>\n<!-- \/ Yoast SEO plugin. -->","yoast_head_json":{"title":"Pau Torres charges against Bar\u00e7a for Pedri's injury problems","description":"Pau Torres surprised in a talk with 'Relevo' when he referred to the physical problems that Pedri has suffered in the last two years. For the Aston Villa centre-back, the wear and tear that the Canary Islander suffered in 2021 has been key in his relapses","robots":{"index":"index","follow":"follow","max-snippet":"max-snippet:-1","max-image-preview":"max-image-preview:large","max-video-preview":"max-video-preview:-1"},"canonical":"https:\/\/www.fcbarcelonanoticias.com\/en\/fc-barcelona\/pau-torres-charges-against-boat-due-to-problems-with-injuries-pedri_297681_102.html","og_locale":"en_US","og_type":"article","og_title":"Pau Torres charges against Bar\u00e7a for Pedri's injury problems","og_description":"Pau Torres surprised in a talk with 'Relevo' when he referred to the physical problems that Pedri has suffered in the last two years. For the Aston Villa centre-back, the wear and tear that the Canary Islander suffered in 2021 has been key in his relapses","og_url":"https:\/\/www.fcbarcelonanoticias.com\/en\/fc-barcelona\/pau-torres-charges-against-boat-due-to-problems-with-injuries-pedri_297681_102.html","og_site_name":"EN - FC Barcelona Noticias","article_published_time":"2023-11-02T00:09:00+00:00","og_image":[{"width":1300,"height":732,"url":"https:\/\/www.fcbarcelonanoticias.com\/en\/wp-content\/uploads\/sites\/2\/2023\/11\/pau-torres-pedri.jpeg","type":"image\/jpeg"}],"author":"Andr\u00e9s Quiroz","twitter_card":"summary_large_image","twitter_misc":{"Written by":"Andr\u00e9s Quiroz","Est. reading time":"2 minutes"},"schema":{"@context":"https:\/\/schema.org","@graph":[{"@type":"Article","@id":"https:\/\/www.fcbarcelonanoticias.com\/en\/fc-barcelona\/pau-torres-charges-against-boat-due-to-problems-with-injuries-pedri_297681_102.html#article","isPartOf":{"@id":"https:\/\/www.fcbarcelonanoticias.com\/en\/fc-barcelona\/pau-torres-charges-against-boat-due-to-problems-with-injuries-pedri_297681_102.html"},"author":{"name":"Andr\u00e9s Quiroz","@id":"https:\/\/www.fcbarcelonanoticias.com\/en\/#\/schema\/person\/c2cd9f6fa1af5c0d0eccd0fefa575c88"},"headline":"Pau Torres charges against Bar\u00e7a for Pedri&#8217;s injury problems","datePublished":"2023-11-02T00:09:00+00:00","mainEntityOfPage":{"@id":"https:\/\/www.fcbarcelonanoticias.com\/en\/fc-barcelona\/pau-torres-charges-against-boat-due-to-problems-with-injuries-pedri_297681_102.html"},"wordCount":476,"image":{"@id":"https:\/\/www.fcbarcelonanoticias.com\/en\/fc-barcelona\/pau-torres-charges-against-boat-due-to-problems-with-injuries-pedri_297681_102.html#primaryimage"},"thumbnailUrl":"https:\/\/www.fcbarcelonanoticias.com\/en\/wp-content\/uploads\/sites\/2\/2023\/11\/pau-torres-pedri.jpeg","articleSection":["FC Barcelona"],"inLanguage":"en-US"},{"@type":"WebPage","@id":"https:\/\/www.fcbarcelonanoticias.com\/en\/fc-barcelona\/pau-torres-charges-against-boat-due-to-problems-with-injuries-pedri_297681_102.html","url":"https:\/\/www.fcbarcelonanoticias.com\/en\/fc-barcelona\/pau-torres-charges-against-boat-due-to-problems-with-injuries-pedri_297681_102.html","name":"Pau Torres charges against Bar\u00e7a for Pedri's injury problems","isPartOf":{"@id":"https:\/\/www.fcbarcelonanoticias.com\/en\/#website"},"primaryImageOfPage":{"@id":"https:\/\/www.fcbarcelonanoticias.com\/en\/fc-barcelona\/pau-torres-charges-against-boat-due-to-problems-with-injuries-pedri_297681_102.html#primaryimage"},"image":{"@id":"https:\/\/www.fcbarcelonanoticias.com\/en\/fc-barcelona\/pau-torres-charges-against-boat-due-to-problems-with-injuries-pedri_297681_102.html#primaryimage"},"thumbnailUrl":"https:\/\/www.fcbarcelonanoticias.com\/en\/wp-content\/uploads\/sites\/2\/2023\/11\/pau-torres-pedri.jpeg","datePublished":"2023-11-02T00:09:00+00:00","author":{"@id":"https:\/\/www.fcbarcelonanoticias.com\/en\/#\/schema\/person\/c2cd9f6fa1af5c0d0eccd0fefa575c88"},"description":"Pau Torres surprised in a talk with 'Relevo' when he referred to the physical problems that Pedri has suffered in the last two years. For the Aston Villa centre-back, the wear and tear that the Canary Islander suffered in 2021 has been key in his relapses","breadcrumb":{"@id":"https:\/\/www.fcbarcelonanoticias.com\/en\/fc-barcelona\/pau-torres-charges-against-boat-due-to-problems-with-injuries-pedri_297681_102.html#breadcrumb"},"inLanguage":"en-US","potentialAction":[{"@type":"ReadAction","target":["https:\/\/www.fcbarcelonanoticias.com\/en\/fc-barcelona\/pau-torres-charges-against-boat-due-to-problems-with-injuries-pedri_297681_102.html"]}]},{"@type":"ImageObject","inLanguage":"en-US","@id":"https:\/\/www.fcbarcelonanoticias.com\/en\/fc-barcelona\/pau-torres-charges-against-boat-due-to-problems-with-injuries-pedri_297681_102.html#primaryimage","url":"https:\/\/www.fcbarcelonanoticias.com\/en\/wp-content\/uploads\/sites\/2\/2023\/11\/pau-torres-pedri.jpeg","contentUrl":"https:\/\/www.fcbarcelonanoticias.com\/en\/wp-content\/uploads\/sites\/2\/2023\/11\/pau-torres-pedri.jpeg","width":1300,"height":732},{"@type":"BreadcrumbList","@id":"https:\/\/www.fcbarcelonanoticias.com\/en\/fc-barcelona\/pau-torres-charges-against-boat-due-to-problems-with-injuries-pedri_297681_102.html#breadcrumb","itemListElement":[{"@type":"ListItem","position":1,"name":"Portada","item":"https:\/\/www.fcbarcelonanoticias.com\/en\/"},{"@type":"ListItem","position":2,"name":"Pau Torres charges against Bar\u00e7a for Pedri&#8217;s injury problems"}]},{"@type":"WebSite","@id":"https:\/\/www.fcbarcelonanoticias.com\/en\/#website","url":"https:\/\/www.fcbarcelonanoticias.com\/en\/","name":"EN - FC Barcelona Noticias","description":"","potentialAction":[{"@type":"SearchAction","target":{"@type":"EntryPoint","urlTemplate":"https:\/\/www.fcbarcelonanoticias.com\/en\/?s={search_term_string}"},"query-input":{"@type":"PropertyValueSpecification","valueRequired":true,"valueName":"search_term_string"}}],"inLanguage":"en-US"},{"@type":"Person","@id":"https:\/\/www.fcbarcelonanoticias.com\/en\/#\/schema\/person\/c2cd9f6fa1af5c0d0eccd0fefa575c88","name":"Andr\u00e9s Quiroz","image":{"@type":"ImageObject","inLanguage":"en-US","@id":"https:\/\/secure.gravatar.com\/avatar\/?s=96&d=mm&r=g","url":"https:\/\/secure.gravatar.com\/avatar\/?s=96&d=mm&r=g","contentUrl":"https:\/\/secure.gravatar.com\/avatar\/?s=96&d=mm&r=g","caption":"Andr\u00e9s Quiroz"},"description":"Licenciado en Periodismo por la Universidad de los Andes. Me encargo de analizar y compartir los contenidos m\u00e1s destacados de la\u00a0actualidad del F\u00fatbol Club Barcelona, Mercado de Fichajes y F\u00fatbol Internacional en FCBN. La informaci\u00f3n es poder, pero tambi\u00e9n conocimiento.","url":"https:\/\/www.fcbarcelonanoticias.com\/en\/fc-barcelona\/andres-quiroz_17_115.html"}]}},"_links":{"self":[{"href":"https:\/\/www.fcbarcelonanoticias.com\/en\/wp-json\/wp\/v2\/posts\/108072","targetHints":{"allow":["GET"]}}],"collection":[{"href":"https:\/\/www.fcbarcelonanoticias.com\/en\/wp-json\/wp\/v2\/posts"}],"about":[{"href":"https:\/\/www.fcbarcelonanoticias.com\/en\/wp-json\/wp\/v2\/types\/post"}],"author":[{"embeddable":true,"href":"https:\/\/www.fcbarcelonanoticias.com\/en\/wp-json\/wp\/v2\/users\/347"}],"replies":[{"embeddable":true,"href":"https:\/\/www.fcbarcelonanoticias.com\/en\/wp-json\/wp\/v2\/comments?post=108072"}],"version-history":[{"count":1,"href":"https:\/\/www.fcbarcelonanoticias.com\/en\/wp-json\/wp\/v2\/posts\/108072\/revisions"}],"predecessor-version":[{"id":148368,"href":"https:\/\/www.fcbarcelonanoticias.com\/en\/wp-json\/wp\/v2\/posts\/108072\/revisions\/148368"}],"wp:featuredmedia":[{"embeddable":true,"href":"https:\/\/www.fcbarcelonanoticias.com\/en\/wp-json\/wp\/v2\/media\/108075"}],"wp:attachment":[{"href":"https:\/\/www.fcbarcelonanoticias.com\/en\/wp-json\/wp\/v2\/media?parent=108072"}],"wp:term":[{"taxonomy":"category","embeddable":true,"href":"https:\/\/www.fcbarcelonanoticias.com\/en\/wp-json\/wp\/v2\/categories?post=108072"},{"taxonomy":"post_tag","embeddable":true,"href":"https:\/\/www.fcbarcelonanoticias.com\/en\/wp-json\/wp\/v2\/tags?post=108072"}],"curies":[{"name":"wp","href":"https:\/\/api.w.org\/{rel}","templated":true}]}}