{"id":10808,"date":"2025-03-29T09:28:00","date_gmt":"2025-03-29T08:28:00","guid":{"rendered":"https:\/\/weisetech.dev\/fc-barcelona-noticias\/en\/fcbn-cover-29-03-2025-the-shame-of-osasuna_311819_102\/"},"modified":"2026-03-27T11:38:39","modified_gmt":"2026-03-27T10:38:39","slug":"fcbn-cover-29-03-2025-the-shame-of-osasuna_311819_102","status":"publish","type":"post","link":"https:\/\/www.fcbarcelonanoticias.com\/en\/covers\/fcbn-cover-29-03-2025-the-shame-of-osasuna_311819_102.html","title":{"rendered":"FCBN Cover 29\/03\/2025: THE SHAME OF OSASUNA"},"content":{"rendered":"<h2 class=\"wp-block-heading\">Is this the end of fair play? The controversy of Osasuna and Bar\u00e7a.<\/h2>  \r\n<div class=\"article-addons\">\r\n    <a href=\"https:\/\/www.fcbarcelonanoticias.com\/en\/calendar-fc-barcelona.html\"\r\n       target=\"_self\"\r\n       title=\"Calendar of FC Barcelona\"\r\n       class=\"blue-gredient-btn\">\r\n       \r\n        Calendar of FC Barcelona    <\/a>\r\n<\/div>   <p><strong>Cover of FC BARCELONA NEWS on Saturday, March 29, 2025:<\/strong><strong>&nbsp;<\/strong>The Navarrese have tried to win the 3 points off the field after their impotence during the match, the Pamplona team has filed a complaint for improper alignment, the RFEF has made it clear that I\u00f1igo Mart\u00ednez was released by the National Team and could play without problems with Bar\u00e7a.<\/p>  <p><strong>I\u00f1igo Mart\u00ednez<\/strong>&nbsp;was withdrawn from the Spanish national team on March 17, when the team announced his absence and replaced him with&nbsp;<strong>Dean Huijsen<\/strong>. In fact, the Basque player did not even join the group in the Ciudad del F\u00fatbol Las Rozas for medical tests, something that could have been required by the RFEF.<\/p>  <h3>FCBN COVER OF TODAY<\/h3>  <div class=\"media media-image\" data-ck-asset-wrapper=\"\"> <div class=\"media-item\"> <img loading=\"lazy\" decoding=\"async\" alt=\"FCBN Cover March 29, 2025\" data-id=\"1482703\" data-resize=\"null\" height=\"675\" src=\"https:\/\/www.fcbarcelonanoticias.com\/wp-content\/uploads\/sites\/2\/2025\/03\/fcbn-991f6e6243dfc2ef25c5f9aee95c3361.webp\" title=\"FCBN Cover March 29, 2025\" width=\"540\"><div class=\"media-title\">FCBN Cover March 29, 2025<\/div> <\/div> <\/div>  <blockquote> <p><strong><a data-external=\"0\" data-intl-links-en=\"https:\/\/www.fcbarcelonanoticias.com\/en\/covers\" data-intl-links-es=\"https:\/\/www.fcbarcelonanoticias.com\/portadas\" href=\"https:\/\/www.fcbarcelonanoticias.com\/en\/fc-barcelona\/covers.html\" rel=\"follow\" target=\"_self\" title=\"All FCBN Covers - FC Barcelona News\">FC BARCELONA COVERS &#8211; BAR\u00c7A COVERS &#8211; SPORTS COVERS &#8211; FOOTBALL COVERS &#8211; COVERS OF TODAY<\/a><\/strong><\/p> <\/blockquote> ","protected":false},"excerpt":{"rendered":"<p>Is this the end of fair play? The controversy of Osasuna and Bar\u00e7a. Cover of FC BARCELONA NEWS on Saturday, March 29, 2025:&nbsp;The Navarrese have tried to win the 3 points off the field after their impotence during the match, the Pamplona team has filed a complaint for improper alignment, the RFEF has made it [&hellip;]<\/p>\n","protected":false},"author":353,"featured_media":10809,"comment_status":"closed","ping_status":"open","sticky":false,"template":"","format":"standard","meta":{"_acf_changed":false,"inline_featured_image":false,"_nextfly_llmd_date_locked":false,"footnotes":""},"categories":[124],"tags":[44],"class_list":["post-10808","post","type-post","status-publish","format-standard","has-post-thumbnail","hentry","category-covers","tag-barcelona-vs-osasuna"],"acf":[],"yoast_head":"<!-- This site is optimized with the Yoast SEO plugin v27.3 - https:\/\/yoast.com\/product\/yoast-seo-wordpress\/ -->\n<title>FCBN Cover 29\/03\/2025: THE SHAME OF OSASUNA<\/title>\n<meta name=\"description\" content=\"Osasuna tries to take the three points lost against FC Barcelona with dirty play\" \/>\n<meta name=\"robots\" content=\"index, follow, max-snippet:-1, max-image-preview:large, max-video-preview:-1\" \/>\n<link rel=\"canonical\" href=\"https:\/\/www.fcbarcelonanoticias.com\/en\/covers\/fcbn-cover-29-03-2025-the-shame-of-osasuna_311819_102.html\" \/>\n<meta property=\"og:locale\" content=\"en_US\" \/>\n<meta property=\"og:type\" content=\"article\" \/>\n<meta property=\"og:title\" content=\"FCBN Cover 29\/03\/2025: THE SHAME OF OSASUNA\" \/>\n<meta property=\"og:description\" content=\"Osasuna tries to take the three points lost against FC Barcelona with dirty play\" \/>\n<meta property=\"og:url\" content=\"https:\/\/www.fcbarcelonanoticias.com\/en\/covers\/fcbn-cover-29-03-2025-the-shame-of-osasuna_311819_102.html\" \/>\n<meta property=\"og:site_name\" content=\"EN - FC Barcelona Noticias\" \/>\n<meta property=\"article:published_time\" content=\"2025-03-29T08:28:00+00:00\" \/>\n<meta property=\"article:modified_time\" content=\"2026-03-27T10:38:39+00:00\" \/>\n<meta property=\"og:image\" content=\"https:\/\/www.fcbarcelonanoticias.com\/en\/wp-content\/uploads\/sites\/2\/2025\/03\/portada-fcbn-29-de-marzo-2025.webp\" \/>\n\t<meta property=\"og:image:width\" content=\"1080\" \/>\n\t<meta property=\"og:image:height\" content=\"1350\" \/>\n\t<meta property=\"og:image:type\" content=\"image\/webp\" \/>\n<meta name=\"author\" content=\"FC Barcelona Noticias\" \/>\n<meta name=\"twitter:card\" content=\"summary_large_image\" \/>\n<meta name=\"twitter:label1\" content=\"Written by\" \/>\n\t<meta name=\"twitter:data1\" content=\"FC Barcelona Noticias\" \/>\n\t<meta name=\"twitter:label2\" content=\"Est. reading time\" \/>\n\t<meta name=\"twitter:data2\" content=\"1 minute\" \/>\n<script type=\"application\/ld+json\" class=\"yoast-schema-graph\">{\"@context\":\"https:\\\/\\\/schema.org\",\"@graph\":[{\"@type\":\"Article\",\"@id\":\"https:\\\/\\\/www.fcbarcelonanoticias.com\\\/en\\\/covers\\\/fcbn-cover-29-03-2025-the-shame-of-osasuna_311819_102.html#article\",\"isPartOf\":{\"@id\":\"https:\\\/\\\/www.fcbarcelonanoticias.com\\\/en\\\/covers\\\/fcbn-cover-29-03-2025-the-shame-of-osasuna_311819_102.html\"},\"author\":{\"name\":\"FC Barcelona Noticias\",\"@id\":\"https:\\\/\\\/www.fcbarcelonanoticias.com\\\/en\\\/#\\\/schema\\\/person\\\/0f2810101d27606974cdb8edb54fa54b\"},\"headline\":\"FCBN Cover 29\\\/03\\\/2025: THE SHAME OF OSASUNA\",\"datePublished\":\"2025-03-29T08:28:00+00:00\",\"dateModified\":\"2026-03-27T10:38:39+00:00\",\"mainEntityOfPage\":{\"@id\":\"https:\\\/\\\/www.fcbarcelonanoticias.com\\\/en\\\/covers\\\/fcbn-cover-29-03-2025-the-shame-of-osasuna_311819_102.html\"},\"wordCount\":163,\"image\":{\"@id\":\"https:\\\/\\\/www.fcbarcelonanoticias.com\\\/en\\\/covers\\\/fcbn-cover-29-03-2025-the-shame-of-osasuna_311819_102.html#primaryimage\"},\"thumbnailUrl\":\"https:\\\/\\\/www.fcbarcelonanoticias.com\\\/en\\\/wp-content\\\/uploads\\\/sites\\\/2\\\/2025\\\/03\\\/portada-fcbn-29-de-marzo-2025.webp\",\"keywords\":[\"FC Barcelona vs Osasuna\"],\"articleSection\":[\"Covers\"],\"inLanguage\":\"en-US\"},{\"@type\":\"WebPage\",\"@id\":\"https:\\\/\\\/www.fcbarcelonanoticias.com\\\/en\\\/covers\\\/fcbn-cover-29-03-2025-the-shame-of-osasuna_311819_102.html\",\"url\":\"https:\\\/\\\/www.fcbarcelonanoticias.com\\\/en\\\/covers\\\/fcbn-cover-29-03-2025-the-shame-of-osasuna_311819_102.html\",\"name\":\"FCBN Cover 29\\\/03\\\/2025: THE SHAME OF OSASUNA\",\"isPartOf\":{\"@id\":\"https:\\\/\\\/www.fcbarcelonanoticias.com\\\/en\\\/#website\"},\"primaryImageOfPage\":{\"@id\":\"https:\\\/\\\/www.fcbarcelonanoticias.com\\\/en\\\/covers\\\/fcbn-cover-29-03-2025-the-shame-of-osasuna_311819_102.html#primaryimage\"},\"image\":{\"@id\":\"https:\\\/\\\/www.fcbarcelonanoticias.com\\\/en\\\/covers\\\/fcbn-cover-29-03-2025-the-shame-of-osasuna_311819_102.html#primaryimage\"},\"thumbnailUrl\":\"https:\\\/\\\/www.fcbarcelonanoticias.com\\\/en\\\/wp-content\\\/uploads\\\/sites\\\/2\\\/2025\\\/03\\\/portada-fcbn-29-de-marzo-2025.webp\",\"datePublished\":\"2025-03-29T08:28:00+00:00\",\"dateModified\":\"2026-03-27T10:38:39+00:00\",\"author\":{\"@id\":\"https:\\\/\\\/www.fcbarcelonanoticias.com\\\/en\\\/#\\\/schema\\\/person\\\/0f2810101d27606974cdb8edb54fa54b\"},\"description\":\"Osasuna tries to take the three points lost against FC Barcelona with dirty play\",\"breadcrumb\":{\"@id\":\"https:\\\/\\\/www.fcbarcelonanoticias.com\\\/en\\\/covers\\\/fcbn-cover-29-03-2025-the-shame-of-osasuna_311819_102.html#breadcrumb\"},\"inLanguage\":\"en-US\",\"potentialAction\":[{\"@type\":\"ReadAction\",\"target\":[\"https:\\\/\\\/www.fcbarcelonanoticias.com\\\/en\\\/covers\\\/fcbn-cover-29-03-2025-the-shame-of-osasuna_311819_102.html\"]}]},{\"@type\":\"ImageObject\",\"inLanguage\":\"en-US\",\"@id\":\"https:\\\/\\\/www.fcbarcelonanoticias.com\\\/en\\\/covers\\\/fcbn-cover-29-03-2025-the-shame-of-osasuna_311819_102.html#primaryimage\",\"url\":\"https:\\\/\\\/www.fcbarcelonanoticias.com\\\/en\\\/wp-content\\\/uploads\\\/sites\\\/2\\\/2025\\\/03\\\/portada-fcbn-29-de-marzo-2025.webp\",\"contentUrl\":\"https:\\\/\\\/www.fcbarcelonanoticias.com\\\/en\\\/wp-content\\\/uploads\\\/sites\\\/2\\\/2025\\\/03\\\/portada-fcbn-29-de-marzo-2025.webp\",\"width\":1080,\"height\":1350},{\"@type\":\"BreadcrumbList\",\"@id\":\"https:\\\/\\\/www.fcbarcelonanoticias.com\\\/en\\\/covers\\\/fcbn-cover-29-03-2025-the-shame-of-osasuna_311819_102.html#breadcrumb\",\"itemListElement\":[{\"@type\":\"ListItem\",\"position\":1,\"name\":\"Portada\",\"item\":\"https:\\\/\\\/www.fcbarcelonanoticias.com\\\/en\\\/\"},{\"@type\":\"ListItem\",\"position\":2,\"name\":\"FCBN Cover 29\\\/03\\\/2025: THE SHAME OF OSASUNA\"}]},{\"@type\":\"WebSite\",\"@id\":\"https:\\\/\\\/www.fcbarcelonanoticias.com\\\/en\\\/#website\",\"url\":\"https:\\\/\\\/www.fcbarcelonanoticias.com\\\/en\\\/\",\"name\":\"EN - FC Barcelona Noticias\",\"description\":\"\",\"potentialAction\":[{\"@type\":\"SearchAction\",\"target\":{\"@type\":\"EntryPoint\",\"urlTemplate\":\"https:\\\/\\\/www.fcbarcelonanoticias.com\\\/en\\\/?s={search_term_string}\"},\"query-input\":{\"@type\":\"PropertyValueSpecification\",\"valueRequired\":true,\"valueName\":\"search_term_string\"}}],\"inLanguage\":\"en-US\"},{\"@type\":\"Person\",\"@id\":\"https:\\\/\\\/www.fcbarcelonanoticias.com\\\/en\\\/#\\\/schema\\\/person\\\/0f2810101d27606974cdb8edb54fa54b\",\"name\":\"FC Barcelona Noticias\",\"image\":{\"@type\":\"ImageObject\",\"inLanguage\":\"en-US\",\"@id\":\"https:\\\/\\\/secure.gravatar.com\\\/avatar\\\/?s=96&d=mm&r=g\",\"url\":\"https:\\\/\\\/secure.gravatar.com\\\/avatar\\\/?s=96&d=mm&r=g\",\"contentUrl\":\"https:\\\/\\\/secure.gravatar.com\\\/avatar\\\/?s=96&d=mm&r=g\",\"caption\":\"FC Barcelona Noticias\"},\"url\":\"https:\\\/\\\/www.fcbarcelonanoticias.com\\\/en\\\/fc-barcelona\\\/fcbn-writing-fc-barcelona-news_6_115.html\"}]}<\/script>\n<!-- \/ Yoast SEO plugin. -->","yoast_head_json":{"title":"FCBN Cover 29\/03\/2025: THE SHAME OF OSASUNA","description":"Osasuna tries to take the three points lost against FC Barcelona with dirty play","robots":{"index":"index","follow":"follow","max-snippet":"max-snippet:-1","max-image-preview":"max-image-preview:large","max-video-preview":"max-video-preview:-1"},"canonical":"https:\/\/www.fcbarcelonanoticias.com\/en\/covers\/fcbn-cover-29-03-2025-the-shame-of-osasuna_311819_102.html","og_locale":"en_US","og_type":"article","og_title":"FCBN Cover 29\/03\/2025: THE SHAME OF OSASUNA","og_description":"Osasuna tries to take the three points lost against FC Barcelona with dirty play","og_url":"https:\/\/www.fcbarcelonanoticias.com\/en\/covers\/fcbn-cover-29-03-2025-the-shame-of-osasuna_311819_102.html","og_site_name":"EN - FC Barcelona Noticias","article_published_time":"2025-03-29T08:28:00+00:00","article_modified_time":"2026-03-27T10:38:39+00:00","og_image":[{"width":1080,"height":1350,"url":"https:\/\/www.fcbarcelonanoticias.com\/en\/wp-content\/uploads\/sites\/2\/2025\/03\/portada-fcbn-29-de-marzo-2025.webp","type":"image\/webp"}],"author":"FC Barcelona Noticias","twitter_card":"summary_large_image","twitter_misc":{"Written by":"FC Barcelona Noticias","Est. reading time":"1 minute"},"schema":{"@context":"https:\/\/schema.org","@graph":[{"@type":"Article","@id":"https:\/\/www.fcbarcelonanoticias.com\/en\/covers\/fcbn-cover-29-03-2025-the-shame-of-osasuna_311819_102.html#article","isPartOf":{"@id":"https:\/\/www.fcbarcelonanoticias.com\/en\/covers\/fcbn-cover-29-03-2025-the-shame-of-osasuna_311819_102.html"},"author":{"name":"FC Barcelona Noticias","@id":"https:\/\/www.fcbarcelonanoticias.com\/en\/#\/schema\/person\/0f2810101d27606974cdb8edb54fa54b"},"headline":"FCBN Cover 29\/03\/2025: THE SHAME OF OSASUNA","datePublished":"2025-03-29T08:28:00+00:00","dateModified":"2026-03-27T10:38:39+00:00","mainEntityOfPage":{"@id":"https:\/\/www.fcbarcelonanoticias.com\/en\/covers\/fcbn-cover-29-03-2025-the-shame-of-osasuna_311819_102.html"},"wordCount":163,"image":{"@id":"https:\/\/www.fcbarcelonanoticias.com\/en\/covers\/fcbn-cover-29-03-2025-the-shame-of-osasuna_311819_102.html#primaryimage"},"thumbnailUrl":"https:\/\/www.fcbarcelonanoticias.com\/en\/wp-content\/uploads\/sites\/2\/2025\/03\/portada-fcbn-29-de-marzo-2025.webp","keywords":["FC Barcelona vs Osasuna"],"articleSection":["Covers"],"inLanguage":"en-US"},{"@type":"WebPage","@id":"https:\/\/www.fcbarcelonanoticias.com\/en\/covers\/fcbn-cover-29-03-2025-the-shame-of-osasuna_311819_102.html","url":"https:\/\/www.fcbarcelonanoticias.com\/en\/covers\/fcbn-cover-29-03-2025-the-shame-of-osasuna_311819_102.html","name":"FCBN Cover 29\/03\/2025: THE SHAME OF OSASUNA","isPartOf":{"@id":"https:\/\/www.fcbarcelonanoticias.com\/en\/#website"},"primaryImageOfPage":{"@id":"https:\/\/www.fcbarcelonanoticias.com\/en\/covers\/fcbn-cover-29-03-2025-the-shame-of-osasuna_311819_102.html#primaryimage"},"image":{"@id":"https:\/\/www.fcbarcelonanoticias.com\/en\/covers\/fcbn-cover-29-03-2025-the-shame-of-osasuna_311819_102.html#primaryimage"},"thumbnailUrl":"https:\/\/www.fcbarcelonanoticias.com\/en\/wp-content\/uploads\/sites\/2\/2025\/03\/portada-fcbn-29-de-marzo-2025.webp","datePublished":"2025-03-29T08:28:00+00:00","dateModified":"2026-03-27T10:38:39+00:00","author":{"@id":"https:\/\/www.fcbarcelonanoticias.com\/en\/#\/schema\/person\/0f2810101d27606974cdb8edb54fa54b"},"description":"Osasuna tries to take the three points lost against FC Barcelona with dirty play","breadcrumb":{"@id":"https:\/\/www.fcbarcelonanoticias.com\/en\/covers\/fcbn-cover-29-03-2025-the-shame-of-osasuna_311819_102.html#breadcrumb"},"inLanguage":"en-US","potentialAction":[{"@type":"ReadAction","target":["https:\/\/www.fcbarcelonanoticias.com\/en\/covers\/fcbn-cover-29-03-2025-the-shame-of-osasuna_311819_102.html"]}]},{"@type":"ImageObject","inLanguage":"en-US","@id":"https:\/\/www.fcbarcelonanoticias.com\/en\/covers\/fcbn-cover-29-03-2025-the-shame-of-osasuna_311819_102.html#primaryimage","url":"https:\/\/www.fcbarcelonanoticias.com\/en\/wp-content\/uploads\/sites\/2\/2025\/03\/portada-fcbn-29-de-marzo-2025.webp","contentUrl":"https:\/\/www.fcbarcelonanoticias.com\/en\/wp-content\/uploads\/sites\/2\/2025\/03\/portada-fcbn-29-de-marzo-2025.webp","width":1080,"height":1350},{"@type":"BreadcrumbList","@id":"https:\/\/www.fcbarcelonanoticias.com\/en\/covers\/fcbn-cover-29-03-2025-the-shame-of-osasuna_311819_102.html#breadcrumb","itemListElement":[{"@type":"ListItem","position":1,"name":"Portada","item":"https:\/\/www.fcbarcelonanoticias.com\/en\/"},{"@type":"ListItem","position":2,"name":"FCBN Cover 29\/03\/2025: THE SHAME OF OSASUNA"}]},{"@type":"WebSite","@id":"https:\/\/www.fcbarcelonanoticias.com\/en\/#website","url":"https:\/\/www.fcbarcelonanoticias.com\/en\/","name":"EN - FC Barcelona Noticias","description":"","potentialAction":[{"@type":"SearchAction","target":{"@type":"EntryPoint","urlTemplate":"https:\/\/www.fcbarcelonanoticias.com\/en\/?s={search_term_string}"},"query-input":{"@type":"PropertyValueSpecification","valueRequired":true,"valueName":"search_term_string"}}],"inLanguage":"en-US"},{"@type":"Person","@id":"https:\/\/www.fcbarcelonanoticias.com\/en\/#\/schema\/person\/0f2810101d27606974cdb8edb54fa54b","name":"FC Barcelona Noticias","image":{"@type":"ImageObject","inLanguage":"en-US","@id":"https:\/\/secure.gravatar.com\/avatar\/?s=96&d=mm&r=g","url":"https:\/\/secure.gravatar.com\/avatar\/?s=96&d=mm&r=g","contentUrl":"https:\/\/secure.gravatar.com\/avatar\/?s=96&d=mm&r=g","caption":"FC Barcelona Noticias"},"url":"https:\/\/www.fcbarcelonanoticias.com\/en\/fc-barcelona\/fcbn-writing-fc-barcelona-news_6_115.html"}]}},"_links":{"self":[{"href":"https:\/\/www.fcbarcelonanoticias.com\/en\/wp-json\/wp\/v2\/posts\/10808","targetHints":{"allow":["GET"]}}],"collection":[{"href":"https:\/\/www.fcbarcelonanoticias.com\/en\/wp-json\/wp\/v2\/posts"}],"about":[{"href":"https:\/\/www.fcbarcelonanoticias.com\/en\/wp-json\/wp\/v2\/types\/post"}],"author":[{"embeddable":true,"href":"https:\/\/www.fcbarcelonanoticias.com\/en\/wp-json\/wp\/v2\/users\/353"}],"replies":[{"embeddable":true,"href":"https:\/\/www.fcbarcelonanoticias.com\/en\/wp-json\/wp\/v2\/comments?post=10808"}],"version-history":[{"count":4,"href":"https:\/\/www.fcbarcelonanoticias.com\/en\/wp-json\/wp\/v2\/posts\/10808\/revisions"}],"predecessor-version":[{"id":160759,"href":"https:\/\/www.fcbarcelonanoticias.com\/en\/wp-json\/wp\/v2\/posts\/10808\/revisions\/160759"}],"wp:featuredmedia":[{"embeddable":true,"href":"https:\/\/www.fcbarcelonanoticias.com\/en\/wp-json\/wp\/v2\/media\/10809"}],"wp:attachment":[{"href":"https:\/\/www.fcbarcelonanoticias.com\/en\/wp-json\/wp\/v2\/media?parent=10808"}],"wp:term":[{"taxonomy":"category","embeddable":true,"href":"https:\/\/www.fcbarcelonanoticias.com\/en\/wp-json\/wp\/v2\/categories?post=10808"},{"taxonomy":"post_tag","embeddable":true,"href":"https:\/\/www.fcbarcelonanoticias.com\/en\/wp-json\/wp\/v2\/tags?post=10808"}],"curies":[{"name":"wp","href":"https:\/\/api.w.org\/{rel}","templated":true}]}}