{"id":108085,"date":"2024-07-26T17:54:00","date_gmt":"2024-07-26T15:54:00","guid":{"rendered":"https:\/\/weisetech.dev\/fc-barcelona-noticias\/en\/parties-schedules-dates-all-the-details-of-turns-it-by-united-states-of-the-barca_305838_102\/"},"modified":"2024-07-26T17:54:00","modified_gmt":"2024-07-26T15:54:00","slug":"parties-schedules-dates-all-the-details-of-turns-it-by-united-states-of-the-barca_305838_102","status":"publish","type":"post","link":"https:\/\/www.fcbarcelonanoticias.com\/en\/fc-barcelona\/parties-schedules-dates-all-the-details-of-turns-it-by-united-states-of-the-barca_305838_102.html","title":{"rendered":"Matches, schedules, dates&#8230; All the details of Bar\u00e7a&#8217;s tour of the United States"},"content":{"rendered":"<h2 class=\"wp-block-heading\">Bar\u00e7a will begin its preseason tour in the United States on July 28. On North American soil, the cul\u00e9s will face Manchester City, Real Madrid and AC Milan before officially starting the 24\/25 season<\/h2>  \r\n<div class=\"article-addons\">\r\n    <a href=\"https:\/\/www.fcbarcelonanoticias.com\/en\/calendar-fc-barcelona.html\"\r\n       target=\"_self\"\r\n       title=\"Calendar of FC Barcelona\"\r\n       class=\"blue-gredient-btn\">\r\n       \r\n        Calendar of FC Barcelona    <\/a>\r\n<\/div>   <p><strong>The FC Barcelona of Hansi Flick will put course to United States next Sunday 28 July to give him start to the traditional turns North American<\/strong>. <a data-external=\"0\" data-intl-links-en=\"https:\/\/www.fcbarcelonanoticias.com\/en\/preseason\/turn-in-box-flick-only-will-be-able-to-count-4-undisputed-and-2-starters-in-united-states_305794_102.html\" data-intl-links-es=\"https:\/\/www.fcbarcelonanoticias.com\/pretemporada\/gira-en-cuadro-flick-solo-podra-contar-con-4-indiscutibles-2-titulares-en-estados-unidos_305794_102.html\" href=\"https:\/\/www.fcbarcelonanoticias.com\/en\/preseason\/turn-in-box-flick-only-will-be-able-to-count-4-undisputed-and-2-starters-in-united-states_305794_102.html\" rel=\"follow\" target=\"_self\" title=\"\u00a1Gira en 'cuadro'! Flick solo podr\u00e1 contar con 4 indiscutibles y 2 'titulares' en Estados Unidos\">The Barcelona expedition will be in American earths until 7 August<\/a>, after seeing the faces with the Manchester City, the Real Madrid and the AC Milan in three friendly parties that will serve of &#8216;thermometer&#8217; for the trainer alempan in his new project in the bench cul\u00e9.<\/p>  <p>The first team blaugrana, beside the rest of the comitiva, will go out from Josep Tarradellas Barcelona-The Prat the Sunday to the 16:00 with destination to Orlando, where will lodge in the Hotel The Alfond Inn, as it informed the club through his official means. In the morning of the Monday 29 July will begin the trainings in the installations of the University of Head office Florida (UCF), <strong>for later measure to the Manchester City on 31 July to the 1:00 hour of Spain<\/strong>.<\/p>  <p>Once contested the duel in front of the group of Pep Guardiola, the cul\u00e9s will head to Baltimore, where will lodge in the hotel The Westin Annapolis. In said city will make five sessions of training in the Naval installations Academy US <strong>before travelling to New York on 3 August. There will carry out the Classical veraniego in front of the Real Madrid, which will take place in the Metlife Stadium to the 01.00 Spanish hour<\/strong>.<\/p>  <p>Finally, the Monday 5 August will make the two last two sessions of training in turns it by United States <strong>before confronting to the AC Milan in the last duel of turns it North American. The duel in front of the &#8216;rossoneri&#8217; will contest in the M&amp;T Bank Stadium to the 01.30 Spanish hour<\/strong> and will put him end to the periplo by American earths of the expedition cul\u00e9, <a data-external=\"0\" data-intl-links-en=\"https:\/\/www.fcbarcelonanoticias.com\/en\/fc-barcelona\/two-stars-of-the-barca-will-not-go-back-to-barcelona-and-will-incorporate-to-the-group-in-united-states_305768_102.html\" data-intl-links-es=\"https:\/\/www.fcbarcelonanoticias.com\/fc-barcelona\/estrellas-barcelona-se-incorporaran-grupo-en-estados-unidos_305768_102.html\" href=\"https:\/\/www.fcbarcelonanoticias.com\/en\/fc-barcelona\/two-stars-of-the-barca-will-not-go-back-to-barcelona-and-will-incorporate-to-the-group-in-united-states_305768_102.html\" rel=\"follow\" target=\"_self\" title=\"Dos estrellas del Bar\u00e7a no volver\u00e1n a Barcelona y se incorporar\u00e1n al grupo en Estados Unidos\">in which they will join to the staff footballers like Jules Kound\u00e9. Ilkay G\u00fcndogan And Raphinha<\/a>.<\/p>  <h2>Return to Barcelona<\/h2>  <p>After finalising the duel in front of the picture milanista, the comitiva barcelonista will return to the City Condal, with the planned landing for the Wednesday 7 August in the afternoon. <strong>Five days afterwards, on 12 August, the Catalans will confront to the ACE Monaco in the Trophy Joan Gamper<\/strong>, before the debut suspender belt of the group of Hansi Flick on 17 August in Mestalla in front of Valencia.<\/p> ","protected":false},"excerpt":{"rendered":"<p>Bar\u00e7a will begin its preseason tour in the United States on July 28. On North American soil, the cul\u00e9s will face Manchester City, Real Madrid and AC Milan before officially starting the 24\/25 season The FC Barcelona of Hansi Flick will put course to United States next Sunday 28 July to give him start to [&hellip;]<\/p>\n","protected":false},"author":358,"featured_media":108100,"comment_status":"closed","ping_status":"open","sticky":false,"template":"","format":"standard","meta":{"_acf_changed":false,"inline_featured_image":false,"_nextfly_llmd_date_locked":false,"footnotes":""},"categories":[111],"tags":[53,87,158,97],"class_list":["post-108085","post","type-post","status-publish","format-standard","has-post-thumbnail","hentry","category-fc-barcelona","tag-el-clasico","tag-hansi-flick","tag-joan-laporta","tag-manchester-city"],"acf":[],"yoast_head":"<!-- This site is optimized with the Yoast SEO plugin v27.3 - https:\/\/yoast.com\/product\/yoast-seo-wordpress\/ -->\n<title>Parties, schedules, dates... All the details of turns it by United States of the Bar\u00e7a<\/title>\n<meta name=\"description\" content=\"The Bar\u00e7a will initiate his turns of pre-season in United States the next 28 July. In North American floor, the cul\u00e9s will confront to the Manchester City, to the Real Madrid and to the AC Milan before beginning officially the course 24\/25\" \/>\n<meta name=\"robots\" content=\"index, follow, max-snippet:-1, max-image-preview:large, max-video-preview:-1\" \/>\n<link rel=\"canonical\" href=\"https:\/\/www.fcbarcelonanoticias.com\/en\/fc-barcelona\/parties-schedules-dates-all-the-details-of-turns-it-by-united-states-of-the-barca_305838_102.html\" \/>\n<meta property=\"og:locale\" content=\"en_US\" \/>\n<meta property=\"og:type\" content=\"article\" \/>\n<meta property=\"og:title\" content=\"Parties, schedules, dates... All the details of turns it by United States of the Bar\u00e7a\" \/>\n<meta property=\"og:description\" content=\"The Bar\u00e7a will initiate his turns of pre-season in United States the next 28 July. In North American floor, the cul\u00e9s will confront to the Manchester City, to the Real Madrid and to the AC Milan before beginning officially the course 24\/25\" \/>\n<meta property=\"og:url\" content=\"https:\/\/www.fcbarcelonanoticias.com\/en\/fc-barcelona\/parties-schedules-dates-all-the-details-of-turns-it-by-united-states-of-the-barca_305838_102.html\" \/>\n<meta property=\"og:site_name\" content=\"EN - FC Barcelona Noticias\" \/>\n<meta property=\"article:published_time\" content=\"2024-07-26T15:54:00+00:00\" \/>\n<meta property=\"og:image\" content=\"https:\/\/www.fcbarcelonanoticias.com\/en\/wp-content\/uploads\/sites\/2\/2024\/07\/hansi-flick-en-un-entrenamiento-del-fc-barcelona.gif\" \/>\n\t<meta property=\"og:image:width\" content=\"1300\" \/>\n\t<meta property=\"og:image:height\" content=\"722\" \/>\n\t<meta property=\"og:image:type\" content=\"image\/gif\" \/>\n<meta name=\"author\" content=\"Juan Pablo Berdugo\" \/>\n<meta name=\"twitter:card\" content=\"summary_large_image\" \/>\n<meta name=\"twitter:label1\" content=\"Written by\" \/>\n\t<meta name=\"twitter:data1\" content=\"Juan Pablo Berdugo\" \/>\n\t<meta name=\"twitter:label2\" content=\"Est. reading time\" \/>\n\t<meta name=\"twitter:data2\" content=\"2 minutes\" \/>\n<script type=\"application\/ld+json\" class=\"yoast-schema-graph\">{\"@context\":\"https:\\\/\\\/schema.org\",\"@graph\":[{\"@type\":\"Article\",\"@id\":\"https:\\\/\\\/www.fcbarcelonanoticias.com\\\/en\\\/fc-barcelona\\\/parties-schedules-dates-all-the-details-of-turns-it-by-united-states-of-the-barca_305838_102.html#article\",\"isPartOf\":{\"@id\":\"https:\\\/\\\/www.fcbarcelonanoticias.com\\\/en\\\/fc-barcelona\\\/parties-schedules-dates-all-the-details-of-turns-it-by-united-states-of-the-barca_305838_102.html\"},\"author\":{\"name\":\"Juan Pablo Berdugo\",\"@id\":\"https:\\\/\\\/www.fcbarcelonanoticias.com\\\/en\\\/#\\\/schema\\\/person\\\/88d756918a0a1ae9fa593b5edddd1815\"},\"headline\":\"Matches, schedules, dates&#8230; All the details of Bar\u00e7a&#8217;s tour of the United States\",\"datePublished\":\"2024-07-26T15:54:00+00:00\",\"mainEntityOfPage\":{\"@id\":\"https:\\\/\\\/www.fcbarcelonanoticias.com\\\/en\\\/fc-barcelona\\\/parties-schedules-dates-all-the-details-of-turns-it-by-united-states-of-the-barca_305838_102.html\"},\"wordCount\":431,\"image\":{\"@id\":\"https:\\\/\\\/www.fcbarcelonanoticias.com\\\/en\\\/fc-barcelona\\\/parties-schedules-dates-all-the-details-of-turns-it-by-united-states-of-the-barca_305838_102.html#primaryimage\"},\"thumbnailUrl\":\"https:\\\/\\\/www.fcbarcelonanoticias.com\\\/en\\\/wp-content\\\/uploads\\\/sites\\\/2\\\/2024\\\/07\\\/hansi-flick-en-un-entrenamiento-del-fc-barcelona.gif\",\"keywords\":[\"El Cl\u00e1sico\",\"Hansi Flick\",\"Joan Laporta\",\"Manchester City\"],\"articleSection\":[\"FC Barcelona\"],\"inLanguage\":\"en-US\"},{\"@type\":\"WebPage\",\"@id\":\"https:\\\/\\\/www.fcbarcelonanoticias.com\\\/en\\\/fc-barcelona\\\/parties-schedules-dates-all-the-details-of-turns-it-by-united-states-of-the-barca_305838_102.html\",\"url\":\"https:\\\/\\\/www.fcbarcelonanoticias.com\\\/en\\\/fc-barcelona\\\/parties-schedules-dates-all-the-details-of-turns-it-by-united-states-of-the-barca_305838_102.html\",\"name\":\"Parties, schedules, dates... All the details of turns it by United States of the Bar\u00e7a\",\"isPartOf\":{\"@id\":\"https:\\\/\\\/www.fcbarcelonanoticias.com\\\/en\\\/#website\"},\"primaryImageOfPage\":{\"@id\":\"https:\\\/\\\/www.fcbarcelonanoticias.com\\\/en\\\/fc-barcelona\\\/parties-schedules-dates-all-the-details-of-turns-it-by-united-states-of-the-barca_305838_102.html#primaryimage\"},\"image\":{\"@id\":\"https:\\\/\\\/www.fcbarcelonanoticias.com\\\/en\\\/fc-barcelona\\\/parties-schedules-dates-all-the-details-of-turns-it-by-united-states-of-the-barca_305838_102.html#primaryimage\"},\"thumbnailUrl\":\"https:\\\/\\\/www.fcbarcelonanoticias.com\\\/en\\\/wp-content\\\/uploads\\\/sites\\\/2\\\/2024\\\/07\\\/hansi-flick-en-un-entrenamiento-del-fc-barcelona.gif\",\"datePublished\":\"2024-07-26T15:54:00+00:00\",\"author\":{\"@id\":\"https:\\\/\\\/www.fcbarcelonanoticias.com\\\/en\\\/#\\\/schema\\\/person\\\/88d756918a0a1ae9fa593b5edddd1815\"},\"description\":\"The Bar\u00e7a will initiate his turns of pre-season in United States the next 28 July. In North American floor, the cul\u00e9s will confront to the Manchester City, to the Real Madrid and to the AC Milan before beginning officially the course 24\\\/25\",\"breadcrumb\":{\"@id\":\"https:\\\/\\\/www.fcbarcelonanoticias.com\\\/en\\\/fc-barcelona\\\/parties-schedules-dates-all-the-details-of-turns-it-by-united-states-of-the-barca_305838_102.html#breadcrumb\"},\"inLanguage\":\"en-US\",\"potentialAction\":[{\"@type\":\"ReadAction\",\"target\":[\"https:\\\/\\\/www.fcbarcelonanoticias.com\\\/en\\\/fc-barcelona\\\/parties-schedules-dates-all-the-details-of-turns-it-by-united-states-of-the-barca_305838_102.html\"]}]},{\"@type\":\"ImageObject\",\"inLanguage\":\"en-US\",\"@id\":\"https:\\\/\\\/www.fcbarcelonanoticias.com\\\/en\\\/fc-barcelona\\\/parties-schedules-dates-all-the-details-of-turns-it-by-united-states-of-the-barca_305838_102.html#primaryimage\",\"url\":\"https:\\\/\\\/www.fcbarcelonanoticias.com\\\/en\\\/wp-content\\\/uploads\\\/sites\\\/2\\\/2024\\\/07\\\/hansi-flick-en-un-entrenamiento-del-fc-barcelona.gif\",\"contentUrl\":\"https:\\\/\\\/www.fcbarcelonanoticias.com\\\/en\\\/wp-content\\\/uploads\\\/sites\\\/2\\\/2024\\\/07\\\/hansi-flick-en-un-entrenamiento-del-fc-barcelona.gif\",\"width\":1300,\"height\":722},{\"@type\":\"BreadcrumbList\",\"@id\":\"https:\\\/\\\/www.fcbarcelonanoticias.com\\\/en\\\/fc-barcelona\\\/parties-schedules-dates-all-the-details-of-turns-it-by-united-states-of-the-barca_305838_102.html#breadcrumb\",\"itemListElement\":[{\"@type\":\"ListItem\",\"position\":1,\"name\":\"Portada\",\"item\":\"https:\\\/\\\/www.fcbarcelonanoticias.com\\\/en\\\/\"},{\"@type\":\"ListItem\",\"position\":2,\"name\":\"Matches, schedules, dates&#8230; All the details of Bar\u00e7a&#8217;s tour of the United States\"}]},{\"@type\":\"WebSite\",\"@id\":\"https:\\\/\\\/www.fcbarcelonanoticias.com\\\/en\\\/#website\",\"url\":\"https:\\\/\\\/www.fcbarcelonanoticias.com\\\/en\\\/\",\"name\":\"EN - FC Barcelona Noticias\",\"description\":\"\",\"potentialAction\":[{\"@type\":\"SearchAction\",\"target\":{\"@type\":\"EntryPoint\",\"urlTemplate\":\"https:\\\/\\\/www.fcbarcelonanoticias.com\\\/en\\\/?s={search_term_string}\"},\"query-input\":{\"@type\":\"PropertyValueSpecification\",\"valueRequired\":true,\"valueName\":\"search_term_string\"}}],\"inLanguage\":\"en-US\"},{\"@type\":\"Person\",\"@id\":\"https:\\\/\\\/www.fcbarcelonanoticias.com\\\/en\\\/#\\\/schema\\\/person\\\/88d756918a0a1ae9fa593b5edddd1815\",\"name\":\"Juan Pablo Berdugo\",\"image\":{\"@type\":\"ImageObject\",\"inLanguage\":\"en-US\",\"@id\":\"https:\\\/\\\/secure.gravatar.com\\\/avatar\\\/?s=96&d=mm&r=g\",\"url\":\"https:\\\/\\\/secure.gravatar.com\\\/avatar\\\/?s=96&d=mm&r=g\",\"contentUrl\":\"https:\\\/\\\/secure.gravatar.com\\\/avatar\\\/?s=96&d=mm&r=g\",\"caption\":\"Juan Pablo Berdugo\"},\"description\":\"Juan Pablo Berdugo es graduado en Periodismo. Colabora con FCBN como especialista en informaci\u00f3n del primer equipo del FC Barcelona, f\u00fatbol internacional y mercado de fichajes. Destaca por su enfoque anal\u00edtico, su rigor informativo y su capacidad para detectar tendencias emergentes en el f\u00fatbol global.\",\"url\":\"https:\\\/\\\/www.fcbarcelonanoticias.com\\\/en\\\/fc-barcelona\\\/juan-pablo-berdugo_18_115.html\"}]}<\/script>\n<!-- \/ Yoast SEO plugin. -->","yoast_head_json":{"title":"Parties, schedules, dates... All the details of turns it by United States of the Bar\u00e7a","description":"The Bar\u00e7a will initiate his turns of pre-season in United States the next 28 July. In North American floor, the cul\u00e9s will confront to the Manchester City, to the Real Madrid and to the AC Milan before beginning officially the course 24\/25","robots":{"index":"index","follow":"follow","max-snippet":"max-snippet:-1","max-image-preview":"max-image-preview:large","max-video-preview":"max-video-preview:-1"},"canonical":"https:\/\/www.fcbarcelonanoticias.com\/en\/fc-barcelona\/parties-schedules-dates-all-the-details-of-turns-it-by-united-states-of-the-barca_305838_102.html","og_locale":"en_US","og_type":"article","og_title":"Parties, schedules, dates... All the details of turns it by United States of the Bar\u00e7a","og_description":"The Bar\u00e7a will initiate his turns of pre-season in United States the next 28 July. In North American floor, the cul\u00e9s will confront to the Manchester City, to the Real Madrid and to the AC Milan before beginning officially the course 24\/25","og_url":"https:\/\/www.fcbarcelonanoticias.com\/en\/fc-barcelona\/parties-schedules-dates-all-the-details-of-turns-it-by-united-states-of-the-barca_305838_102.html","og_site_name":"EN - FC Barcelona Noticias","article_published_time":"2024-07-26T15:54:00+00:00","og_image":[{"width":1300,"height":722,"url":"https:\/\/www.fcbarcelonanoticias.com\/en\/wp-content\/uploads\/sites\/2\/2024\/07\/hansi-flick-en-un-entrenamiento-del-fc-barcelona.gif","type":"image\/gif"}],"author":"Juan Pablo Berdugo","twitter_card":"summary_large_image","twitter_misc":{"Written by":"Juan Pablo Berdugo","Est. reading time":"2 minutes"},"schema":{"@context":"https:\/\/schema.org","@graph":[{"@type":"Article","@id":"https:\/\/www.fcbarcelonanoticias.com\/en\/fc-barcelona\/parties-schedules-dates-all-the-details-of-turns-it-by-united-states-of-the-barca_305838_102.html#article","isPartOf":{"@id":"https:\/\/www.fcbarcelonanoticias.com\/en\/fc-barcelona\/parties-schedules-dates-all-the-details-of-turns-it-by-united-states-of-the-barca_305838_102.html"},"author":{"name":"Juan Pablo Berdugo","@id":"https:\/\/www.fcbarcelonanoticias.com\/en\/#\/schema\/person\/88d756918a0a1ae9fa593b5edddd1815"},"headline":"Matches, schedules, dates&#8230; All the details of Bar\u00e7a&#8217;s tour of the United States","datePublished":"2024-07-26T15:54:00+00:00","mainEntityOfPage":{"@id":"https:\/\/www.fcbarcelonanoticias.com\/en\/fc-barcelona\/parties-schedules-dates-all-the-details-of-turns-it-by-united-states-of-the-barca_305838_102.html"},"wordCount":431,"image":{"@id":"https:\/\/www.fcbarcelonanoticias.com\/en\/fc-barcelona\/parties-schedules-dates-all-the-details-of-turns-it-by-united-states-of-the-barca_305838_102.html#primaryimage"},"thumbnailUrl":"https:\/\/www.fcbarcelonanoticias.com\/en\/wp-content\/uploads\/sites\/2\/2024\/07\/hansi-flick-en-un-entrenamiento-del-fc-barcelona.gif","keywords":["El Cl\u00e1sico","Hansi Flick","Joan Laporta","Manchester City"],"articleSection":["FC Barcelona"],"inLanguage":"en-US"},{"@type":"WebPage","@id":"https:\/\/www.fcbarcelonanoticias.com\/en\/fc-barcelona\/parties-schedules-dates-all-the-details-of-turns-it-by-united-states-of-the-barca_305838_102.html","url":"https:\/\/www.fcbarcelonanoticias.com\/en\/fc-barcelona\/parties-schedules-dates-all-the-details-of-turns-it-by-united-states-of-the-barca_305838_102.html","name":"Parties, schedules, dates... All the details of turns it by United States of the Bar\u00e7a","isPartOf":{"@id":"https:\/\/www.fcbarcelonanoticias.com\/en\/#website"},"primaryImageOfPage":{"@id":"https:\/\/www.fcbarcelonanoticias.com\/en\/fc-barcelona\/parties-schedules-dates-all-the-details-of-turns-it-by-united-states-of-the-barca_305838_102.html#primaryimage"},"image":{"@id":"https:\/\/www.fcbarcelonanoticias.com\/en\/fc-barcelona\/parties-schedules-dates-all-the-details-of-turns-it-by-united-states-of-the-barca_305838_102.html#primaryimage"},"thumbnailUrl":"https:\/\/www.fcbarcelonanoticias.com\/en\/wp-content\/uploads\/sites\/2\/2024\/07\/hansi-flick-en-un-entrenamiento-del-fc-barcelona.gif","datePublished":"2024-07-26T15:54:00+00:00","author":{"@id":"https:\/\/www.fcbarcelonanoticias.com\/en\/#\/schema\/person\/88d756918a0a1ae9fa593b5edddd1815"},"description":"The Bar\u00e7a will initiate his turns of pre-season in United States the next 28 July. In North American floor, the cul\u00e9s will confront to the Manchester City, to the Real Madrid and to the AC Milan before beginning officially the course 24\/25","breadcrumb":{"@id":"https:\/\/www.fcbarcelonanoticias.com\/en\/fc-barcelona\/parties-schedules-dates-all-the-details-of-turns-it-by-united-states-of-the-barca_305838_102.html#breadcrumb"},"inLanguage":"en-US","potentialAction":[{"@type":"ReadAction","target":["https:\/\/www.fcbarcelonanoticias.com\/en\/fc-barcelona\/parties-schedules-dates-all-the-details-of-turns-it-by-united-states-of-the-barca_305838_102.html"]}]},{"@type":"ImageObject","inLanguage":"en-US","@id":"https:\/\/www.fcbarcelonanoticias.com\/en\/fc-barcelona\/parties-schedules-dates-all-the-details-of-turns-it-by-united-states-of-the-barca_305838_102.html#primaryimage","url":"https:\/\/www.fcbarcelonanoticias.com\/en\/wp-content\/uploads\/sites\/2\/2024\/07\/hansi-flick-en-un-entrenamiento-del-fc-barcelona.gif","contentUrl":"https:\/\/www.fcbarcelonanoticias.com\/en\/wp-content\/uploads\/sites\/2\/2024\/07\/hansi-flick-en-un-entrenamiento-del-fc-barcelona.gif","width":1300,"height":722},{"@type":"BreadcrumbList","@id":"https:\/\/www.fcbarcelonanoticias.com\/en\/fc-barcelona\/parties-schedules-dates-all-the-details-of-turns-it-by-united-states-of-the-barca_305838_102.html#breadcrumb","itemListElement":[{"@type":"ListItem","position":1,"name":"Portada","item":"https:\/\/www.fcbarcelonanoticias.com\/en\/"},{"@type":"ListItem","position":2,"name":"Matches, schedules, dates&#8230; All the details of Bar\u00e7a&#8217;s tour of the United States"}]},{"@type":"WebSite","@id":"https:\/\/www.fcbarcelonanoticias.com\/en\/#website","url":"https:\/\/www.fcbarcelonanoticias.com\/en\/","name":"EN - FC Barcelona Noticias","description":"","potentialAction":[{"@type":"SearchAction","target":{"@type":"EntryPoint","urlTemplate":"https:\/\/www.fcbarcelonanoticias.com\/en\/?s={search_term_string}"},"query-input":{"@type":"PropertyValueSpecification","valueRequired":true,"valueName":"search_term_string"}}],"inLanguage":"en-US"},{"@type":"Person","@id":"https:\/\/www.fcbarcelonanoticias.com\/en\/#\/schema\/person\/88d756918a0a1ae9fa593b5edddd1815","name":"Juan Pablo Berdugo","image":{"@type":"ImageObject","inLanguage":"en-US","@id":"https:\/\/secure.gravatar.com\/avatar\/?s=96&d=mm&r=g","url":"https:\/\/secure.gravatar.com\/avatar\/?s=96&d=mm&r=g","contentUrl":"https:\/\/secure.gravatar.com\/avatar\/?s=96&d=mm&r=g","caption":"Juan Pablo Berdugo"},"description":"Juan Pablo Berdugo es graduado en Periodismo. Colabora con FCBN como especialista en informaci\u00f3n del primer equipo del FC Barcelona, f\u00fatbol internacional y mercado de fichajes. Destaca por su enfoque anal\u00edtico, su rigor informativo y su capacidad para detectar tendencias emergentes en el f\u00fatbol global.","url":"https:\/\/www.fcbarcelonanoticias.com\/en\/fc-barcelona\/juan-pablo-berdugo_18_115.html"}]}},"_links":{"self":[{"href":"https:\/\/www.fcbarcelonanoticias.com\/en\/wp-json\/wp\/v2\/posts\/108085","targetHints":{"allow":["GET"]}}],"collection":[{"href":"https:\/\/www.fcbarcelonanoticias.com\/en\/wp-json\/wp\/v2\/posts"}],"about":[{"href":"https:\/\/www.fcbarcelonanoticias.com\/en\/wp-json\/wp\/v2\/types\/post"}],"author":[{"embeddable":true,"href":"https:\/\/www.fcbarcelonanoticias.com\/en\/wp-json\/wp\/v2\/users\/358"}],"replies":[{"embeddable":true,"href":"https:\/\/www.fcbarcelonanoticias.com\/en\/wp-json\/wp\/v2\/comments?post=108085"}],"version-history":[{"count":1,"href":"https:\/\/www.fcbarcelonanoticias.com\/en\/wp-json\/wp\/v2\/posts\/108085\/revisions"}],"predecessor-version":[{"id":148376,"href":"https:\/\/www.fcbarcelonanoticias.com\/en\/wp-json\/wp\/v2\/posts\/108085\/revisions\/148376"}],"wp:featuredmedia":[{"embeddable":true,"href":"https:\/\/www.fcbarcelonanoticias.com\/en\/wp-json\/wp\/v2\/media\/108100"}],"wp:attachment":[{"href":"https:\/\/www.fcbarcelonanoticias.com\/en\/wp-json\/wp\/v2\/media?parent=108085"}],"wp:term":[{"taxonomy":"category","embeddable":true,"href":"https:\/\/www.fcbarcelonanoticias.com\/en\/wp-json\/wp\/v2\/categories?post=108085"},{"taxonomy":"post_tag","embeddable":true,"href":"https:\/\/www.fcbarcelonanoticias.com\/en\/wp-json\/wp\/v2\/tags?post=108085"}],"curies":[{"name":"wp","href":"https:\/\/api.w.org\/{rel}","templated":true}]}}