{"id":108312,"date":"2025-01-05T22:25:00","date_gmt":"2025-01-05T21:25:00","guid":{"rendered":"https:\/\/weisetech.dev\/fc-barcelona-noticias\/en\/pau-cubarsi-and-inigo-martinez-achieve-historic-milestone-at-barca_309855_102\/"},"modified":"2025-07-22T19:18:00","modified_gmt":"2025-07-22T17:18:00","slug":"pau-cubarsi-and-inigo-martinez-achieve-historic-milestone-at-barca_309855_102","status":"publish","type":"post","link":"https:\/\/www.fcbarcelonanoticias.com\/en\/fc-barcelona\/pau-cubarsi-and-inigo-martinez-achieve-historic-milestone-at-barca_309855_102.html","title":{"rendered":"Pau Cubars\u00ed and I\u00f1igo Mart\u00ednez achieve a historic milestone at Bar\u00e7a"},"content":{"rendered":"<h2 class=\"wp-block-heading\">Pau Cubars\u00ed and I\u00f1igo Mart\u00ednez reached 50 matches at Bar\u00e7a against Barbastro. The central duo is more solid than ever<\/h2>  \r\n<div class=\"article-addons\">\r\n    <a href=\"https:\/\/www.fcbarcelonanoticias.com\/en\/calendar-fc-barcelona.html\"\r\n       target=\"_self\"\r\n       title=\"Calendar of FC Barcelona\"\r\n       class=\"blue-gredient-btn\">\r\n       \r\n        Calendar of FC Barcelona    <\/a>\r\n<\/div>   <p>At the beginning of the season, no one would have imagined that the duo formed by <strong>Pau Cubars\u00ed<\/strong> and <strong>I\u00f1igo Mart\u00ednez<\/strong> would establish itself as one of the most solid in the continent. The Catalan and the Basque, driven by the numerous defensive injuries the team suffered in the first half of the season, have become indispensable for <strong>Hansi Flick<\/strong>, whose advanced line has been executed to perfection by this tandem.<\/p>  <p>The coordination of this duo transcends the playing fields, and in the match against Barbastro last Saturday, they jointly reached <strong>50 official matches<\/strong> in the first team of <strong>FC Barcelona<\/strong>. <a data-external=\"0\" data-intl-links-en=\"https:\/\/www.fcbarcelonanoticias.com\/en\/fc-barcelona\/ronald-araujo-returns-to-the-starting-lineup-at-barca-after-182-days_309815_102.html\" data-intl-links-es=\"https:\/\/www.fcbarcelonanoticias.com\/fc-barcelona\/ronald-araujo-vuelve-titularidad-en-barca-182-dias_309815_102.html\" href=\"https:\/\/www.fcbarcelonanoticias.com\/en\/fc-barcelona\/ronald-araujo-returns-to-the-starting-lineup-at-barca-after-182-days_309815_102.html\" rel=\"follow\" target=\"_self\" title=\"Ronald Araujo returns to the starting lineup at Bar\u00e7a after 182 days\">Although Ronald Araujo took the place of the academy player in the starting eleven<\/a>, the rotations made in the second half allowed both defenders to reach this milestone in the cup match.<\/p>  <h3>Will the duo be broken with Araujo&#8217;s return?<\/h3>  <p>This season, <strong>Cubars\u00ed<\/strong> has already accumulated 26 matches in all competitions, being a starter in 24 of these. Meanwhile, <strong>I\u00f1igo<\/strong> has played 25 matches and has been the most used player by the Bar\u00e7a coach, accumulating 2,198 minutes.&nbsp;<\/p>  <p>However, many doubts have arisen regarding the future of this duo, as <strong>Araujo<\/strong> has already fully recovered from his muscle injury and is expected to start in <strong>Flick&#8217;s<\/strong> scheme, <a data-external=\"0\" data-intl-links-en=\"https:\/\/www.fcbarcelonanoticias.com\/en\/fc-barcelona\/the-great-dilemma-of-hansi-flick-for-the-center-of-defense_309728_102.html\" data-intl-links-es=\"https:\/\/www.fcbarcelonanoticias.com\/fc-barcelona\/gran-dilema-hansi-flick-centro-defensa_309728_102.html\" href=\"https:\/\/www.fcbarcelonanoticias.com\/en\/fc-barcelona\/the-great-dilemma-of-hansi-flick-for-the-center-of-defense_309728_102.html\" rel=\"follow\" target=\"_self\" title=\"The great dilemma of Hansi Flick for the center of defense\">who will have to make a crucial decision for the rest of the season<\/a>, as he will be forced to break his previously untouchable tandem to make room for the Uruguayan in the lineup.<\/p> ","protected":false},"excerpt":{"rendered":"<p>Pau Cubars\u00ed and I\u00f1igo Mart\u00ednez reached 50 matches at Bar\u00e7a against Barbastro. The central duo is more solid than ever At the beginning of the season, no one would have imagined that the duo formed by Pau Cubars\u00ed and I\u00f1igo Mart\u00ednez would establish itself as one of the most solid in the continent. The Catalan [&hellip;]<\/p>\n","protected":false},"author":358,"featured_media":108319,"comment_status":"closed","ping_status":"open","sticky":false,"template":"","format":"standard","meta":{"_acf_changed":false,"inline_featured_image":false,"_nextfly_llmd_date_locked":false,"footnotes":""},"categories":[111],"tags":[382,155,469,157],"class_list":["post-108312","post","type-post","status-publish","format-standard","has-post-thumbnail","hentry","category-fc-barcelona","tag-inigo-martinez","tag-pau-cubarsi","tag-pau-cubarsi-2","tag-statistics"],"acf":[],"yoast_head":"<!-- This site is optimized with the Yoast SEO plugin v27.3 - https:\/\/yoast.com\/product\/yoast-seo-wordpress\/ -->\n<title>Pau Cubars\u00ed and I\u00f1igo Mart\u00ednez achieve a historic milestone at Bar\u00e7a<\/title>\n<meta name=\"description\" content=\"Pau Cubars\u00ed and I\u00f1igo Mart\u00ednez reached 50 matches at Bar\u00e7a against Barbastro. The central duo is more solid than ever\" \/>\n<meta name=\"robots\" content=\"index, follow, max-snippet:-1, max-image-preview:large, max-video-preview:-1\" \/>\n<link rel=\"canonical\" href=\"https:\/\/www.fcbarcelonanoticias.com\/en\/fc-barcelona\/pau-cubarsi-and-inigo-martinez-achieve-historic-milestone-at-barca_309855_102.html\" \/>\n<meta property=\"og:locale\" content=\"en_US\" \/>\n<meta property=\"og:type\" content=\"article\" \/>\n<meta property=\"og:title\" content=\"Pau Cubars\u00ed and I\u00f1igo Mart\u00ednez achieve a historic milestone at Bar\u00e7a\" \/>\n<meta property=\"og:description\" content=\"Pau Cubars\u00ed and I\u00f1igo Mart\u00ednez reached 50 matches at Bar\u00e7a against Barbastro. The central duo is more solid than ever\" \/>\n<meta property=\"og:url\" content=\"https:\/\/www.fcbarcelonanoticias.com\/en\/fc-barcelona\/pau-cubarsi-and-inigo-martinez-achieve-historic-milestone-at-barca_309855_102.html\" \/>\n<meta property=\"og:site_name\" content=\"EN - FC Barcelona Noticias\" \/>\n<meta property=\"article:published_time\" content=\"2025-01-05T21:25:00+00:00\" \/>\n<meta property=\"article:modified_time\" content=\"2025-07-22T17:18:00+00:00\" \/>\n<meta property=\"og:image\" content=\"https:\/\/www.fcbarcelonanoticias.com\/en\/wp-content\/uploads\/sites\/2\/2025\/01\/real-madrid-cf-v-fc-barcelona-la-liga-ea-sports-24-1.jpeg\" \/>\n\t<meta property=\"og:image:width\" content=\"1200\" \/>\n\t<meta property=\"og:image:height\" content=\"675\" \/>\n\t<meta property=\"og:image:type\" content=\"image\/jpeg\" \/>\n<meta name=\"author\" content=\"Juan Pablo Berdugo\" \/>\n<meta name=\"twitter:card\" content=\"summary_large_image\" \/>\n<meta name=\"twitter:label1\" content=\"Written by\" \/>\n\t<meta name=\"twitter:data1\" content=\"Juan Pablo Berdugo\" \/>\n\t<meta name=\"twitter:label2\" content=\"Est. reading time\" \/>\n\t<meta name=\"twitter:data2\" content=\"1 minute\" \/>\n<script type=\"application\/ld+json\" class=\"yoast-schema-graph\">{\"@context\":\"https:\\\/\\\/schema.org\",\"@graph\":[{\"@type\":\"Article\",\"@id\":\"https:\\\/\\\/www.fcbarcelonanoticias.com\\\/en\\\/fc-barcelona\\\/pau-cubarsi-and-inigo-martinez-achieve-historic-milestone-at-barca_309855_102.html#article\",\"isPartOf\":{\"@id\":\"https:\\\/\\\/www.fcbarcelonanoticias.com\\\/en\\\/fc-barcelona\\\/pau-cubarsi-and-inigo-martinez-achieve-historic-milestone-at-barca_309855_102.html\"},\"author\":{\"name\":\"Juan Pablo Berdugo\",\"@id\":\"https:\\\/\\\/www.fcbarcelonanoticias.com\\\/en\\\/#\\\/schema\\\/person\\\/88d756918a0a1ae9fa593b5edddd1815\"},\"headline\":\"Pau Cubars\u00ed and I\u00f1igo Mart\u00ednez achieve a historic milestone at Bar\u00e7a\",\"datePublished\":\"2025-01-05T21:25:00+00:00\",\"dateModified\":\"2025-07-22T17:18:00+00:00\",\"mainEntityOfPage\":{\"@id\":\"https:\\\/\\\/www.fcbarcelonanoticias.com\\\/en\\\/fc-barcelona\\\/pau-cubarsi-and-inigo-martinez-achieve-historic-milestone-at-barca_309855_102.html\"},\"wordCount\":280,\"image\":{\"@id\":\"https:\\\/\\\/www.fcbarcelonanoticias.com\\\/en\\\/fc-barcelona\\\/pau-cubarsi-and-inigo-martinez-achieve-historic-milestone-at-barca_309855_102.html#primaryimage\"},\"thumbnailUrl\":\"https:\\\/\\\/www.fcbarcelonanoticias.com\\\/en\\\/wp-content\\\/uploads\\\/sites\\\/2\\\/2025\\\/01\\\/real-madrid-cf-v-fc-barcelona-la-liga-ea-sports-24-1.jpeg\",\"keywords\":[\"\u00cd\u00f1igo Mart\u00ednez\",\"Pau Cubars\u00ed\",\"Pau Cubars\u00ed\",\"Statistics\"],\"articleSection\":[\"FC Barcelona\"],\"inLanguage\":\"en-US\"},{\"@type\":\"WebPage\",\"@id\":\"https:\\\/\\\/www.fcbarcelonanoticias.com\\\/en\\\/fc-barcelona\\\/pau-cubarsi-and-inigo-martinez-achieve-historic-milestone-at-barca_309855_102.html\",\"url\":\"https:\\\/\\\/www.fcbarcelonanoticias.com\\\/en\\\/fc-barcelona\\\/pau-cubarsi-and-inigo-martinez-achieve-historic-milestone-at-barca_309855_102.html\",\"name\":\"Pau Cubars\u00ed and I\u00f1igo Mart\u00ednez achieve a historic milestone at Bar\u00e7a\",\"isPartOf\":{\"@id\":\"https:\\\/\\\/www.fcbarcelonanoticias.com\\\/en\\\/#website\"},\"primaryImageOfPage\":{\"@id\":\"https:\\\/\\\/www.fcbarcelonanoticias.com\\\/en\\\/fc-barcelona\\\/pau-cubarsi-and-inigo-martinez-achieve-historic-milestone-at-barca_309855_102.html#primaryimage\"},\"image\":{\"@id\":\"https:\\\/\\\/www.fcbarcelonanoticias.com\\\/en\\\/fc-barcelona\\\/pau-cubarsi-and-inigo-martinez-achieve-historic-milestone-at-barca_309855_102.html#primaryimage\"},\"thumbnailUrl\":\"https:\\\/\\\/www.fcbarcelonanoticias.com\\\/en\\\/wp-content\\\/uploads\\\/sites\\\/2\\\/2025\\\/01\\\/real-madrid-cf-v-fc-barcelona-la-liga-ea-sports-24-1.jpeg\",\"datePublished\":\"2025-01-05T21:25:00+00:00\",\"dateModified\":\"2025-07-22T17:18:00+00:00\",\"author\":{\"@id\":\"https:\\\/\\\/www.fcbarcelonanoticias.com\\\/en\\\/#\\\/schema\\\/person\\\/88d756918a0a1ae9fa593b5edddd1815\"},\"description\":\"Pau Cubars\u00ed and I\u00f1igo Mart\u00ednez reached 50 matches at Bar\u00e7a against Barbastro. The central duo is more solid than ever\",\"breadcrumb\":{\"@id\":\"https:\\\/\\\/www.fcbarcelonanoticias.com\\\/en\\\/fc-barcelona\\\/pau-cubarsi-and-inigo-martinez-achieve-historic-milestone-at-barca_309855_102.html#breadcrumb\"},\"inLanguage\":\"en-US\",\"potentialAction\":[{\"@type\":\"ReadAction\",\"target\":[\"https:\\\/\\\/www.fcbarcelonanoticias.com\\\/en\\\/fc-barcelona\\\/pau-cubarsi-and-inigo-martinez-achieve-historic-milestone-at-barca_309855_102.html\"]}]},{\"@type\":\"ImageObject\",\"inLanguage\":\"en-US\",\"@id\":\"https:\\\/\\\/www.fcbarcelonanoticias.com\\\/en\\\/fc-barcelona\\\/pau-cubarsi-and-inigo-martinez-achieve-historic-milestone-at-barca_309855_102.html#primaryimage\",\"url\":\"https:\\\/\\\/www.fcbarcelonanoticias.com\\\/en\\\/wp-content\\\/uploads\\\/sites\\\/2\\\/2025\\\/01\\\/real-madrid-cf-v-fc-barcelona-la-liga-ea-sports-24-1.jpeg\",\"contentUrl\":\"https:\\\/\\\/www.fcbarcelonanoticias.com\\\/en\\\/wp-content\\\/uploads\\\/sites\\\/2\\\/2025\\\/01\\\/real-madrid-cf-v-fc-barcelona-la-liga-ea-sports-24-1.jpeg\",\"width\":1200,\"height\":675},{\"@type\":\"BreadcrumbList\",\"@id\":\"https:\\\/\\\/www.fcbarcelonanoticias.com\\\/en\\\/fc-barcelona\\\/pau-cubarsi-and-inigo-martinez-achieve-historic-milestone-at-barca_309855_102.html#breadcrumb\",\"itemListElement\":[{\"@type\":\"ListItem\",\"position\":1,\"name\":\"Portada\",\"item\":\"https:\\\/\\\/www.fcbarcelonanoticias.com\\\/en\\\/\"},{\"@type\":\"ListItem\",\"position\":2,\"name\":\"Pau Cubars\u00ed and I\u00f1igo Mart\u00ednez achieve a historic milestone at Bar\u00e7a\"}]},{\"@type\":\"WebSite\",\"@id\":\"https:\\\/\\\/www.fcbarcelonanoticias.com\\\/en\\\/#website\",\"url\":\"https:\\\/\\\/www.fcbarcelonanoticias.com\\\/en\\\/\",\"name\":\"EN - FC Barcelona Noticias\",\"description\":\"\",\"potentialAction\":[{\"@type\":\"SearchAction\",\"target\":{\"@type\":\"EntryPoint\",\"urlTemplate\":\"https:\\\/\\\/www.fcbarcelonanoticias.com\\\/en\\\/?s={search_term_string}\"},\"query-input\":{\"@type\":\"PropertyValueSpecification\",\"valueRequired\":true,\"valueName\":\"search_term_string\"}}],\"inLanguage\":\"en-US\"},{\"@type\":\"Person\",\"@id\":\"https:\\\/\\\/www.fcbarcelonanoticias.com\\\/en\\\/#\\\/schema\\\/person\\\/88d756918a0a1ae9fa593b5edddd1815\",\"name\":\"Juan Pablo Berdugo\",\"image\":{\"@type\":\"ImageObject\",\"inLanguage\":\"en-US\",\"@id\":\"https:\\\/\\\/secure.gravatar.com\\\/avatar\\\/?s=96&d=mm&r=g\",\"url\":\"https:\\\/\\\/secure.gravatar.com\\\/avatar\\\/?s=96&d=mm&r=g\",\"contentUrl\":\"https:\\\/\\\/secure.gravatar.com\\\/avatar\\\/?s=96&d=mm&r=g\",\"caption\":\"Juan Pablo Berdugo\"},\"description\":\"Juan Pablo Berdugo es graduado en Periodismo. Colabora con FCBN como especialista en informaci\u00f3n del primer equipo del FC Barcelona, f\u00fatbol internacional y mercado de fichajes. Destaca por su enfoque anal\u00edtico, su rigor informativo y su capacidad para detectar tendencias emergentes en el f\u00fatbol global.\",\"url\":\"https:\\\/\\\/www.fcbarcelonanoticias.com\\\/en\\\/fc-barcelona\\\/juan-pablo-berdugo_18_115.html\"}]}<\/script>\n<!-- \/ Yoast SEO plugin. -->","yoast_head_json":{"title":"Pau Cubars\u00ed and I\u00f1igo Mart\u00ednez achieve a historic milestone at Bar\u00e7a","description":"Pau Cubars\u00ed and I\u00f1igo Mart\u00ednez reached 50 matches at Bar\u00e7a against Barbastro. The central duo is more solid than ever","robots":{"index":"index","follow":"follow","max-snippet":"max-snippet:-1","max-image-preview":"max-image-preview:large","max-video-preview":"max-video-preview:-1"},"canonical":"https:\/\/www.fcbarcelonanoticias.com\/en\/fc-barcelona\/pau-cubarsi-and-inigo-martinez-achieve-historic-milestone-at-barca_309855_102.html","og_locale":"en_US","og_type":"article","og_title":"Pau Cubars\u00ed and I\u00f1igo Mart\u00ednez achieve a historic milestone at Bar\u00e7a","og_description":"Pau Cubars\u00ed and I\u00f1igo Mart\u00ednez reached 50 matches at Bar\u00e7a against Barbastro. The central duo is more solid than ever","og_url":"https:\/\/www.fcbarcelonanoticias.com\/en\/fc-barcelona\/pau-cubarsi-and-inigo-martinez-achieve-historic-milestone-at-barca_309855_102.html","og_site_name":"EN - FC Barcelona Noticias","article_published_time":"2025-01-05T21:25:00+00:00","article_modified_time":"2025-07-22T17:18:00+00:00","og_image":[{"width":1200,"height":675,"url":"https:\/\/www.fcbarcelonanoticias.com\/en\/wp-content\/uploads\/sites\/2\/2025\/01\/real-madrid-cf-v-fc-barcelona-la-liga-ea-sports-24-1.jpeg","type":"image\/jpeg"}],"author":"Juan Pablo Berdugo","twitter_card":"summary_large_image","twitter_misc":{"Written by":"Juan Pablo Berdugo","Est. reading time":"1 minute"},"schema":{"@context":"https:\/\/schema.org","@graph":[{"@type":"Article","@id":"https:\/\/www.fcbarcelonanoticias.com\/en\/fc-barcelona\/pau-cubarsi-and-inigo-martinez-achieve-historic-milestone-at-barca_309855_102.html#article","isPartOf":{"@id":"https:\/\/www.fcbarcelonanoticias.com\/en\/fc-barcelona\/pau-cubarsi-and-inigo-martinez-achieve-historic-milestone-at-barca_309855_102.html"},"author":{"name":"Juan Pablo Berdugo","@id":"https:\/\/www.fcbarcelonanoticias.com\/en\/#\/schema\/person\/88d756918a0a1ae9fa593b5edddd1815"},"headline":"Pau Cubars\u00ed and I\u00f1igo Mart\u00ednez achieve a historic milestone at Bar\u00e7a","datePublished":"2025-01-05T21:25:00+00:00","dateModified":"2025-07-22T17:18:00+00:00","mainEntityOfPage":{"@id":"https:\/\/www.fcbarcelonanoticias.com\/en\/fc-barcelona\/pau-cubarsi-and-inigo-martinez-achieve-historic-milestone-at-barca_309855_102.html"},"wordCount":280,"image":{"@id":"https:\/\/www.fcbarcelonanoticias.com\/en\/fc-barcelona\/pau-cubarsi-and-inigo-martinez-achieve-historic-milestone-at-barca_309855_102.html#primaryimage"},"thumbnailUrl":"https:\/\/www.fcbarcelonanoticias.com\/en\/wp-content\/uploads\/sites\/2\/2025\/01\/real-madrid-cf-v-fc-barcelona-la-liga-ea-sports-24-1.jpeg","keywords":["\u00cd\u00f1igo Mart\u00ednez","Pau Cubars\u00ed","Pau Cubars\u00ed","Statistics"],"articleSection":["FC Barcelona"],"inLanguage":"en-US"},{"@type":"WebPage","@id":"https:\/\/www.fcbarcelonanoticias.com\/en\/fc-barcelona\/pau-cubarsi-and-inigo-martinez-achieve-historic-milestone-at-barca_309855_102.html","url":"https:\/\/www.fcbarcelonanoticias.com\/en\/fc-barcelona\/pau-cubarsi-and-inigo-martinez-achieve-historic-milestone-at-barca_309855_102.html","name":"Pau Cubars\u00ed and I\u00f1igo Mart\u00ednez achieve a historic milestone at Bar\u00e7a","isPartOf":{"@id":"https:\/\/www.fcbarcelonanoticias.com\/en\/#website"},"primaryImageOfPage":{"@id":"https:\/\/www.fcbarcelonanoticias.com\/en\/fc-barcelona\/pau-cubarsi-and-inigo-martinez-achieve-historic-milestone-at-barca_309855_102.html#primaryimage"},"image":{"@id":"https:\/\/www.fcbarcelonanoticias.com\/en\/fc-barcelona\/pau-cubarsi-and-inigo-martinez-achieve-historic-milestone-at-barca_309855_102.html#primaryimage"},"thumbnailUrl":"https:\/\/www.fcbarcelonanoticias.com\/en\/wp-content\/uploads\/sites\/2\/2025\/01\/real-madrid-cf-v-fc-barcelona-la-liga-ea-sports-24-1.jpeg","datePublished":"2025-01-05T21:25:00+00:00","dateModified":"2025-07-22T17:18:00+00:00","author":{"@id":"https:\/\/www.fcbarcelonanoticias.com\/en\/#\/schema\/person\/88d756918a0a1ae9fa593b5edddd1815"},"description":"Pau Cubars\u00ed and I\u00f1igo Mart\u00ednez reached 50 matches at Bar\u00e7a against Barbastro. The central duo is more solid than ever","breadcrumb":{"@id":"https:\/\/www.fcbarcelonanoticias.com\/en\/fc-barcelona\/pau-cubarsi-and-inigo-martinez-achieve-historic-milestone-at-barca_309855_102.html#breadcrumb"},"inLanguage":"en-US","potentialAction":[{"@type":"ReadAction","target":["https:\/\/www.fcbarcelonanoticias.com\/en\/fc-barcelona\/pau-cubarsi-and-inigo-martinez-achieve-historic-milestone-at-barca_309855_102.html"]}]},{"@type":"ImageObject","inLanguage":"en-US","@id":"https:\/\/www.fcbarcelonanoticias.com\/en\/fc-barcelona\/pau-cubarsi-and-inigo-martinez-achieve-historic-milestone-at-barca_309855_102.html#primaryimage","url":"https:\/\/www.fcbarcelonanoticias.com\/en\/wp-content\/uploads\/sites\/2\/2025\/01\/real-madrid-cf-v-fc-barcelona-la-liga-ea-sports-24-1.jpeg","contentUrl":"https:\/\/www.fcbarcelonanoticias.com\/en\/wp-content\/uploads\/sites\/2\/2025\/01\/real-madrid-cf-v-fc-barcelona-la-liga-ea-sports-24-1.jpeg","width":1200,"height":675},{"@type":"BreadcrumbList","@id":"https:\/\/www.fcbarcelonanoticias.com\/en\/fc-barcelona\/pau-cubarsi-and-inigo-martinez-achieve-historic-milestone-at-barca_309855_102.html#breadcrumb","itemListElement":[{"@type":"ListItem","position":1,"name":"Portada","item":"https:\/\/www.fcbarcelonanoticias.com\/en\/"},{"@type":"ListItem","position":2,"name":"Pau Cubars\u00ed and I\u00f1igo Mart\u00ednez achieve a historic milestone at Bar\u00e7a"}]},{"@type":"WebSite","@id":"https:\/\/www.fcbarcelonanoticias.com\/en\/#website","url":"https:\/\/www.fcbarcelonanoticias.com\/en\/","name":"EN - FC Barcelona Noticias","description":"","potentialAction":[{"@type":"SearchAction","target":{"@type":"EntryPoint","urlTemplate":"https:\/\/www.fcbarcelonanoticias.com\/en\/?s={search_term_string}"},"query-input":{"@type":"PropertyValueSpecification","valueRequired":true,"valueName":"search_term_string"}}],"inLanguage":"en-US"},{"@type":"Person","@id":"https:\/\/www.fcbarcelonanoticias.com\/en\/#\/schema\/person\/88d756918a0a1ae9fa593b5edddd1815","name":"Juan Pablo Berdugo","image":{"@type":"ImageObject","inLanguage":"en-US","@id":"https:\/\/secure.gravatar.com\/avatar\/?s=96&d=mm&r=g","url":"https:\/\/secure.gravatar.com\/avatar\/?s=96&d=mm&r=g","contentUrl":"https:\/\/secure.gravatar.com\/avatar\/?s=96&d=mm&r=g","caption":"Juan Pablo Berdugo"},"description":"Juan Pablo Berdugo es graduado en Periodismo. Colabora con FCBN como especialista en informaci\u00f3n del primer equipo del FC Barcelona, f\u00fatbol internacional y mercado de fichajes. Destaca por su enfoque anal\u00edtico, su rigor informativo y su capacidad para detectar tendencias emergentes en el f\u00fatbol global.","url":"https:\/\/www.fcbarcelonanoticias.com\/en\/fc-barcelona\/juan-pablo-berdugo_18_115.html"}]}},"_links":{"self":[{"href":"https:\/\/www.fcbarcelonanoticias.com\/en\/wp-json\/wp\/v2\/posts\/108312","targetHints":{"allow":["GET"]}}],"collection":[{"href":"https:\/\/www.fcbarcelonanoticias.com\/en\/wp-json\/wp\/v2\/posts"}],"about":[{"href":"https:\/\/www.fcbarcelonanoticias.com\/en\/wp-json\/wp\/v2\/types\/post"}],"author":[{"embeddable":true,"href":"https:\/\/www.fcbarcelonanoticias.com\/en\/wp-json\/wp\/v2\/users\/358"}],"replies":[{"embeddable":true,"href":"https:\/\/www.fcbarcelonanoticias.com\/en\/wp-json\/wp\/v2\/comments?post=108312"}],"version-history":[{"count":1,"href":"https:\/\/www.fcbarcelonanoticias.com\/en\/wp-json\/wp\/v2\/posts\/108312\/revisions"}],"predecessor-version":[{"id":148351,"href":"https:\/\/www.fcbarcelonanoticias.com\/en\/wp-json\/wp\/v2\/posts\/108312\/revisions\/148351"}],"wp:featuredmedia":[{"embeddable":true,"href":"https:\/\/www.fcbarcelonanoticias.com\/en\/wp-json\/wp\/v2\/media\/108319"}],"wp:attachment":[{"href":"https:\/\/www.fcbarcelonanoticias.com\/en\/wp-json\/wp\/v2\/media?parent=108312"}],"wp:term":[{"taxonomy":"category","embeddable":true,"href":"https:\/\/www.fcbarcelonanoticias.com\/en\/wp-json\/wp\/v2\/categories?post=108312"},{"taxonomy":"post_tag","embeddable":true,"href":"https:\/\/www.fcbarcelonanoticias.com\/en\/wp-json\/wp\/v2\/tags?post=108312"}],"curies":[{"name":"wp","href":"https:\/\/api.w.org\/{rel}","templated":true}]}}