{"id":108370,"date":"2026-01-24T19:44:00","date_gmt":"2026-01-24T18:44:00","guid":{"rendered":"https:\/\/weisetech.dev\/fc-barcelona-noticias\/en\/pedri-injured-how-many-games-will-he-miss-with-barca_315826_102\/"},"modified":"2026-01-24T19:44:00","modified_gmt":"2026-01-24T18:44:00","slug":"pedri-injured-how-many-games-will-he-miss-with-barca_315826_102","status":"publish","type":"post","link":"https:\/\/www.fcbarcelonanoticias.com\/en\/fc-barcelona\/pedri-injured-how-many-games-will-he-miss-with-barca_315826_102.html","title":{"rendered":"Pedri Gonz\u00e1lez KO: injury and time out for Bar\u00e7a&#8217;s midfielder"},"content":{"rendered":"<h2 class=\"wp-block-heading\">Barcelona confirmed the absence of Pedri Gonz\u00e1lez for the match against Oviedo. The midfielder suffered a right hamstring injury on Wednesday against Slavia Prague<\/h2>  \r\n<div class=\"article-addons\">\r\n    <a href=\"https:\/\/www.fcbarcelonanoticias.com\/en\/calendar-fc-barcelona.html\"\r\n       target=\"_self\"\r\n       title=\"Calendar of FC Barcelona\"\r\n       class=\"blue-gredient-btn\">\r\n       \r\n        Calendar of FC Barcelona    <\/a>\r\n<\/div>   <p><strong>Pedri Gonz\u00e1lez<\/strong> will be out for <strong>FC Barcelona<\/strong> in matchday 21 of <strong>LaLiga EA Sports 2025\/26<\/strong>, against <strong>Real Oviedo<\/strong> at the Spotify Camp Nou (<a data-external=\"0\" data-intl-links-en=\"https:\/\/www.fcbarcelonanoticias.com\/en\/laliga\/barcelona-vs-oviedo-live-and-online-when-and-where-to-watch_315822_102.html\" data-intl-links-es=\"https:\/\/www.fcbarcelonanoticias.com\/laliga\/barcelona-vs-oviedo-directo-online-cuando-donde-ver-partido-laliga-tv_315822_102.html\" href=\"https:\/\/www.fcbarcelonanoticias.com\/en\/laliga\/barcelona-vs-oviedo-live-and-online-when-and-where-to-watch_315822_102.html\" rel=\"follow\" target=\"_self\" title=\"Barcelona vs Oviedo en directo y online: cu\u00e1ndo y d\u00f3nde ver el partido de LaLiga en TV\">Sunday, 16:15 CEST<\/a>). The 23-year-old midfielder left the match against <a data-external=\"0\" data-intl-links-en=\"https:\/\/www.fcbarcelonanoticias.com\/en\/champions-league\/alarm-in-barcelona-pedri-leaves-injured-in-prague_315817_102.html\" data-intl-links-es=\"https:\/\/www.fcbarcelonanoticias.com\/champions-league\/alarma-en-barcelona-pedri-gonzalez-marcha-lesionado-slavia_315817_102.html\" href=\"https:\/\/www.fcbarcelonanoticias.com\/en\/champions-league\/alarm-in-barcelona-pedri-leaves-injured-in-prague_315817_102.html\" rel=\"follow\" target=\"_self\" title=\"Alarma en Barcelona: Pedri Gonz\u00e1lez se marcha lesionado ante el Slavia\">Slavia Prague (2-4)<\/a> injured in the 21st minute last Wednesday in the Czech Republic.<\/p>  <p>After undergoing medical tests at the Ciutat Esportiva, the club confirmed that the &#8216;8&#8217; is suffering from<strong> a right hamstring injury<\/strong>, this being the second significant injury suffered by the Tegueste native this season.&nbsp;<\/p>  <p>Pedri missed four games in November (<strong>two league and two Champions League<\/strong>) due to <a data-external=\"0\" data-intl-links-en=\"https:\/\/www.fcbarcelonanoticias.com\/en\/fc-barcelona\/pedri-breaks-down-barcelona-confirms-midfielder-injury_315145_102.html\" data-intl-links-es=\"https:\/\/www.fcbarcelonanoticias.com\/fc-barcelona\/pedri-gonzalez-ko-comunicado-medico-barcelona-confirma-su-lesion_315145_102.html\" href=\"https:\/\/www.fcbarcelonanoticias.com\/en\/fc-barcelona\/pedri-breaks-down-barcelona-confirms-midfielder-injury_315145_102.html\" rel=\"follow\" target=\"_self\" title=\"Pedri Gonz\u00e1lez KO: Comunicado m\u00e9dico del Barcelona confirma su lesi\u00f3n\">a tear in the distal biceps femoris of his left leg<\/a>, which prevented him from playing against Bruges, Celta, Chelsea, and Athletic. Later, against Villarreal in the last game of 2025, he was <a data-external=\"0\" data-intl-links-en=\"https:\/\/www.fcbarcelonanoticias.com\/en\/laliga\/flick-confirms-pedri-absence-and-reveals-his-future-at-barca_315581_102.html\" data-intl-links-es=\"https:\/\/www.fcbarcelonanoticias.com\/laliga\/flick-confirma-baja-pedri-villarreal-desvela-clave-renovacion-con-barca_315581_102.html\" href=\"https:\/\/www.fcbarcelonanoticias.com\/en\/laliga\/flick-confirms-pedri-absence-and-reveals-his-future-at-barca_315581_102.html\" rel=\"follow\" target=\"_self\" title=\"Flick confirma la baja de Pedri ante Villarreal y desvela la clave de su renovaci\u00f3n con el Bar\u00e7a\">ruled out as a precaution<\/a> due to calf discomfort&nbsp;<\/p>  <h2>How many games will Pedri miss for Barcelona?<\/h2>  <p>Now, the Spanish international <strong>will be out for around four weeks with Bar\u00e7a<\/strong>, according to the prognosis issued by the club&#8217;s doctors. This will force him to miss, at a minimum, <strong>the next 6 official matches<\/strong> for the Blaugrana team, while awaiting the definition of their future in the Champions League and Copa del Rey<\/p>  <p>After Sunday&#8217;s match against <strong>Oviedo<\/strong>, the Catalans will host <strong>Copenhagen<\/strong> (Wednesday the 28th) on the final matchday of the Champions League group stage. If Bar\u00e7a wins, <a data-external=\"0\" data-intl-links-en=\"https:\/\/www.fcbarcelonanoticias.com\/en\/champions-league\/barcelona-accounts-to-enter-champions-league-top-8_315819_102.html\" data-intl-links-es=\"https:\/\/www.fcbarcelonanoticias.com\/champions-league\/cuentas-barcelona-entrar-top-8-champions_315819_102.html\" href=\"https:\/\/www.fcbarcelonanoticias.com\/en\/champions-league\/barcelona-accounts-to-enter-champions-league-top-8_315819_102.html\" rel=\"follow\" target=\"_self\" title=\"Las cuentas del Barcelona para entrar al TOP-8 de Champions\">it is very likely they will advance directly to the round of 16<\/a> by entering the TOP-8 in the overall standings. Otherwise, Hansi Flick&#8217;s team would play the &#8216;play-off&#8217; between February 17th and 25th<\/p>  <p>Pedri would miss at least the first leg of the playoff in that case. Furthermore, the &#8216;8&#8217; is ruled out for the league matches against Elche (in Alicante), Mallorca (at Camp Nou), and Girona (at Montilivi). The midfielder will also not play in the Copa del Rey quarter-final tie against Albacete on February 3.If Bar\u00e7a defeats the Manchego team, they would have to play ** the first leg of the semifinals the following week**, another match in which the Canary Islander would be absent. In the worst-case scenario, the 23-year-old player could miss 8 matches in late January and the bulk of the February schedule.<\/p>  <h2>Bar\u00e7a sets the return date for Pedri Gonz\u00e1lez<\/h2>  <p>In principle, Barcelona expects to keep Pedri Gonz\u00e1lez sidelined for a month. If this forecast holds true, the midfielder would reappear in the 25th round of La Liga, the last weekend of February (23-24) against **Levante** at Spotify Camp Nou. The &#8216;8&#8217; has scored 2 goals and provided 8 assists in 25 games (1,820 minutes) this season for Flick&#8217;s team<\/p>  <p>The German coach considers him a key piece in his system, but he will not force his return, far from it, with a Bar\u00e7a that needs the &#8216;8&#8217; at full strength for the final stretch of the season. <strong>Last season, Pedri only missed one game due to gastroenteritis<\/strong> (in the league against Valencia), which was his only season without muscular injuries since his arrival at Can Bar\u00e7a in the summer of 2020.<\/p>  <h2>Upcoming FC Barcelona Matches<\/h2>  <ol> <li>January 25: vs&nbsp;<strong>Real Oviedo<\/strong>&nbsp;at Camp Nou, LaLiga matchday 21.<\/li> \t<li>January 28: vs&nbsp;<strong>Copenhagen&nbsp;<\/strong>at Camp Nou, Champions League matchday 8.<\/li> \t<li>January 31: vs&nbsp;<strong>Elche&nbsp;<\/strong>in Alicante,&nbsp;LaLiga matchday 22.<\/li> \t<li>February 03: vs&nbsp;<strong>Albacete&nbsp;<\/strong>in Castilla-La Mancha, Copa del Rey quarter-finals.<\/li> \t<li>February 07: vs <strong>Mallorca&nbsp;<\/strong>at Camp Nou, LaLiga matchday 23.<\/li> \t<li>To be determined: vs <strong>Girona&nbsp;<\/strong>at Montilivi, LaLiga matchday 24.<\/li> \t<li>To be determined: vs <strong>Levante <\/strong>at Camp Nou, LaLiga matchday 25.<\/li> <\/ol> ","protected":false},"excerpt":{"rendered":"<p>Barcelona confirmed the absence of Pedri Gonz\u00e1lez for the match against Oviedo. The midfielder suffered a right hamstring injury on Wednesday against Slavia Prague Pedri Gonz\u00e1lez will be out for FC Barcelona in matchday 21 of LaLiga EA Sports 2025\/26, against Real Oviedo at the Spotify Camp Nou (Sunday, 16:15 CEST). The 23-year-old midfielder left [&hellip;]<\/p>\n","protected":false},"author":347,"featured_media":108378,"comment_status":"closed","ping_status":"open","sticky":false,"template":"","format":"standard","meta":{"_acf_changed":false,"inline_featured_image":false,"_nextfly_llmd_date_locked":false,"footnotes":""},"categories":[111],"tags":[136,149,464],"class_list":["post-108370","post","type-post","status-publish","format-standard","has-post-thumbnail","hentry","category-fc-barcelona","tag-injured","tag-pedri","tag-pedri-2"],"acf":[],"yoast_head":"<!-- This site is optimized with the Yoast SEO plugin v27.3 - https:\/\/yoast.com\/product\/yoast-seo-wordpress\/ -->\n<title>Pedri injured: how many games will he miss with Bar\u00e7a<\/title>\n<meta name=\"description\" content=\"Barcelona confirmed the absence of Pedri Gonz\u00e1lez for the match against Oviedo. The midfielder suffered a right hamstring injury\" \/>\n<meta name=\"robots\" content=\"index, follow, max-snippet:-1, max-image-preview:large, max-video-preview:-1\" \/>\n<link rel=\"canonical\" href=\"https:\/\/www.fcbarcelonanoticias.com\/en\/fc-barcelona\/pedri-injured-how-many-games-will-he-miss-with-barca_315826_102.html\" \/>\n<meta property=\"og:locale\" content=\"en_US\" \/>\n<meta property=\"og:type\" content=\"article\" \/>\n<meta property=\"og:title\" content=\"Pedri injured: how many games will he miss with Bar\u00e7a\" \/>\n<meta property=\"og:description\" content=\"Barcelona confirmed the absence of Pedri Gonz\u00e1lez for the match against Oviedo. The midfielder suffered a right hamstring injury\" \/>\n<meta property=\"og:url\" content=\"https:\/\/www.fcbarcelonanoticias.com\/en\/fc-barcelona\/pedri-injured-how-many-games-will-he-miss-with-barca_315826_102.html\" \/>\n<meta property=\"og:site_name\" content=\"EN - FC Barcelona Noticias\" \/>\n<meta property=\"article:published_time\" content=\"2026-01-24T18:44:00+00:00\" \/>\n<meta property=\"og:image\" content=\"https:\/\/www.fcbarcelonanoticias.com\/en\/wp-content\/uploads\/sites\/2\/2026\/01\/pedri-gonzalez-v-atletico-laliga-25-26.jpeg\" \/>\n\t<meta property=\"og:image:width\" content=\"1300\" \/>\n\t<meta property=\"og:image:height\" content=\"732\" \/>\n\t<meta property=\"og:image:type\" content=\"image\/jpeg\" \/>\n<meta name=\"author\" content=\"Andr\u00e9s Quiroz\" \/>\n<meta name=\"twitter:card\" content=\"summary_large_image\" \/>\n<meta name=\"twitter:label1\" content=\"Written by\" \/>\n\t<meta name=\"twitter:data1\" content=\"Andr\u00e9s Quiroz\" \/>\n\t<meta name=\"twitter:label2\" content=\"Est. reading time\" \/>\n\t<meta name=\"twitter:data2\" content=\"3 minutes\" \/>\n<script type=\"application\/ld+json\" class=\"yoast-schema-graph\">{\"@context\":\"https:\\\/\\\/schema.org\",\"@graph\":[{\"@type\":\"Article\",\"@id\":\"https:\\\/\\\/www.fcbarcelonanoticias.com\\\/en\\\/fc-barcelona\\\/pedri-injured-how-many-games-will-he-miss-with-barca_315826_102.html#article\",\"isPartOf\":{\"@id\":\"https:\\\/\\\/www.fcbarcelonanoticias.com\\\/en\\\/fc-barcelona\\\/pedri-injured-how-many-games-will-he-miss-with-barca_315826_102.html\"},\"author\":{\"name\":\"Andr\u00e9s Quiroz\",\"@id\":\"https:\\\/\\\/www.fcbarcelonanoticias.com\\\/en\\\/#\\\/schema\\\/person\\\/c2cd9f6fa1af5c0d0eccd0fefa575c88\"},\"headline\":\"Pedri Gonz\u00e1lez KO: injury and time out for Bar\u00e7a&#8217;s midfielder\",\"datePublished\":\"2026-01-24T18:44:00+00:00\",\"mainEntityOfPage\":{\"@id\":\"https:\\\/\\\/www.fcbarcelonanoticias.com\\\/en\\\/fc-barcelona\\\/pedri-injured-how-many-games-will-he-miss-with-barca_315826_102.html\"},\"wordCount\":619,\"image\":{\"@id\":\"https:\\\/\\\/www.fcbarcelonanoticias.com\\\/en\\\/fc-barcelona\\\/pedri-injured-how-many-games-will-he-miss-with-barca_315826_102.html#primaryimage\"},\"thumbnailUrl\":\"https:\\\/\\\/www.fcbarcelonanoticias.com\\\/en\\\/wp-content\\\/uploads\\\/sites\\\/2\\\/2026\\\/01\\\/pedri-gonzalez-v-atletico-laliga-25-26.jpeg\",\"keywords\":[\"injured\",\"Pedri\",\"Pedri\"],\"articleSection\":[\"FC Barcelona\"],\"inLanguage\":\"en-US\"},{\"@type\":\"WebPage\",\"@id\":\"https:\\\/\\\/www.fcbarcelonanoticias.com\\\/en\\\/fc-barcelona\\\/pedri-injured-how-many-games-will-he-miss-with-barca_315826_102.html\",\"url\":\"https:\\\/\\\/www.fcbarcelonanoticias.com\\\/en\\\/fc-barcelona\\\/pedri-injured-how-many-games-will-he-miss-with-barca_315826_102.html\",\"name\":\"Pedri injured: how many games will he miss with Bar\u00e7a\",\"isPartOf\":{\"@id\":\"https:\\\/\\\/www.fcbarcelonanoticias.com\\\/en\\\/#website\"},\"primaryImageOfPage\":{\"@id\":\"https:\\\/\\\/www.fcbarcelonanoticias.com\\\/en\\\/fc-barcelona\\\/pedri-injured-how-many-games-will-he-miss-with-barca_315826_102.html#primaryimage\"},\"image\":{\"@id\":\"https:\\\/\\\/www.fcbarcelonanoticias.com\\\/en\\\/fc-barcelona\\\/pedri-injured-how-many-games-will-he-miss-with-barca_315826_102.html#primaryimage\"},\"thumbnailUrl\":\"https:\\\/\\\/www.fcbarcelonanoticias.com\\\/en\\\/wp-content\\\/uploads\\\/sites\\\/2\\\/2026\\\/01\\\/pedri-gonzalez-v-atletico-laliga-25-26.jpeg\",\"datePublished\":\"2026-01-24T18:44:00+00:00\",\"author\":{\"@id\":\"https:\\\/\\\/www.fcbarcelonanoticias.com\\\/en\\\/#\\\/schema\\\/person\\\/c2cd9f6fa1af5c0d0eccd0fefa575c88\"},\"description\":\"Barcelona confirmed the absence of Pedri Gonz\u00e1lez for the match against Oviedo. The midfielder suffered a right hamstring injury\",\"breadcrumb\":{\"@id\":\"https:\\\/\\\/www.fcbarcelonanoticias.com\\\/en\\\/fc-barcelona\\\/pedri-injured-how-many-games-will-he-miss-with-barca_315826_102.html#breadcrumb\"},\"inLanguage\":\"en-US\",\"potentialAction\":[{\"@type\":\"ReadAction\",\"target\":[\"https:\\\/\\\/www.fcbarcelonanoticias.com\\\/en\\\/fc-barcelona\\\/pedri-injured-how-many-games-will-he-miss-with-barca_315826_102.html\"]}]},{\"@type\":\"ImageObject\",\"inLanguage\":\"en-US\",\"@id\":\"https:\\\/\\\/www.fcbarcelonanoticias.com\\\/en\\\/fc-barcelona\\\/pedri-injured-how-many-games-will-he-miss-with-barca_315826_102.html#primaryimage\",\"url\":\"https:\\\/\\\/www.fcbarcelonanoticias.com\\\/en\\\/wp-content\\\/uploads\\\/sites\\\/2\\\/2026\\\/01\\\/pedri-gonzalez-v-atletico-laliga-25-26.jpeg\",\"contentUrl\":\"https:\\\/\\\/www.fcbarcelonanoticias.com\\\/en\\\/wp-content\\\/uploads\\\/sites\\\/2\\\/2026\\\/01\\\/pedri-gonzalez-v-atletico-laliga-25-26.jpeg\",\"width\":1300,\"height\":732},{\"@type\":\"BreadcrumbList\",\"@id\":\"https:\\\/\\\/www.fcbarcelonanoticias.com\\\/en\\\/fc-barcelona\\\/pedri-injured-how-many-games-will-he-miss-with-barca_315826_102.html#breadcrumb\",\"itemListElement\":[{\"@type\":\"ListItem\",\"position\":1,\"name\":\"Portada\",\"item\":\"https:\\\/\\\/www.fcbarcelonanoticias.com\\\/en\\\/\"},{\"@type\":\"ListItem\",\"position\":2,\"name\":\"Pedri Gonz\u00e1lez KO: injury and time out for Bar\u00e7a&#8217;s midfielder\"}]},{\"@type\":\"WebSite\",\"@id\":\"https:\\\/\\\/www.fcbarcelonanoticias.com\\\/en\\\/#website\",\"url\":\"https:\\\/\\\/www.fcbarcelonanoticias.com\\\/en\\\/\",\"name\":\"EN - FC Barcelona Noticias\",\"description\":\"\",\"potentialAction\":[{\"@type\":\"SearchAction\",\"target\":{\"@type\":\"EntryPoint\",\"urlTemplate\":\"https:\\\/\\\/www.fcbarcelonanoticias.com\\\/en\\\/?s={search_term_string}\"},\"query-input\":{\"@type\":\"PropertyValueSpecification\",\"valueRequired\":true,\"valueName\":\"search_term_string\"}}],\"inLanguage\":\"en-US\"},{\"@type\":\"Person\",\"@id\":\"https:\\\/\\\/www.fcbarcelonanoticias.com\\\/en\\\/#\\\/schema\\\/person\\\/c2cd9f6fa1af5c0d0eccd0fefa575c88\",\"name\":\"Andr\u00e9s Quiroz\",\"image\":{\"@type\":\"ImageObject\",\"inLanguage\":\"en-US\",\"@id\":\"https:\\\/\\\/secure.gravatar.com\\\/avatar\\\/?s=96&d=mm&r=g\",\"url\":\"https:\\\/\\\/secure.gravatar.com\\\/avatar\\\/?s=96&d=mm&r=g\",\"contentUrl\":\"https:\\\/\\\/secure.gravatar.com\\\/avatar\\\/?s=96&d=mm&r=g\",\"caption\":\"Andr\u00e9s Quiroz\"},\"description\":\"Licenciado en Periodismo por la Universidad de los Andes. Me encargo de analizar y compartir los contenidos m\u00e1s destacados de la\u00a0actualidad del F\u00fatbol Club Barcelona, Mercado de Fichajes y F\u00fatbol Internacional en FCBN. La informaci\u00f3n es poder, pero tambi\u00e9n conocimiento.\",\"url\":\"https:\\\/\\\/www.fcbarcelonanoticias.com\\\/en\\\/fc-barcelona\\\/andres-quiroz_17_115.html\"}]}<\/script>\n<!-- \/ Yoast SEO plugin. -->","yoast_head_json":{"title":"Pedri injured: how many games will he miss with Bar\u00e7a","description":"Barcelona confirmed the absence of Pedri Gonz\u00e1lez for the match against Oviedo. The midfielder suffered a right hamstring injury","robots":{"index":"index","follow":"follow","max-snippet":"max-snippet:-1","max-image-preview":"max-image-preview:large","max-video-preview":"max-video-preview:-1"},"canonical":"https:\/\/www.fcbarcelonanoticias.com\/en\/fc-barcelona\/pedri-injured-how-many-games-will-he-miss-with-barca_315826_102.html","og_locale":"en_US","og_type":"article","og_title":"Pedri injured: how many games will he miss with Bar\u00e7a","og_description":"Barcelona confirmed the absence of Pedri Gonz\u00e1lez for the match against Oviedo. The midfielder suffered a right hamstring injury","og_url":"https:\/\/www.fcbarcelonanoticias.com\/en\/fc-barcelona\/pedri-injured-how-many-games-will-he-miss-with-barca_315826_102.html","og_site_name":"EN - FC Barcelona Noticias","article_published_time":"2026-01-24T18:44:00+00:00","og_image":[{"width":1300,"height":732,"url":"https:\/\/www.fcbarcelonanoticias.com\/en\/wp-content\/uploads\/sites\/2\/2026\/01\/pedri-gonzalez-v-atletico-laliga-25-26.jpeg","type":"image\/jpeg"}],"author":"Andr\u00e9s Quiroz","twitter_card":"summary_large_image","twitter_misc":{"Written by":"Andr\u00e9s Quiroz","Est. reading time":"3 minutes"},"schema":{"@context":"https:\/\/schema.org","@graph":[{"@type":"Article","@id":"https:\/\/www.fcbarcelonanoticias.com\/en\/fc-barcelona\/pedri-injured-how-many-games-will-he-miss-with-barca_315826_102.html#article","isPartOf":{"@id":"https:\/\/www.fcbarcelonanoticias.com\/en\/fc-barcelona\/pedri-injured-how-many-games-will-he-miss-with-barca_315826_102.html"},"author":{"name":"Andr\u00e9s Quiroz","@id":"https:\/\/www.fcbarcelonanoticias.com\/en\/#\/schema\/person\/c2cd9f6fa1af5c0d0eccd0fefa575c88"},"headline":"Pedri Gonz\u00e1lez KO: injury and time out for Bar\u00e7a&#8217;s midfielder","datePublished":"2026-01-24T18:44:00+00:00","mainEntityOfPage":{"@id":"https:\/\/www.fcbarcelonanoticias.com\/en\/fc-barcelona\/pedri-injured-how-many-games-will-he-miss-with-barca_315826_102.html"},"wordCount":619,"image":{"@id":"https:\/\/www.fcbarcelonanoticias.com\/en\/fc-barcelona\/pedri-injured-how-many-games-will-he-miss-with-barca_315826_102.html#primaryimage"},"thumbnailUrl":"https:\/\/www.fcbarcelonanoticias.com\/en\/wp-content\/uploads\/sites\/2\/2026\/01\/pedri-gonzalez-v-atletico-laliga-25-26.jpeg","keywords":["injured","Pedri","Pedri"],"articleSection":["FC Barcelona"],"inLanguage":"en-US"},{"@type":"WebPage","@id":"https:\/\/www.fcbarcelonanoticias.com\/en\/fc-barcelona\/pedri-injured-how-many-games-will-he-miss-with-barca_315826_102.html","url":"https:\/\/www.fcbarcelonanoticias.com\/en\/fc-barcelona\/pedri-injured-how-many-games-will-he-miss-with-barca_315826_102.html","name":"Pedri injured: how many games will he miss with Bar\u00e7a","isPartOf":{"@id":"https:\/\/www.fcbarcelonanoticias.com\/en\/#website"},"primaryImageOfPage":{"@id":"https:\/\/www.fcbarcelonanoticias.com\/en\/fc-barcelona\/pedri-injured-how-many-games-will-he-miss-with-barca_315826_102.html#primaryimage"},"image":{"@id":"https:\/\/www.fcbarcelonanoticias.com\/en\/fc-barcelona\/pedri-injured-how-many-games-will-he-miss-with-barca_315826_102.html#primaryimage"},"thumbnailUrl":"https:\/\/www.fcbarcelonanoticias.com\/en\/wp-content\/uploads\/sites\/2\/2026\/01\/pedri-gonzalez-v-atletico-laliga-25-26.jpeg","datePublished":"2026-01-24T18:44:00+00:00","author":{"@id":"https:\/\/www.fcbarcelonanoticias.com\/en\/#\/schema\/person\/c2cd9f6fa1af5c0d0eccd0fefa575c88"},"description":"Barcelona confirmed the absence of Pedri Gonz\u00e1lez for the match against Oviedo. The midfielder suffered a right hamstring injury","breadcrumb":{"@id":"https:\/\/www.fcbarcelonanoticias.com\/en\/fc-barcelona\/pedri-injured-how-many-games-will-he-miss-with-barca_315826_102.html#breadcrumb"},"inLanguage":"en-US","potentialAction":[{"@type":"ReadAction","target":["https:\/\/www.fcbarcelonanoticias.com\/en\/fc-barcelona\/pedri-injured-how-many-games-will-he-miss-with-barca_315826_102.html"]}]},{"@type":"ImageObject","inLanguage":"en-US","@id":"https:\/\/www.fcbarcelonanoticias.com\/en\/fc-barcelona\/pedri-injured-how-many-games-will-he-miss-with-barca_315826_102.html#primaryimage","url":"https:\/\/www.fcbarcelonanoticias.com\/en\/wp-content\/uploads\/sites\/2\/2026\/01\/pedri-gonzalez-v-atletico-laliga-25-26.jpeg","contentUrl":"https:\/\/www.fcbarcelonanoticias.com\/en\/wp-content\/uploads\/sites\/2\/2026\/01\/pedri-gonzalez-v-atletico-laliga-25-26.jpeg","width":1300,"height":732},{"@type":"BreadcrumbList","@id":"https:\/\/www.fcbarcelonanoticias.com\/en\/fc-barcelona\/pedri-injured-how-many-games-will-he-miss-with-barca_315826_102.html#breadcrumb","itemListElement":[{"@type":"ListItem","position":1,"name":"Portada","item":"https:\/\/www.fcbarcelonanoticias.com\/en\/"},{"@type":"ListItem","position":2,"name":"Pedri Gonz\u00e1lez KO: injury and time out for Bar\u00e7a&#8217;s midfielder"}]},{"@type":"WebSite","@id":"https:\/\/www.fcbarcelonanoticias.com\/en\/#website","url":"https:\/\/www.fcbarcelonanoticias.com\/en\/","name":"EN - FC Barcelona Noticias","description":"","potentialAction":[{"@type":"SearchAction","target":{"@type":"EntryPoint","urlTemplate":"https:\/\/www.fcbarcelonanoticias.com\/en\/?s={search_term_string}"},"query-input":{"@type":"PropertyValueSpecification","valueRequired":true,"valueName":"search_term_string"}}],"inLanguage":"en-US"},{"@type":"Person","@id":"https:\/\/www.fcbarcelonanoticias.com\/en\/#\/schema\/person\/c2cd9f6fa1af5c0d0eccd0fefa575c88","name":"Andr\u00e9s Quiroz","image":{"@type":"ImageObject","inLanguage":"en-US","@id":"https:\/\/secure.gravatar.com\/avatar\/?s=96&d=mm&r=g","url":"https:\/\/secure.gravatar.com\/avatar\/?s=96&d=mm&r=g","contentUrl":"https:\/\/secure.gravatar.com\/avatar\/?s=96&d=mm&r=g","caption":"Andr\u00e9s Quiroz"},"description":"Licenciado en Periodismo por la Universidad de los Andes. Me encargo de analizar y compartir los contenidos m\u00e1s destacados de la\u00a0actualidad del F\u00fatbol Club Barcelona, Mercado de Fichajes y F\u00fatbol Internacional en FCBN. La informaci\u00f3n es poder, pero tambi\u00e9n conocimiento.","url":"https:\/\/www.fcbarcelonanoticias.com\/en\/fc-barcelona\/andres-quiroz_17_115.html"}]}},"_links":{"self":[{"href":"https:\/\/www.fcbarcelonanoticias.com\/en\/wp-json\/wp\/v2\/posts\/108370","targetHints":{"allow":["GET"]}}],"collection":[{"href":"https:\/\/www.fcbarcelonanoticias.com\/en\/wp-json\/wp\/v2\/posts"}],"about":[{"href":"https:\/\/www.fcbarcelonanoticias.com\/en\/wp-json\/wp\/v2\/types\/post"}],"author":[{"embeddable":true,"href":"https:\/\/www.fcbarcelonanoticias.com\/en\/wp-json\/wp\/v2\/users\/347"}],"replies":[{"embeddable":true,"href":"https:\/\/www.fcbarcelonanoticias.com\/en\/wp-json\/wp\/v2\/comments?post=108370"}],"version-history":[{"count":1,"href":"https:\/\/www.fcbarcelonanoticias.com\/en\/wp-json\/wp\/v2\/posts\/108370\/revisions"}],"predecessor-version":[{"id":148420,"href":"https:\/\/www.fcbarcelonanoticias.com\/en\/wp-json\/wp\/v2\/posts\/108370\/revisions\/148420"}],"wp:featuredmedia":[{"embeddable":true,"href":"https:\/\/www.fcbarcelonanoticias.com\/en\/wp-json\/wp\/v2\/media\/108378"}],"wp:attachment":[{"href":"https:\/\/www.fcbarcelonanoticias.com\/en\/wp-json\/wp\/v2\/media?parent=108370"}],"wp:term":[{"taxonomy":"category","embeddable":true,"href":"https:\/\/www.fcbarcelonanoticias.com\/en\/wp-json\/wp\/v2\/categories?post=108370"},{"taxonomy":"post_tag","embeddable":true,"href":"https:\/\/www.fcbarcelonanoticias.com\/en\/wp-json\/wp\/v2\/tags?post=108370"}],"curies":[{"name":"wp","href":"https:\/\/api.w.org\/{rel}","templated":true}]}}