{"id":108466,"date":"2024-01-02T20:30:00","date_gmt":"2024-01-02T19:30:00","guid":{"rendered":"https:\/\/weisetech.dev\/fc-barcelona-noticias\/en\/pedri-gets-wet-about-injuries-makes-it-clear-there-are-things-that-have-bothered_299545_102\/"},"modified":"2024-01-02T23:03:00","modified_gmt":"2024-01-02T22:03:00","slug":"pedri-gets-wet-about-injuries-makes-it-clear-there-are-things-that-have-bothered_299545_102","status":"publish","type":"post","link":"https:\/\/www.fcbarcelonanoticias.com\/en\/fc-barcelona\/pedri-gets-wet-about-injuries-makes-it-clear-there-are-things-that-have-bothered_299545_102.html","title":{"rendered":"Pedri gets &#8216;wet&#8217; about his injuries and makes it clear that there are things that have bothered him"},"content":{"rendered":"<h2 class=\"wp-block-heading\">Pedri chatted this Tuesday with Ibai Llanos on Twitch about the current situation of FC Barcelona and the Spanish National Team. For the cul\u00e9 midfielder, there is still enough League left to come back, although the start of the season has been &#8220;difficult&#8221;<\/h2>  \r\n<div class=\"article-addons\">\r\n    <a href=\"https:\/\/www.fcbarcelonanoticias.com\/en\/calendar-fc-barcelona.html\"\r\n       target=\"_self\"\r\n       title=\"Calendar of FC Barcelona\"\r\n       class=\"blue-gredient-btn\">\r\n       \r\n        Calendar of FC Barcelona    <\/a>\r\n<\/div>   <p>The 2024 began with a very expected interview by the fanatical of the FC Barcelona. Pedri Gathered the Tuesday with Ibai Flat to converse in his channel of Twitch on all the actuality of the Barcelona group and <strong>how has faced a beginning of season very complicated <a data-external=\"0\" data-intl-links-en=\"https:\/\/www.fcbarcelonanoticias.com\/en\/supercopa-of-spain\/the-barca-resist-to-descartar-to-pedri-for-the-supercopa-of-spain_299494_102.html\" data-intl-links-es=\"https:\/\/www.fcbarcelonanoticias.com\/supercopa-de-espana\/barca-se-resiste-descartar-pedri-supercopa-espana_299494_102.html\" href=\"https:\/\/www.fcbarcelonanoticias.com\/en\/supercopa-of-spain\/the-barca-resist-to-descartar-to-pedri-for-the-supercopa-of-spain_299494_102.html\" rel=\"follow\" target=\"_self\" title=\"El Bar\u00e7a se 'resiste' a descartar a Pedri para la Supercopa de Espa\u00f1a\">because of the injuries<\/a><\/strong>. In the beginning of the interview, the Canarian explained how is working to go out of the physical pothole that has mermado his performance so much in the two last years.<\/p>  <p>&#8220;My first season was largu\u00edsima (the 20\/21). I played 73 parties. It can that it have affected, but had win to eat me the world. <strong>All the world says that when have the first injury can reproduce , but am working physical and mentally so that it do not repeat . I have changed the diet and have gone to pilates<\/strong>. It recommended it to me Puyol. The people thinks that is a thing of women, but is not like this. It is something that goes very well&#8221;, said the Canarian player.<\/p>  <h2>The balance of the season for Pedri<\/h2>  <p>On the actuality cul\u00e9, the player of 21 years did not doubt in doing self-criticism by the results achieved in the first part of the season. <strong>&#8220;In LaLiga are not as it would like us. The Real Madrid and the Girona is to seven points. The past year were to these almost equal heights and deleted of the Champions<\/strong>. LaLiga Is very long and can trace back&#8221;, said the mediocentro cul\u00e9.<\/p>  <p>To his time, the &#8216;8&#8217; of the Bar\u00e7a recognised the complex that has been up to now the course 23\/24. <strong>&#8220;They are not the best moments. <a data-external=\"0\" data-intl-links-en=\"https:\/\/www.fcbarcelonanoticias.com\/en\/fc-barcelona\/mandatory-mission-pedri-cara-2024_299501_102.html\" data-intl-links-es=\"https:\/\/www.fcbarcelonanoticias.com\/fc-barcelona\/mision-obligatoria-pedri-cara-2024_299501_102.html\" href=\"https:\/\/www.fcbarcelonanoticias.com\/en\/fc-barcelona\/mandatory-mission-pedri-cara-2024_299501_102.html\" rel=\"follow\" target=\"_self\" title=\"La misi\u00f3n obligatoria de Pedri de cara al 2024\">It has been a year complicated<\/a>, but well. I come to be in Tenerife, with the family<\/strong>. For me they are the best moments when you are home with the family. If it withdrew me now, it would go me to live in Tenerife, but Barcelona has of everything&#8221;, said the one of Tegueste.<\/p>  <h2>Pedri And the changing room, to &#8216;death&#8217; with Xavi<\/h2>  <p>On the rumours on an internal crisis in the changing room and the doubts on the continuity of Xavi, the mediocentro Barcelona was cutting when affirming that the staff keeps always to the margin of the rumours. <strong>&#8220;When it speaks of the trainer, does not comment in the changing room. We are more in the day in day out. <a data-external=\"0\" data-intl-links-en=\"https:\/\/www.fcbarcelonanoticias.com\/en\/club\/laporta-follows-having-total-faith-in-xavi-in-spite-of-the-crisis-of-the-barca-and-the-rumorologia_299135_102.html\" data-intl-links-es=\"https:\/\/www.fcbarcelonanoticias.com\/club\/laporta-sigue-teniendo-fe-total-en-xavi-pese-crisis-barca-rumorologia_299135_102.html\" href=\"https:\/\/www.fcbarcelonanoticias.com\/en\/club\/laporta-follows-having-total-faith-in-xavi-in-spite-of-the-crisis-of-the-barca-and-the-rumorologia_299135_102.html\" rel=\"follow\" target=\"_self\" title=\"Laporta sigue teniendo fe total en Xavi pese a la crisis del Bar\u00e7a y la rumorolog\u00eda\">Xavi is the trainer that want<\/a> and are with him to tope&#8221;<\/strong>, explained Pedri.<\/p>  <p>Besides, it added: &#8220;they do not like me a lot the press conferences because it is very violent. <strong>There are a lot of journalists that are expecting that you say something. There are moments that do not know what answer and do not know if you have wrapped it&#8221;<\/strong>. In this sense, remembered some appearances of the press regarding the handle of information that have bothered him this season.<\/p>  <p><strong>&#8220;They have bothered me a lot of things. Your fellow Gerard Romero said that I had fear to play and give him with the right and this is not true. Never I have said him this to Xavi.<\/strong> Have the luck that when I go in to the field forget me. I do not think in the injuries that have had&#8221;, sentenced the international Spanish in his talk with Ibai.<\/p>  <h2>Pedri Leaves clear which appearances of the game has to improve<\/h2>  <p>On the other hand, the &#8216;8&#8217; cul\u00e9 referred to his weak points in the field. &#8220;<strong>I have improved my relation with the goal, but would like me improve more, because mark goals is very good-looking. It is rare to mark a goal.<\/strong> All the world is euphoric and do not know that do. Now already I have a celebration, but at the beginning did not know what do. You see to the others that run to the corner and remains them well, but think. To me also it will remain me well?&#8221;, it argued the one of Tegueste.<\/p> ","protected":false},"excerpt":{"rendered":"<p>Pedri chatted this Tuesday with Ibai Llanos on Twitch about the current situation of FC Barcelona and the Spanish National Team. For the cul\u00e9 midfielder, there is still enough League left to come back, although the start of the season has been &#8220;difficult&#8221; The 2024 began with a very expected interview by the fanatical of [&hellip;]<\/p>\n","protected":false},"author":347,"featured_media":108473,"comment_status":"closed","ping_status":"open","sticky":false,"template":"","format":"standard","meta":{"_acf_changed":false,"inline_featured_image":false,"_nextfly_llmd_date_locked":false,"footnotes":""},"categories":[111],"tags":[48],"class_list":["post-108466","post","type-post","status-publish","format-standard","has-post-thumbnail","hentry","category-fc-barcelona","tag-xavi-hernandez"],"acf":[],"yoast_head":"<!-- This site is optimized with the Yoast SEO plugin v27.3 - https:\/\/yoast.com\/product\/yoast-seo-wordpress\/ -->\n<title>Pedri gets &#039;wet&#039; about his injuries and makes it clear that there are things that have bothered him<\/title>\n<meta name=\"description\" content=\"Pedri chatted this Tuesday with Ibai Llanos on Twitch about the current situation of FC Barcelona and the Spanish National Team. For the cul\u00e9 midfielder, there is still enough League left to come back, although the start of the season has been &quot;difficult&quot;\" \/>\n<meta name=\"robots\" content=\"index, follow, max-snippet:-1, max-image-preview:large, max-video-preview:-1\" \/>\n<link rel=\"canonical\" href=\"https:\/\/www.fcbarcelonanoticias.com\/en\/fc-barcelona\/pedri-gets-wet-about-injuries-makes-it-clear-there-are-things-that-have-bothered_299545_102.html\" \/>\n<meta property=\"og:locale\" content=\"en_US\" \/>\n<meta property=\"og:type\" content=\"article\" \/>\n<meta property=\"og:title\" content=\"Pedri gets &#039;wet&#039; about his injuries and makes it clear that there are things that have bothered him\" \/>\n<meta property=\"og:description\" content=\"Pedri chatted this Tuesday with Ibai Llanos on Twitch about the current situation of FC Barcelona and the Spanish National Team. For the cul\u00e9 midfielder, there is still enough League left to come back, although the start of the season has been &quot;difficult&quot;\" \/>\n<meta property=\"og:url\" content=\"https:\/\/www.fcbarcelonanoticias.com\/en\/fc-barcelona\/pedri-gets-wet-about-injuries-makes-it-clear-there-are-things-that-have-bothered_299545_102.html\" \/>\n<meta property=\"og:site_name\" content=\"EN - FC Barcelona Noticias\" \/>\n<meta property=\"article:published_time\" content=\"2024-01-02T19:30:00+00:00\" \/>\n<meta property=\"article:modified_time\" content=\"2024-01-02T22:03:00+00:00\" \/>\n<meta property=\"og:image\" content=\"https:\/\/www.fcbarcelonanoticias.com\/en\/wp-content\/uploads\/sites\/2\/2024\/01\/pedri-gonzalez-en-el-duelo-del-barca-ante-el-rayo-vallecano-en-laliga.png\" \/>\n\t<meta property=\"og:image:width\" content=\"1300\" \/>\n\t<meta property=\"og:image:height\" content=\"732\" \/>\n\t<meta property=\"og:image:type\" content=\"image\/png\" \/>\n<meta name=\"author\" content=\"Andr\u00e9s Quiroz\" \/>\n<meta name=\"twitter:card\" content=\"summary_large_image\" \/>\n<meta name=\"twitter:label1\" content=\"Written by\" \/>\n\t<meta name=\"twitter:data1\" content=\"Andr\u00e9s Quiroz\" \/>\n\t<meta name=\"twitter:label2\" content=\"Est. reading time\" \/>\n\t<meta name=\"twitter:data2\" content=\"4 minutes\" \/>\n<script type=\"application\/ld+json\" class=\"yoast-schema-graph\">{\"@context\":\"https:\\\/\\\/schema.org\",\"@graph\":[{\"@type\":\"Article\",\"@id\":\"https:\\\/\\\/www.fcbarcelonanoticias.com\\\/en\\\/fc-barcelona\\\/pedri-gets-wet-about-injuries-makes-it-clear-there-are-things-that-have-bothered_299545_102.html#article\",\"isPartOf\":{\"@id\":\"https:\\\/\\\/www.fcbarcelonanoticias.com\\\/en\\\/fc-barcelona\\\/pedri-gets-wet-about-injuries-makes-it-clear-there-are-things-that-have-bothered_299545_102.html\"},\"author\":{\"name\":\"Andr\u00e9s Quiroz\",\"@id\":\"https:\\\/\\\/www.fcbarcelonanoticias.com\\\/en\\\/#\\\/schema\\\/person\\\/c2cd9f6fa1af5c0d0eccd0fefa575c88\"},\"headline\":\"Pedri gets &#8216;wet&#8217; about his injuries and makes it clear that there are things that have bothered him\",\"datePublished\":\"2024-01-02T19:30:00+00:00\",\"dateModified\":\"2024-01-02T22:03:00+00:00\",\"mainEntityOfPage\":{\"@id\":\"https:\\\/\\\/www.fcbarcelonanoticias.com\\\/en\\\/fc-barcelona\\\/pedri-gets-wet-about-injuries-makes-it-clear-there-are-things-that-have-bothered_299545_102.html\"},\"wordCount\":716,\"image\":{\"@id\":\"https:\\\/\\\/www.fcbarcelonanoticias.com\\\/en\\\/fc-barcelona\\\/pedri-gets-wet-about-injuries-makes-it-clear-there-are-things-that-have-bothered_299545_102.html#primaryimage\"},\"thumbnailUrl\":\"https:\\\/\\\/www.fcbarcelonanoticias.com\\\/en\\\/wp-content\\\/uploads\\\/sites\\\/2\\\/2024\\\/01\\\/pedri-gonzalez-en-el-duelo-del-barca-ante-el-rayo-vallecano-en-laliga.png\",\"keywords\":[\"Xavi Hern\u00e1ndez\"],\"articleSection\":[\"FC Barcelona\"],\"inLanguage\":\"en-US\"},{\"@type\":\"WebPage\",\"@id\":\"https:\\\/\\\/www.fcbarcelonanoticias.com\\\/en\\\/fc-barcelona\\\/pedri-gets-wet-about-injuries-makes-it-clear-there-are-things-that-have-bothered_299545_102.html\",\"url\":\"https:\\\/\\\/www.fcbarcelonanoticias.com\\\/en\\\/fc-barcelona\\\/pedri-gets-wet-about-injuries-makes-it-clear-there-are-things-that-have-bothered_299545_102.html\",\"name\":\"Pedri gets 'wet' about his injuries and makes it clear that there are things that have bothered him\",\"isPartOf\":{\"@id\":\"https:\\\/\\\/www.fcbarcelonanoticias.com\\\/en\\\/#website\"},\"primaryImageOfPage\":{\"@id\":\"https:\\\/\\\/www.fcbarcelonanoticias.com\\\/en\\\/fc-barcelona\\\/pedri-gets-wet-about-injuries-makes-it-clear-there-are-things-that-have-bothered_299545_102.html#primaryimage\"},\"image\":{\"@id\":\"https:\\\/\\\/www.fcbarcelonanoticias.com\\\/en\\\/fc-barcelona\\\/pedri-gets-wet-about-injuries-makes-it-clear-there-are-things-that-have-bothered_299545_102.html#primaryimage\"},\"thumbnailUrl\":\"https:\\\/\\\/www.fcbarcelonanoticias.com\\\/en\\\/wp-content\\\/uploads\\\/sites\\\/2\\\/2024\\\/01\\\/pedri-gonzalez-en-el-duelo-del-barca-ante-el-rayo-vallecano-en-laliga.png\",\"datePublished\":\"2024-01-02T19:30:00+00:00\",\"dateModified\":\"2024-01-02T22:03:00+00:00\",\"author\":{\"@id\":\"https:\\\/\\\/www.fcbarcelonanoticias.com\\\/en\\\/#\\\/schema\\\/person\\\/c2cd9f6fa1af5c0d0eccd0fefa575c88\"},\"description\":\"Pedri chatted this Tuesday with Ibai Llanos on Twitch about the current situation of FC Barcelona and the Spanish National Team. For the cul\u00e9 midfielder, there is still enough League left to come back, although the start of the season has been \\\"difficult\\\"\",\"breadcrumb\":{\"@id\":\"https:\\\/\\\/www.fcbarcelonanoticias.com\\\/en\\\/fc-barcelona\\\/pedri-gets-wet-about-injuries-makes-it-clear-there-are-things-that-have-bothered_299545_102.html#breadcrumb\"},\"inLanguage\":\"en-US\",\"potentialAction\":[{\"@type\":\"ReadAction\",\"target\":[\"https:\\\/\\\/www.fcbarcelonanoticias.com\\\/en\\\/fc-barcelona\\\/pedri-gets-wet-about-injuries-makes-it-clear-there-are-things-that-have-bothered_299545_102.html\"]}]},{\"@type\":\"ImageObject\",\"inLanguage\":\"en-US\",\"@id\":\"https:\\\/\\\/www.fcbarcelonanoticias.com\\\/en\\\/fc-barcelona\\\/pedri-gets-wet-about-injuries-makes-it-clear-there-are-things-that-have-bothered_299545_102.html#primaryimage\",\"url\":\"https:\\\/\\\/www.fcbarcelonanoticias.com\\\/en\\\/wp-content\\\/uploads\\\/sites\\\/2\\\/2024\\\/01\\\/pedri-gonzalez-en-el-duelo-del-barca-ante-el-rayo-vallecano-en-laliga.png\",\"contentUrl\":\"https:\\\/\\\/www.fcbarcelonanoticias.com\\\/en\\\/wp-content\\\/uploads\\\/sites\\\/2\\\/2024\\\/01\\\/pedri-gonzalez-en-el-duelo-del-barca-ante-el-rayo-vallecano-en-laliga.png\",\"width\":1300,\"height\":732},{\"@type\":\"BreadcrumbList\",\"@id\":\"https:\\\/\\\/www.fcbarcelonanoticias.com\\\/en\\\/fc-barcelona\\\/pedri-gets-wet-about-injuries-makes-it-clear-there-are-things-that-have-bothered_299545_102.html#breadcrumb\",\"itemListElement\":[{\"@type\":\"ListItem\",\"position\":1,\"name\":\"Portada\",\"item\":\"https:\\\/\\\/www.fcbarcelonanoticias.com\\\/en\\\/\"},{\"@type\":\"ListItem\",\"position\":2,\"name\":\"Pedri gets &#8216;wet&#8217; about his injuries and makes it clear that there are things that have bothered him\"}]},{\"@type\":\"WebSite\",\"@id\":\"https:\\\/\\\/www.fcbarcelonanoticias.com\\\/en\\\/#website\",\"url\":\"https:\\\/\\\/www.fcbarcelonanoticias.com\\\/en\\\/\",\"name\":\"EN - FC Barcelona Noticias\",\"description\":\"\",\"potentialAction\":[{\"@type\":\"SearchAction\",\"target\":{\"@type\":\"EntryPoint\",\"urlTemplate\":\"https:\\\/\\\/www.fcbarcelonanoticias.com\\\/en\\\/?s={search_term_string}\"},\"query-input\":{\"@type\":\"PropertyValueSpecification\",\"valueRequired\":true,\"valueName\":\"search_term_string\"}}],\"inLanguage\":\"en-US\"},{\"@type\":\"Person\",\"@id\":\"https:\\\/\\\/www.fcbarcelonanoticias.com\\\/en\\\/#\\\/schema\\\/person\\\/c2cd9f6fa1af5c0d0eccd0fefa575c88\",\"name\":\"Andr\u00e9s Quiroz\",\"image\":{\"@type\":\"ImageObject\",\"inLanguage\":\"en-US\",\"@id\":\"https:\\\/\\\/secure.gravatar.com\\\/avatar\\\/?s=96&d=mm&r=g\",\"url\":\"https:\\\/\\\/secure.gravatar.com\\\/avatar\\\/?s=96&d=mm&r=g\",\"contentUrl\":\"https:\\\/\\\/secure.gravatar.com\\\/avatar\\\/?s=96&d=mm&r=g\",\"caption\":\"Andr\u00e9s Quiroz\"},\"description\":\"Licenciado en Periodismo por la Universidad de los Andes. Me encargo de analizar y compartir los contenidos m\u00e1s destacados de la\u00a0actualidad del F\u00fatbol Club Barcelona, Mercado de Fichajes y F\u00fatbol Internacional en FCBN. La informaci\u00f3n es poder, pero tambi\u00e9n conocimiento.\",\"url\":\"https:\\\/\\\/www.fcbarcelonanoticias.com\\\/en\\\/fc-barcelona\\\/andres-quiroz_17_115.html\"}]}<\/script>\n<!-- \/ Yoast SEO plugin. -->","yoast_head_json":{"title":"Pedri gets 'wet' about his injuries and makes it clear that there are things that have bothered him","description":"Pedri chatted this Tuesday with Ibai Llanos on Twitch about the current situation of FC Barcelona and the Spanish National Team. For the cul\u00e9 midfielder, there is still enough League left to come back, although the start of the season has been \"difficult\"","robots":{"index":"index","follow":"follow","max-snippet":"max-snippet:-1","max-image-preview":"max-image-preview:large","max-video-preview":"max-video-preview:-1"},"canonical":"https:\/\/www.fcbarcelonanoticias.com\/en\/fc-barcelona\/pedri-gets-wet-about-injuries-makes-it-clear-there-are-things-that-have-bothered_299545_102.html","og_locale":"en_US","og_type":"article","og_title":"Pedri gets 'wet' about his injuries and makes it clear that there are things that have bothered him","og_description":"Pedri chatted this Tuesday with Ibai Llanos on Twitch about the current situation of FC Barcelona and the Spanish National Team. For the cul\u00e9 midfielder, there is still enough League left to come back, although the start of the season has been \"difficult\"","og_url":"https:\/\/www.fcbarcelonanoticias.com\/en\/fc-barcelona\/pedri-gets-wet-about-injuries-makes-it-clear-there-are-things-that-have-bothered_299545_102.html","og_site_name":"EN - FC Barcelona Noticias","article_published_time":"2024-01-02T19:30:00+00:00","article_modified_time":"2024-01-02T22:03:00+00:00","og_image":[{"width":1300,"height":732,"url":"https:\/\/www.fcbarcelonanoticias.com\/en\/wp-content\/uploads\/sites\/2\/2024\/01\/pedri-gonzalez-en-el-duelo-del-barca-ante-el-rayo-vallecano-en-laliga.png","type":"image\/png"}],"author":"Andr\u00e9s Quiroz","twitter_card":"summary_large_image","twitter_misc":{"Written by":"Andr\u00e9s Quiroz","Est. reading time":"4 minutes"},"schema":{"@context":"https:\/\/schema.org","@graph":[{"@type":"Article","@id":"https:\/\/www.fcbarcelonanoticias.com\/en\/fc-barcelona\/pedri-gets-wet-about-injuries-makes-it-clear-there-are-things-that-have-bothered_299545_102.html#article","isPartOf":{"@id":"https:\/\/www.fcbarcelonanoticias.com\/en\/fc-barcelona\/pedri-gets-wet-about-injuries-makes-it-clear-there-are-things-that-have-bothered_299545_102.html"},"author":{"name":"Andr\u00e9s Quiroz","@id":"https:\/\/www.fcbarcelonanoticias.com\/en\/#\/schema\/person\/c2cd9f6fa1af5c0d0eccd0fefa575c88"},"headline":"Pedri gets &#8216;wet&#8217; about his injuries and makes it clear that there are things that have bothered him","datePublished":"2024-01-02T19:30:00+00:00","dateModified":"2024-01-02T22:03:00+00:00","mainEntityOfPage":{"@id":"https:\/\/www.fcbarcelonanoticias.com\/en\/fc-barcelona\/pedri-gets-wet-about-injuries-makes-it-clear-there-are-things-that-have-bothered_299545_102.html"},"wordCount":716,"image":{"@id":"https:\/\/www.fcbarcelonanoticias.com\/en\/fc-barcelona\/pedri-gets-wet-about-injuries-makes-it-clear-there-are-things-that-have-bothered_299545_102.html#primaryimage"},"thumbnailUrl":"https:\/\/www.fcbarcelonanoticias.com\/en\/wp-content\/uploads\/sites\/2\/2024\/01\/pedri-gonzalez-en-el-duelo-del-barca-ante-el-rayo-vallecano-en-laliga.png","keywords":["Xavi Hern\u00e1ndez"],"articleSection":["FC Barcelona"],"inLanguage":"en-US"},{"@type":"WebPage","@id":"https:\/\/www.fcbarcelonanoticias.com\/en\/fc-barcelona\/pedri-gets-wet-about-injuries-makes-it-clear-there-are-things-that-have-bothered_299545_102.html","url":"https:\/\/www.fcbarcelonanoticias.com\/en\/fc-barcelona\/pedri-gets-wet-about-injuries-makes-it-clear-there-are-things-that-have-bothered_299545_102.html","name":"Pedri gets 'wet' about his injuries and makes it clear that there are things that have bothered him","isPartOf":{"@id":"https:\/\/www.fcbarcelonanoticias.com\/en\/#website"},"primaryImageOfPage":{"@id":"https:\/\/www.fcbarcelonanoticias.com\/en\/fc-barcelona\/pedri-gets-wet-about-injuries-makes-it-clear-there-are-things-that-have-bothered_299545_102.html#primaryimage"},"image":{"@id":"https:\/\/www.fcbarcelonanoticias.com\/en\/fc-barcelona\/pedri-gets-wet-about-injuries-makes-it-clear-there-are-things-that-have-bothered_299545_102.html#primaryimage"},"thumbnailUrl":"https:\/\/www.fcbarcelonanoticias.com\/en\/wp-content\/uploads\/sites\/2\/2024\/01\/pedri-gonzalez-en-el-duelo-del-barca-ante-el-rayo-vallecano-en-laliga.png","datePublished":"2024-01-02T19:30:00+00:00","dateModified":"2024-01-02T22:03:00+00:00","author":{"@id":"https:\/\/www.fcbarcelonanoticias.com\/en\/#\/schema\/person\/c2cd9f6fa1af5c0d0eccd0fefa575c88"},"description":"Pedri chatted this Tuesday with Ibai Llanos on Twitch about the current situation of FC Barcelona and the Spanish National Team. For the cul\u00e9 midfielder, there is still enough League left to come back, although the start of the season has been \"difficult\"","breadcrumb":{"@id":"https:\/\/www.fcbarcelonanoticias.com\/en\/fc-barcelona\/pedri-gets-wet-about-injuries-makes-it-clear-there-are-things-that-have-bothered_299545_102.html#breadcrumb"},"inLanguage":"en-US","potentialAction":[{"@type":"ReadAction","target":["https:\/\/www.fcbarcelonanoticias.com\/en\/fc-barcelona\/pedri-gets-wet-about-injuries-makes-it-clear-there-are-things-that-have-bothered_299545_102.html"]}]},{"@type":"ImageObject","inLanguage":"en-US","@id":"https:\/\/www.fcbarcelonanoticias.com\/en\/fc-barcelona\/pedri-gets-wet-about-injuries-makes-it-clear-there-are-things-that-have-bothered_299545_102.html#primaryimage","url":"https:\/\/www.fcbarcelonanoticias.com\/en\/wp-content\/uploads\/sites\/2\/2024\/01\/pedri-gonzalez-en-el-duelo-del-barca-ante-el-rayo-vallecano-en-laliga.png","contentUrl":"https:\/\/www.fcbarcelonanoticias.com\/en\/wp-content\/uploads\/sites\/2\/2024\/01\/pedri-gonzalez-en-el-duelo-del-barca-ante-el-rayo-vallecano-en-laliga.png","width":1300,"height":732},{"@type":"BreadcrumbList","@id":"https:\/\/www.fcbarcelonanoticias.com\/en\/fc-barcelona\/pedri-gets-wet-about-injuries-makes-it-clear-there-are-things-that-have-bothered_299545_102.html#breadcrumb","itemListElement":[{"@type":"ListItem","position":1,"name":"Portada","item":"https:\/\/www.fcbarcelonanoticias.com\/en\/"},{"@type":"ListItem","position":2,"name":"Pedri gets &#8216;wet&#8217; about his injuries and makes it clear that there are things that have bothered him"}]},{"@type":"WebSite","@id":"https:\/\/www.fcbarcelonanoticias.com\/en\/#website","url":"https:\/\/www.fcbarcelonanoticias.com\/en\/","name":"EN - FC Barcelona Noticias","description":"","potentialAction":[{"@type":"SearchAction","target":{"@type":"EntryPoint","urlTemplate":"https:\/\/www.fcbarcelonanoticias.com\/en\/?s={search_term_string}"},"query-input":{"@type":"PropertyValueSpecification","valueRequired":true,"valueName":"search_term_string"}}],"inLanguage":"en-US"},{"@type":"Person","@id":"https:\/\/www.fcbarcelonanoticias.com\/en\/#\/schema\/person\/c2cd9f6fa1af5c0d0eccd0fefa575c88","name":"Andr\u00e9s Quiroz","image":{"@type":"ImageObject","inLanguage":"en-US","@id":"https:\/\/secure.gravatar.com\/avatar\/?s=96&d=mm&r=g","url":"https:\/\/secure.gravatar.com\/avatar\/?s=96&d=mm&r=g","contentUrl":"https:\/\/secure.gravatar.com\/avatar\/?s=96&d=mm&r=g","caption":"Andr\u00e9s Quiroz"},"description":"Licenciado en Periodismo por la Universidad de los Andes. Me encargo de analizar y compartir los contenidos m\u00e1s destacados de la\u00a0actualidad del F\u00fatbol Club Barcelona, Mercado de Fichajes y F\u00fatbol Internacional en FCBN. La informaci\u00f3n es poder, pero tambi\u00e9n conocimiento.","url":"https:\/\/www.fcbarcelonanoticias.com\/en\/fc-barcelona\/andres-quiroz_17_115.html"}]}},"_links":{"self":[{"href":"https:\/\/www.fcbarcelonanoticias.com\/en\/wp-json\/wp\/v2\/posts\/108466","targetHints":{"allow":["GET"]}}],"collection":[{"href":"https:\/\/www.fcbarcelonanoticias.com\/en\/wp-json\/wp\/v2\/posts"}],"about":[{"href":"https:\/\/www.fcbarcelonanoticias.com\/en\/wp-json\/wp\/v2\/types\/post"}],"author":[{"embeddable":true,"href":"https:\/\/www.fcbarcelonanoticias.com\/en\/wp-json\/wp\/v2\/users\/347"}],"replies":[{"embeddable":true,"href":"https:\/\/www.fcbarcelonanoticias.com\/en\/wp-json\/wp\/v2\/comments?post=108466"}],"version-history":[{"count":1,"href":"https:\/\/www.fcbarcelonanoticias.com\/en\/wp-json\/wp\/v2\/posts\/108466\/revisions"}],"predecessor-version":[{"id":148425,"href":"https:\/\/www.fcbarcelonanoticias.com\/en\/wp-json\/wp\/v2\/posts\/108466\/revisions\/148425"}],"wp:featuredmedia":[{"embeddable":true,"href":"https:\/\/www.fcbarcelonanoticias.com\/en\/wp-json\/wp\/v2\/media\/108473"}],"wp:attachment":[{"href":"https:\/\/www.fcbarcelonanoticias.com\/en\/wp-json\/wp\/v2\/media?parent=108466"}],"wp:term":[{"taxonomy":"category","embeddable":true,"href":"https:\/\/www.fcbarcelonanoticias.com\/en\/wp-json\/wp\/v2\/categories?post=108466"},{"taxonomy":"post_tag","embeddable":true,"href":"https:\/\/www.fcbarcelonanoticias.com\/en\/wp-json\/wp\/v2\/tags?post=108466"}],"curies":[{"name":"wp","href":"https:\/\/api.w.org\/{rel}","templated":true}]}}