{"id":108524,"date":"2025-10-29T16:39:00","date_gmt":"2025-10-29T15:39:00","guid":{"rendered":"https:\/\/weisetech.dev\/fc-barcelona-noticias\/en\/pedri-breaks-down-barcelona-confirms-midfielder-injury_315145_102\/"},"modified":"2026-03-27T11:35:31","modified_gmt":"2026-03-27T10:35:31","slug":"pedri-breaks-down-barcelona-confirms-midfielder-injury_315145_102","status":"publish","type":"post","link":"https:\/\/www.fcbarcelonanoticias.com\/en\/fc-barcelona\/pedri-breaks-down-barcelona-confirms-midfielder-injury_315145_102.html","title":{"rendered":"Pedri Gonz\u00e1lez KO: Barcelona medical report confirms his injury"},"content":{"rendered":"<h2 class=\"wp-block-heading\">Pedri Gonz\u00e1lez will be out for Barcelona for the first time in 25\/26. The midfielder has a tear in the distal biceps femoris muscle of his left leg and will be out for around a month<\/h2>  \r\n<div class=\"article-addons\">\r\n    <a href=\"https:\/\/www.fcbarcelonanoticias.com\/en\/calendar-fc-barcelona.html\"\r\n       target=\"_self\"\r\n       title=\"Calendar of FC Barcelona\"\r\n       class=\"blue-gredient-btn\">\r\n       \r\n        Calendar of FC Barcelona    <\/a>\r\n<\/div>   <p><strong>FC Barcelona<\/strong> confirmed terrible news for the first men&#8217;s team on Wednesday. <strong>Pedri Gonz\u00e1lez<\/strong>, who was already confirmed to miss the match of matchday 11 of LaLiga <a data-external=\"0\" data-intl-links-en=\"https:\/\/www.fcbarcelonanoticias.com\/en\/laliga\/pedri-gonzalez-will-also-be-out-for-barcelona-against-elche_315136_102.html\" data-intl-links-es=\"https:\/\/www.fcbarcelonanoticias.com\/laliga\/pedri-gonzalez-tambien-sera-baja-fc-barcelona-contra-elche_315136_102.html\" href=\"https:\/\/www.fcbarcelonanoticias.com\/en\/laliga\/pedri-gonzalez-will-also-be-out-for-barcelona-against-elche_315136_102.html\" rel=\"follow\" target=\"_self\" title=\"Pedri Gonz\u00e1lez tambi\u00e9n ser\u00e1 baja para el FC Barcelona contra Elche\">against Elche due to suspension<\/a>, has suffered a tear of the distal biceps femoris muscle in his left leg.<\/p>  <p>The &#8216;8&#8217; was not present in the return to work and <a data-external=\"1\" href=\"https:\/\/x.com\/en\/FCBarcelona_es\/status\/1983521910915743900\" rel=\"nofollow\" target=\"_blank\" title=\"Comunicado m\u00e9dico del Bar\u00e7a: Pedri lesionado\">the club confirmed the extent of his injury<\/a>, but not the time he will be out. In principle, &#8220;the approximate recovery time <strong>will be determined by the evolution of the injury<\/strong>&#8220;.&nbsp;<\/p>  <p>Last season, the player from Tegueste remained healthy throughout the entire year, after suffering up to <strong>8 muscular injuries between 2021 and 2024<\/strong>. With his injury, the <a data-external=\"0\" data-intl-links-en=\"https:\/\/www.fcbarcelonanoticias.com\/en\/tags\/injured\" data-intl-links-es=\"https:\/\/www.fcbarcelonanoticias.com\/tags\/lesionados\" href=\"https:\/\/www.fcbarcelonanoticias.com\/en\/tags\/injured.html\" rel=\"follow\" target=\"_self\" title=\"Lesionados\">Bar\u00e7a infirmary<\/a> now has 8 players out, although three of them are in the final stretch of their recovery. <a data-external=\"0\" data-intl-links-en=\"https:\/\/www.fcbarcelonanoticias.com\/en\/fc-barcelona\/lewandowski-returns-to-training-and-aims-for-barcelona-elche_315131_102.html\" data-intl-links-es=\"https:\/\/www.fcbarcelonanoticias.com\/fc-barcelona\/buenas-noticias-lewandowski-vuelve-entrenar-apunta-barca-elche_315131_102.html\" href=\"https:\/\/www.fcbarcelonanoticias.com\/en\/fc-barcelona\/lewandowski-returns-to-training-and-aims-for-barcelona-elche_315131_102.html\" rel=\"follow\" target=\"_self\" title=\"\u00a1Buenas noticias! Lewandowski vuelve a entrenar y apunta al Bar\u00e7a-Elche\">Robert Lewandowski<\/a>, in fact, is aiming to play on Sunday against Elche.<\/p>  <h2>How long will Pedri Gonz\u00e1lez be out?<\/h2>  <p>In Pedri&#8217;s case, since it&#8217;s a hamstring tear, the most likely scenario is that he&#8217;ll be out for around 3 to 4 weeks. In other words, the midfielder won&#8217;t reappear with Bar\u00e7a until after the international break in November.<\/p>  <p>As such, the Spanish international will be out of the Champions League match against <strong>Brugge <\/strong>(November 5) and in La Liga against <strong>Celta <\/strong>(November 9). In addition, he would also be doubtful for the match at home <a data-external=\"0\" data-intl-links-en=\"https:\/\/www.fcbarcelonanoticias.com\/en\/fc-barcelona\/barca-athletic-return-to-camp-nou-against-nico-williams_315079_102.html\" data-intl-links-es=\"https:\/\/www.fcbarcelonanoticias.com\/fc-barcelona\/barca-athletic-regreso-camp-nou-contra-nico-williams_315079_102.html\" href=\"https:\/\/www.fcbarcelonanoticias.com\/en\/fc-barcelona\/barca-athletic-return-to-camp-nou-against-nico-williams_315079_102.html\" rel=\"follow\" target=\"_self\" title=\"Bar\u00e7a\u2013Athletic \u00bfregreso al Camp Nou contra Nico Williams?\">against Athletic (Saturday the 22nd)<\/a>, which could be played at the <strong>Spotify Camp Nou<\/strong> if the club obtains the first occupancy license for phase 1B (45,000 spectators) in time.<\/p>  <p>Logically, the 22-year-old player will not travel with Spain for the last two matches of the 2026 World Cup qualifier, against <strong>Georgia <\/strong>(11\/15) and <strong>Turkey<\/strong> (11\/18). La Roja, with a win against Georgia and a draw against the Turks, will secure their qualification.<\/p>  <p>In any case, the main objective will be to get Pedri back for the Champions League match against <strong>Chelsea<\/strong>. Hansi Flick&#8217;s team will visit the &#8216;Blues&#8217; <strong>on November 25<\/strong> in what will be the toughest away game of the entire group stage for the Bar\u00e7a side.<\/p>  <div class=\"media media-image\" data-ck-asset-wrapper=\"\"> <div class=\"media-item\"> <img loading=\"lazy\" decoding=\"async\" alt=\"Pedri Gonz\u00e1lez tambi\u00e9n ser\u00e1 baja para el FC Barcelona contra Elche\" data-id=\"1528647\" data-resize=\"9\" height=\"563\" src=\"https:\/\/www.fcbarcelonanoticias.com\/wp-content\/uploads\/sites\/2\/2025\/10\/fcbn-da44cb6c256635f044e1598502ea910b.webp\" title=\"Pedri Gonz\u00e1lez tambi\u00e9n ser\u00e1 baja para el FC Barcelona contra Elche\" width=\"1000\"><div class=\"media-title\">Pedri Gonz\u00e1lez will also be out for FC Barcelona against Elche<\/div> <\/div> <\/div>  <p>For the moment, the midfielder was the player in the <a data-external=\"0\" data-intl-links-en=\"https:\/\/www.fcbarcelonanoticias.com\/en\/fc-barcelona-squad.html\" data-intl-links-es=\"https:\/\/www.fcbarcelonanoticias.com\/jugadores-fcbarcelona.html\" href=\"https:\/\/www.fcbarcelonanoticias.com\/en\/fc-barcelona-squad.html\" rel=\"follow\" target=\"_self\" title=\"Plantilla del FC Barcelona 2025-26\">Bar\u00e7a squad<\/a> with the most minutes played (1,099&#8242;), also being a starter in the 13 matches played by the team. Without the &#8216;8&#8217;, the Catalans lose the brain of their engine room, a job that Marc Casad\u00f3 and Frenkie de Jong will have to perform, at least, in the next 3 matches.<\/p>  <p>Considering the number of injuries in the first two months of the 25\/26 season (already over a dozen), the coaching staff will take extra care with Pedri&#8217;s return. The &#8216;8&#8217;, like <strong>Raphinha<\/strong>, hopes to return after the next break, but the Brazilian&#8217;s relapse last week is an alert that the club will not overlook with the recovery of all its injured players.<\/p>  <h2>The matches Pedri would miss with Bar\u00e7a<\/h2>  <table align=\"center\" border=\"1\" cellpadding=\"1\" cellspacing=\"1\" style=\"width:100%;\"> <thead><tr> <th scope=\"col\">MATCH<\/th> \t\t\t<th scope=\"col\">DATE<\/th> \t\t\t<th scope=\"col\">TIME<\/th> \t\t\t<th scope=\"col\">TOURNAMENT<\/th> \t\t<\/tr><\/thead> <tbody> <tr> <td style=\"text-align: center;\">Bar\u00e7a-Elche<\/td> \t\t\t<td style=\"text-align: center;\">02\/11\/2025<\/td> \t\t\t<td style=\"text-align: center;\">18:30<\/td> \t\t\t<td style=\"text-align: center;\">LaLiga<\/td> \t\t<\/tr> <tr> <td style=\"text-align: center;\">Brujas-Bar\u00e7a<\/td> \t\t\t<td style=\"text-align: center;\">05\/11\/2025<\/td> \t\t\t<td style=\"text-align: center;\">21:00<\/td> \t\t\t<td style=\"text-align: center;\">Champions<\/td> \t\t<\/tr> <tr> <td style=\"text-align: center;\">Celta-Bar\u00e7a<\/td> \t\t\t<td style=\"text-align: center;\">09\/11\/2025<\/td> \t\t\t<td style=\"text-align: center;\">21:00<\/td> \t\t\t<td style=\"text-align: center;\">LaLiga<\/td> \t\t<\/tr> <tr> <td style=\"text-align: center;\">Bar\u00e7a-Athletic<\/td> \t\t\t<td style=\"text-align: center;\">22\/11\/2025<\/td> \t\t\t<td style=\"text-align: center;\">16:15<\/td> \t\t\t<td style=\"text-align: center;\">LaLiga<\/td> \t\t<\/tr> <\/tbody> <\/table> <ul> <li>In&nbsp;<strong>FC Barcelona Noticias<\/strong>&nbsp;we tell you every detail of the Bar\u00e7a actualidad and the&nbsp;<strong><a data-external=\"0\" data-intl-links-en=\"https:\/\/www.fcbarcelonanoticias.com\/en\/tags\/injured\" data-intl-links-es=\"https:\/\/www.fcbarcelonanoticias.com\/tags\/lesionados\" href=\"https:\/\/www.fcbarcelonanoticias.com\/en\/tags\/injured.html\" rel=\"follow\" target=\"_self\" title=\"Lesionados\">evolution of all the injured players<\/a><\/strong> <\/li> <\/ul> ","protected":false},"excerpt":{"rendered":"<p>Pedri Gonz\u00e1lez will be out for Barcelona for the first time in 25\/26. The midfielder has a tear in the distal biceps femoris muscle of his left leg and will be out for around a month FC Barcelona confirmed terrible news for the first men&#8217;s team on Wednesday. Pedri Gonz\u00e1lez, who was already confirmed to [&hellip;]<\/p>\n","protected":false},"author":347,"featured_media":108528,"comment_status":"closed","ping_status":"open","sticky":false,"template":"","format":"standard","meta":{"_acf_changed":false,"inline_featured_image":false,"_nextfly_llmd_date_locked":false,"footnotes":""},"categories":[111],"tags":[136,464,149],"class_list":["post-108524","post","type-post","status-publish","format-standard","has-post-thumbnail","hentry","category-fc-barcelona","tag-injured","tag-pedri-2","tag-pedri"],"acf":[],"yoast_head":"<!-- This site is optimized with the Yoast SEO plugin v27.3 - https:\/\/yoast.com\/product\/yoast-seo-wordpress\/ -->\n<title>Pedri breaks down! Bar\u00e7a confirms the midfielder&#039;s injury<\/title>\n<meta name=\"description\" content=\"Pedri Gonz\u00e1lez will be out for Barcelona for the first time in 25\/26. The midfielder has a tear in the distal biceps femoris muscle of his left leg and will be out for around a month\" \/>\n<meta name=\"robots\" content=\"index, follow, max-snippet:-1, max-image-preview:large, max-video-preview:-1\" \/>\n<link rel=\"canonical\" href=\"https:\/\/www.fcbarcelonanoticias.com\/en\/fc-barcelona\/pedri-breaks-down-barcelona-confirms-midfielder-injury_315145_102.html\" \/>\n<meta property=\"og:locale\" content=\"en_US\" \/>\n<meta property=\"og:type\" content=\"article\" \/>\n<meta property=\"og:title\" content=\"Pedri breaks down! Bar\u00e7a confirms the midfielder&#039;s injury\" \/>\n<meta property=\"og:description\" content=\"Pedri Gonz\u00e1lez will be out for Barcelona for the first time in 25\/26. The midfielder has a tear in the distal biceps femoris muscle of his left leg and will be out for around a month\" \/>\n<meta property=\"og:url\" content=\"https:\/\/www.fcbarcelonanoticias.com\/en\/fc-barcelona\/pedri-breaks-down-barcelona-confirms-midfielder-injury_315145_102.html\" \/>\n<meta property=\"og:site_name\" content=\"EN - FC Barcelona Noticias\" \/>\n<meta property=\"article:published_time\" content=\"2025-10-29T15:39:00+00:00\" \/>\n<meta property=\"article:modified_time\" content=\"2026-03-27T10:35:31+00:00\" \/>\n<meta property=\"og:image\" content=\"https:\/\/www.fcbarcelonanoticias.com\/en\/wp-content\/uploads\/sites\/2\/2025\/10\/pedri-clasico-v-real-madrid-25-26.webp\" \/>\n\t<meta property=\"og:image:width\" content=\"1200\" \/>\n\t<meta property=\"og:image:height\" content=\"675\" \/>\n\t<meta property=\"og:image:type\" content=\"image\/webp\" \/>\n<meta name=\"author\" content=\"Andr\u00e9s Quiroz\" \/>\n<meta name=\"twitter:card\" content=\"summary_large_image\" \/>\n<meta name=\"twitter:label1\" content=\"Written by\" \/>\n\t<meta name=\"twitter:data1\" content=\"Andr\u00e9s Quiroz\" \/>\n\t<meta name=\"twitter:label2\" content=\"Est. reading time\" \/>\n\t<meta name=\"twitter:data2\" content=\"3 minutes\" \/>\n<script type=\"application\/ld+json\" class=\"yoast-schema-graph\">{\"@context\":\"https:\\\/\\\/schema.org\",\"@graph\":[{\"@type\":\"Article\",\"@id\":\"https:\\\/\\\/www.fcbarcelonanoticias.com\\\/en\\\/fc-barcelona\\\/pedri-breaks-down-barcelona-confirms-midfielder-injury_315145_102.html#article\",\"isPartOf\":{\"@id\":\"https:\\\/\\\/www.fcbarcelonanoticias.com\\\/en\\\/fc-barcelona\\\/pedri-breaks-down-barcelona-confirms-midfielder-injury_315145_102.html\"},\"author\":{\"name\":\"Andr\u00e9s Quiroz\",\"@id\":\"https:\\\/\\\/www.fcbarcelonanoticias.com\\\/en\\\/#\\\/schema\\\/person\\\/c2cd9f6fa1af5c0d0eccd0fefa575c88\"},\"headline\":\"Pedri Gonz\u00e1lez KO: Barcelona medical report confirms his injury\",\"datePublished\":\"2025-10-29T15:39:00+00:00\",\"dateModified\":\"2026-03-27T10:35:31+00:00\",\"mainEntityOfPage\":{\"@id\":\"https:\\\/\\\/www.fcbarcelonanoticias.com\\\/en\\\/fc-barcelona\\\/pedri-breaks-down-barcelona-confirms-midfielder-injury_315145_102.html\"},\"wordCount\":572,\"image\":{\"@id\":\"https:\\\/\\\/www.fcbarcelonanoticias.com\\\/en\\\/fc-barcelona\\\/pedri-breaks-down-barcelona-confirms-midfielder-injury_315145_102.html#primaryimage\"},\"thumbnailUrl\":\"https:\\\/\\\/www.fcbarcelonanoticias.com\\\/en\\\/wp-content\\\/uploads\\\/sites\\\/2\\\/2025\\\/10\\\/pedri-clasico-v-real-madrid-25-26.webp\",\"keywords\":[\"injured\",\"Pedri\",\"Pedri\"],\"articleSection\":[\"FC Barcelona\"],\"inLanguage\":\"en-US\"},{\"@type\":\"WebPage\",\"@id\":\"https:\\\/\\\/www.fcbarcelonanoticias.com\\\/en\\\/fc-barcelona\\\/pedri-breaks-down-barcelona-confirms-midfielder-injury_315145_102.html\",\"url\":\"https:\\\/\\\/www.fcbarcelonanoticias.com\\\/en\\\/fc-barcelona\\\/pedri-breaks-down-barcelona-confirms-midfielder-injury_315145_102.html\",\"name\":\"Pedri breaks down! Bar\u00e7a confirms the midfielder's injury\",\"isPartOf\":{\"@id\":\"https:\\\/\\\/www.fcbarcelonanoticias.com\\\/en\\\/#website\"},\"primaryImageOfPage\":{\"@id\":\"https:\\\/\\\/www.fcbarcelonanoticias.com\\\/en\\\/fc-barcelona\\\/pedri-breaks-down-barcelona-confirms-midfielder-injury_315145_102.html#primaryimage\"},\"image\":{\"@id\":\"https:\\\/\\\/www.fcbarcelonanoticias.com\\\/en\\\/fc-barcelona\\\/pedri-breaks-down-barcelona-confirms-midfielder-injury_315145_102.html#primaryimage\"},\"thumbnailUrl\":\"https:\\\/\\\/www.fcbarcelonanoticias.com\\\/en\\\/wp-content\\\/uploads\\\/sites\\\/2\\\/2025\\\/10\\\/pedri-clasico-v-real-madrid-25-26.webp\",\"datePublished\":\"2025-10-29T15:39:00+00:00\",\"dateModified\":\"2026-03-27T10:35:31+00:00\",\"author\":{\"@id\":\"https:\\\/\\\/www.fcbarcelonanoticias.com\\\/en\\\/#\\\/schema\\\/person\\\/c2cd9f6fa1af5c0d0eccd0fefa575c88\"},\"description\":\"Pedri Gonz\u00e1lez will be out for Barcelona for the first time in 25\\\/26. The midfielder has a tear in the distal biceps femoris muscle of his left leg and will be out for around a month\",\"breadcrumb\":{\"@id\":\"https:\\\/\\\/www.fcbarcelonanoticias.com\\\/en\\\/fc-barcelona\\\/pedri-breaks-down-barcelona-confirms-midfielder-injury_315145_102.html#breadcrumb\"},\"inLanguage\":\"en-US\",\"potentialAction\":[{\"@type\":\"ReadAction\",\"target\":[\"https:\\\/\\\/www.fcbarcelonanoticias.com\\\/en\\\/fc-barcelona\\\/pedri-breaks-down-barcelona-confirms-midfielder-injury_315145_102.html\"]}]},{\"@type\":\"ImageObject\",\"inLanguage\":\"en-US\",\"@id\":\"https:\\\/\\\/www.fcbarcelonanoticias.com\\\/en\\\/fc-barcelona\\\/pedri-breaks-down-barcelona-confirms-midfielder-injury_315145_102.html#primaryimage\",\"url\":\"https:\\\/\\\/www.fcbarcelonanoticias.com\\\/en\\\/wp-content\\\/uploads\\\/sites\\\/2\\\/2025\\\/10\\\/pedri-clasico-v-real-madrid-25-26.webp\",\"contentUrl\":\"https:\\\/\\\/www.fcbarcelonanoticias.com\\\/en\\\/wp-content\\\/uploads\\\/sites\\\/2\\\/2025\\\/10\\\/pedri-clasico-v-real-madrid-25-26.webp\",\"width\":1200,\"height\":675},{\"@type\":\"BreadcrumbList\",\"@id\":\"https:\\\/\\\/www.fcbarcelonanoticias.com\\\/en\\\/fc-barcelona\\\/pedri-breaks-down-barcelona-confirms-midfielder-injury_315145_102.html#breadcrumb\",\"itemListElement\":[{\"@type\":\"ListItem\",\"position\":1,\"name\":\"Portada\",\"item\":\"https:\\\/\\\/www.fcbarcelonanoticias.com\\\/en\\\/\"},{\"@type\":\"ListItem\",\"position\":2,\"name\":\"Pedri Gonz\u00e1lez KO: Barcelona medical report confirms his injury\"}]},{\"@type\":\"WebSite\",\"@id\":\"https:\\\/\\\/www.fcbarcelonanoticias.com\\\/en\\\/#website\",\"url\":\"https:\\\/\\\/www.fcbarcelonanoticias.com\\\/en\\\/\",\"name\":\"EN - FC Barcelona Noticias\",\"description\":\"\",\"potentialAction\":[{\"@type\":\"SearchAction\",\"target\":{\"@type\":\"EntryPoint\",\"urlTemplate\":\"https:\\\/\\\/www.fcbarcelonanoticias.com\\\/en\\\/?s={search_term_string}\"},\"query-input\":{\"@type\":\"PropertyValueSpecification\",\"valueRequired\":true,\"valueName\":\"search_term_string\"}}],\"inLanguage\":\"en-US\"},{\"@type\":\"Person\",\"@id\":\"https:\\\/\\\/www.fcbarcelonanoticias.com\\\/en\\\/#\\\/schema\\\/person\\\/c2cd9f6fa1af5c0d0eccd0fefa575c88\",\"name\":\"Andr\u00e9s Quiroz\",\"image\":{\"@type\":\"ImageObject\",\"inLanguage\":\"en-US\",\"@id\":\"https:\\\/\\\/secure.gravatar.com\\\/avatar\\\/?s=96&d=mm&r=g\",\"url\":\"https:\\\/\\\/secure.gravatar.com\\\/avatar\\\/?s=96&d=mm&r=g\",\"contentUrl\":\"https:\\\/\\\/secure.gravatar.com\\\/avatar\\\/?s=96&d=mm&r=g\",\"caption\":\"Andr\u00e9s Quiroz\"},\"description\":\"Licenciado en Periodismo por la Universidad de los Andes. Me encargo de analizar y compartir los contenidos m\u00e1s destacados de la\u00a0actualidad del F\u00fatbol Club Barcelona, Mercado de Fichajes y F\u00fatbol Internacional en FCBN. La informaci\u00f3n es poder, pero tambi\u00e9n conocimiento.\",\"url\":\"https:\\\/\\\/www.fcbarcelonanoticias.com\\\/en\\\/fc-barcelona\\\/andres-quiroz_17_115.html\"}]}<\/script>\n<!-- \/ Yoast SEO plugin. -->","yoast_head_json":{"title":"Pedri breaks down! Bar\u00e7a confirms the midfielder's injury","description":"Pedri Gonz\u00e1lez will be out for Barcelona for the first time in 25\/26. The midfielder has a tear in the distal biceps femoris muscle of his left leg and will be out for around a month","robots":{"index":"index","follow":"follow","max-snippet":"max-snippet:-1","max-image-preview":"max-image-preview:large","max-video-preview":"max-video-preview:-1"},"canonical":"https:\/\/www.fcbarcelonanoticias.com\/en\/fc-barcelona\/pedri-breaks-down-barcelona-confirms-midfielder-injury_315145_102.html","og_locale":"en_US","og_type":"article","og_title":"Pedri breaks down! Bar\u00e7a confirms the midfielder's injury","og_description":"Pedri Gonz\u00e1lez will be out for Barcelona for the first time in 25\/26. The midfielder has a tear in the distal biceps femoris muscle of his left leg and will be out for around a month","og_url":"https:\/\/www.fcbarcelonanoticias.com\/en\/fc-barcelona\/pedri-breaks-down-barcelona-confirms-midfielder-injury_315145_102.html","og_site_name":"EN - FC Barcelona Noticias","article_published_time":"2025-10-29T15:39:00+00:00","article_modified_time":"2026-03-27T10:35:31+00:00","og_image":[{"width":1200,"height":675,"url":"https:\/\/www.fcbarcelonanoticias.com\/en\/wp-content\/uploads\/sites\/2\/2025\/10\/pedri-clasico-v-real-madrid-25-26.webp","type":"image\/webp"}],"author":"Andr\u00e9s Quiroz","twitter_card":"summary_large_image","twitter_misc":{"Written by":"Andr\u00e9s Quiroz","Est. reading time":"3 minutes"},"schema":{"@context":"https:\/\/schema.org","@graph":[{"@type":"Article","@id":"https:\/\/www.fcbarcelonanoticias.com\/en\/fc-barcelona\/pedri-breaks-down-barcelona-confirms-midfielder-injury_315145_102.html#article","isPartOf":{"@id":"https:\/\/www.fcbarcelonanoticias.com\/en\/fc-barcelona\/pedri-breaks-down-barcelona-confirms-midfielder-injury_315145_102.html"},"author":{"name":"Andr\u00e9s Quiroz","@id":"https:\/\/www.fcbarcelonanoticias.com\/en\/#\/schema\/person\/c2cd9f6fa1af5c0d0eccd0fefa575c88"},"headline":"Pedri Gonz\u00e1lez KO: Barcelona medical report confirms his injury","datePublished":"2025-10-29T15:39:00+00:00","dateModified":"2026-03-27T10:35:31+00:00","mainEntityOfPage":{"@id":"https:\/\/www.fcbarcelonanoticias.com\/en\/fc-barcelona\/pedri-breaks-down-barcelona-confirms-midfielder-injury_315145_102.html"},"wordCount":572,"image":{"@id":"https:\/\/www.fcbarcelonanoticias.com\/en\/fc-barcelona\/pedri-breaks-down-barcelona-confirms-midfielder-injury_315145_102.html#primaryimage"},"thumbnailUrl":"https:\/\/www.fcbarcelonanoticias.com\/en\/wp-content\/uploads\/sites\/2\/2025\/10\/pedri-clasico-v-real-madrid-25-26.webp","keywords":["injured","Pedri","Pedri"],"articleSection":["FC Barcelona"],"inLanguage":"en-US"},{"@type":"WebPage","@id":"https:\/\/www.fcbarcelonanoticias.com\/en\/fc-barcelona\/pedri-breaks-down-barcelona-confirms-midfielder-injury_315145_102.html","url":"https:\/\/www.fcbarcelonanoticias.com\/en\/fc-barcelona\/pedri-breaks-down-barcelona-confirms-midfielder-injury_315145_102.html","name":"Pedri breaks down! Bar\u00e7a confirms the midfielder's injury","isPartOf":{"@id":"https:\/\/www.fcbarcelonanoticias.com\/en\/#website"},"primaryImageOfPage":{"@id":"https:\/\/www.fcbarcelonanoticias.com\/en\/fc-barcelona\/pedri-breaks-down-barcelona-confirms-midfielder-injury_315145_102.html#primaryimage"},"image":{"@id":"https:\/\/www.fcbarcelonanoticias.com\/en\/fc-barcelona\/pedri-breaks-down-barcelona-confirms-midfielder-injury_315145_102.html#primaryimage"},"thumbnailUrl":"https:\/\/www.fcbarcelonanoticias.com\/en\/wp-content\/uploads\/sites\/2\/2025\/10\/pedri-clasico-v-real-madrid-25-26.webp","datePublished":"2025-10-29T15:39:00+00:00","dateModified":"2026-03-27T10:35:31+00:00","author":{"@id":"https:\/\/www.fcbarcelonanoticias.com\/en\/#\/schema\/person\/c2cd9f6fa1af5c0d0eccd0fefa575c88"},"description":"Pedri Gonz\u00e1lez will be out for Barcelona for the first time in 25\/26. The midfielder has a tear in the distal biceps femoris muscle of his left leg and will be out for around a month","breadcrumb":{"@id":"https:\/\/www.fcbarcelonanoticias.com\/en\/fc-barcelona\/pedri-breaks-down-barcelona-confirms-midfielder-injury_315145_102.html#breadcrumb"},"inLanguage":"en-US","potentialAction":[{"@type":"ReadAction","target":["https:\/\/www.fcbarcelonanoticias.com\/en\/fc-barcelona\/pedri-breaks-down-barcelona-confirms-midfielder-injury_315145_102.html"]}]},{"@type":"ImageObject","inLanguage":"en-US","@id":"https:\/\/www.fcbarcelonanoticias.com\/en\/fc-barcelona\/pedri-breaks-down-barcelona-confirms-midfielder-injury_315145_102.html#primaryimage","url":"https:\/\/www.fcbarcelonanoticias.com\/en\/wp-content\/uploads\/sites\/2\/2025\/10\/pedri-clasico-v-real-madrid-25-26.webp","contentUrl":"https:\/\/www.fcbarcelonanoticias.com\/en\/wp-content\/uploads\/sites\/2\/2025\/10\/pedri-clasico-v-real-madrid-25-26.webp","width":1200,"height":675},{"@type":"BreadcrumbList","@id":"https:\/\/www.fcbarcelonanoticias.com\/en\/fc-barcelona\/pedri-breaks-down-barcelona-confirms-midfielder-injury_315145_102.html#breadcrumb","itemListElement":[{"@type":"ListItem","position":1,"name":"Portada","item":"https:\/\/www.fcbarcelonanoticias.com\/en\/"},{"@type":"ListItem","position":2,"name":"Pedri Gonz\u00e1lez KO: Barcelona medical report confirms his injury"}]},{"@type":"WebSite","@id":"https:\/\/www.fcbarcelonanoticias.com\/en\/#website","url":"https:\/\/www.fcbarcelonanoticias.com\/en\/","name":"EN - FC Barcelona Noticias","description":"","potentialAction":[{"@type":"SearchAction","target":{"@type":"EntryPoint","urlTemplate":"https:\/\/www.fcbarcelonanoticias.com\/en\/?s={search_term_string}"},"query-input":{"@type":"PropertyValueSpecification","valueRequired":true,"valueName":"search_term_string"}}],"inLanguage":"en-US"},{"@type":"Person","@id":"https:\/\/www.fcbarcelonanoticias.com\/en\/#\/schema\/person\/c2cd9f6fa1af5c0d0eccd0fefa575c88","name":"Andr\u00e9s Quiroz","image":{"@type":"ImageObject","inLanguage":"en-US","@id":"https:\/\/secure.gravatar.com\/avatar\/?s=96&d=mm&r=g","url":"https:\/\/secure.gravatar.com\/avatar\/?s=96&d=mm&r=g","contentUrl":"https:\/\/secure.gravatar.com\/avatar\/?s=96&d=mm&r=g","caption":"Andr\u00e9s Quiroz"},"description":"Licenciado en Periodismo por la Universidad de los Andes. Me encargo de analizar y compartir los contenidos m\u00e1s destacados de la\u00a0actualidad del F\u00fatbol Club Barcelona, Mercado de Fichajes y F\u00fatbol Internacional en FCBN. La informaci\u00f3n es poder, pero tambi\u00e9n conocimiento.","url":"https:\/\/www.fcbarcelonanoticias.com\/en\/fc-barcelona\/andres-quiroz_17_115.html"}]}},"_links":{"self":[{"href":"https:\/\/www.fcbarcelonanoticias.com\/en\/wp-json\/wp\/v2\/posts\/108524","targetHints":{"allow":["GET"]}}],"collection":[{"href":"https:\/\/www.fcbarcelonanoticias.com\/en\/wp-json\/wp\/v2\/posts"}],"about":[{"href":"https:\/\/www.fcbarcelonanoticias.com\/en\/wp-json\/wp\/v2\/types\/post"}],"author":[{"embeddable":true,"href":"https:\/\/www.fcbarcelonanoticias.com\/en\/wp-json\/wp\/v2\/users\/347"}],"replies":[{"embeddable":true,"href":"https:\/\/www.fcbarcelonanoticias.com\/en\/wp-json\/wp\/v2\/comments?post=108524"}],"version-history":[{"count":2,"href":"https:\/\/www.fcbarcelonanoticias.com\/en\/wp-json\/wp\/v2\/posts\/108524\/revisions"}],"predecessor-version":[{"id":159862,"href":"https:\/\/www.fcbarcelonanoticias.com\/en\/wp-json\/wp\/v2\/posts\/108524\/revisions\/159862"}],"wp:featuredmedia":[{"embeddable":true,"href":"https:\/\/www.fcbarcelonanoticias.com\/en\/wp-json\/wp\/v2\/media\/108528"}],"wp:attachment":[{"href":"https:\/\/www.fcbarcelonanoticias.com\/en\/wp-json\/wp\/v2\/media?parent=108524"}],"wp:term":[{"taxonomy":"category","embeddable":true,"href":"https:\/\/www.fcbarcelonanoticias.com\/en\/wp-json\/wp\/v2\/categories?post=108524"},{"taxonomy":"post_tag","embeddable":true,"href":"https:\/\/www.fcbarcelonanoticias.com\/en\/wp-json\/wp\/v2\/tags?post=108524"}],"curies":[{"name":"wp","href":"https:\/\/api.w.org\/{rel}","templated":true}]}}