{"id":108644,"date":"2024-01-14T22:22:00","date_gmt":"2024-01-14T21:22:00","guid":{"rendered":"https:\/\/weisetech.dev\/fc-barcelona-noticias\/en\/pedri-ferran-jong-barca-1x1-against-real-madrid-in-the-final-of-the-spanish-super-cup_299909_102\/"},"modified":"2024-01-15T11:45:00","modified_gmt":"2024-01-15T10:45:00","slug":"pedri-ferran-jong-barca-1x1-against-real-madrid-in-the-final-of-the-spanish-super-cup_299909_102","status":"publish","type":"post","link":"https:\/\/www.fcbarcelonanoticias.com\/en\/fc-barcelona\/pedri-ferran-jong-barca-1x1-against-real-madrid-in-the-final-of-the-spanish-super-cup_299909_102.html","title":{"rendered":"Pedri, Ferran, De Jong&#8230; Bar\u00e7a&#8217;s 1&#215;1 against Real Madrid in the final of the Spanish Super Cup"},"content":{"rendered":"<h2 class=\"wp-block-heading\">FC Barcelona remains unconvincing and suffers a forceful blow in the final of the Spanish Super Cup against Real Madrid. Those led by Xavi Hern\u00e1ndez lost 4-1, leaving a poor impression on the field. Next, we evaluate the performance of the Barcelona players<\/h2>  \r\n<div class=\"article-addons\">\r\n    <a href=\"https:\/\/www.fcbarcelonanoticias.com\/en\/calendar-fc-barcelona.html\"\r\n       target=\"_self\"\r\n       title=\"Calendar of FC Barcelona\"\r\n       class=\"blue-gredient-btn\">\r\n       \r\n        Calendar of FC Barcelona    <\/a>\r\n<\/div>   <p>The Football Club Barcelona was &#8216;crushed&#8217; by the Real Madrid in the final of the Supercopa of Spain in Riad, with a marker of 4-1 in favour of the whites. The team of Xavi Hern\u00e1ndez showed desorientado in the terrain of game and paid expensive his errors. In spite of dominating the possession, the Bar\u00e7a committed defensive errors that the merengues took advantage of h\u00e1bilmente. Like this, we witness to the players of the Bar\u00e7a in the defeat in front of the Real Madrid in the final of the Supercopa:<\/p>  <h2>I\u00f1aki Crag: Desamparado<\/h2>  <p>The repeated gaps in the defence and the errors in the passes left to Crag entirely unprotected in front of the whites, little could do the guardameta.<\/p>  <h2>Kound\u00e9: Garrafal<\/h2>  <p>The French had one of his worst desempe\u00f1os in all the season, committing errors garrafales that resulted in more than a goal against for the Bar\u00e7a. A failure in the labeling of Vinicius drove to the first goal, and a clear feeble in the area contributed to the fourth goal of the merengues, standing out like some of the greater &#8216;sung&#8217; of the Barcelona head office during the party. Day to forget.<\/p>  <h2>Christensen: Insulso<\/h2>  <p>It did not have a lot of errors but did not shine in excess. The central made a correct party but was quite slow in the labelings and showed the same of stray in the field that his mates. It was the less bad of the defence.<\/p>  <h2>Ara\u00fajo: Desubicado<\/h2>  <p>This time, the decision of Xavi to assign to Araujo the task to cover to Vinicius went out badly, since the Brazilian modified his position and did not split so much from the band. The charr\u00faa showed desubicado in the labeling of the carioca, the one who moved by the left band with big ease. The central was imprecise in the pass and entirely lost in the saga, something little common for a central of his calibrate.<\/p>  <h2>Balde: Exceeded<\/h2>  <p>The party remained him &#8216;big&#8217; to the side, the one who did not attain to cause any damage by the left band. The technician cul\u00e9 opted by a training without extremes, what improved the incursions of the sides like Balde; however, the young Barcelona defender did not attain to take advantage of this opportunity. Besides, it did not give &#8216;foot with ball&#8217; in the centres and was quite slow in the repliegues.<\/p>  <h2>Sergi Roberto: Stray<\/h2>  <p>The modifications in the alignment also resulted complicated for Sergi Roberto, the one who &#8216;strolled&#8217; by the field without having clear his position. Although theoretically the tactical diagram pretended that the Barcelona captain split from the second line, in the practice finish pursuing the balloon in several occasions of disordered way and entirely desubicado.<\/p>  <h2>G\u00fcndogan: Surpassed<\/h2>  <p>His exert was decreciendo along the party. In the first-half, stood out , especially in the organisation of the game and providing the last pass. However, with the course of the time, his performance diminished until practically disappear in the party.<\/p>  <h2>Frenkie Of Jong: Cold<\/h2>  <p>Although it showed intentions to cause damage from his position, saw eclipsado by the compact centre of the field of the Real Madrid. His paper in the game is crucial, and if it is not in his best form, the performance of the team also sees affected.<\/p>  <h2>Pedri: Mermado<\/h2>  <p>They observe destellos of the big player that is, but notices that it still is not in his best fitness. In the second half, went one of the most stood out players of the team, although it was substituted because of his physical wear.<\/p>  <h2>Lewandowski: Opacado<\/h2>  <p>The only opportunity that had took advantage of it, but the rest of the party saw surpassed by a solid white defence. Rudiger Attained to keep to the Pole under control and cancelled any offensive attempt by part of the ariete.<\/p>  <h2>Ferran Torres: Decided<\/h2>  <p>It was one of the few that did not cease in his attempts during all the party. Had a pair of clear opportunities that were near to turn into goal, but the luck was not of his side. It showed determination to trace back the party, but the white defence was very alert and did not allow that the forward prospered.<\/p>  <h2>Ferm\u00edn: Valiente<\/h2>  <p>When the spirits were just right lower, went out of the bench and gave all what had to try trace back the party. It was one of the few players that showed energy and heart, qualities that seem to be in danger of extinction in this &#8216;desorientado&#8217; Bar\u00e7a of Xavi.<\/p>  <h2>Lamine Yamal: Worker<\/h2>  <p>It tried to do his part, but without obtaining results. It showed dedication and intentions of revertir the party and worked arduously in defence.<\/p>  <h2>Joao F\u00e9lix: Joker<\/h2>  <p>Perhaps it was the ideal stage for his excellent exert like false nine, but Xavi reacted late and entered it when the party already was practically stray. It showed destellos of quality, but did not attain to unchain his best performance.<\/p> ","protected":false},"excerpt":{"rendered":"<p>FC Barcelona remains unconvincing and suffers a forceful blow in the final of the Spanish Super Cup against Real Madrid. Those led by Xavi Hern\u00e1ndez lost 4-1, leaving a poor impression on the field. Next, we evaluate the performance of the Barcelona players The Football Club Barcelona was &#8216;crushed&#8217; by the Real Madrid in the [&hellip;]<\/p>\n","protected":false},"author":344,"featured_media":108646,"comment_status":"closed","ping_status":"open","sticky":false,"template":"","format":"standard","meta":{"_acf_changed":false,"inline_featured_image":false,"_nextfly_llmd_date_locked":false,"footnotes":""},"categories":[445,128],"tags":[183],"class_list":["post-108644","post","type-post","status-publish","format-standard","has-post-thumbnail","hentry","category-spanish-super-cup-2","category-spanish-super-cup","tag-the-1x1"],"acf":[],"yoast_head":"<!-- This site is optimized with the Yoast SEO plugin v27.3 - https:\/\/yoast.com\/product\/yoast-seo-wordpress\/ -->\n<title>Pedri, Ferran, De Jong... Bar\u00e7a&#039;s 1x1 against Real Madrid in the final of the Spanish Super Cup<\/title>\n<meta name=\"description\" content=\"FC Barcelona remains unconvincing and suffers a forceful blow in the final of the Spanish Super Cup against Real Madrid. Those led by Xavi Hern\u00e1ndez lost 4-1, leaving a poor impression on the field. Next, we evaluate the performance of the Barcelona players\" \/>\n<meta name=\"robots\" content=\"index, follow, max-snippet:-1, max-image-preview:large, max-video-preview:-1\" \/>\n<link rel=\"canonical\" href=\"https:\/\/www.fcbarcelonanoticias.com\/en\/fc-barcelona\/pedri-ferran-jong-barca-1x1-against-real-madrid-in-the-final-of-the-spanish-super-cup_299909_102.html\" \/>\n<meta property=\"og:locale\" content=\"en_US\" \/>\n<meta property=\"og:type\" content=\"article\" \/>\n<meta property=\"og:title\" content=\"Pedri, Ferran, De Jong... Bar\u00e7a&#039;s 1x1 against Real Madrid in the final of the Spanish Super Cup\" \/>\n<meta property=\"og:description\" content=\"FC Barcelona remains unconvincing and suffers a forceful blow in the final of the Spanish Super Cup against Real Madrid. Those led by Xavi Hern\u00e1ndez lost 4-1, leaving a poor impression on the field. Next, we evaluate the performance of the Barcelona players\" \/>\n<meta property=\"og:url\" content=\"https:\/\/www.fcbarcelonanoticias.com\/en\/fc-barcelona\/pedri-ferran-jong-barca-1x1-against-real-madrid-in-the-final-of-the-spanish-super-cup_299909_102.html\" \/>\n<meta property=\"og:site_name\" content=\"EN - FC Barcelona Noticias\" \/>\n<meta property=\"article:published_time\" content=\"2024-01-14T21:22:00+00:00\" \/>\n<meta property=\"article:modified_time\" content=\"2024-01-15T10:45:00+00:00\" \/>\n<meta property=\"og:image\" content=\"https:\/\/www.fcbarcelonanoticias.com\/en\/wp-content\/uploads\/sites\/2\/2024\/01\/real-madrid-cf-v-fc-barcelona-super-copa-de-espana-final.jpeg\" \/>\n\t<meta property=\"og:image:width\" content=\"1300\" \/>\n\t<meta property=\"og:image:height\" content=\"730\" \/>\n\t<meta property=\"og:image:type\" content=\"image\/jpeg\" \/>\n<meta name=\"author\" content=\"Ariel Molina\" \/>\n<meta name=\"twitter:card\" content=\"summary_large_image\" \/>\n<meta name=\"twitter:label1\" content=\"Written by\" \/>\n\t<meta name=\"twitter:data1\" content=\"Ariel Molina\" \/>\n\t<meta name=\"twitter:label2\" content=\"Est. reading time\" \/>\n\t<meta name=\"twitter:data2\" content=\"4 minutes\" \/>\n<script type=\"application\/ld+json\" class=\"yoast-schema-graph\">{\"@context\":\"https:\\\/\\\/schema.org\",\"@graph\":[{\"@type\":\"Article\",\"@id\":\"https:\\\/\\\/www.fcbarcelonanoticias.com\\\/en\\\/fc-barcelona\\\/pedri-ferran-jong-barca-1x1-against-real-madrid-in-the-final-of-the-spanish-super-cup_299909_102.html#article\",\"isPartOf\":{\"@id\":\"https:\\\/\\\/www.fcbarcelonanoticias.com\\\/en\\\/fc-barcelona\\\/pedri-ferran-jong-barca-1x1-against-real-madrid-in-the-final-of-the-spanish-super-cup_299909_102.html\"},\"author\":{\"name\":\"Ariel Molina\",\"@id\":\"https:\\\/\\\/www.fcbarcelonanoticias.com\\\/en\\\/#\\\/schema\\\/person\\\/e9820ca62b3ab5d344366c282da4bce7\"},\"headline\":\"Pedri, Ferran, De Jong&#8230; Bar\u00e7a&#8217;s 1&#215;1 against Real Madrid in the final of the Spanish Super Cup\",\"datePublished\":\"2024-01-14T21:22:00+00:00\",\"dateModified\":\"2024-01-15T10:45:00+00:00\",\"mainEntityOfPage\":{\"@id\":\"https:\\\/\\\/www.fcbarcelonanoticias.com\\\/en\\\/fc-barcelona\\\/pedri-ferran-jong-barca-1x1-against-real-madrid-in-the-final-of-the-spanish-super-cup_299909_102.html\"},\"wordCount\":898,\"image\":{\"@id\":\"https:\\\/\\\/www.fcbarcelonanoticias.com\\\/en\\\/fc-barcelona\\\/pedri-ferran-jong-barca-1x1-against-real-madrid-in-the-final-of-the-spanish-super-cup_299909_102.html#primaryimage\"},\"thumbnailUrl\":\"https:\\\/\\\/www.fcbarcelonanoticias.com\\\/en\\\/wp-content\\\/uploads\\\/sites\\\/2\\\/2024\\\/01\\\/real-madrid-cf-v-fc-barcelona-super-copa-de-espana-final.jpeg\",\"keywords\":[\"The 1x1\"],\"articleSection\":[\"Spanish Super Cup\",\"Spanish Super Cup\"],\"inLanguage\":\"en-US\"},{\"@type\":\"WebPage\",\"@id\":\"https:\\\/\\\/www.fcbarcelonanoticias.com\\\/en\\\/fc-barcelona\\\/pedri-ferran-jong-barca-1x1-against-real-madrid-in-the-final-of-the-spanish-super-cup_299909_102.html\",\"url\":\"https:\\\/\\\/www.fcbarcelonanoticias.com\\\/en\\\/fc-barcelona\\\/pedri-ferran-jong-barca-1x1-against-real-madrid-in-the-final-of-the-spanish-super-cup_299909_102.html\",\"name\":\"Pedri, Ferran, De Jong... Bar\u00e7a's 1x1 against Real Madrid in the final of the Spanish Super Cup\",\"isPartOf\":{\"@id\":\"https:\\\/\\\/www.fcbarcelonanoticias.com\\\/en\\\/#website\"},\"primaryImageOfPage\":{\"@id\":\"https:\\\/\\\/www.fcbarcelonanoticias.com\\\/en\\\/fc-barcelona\\\/pedri-ferran-jong-barca-1x1-against-real-madrid-in-the-final-of-the-spanish-super-cup_299909_102.html#primaryimage\"},\"image\":{\"@id\":\"https:\\\/\\\/www.fcbarcelonanoticias.com\\\/en\\\/fc-barcelona\\\/pedri-ferran-jong-barca-1x1-against-real-madrid-in-the-final-of-the-spanish-super-cup_299909_102.html#primaryimage\"},\"thumbnailUrl\":\"https:\\\/\\\/www.fcbarcelonanoticias.com\\\/en\\\/wp-content\\\/uploads\\\/sites\\\/2\\\/2024\\\/01\\\/real-madrid-cf-v-fc-barcelona-super-copa-de-espana-final.jpeg\",\"datePublished\":\"2024-01-14T21:22:00+00:00\",\"dateModified\":\"2024-01-15T10:45:00+00:00\",\"author\":{\"@id\":\"https:\\\/\\\/www.fcbarcelonanoticias.com\\\/en\\\/#\\\/schema\\\/person\\\/e9820ca62b3ab5d344366c282da4bce7\"},\"description\":\"FC Barcelona remains unconvincing and suffers a forceful blow in the final of the Spanish Super Cup against Real Madrid. Those led by Xavi Hern\u00e1ndez lost 4-1, leaving a poor impression on the field. Next, we evaluate the performance of the Barcelona players\",\"breadcrumb\":{\"@id\":\"https:\\\/\\\/www.fcbarcelonanoticias.com\\\/en\\\/fc-barcelona\\\/pedri-ferran-jong-barca-1x1-against-real-madrid-in-the-final-of-the-spanish-super-cup_299909_102.html#breadcrumb\"},\"inLanguage\":\"en-US\",\"potentialAction\":[{\"@type\":\"ReadAction\",\"target\":[\"https:\\\/\\\/www.fcbarcelonanoticias.com\\\/en\\\/fc-barcelona\\\/pedri-ferran-jong-barca-1x1-against-real-madrid-in-the-final-of-the-spanish-super-cup_299909_102.html\"]}]},{\"@type\":\"ImageObject\",\"inLanguage\":\"en-US\",\"@id\":\"https:\\\/\\\/www.fcbarcelonanoticias.com\\\/en\\\/fc-barcelona\\\/pedri-ferran-jong-barca-1x1-against-real-madrid-in-the-final-of-the-spanish-super-cup_299909_102.html#primaryimage\",\"url\":\"https:\\\/\\\/www.fcbarcelonanoticias.com\\\/en\\\/wp-content\\\/uploads\\\/sites\\\/2\\\/2024\\\/01\\\/real-madrid-cf-v-fc-barcelona-super-copa-de-espana-final.jpeg\",\"contentUrl\":\"https:\\\/\\\/www.fcbarcelonanoticias.com\\\/en\\\/wp-content\\\/uploads\\\/sites\\\/2\\\/2024\\\/01\\\/real-madrid-cf-v-fc-barcelona-super-copa-de-espana-final.jpeg\",\"width\":1300,\"height\":730},{\"@type\":\"BreadcrumbList\",\"@id\":\"https:\\\/\\\/www.fcbarcelonanoticias.com\\\/en\\\/fc-barcelona\\\/pedri-ferran-jong-barca-1x1-against-real-madrid-in-the-final-of-the-spanish-super-cup_299909_102.html#breadcrumb\",\"itemListElement\":[{\"@type\":\"ListItem\",\"position\":1,\"name\":\"Portada\",\"item\":\"https:\\\/\\\/www.fcbarcelonanoticias.com\\\/en\\\/\"},{\"@type\":\"ListItem\",\"position\":2,\"name\":\"Pedri, Ferran, De Jong&#8230; Bar\u00e7a&#8217;s 1&#215;1 against Real Madrid in the final of the Spanish Super Cup\"}]},{\"@type\":\"WebSite\",\"@id\":\"https:\\\/\\\/www.fcbarcelonanoticias.com\\\/en\\\/#website\",\"url\":\"https:\\\/\\\/www.fcbarcelonanoticias.com\\\/en\\\/\",\"name\":\"EN - FC Barcelona Noticias\",\"description\":\"\",\"potentialAction\":[{\"@type\":\"SearchAction\",\"target\":{\"@type\":\"EntryPoint\",\"urlTemplate\":\"https:\\\/\\\/www.fcbarcelonanoticias.com\\\/en\\\/?s={search_term_string}\"},\"query-input\":{\"@type\":\"PropertyValueSpecification\",\"valueRequired\":true,\"valueName\":\"search_term_string\"}}],\"inLanguage\":\"en-US\"},{\"@type\":\"Person\",\"@id\":\"https:\\\/\\\/www.fcbarcelonanoticias.com\\\/en\\\/#\\\/schema\\\/person\\\/e9820ca62b3ab5d344366c282da4bce7\",\"name\":\"Ariel Molina\",\"image\":{\"@type\":\"ImageObject\",\"inLanguage\":\"en-US\",\"@id\":\"https:\\\/\\\/secure.gravatar.com\\\/avatar\\\/?s=96&d=mm&r=g\",\"url\":\"https:\\\/\\\/secure.gravatar.com\\\/avatar\\\/?s=96&d=mm&r=g\",\"contentUrl\":\"https:\\\/\\\/secure.gravatar.com\\\/avatar\\\/?s=96&d=mm&r=g\",\"caption\":\"Ariel Molina\"},\"url\":\"https:\\\/\\\/www.fcbarcelonanoticias.com\\\/en\\\/fc-barcelona\\\/ariel-molina_24_115.html\"}]}<\/script>\n<!-- \/ Yoast SEO plugin. -->","yoast_head_json":{"title":"Pedri, Ferran, De Jong... Bar\u00e7a's 1x1 against Real Madrid in the final of the Spanish Super Cup","description":"FC Barcelona remains unconvincing and suffers a forceful blow in the final of the Spanish Super Cup against Real Madrid. Those led by Xavi Hern\u00e1ndez lost 4-1, leaving a poor impression on the field. Next, we evaluate the performance of the Barcelona players","robots":{"index":"index","follow":"follow","max-snippet":"max-snippet:-1","max-image-preview":"max-image-preview:large","max-video-preview":"max-video-preview:-1"},"canonical":"https:\/\/www.fcbarcelonanoticias.com\/en\/fc-barcelona\/pedri-ferran-jong-barca-1x1-against-real-madrid-in-the-final-of-the-spanish-super-cup_299909_102.html","og_locale":"en_US","og_type":"article","og_title":"Pedri, Ferran, De Jong... Bar\u00e7a's 1x1 against Real Madrid in the final of the Spanish Super Cup","og_description":"FC Barcelona remains unconvincing and suffers a forceful blow in the final of the Spanish Super Cup against Real Madrid. Those led by Xavi Hern\u00e1ndez lost 4-1, leaving a poor impression on the field. Next, we evaluate the performance of the Barcelona players","og_url":"https:\/\/www.fcbarcelonanoticias.com\/en\/fc-barcelona\/pedri-ferran-jong-barca-1x1-against-real-madrid-in-the-final-of-the-spanish-super-cup_299909_102.html","og_site_name":"EN - FC Barcelona Noticias","article_published_time":"2024-01-14T21:22:00+00:00","article_modified_time":"2024-01-15T10:45:00+00:00","og_image":[{"width":1300,"height":730,"url":"https:\/\/www.fcbarcelonanoticias.com\/en\/wp-content\/uploads\/sites\/2\/2024\/01\/real-madrid-cf-v-fc-barcelona-super-copa-de-espana-final.jpeg","type":"image\/jpeg"}],"author":"Ariel Molina","twitter_card":"summary_large_image","twitter_misc":{"Written by":"Ariel Molina","Est. reading time":"4 minutes"},"schema":{"@context":"https:\/\/schema.org","@graph":[{"@type":"Article","@id":"https:\/\/www.fcbarcelonanoticias.com\/en\/fc-barcelona\/pedri-ferran-jong-barca-1x1-against-real-madrid-in-the-final-of-the-spanish-super-cup_299909_102.html#article","isPartOf":{"@id":"https:\/\/www.fcbarcelonanoticias.com\/en\/fc-barcelona\/pedri-ferran-jong-barca-1x1-against-real-madrid-in-the-final-of-the-spanish-super-cup_299909_102.html"},"author":{"name":"Ariel Molina","@id":"https:\/\/www.fcbarcelonanoticias.com\/en\/#\/schema\/person\/e9820ca62b3ab5d344366c282da4bce7"},"headline":"Pedri, Ferran, De Jong&#8230; Bar\u00e7a&#8217;s 1&#215;1 against Real Madrid in the final of the Spanish Super Cup","datePublished":"2024-01-14T21:22:00+00:00","dateModified":"2024-01-15T10:45:00+00:00","mainEntityOfPage":{"@id":"https:\/\/www.fcbarcelonanoticias.com\/en\/fc-barcelona\/pedri-ferran-jong-barca-1x1-against-real-madrid-in-the-final-of-the-spanish-super-cup_299909_102.html"},"wordCount":898,"image":{"@id":"https:\/\/www.fcbarcelonanoticias.com\/en\/fc-barcelona\/pedri-ferran-jong-barca-1x1-against-real-madrid-in-the-final-of-the-spanish-super-cup_299909_102.html#primaryimage"},"thumbnailUrl":"https:\/\/www.fcbarcelonanoticias.com\/en\/wp-content\/uploads\/sites\/2\/2024\/01\/real-madrid-cf-v-fc-barcelona-super-copa-de-espana-final.jpeg","keywords":["The 1x1"],"articleSection":["Spanish Super Cup","Spanish Super Cup"],"inLanguage":"en-US"},{"@type":"WebPage","@id":"https:\/\/www.fcbarcelonanoticias.com\/en\/fc-barcelona\/pedri-ferran-jong-barca-1x1-against-real-madrid-in-the-final-of-the-spanish-super-cup_299909_102.html","url":"https:\/\/www.fcbarcelonanoticias.com\/en\/fc-barcelona\/pedri-ferran-jong-barca-1x1-against-real-madrid-in-the-final-of-the-spanish-super-cup_299909_102.html","name":"Pedri, Ferran, De Jong... Bar\u00e7a's 1x1 against Real Madrid in the final of the Spanish Super Cup","isPartOf":{"@id":"https:\/\/www.fcbarcelonanoticias.com\/en\/#website"},"primaryImageOfPage":{"@id":"https:\/\/www.fcbarcelonanoticias.com\/en\/fc-barcelona\/pedri-ferran-jong-barca-1x1-against-real-madrid-in-the-final-of-the-spanish-super-cup_299909_102.html#primaryimage"},"image":{"@id":"https:\/\/www.fcbarcelonanoticias.com\/en\/fc-barcelona\/pedri-ferran-jong-barca-1x1-against-real-madrid-in-the-final-of-the-spanish-super-cup_299909_102.html#primaryimage"},"thumbnailUrl":"https:\/\/www.fcbarcelonanoticias.com\/en\/wp-content\/uploads\/sites\/2\/2024\/01\/real-madrid-cf-v-fc-barcelona-super-copa-de-espana-final.jpeg","datePublished":"2024-01-14T21:22:00+00:00","dateModified":"2024-01-15T10:45:00+00:00","author":{"@id":"https:\/\/www.fcbarcelonanoticias.com\/en\/#\/schema\/person\/e9820ca62b3ab5d344366c282da4bce7"},"description":"FC Barcelona remains unconvincing and suffers a forceful blow in the final of the Spanish Super Cup against Real Madrid. Those led by Xavi Hern\u00e1ndez lost 4-1, leaving a poor impression on the field. Next, we evaluate the performance of the Barcelona players","breadcrumb":{"@id":"https:\/\/www.fcbarcelonanoticias.com\/en\/fc-barcelona\/pedri-ferran-jong-barca-1x1-against-real-madrid-in-the-final-of-the-spanish-super-cup_299909_102.html#breadcrumb"},"inLanguage":"en-US","potentialAction":[{"@type":"ReadAction","target":["https:\/\/www.fcbarcelonanoticias.com\/en\/fc-barcelona\/pedri-ferran-jong-barca-1x1-against-real-madrid-in-the-final-of-the-spanish-super-cup_299909_102.html"]}]},{"@type":"ImageObject","inLanguage":"en-US","@id":"https:\/\/www.fcbarcelonanoticias.com\/en\/fc-barcelona\/pedri-ferran-jong-barca-1x1-against-real-madrid-in-the-final-of-the-spanish-super-cup_299909_102.html#primaryimage","url":"https:\/\/www.fcbarcelonanoticias.com\/en\/wp-content\/uploads\/sites\/2\/2024\/01\/real-madrid-cf-v-fc-barcelona-super-copa-de-espana-final.jpeg","contentUrl":"https:\/\/www.fcbarcelonanoticias.com\/en\/wp-content\/uploads\/sites\/2\/2024\/01\/real-madrid-cf-v-fc-barcelona-super-copa-de-espana-final.jpeg","width":1300,"height":730},{"@type":"BreadcrumbList","@id":"https:\/\/www.fcbarcelonanoticias.com\/en\/fc-barcelona\/pedri-ferran-jong-barca-1x1-against-real-madrid-in-the-final-of-the-spanish-super-cup_299909_102.html#breadcrumb","itemListElement":[{"@type":"ListItem","position":1,"name":"Portada","item":"https:\/\/www.fcbarcelonanoticias.com\/en\/"},{"@type":"ListItem","position":2,"name":"Pedri, Ferran, De Jong&#8230; Bar\u00e7a&#8217;s 1&#215;1 against Real Madrid in the final of the Spanish Super Cup"}]},{"@type":"WebSite","@id":"https:\/\/www.fcbarcelonanoticias.com\/en\/#website","url":"https:\/\/www.fcbarcelonanoticias.com\/en\/","name":"EN - FC Barcelona Noticias","description":"","potentialAction":[{"@type":"SearchAction","target":{"@type":"EntryPoint","urlTemplate":"https:\/\/www.fcbarcelonanoticias.com\/en\/?s={search_term_string}"},"query-input":{"@type":"PropertyValueSpecification","valueRequired":true,"valueName":"search_term_string"}}],"inLanguage":"en-US"},{"@type":"Person","@id":"https:\/\/www.fcbarcelonanoticias.com\/en\/#\/schema\/person\/e9820ca62b3ab5d344366c282da4bce7","name":"Ariel Molina","image":{"@type":"ImageObject","inLanguage":"en-US","@id":"https:\/\/secure.gravatar.com\/avatar\/?s=96&d=mm&r=g","url":"https:\/\/secure.gravatar.com\/avatar\/?s=96&d=mm&r=g","contentUrl":"https:\/\/secure.gravatar.com\/avatar\/?s=96&d=mm&r=g","caption":"Ariel Molina"},"url":"https:\/\/www.fcbarcelonanoticias.com\/en\/fc-barcelona\/ariel-molina_24_115.html"}]}},"_links":{"self":[{"href":"https:\/\/www.fcbarcelonanoticias.com\/en\/wp-json\/wp\/v2\/posts\/108644","targetHints":{"allow":["GET"]}}],"collection":[{"href":"https:\/\/www.fcbarcelonanoticias.com\/en\/wp-json\/wp\/v2\/posts"}],"about":[{"href":"https:\/\/www.fcbarcelonanoticias.com\/en\/wp-json\/wp\/v2\/types\/post"}],"author":[{"embeddable":true,"href":"https:\/\/www.fcbarcelonanoticias.com\/en\/wp-json\/wp\/v2\/users\/344"}],"replies":[{"embeddable":true,"href":"https:\/\/www.fcbarcelonanoticias.com\/en\/wp-json\/wp\/v2\/comments?post=108644"}],"version-history":[{"count":1,"href":"https:\/\/www.fcbarcelonanoticias.com\/en\/wp-json\/wp\/v2\/posts\/108644\/revisions"}],"predecessor-version":[{"id":148442,"href":"https:\/\/www.fcbarcelonanoticias.com\/en\/wp-json\/wp\/v2\/posts\/108644\/revisions\/148442"}],"wp:featuredmedia":[{"embeddable":true,"href":"https:\/\/www.fcbarcelonanoticias.com\/en\/wp-json\/wp\/v2\/media\/108646"}],"wp:attachment":[{"href":"https:\/\/www.fcbarcelonanoticias.com\/en\/wp-json\/wp\/v2\/media?parent=108644"}],"wp:term":[{"taxonomy":"category","embeddable":true,"href":"https:\/\/www.fcbarcelonanoticias.com\/en\/wp-json\/wp\/v2\/categories?post=108644"},{"taxonomy":"post_tag","embeddable":true,"href":"https:\/\/www.fcbarcelonanoticias.com\/en\/wp-json\/wp\/v2\/tags?post=108644"}],"curies":[{"name":"wp","href":"https:\/\/api.w.org\/{rel}","templated":true}]}}