{"id":108770,"date":"2024-11-20T20:24:00","date_gmt":"2024-11-20T19:24:00","guid":{"rendered":"https:\/\/weisetech.dev\/fc-barcelona-noticias\/en\/pedri-puts-his-faith-in-one-of-barcelona-disappointments-of-the-season_308750_102\/"},"modified":"2024-11-21T02:55:00","modified_gmt":"2024-11-21T01:55:00","slug":"pedri-puts-his-faith-in-one-of-barcelona-disappointments-of-the-season_308750_102","status":"publish","type":"post","link":"https:\/\/www.fcbarcelonanoticias.com\/en\/fc-barcelona\/pedri-puts-his-faith-in-one-of-barcelona-disappointments-of-the-season_308750_102.html","title":{"rendered":"Pedri puts his faith in one of Barcelona&#8217;s disappointments of the season"},"content":{"rendered":"<h2 class=\"wp-block-heading\">Frenkie de Jong has had a very inconsistent start to the season. However, Pedri is confident that the Dutchman will return to his best form<\/h2>  \r\n<div class=\"article-addons\">\r\n    <a href=\"https:\/\/www.fcbarcelonanoticias.com\/en\/calendar-fc-barcelona.html\"\r\n       target=\"_self\"\r\n       title=\"Calendar of FC Barcelona\"\r\n       class=\"blue-gredient-btn\">\r\n       \r\n        Calendar of FC Barcelona    <\/a>\r\n<\/div>   <p><strong>Frenkie de Jong<\/strong>&#8216;s season has been full of &#8216;ups and downs&#8217;. The Dutchman returned in October after being out for five months due to his right ankle injury, and since then he has only missed one game with <strong>FC Barcelona<\/strong>. However, his performance has been very irregular, showing a good level in some matches while in others he left more doubts than certainties.<\/p>  <p>It is clear that the footballer is still not at 100% of his potential and is still trying to recover sensations, <a data-external=\"0\" data-intl-links-en=\"https:\/\/www.fcbarcelonanoticias.com\/en\/fc-barcelona\/barcelona-star-admits-his-bad-moment-don-have-the-same-feelings-as-before_308666_102.html\" data-intl-links-es=\"https:\/\/www.fcbarcelonanoticias.com\/fc-barcelona\/figura-barcelona-reconoce-su-mal-momento-no-tengo-mismas-sensaciones-antes_308666_102.html\" href=\"https:\/\/www.fcbarcelonanoticias.com\/en\/fc-barcelona\/barcelona-star-admits-his-bad-moment-don-have-the-same-feelings-as-before_308666_102.html\" rel=\"follow\" target=\"_self\" title=\"A Barcelona star admits his bad moment: &quot;I don't have the same feelings as before&quot;\">as he confessed a few days ago from the concentration in the Netherlands<\/a>. Despite this, the midfielder has the confidence of <strong>Hansi Flick <\/strong>and the locker room, with <strong>Pedri <\/strong>being the last to come forward to praise his teammate.<\/p>  <h3>Pedri hopes to see the best Frenkie again<\/h3>  <p>In an interview given a few days ago to <strong>LaLiga<\/strong>, the Canary Islander praised <strong>Frenkie&#8217;s <\/strong>work in the Cl\u00e1sico against <strong>Real Madrid<\/strong>, and maintained that the footballer will return to his best version soon. &#8220;<strong>Frenkie&#8217;s entrance changed the game<\/strong>, he gives you a lot with the ball and I&#8217;m very happy that he&#8217;s getting to his level <strong>and we&#8217;re going to see the best Frenkie for sure<\/strong>,&#8221; were the words of the Tenerife player.<\/p>  <p><strong>Pedri <\/strong>also highlighted the role of <strong>Flick <\/strong>in <strong>Bar\u00e7a&#8217;s <\/strong>recent success, stating that &#8220;he makes us believe in what we are capable of. Apart from football, in personal dealings he is always looking out for those who are not playing, so that we are all happy and a family.&#8221;<\/p>  <p>&#8220;He always tells us to try to finish the plays, but with confidence you try different things and when the team is like that, everything works out,&#8221; concluded the Bar\u00e7a &#8216;8&#8217;, who is being one of the key pieces of the German&#8217;s new project at the <strong>Spotify Camp Nou<\/strong>.<\/p> ","protected":false},"excerpt":{"rendered":"<p>Frenkie de Jong has had a very inconsistent start to the season. However, Pedri is confident that the Dutchman will return to his best form Frenkie de Jong&#8216;s season has been full of &#8216;ups and downs&#8217;. The Dutchman returned in October after being out for five months due to his right ankle injury, and since [&hellip;]<\/p>\n","protected":false},"author":358,"featured_media":108772,"comment_status":"closed","ping_status":"open","sticky":false,"template":"","format":"standard","meta":{"_acf_changed":false,"inline_featured_image":false,"_nextfly_llmd_date_locked":false,"footnotes":""},"categories":[111],"tags":[],"class_list":["post-108770","post","type-post","status-publish","format-standard","has-post-thumbnail","hentry","category-fc-barcelona"],"acf":[],"yoast_head":"<!-- This site is optimized with the Yoast SEO plugin v27.3 - https:\/\/yoast.com\/product\/yoast-seo-wordpress\/ -->\n<title>Pedri puts his faith in one of Barcelona&#039;s disappointments of the season<\/title>\n<meta name=\"description\" content=\"Frenkie de Jong has had a very inconsistent start to the season. However, Pedri is confident that the Dutchman will return to his best form\" \/>\n<meta name=\"robots\" content=\"index, follow, max-snippet:-1, max-image-preview:large, max-video-preview:-1\" \/>\n<link rel=\"canonical\" href=\"https:\/\/www.fcbarcelonanoticias.com\/en\/fc-barcelona\/pedri-puts-his-faith-in-one-of-barcelona-disappointments-of-the-season_308750_102.html\" \/>\n<meta property=\"og:locale\" content=\"en_US\" \/>\n<meta property=\"og:type\" content=\"article\" \/>\n<meta property=\"og:title\" content=\"Pedri puts his faith in one of Barcelona&#039;s disappointments of the season\" \/>\n<meta property=\"og:description\" content=\"Frenkie de Jong has had a very inconsistent start to the season. However, Pedri is confident that the Dutchman will return to his best form\" \/>\n<meta property=\"og:url\" content=\"https:\/\/www.fcbarcelonanoticias.com\/en\/fc-barcelona\/pedri-puts-his-faith-in-one-of-barcelona-disappointments-of-the-season_308750_102.html\" \/>\n<meta property=\"og:site_name\" content=\"EN - FC Barcelona Noticias\" \/>\n<meta property=\"article:published_time\" content=\"2024-11-20T19:24:00+00:00\" \/>\n<meta property=\"article:modified_time\" content=\"2024-11-21T01:55:00+00:00\" \/>\n<meta property=\"og:image\" content=\"https:\/\/www.fcbarcelonanoticias.com\/en\/wp-content\/uploads\/sites\/2\/2024\/11\/pedri-gonzalez-barcelona.jpeg\" \/>\n\t<meta property=\"og:image:width\" content=\"1250\" \/>\n\t<meta property=\"og:image:height\" content=\"730\" \/>\n\t<meta property=\"og:image:type\" content=\"image\/jpeg\" \/>\n<meta name=\"author\" content=\"Juan Pablo Berdugo\" \/>\n<meta name=\"twitter:card\" content=\"summary_large_image\" \/>\n<meta name=\"twitter:label1\" content=\"Written by\" \/>\n\t<meta name=\"twitter:data1\" content=\"Juan Pablo Berdugo\" \/>\n\t<meta name=\"twitter:label2\" content=\"Est. reading time\" \/>\n\t<meta name=\"twitter:data2\" content=\"2 minutes\" \/>\n<script type=\"application\/ld+json\" class=\"yoast-schema-graph\">{\"@context\":\"https:\\\/\\\/schema.org\",\"@graph\":[{\"@type\":\"Article\",\"@id\":\"https:\\\/\\\/www.fcbarcelonanoticias.com\\\/en\\\/fc-barcelona\\\/pedri-puts-his-faith-in-one-of-barcelona-disappointments-of-the-season_308750_102.html#article\",\"isPartOf\":{\"@id\":\"https:\\\/\\\/www.fcbarcelonanoticias.com\\\/en\\\/fc-barcelona\\\/pedri-puts-his-faith-in-one-of-barcelona-disappointments-of-the-season_308750_102.html\"},\"author\":{\"name\":\"Juan Pablo Berdugo\",\"@id\":\"https:\\\/\\\/www.fcbarcelonanoticias.com\\\/en\\\/#\\\/schema\\\/person\\\/88d756918a0a1ae9fa593b5edddd1815\"},\"headline\":\"Pedri puts his faith in one of Barcelona&#8217;s disappointments of the season\",\"datePublished\":\"2024-11-20T19:24:00+00:00\",\"dateModified\":\"2024-11-21T01:55:00+00:00\",\"mainEntityOfPage\":{\"@id\":\"https:\\\/\\\/www.fcbarcelonanoticias.com\\\/en\\\/fc-barcelona\\\/pedri-puts-his-faith-in-one-of-barcelona-disappointments-of-the-season_308750_102.html\"},\"wordCount\":350,\"image\":{\"@id\":\"https:\\\/\\\/www.fcbarcelonanoticias.com\\\/en\\\/fc-barcelona\\\/pedri-puts-his-faith-in-one-of-barcelona-disappointments-of-the-season_308750_102.html#primaryimage\"},\"thumbnailUrl\":\"https:\\\/\\\/www.fcbarcelonanoticias.com\\\/en\\\/wp-content\\\/uploads\\\/sites\\\/2\\\/2024\\\/11\\\/pedri-gonzalez-barcelona.jpeg\",\"articleSection\":[\"FC Barcelona\"],\"inLanguage\":\"en-US\"},{\"@type\":\"WebPage\",\"@id\":\"https:\\\/\\\/www.fcbarcelonanoticias.com\\\/en\\\/fc-barcelona\\\/pedri-puts-his-faith-in-one-of-barcelona-disappointments-of-the-season_308750_102.html\",\"url\":\"https:\\\/\\\/www.fcbarcelonanoticias.com\\\/en\\\/fc-barcelona\\\/pedri-puts-his-faith-in-one-of-barcelona-disappointments-of-the-season_308750_102.html\",\"name\":\"Pedri puts his faith in one of Barcelona's disappointments of the season\",\"isPartOf\":{\"@id\":\"https:\\\/\\\/www.fcbarcelonanoticias.com\\\/en\\\/#website\"},\"primaryImageOfPage\":{\"@id\":\"https:\\\/\\\/www.fcbarcelonanoticias.com\\\/en\\\/fc-barcelona\\\/pedri-puts-his-faith-in-one-of-barcelona-disappointments-of-the-season_308750_102.html#primaryimage\"},\"image\":{\"@id\":\"https:\\\/\\\/www.fcbarcelonanoticias.com\\\/en\\\/fc-barcelona\\\/pedri-puts-his-faith-in-one-of-barcelona-disappointments-of-the-season_308750_102.html#primaryimage\"},\"thumbnailUrl\":\"https:\\\/\\\/www.fcbarcelonanoticias.com\\\/en\\\/wp-content\\\/uploads\\\/sites\\\/2\\\/2024\\\/11\\\/pedri-gonzalez-barcelona.jpeg\",\"datePublished\":\"2024-11-20T19:24:00+00:00\",\"dateModified\":\"2024-11-21T01:55:00+00:00\",\"author\":{\"@id\":\"https:\\\/\\\/www.fcbarcelonanoticias.com\\\/en\\\/#\\\/schema\\\/person\\\/88d756918a0a1ae9fa593b5edddd1815\"},\"description\":\"Frenkie de Jong has had a very inconsistent start to the season. However, Pedri is confident that the Dutchman will return to his best form\",\"breadcrumb\":{\"@id\":\"https:\\\/\\\/www.fcbarcelonanoticias.com\\\/en\\\/fc-barcelona\\\/pedri-puts-his-faith-in-one-of-barcelona-disappointments-of-the-season_308750_102.html#breadcrumb\"},\"inLanguage\":\"en-US\",\"potentialAction\":[{\"@type\":\"ReadAction\",\"target\":[\"https:\\\/\\\/www.fcbarcelonanoticias.com\\\/en\\\/fc-barcelona\\\/pedri-puts-his-faith-in-one-of-barcelona-disappointments-of-the-season_308750_102.html\"]}]},{\"@type\":\"ImageObject\",\"inLanguage\":\"en-US\",\"@id\":\"https:\\\/\\\/www.fcbarcelonanoticias.com\\\/en\\\/fc-barcelona\\\/pedri-puts-his-faith-in-one-of-barcelona-disappointments-of-the-season_308750_102.html#primaryimage\",\"url\":\"https:\\\/\\\/www.fcbarcelonanoticias.com\\\/en\\\/wp-content\\\/uploads\\\/sites\\\/2\\\/2024\\\/11\\\/pedri-gonzalez-barcelona.jpeg\",\"contentUrl\":\"https:\\\/\\\/www.fcbarcelonanoticias.com\\\/en\\\/wp-content\\\/uploads\\\/sites\\\/2\\\/2024\\\/11\\\/pedri-gonzalez-barcelona.jpeg\",\"width\":1250,\"height\":730},{\"@type\":\"BreadcrumbList\",\"@id\":\"https:\\\/\\\/www.fcbarcelonanoticias.com\\\/en\\\/fc-barcelona\\\/pedri-puts-his-faith-in-one-of-barcelona-disappointments-of-the-season_308750_102.html#breadcrumb\",\"itemListElement\":[{\"@type\":\"ListItem\",\"position\":1,\"name\":\"Portada\",\"item\":\"https:\\\/\\\/www.fcbarcelonanoticias.com\\\/en\\\/\"},{\"@type\":\"ListItem\",\"position\":2,\"name\":\"Pedri puts his faith in one of Barcelona&#8217;s disappointments of the season\"}]},{\"@type\":\"WebSite\",\"@id\":\"https:\\\/\\\/www.fcbarcelonanoticias.com\\\/en\\\/#website\",\"url\":\"https:\\\/\\\/www.fcbarcelonanoticias.com\\\/en\\\/\",\"name\":\"EN - FC Barcelona Noticias\",\"description\":\"\",\"potentialAction\":[{\"@type\":\"SearchAction\",\"target\":{\"@type\":\"EntryPoint\",\"urlTemplate\":\"https:\\\/\\\/www.fcbarcelonanoticias.com\\\/en\\\/?s={search_term_string}\"},\"query-input\":{\"@type\":\"PropertyValueSpecification\",\"valueRequired\":true,\"valueName\":\"search_term_string\"}}],\"inLanguage\":\"en-US\"},{\"@type\":\"Person\",\"@id\":\"https:\\\/\\\/www.fcbarcelonanoticias.com\\\/en\\\/#\\\/schema\\\/person\\\/88d756918a0a1ae9fa593b5edddd1815\",\"name\":\"Juan Pablo Berdugo\",\"image\":{\"@type\":\"ImageObject\",\"inLanguage\":\"en-US\",\"@id\":\"https:\\\/\\\/secure.gravatar.com\\\/avatar\\\/?s=96&d=mm&r=g\",\"url\":\"https:\\\/\\\/secure.gravatar.com\\\/avatar\\\/?s=96&d=mm&r=g\",\"contentUrl\":\"https:\\\/\\\/secure.gravatar.com\\\/avatar\\\/?s=96&d=mm&r=g\",\"caption\":\"Juan Pablo Berdugo\"},\"description\":\"Juan Pablo Berdugo es graduado en Periodismo. Colabora con FCBN como especialista en informaci\u00f3n del primer equipo del FC Barcelona, f\u00fatbol internacional y mercado de fichajes. Destaca por su enfoque anal\u00edtico, su rigor informativo y su capacidad para detectar tendencias emergentes en el f\u00fatbol global.\",\"url\":\"https:\\\/\\\/www.fcbarcelonanoticias.com\\\/en\\\/fc-barcelona\\\/juan-pablo-berdugo_18_115.html\"}]}<\/script>\n<!-- \/ Yoast SEO plugin. -->","yoast_head_json":{"title":"Pedri puts his faith in one of Barcelona's disappointments of the season","description":"Frenkie de Jong has had a very inconsistent start to the season. However, Pedri is confident that the Dutchman will return to his best form","robots":{"index":"index","follow":"follow","max-snippet":"max-snippet:-1","max-image-preview":"max-image-preview:large","max-video-preview":"max-video-preview:-1"},"canonical":"https:\/\/www.fcbarcelonanoticias.com\/en\/fc-barcelona\/pedri-puts-his-faith-in-one-of-barcelona-disappointments-of-the-season_308750_102.html","og_locale":"en_US","og_type":"article","og_title":"Pedri puts his faith in one of Barcelona's disappointments of the season","og_description":"Frenkie de Jong has had a very inconsistent start to the season. However, Pedri is confident that the Dutchman will return to his best form","og_url":"https:\/\/www.fcbarcelonanoticias.com\/en\/fc-barcelona\/pedri-puts-his-faith-in-one-of-barcelona-disappointments-of-the-season_308750_102.html","og_site_name":"EN - FC Barcelona Noticias","article_published_time":"2024-11-20T19:24:00+00:00","article_modified_time":"2024-11-21T01:55:00+00:00","og_image":[{"width":1250,"height":730,"url":"https:\/\/www.fcbarcelonanoticias.com\/en\/wp-content\/uploads\/sites\/2\/2024\/11\/pedri-gonzalez-barcelona.jpeg","type":"image\/jpeg"}],"author":"Juan Pablo Berdugo","twitter_card":"summary_large_image","twitter_misc":{"Written by":"Juan Pablo Berdugo","Est. reading time":"2 minutes"},"schema":{"@context":"https:\/\/schema.org","@graph":[{"@type":"Article","@id":"https:\/\/www.fcbarcelonanoticias.com\/en\/fc-barcelona\/pedri-puts-his-faith-in-one-of-barcelona-disappointments-of-the-season_308750_102.html#article","isPartOf":{"@id":"https:\/\/www.fcbarcelonanoticias.com\/en\/fc-barcelona\/pedri-puts-his-faith-in-one-of-barcelona-disappointments-of-the-season_308750_102.html"},"author":{"name":"Juan Pablo Berdugo","@id":"https:\/\/www.fcbarcelonanoticias.com\/en\/#\/schema\/person\/88d756918a0a1ae9fa593b5edddd1815"},"headline":"Pedri puts his faith in one of Barcelona&#8217;s disappointments of the season","datePublished":"2024-11-20T19:24:00+00:00","dateModified":"2024-11-21T01:55:00+00:00","mainEntityOfPage":{"@id":"https:\/\/www.fcbarcelonanoticias.com\/en\/fc-barcelona\/pedri-puts-his-faith-in-one-of-barcelona-disappointments-of-the-season_308750_102.html"},"wordCount":350,"image":{"@id":"https:\/\/www.fcbarcelonanoticias.com\/en\/fc-barcelona\/pedri-puts-his-faith-in-one-of-barcelona-disappointments-of-the-season_308750_102.html#primaryimage"},"thumbnailUrl":"https:\/\/www.fcbarcelonanoticias.com\/en\/wp-content\/uploads\/sites\/2\/2024\/11\/pedri-gonzalez-barcelona.jpeg","articleSection":["FC Barcelona"],"inLanguage":"en-US"},{"@type":"WebPage","@id":"https:\/\/www.fcbarcelonanoticias.com\/en\/fc-barcelona\/pedri-puts-his-faith-in-one-of-barcelona-disappointments-of-the-season_308750_102.html","url":"https:\/\/www.fcbarcelonanoticias.com\/en\/fc-barcelona\/pedri-puts-his-faith-in-one-of-barcelona-disappointments-of-the-season_308750_102.html","name":"Pedri puts his faith in one of Barcelona's disappointments of the season","isPartOf":{"@id":"https:\/\/www.fcbarcelonanoticias.com\/en\/#website"},"primaryImageOfPage":{"@id":"https:\/\/www.fcbarcelonanoticias.com\/en\/fc-barcelona\/pedri-puts-his-faith-in-one-of-barcelona-disappointments-of-the-season_308750_102.html#primaryimage"},"image":{"@id":"https:\/\/www.fcbarcelonanoticias.com\/en\/fc-barcelona\/pedri-puts-his-faith-in-one-of-barcelona-disappointments-of-the-season_308750_102.html#primaryimage"},"thumbnailUrl":"https:\/\/www.fcbarcelonanoticias.com\/en\/wp-content\/uploads\/sites\/2\/2024\/11\/pedri-gonzalez-barcelona.jpeg","datePublished":"2024-11-20T19:24:00+00:00","dateModified":"2024-11-21T01:55:00+00:00","author":{"@id":"https:\/\/www.fcbarcelonanoticias.com\/en\/#\/schema\/person\/88d756918a0a1ae9fa593b5edddd1815"},"description":"Frenkie de Jong has had a very inconsistent start to the season. However, Pedri is confident that the Dutchman will return to his best form","breadcrumb":{"@id":"https:\/\/www.fcbarcelonanoticias.com\/en\/fc-barcelona\/pedri-puts-his-faith-in-one-of-barcelona-disappointments-of-the-season_308750_102.html#breadcrumb"},"inLanguage":"en-US","potentialAction":[{"@type":"ReadAction","target":["https:\/\/www.fcbarcelonanoticias.com\/en\/fc-barcelona\/pedri-puts-his-faith-in-one-of-barcelona-disappointments-of-the-season_308750_102.html"]}]},{"@type":"ImageObject","inLanguage":"en-US","@id":"https:\/\/www.fcbarcelonanoticias.com\/en\/fc-barcelona\/pedri-puts-his-faith-in-one-of-barcelona-disappointments-of-the-season_308750_102.html#primaryimage","url":"https:\/\/www.fcbarcelonanoticias.com\/en\/wp-content\/uploads\/sites\/2\/2024\/11\/pedri-gonzalez-barcelona.jpeg","contentUrl":"https:\/\/www.fcbarcelonanoticias.com\/en\/wp-content\/uploads\/sites\/2\/2024\/11\/pedri-gonzalez-barcelona.jpeg","width":1250,"height":730},{"@type":"BreadcrumbList","@id":"https:\/\/www.fcbarcelonanoticias.com\/en\/fc-barcelona\/pedri-puts-his-faith-in-one-of-barcelona-disappointments-of-the-season_308750_102.html#breadcrumb","itemListElement":[{"@type":"ListItem","position":1,"name":"Portada","item":"https:\/\/www.fcbarcelonanoticias.com\/en\/"},{"@type":"ListItem","position":2,"name":"Pedri puts his faith in one of Barcelona&#8217;s disappointments of the season"}]},{"@type":"WebSite","@id":"https:\/\/www.fcbarcelonanoticias.com\/en\/#website","url":"https:\/\/www.fcbarcelonanoticias.com\/en\/","name":"EN - FC Barcelona Noticias","description":"","potentialAction":[{"@type":"SearchAction","target":{"@type":"EntryPoint","urlTemplate":"https:\/\/www.fcbarcelonanoticias.com\/en\/?s={search_term_string}"},"query-input":{"@type":"PropertyValueSpecification","valueRequired":true,"valueName":"search_term_string"}}],"inLanguage":"en-US"},{"@type":"Person","@id":"https:\/\/www.fcbarcelonanoticias.com\/en\/#\/schema\/person\/88d756918a0a1ae9fa593b5edddd1815","name":"Juan Pablo Berdugo","image":{"@type":"ImageObject","inLanguage":"en-US","@id":"https:\/\/secure.gravatar.com\/avatar\/?s=96&d=mm&r=g","url":"https:\/\/secure.gravatar.com\/avatar\/?s=96&d=mm&r=g","contentUrl":"https:\/\/secure.gravatar.com\/avatar\/?s=96&d=mm&r=g","caption":"Juan Pablo Berdugo"},"description":"Juan Pablo Berdugo es graduado en Periodismo. Colabora con FCBN como especialista en informaci\u00f3n del primer equipo del FC Barcelona, f\u00fatbol internacional y mercado de fichajes. Destaca por su enfoque anal\u00edtico, su rigor informativo y su capacidad para detectar tendencias emergentes en el f\u00fatbol global.","url":"https:\/\/www.fcbarcelonanoticias.com\/en\/fc-barcelona\/juan-pablo-berdugo_18_115.html"}]}},"_links":{"self":[{"href":"https:\/\/www.fcbarcelonanoticias.com\/en\/wp-json\/wp\/v2\/posts\/108770","targetHints":{"allow":["GET"]}}],"collection":[{"href":"https:\/\/www.fcbarcelonanoticias.com\/en\/wp-json\/wp\/v2\/posts"}],"about":[{"href":"https:\/\/www.fcbarcelonanoticias.com\/en\/wp-json\/wp\/v2\/types\/post"}],"author":[{"embeddable":true,"href":"https:\/\/www.fcbarcelonanoticias.com\/en\/wp-json\/wp\/v2\/users\/358"}],"replies":[{"embeddable":true,"href":"https:\/\/www.fcbarcelonanoticias.com\/en\/wp-json\/wp\/v2\/comments?post=108770"}],"version-history":[{"count":1,"href":"https:\/\/www.fcbarcelonanoticias.com\/en\/wp-json\/wp\/v2\/posts\/108770\/revisions"}],"predecessor-version":[{"id":148450,"href":"https:\/\/www.fcbarcelonanoticias.com\/en\/wp-json\/wp\/v2\/posts\/108770\/revisions\/148450"}],"wp:featuredmedia":[{"embeddable":true,"href":"https:\/\/www.fcbarcelonanoticias.com\/en\/wp-json\/wp\/v2\/media\/108772"}],"wp:attachment":[{"href":"https:\/\/www.fcbarcelonanoticias.com\/en\/wp-json\/wp\/v2\/media?parent=108770"}],"wp:term":[{"taxonomy":"category","embeddable":true,"href":"https:\/\/www.fcbarcelonanoticias.com\/en\/wp-json\/wp\/v2\/categories?post=108770"},{"taxonomy":"post_tag","embeddable":true,"href":"https:\/\/www.fcbarcelonanoticias.com\/en\/wp-json\/wp\/v2\/tags?post=108770"}],"curies":[{"name":"wp","href":"https:\/\/api.w.org\/{rel}","templated":true}]}}