{"id":108898,"date":"2025-03-19T16:39:00","date_gmt":"2025-03-19T15:39:00","guid":{"rendered":"https:\/\/weisetech.dev\/fc-barcelona-noticias\/en\/pedri-without-filters-his-bond-with-xavi-his-best-version-and-his-ambition-at-barca_311591_102\/"},"modified":"2025-03-19T19:31:00","modified_gmt":"2025-03-19T18:31:00","slug":"pedri-without-filters-his-bond-with-xavi-his-best-version-and-his-ambition-at-barca_311591_102","status":"publish","type":"post","link":"https:\/\/www.fcbarcelonanoticias.com\/en\/fc-barcelona\/pedri-without-filters-his-bond-with-xavi-his-best-version-and-his-ambition-at-barca_311591_102.html","title":{"rendered":"Pedri, without filters: his bond with Xavi, his best version, and his ambition at Bar\u00e7a"},"content":{"rendered":"<h2 class=\"wp-block-heading\">Pedri denies rumors about Xavi and shares his football rebirth and ambitions<\/h2>  \r\n<div class=\"article-addons\">\r\n    <a href=\"https:\/\/www.fcbarcelonanoticias.com\/en\/calendar-fc-barcelona.html\"\r\n       target=\"_self\"\r\n       title=\"Calendar of FC Barcelona\"\r\n       class=\"blue-gredient-btn\">\r\n       \r\n        Calendar of FC Barcelona    <\/a>\r\n<\/div>   <p>With just over 48 hours before facing the Netherlands national team, <strong>Pedri Gonz\u00e1lez<\/strong> gave an interview to the program &#8216;T\u00fa Dir\u00e1s&#8217; on RAC1 from Spain&#8217;s training camp in Las Rozas. The Canary Islander held nothing back and revealed details about his relationship with <strong>Xavi Hern\u00e1ndez<\/strong>, his first conversation with <strong>Ronald Koeman<\/strong>, and the rumors about his nightlife, in addition to discussing his outstanding present at <strong>FC Barcelona<\/strong>.<\/p>  <p>After the comeback at the Metropolitano, <a data-external=\"0\" data-intl-links-en=\"https:\/\/www.fcbarcelonanoticias.com\/en\/fc-barcelona\/pau-cubarsi-speaks-out-about-barca-treble-is-it-possible_311584_102.html\" data-intl-links-es=\"https:\/\/www.fcbarcelonanoticias.com\/fc-barcelona\/pau-cubarsi-se-moja-sobre-triplete-barca-es-posible_311584_102.html\" href=\"https:\/\/www.fcbarcelonanoticias.com\/en\/fc-barcelona\/pau-cubarsi-speaks-out-about-barca-treble-is-it-possible_311584_102.html\" rel=\"follow\" target=\"_self\" title=\"Pau Cubars\u00ed speaks out about Bar\u00e7a's treble: is it possible?\">the cul\u00e9s dream more than ever of the treble<\/a>. &#8220;Despite being down 2-0, we knew we would have chances. It\u2019s also true that Lewandowski&#8217;s goal right after their second helped us a lot. <strong>We are a team that always believes in its possibilities and creates many chances<\/strong>,&#8221; commented the midfielder.<\/p>  <p>&#8220;Regardless of what happens, whether we play with one less or are losing by two goals, we always try to give our best. <strong>It\u2019s nice to win by coming from behind, but I prefer to do it in a calmer way<\/strong>. The confidence we have in ourselves surpasses everything else,&#8221; he added.<\/p>  <blockquote> <p>&#8220;Not having two players like Ara\u00fajo and Raphinha hurts us&#8221;<\/p> <\/blockquote>  <p>The midfielder was not oblivious to <a data-external=\"0\" data-intl-links-en=\"https:\/\/www.fcbarcelonanoticias.com\/en\/laliga\/barca-clings-to-madrid-precedent-to-change-the-date-of-the-match-against-osasuna_311569_102.html\" data-intl-links-es=\"https:\/\/www.fcbarcelonanoticias.com\/laliga\/barca-se-aferra-precedente-madrid-cambiar-fecha-partido-osasuna_311569_102.html\" href=\"https:\/\/www.fcbarcelonanoticias.com\/en\/laliga\/barca-clings-to-madrid-precedent-to-change-the-date-of-the-match-against-osasuna_311569_102.html\" rel=\"follow\" target=\"_self\" title=\"Bar\u00e7a clings to a Madrid precedent to change the date of the match against Osasuna\">the controversy over the date of the pending match against Osasuna<\/a>, stating that &#8220;<strong>I find it a bit strange. I didn\u2019t know they would schedule the match on that date<\/strong>. Madrid already complained about the 72 hours of rest&#8230; It\u2019s true that there aren\u2019t many dates, but not having two players like Ara\u00fajo and Raphinha hurts us.&#8221;<\/p>  <h2>The treble and his form<\/h2>  <p>Regarding the possibility of winning the three main titles of the season, <strong>Pedri<\/strong> assured that &#8220;right now we are alive in all competitions. The treble? We are young and we have to think big. We have the ambition to win many titles.&#8221; However, the player confessed that &#8220;<strong>it would mean a lot to me to win the Champions League<\/strong>. It\u2019s a title I haven\u2019t won and Bar\u00e7a hasn\u2019t lifted it in a long time.&#8221;<\/p>  <p>To achieve this, the Catalans must first defeat <strong>Borussia Dortmund<\/strong>. A rival that, according to Gonz\u00e1lez, will be &#8220;tough, we have faced them before and we know they won\u2019t give us anything. I\u2019m convinced we will have a good tie.&#8221; Additionally, the &#8216;8&#8217; signed off on a Champions League final with Madrid, stating, &#8220;Why not? <strong>We shouldn\u2019t be afraid of anyone<\/strong>.&#8221;<\/p>  <blockquote> <p>&#8220;I feel like I\u2019m in the best moment of my career&#8221;<\/p> <\/blockquote>  <p>The player from Tegueste will play a key role in this objective, as he is one of the players in the best form at Bar\u00e7a, and revealed what he has done to leave his physical problems behind and reconnect with his best version. &#8220;<strong>Playing regularly helps me<\/strong>. I feel the effects of having many days between matches. I feel more tired. I feel like I\u2019m in the best moment of my career,&#8221; he explained.<\/p>  <p>&#8220;I have worked hard to be at this level. I haven\u2019t changed anything about my diet, but the work I do is different. I no longer lift weights, it\u2019s all about stretching and bands. For me, that works best. In the end, it\u2019s about trying different things and seeing what helps you avoid injuries. <strong>I\u2019m no longer afraid to do it; that\u2019s in the past<\/strong>,&#8221; he added.<\/p>  <p>This spectacular moment places him among the favorites to win the <strong>Ballon d&#8217;Or<\/strong>. Regarding this, <strong>Pedri<\/strong> stated that &#8220;when you hear about the Ballon d&#8217;Or, it\u2019s very nice to be valued. I prefer to win titles with the team, and if it comes, then better. It\u2019s already a dream to be among the nominees.&#8221;<\/p>  <h2>Pedri&#8217;s 1-on-1 on the Bar\u00e7a locker room<\/h2>  <p>Gonz\u00e1lez has &#8216;weighed in&#8217; on the debate between Frenkie de Jong and Marc Casad\u00f3. The Tenerife native praised the Dutchman, stating that &#8220;<strong>when he has the ball, he\u2019s incredible; I\u2019m very calm<\/strong>. His dribbling to break lines is a spectacle. We have him and Casad\u00f3. They are different profiles. Casad\u00f3 is more positional and defensive. Frenkie contributes more by breaking lines. Depending on the match, we can choose one or the other.&#8221;<\/p>  <p>About Dani Olmo and his compatibility on the field, the Canary Islander revealed that &#8220;I remember when during the Eurocup they said we couldn\u2019t play together, that we didn\u2019t have a good relationship&#8230; <strong>We laughed a lot because we have an excellent relationship. I enjoy playing with him a lot<\/strong>. No one turns between lines like he does. His first touch is amazing and he brings a lot of quality. He also scores goals and provides assists&#8230;&#8221;<\/p>  <p>Regarding Ferran Torres&#8217; great present and his new role as Bar\u00e7a&#8217;s &#8216;super sub&#8217;, the Canary Islander maintained that &#8220;it\u2019s complicated to talk about someone as a substitute. He\u2019s a player who, when going into space, is wonderful. Besides, he scores goals, despite what they say about him missing many chances&#8230; And he presses. <strong>He\u2019s a spectacular player<\/strong>.&#8221;<\/p>  <p>The &#8216;8&#8217; cul\u00e9 has established himself as the ideal complement to the &#8216;LRL&#8217;. About the trident, the player stated, &#8220;What more can I say? Lamine in one-on-one situations is differential; it seems like it\u2019s easy for him to dribble past the first opponent. They also said he didn\u2019t score goals&#8230; Well, he did on Sunday. Lewandowski is one of the best finishers in history, and Rafa&#8230; He does it all. It\u2019s a marvel.&#8221;<\/p>  <p>Additionally, he praised Raphinha, asserting that &#8220;he\u2019s the one who has surprised me the most with his performance. He deserves it for how hard he has worked to get here. As captain, he\u2019s all heart. Always eager to work. <strong>When you see someone giving their all like he does, running and pressing, it infects the whole team<\/strong>. And that\u2019s very good.&#8221;<\/p>  <h2>Pedri&#8217;s coaches and rumors about his nightlife<\/h2>  <p>The Canary Islander confessed details of his first conversation with Ronald Koeman, his first coach at Bar\u00e7a. &#8220;I had just arrived and we met in a hotel. <strong>I approached to talk to him, and he had a look of &#8216;Who is this?&#8217;<\/strong>. He told me he hadn\u2019t seen much of me and that I had to prove to him that I deserved to stay in the first team. A few days later, he called me to his office to tell me I was staying. The first thing I did was call my family,&#8221; he revealed.<\/p>  <p>Additionally, he &#8216;cleared up&#8217; the speculation about his supposed bad relationship with Xavi, stating that &#8220;I have a good relationship with Xavi. <strong>They say I throw darts at him through the press, but that\u2019s not true. We have a good relationship<\/strong>, I have nothing against him. When I say we train differently, it\u2019s not a way to attack or undermine him. In no case.&#8221;<\/p>  <p>Gonz\u00e1lez also praised Hansi Flick, assuring that &#8220;it\u2019s true that now physically we want to, we press for 90 minutes and keep the defensive line well up. This is Flick&#8217;s hallmark. <strong>When he needs to be serious, he is very serious. And when we joke, he\u2019s the first<\/strong>. He\u2019s also very attentive to those who don\u2019t play. He\u2019s a very approachable person.&#8221;<\/p>  <blockquote> <p>&#8220;If someone thinks I go out very late at night, they can come to my house and they will get bored seeing me there because I\u2019m there&#8221;<\/p> <\/blockquote>  <p>Finally, he put an end to rumors about his supposed &#8216;active&#8217; nightlife. &#8220;Things like this always come out, that they want to sell you, that you go out at night&#8230; <strong>No one from the club has ever told me anything about the possibility of transferring me<\/strong>. If someone thinks I go out very late at night, they can come to my house and they will get bored seeing me there because I\u2019m there,&#8221; he concluded.<\/p> ","protected":false},"excerpt":{"rendered":"<p>Pedri denies rumors about Xavi and shares his football rebirth and ambitions With just over 48 hours before facing the Netherlands national team, Pedri Gonz\u00e1lez gave an interview to the program &#8216;T\u00fa Dir\u00e1s&#8217; on RAC1 from Spain&#8217;s training camp in Las Rozas. The Canary Islander held nothing back and revealed details about his relationship with [&hellip;]<\/p>\n","protected":false},"author":358,"featured_media":108904,"comment_status":"closed","ping_status":"open","sticky":false,"template":"","format":"standard","meta":{"_acf_changed":false,"inline_featured_image":false,"_nextfly_llmd_date_locked":false,"footnotes":""},"categories":[111],"tags":[48],"class_list":["post-108898","post","type-post","status-publish","format-standard","has-post-thumbnail","hentry","category-fc-barcelona","tag-xavi-hernandez"],"acf":[],"yoast_head":"<!-- This site is optimized with the Yoast SEO plugin v27.3 - https:\/\/yoast.com\/product\/yoast-seo-wordpress\/ -->\n<title>Pedri, without filters: his bond with Xavi, his best version, and his ambition at Bar\u00e7a<\/title>\n<meta name=\"description\" content=\"Pedri denies rumors about Xavi and shares his football rebirth and ambitions\" \/>\n<meta name=\"robots\" content=\"index, follow, max-snippet:-1, max-image-preview:large, max-video-preview:-1\" \/>\n<link rel=\"canonical\" href=\"https:\/\/www.fcbarcelonanoticias.com\/en\/fc-barcelona\/pedri-without-filters-his-bond-with-xavi-his-best-version-and-his-ambition-at-barca_311591_102.html\" \/>\n<meta property=\"og:locale\" content=\"en_US\" \/>\n<meta property=\"og:type\" content=\"article\" \/>\n<meta property=\"og:title\" content=\"Pedri, without filters: his bond with Xavi, his best version, and his ambition at Bar\u00e7a\" \/>\n<meta property=\"og:description\" content=\"Pedri denies rumors about Xavi and shares his football rebirth and ambitions\" \/>\n<meta property=\"og:url\" content=\"https:\/\/www.fcbarcelonanoticias.com\/en\/fc-barcelona\/pedri-without-filters-his-bond-with-xavi-his-best-version-and-his-ambition-at-barca_311591_102.html\" \/>\n<meta property=\"og:site_name\" content=\"EN - FC Barcelona Noticias\" \/>\n<meta property=\"article:published_time\" content=\"2025-03-19T15:39:00+00:00\" \/>\n<meta property=\"article:modified_time\" content=\"2025-03-19T18:31:00+00:00\" \/>\n<meta property=\"og:image\" content=\"https:\/\/www.fcbarcelonanoticias.com\/en\/wp-content\/uploads\/sites\/2\/2025\/03\/ud-las-palmas-v-fc-barcelona-la-liga-ea-sports-10-1.webp\" \/>\n\t<meta property=\"og:image:width\" content=\"1200\" \/>\n\t<meta property=\"og:image:height\" content=\"675\" \/>\n\t<meta property=\"og:image:type\" content=\"image\/webp\" \/>\n<meta name=\"author\" content=\"Juan Pablo Berdugo\" \/>\n<meta name=\"twitter:card\" content=\"summary_large_image\" \/>\n<meta name=\"twitter:label1\" content=\"Written by\" \/>\n\t<meta name=\"twitter:data1\" content=\"Juan Pablo Berdugo\" \/>\n\t<meta name=\"twitter:label2\" content=\"Est. reading time\" \/>\n\t<meta name=\"twitter:data2\" content=\"7 minutes\" \/>\n<script type=\"application\/ld+json\" class=\"yoast-schema-graph\">{\"@context\":\"https:\\\/\\\/schema.org\",\"@graph\":[{\"@type\":\"Article\",\"@id\":\"https:\\\/\\\/www.fcbarcelonanoticias.com\\\/en\\\/fc-barcelona\\\/pedri-without-filters-his-bond-with-xavi-his-best-version-and-his-ambition-at-barca_311591_102.html#article\",\"isPartOf\":{\"@id\":\"https:\\\/\\\/www.fcbarcelonanoticias.com\\\/en\\\/fc-barcelona\\\/pedri-without-filters-his-bond-with-xavi-his-best-version-and-his-ambition-at-barca_311591_102.html\"},\"author\":{\"name\":\"Juan Pablo Berdugo\",\"@id\":\"https:\\\/\\\/www.fcbarcelonanoticias.com\\\/en\\\/#\\\/schema\\\/person\\\/88d756918a0a1ae9fa593b5edddd1815\"},\"headline\":\"Pedri, without filters: his bond with Xavi, his best version, and his ambition at Bar\u00e7a\",\"datePublished\":\"2025-03-19T15:39:00+00:00\",\"dateModified\":\"2025-03-19T18:31:00+00:00\",\"mainEntityOfPage\":{\"@id\":\"https:\\\/\\\/www.fcbarcelonanoticias.com\\\/en\\\/fc-barcelona\\\/pedri-without-filters-his-bond-with-xavi-his-best-version-and-his-ambition-at-barca_311591_102.html\"},\"wordCount\":1359,\"image\":{\"@id\":\"https:\\\/\\\/www.fcbarcelonanoticias.com\\\/en\\\/fc-barcelona\\\/pedri-without-filters-his-bond-with-xavi-his-best-version-and-his-ambition-at-barca_311591_102.html#primaryimage\"},\"thumbnailUrl\":\"https:\\\/\\\/www.fcbarcelonanoticias.com\\\/en\\\/wp-content\\\/uploads\\\/sites\\\/2\\\/2025\\\/03\\\/ud-las-palmas-v-fc-barcelona-la-liga-ea-sports-10-1.webp\",\"keywords\":[\"Xavi Hern\u00e1ndez\"],\"articleSection\":[\"FC Barcelona\"],\"inLanguage\":\"en-US\"},{\"@type\":\"WebPage\",\"@id\":\"https:\\\/\\\/www.fcbarcelonanoticias.com\\\/en\\\/fc-barcelona\\\/pedri-without-filters-his-bond-with-xavi-his-best-version-and-his-ambition-at-barca_311591_102.html\",\"url\":\"https:\\\/\\\/www.fcbarcelonanoticias.com\\\/en\\\/fc-barcelona\\\/pedri-without-filters-his-bond-with-xavi-his-best-version-and-his-ambition-at-barca_311591_102.html\",\"name\":\"Pedri, without filters: his bond with Xavi, his best version, and his ambition at Bar\u00e7a\",\"isPartOf\":{\"@id\":\"https:\\\/\\\/www.fcbarcelonanoticias.com\\\/en\\\/#website\"},\"primaryImageOfPage\":{\"@id\":\"https:\\\/\\\/www.fcbarcelonanoticias.com\\\/en\\\/fc-barcelona\\\/pedri-without-filters-his-bond-with-xavi-his-best-version-and-his-ambition-at-barca_311591_102.html#primaryimage\"},\"image\":{\"@id\":\"https:\\\/\\\/www.fcbarcelonanoticias.com\\\/en\\\/fc-barcelona\\\/pedri-without-filters-his-bond-with-xavi-his-best-version-and-his-ambition-at-barca_311591_102.html#primaryimage\"},\"thumbnailUrl\":\"https:\\\/\\\/www.fcbarcelonanoticias.com\\\/en\\\/wp-content\\\/uploads\\\/sites\\\/2\\\/2025\\\/03\\\/ud-las-palmas-v-fc-barcelona-la-liga-ea-sports-10-1.webp\",\"datePublished\":\"2025-03-19T15:39:00+00:00\",\"dateModified\":\"2025-03-19T18:31:00+00:00\",\"author\":{\"@id\":\"https:\\\/\\\/www.fcbarcelonanoticias.com\\\/en\\\/#\\\/schema\\\/person\\\/88d756918a0a1ae9fa593b5edddd1815\"},\"description\":\"Pedri denies rumors about Xavi and shares his football rebirth and ambitions\",\"breadcrumb\":{\"@id\":\"https:\\\/\\\/www.fcbarcelonanoticias.com\\\/en\\\/fc-barcelona\\\/pedri-without-filters-his-bond-with-xavi-his-best-version-and-his-ambition-at-barca_311591_102.html#breadcrumb\"},\"inLanguage\":\"en-US\",\"potentialAction\":[{\"@type\":\"ReadAction\",\"target\":[\"https:\\\/\\\/www.fcbarcelonanoticias.com\\\/en\\\/fc-barcelona\\\/pedri-without-filters-his-bond-with-xavi-his-best-version-and-his-ambition-at-barca_311591_102.html\"]}]},{\"@type\":\"ImageObject\",\"inLanguage\":\"en-US\",\"@id\":\"https:\\\/\\\/www.fcbarcelonanoticias.com\\\/en\\\/fc-barcelona\\\/pedri-without-filters-his-bond-with-xavi-his-best-version-and-his-ambition-at-barca_311591_102.html#primaryimage\",\"url\":\"https:\\\/\\\/www.fcbarcelonanoticias.com\\\/en\\\/wp-content\\\/uploads\\\/sites\\\/2\\\/2025\\\/03\\\/ud-las-palmas-v-fc-barcelona-la-liga-ea-sports-10-1.webp\",\"contentUrl\":\"https:\\\/\\\/www.fcbarcelonanoticias.com\\\/en\\\/wp-content\\\/uploads\\\/sites\\\/2\\\/2025\\\/03\\\/ud-las-palmas-v-fc-barcelona-la-liga-ea-sports-10-1.webp\",\"width\":1200,\"height\":675},{\"@type\":\"BreadcrumbList\",\"@id\":\"https:\\\/\\\/www.fcbarcelonanoticias.com\\\/en\\\/fc-barcelona\\\/pedri-without-filters-his-bond-with-xavi-his-best-version-and-his-ambition-at-barca_311591_102.html#breadcrumb\",\"itemListElement\":[{\"@type\":\"ListItem\",\"position\":1,\"name\":\"Portada\",\"item\":\"https:\\\/\\\/www.fcbarcelonanoticias.com\\\/en\\\/\"},{\"@type\":\"ListItem\",\"position\":2,\"name\":\"Pedri, without filters: his bond with Xavi, his best version, and his ambition at Bar\u00e7a\"}]},{\"@type\":\"WebSite\",\"@id\":\"https:\\\/\\\/www.fcbarcelonanoticias.com\\\/en\\\/#website\",\"url\":\"https:\\\/\\\/www.fcbarcelonanoticias.com\\\/en\\\/\",\"name\":\"EN - FC Barcelona Noticias\",\"description\":\"\",\"potentialAction\":[{\"@type\":\"SearchAction\",\"target\":{\"@type\":\"EntryPoint\",\"urlTemplate\":\"https:\\\/\\\/www.fcbarcelonanoticias.com\\\/en\\\/?s={search_term_string}\"},\"query-input\":{\"@type\":\"PropertyValueSpecification\",\"valueRequired\":true,\"valueName\":\"search_term_string\"}}],\"inLanguage\":\"en-US\"},{\"@type\":\"Person\",\"@id\":\"https:\\\/\\\/www.fcbarcelonanoticias.com\\\/en\\\/#\\\/schema\\\/person\\\/88d756918a0a1ae9fa593b5edddd1815\",\"name\":\"Juan Pablo Berdugo\",\"image\":{\"@type\":\"ImageObject\",\"inLanguage\":\"en-US\",\"@id\":\"https:\\\/\\\/secure.gravatar.com\\\/avatar\\\/?s=96&d=mm&r=g\",\"url\":\"https:\\\/\\\/secure.gravatar.com\\\/avatar\\\/?s=96&d=mm&r=g\",\"contentUrl\":\"https:\\\/\\\/secure.gravatar.com\\\/avatar\\\/?s=96&d=mm&r=g\",\"caption\":\"Juan Pablo Berdugo\"},\"description\":\"Juan Pablo Berdugo es graduado en Periodismo. Colabora con FCBN como especialista en informaci\u00f3n del primer equipo del FC Barcelona, f\u00fatbol internacional y mercado de fichajes. Destaca por su enfoque anal\u00edtico, su rigor informativo y su capacidad para detectar tendencias emergentes en el f\u00fatbol global.\",\"url\":\"https:\\\/\\\/www.fcbarcelonanoticias.com\\\/en\\\/fc-barcelona\\\/juan-pablo-berdugo_18_115.html\"}]}<\/script>\n<!-- \/ Yoast SEO plugin. -->","yoast_head_json":{"title":"Pedri, without filters: his bond with Xavi, his best version, and his ambition at Bar\u00e7a","description":"Pedri denies rumors about Xavi and shares his football rebirth and ambitions","robots":{"index":"index","follow":"follow","max-snippet":"max-snippet:-1","max-image-preview":"max-image-preview:large","max-video-preview":"max-video-preview:-1"},"canonical":"https:\/\/www.fcbarcelonanoticias.com\/en\/fc-barcelona\/pedri-without-filters-his-bond-with-xavi-his-best-version-and-his-ambition-at-barca_311591_102.html","og_locale":"en_US","og_type":"article","og_title":"Pedri, without filters: his bond with Xavi, his best version, and his ambition at Bar\u00e7a","og_description":"Pedri denies rumors about Xavi and shares his football rebirth and ambitions","og_url":"https:\/\/www.fcbarcelonanoticias.com\/en\/fc-barcelona\/pedri-without-filters-his-bond-with-xavi-his-best-version-and-his-ambition-at-barca_311591_102.html","og_site_name":"EN - FC Barcelona Noticias","article_published_time":"2025-03-19T15:39:00+00:00","article_modified_time":"2025-03-19T18:31:00+00:00","og_image":[{"width":1200,"height":675,"url":"https:\/\/www.fcbarcelonanoticias.com\/en\/wp-content\/uploads\/sites\/2\/2025\/03\/ud-las-palmas-v-fc-barcelona-la-liga-ea-sports-10-1.webp","type":"image\/webp"}],"author":"Juan Pablo Berdugo","twitter_card":"summary_large_image","twitter_misc":{"Written by":"Juan Pablo Berdugo","Est. reading time":"7 minutes"},"schema":{"@context":"https:\/\/schema.org","@graph":[{"@type":"Article","@id":"https:\/\/www.fcbarcelonanoticias.com\/en\/fc-barcelona\/pedri-without-filters-his-bond-with-xavi-his-best-version-and-his-ambition-at-barca_311591_102.html#article","isPartOf":{"@id":"https:\/\/www.fcbarcelonanoticias.com\/en\/fc-barcelona\/pedri-without-filters-his-bond-with-xavi-his-best-version-and-his-ambition-at-barca_311591_102.html"},"author":{"name":"Juan Pablo Berdugo","@id":"https:\/\/www.fcbarcelonanoticias.com\/en\/#\/schema\/person\/88d756918a0a1ae9fa593b5edddd1815"},"headline":"Pedri, without filters: his bond with Xavi, his best version, and his ambition at Bar\u00e7a","datePublished":"2025-03-19T15:39:00+00:00","dateModified":"2025-03-19T18:31:00+00:00","mainEntityOfPage":{"@id":"https:\/\/www.fcbarcelonanoticias.com\/en\/fc-barcelona\/pedri-without-filters-his-bond-with-xavi-his-best-version-and-his-ambition-at-barca_311591_102.html"},"wordCount":1359,"image":{"@id":"https:\/\/www.fcbarcelonanoticias.com\/en\/fc-barcelona\/pedri-without-filters-his-bond-with-xavi-his-best-version-and-his-ambition-at-barca_311591_102.html#primaryimage"},"thumbnailUrl":"https:\/\/www.fcbarcelonanoticias.com\/en\/wp-content\/uploads\/sites\/2\/2025\/03\/ud-las-palmas-v-fc-barcelona-la-liga-ea-sports-10-1.webp","keywords":["Xavi Hern\u00e1ndez"],"articleSection":["FC Barcelona"],"inLanguage":"en-US"},{"@type":"WebPage","@id":"https:\/\/www.fcbarcelonanoticias.com\/en\/fc-barcelona\/pedri-without-filters-his-bond-with-xavi-his-best-version-and-his-ambition-at-barca_311591_102.html","url":"https:\/\/www.fcbarcelonanoticias.com\/en\/fc-barcelona\/pedri-without-filters-his-bond-with-xavi-his-best-version-and-his-ambition-at-barca_311591_102.html","name":"Pedri, without filters: his bond with Xavi, his best version, and his ambition at Bar\u00e7a","isPartOf":{"@id":"https:\/\/www.fcbarcelonanoticias.com\/en\/#website"},"primaryImageOfPage":{"@id":"https:\/\/www.fcbarcelonanoticias.com\/en\/fc-barcelona\/pedri-without-filters-his-bond-with-xavi-his-best-version-and-his-ambition-at-barca_311591_102.html#primaryimage"},"image":{"@id":"https:\/\/www.fcbarcelonanoticias.com\/en\/fc-barcelona\/pedri-without-filters-his-bond-with-xavi-his-best-version-and-his-ambition-at-barca_311591_102.html#primaryimage"},"thumbnailUrl":"https:\/\/www.fcbarcelonanoticias.com\/en\/wp-content\/uploads\/sites\/2\/2025\/03\/ud-las-palmas-v-fc-barcelona-la-liga-ea-sports-10-1.webp","datePublished":"2025-03-19T15:39:00+00:00","dateModified":"2025-03-19T18:31:00+00:00","author":{"@id":"https:\/\/www.fcbarcelonanoticias.com\/en\/#\/schema\/person\/88d756918a0a1ae9fa593b5edddd1815"},"description":"Pedri denies rumors about Xavi and shares his football rebirth and ambitions","breadcrumb":{"@id":"https:\/\/www.fcbarcelonanoticias.com\/en\/fc-barcelona\/pedri-without-filters-his-bond-with-xavi-his-best-version-and-his-ambition-at-barca_311591_102.html#breadcrumb"},"inLanguage":"en-US","potentialAction":[{"@type":"ReadAction","target":["https:\/\/www.fcbarcelonanoticias.com\/en\/fc-barcelona\/pedri-without-filters-his-bond-with-xavi-his-best-version-and-his-ambition-at-barca_311591_102.html"]}]},{"@type":"ImageObject","inLanguage":"en-US","@id":"https:\/\/www.fcbarcelonanoticias.com\/en\/fc-barcelona\/pedri-without-filters-his-bond-with-xavi-his-best-version-and-his-ambition-at-barca_311591_102.html#primaryimage","url":"https:\/\/www.fcbarcelonanoticias.com\/en\/wp-content\/uploads\/sites\/2\/2025\/03\/ud-las-palmas-v-fc-barcelona-la-liga-ea-sports-10-1.webp","contentUrl":"https:\/\/www.fcbarcelonanoticias.com\/en\/wp-content\/uploads\/sites\/2\/2025\/03\/ud-las-palmas-v-fc-barcelona-la-liga-ea-sports-10-1.webp","width":1200,"height":675},{"@type":"BreadcrumbList","@id":"https:\/\/www.fcbarcelonanoticias.com\/en\/fc-barcelona\/pedri-without-filters-his-bond-with-xavi-his-best-version-and-his-ambition-at-barca_311591_102.html#breadcrumb","itemListElement":[{"@type":"ListItem","position":1,"name":"Portada","item":"https:\/\/www.fcbarcelonanoticias.com\/en\/"},{"@type":"ListItem","position":2,"name":"Pedri, without filters: his bond with Xavi, his best version, and his ambition at Bar\u00e7a"}]},{"@type":"WebSite","@id":"https:\/\/www.fcbarcelonanoticias.com\/en\/#website","url":"https:\/\/www.fcbarcelonanoticias.com\/en\/","name":"EN - FC Barcelona Noticias","description":"","potentialAction":[{"@type":"SearchAction","target":{"@type":"EntryPoint","urlTemplate":"https:\/\/www.fcbarcelonanoticias.com\/en\/?s={search_term_string}"},"query-input":{"@type":"PropertyValueSpecification","valueRequired":true,"valueName":"search_term_string"}}],"inLanguage":"en-US"},{"@type":"Person","@id":"https:\/\/www.fcbarcelonanoticias.com\/en\/#\/schema\/person\/88d756918a0a1ae9fa593b5edddd1815","name":"Juan Pablo Berdugo","image":{"@type":"ImageObject","inLanguage":"en-US","@id":"https:\/\/secure.gravatar.com\/avatar\/?s=96&d=mm&r=g","url":"https:\/\/secure.gravatar.com\/avatar\/?s=96&d=mm&r=g","contentUrl":"https:\/\/secure.gravatar.com\/avatar\/?s=96&d=mm&r=g","caption":"Juan Pablo Berdugo"},"description":"Juan Pablo Berdugo es graduado en Periodismo. Colabora con FCBN como especialista en informaci\u00f3n del primer equipo del FC Barcelona, f\u00fatbol internacional y mercado de fichajes. Destaca por su enfoque anal\u00edtico, su rigor informativo y su capacidad para detectar tendencias emergentes en el f\u00fatbol global.","url":"https:\/\/www.fcbarcelonanoticias.com\/en\/fc-barcelona\/juan-pablo-berdugo_18_115.html"}]}},"_links":{"self":[{"href":"https:\/\/www.fcbarcelonanoticias.com\/en\/wp-json\/wp\/v2\/posts\/108898","targetHints":{"allow":["GET"]}}],"collection":[{"href":"https:\/\/www.fcbarcelonanoticias.com\/en\/wp-json\/wp\/v2\/posts"}],"about":[{"href":"https:\/\/www.fcbarcelonanoticias.com\/en\/wp-json\/wp\/v2\/types\/post"}],"author":[{"embeddable":true,"href":"https:\/\/www.fcbarcelonanoticias.com\/en\/wp-json\/wp\/v2\/users\/358"}],"replies":[{"embeddable":true,"href":"https:\/\/www.fcbarcelonanoticias.com\/en\/wp-json\/wp\/v2\/comments?post=108898"}],"version-history":[{"count":1,"href":"https:\/\/www.fcbarcelonanoticias.com\/en\/wp-json\/wp\/v2\/posts\/108898\/revisions"}],"predecessor-version":[{"id":148468,"href":"https:\/\/www.fcbarcelonanoticias.com\/en\/wp-json\/wp\/v2\/posts\/108898\/revisions\/148468"}],"wp:featuredmedia":[{"embeddable":true,"href":"https:\/\/www.fcbarcelonanoticias.com\/en\/wp-json\/wp\/v2\/media\/108904"}],"wp:attachment":[{"href":"https:\/\/www.fcbarcelonanoticias.com\/en\/wp-json\/wp\/v2\/media?parent=108898"}],"wp:term":[{"taxonomy":"category","embeddable":true,"href":"https:\/\/www.fcbarcelonanoticias.com\/en\/wp-json\/wp\/v2\/categories?post=108898"},{"taxonomy":"post_tag","embeddable":true,"href":"https:\/\/www.fcbarcelonanoticias.com\/en\/wp-json\/wp\/v2\/tags?post=108898"}],"curies":[{"name":"wp","href":"https:\/\/api.w.org\/{rel}","templated":true}]}}