{"id":10920,"date":"2024-07-06T01:37:00","date_gmt":"2024-07-05T23:37:00","guid":{"rendered":"https:\/\/weisetech.dev\/fc-barcelona-noticias\/en\/cristiano-ronaldo-sacks-of-the-eurocopa-with-his-enesima-grey-performance_305177_102\/"},"modified":"2024-07-06T01:37:00","modified_gmt":"2024-07-05T23:37:00","slug":"cristiano-ronaldo-sacks-of-the-eurocopa-with-his-enesima-grey-performance_305177_102","status":"publish","type":"post","link":"https:\/\/www.fcbarcelonanoticias.com\/en\/euro-2024-football-news-matches-results\/cristiano-ronaldo-sacks-of-the-eurocopa-with-his-enesima-grey-performance_305177_102.html","title":{"rendered":"Cristiano Ronaldo says goodbye to the Euro Cup with his umpteenth gray performance"},"content":{"rendered":"<h2 class=\"wp-block-heading\">Cristiano says goodbye to Euro 2024 without having scored a goal, except in penalty shootouts. The duel against Mbapp\u00e9&#8217;s France has been the final blow that has left CR7 without the glory of the tournament<\/h2>  \r\n<div class=\"article-addons\">\r\n    <a href=\"https:\/\/www.fcbarcelonanoticias.com\/en\/calendar-fc-barcelona.html\"\r\n       target=\"_self\"\r\n       title=\"Calendar of FC Barcelona\"\r\n       class=\"blue-gredient-btn\">\r\n       \r\n        Calendar of FC Barcelona    <\/a>\r\n<\/div>   <p>The elimination of Portugal of the Eurocopa in <a data-external=\"0\" data-intl-links-en=\"https:\/\/www.fcbarcelonanoticias.com\/en\/euro-2024-football-news-matches-results\/cristiano-ronaldo-hit-rock-bottom-european-cup-missing-penalty-made-you-cry_305048_102.html\" data-intl-links-es=\"https:\/\/www.fcbarcelonanoticias.com\/eurocopa-2024\/cristiano-ronaldo-toco-fondo-eurocopa-fallando-penalti-hizo-llorar_305048_102.html\" href=\"https:\/\/www.fcbarcelonanoticias.com\/en\/euro-2024-football-news-matches-results\/cristiano-ronaldo-hit-rock-bottom-european-cup-missing-penalty-made-you-cry_305048_102.html\" rel=\"follow\" target=\"_self\" title=\"Cristiano Ronaldo 'toc\u00f3 fondo' en la Eurocopa fallando un penalti que le hizo llorar\">the party against France leaves to a Christian Ronaldo that it leaves by the rear door<\/a> with a toneless and grey performance. The Portuguese says him goodbye to the competition for ever to his 39 years. Before the meeting with the group of Didier Deschamps,<strong> CR7 there was not has not annotated a goal, save in batch of penaltis<\/strong>. The own French trainer recognised before the crash that the exjugador of the Real Madrid represented a threat for his group: &#8220;it Is a competitor and always marks goals, always has this capacity to be decisive&#8221;, added the seleccionador.<\/p>  <p>Although had ten shots to the porteria, the &#8216;crack&#8217; could not annotate. On the other hand, <strong>the exjugador of the Manchester United had the lower quantity of touch <\/strong>with alone 26 touch in the statutory time of the party dressing the T-shirt of Portugal from the year 2010. It does only eight years, the player conquered the Europe in France after a duel against the Frenchmen. Now,<strong> <\/strong><a data-external=\"0\" data-intl-links-en=\"https:\/\/www.fcbarcelonanoticias.com\/en\/transfers\/desvelan-the-dates-for-the-presentation-of-kylian-mbappe-and-endrick-with-the-real-madrid_305137_102.html\" data-intl-links-es=\"https:\/\/www.fcbarcelonanoticias.com\/fichajes\/desvelan-fechas-presentacion-kylian-mbappe-endrick-con-real-madrid_305137_102.html\" href=\"https:\/\/www.fcbarcelonanoticias.com\/en\/transfers\/desvelan-the-dates-for-the-presentation-of-kylian-mbappe-and-endrick-with-the-real-madrid_305137_102.html\" rel=\"follow\" target=\"_self\" title=\"Desvelan las fechas para la presentaci\u00f3n de Kylian Mbapp\u00e9 y Endrick con el Real Madrid\">the team of Mbapp\u00e9 has left it out of the tournament<\/a>.<\/p>  <p>Now, the disillusionment of the Portuguese fans is maximum when seeing the decline of the captain of the To the Nassr. <strong>Cristiano Ronaldo abandons the championship without at all that show<\/strong>, the goals of penalti not even are computables for the figures of annotation. Even, the player could not escape of the frustration, something of what all the public was witness in the party of eighth of final. In the duel against Slovenia the forward could not hold the tears after having failed a penalti.<\/p>  <h2>The forward is a historical of the Eurocopa<\/h2>  <p><strong>Cristiano Ronaldo is a historical figure of the Eurocopa<\/strong>, this is his sixth edition, but also the worst of his career. The luso began to annotate goals in the Eurocopa of 2004 in Portugal and now finishes with a regrettable result in his last apparition. In the Eurocopa 2008, Glass of the World 2010, Eurocopa 2012, Glass of the World 2014, Eurocopa 2016, Glass of the World 2018, the Eurocopa 2020 and the Glass of the World of 2022, the attacker marked at least a goal in each one of these competitions.<\/p>  <p>It does some days, <strong>the footballer has left to glimpse that it wants to be in the World-wide<\/strong> foreseen for the year 2026 in United States and Canada. However, the bad series can change the things. It fits to remember that in Qatar, Fernando Santos left it in the bench during the eliminatory when percat\u00f3 that the footballer blocked many of the movements of his mates. Although it is missing long for the big event and the sportsman in an experienced to surpass difficulties.<\/p> ","protected":false},"excerpt":{"rendered":"<p>Cristiano says goodbye to Euro 2024 without having scored a goal, except in penalty shootouts. The duel against Mbapp\u00e9&#8217;s France has been the final blow that has left CR7 without the glory of the tournament The elimination of Portugal of the Eurocopa in the party against France leaves to a Christian Ronaldo that it leaves [&hellip;]<\/p>\n","protected":false},"author":350,"featured_media":10921,"comment_status":"closed","ping_status":"open","sticky":false,"template":"","format":"standard","meta":{"_acf_changed":false,"inline_featured_image":false,"_nextfly_llmd_date_locked":false,"footnotes":""},"categories":[1],"tags":[138],"class_list":["post-10920","post","type-post","status-publish","format-standard","has-post-thumbnail","hentry","category-sin-categoria","tag-cristiano-ronaldo"],"acf":[],"yoast_head":"<!-- This site is optimized with the Yoast SEO plugin v27.3 - https:\/\/yoast.com\/product\/yoast-seo-wordpress\/ -->\n<title>Cristiano Ronaldo sacks of the Eurocopa with his en\u00e9sima grey performance<\/title>\n<meta name=\"description\" content=\"Cristiano sacks of the Eurocopa 2024 without having annotated neither a goal, save in batches of penaltis. The duel against the France of Mbapp\u00e9 has been the estocada final that has left to CR7 without the glory of the tournament\" \/>\n<meta name=\"robots\" content=\"index, follow, max-snippet:-1, max-image-preview:large, max-video-preview:-1\" \/>\n<link rel=\"canonical\" href=\"https:\/\/www.fcbarcelonanoticias.com\/en\/euro-2024-football-news-matches-results\/cristiano-ronaldo-sacks-of-the-eurocopa-with-his-enesima-grey-performance_305177_102.html\" \/>\n<meta property=\"og:locale\" content=\"en_US\" \/>\n<meta property=\"og:type\" content=\"article\" \/>\n<meta property=\"og:title\" content=\"Cristiano Ronaldo sacks of the Eurocopa with his en\u00e9sima grey performance\" \/>\n<meta property=\"og:description\" content=\"Cristiano sacks of the Eurocopa 2024 without having annotated neither a goal, save in batches of penaltis. The duel against the France of Mbapp\u00e9 has been the estocada final that has left to CR7 without the glory of the tournament\" \/>\n<meta property=\"og:url\" content=\"https:\/\/www.fcbarcelonanoticias.com\/en\/euro-2024-football-news-matches-results\/cristiano-ronaldo-sacks-of-the-eurocopa-with-his-enesima-grey-performance_305177_102.html\" \/>\n<meta property=\"og:site_name\" content=\"EN - FC Barcelona Noticias\" \/>\n<meta property=\"article:published_time\" content=\"2024-07-05T23:37:00+00:00\" \/>\n<meta property=\"og:image\" content=\"https:\/\/www.fcbarcelonanoticias.com\/en\/wp-content\/uploads\/sites\/2\/2024\/07\/cr7-en-el-partido-contra-francia.gif\" \/>\n\t<meta property=\"og:image:width\" content=\"1300\" \/>\n\t<meta property=\"og:image:height\" content=\"727\" \/>\n\t<meta property=\"og:image:type\" content=\"image\/gif\" \/>\n<meta name=\"author\" content=\"Jes\u00fas Bol\u00edvar\" \/>\n<meta name=\"twitter:card\" content=\"summary_large_image\" \/>\n<meta name=\"twitter:label1\" content=\"Written by\" \/>\n\t<meta name=\"twitter:data1\" content=\"Jes\u00fas Bol\u00edvar\" \/>\n\t<meta name=\"twitter:label2\" content=\"Est. reading time\" \/>\n\t<meta name=\"twitter:data2\" content=\"2 minutes\" \/>\n<script type=\"application\/ld+json\" class=\"yoast-schema-graph\">{\"@context\":\"https:\\\/\\\/schema.org\",\"@graph\":[{\"@type\":\"Article\",\"@id\":\"https:\\\/\\\/www.fcbarcelonanoticias.com\\\/en\\\/euro-2024-football-news-matches-results\\\/cristiano-ronaldo-sacks-of-the-eurocopa-with-his-enesima-grey-performance_305177_102.html#article\",\"isPartOf\":{\"@id\":\"https:\\\/\\\/www.fcbarcelonanoticias.com\\\/en\\\/euro-2024-football-news-matches-results\\\/cristiano-ronaldo-sacks-of-the-eurocopa-with-his-enesima-grey-performance_305177_102.html\"},\"author\":{\"name\":\"Jes\u00fas Bol\u00edvar\",\"@id\":\"https:\\\/\\\/www.fcbarcelonanoticias.com\\\/en\\\/#\\\/schema\\\/person\\\/5dbbcfa0643340852c9294383c353679\"},\"headline\":\"Cristiano Ronaldo says goodbye to the Euro Cup with his umpteenth gray performance\",\"datePublished\":\"2024-07-05T23:37:00+00:00\",\"mainEntityOfPage\":{\"@id\":\"https:\\\/\\\/www.fcbarcelonanoticias.com\\\/en\\\/euro-2024-football-news-matches-results\\\/cristiano-ronaldo-sacks-of-the-eurocopa-with-his-enesima-grey-performance_305177_102.html\"},\"wordCount\":488,\"image\":{\"@id\":\"https:\\\/\\\/www.fcbarcelonanoticias.com\\\/en\\\/euro-2024-football-news-matches-results\\\/cristiano-ronaldo-sacks-of-the-eurocopa-with-his-enesima-grey-performance_305177_102.html#primaryimage\"},\"thumbnailUrl\":\"https:\\\/\\\/www.fcbarcelonanoticias.com\\\/en\\\/wp-content\\\/uploads\\\/sites\\\/2\\\/2024\\\/07\\\/cr7-en-el-partido-contra-francia.gif\",\"keywords\":[\"Cristiano Ronaldo\"],\"articleSection\":[\"Sin categor\u00eda\"],\"inLanguage\":\"en-US\"},{\"@type\":\"WebPage\",\"@id\":\"https:\\\/\\\/www.fcbarcelonanoticias.com\\\/en\\\/euro-2024-football-news-matches-results\\\/cristiano-ronaldo-sacks-of-the-eurocopa-with-his-enesima-grey-performance_305177_102.html\",\"url\":\"https:\\\/\\\/www.fcbarcelonanoticias.com\\\/en\\\/euro-2024-football-news-matches-results\\\/cristiano-ronaldo-sacks-of-the-eurocopa-with-his-enesima-grey-performance_305177_102.html\",\"name\":\"Cristiano Ronaldo sacks of the Eurocopa with his en\u00e9sima grey performance\",\"isPartOf\":{\"@id\":\"https:\\\/\\\/www.fcbarcelonanoticias.com\\\/en\\\/#website\"},\"primaryImageOfPage\":{\"@id\":\"https:\\\/\\\/www.fcbarcelonanoticias.com\\\/en\\\/euro-2024-football-news-matches-results\\\/cristiano-ronaldo-sacks-of-the-eurocopa-with-his-enesima-grey-performance_305177_102.html#primaryimage\"},\"image\":{\"@id\":\"https:\\\/\\\/www.fcbarcelonanoticias.com\\\/en\\\/euro-2024-football-news-matches-results\\\/cristiano-ronaldo-sacks-of-the-eurocopa-with-his-enesima-grey-performance_305177_102.html#primaryimage\"},\"thumbnailUrl\":\"https:\\\/\\\/www.fcbarcelonanoticias.com\\\/en\\\/wp-content\\\/uploads\\\/sites\\\/2\\\/2024\\\/07\\\/cr7-en-el-partido-contra-francia.gif\",\"datePublished\":\"2024-07-05T23:37:00+00:00\",\"author\":{\"@id\":\"https:\\\/\\\/www.fcbarcelonanoticias.com\\\/en\\\/#\\\/schema\\\/person\\\/5dbbcfa0643340852c9294383c353679\"},\"description\":\"Cristiano sacks of the Eurocopa 2024 without having annotated neither a goal, save in batches of penaltis. The duel against the France of Mbapp\u00e9 has been the estocada final that has left to CR7 without the glory of the tournament\",\"breadcrumb\":{\"@id\":\"https:\\\/\\\/www.fcbarcelonanoticias.com\\\/en\\\/euro-2024-football-news-matches-results\\\/cristiano-ronaldo-sacks-of-the-eurocopa-with-his-enesima-grey-performance_305177_102.html#breadcrumb\"},\"inLanguage\":\"en-US\",\"potentialAction\":[{\"@type\":\"ReadAction\",\"target\":[\"https:\\\/\\\/www.fcbarcelonanoticias.com\\\/en\\\/euro-2024-football-news-matches-results\\\/cristiano-ronaldo-sacks-of-the-eurocopa-with-his-enesima-grey-performance_305177_102.html\"]}]},{\"@type\":\"ImageObject\",\"inLanguage\":\"en-US\",\"@id\":\"https:\\\/\\\/www.fcbarcelonanoticias.com\\\/en\\\/euro-2024-football-news-matches-results\\\/cristiano-ronaldo-sacks-of-the-eurocopa-with-his-enesima-grey-performance_305177_102.html#primaryimage\",\"url\":\"https:\\\/\\\/www.fcbarcelonanoticias.com\\\/en\\\/wp-content\\\/uploads\\\/sites\\\/2\\\/2024\\\/07\\\/cr7-en-el-partido-contra-francia.gif\",\"contentUrl\":\"https:\\\/\\\/www.fcbarcelonanoticias.com\\\/en\\\/wp-content\\\/uploads\\\/sites\\\/2\\\/2024\\\/07\\\/cr7-en-el-partido-contra-francia.gif\",\"width\":1300,\"height\":727},{\"@type\":\"BreadcrumbList\",\"@id\":\"https:\\\/\\\/www.fcbarcelonanoticias.com\\\/en\\\/euro-2024-football-news-matches-results\\\/cristiano-ronaldo-sacks-of-the-eurocopa-with-his-enesima-grey-performance_305177_102.html#breadcrumb\",\"itemListElement\":[{\"@type\":\"ListItem\",\"position\":1,\"name\":\"Portada\",\"item\":\"https:\\\/\\\/www.fcbarcelonanoticias.com\\\/en\\\/\"},{\"@type\":\"ListItem\",\"position\":2,\"name\":\"Cristiano Ronaldo says goodbye to the Euro Cup with his umpteenth gray performance\"}]},{\"@type\":\"WebSite\",\"@id\":\"https:\\\/\\\/www.fcbarcelonanoticias.com\\\/en\\\/#website\",\"url\":\"https:\\\/\\\/www.fcbarcelonanoticias.com\\\/en\\\/\",\"name\":\"EN - FC Barcelona Noticias\",\"description\":\"\",\"potentialAction\":[{\"@type\":\"SearchAction\",\"target\":{\"@type\":\"EntryPoint\",\"urlTemplate\":\"https:\\\/\\\/www.fcbarcelonanoticias.com\\\/en\\\/?s={search_term_string}\"},\"query-input\":{\"@type\":\"PropertyValueSpecification\",\"valueRequired\":true,\"valueName\":\"search_term_string\"}}],\"inLanguage\":\"en-US\"},{\"@type\":\"Person\",\"@id\":\"https:\\\/\\\/www.fcbarcelonanoticias.com\\\/en\\\/#\\\/schema\\\/person\\\/5dbbcfa0643340852c9294383c353679\",\"name\":\"Jes\u00fas Bol\u00edvar\",\"image\":{\"@type\":\"ImageObject\",\"inLanguage\":\"en-US\",\"@id\":\"https:\\\/\\\/secure.gravatar.com\\\/avatar\\\/?s=96&d=mm&r=g\",\"url\":\"https:\\\/\\\/secure.gravatar.com\\\/avatar\\\/?s=96&d=mm&r=g\",\"contentUrl\":\"https:\\\/\\\/secure.gravatar.com\\\/avatar\\\/?s=96&d=mm&r=g\",\"caption\":\"Jes\u00fas Bol\u00edvar\"},\"url\":\"https:\\\/\\\/www.fcbarcelonanoticias.com\\\/en\\\/jesus-bolivar_28_115.html\"}]}<\/script>\n<!-- \/ Yoast SEO plugin. -->","yoast_head_json":{"title":"Cristiano Ronaldo sacks of the Eurocopa with his en\u00e9sima grey performance","description":"Cristiano sacks of the Eurocopa 2024 without having annotated neither a goal, save in batches of penaltis. The duel against the France of Mbapp\u00e9 has been the estocada final that has left to CR7 without the glory of the tournament","robots":{"index":"index","follow":"follow","max-snippet":"max-snippet:-1","max-image-preview":"max-image-preview:large","max-video-preview":"max-video-preview:-1"},"canonical":"https:\/\/www.fcbarcelonanoticias.com\/en\/euro-2024-football-news-matches-results\/cristiano-ronaldo-sacks-of-the-eurocopa-with-his-enesima-grey-performance_305177_102.html","og_locale":"en_US","og_type":"article","og_title":"Cristiano Ronaldo sacks of the Eurocopa with his en\u00e9sima grey performance","og_description":"Cristiano sacks of the Eurocopa 2024 without having annotated neither a goal, save in batches of penaltis. The duel against the France of Mbapp\u00e9 has been the estocada final that has left to CR7 without the glory of the tournament","og_url":"https:\/\/www.fcbarcelonanoticias.com\/en\/euro-2024-football-news-matches-results\/cristiano-ronaldo-sacks-of-the-eurocopa-with-his-enesima-grey-performance_305177_102.html","og_site_name":"EN - FC Barcelona Noticias","article_published_time":"2024-07-05T23:37:00+00:00","og_image":[{"width":1300,"height":727,"url":"https:\/\/www.fcbarcelonanoticias.com\/en\/wp-content\/uploads\/sites\/2\/2024\/07\/cr7-en-el-partido-contra-francia.gif","type":"image\/gif"}],"author":"Jes\u00fas Bol\u00edvar","twitter_card":"summary_large_image","twitter_misc":{"Written by":"Jes\u00fas Bol\u00edvar","Est. reading time":"2 minutes"},"schema":{"@context":"https:\/\/schema.org","@graph":[{"@type":"Article","@id":"https:\/\/www.fcbarcelonanoticias.com\/en\/euro-2024-football-news-matches-results\/cristiano-ronaldo-sacks-of-the-eurocopa-with-his-enesima-grey-performance_305177_102.html#article","isPartOf":{"@id":"https:\/\/www.fcbarcelonanoticias.com\/en\/euro-2024-football-news-matches-results\/cristiano-ronaldo-sacks-of-the-eurocopa-with-his-enesima-grey-performance_305177_102.html"},"author":{"name":"Jes\u00fas Bol\u00edvar","@id":"https:\/\/www.fcbarcelonanoticias.com\/en\/#\/schema\/person\/5dbbcfa0643340852c9294383c353679"},"headline":"Cristiano Ronaldo says goodbye to the Euro Cup with his umpteenth gray performance","datePublished":"2024-07-05T23:37:00+00:00","mainEntityOfPage":{"@id":"https:\/\/www.fcbarcelonanoticias.com\/en\/euro-2024-football-news-matches-results\/cristiano-ronaldo-sacks-of-the-eurocopa-with-his-enesima-grey-performance_305177_102.html"},"wordCount":488,"image":{"@id":"https:\/\/www.fcbarcelonanoticias.com\/en\/euro-2024-football-news-matches-results\/cristiano-ronaldo-sacks-of-the-eurocopa-with-his-enesima-grey-performance_305177_102.html#primaryimage"},"thumbnailUrl":"https:\/\/www.fcbarcelonanoticias.com\/en\/wp-content\/uploads\/sites\/2\/2024\/07\/cr7-en-el-partido-contra-francia.gif","keywords":["Cristiano Ronaldo"],"articleSection":["Sin categor\u00eda"],"inLanguage":"en-US"},{"@type":"WebPage","@id":"https:\/\/www.fcbarcelonanoticias.com\/en\/euro-2024-football-news-matches-results\/cristiano-ronaldo-sacks-of-the-eurocopa-with-his-enesima-grey-performance_305177_102.html","url":"https:\/\/www.fcbarcelonanoticias.com\/en\/euro-2024-football-news-matches-results\/cristiano-ronaldo-sacks-of-the-eurocopa-with-his-enesima-grey-performance_305177_102.html","name":"Cristiano Ronaldo sacks of the Eurocopa with his en\u00e9sima grey performance","isPartOf":{"@id":"https:\/\/www.fcbarcelonanoticias.com\/en\/#website"},"primaryImageOfPage":{"@id":"https:\/\/www.fcbarcelonanoticias.com\/en\/euro-2024-football-news-matches-results\/cristiano-ronaldo-sacks-of-the-eurocopa-with-his-enesima-grey-performance_305177_102.html#primaryimage"},"image":{"@id":"https:\/\/www.fcbarcelonanoticias.com\/en\/euro-2024-football-news-matches-results\/cristiano-ronaldo-sacks-of-the-eurocopa-with-his-enesima-grey-performance_305177_102.html#primaryimage"},"thumbnailUrl":"https:\/\/www.fcbarcelonanoticias.com\/en\/wp-content\/uploads\/sites\/2\/2024\/07\/cr7-en-el-partido-contra-francia.gif","datePublished":"2024-07-05T23:37:00+00:00","author":{"@id":"https:\/\/www.fcbarcelonanoticias.com\/en\/#\/schema\/person\/5dbbcfa0643340852c9294383c353679"},"description":"Cristiano sacks of the Eurocopa 2024 without having annotated neither a goal, save in batches of penaltis. The duel against the France of Mbapp\u00e9 has been the estocada final that has left to CR7 without the glory of the tournament","breadcrumb":{"@id":"https:\/\/www.fcbarcelonanoticias.com\/en\/euro-2024-football-news-matches-results\/cristiano-ronaldo-sacks-of-the-eurocopa-with-his-enesima-grey-performance_305177_102.html#breadcrumb"},"inLanguage":"en-US","potentialAction":[{"@type":"ReadAction","target":["https:\/\/www.fcbarcelonanoticias.com\/en\/euro-2024-football-news-matches-results\/cristiano-ronaldo-sacks-of-the-eurocopa-with-his-enesima-grey-performance_305177_102.html"]}]},{"@type":"ImageObject","inLanguage":"en-US","@id":"https:\/\/www.fcbarcelonanoticias.com\/en\/euro-2024-football-news-matches-results\/cristiano-ronaldo-sacks-of-the-eurocopa-with-his-enesima-grey-performance_305177_102.html#primaryimage","url":"https:\/\/www.fcbarcelonanoticias.com\/en\/wp-content\/uploads\/sites\/2\/2024\/07\/cr7-en-el-partido-contra-francia.gif","contentUrl":"https:\/\/www.fcbarcelonanoticias.com\/en\/wp-content\/uploads\/sites\/2\/2024\/07\/cr7-en-el-partido-contra-francia.gif","width":1300,"height":727},{"@type":"BreadcrumbList","@id":"https:\/\/www.fcbarcelonanoticias.com\/en\/euro-2024-football-news-matches-results\/cristiano-ronaldo-sacks-of-the-eurocopa-with-his-enesima-grey-performance_305177_102.html#breadcrumb","itemListElement":[{"@type":"ListItem","position":1,"name":"Portada","item":"https:\/\/www.fcbarcelonanoticias.com\/en\/"},{"@type":"ListItem","position":2,"name":"Cristiano Ronaldo says goodbye to the Euro Cup with his umpteenth gray performance"}]},{"@type":"WebSite","@id":"https:\/\/www.fcbarcelonanoticias.com\/en\/#website","url":"https:\/\/www.fcbarcelonanoticias.com\/en\/","name":"EN - FC Barcelona Noticias","description":"","potentialAction":[{"@type":"SearchAction","target":{"@type":"EntryPoint","urlTemplate":"https:\/\/www.fcbarcelonanoticias.com\/en\/?s={search_term_string}"},"query-input":{"@type":"PropertyValueSpecification","valueRequired":true,"valueName":"search_term_string"}}],"inLanguage":"en-US"},{"@type":"Person","@id":"https:\/\/www.fcbarcelonanoticias.com\/en\/#\/schema\/person\/5dbbcfa0643340852c9294383c353679","name":"Jes\u00fas Bol\u00edvar","image":{"@type":"ImageObject","inLanguage":"en-US","@id":"https:\/\/secure.gravatar.com\/avatar\/?s=96&d=mm&r=g","url":"https:\/\/secure.gravatar.com\/avatar\/?s=96&d=mm&r=g","contentUrl":"https:\/\/secure.gravatar.com\/avatar\/?s=96&d=mm&r=g","caption":"Jes\u00fas Bol\u00edvar"},"url":"https:\/\/www.fcbarcelonanoticias.com\/en\/jesus-bolivar_28_115.html"}]}},"_links":{"self":[{"href":"https:\/\/www.fcbarcelonanoticias.com\/en\/wp-json\/wp\/v2\/posts\/10920","targetHints":{"allow":["GET"]}}],"collection":[{"href":"https:\/\/www.fcbarcelonanoticias.com\/en\/wp-json\/wp\/v2\/posts"}],"about":[{"href":"https:\/\/www.fcbarcelonanoticias.com\/en\/wp-json\/wp\/v2\/types\/post"}],"author":[{"embeddable":true,"href":"https:\/\/www.fcbarcelonanoticias.com\/en\/wp-json\/wp\/v2\/users\/350"}],"replies":[{"embeddable":true,"href":"https:\/\/www.fcbarcelonanoticias.com\/en\/wp-json\/wp\/v2\/comments?post=10920"}],"version-history":[{"count":1,"href":"https:\/\/www.fcbarcelonanoticias.com\/en\/wp-json\/wp\/v2\/posts\/10920\/revisions"}],"predecessor-version":[{"id":13272,"href":"https:\/\/www.fcbarcelonanoticias.com\/en\/wp-json\/wp\/v2\/posts\/10920\/revisions\/13272"}],"wp:featuredmedia":[{"embeddable":true,"href":"https:\/\/www.fcbarcelonanoticias.com\/en\/wp-json\/wp\/v2\/media\/10921"}],"wp:attachment":[{"href":"https:\/\/www.fcbarcelonanoticias.com\/en\/wp-json\/wp\/v2\/media?parent=10920"}],"wp:term":[{"taxonomy":"category","embeddable":true,"href":"https:\/\/www.fcbarcelonanoticias.com\/en\/wp-json\/wp\/v2\/categories?post=10920"},{"taxonomy":"post_tag","embeddable":true,"href":"https:\/\/www.fcbarcelonanoticias.com\/en\/wp-json\/wp\/v2\/tags?post=10920"}],"curies":[{"name":"wp","href":"https:\/\/api.w.org\/{rel}","templated":true}]}}