{"id":109388,"date":"2024-06-02T11:32:00","date_gmt":"2024-06-02T09:32:00","guid":{"rendered":"https:\/\/weisetech.dev\/fc-barcelona-noticias\/en\/plan-hansi-flick-protect-squad-fc-barcelona-press_304079_102\/"},"modified":"2024-06-03T04:08:00","modified_gmt":"2024-06-03T02:08:00","slug":"plan-hansi-flick-protect-squad-fc-barcelona-press_304079_102","status":"publish","type":"post","link":"https:\/\/www.fcbarcelonanoticias.com\/en\/fc-barcelona\/plan-hansi-flick-protect-squad-fc-barcelona-press_304079_102.html","title":{"rendered":"Hansi Flick&#8217;s plan to &#8216;protect&#8217; the Bar\u00e7a squad from the press"},"content":{"rendered":"<h2 class=\"wp-block-heading\">The arrival of Hansi Flick to FC Barcelona will mean several changes in the club&#8217;s day-to-day life. One of the first adjustments that the new coach and his staff hope to resolve has to do with shielding the locker room from the &#8216;attacks&#8217; of the press<\/h2>  \r\n<div class=\"article-addons\">\r\n    <a href=\"https:\/\/www.fcbarcelonanoticias.com\/en\/calendar-fc-barcelona.html\"\r\n       target=\"_self\"\r\n       title=\"Calendar of FC Barcelona\"\r\n       class=\"blue-gredient-btn\">\r\n       \r\n        Calendar of FC Barcelona    <\/a>\r\n<\/div>   <p>Hansi Flick Expects to work with the greater possible tranquility in the FC Barcelona and this involves to make important changes in the day in day out with the changing room. Although the trainer, unlike Xavi Hern\u00e1ndez, <a data-external=\"0\" data-intl-links-en=\"https:\/\/www.fcbarcelonanoticias.com\/en\/fcbn-tv\/it-begins-the-era-flick-possible-signings-wage-xavi-forgives-11-kilos_304064_102.html\" data-intl-links-es=\"https:\/\/www.fcbarcelonanoticias.com\/fcbn-tv\/comienza-era-flick-posibles-fichajes-sueldo-xavi-perdona-11-kilos_304064_102.html\" href=\"https:\/\/www.fcbarcelonanoticias.com\/en\/fcbn-tv\/it-begins-the-era-flick-possible-signings-wage-xavi-forgives-11-kilos_304064_102.html\" rel=\"follow\" target=\"_self\" title=\"\u00a1COMIENZA LA ERA FLICK! POSIBLES FICHAJES, SUELDO... | XAVI PERDONA 11 KILOS\">does not arrive with intentions to implement important changes<\/a> in the preparation of the staff, <strong>yes expects to handle the relation between the players and the press with elder rigurosidad<\/strong>.<\/p>  <p>So much in the Bayern Munich as in the German selection, to the trainer of 59 years characterised him a cordial deal with the local journalists, although it never had a lot of friends in the means. <strong>Flick Prefers to keep a distance between the press and the footballers, armouring the changing room of any leak<\/strong> that attack against the interests of the team and generate unnecessary tensions by unfounded rumours.<\/p>  <h2>Flick Wants to &#8216;cut&#8217; the leaks to the press in the Bar\u00e7a<\/h2>  <p>In this sense, the one of Heidelberg wants to put end to one of the main problems that had the Barcelona changing room the past season. <strong>The press enter\u00f3 of a lot of details (conversations, brush, rumours of market&#8230;)<\/strong> That did not have to filter and that <a data-external=\"0\" data-intl-links-en=\"https:\/\/www.fcbarcelonanoticias.com\/en\/transfers\/barcelona-had-leaked-black-list-xavi-wear-relationship-with-locker-room_303950_102.html\" data-intl-links-es=\"https:\/\/www.fcbarcelonanoticias.com\/fichajes\/barcelona-habria-filtrado-lista-negra-xavi-desgastar-relacion-con-vestuario_303950_102.html\" href=\"https:\/\/www.fcbarcelonanoticias.com\/en\/transfers\/barcelona-had-leaked-black-list-xavi-wear-relationship-with-locker-room_303950_102.html\" rel=\"follow\" target=\"_self\" title=\"El Bar\u00e7a habr\u00eda filtrado la 'lista negra' de Xavi para desgastar su relaci\u00f3n con el vestuario\">finish wearing out the relation between Xavi and his footballers<\/a> in the straight final of the 2023\/24, especially in the related with the preparation of the staff for the next season.<\/p>  <p>From here that <strong>Hansi Flick and his staff already are working of the hand with the directive to avoid that similar stages generate during the season<\/strong>. The idea is not, neither much less, declare him the war to the press, but yes keep a distance between the confidentiality of what sucede in the changing room and the decisions that the technical body take regarding the management of the staff. <strong>In addition to Toni Tapalovic and Marcus Sorg, the second trainer of the Sub-19 German, Heiko Westermann<\/strong>, also will be one of the collaborators of the new technical body Barcelona.<\/p> ","protected":false},"excerpt":{"rendered":"<p>The arrival of Hansi Flick to FC Barcelona will mean several changes in the club&#8217;s day-to-day life. One of the first adjustments that the new coach and his staff hope to resolve has to do with shielding the locker room from the &#8216;attacks&#8217; of the press Hansi Flick Expects to work with the greater possible [&hellip;]<\/p>\n","protected":false},"author":347,"featured_media":109394,"comment_status":"closed","ping_status":"open","sticky":false,"template":"","format":"standard","meta":{"_acf_changed":false,"inline_featured_image":false,"_nextfly_llmd_date_locked":false,"footnotes":""},"categories":[111],"tags":[87],"class_list":["post-109388","post","type-post","status-publish","format-standard","has-post-thumbnail","hentry","category-fc-barcelona","tag-hansi-flick"],"acf":[],"yoast_head":"<!-- This site is optimized with the Yoast SEO plugin v27.3 - https:\/\/yoast.com\/product\/yoast-seo-wordpress\/ -->\n<title>Hansi Flick&#039;s plan to &#039;protect&#039; the Bar\u00e7a squad from the press<\/title>\n<meta name=\"description\" content=\"The arrival of Hansi Flick to FC Barcelona will mean several changes in the club&#039;s day-to-day life. One of the first adjustments that the new coach and his staff hope to resolve has to do with shielding the locker room from the &#039;attacks&#039; of the press\" \/>\n<meta name=\"robots\" content=\"index, follow, max-snippet:-1, max-image-preview:large, max-video-preview:-1\" \/>\n<link rel=\"canonical\" href=\"https:\/\/www.fcbarcelonanoticias.com\/en\/fc-barcelona\/plan-hansi-flick-protect-squad-fc-barcelona-press_304079_102.html\" \/>\n<meta property=\"og:locale\" content=\"en_US\" \/>\n<meta property=\"og:type\" content=\"article\" \/>\n<meta property=\"og:title\" content=\"Hansi Flick&#039;s plan to &#039;protect&#039; the Bar\u00e7a squad from the press\" \/>\n<meta property=\"og:description\" content=\"The arrival of Hansi Flick to FC Barcelona will mean several changes in the club&#039;s day-to-day life. One of the first adjustments that the new coach and his staff hope to resolve has to do with shielding the locker room from the &#039;attacks&#039; of the press\" \/>\n<meta property=\"og:url\" content=\"https:\/\/www.fcbarcelonanoticias.com\/en\/fc-barcelona\/plan-hansi-flick-protect-squad-fc-barcelona-press_304079_102.html\" \/>\n<meta property=\"og:site_name\" content=\"EN - FC Barcelona Noticias\" \/>\n<meta property=\"article:published_time\" content=\"2024-06-02T09:32:00+00:00\" \/>\n<meta property=\"article:modified_time\" content=\"2024-06-03T02:08:00+00:00\" \/>\n<meta property=\"og:image\" content=\"https:\/\/www.fcbarcelonanoticias.com\/en\/wp-content\/uploads\/sites\/2\/2024\/06\/hansi-flick-alemania.jpeg\" \/>\n\t<meta property=\"og:image:width\" content=\"1300\" \/>\n\t<meta property=\"og:image:height\" content=\"732\" \/>\n\t<meta property=\"og:image:type\" content=\"image\/jpeg\" \/>\n<meta name=\"author\" content=\"Andr\u00e9s Quiroz\" \/>\n<meta name=\"twitter:card\" content=\"summary_large_image\" \/>\n<meta name=\"twitter:label1\" content=\"Written by\" \/>\n\t<meta name=\"twitter:data1\" content=\"Andr\u00e9s Quiroz\" \/>\n\t<meta name=\"twitter:label2\" content=\"Est. reading time\" \/>\n\t<meta name=\"twitter:data2\" content=\"2 minutes\" \/>\n<script type=\"application\/ld+json\" class=\"yoast-schema-graph\">{\"@context\":\"https:\\\/\\\/schema.org\",\"@graph\":[{\"@type\":\"Article\",\"@id\":\"https:\\\/\\\/www.fcbarcelonanoticias.com\\\/en\\\/fc-barcelona\\\/plan-hansi-flick-protect-squad-fc-barcelona-press_304079_102.html#article\",\"isPartOf\":{\"@id\":\"https:\\\/\\\/www.fcbarcelonanoticias.com\\\/en\\\/fc-barcelona\\\/plan-hansi-flick-protect-squad-fc-barcelona-press_304079_102.html\"},\"author\":{\"name\":\"Andr\u00e9s Quiroz\",\"@id\":\"https:\\\/\\\/www.fcbarcelonanoticias.com\\\/en\\\/#\\\/schema\\\/person\\\/c2cd9f6fa1af5c0d0eccd0fefa575c88\"},\"headline\":\"Hansi Flick&#8217;s plan to &#8216;protect&#8217; the Bar\u00e7a squad from the press\",\"datePublished\":\"2024-06-02T09:32:00+00:00\",\"dateModified\":\"2024-06-03T02:08:00+00:00\",\"mainEntityOfPage\":{\"@id\":\"https:\\\/\\\/www.fcbarcelonanoticias.com\\\/en\\\/fc-barcelona\\\/plan-hansi-flick-protect-squad-fc-barcelona-press_304079_102.html\"},\"wordCount\":387,\"image\":{\"@id\":\"https:\\\/\\\/www.fcbarcelonanoticias.com\\\/en\\\/fc-barcelona\\\/plan-hansi-flick-protect-squad-fc-barcelona-press_304079_102.html#primaryimage\"},\"thumbnailUrl\":\"https:\\\/\\\/www.fcbarcelonanoticias.com\\\/en\\\/wp-content\\\/uploads\\\/sites\\\/2\\\/2024\\\/06\\\/hansi-flick-alemania.jpeg\",\"keywords\":[\"Hansi Flick\"],\"articleSection\":[\"FC Barcelona\"],\"inLanguage\":\"en-US\"},{\"@type\":\"WebPage\",\"@id\":\"https:\\\/\\\/www.fcbarcelonanoticias.com\\\/en\\\/fc-barcelona\\\/plan-hansi-flick-protect-squad-fc-barcelona-press_304079_102.html\",\"url\":\"https:\\\/\\\/www.fcbarcelonanoticias.com\\\/en\\\/fc-barcelona\\\/plan-hansi-flick-protect-squad-fc-barcelona-press_304079_102.html\",\"name\":\"Hansi Flick's plan to 'protect' the Bar\u00e7a squad from the press\",\"isPartOf\":{\"@id\":\"https:\\\/\\\/www.fcbarcelonanoticias.com\\\/en\\\/#website\"},\"primaryImageOfPage\":{\"@id\":\"https:\\\/\\\/www.fcbarcelonanoticias.com\\\/en\\\/fc-barcelona\\\/plan-hansi-flick-protect-squad-fc-barcelona-press_304079_102.html#primaryimage\"},\"image\":{\"@id\":\"https:\\\/\\\/www.fcbarcelonanoticias.com\\\/en\\\/fc-barcelona\\\/plan-hansi-flick-protect-squad-fc-barcelona-press_304079_102.html#primaryimage\"},\"thumbnailUrl\":\"https:\\\/\\\/www.fcbarcelonanoticias.com\\\/en\\\/wp-content\\\/uploads\\\/sites\\\/2\\\/2024\\\/06\\\/hansi-flick-alemania.jpeg\",\"datePublished\":\"2024-06-02T09:32:00+00:00\",\"dateModified\":\"2024-06-03T02:08:00+00:00\",\"author\":{\"@id\":\"https:\\\/\\\/www.fcbarcelonanoticias.com\\\/en\\\/#\\\/schema\\\/person\\\/c2cd9f6fa1af5c0d0eccd0fefa575c88\"},\"description\":\"The arrival of Hansi Flick to FC Barcelona will mean several changes in the club's day-to-day life. One of the first adjustments that the new coach and his staff hope to resolve has to do with shielding the locker room from the 'attacks' of the press\",\"breadcrumb\":{\"@id\":\"https:\\\/\\\/www.fcbarcelonanoticias.com\\\/en\\\/fc-barcelona\\\/plan-hansi-flick-protect-squad-fc-barcelona-press_304079_102.html#breadcrumb\"},\"inLanguage\":\"en-US\",\"potentialAction\":[{\"@type\":\"ReadAction\",\"target\":[\"https:\\\/\\\/www.fcbarcelonanoticias.com\\\/en\\\/fc-barcelona\\\/plan-hansi-flick-protect-squad-fc-barcelona-press_304079_102.html\"]}]},{\"@type\":\"ImageObject\",\"inLanguage\":\"en-US\",\"@id\":\"https:\\\/\\\/www.fcbarcelonanoticias.com\\\/en\\\/fc-barcelona\\\/plan-hansi-flick-protect-squad-fc-barcelona-press_304079_102.html#primaryimage\",\"url\":\"https:\\\/\\\/www.fcbarcelonanoticias.com\\\/en\\\/wp-content\\\/uploads\\\/sites\\\/2\\\/2024\\\/06\\\/hansi-flick-alemania.jpeg\",\"contentUrl\":\"https:\\\/\\\/www.fcbarcelonanoticias.com\\\/en\\\/wp-content\\\/uploads\\\/sites\\\/2\\\/2024\\\/06\\\/hansi-flick-alemania.jpeg\",\"width\":1300,\"height\":732},{\"@type\":\"BreadcrumbList\",\"@id\":\"https:\\\/\\\/www.fcbarcelonanoticias.com\\\/en\\\/fc-barcelona\\\/plan-hansi-flick-protect-squad-fc-barcelona-press_304079_102.html#breadcrumb\",\"itemListElement\":[{\"@type\":\"ListItem\",\"position\":1,\"name\":\"Portada\",\"item\":\"https:\\\/\\\/www.fcbarcelonanoticias.com\\\/en\\\/\"},{\"@type\":\"ListItem\",\"position\":2,\"name\":\"Hansi Flick&#8217;s plan to &#8216;protect&#8217; the Bar\u00e7a squad from the press\"}]},{\"@type\":\"WebSite\",\"@id\":\"https:\\\/\\\/www.fcbarcelonanoticias.com\\\/en\\\/#website\",\"url\":\"https:\\\/\\\/www.fcbarcelonanoticias.com\\\/en\\\/\",\"name\":\"EN - FC Barcelona Noticias\",\"description\":\"\",\"potentialAction\":[{\"@type\":\"SearchAction\",\"target\":{\"@type\":\"EntryPoint\",\"urlTemplate\":\"https:\\\/\\\/www.fcbarcelonanoticias.com\\\/en\\\/?s={search_term_string}\"},\"query-input\":{\"@type\":\"PropertyValueSpecification\",\"valueRequired\":true,\"valueName\":\"search_term_string\"}}],\"inLanguage\":\"en-US\"},{\"@type\":\"Person\",\"@id\":\"https:\\\/\\\/www.fcbarcelonanoticias.com\\\/en\\\/#\\\/schema\\\/person\\\/c2cd9f6fa1af5c0d0eccd0fefa575c88\",\"name\":\"Andr\u00e9s Quiroz\",\"image\":{\"@type\":\"ImageObject\",\"inLanguage\":\"en-US\",\"@id\":\"https:\\\/\\\/secure.gravatar.com\\\/avatar\\\/?s=96&d=mm&r=g\",\"url\":\"https:\\\/\\\/secure.gravatar.com\\\/avatar\\\/?s=96&d=mm&r=g\",\"contentUrl\":\"https:\\\/\\\/secure.gravatar.com\\\/avatar\\\/?s=96&d=mm&r=g\",\"caption\":\"Andr\u00e9s Quiroz\"},\"description\":\"Licenciado en Periodismo por la Universidad de los Andes. Me encargo de analizar y compartir los contenidos m\u00e1s destacados de la\u00a0actualidad del F\u00fatbol Club Barcelona, Mercado de Fichajes y F\u00fatbol Internacional en FCBN. La informaci\u00f3n es poder, pero tambi\u00e9n conocimiento.\",\"url\":\"https:\\\/\\\/www.fcbarcelonanoticias.com\\\/en\\\/fc-barcelona\\\/andres-quiroz_17_115.html\"}]}<\/script>\n<!-- \/ Yoast SEO plugin. -->","yoast_head_json":{"title":"Hansi Flick's plan to 'protect' the Bar\u00e7a squad from the press","description":"The arrival of Hansi Flick to FC Barcelona will mean several changes in the club's day-to-day life. One of the first adjustments that the new coach and his staff hope to resolve has to do with shielding the locker room from the 'attacks' of the press","robots":{"index":"index","follow":"follow","max-snippet":"max-snippet:-1","max-image-preview":"max-image-preview:large","max-video-preview":"max-video-preview:-1"},"canonical":"https:\/\/www.fcbarcelonanoticias.com\/en\/fc-barcelona\/plan-hansi-flick-protect-squad-fc-barcelona-press_304079_102.html","og_locale":"en_US","og_type":"article","og_title":"Hansi Flick's plan to 'protect' the Bar\u00e7a squad from the press","og_description":"The arrival of Hansi Flick to FC Barcelona will mean several changes in the club's day-to-day life. One of the first adjustments that the new coach and his staff hope to resolve has to do with shielding the locker room from the 'attacks' of the press","og_url":"https:\/\/www.fcbarcelonanoticias.com\/en\/fc-barcelona\/plan-hansi-flick-protect-squad-fc-barcelona-press_304079_102.html","og_site_name":"EN - FC Barcelona Noticias","article_published_time":"2024-06-02T09:32:00+00:00","article_modified_time":"2024-06-03T02:08:00+00:00","og_image":[{"width":1300,"height":732,"url":"https:\/\/www.fcbarcelonanoticias.com\/en\/wp-content\/uploads\/sites\/2\/2024\/06\/hansi-flick-alemania.jpeg","type":"image\/jpeg"}],"author":"Andr\u00e9s Quiroz","twitter_card":"summary_large_image","twitter_misc":{"Written by":"Andr\u00e9s Quiroz","Est. reading time":"2 minutes"},"schema":{"@context":"https:\/\/schema.org","@graph":[{"@type":"Article","@id":"https:\/\/www.fcbarcelonanoticias.com\/en\/fc-barcelona\/plan-hansi-flick-protect-squad-fc-barcelona-press_304079_102.html#article","isPartOf":{"@id":"https:\/\/www.fcbarcelonanoticias.com\/en\/fc-barcelona\/plan-hansi-flick-protect-squad-fc-barcelona-press_304079_102.html"},"author":{"name":"Andr\u00e9s Quiroz","@id":"https:\/\/www.fcbarcelonanoticias.com\/en\/#\/schema\/person\/c2cd9f6fa1af5c0d0eccd0fefa575c88"},"headline":"Hansi Flick&#8217;s plan to &#8216;protect&#8217; the Bar\u00e7a squad from the press","datePublished":"2024-06-02T09:32:00+00:00","dateModified":"2024-06-03T02:08:00+00:00","mainEntityOfPage":{"@id":"https:\/\/www.fcbarcelonanoticias.com\/en\/fc-barcelona\/plan-hansi-flick-protect-squad-fc-barcelona-press_304079_102.html"},"wordCount":387,"image":{"@id":"https:\/\/www.fcbarcelonanoticias.com\/en\/fc-barcelona\/plan-hansi-flick-protect-squad-fc-barcelona-press_304079_102.html#primaryimage"},"thumbnailUrl":"https:\/\/www.fcbarcelonanoticias.com\/en\/wp-content\/uploads\/sites\/2\/2024\/06\/hansi-flick-alemania.jpeg","keywords":["Hansi Flick"],"articleSection":["FC Barcelona"],"inLanguage":"en-US"},{"@type":"WebPage","@id":"https:\/\/www.fcbarcelonanoticias.com\/en\/fc-barcelona\/plan-hansi-flick-protect-squad-fc-barcelona-press_304079_102.html","url":"https:\/\/www.fcbarcelonanoticias.com\/en\/fc-barcelona\/plan-hansi-flick-protect-squad-fc-barcelona-press_304079_102.html","name":"Hansi Flick's plan to 'protect' the Bar\u00e7a squad from the press","isPartOf":{"@id":"https:\/\/www.fcbarcelonanoticias.com\/en\/#website"},"primaryImageOfPage":{"@id":"https:\/\/www.fcbarcelonanoticias.com\/en\/fc-barcelona\/plan-hansi-flick-protect-squad-fc-barcelona-press_304079_102.html#primaryimage"},"image":{"@id":"https:\/\/www.fcbarcelonanoticias.com\/en\/fc-barcelona\/plan-hansi-flick-protect-squad-fc-barcelona-press_304079_102.html#primaryimage"},"thumbnailUrl":"https:\/\/www.fcbarcelonanoticias.com\/en\/wp-content\/uploads\/sites\/2\/2024\/06\/hansi-flick-alemania.jpeg","datePublished":"2024-06-02T09:32:00+00:00","dateModified":"2024-06-03T02:08:00+00:00","author":{"@id":"https:\/\/www.fcbarcelonanoticias.com\/en\/#\/schema\/person\/c2cd9f6fa1af5c0d0eccd0fefa575c88"},"description":"The arrival of Hansi Flick to FC Barcelona will mean several changes in the club's day-to-day life. One of the first adjustments that the new coach and his staff hope to resolve has to do with shielding the locker room from the 'attacks' of the press","breadcrumb":{"@id":"https:\/\/www.fcbarcelonanoticias.com\/en\/fc-barcelona\/plan-hansi-flick-protect-squad-fc-barcelona-press_304079_102.html#breadcrumb"},"inLanguage":"en-US","potentialAction":[{"@type":"ReadAction","target":["https:\/\/www.fcbarcelonanoticias.com\/en\/fc-barcelona\/plan-hansi-flick-protect-squad-fc-barcelona-press_304079_102.html"]}]},{"@type":"ImageObject","inLanguage":"en-US","@id":"https:\/\/www.fcbarcelonanoticias.com\/en\/fc-barcelona\/plan-hansi-flick-protect-squad-fc-barcelona-press_304079_102.html#primaryimage","url":"https:\/\/www.fcbarcelonanoticias.com\/en\/wp-content\/uploads\/sites\/2\/2024\/06\/hansi-flick-alemania.jpeg","contentUrl":"https:\/\/www.fcbarcelonanoticias.com\/en\/wp-content\/uploads\/sites\/2\/2024\/06\/hansi-flick-alemania.jpeg","width":1300,"height":732},{"@type":"BreadcrumbList","@id":"https:\/\/www.fcbarcelonanoticias.com\/en\/fc-barcelona\/plan-hansi-flick-protect-squad-fc-barcelona-press_304079_102.html#breadcrumb","itemListElement":[{"@type":"ListItem","position":1,"name":"Portada","item":"https:\/\/www.fcbarcelonanoticias.com\/en\/"},{"@type":"ListItem","position":2,"name":"Hansi Flick&#8217;s plan to &#8216;protect&#8217; the Bar\u00e7a squad from the press"}]},{"@type":"WebSite","@id":"https:\/\/www.fcbarcelonanoticias.com\/en\/#website","url":"https:\/\/www.fcbarcelonanoticias.com\/en\/","name":"EN - FC Barcelona Noticias","description":"","potentialAction":[{"@type":"SearchAction","target":{"@type":"EntryPoint","urlTemplate":"https:\/\/www.fcbarcelonanoticias.com\/en\/?s={search_term_string}"},"query-input":{"@type":"PropertyValueSpecification","valueRequired":true,"valueName":"search_term_string"}}],"inLanguage":"en-US"},{"@type":"Person","@id":"https:\/\/www.fcbarcelonanoticias.com\/en\/#\/schema\/person\/c2cd9f6fa1af5c0d0eccd0fefa575c88","name":"Andr\u00e9s Quiroz","image":{"@type":"ImageObject","inLanguage":"en-US","@id":"https:\/\/secure.gravatar.com\/avatar\/?s=96&d=mm&r=g","url":"https:\/\/secure.gravatar.com\/avatar\/?s=96&d=mm&r=g","contentUrl":"https:\/\/secure.gravatar.com\/avatar\/?s=96&d=mm&r=g","caption":"Andr\u00e9s Quiroz"},"description":"Licenciado en Periodismo por la Universidad de los Andes. Me encargo de analizar y compartir los contenidos m\u00e1s destacados de la\u00a0actualidad del F\u00fatbol Club Barcelona, Mercado de Fichajes y F\u00fatbol Internacional en FCBN. La informaci\u00f3n es poder, pero tambi\u00e9n conocimiento.","url":"https:\/\/www.fcbarcelonanoticias.com\/en\/fc-barcelona\/andres-quiroz_17_115.html"}]}},"_links":{"self":[{"href":"https:\/\/www.fcbarcelonanoticias.com\/en\/wp-json\/wp\/v2\/posts\/109388","targetHints":{"allow":["GET"]}}],"collection":[{"href":"https:\/\/www.fcbarcelonanoticias.com\/en\/wp-json\/wp\/v2\/posts"}],"about":[{"href":"https:\/\/www.fcbarcelonanoticias.com\/en\/wp-json\/wp\/v2\/types\/post"}],"author":[{"embeddable":true,"href":"https:\/\/www.fcbarcelonanoticias.com\/en\/wp-json\/wp\/v2\/users\/347"}],"replies":[{"embeddable":true,"href":"https:\/\/www.fcbarcelonanoticias.com\/en\/wp-json\/wp\/v2\/comments?post=109388"}],"version-history":[{"count":1,"href":"https:\/\/www.fcbarcelonanoticias.com\/en\/wp-json\/wp\/v2\/posts\/109388\/revisions"}],"predecessor-version":[{"id":148528,"href":"https:\/\/www.fcbarcelonanoticias.com\/en\/wp-json\/wp\/v2\/posts\/109388\/revisions\/148528"}],"wp:featuredmedia":[{"embeddable":true,"href":"https:\/\/www.fcbarcelonanoticias.com\/en\/wp-json\/wp\/v2\/media\/109394"}],"wp:attachment":[{"href":"https:\/\/www.fcbarcelonanoticias.com\/en\/wp-json\/wp\/v2\/media?parent=109388"}],"wp:term":[{"taxonomy":"category","embeddable":true,"href":"https:\/\/www.fcbarcelonanoticias.com\/en\/wp-json\/wp\/v2\/categories?post=109388"},{"taxonomy":"post_tag","embeddable":true,"href":"https:\/\/www.fcbarcelonanoticias.com\/en\/wp-json\/wp\/v2\/tags?post=109388"}],"curies":[{"name":"wp","href":"https:\/\/api.w.org\/{rel}","templated":true}]}}