{"id":109694,"date":"2022-08-06T00:03:00","date_gmt":"2022-08-05T22:03:00","guid":{"rendered":"https:\/\/weisetech.dev\/fc-barcelona-noticias\/en\/new-dorsal-and-big-absent-laliga-updates-the-staff-of-the-barca_282932_102\/"},"modified":"2022-08-06T00:03:00","modified_gmt":"2022-08-05T22:03:00","slug":"new-dorsal-and-big-absent-laliga-updates-the-staff-of-the-barca_282932_102","status":"publish","type":"post","link":"https:\/\/www.fcbarcelonanoticias.com\/en\/fc-barcelona\/players\/new-dorsal-and-big-absent-laliga-updates-the-staff-of-the-barca_282932_102.html","title":{"rendered":"New numbers and big absentees: LaLiga updates Bar\u00e7a&#8217;s squad"},"content":{"rendered":"<h2 class=\"wp-block-heading\">Waiting for FC Barcelona to complete the registration of its five signings and two renewals, LaLiga has updated the squad of the team coached by Xavi Hern\u00e1ndez for the 2022-2023 season<\/h2>  \r\n<div class=\"article-addons\">\r\n    <a href=\"https:\/\/www.fcbarcelonanoticias.com\/en\/calendar-fc-barcelona.html\"\r\n       target=\"_self\"\r\n       title=\"Calendar of FC Barcelona\"\r\n       class=\"blue-gredient-btn\">\r\n       \r\n        Calendar of FC Barcelona    <\/a>\r\n<\/div>   <p><strong>It subtracts a week so that it begin the season 2022-2023 of LaLiga Santander<\/strong> and for the<a data-external=\"0\" data-intl-links-en=\"https:\/\/www.fcbarcelonanoticias.com\/en\/fc-barcelona\" data-intl-links-es=\"https:\/\/www.fcbarcelonanoticias.com\/fc-barcelona\" href=\"https:\/\/www.fcbarcelonanoticias.com\/en\/football-soccer\/fc-barcelona.html\" rel=\"follow\" target=\"_self\" title=\"FC Barcelona\"> FC Barcelona<\/a> there is a lot of work by in front. Already it has confirmed that the economic control has not processed the registration of the new signings (Christensen, Kessi\u00e9, Raphinha, Lewandowski and Kound\u00e9) and the two renewals that closed recently (Demb\u00e9l\u00e9 and Sergi Roberto) because they do not fulfil with the parameters of the patronal.<\/p>  <p>The entity chaired by Joan Laporta is <a data-external=\"0\" data-intl-links-en=\"https:\/\/www.fcbarcelonanoticias.com\/en\/club\/what-has-to-do-the-barca-to-be-able-to-inscribe-to-all-his-signings_282924_102.html\" data-intl-links-es=\"https:\/\/www.fcbarcelonanoticias.com\/club\/que-tiene-hacer-barcelona-poder-inscribir-todos-sus-fichajes_282924_102.html\" href=\"https:\/\/www.fcbarcelonanoticias.com\/en\/club\/what-has-to-do-the-barca-to-be-able-to-inscribe-to-all-his-signings_282924_102.html\" rel=\"follow\" target=\"_self\" title=\"\u00bfQu\u00e9 tiene que hacer el Bar\u00e7a para inscribir a todos sus fichajes?\">forced to sell more heritage<\/a> (24,5% of Bar\u00e7a Studios, that already is in negotiation) and accelerate so much the sale of players like the discounts salariales. In the meantime, <strong>the staff that is registered in LaLiga is very short, as it has desvelado the night of this Friday.<\/strong> In the web, there is big novelties and also a few absent, as well as players that are in the limbo.<\/p>  <p>In the section of novelties is that officially <strong>Ferran Torres and Pedri Gonz\u00e1lez have changed of dorsal<\/strong>. The one of Foios will dress the &#8217;11&#8217; to his backs, that carried Ousmane Demb\u00e9l\u00e9 until the 2020-21 and later Adama Traor\u00e9 in the six months that played yielded in the Spotify Camp Nou. On the other hand, the one of Tegueste will have the &#8216;8&#8217; of the mythical Andr\u00e9s Iniesta, as it had desvelado before by part of the player and of the Bar\u00e7a.<\/p>  <p>On the other hand, it is worth it to highlight that they appear Net Walled (ready of fichar by the Bournermouth), \u00d2scar Mingueza that has not been inscribed by the Real Celtic Club, as well as Samuel Umtiti, Martin Braithwaite, Memphis Depay and Miralem Pjanic. <strong>Any has dorsal clear-cut<\/strong>, by what understands that it is one &#8216;signal&#8217; of all are in the limbo and his future is far of the Spotify Camp Nou.<\/p>  <p>Those that if they do not appear are the players that have gone out in quality of loan: <strong>Moussa Wagu\u00e9, to the HNK Gorica of Croatia, Francisco Trincao (Sporting CP) and Antoine Griezmann <\/strong>that is not neither in the staff of the Bar\u00e7a neither in the one of the Athletic of Madrid. The French attacker is in the air waiting for that formalise his second year of cession in the group of the capital of Spain.<\/p>  <h3>Waiting for the signings<\/h3>  <p>To the Bar\u00e7a is missing him inscribe to seven players: <strong>Christensen, Kessi\u00e9, Raphinha, Lewandowski, Kound\u00e9, Sergi Roberto and Ousmane Demb\u00e9l\u00e9,<\/strong> in addition to what can happen with a Gavi that already has fulfilled the majority of age and can renew his agreement with the Barcelona picture to form part, of official way, of the first staff. In this sense, are eight the pending cases that have Joan Laporta, Mateu Alemany and company.<\/p>  <p>Like this then , to day of today <strong>the Bar\u00e7a has to 17 players inscribed in LaLiga <\/strong>(leaving to explain to Net and Mingueza) and are missing other eight for registering for a total of 25 footballers, precisely those that allows LaLiga for each team. It will be necessary to expect to know who more will go out so that Marcos Alonso, imminent signing of the cul\u00e9s, have a gap in the staff.<\/p>  <h3>Players of the Bar\u00e7a inscribed in League<\/h3>  <ol> <li>Ter Stegen<\/li> \t<li>Net (slope of exit to the Bournemouth)<\/li> \t<li>Sergi\u00f1o Dest<\/li> \t<li>Gerard Hammered<\/li> \t<li>Ronald Ara\u00fajo<\/li> \t<li>Jordi Alba<\/li> \t<li>Eric Garcia<\/li> \t<li>Samuel Umtiti<\/li> \t<li>Mingueza (Will be inscribed with the Celtic)<\/li> \t<li>Sergio Busquets<\/li> \t<li>Pedri Gonz\u00e1lez<\/li> \t<li>Ferran Torrres<\/li> \t<li>Nico Gonz\u00e1lez<\/li> \t<li>Frenkie Of Jong<\/li> \t<li>Miralem Pjanic<\/li> \t<li>Ansu Fati<\/li> \t<li>Aubameyang<\/li> \t<li>Martin Braithwaite<\/li> \t<li>Memphis Depay<\/li> <\/ol> <h3>Players that is missing for inscribing<\/h3>  <ol> <li>Christensen<\/li> \t<li>Kessi\u00e9<\/li> \t<li>Raphinha<\/li> \t<li>Lewandowski<\/li> \t<li>Kound\u00e9<\/li> \t<li>Sergi Roberto<\/li> \t<li>Ousmane Demb\u00e9l\u00e9<\/li> \t<li>Gavi<\/li> <\/ol> ","protected":false},"excerpt":{"rendered":"<p>Waiting for FC Barcelona to complete the registration of its five signings and two renewals, LaLiga has updated the squad of the team coached by Xavi Hern\u00e1ndez for the 2022-2023 season It subtracts a week so that it begin the season 2022-2023 of LaLiga Santander and for the FC Barcelona there is a lot of [&hellip;]<\/p>\n","protected":false},"author":352,"featured_media":109706,"comment_status":"closed","ping_status":"open","sticky":false,"template":"","format":"standard","meta":{"_acf_changed":false,"inline_featured_image":false,"_nextfly_llmd_date_locked":false,"footnotes":""},"categories":[107,453],"tags":[],"class_list":["post-109694","post","type-post","status-publish","format-standard","has-post-thumbnail","hentry","category-players","category-players-2"],"acf":[],"yoast_head":"<!-- This site is optimized with the Yoast SEO plugin v27.3 - https:\/\/yoast.com\/product\/yoast-seo-wordpress\/ -->\n<title>New dorsal and big absent: LaLiga updates the staff of the Bar\u00e7a<\/title>\n<meta name=\"description\" content=\"Waiting for that the FC Barcelona can complete the registration of his five signings and two renewals, LaLiga has updated the staff of the team ent...\" \/>\n<meta name=\"robots\" content=\"index, follow, max-snippet:-1, max-image-preview:large, max-video-preview:-1\" \/>\n<link rel=\"canonical\" href=\"https:\/\/www.fcbarcelonanoticias.com\/en\/fc-barcelona\/players\/new-dorsal-and-big-absent-laliga-updates-the-staff-of-the-barca_282932_102.html\" \/>\n<meta property=\"og:locale\" content=\"en_US\" \/>\n<meta property=\"og:type\" content=\"article\" \/>\n<meta property=\"og:title\" content=\"New dorsal and big absent: LaLiga updates the staff of the Bar\u00e7a\" \/>\n<meta property=\"og:description\" content=\"Waiting for that the FC Barcelona can complete the registration of his five signings and two renewals, LaLiga has updated the staff of the team ent...\" \/>\n<meta property=\"og:url\" content=\"https:\/\/www.fcbarcelonanoticias.com\/en\/fc-barcelona\/players\/new-dorsal-and-big-absent-laliga-updates-the-staff-of-the-barca_282932_102.html\" \/>\n<meta property=\"og:site_name\" content=\"EN - FC Barcelona Noticias\" \/>\n<meta property=\"article:published_time\" content=\"2022-08-05T22:03:00+00:00\" \/>\n<meta property=\"og:image\" content=\"https:\/\/www.fcbarcelonanoticias.com\/en\/wp-content\/uploads\/sites\/2\/2022\/08\/jugadores-fc-barcelona.jpeg\" \/>\n\t<meta property=\"og:image:width\" content=\"1300\" \/>\n\t<meta property=\"og:image:height\" content=\"732\" \/>\n\t<meta property=\"og:image:type\" content=\"image\/jpeg\" \/>\n<meta name=\"author\" content=\"Paola Guevara\" \/>\n<meta name=\"twitter:card\" content=\"summary_large_image\" \/>\n<meta name=\"twitter:label1\" content=\"Written by\" \/>\n\t<meta name=\"twitter:data1\" content=\"Paola Guevara\" \/>\n\t<meta name=\"twitter:label2\" content=\"Est. reading time\" \/>\n\t<meta name=\"twitter:data2\" content=\"3 minutes\" \/>\n<script type=\"application\/ld+json\" class=\"yoast-schema-graph\">{\"@context\":\"https:\\\/\\\/schema.org\",\"@graph\":[{\"@type\":\"Article\",\"@id\":\"https:\\\/\\\/www.fcbarcelonanoticias.com\\\/en\\\/fc-barcelona\\\/players\\\/new-dorsal-and-big-absent-laliga-updates-the-staff-of-the-barca_282932_102.html#article\",\"isPartOf\":{\"@id\":\"https:\\\/\\\/www.fcbarcelonanoticias.com\\\/en\\\/fc-barcelona\\\/players\\\/new-dorsal-and-big-absent-laliga-updates-the-staff-of-the-barca_282932_102.html\"},\"author\":{\"name\":\"Paola Guevara\",\"@id\":\"https:\\\/\\\/www.fcbarcelonanoticias.com\\\/en\\\/#\\\/schema\\\/person\\\/3b408513ee236e64c3043ec901f019ee\"},\"headline\":\"New numbers and big absentees: LaLiga updates Bar\u00e7a&#8217;s squad\",\"datePublished\":\"2022-08-05T22:03:00+00:00\",\"mainEntityOfPage\":{\"@id\":\"https:\\\/\\\/www.fcbarcelonanoticias.com\\\/en\\\/fc-barcelona\\\/players\\\/new-dorsal-and-big-absent-laliga-updates-the-staff-of-the-barca_282932_102.html\"},\"wordCount\":654,\"image\":{\"@id\":\"https:\\\/\\\/www.fcbarcelonanoticias.com\\\/en\\\/fc-barcelona\\\/players\\\/new-dorsal-and-big-absent-laliga-updates-the-staff-of-the-barca_282932_102.html#primaryimage\"},\"thumbnailUrl\":\"https:\\\/\\\/www.fcbarcelonanoticias.com\\\/en\\\/wp-content\\\/uploads\\\/sites\\\/2\\\/2022\\\/08\\\/jugadores-fc-barcelona.jpeg\",\"articleSection\":[\"Players\",\"Players\"],\"inLanguage\":\"en-US\"},{\"@type\":\"WebPage\",\"@id\":\"https:\\\/\\\/www.fcbarcelonanoticias.com\\\/en\\\/fc-barcelona\\\/players\\\/new-dorsal-and-big-absent-laliga-updates-the-staff-of-the-barca_282932_102.html\",\"url\":\"https:\\\/\\\/www.fcbarcelonanoticias.com\\\/en\\\/fc-barcelona\\\/players\\\/new-dorsal-and-big-absent-laliga-updates-the-staff-of-the-barca_282932_102.html\",\"name\":\"New dorsal and big absent: LaLiga updates the staff of the Bar\u00e7a\",\"isPartOf\":{\"@id\":\"https:\\\/\\\/www.fcbarcelonanoticias.com\\\/en\\\/#website\"},\"primaryImageOfPage\":{\"@id\":\"https:\\\/\\\/www.fcbarcelonanoticias.com\\\/en\\\/fc-barcelona\\\/players\\\/new-dorsal-and-big-absent-laliga-updates-the-staff-of-the-barca_282932_102.html#primaryimage\"},\"image\":{\"@id\":\"https:\\\/\\\/www.fcbarcelonanoticias.com\\\/en\\\/fc-barcelona\\\/players\\\/new-dorsal-and-big-absent-laliga-updates-the-staff-of-the-barca_282932_102.html#primaryimage\"},\"thumbnailUrl\":\"https:\\\/\\\/www.fcbarcelonanoticias.com\\\/en\\\/wp-content\\\/uploads\\\/sites\\\/2\\\/2022\\\/08\\\/jugadores-fc-barcelona.jpeg\",\"datePublished\":\"2022-08-05T22:03:00+00:00\",\"author\":{\"@id\":\"https:\\\/\\\/www.fcbarcelonanoticias.com\\\/en\\\/#\\\/schema\\\/person\\\/3b408513ee236e64c3043ec901f019ee\"},\"description\":\"Waiting for that the FC Barcelona can complete the registration of his five signings and two renewals, LaLiga has updated the staff of the team ent...\",\"breadcrumb\":{\"@id\":\"https:\\\/\\\/www.fcbarcelonanoticias.com\\\/en\\\/fc-barcelona\\\/players\\\/new-dorsal-and-big-absent-laliga-updates-the-staff-of-the-barca_282932_102.html#breadcrumb\"},\"inLanguage\":\"en-US\",\"potentialAction\":[{\"@type\":\"ReadAction\",\"target\":[\"https:\\\/\\\/www.fcbarcelonanoticias.com\\\/en\\\/fc-barcelona\\\/players\\\/new-dorsal-and-big-absent-laliga-updates-the-staff-of-the-barca_282932_102.html\"]}]},{\"@type\":\"ImageObject\",\"inLanguage\":\"en-US\",\"@id\":\"https:\\\/\\\/www.fcbarcelonanoticias.com\\\/en\\\/fc-barcelona\\\/players\\\/new-dorsal-and-big-absent-laliga-updates-the-staff-of-the-barca_282932_102.html#primaryimage\",\"url\":\"https:\\\/\\\/www.fcbarcelonanoticias.com\\\/en\\\/wp-content\\\/uploads\\\/sites\\\/2\\\/2022\\\/08\\\/jugadores-fc-barcelona.jpeg\",\"contentUrl\":\"https:\\\/\\\/www.fcbarcelonanoticias.com\\\/en\\\/wp-content\\\/uploads\\\/sites\\\/2\\\/2022\\\/08\\\/jugadores-fc-barcelona.jpeg\",\"width\":1300,\"height\":732},{\"@type\":\"BreadcrumbList\",\"@id\":\"https:\\\/\\\/www.fcbarcelonanoticias.com\\\/en\\\/fc-barcelona\\\/players\\\/new-dorsal-and-big-absent-laliga-updates-the-staff-of-the-barca_282932_102.html#breadcrumb\",\"itemListElement\":[{\"@type\":\"ListItem\",\"position\":1,\"name\":\"Portada\",\"item\":\"https:\\\/\\\/www.fcbarcelonanoticias.com\\\/en\\\/\"},{\"@type\":\"ListItem\",\"position\":2,\"name\":\"New numbers and big absentees: LaLiga updates Bar\u00e7a&#8217;s squad\"}]},{\"@type\":\"WebSite\",\"@id\":\"https:\\\/\\\/www.fcbarcelonanoticias.com\\\/en\\\/#website\",\"url\":\"https:\\\/\\\/www.fcbarcelonanoticias.com\\\/en\\\/\",\"name\":\"EN - FC Barcelona Noticias\",\"description\":\"\",\"potentialAction\":[{\"@type\":\"SearchAction\",\"target\":{\"@type\":\"EntryPoint\",\"urlTemplate\":\"https:\\\/\\\/www.fcbarcelonanoticias.com\\\/en\\\/?s={search_term_string}\"},\"query-input\":{\"@type\":\"PropertyValueSpecification\",\"valueRequired\":true,\"valueName\":\"search_term_string\"}}],\"inLanguage\":\"en-US\"},{\"@type\":\"Person\",\"@id\":\"https:\\\/\\\/www.fcbarcelonanoticias.com\\\/en\\\/#\\\/schema\\\/person\\\/3b408513ee236e64c3043ec901f019ee\",\"name\":\"Paola Guevara\",\"image\":{\"@type\":\"ImageObject\",\"inLanguage\":\"en-US\",\"@id\":\"https:\\\/\\\/secure.gravatar.com\\\/avatar\\\/?s=96&d=mm&r=g\",\"url\":\"https:\\\/\\\/secure.gravatar.com\\\/avatar\\\/?s=96&d=mm&r=g\",\"contentUrl\":\"https:\\\/\\\/secure.gravatar.com\\\/avatar\\\/?s=96&d=mm&r=g\",\"caption\":\"Paola Guevara\"},\"url\":\"https:\\\/\\\/www.fcbarcelonanoticias.com\\\/en\\\/fc-barcelona\\\/paola-guevara_9_115.html\"}]}<\/script>\n<!-- \/ Yoast SEO plugin. -->","yoast_head_json":{"title":"New dorsal and big absent: LaLiga updates the staff of the Bar\u00e7a","description":"Waiting for that the FC Barcelona can complete the registration of his five signings and two renewals, LaLiga has updated the staff of the team ent...","robots":{"index":"index","follow":"follow","max-snippet":"max-snippet:-1","max-image-preview":"max-image-preview:large","max-video-preview":"max-video-preview:-1"},"canonical":"https:\/\/www.fcbarcelonanoticias.com\/en\/fc-barcelona\/players\/new-dorsal-and-big-absent-laliga-updates-the-staff-of-the-barca_282932_102.html","og_locale":"en_US","og_type":"article","og_title":"New dorsal and big absent: LaLiga updates the staff of the Bar\u00e7a","og_description":"Waiting for that the FC Barcelona can complete the registration of his five signings and two renewals, LaLiga has updated the staff of the team ent...","og_url":"https:\/\/www.fcbarcelonanoticias.com\/en\/fc-barcelona\/players\/new-dorsal-and-big-absent-laliga-updates-the-staff-of-the-barca_282932_102.html","og_site_name":"EN - FC Barcelona Noticias","article_published_time":"2022-08-05T22:03:00+00:00","og_image":[{"width":1300,"height":732,"url":"https:\/\/www.fcbarcelonanoticias.com\/en\/wp-content\/uploads\/sites\/2\/2022\/08\/jugadores-fc-barcelona.jpeg","type":"image\/jpeg"}],"author":"Paola Guevara","twitter_card":"summary_large_image","twitter_misc":{"Written by":"Paola Guevara","Est. reading time":"3 minutes"},"schema":{"@context":"https:\/\/schema.org","@graph":[{"@type":"Article","@id":"https:\/\/www.fcbarcelonanoticias.com\/en\/fc-barcelona\/players\/new-dorsal-and-big-absent-laliga-updates-the-staff-of-the-barca_282932_102.html#article","isPartOf":{"@id":"https:\/\/www.fcbarcelonanoticias.com\/en\/fc-barcelona\/players\/new-dorsal-and-big-absent-laliga-updates-the-staff-of-the-barca_282932_102.html"},"author":{"name":"Paola Guevara","@id":"https:\/\/www.fcbarcelonanoticias.com\/en\/#\/schema\/person\/3b408513ee236e64c3043ec901f019ee"},"headline":"New numbers and big absentees: LaLiga updates Bar\u00e7a&#8217;s squad","datePublished":"2022-08-05T22:03:00+00:00","mainEntityOfPage":{"@id":"https:\/\/www.fcbarcelonanoticias.com\/en\/fc-barcelona\/players\/new-dorsal-and-big-absent-laliga-updates-the-staff-of-the-barca_282932_102.html"},"wordCount":654,"image":{"@id":"https:\/\/www.fcbarcelonanoticias.com\/en\/fc-barcelona\/players\/new-dorsal-and-big-absent-laliga-updates-the-staff-of-the-barca_282932_102.html#primaryimage"},"thumbnailUrl":"https:\/\/www.fcbarcelonanoticias.com\/en\/wp-content\/uploads\/sites\/2\/2022\/08\/jugadores-fc-barcelona.jpeg","articleSection":["Players","Players"],"inLanguage":"en-US"},{"@type":"WebPage","@id":"https:\/\/www.fcbarcelonanoticias.com\/en\/fc-barcelona\/players\/new-dorsal-and-big-absent-laliga-updates-the-staff-of-the-barca_282932_102.html","url":"https:\/\/www.fcbarcelonanoticias.com\/en\/fc-barcelona\/players\/new-dorsal-and-big-absent-laliga-updates-the-staff-of-the-barca_282932_102.html","name":"New dorsal and big absent: LaLiga updates the staff of the Bar\u00e7a","isPartOf":{"@id":"https:\/\/www.fcbarcelonanoticias.com\/en\/#website"},"primaryImageOfPage":{"@id":"https:\/\/www.fcbarcelonanoticias.com\/en\/fc-barcelona\/players\/new-dorsal-and-big-absent-laliga-updates-the-staff-of-the-barca_282932_102.html#primaryimage"},"image":{"@id":"https:\/\/www.fcbarcelonanoticias.com\/en\/fc-barcelona\/players\/new-dorsal-and-big-absent-laliga-updates-the-staff-of-the-barca_282932_102.html#primaryimage"},"thumbnailUrl":"https:\/\/www.fcbarcelonanoticias.com\/en\/wp-content\/uploads\/sites\/2\/2022\/08\/jugadores-fc-barcelona.jpeg","datePublished":"2022-08-05T22:03:00+00:00","author":{"@id":"https:\/\/www.fcbarcelonanoticias.com\/en\/#\/schema\/person\/3b408513ee236e64c3043ec901f019ee"},"description":"Waiting for that the FC Barcelona can complete the registration of his five signings and two renewals, LaLiga has updated the staff of the team ent...","breadcrumb":{"@id":"https:\/\/www.fcbarcelonanoticias.com\/en\/fc-barcelona\/players\/new-dorsal-and-big-absent-laliga-updates-the-staff-of-the-barca_282932_102.html#breadcrumb"},"inLanguage":"en-US","potentialAction":[{"@type":"ReadAction","target":["https:\/\/www.fcbarcelonanoticias.com\/en\/fc-barcelona\/players\/new-dorsal-and-big-absent-laliga-updates-the-staff-of-the-barca_282932_102.html"]}]},{"@type":"ImageObject","inLanguage":"en-US","@id":"https:\/\/www.fcbarcelonanoticias.com\/en\/fc-barcelona\/players\/new-dorsal-and-big-absent-laliga-updates-the-staff-of-the-barca_282932_102.html#primaryimage","url":"https:\/\/www.fcbarcelonanoticias.com\/en\/wp-content\/uploads\/sites\/2\/2022\/08\/jugadores-fc-barcelona.jpeg","contentUrl":"https:\/\/www.fcbarcelonanoticias.com\/en\/wp-content\/uploads\/sites\/2\/2022\/08\/jugadores-fc-barcelona.jpeg","width":1300,"height":732},{"@type":"BreadcrumbList","@id":"https:\/\/www.fcbarcelonanoticias.com\/en\/fc-barcelona\/players\/new-dorsal-and-big-absent-laliga-updates-the-staff-of-the-barca_282932_102.html#breadcrumb","itemListElement":[{"@type":"ListItem","position":1,"name":"Portada","item":"https:\/\/www.fcbarcelonanoticias.com\/en\/"},{"@type":"ListItem","position":2,"name":"New numbers and big absentees: LaLiga updates Bar\u00e7a&#8217;s squad"}]},{"@type":"WebSite","@id":"https:\/\/www.fcbarcelonanoticias.com\/en\/#website","url":"https:\/\/www.fcbarcelonanoticias.com\/en\/","name":"EN - FC Barcelona Noticias","description":"","potentialAction":[{"@type":"SearchAction","target":{"@type":"EntryPoint","urlTemplate":"https:\/\/www.fcbarcelonanoticias.com\/en\/?s={search_term_string}"},"query-input":{"@type":"PropertyValueSpecification","valueRequired":true,"valueName":"search_term_string"}}],"inLanguage":"en-US"},{"@type":"Person","@id":"https:\/\/www.fcbarcelonanoticias.com\/en\/#\/schema\/person\/3b408513ee236e64c3043ec901f019ee","name":"Paola Guevara","image":{"@type":"ImageObject","inLanguage":"en-US","@id":"https:\/\/secure.gravatar.com\/avatar\/?s=96&d=mm&r=g","url":"https:\/\/secure.gravatar.com\/avatar\/?s=96&d=mm&r=g","contentUrl":"https:\/\/secure.gravatar.com\/avatar\/?s=96&d=mm&r=g","caption":"Paola Guevara"},"url":"https:\/\/www.fcbarcelonanoticias.com\/en\/fc-barcelona\/paola-guevara_9_115.html"}]}},"_links":{"self":[{"href":"https:\/\/www.fcbarcelonanoticias.com\/en\/wp-json\/wp\/v2\/posts\/109694","targetHints":{"allow":["GET"]}}],"collection":[{"href":"https:\/\/www.fcbarcelonanoticias.com\/en\/wp-json\/wp\/v2\/posts"}],"about":[{"href":"https:\/\/www.fcbarcelonanoticias.com\/en\/wp-json\/wp\/v2\/types\/post"}],"author":[{"embeddable":true,"href":"https:\/\/www.fcbarcelonanoticias.com\/en\/wp-json\/wp\/v2\/users\/352"}],"replies":[{"embeddable":true,"href":"https:\/\/www.fcbarcelonanoticias.com\/en\/wp-json\/wp\/v2\/comments?post=109694"}],"version-history":[{"count":1,"href":"https:\/\/www.fcbarcelonanoticias.com\/en\/wp-json\/wp\/v2\/posts\/109694\/revisions"}],"predecessor-version":[{"id":148585,"href":"https:\/\/www.fcbarcelonanoticias.com\/en\/wp-json\/wp\/v2\/posts\/109694\/revisions\/148585"}],"wp:featuredmedia":[{"embeddable":true,"href":"https:\/\/www.fcbarcelonanoticias.com\/en\/wp-json\/wp\/v2\/media\/109706"}],"wp:attachment":[{"href":"https:\/\/www.fcbarcelonanoticias.com\/en\/wp-json\/wp\/v2\/media?parent=109694"}],"wp:term":[{"taxonomy":"category","embeddable":true,"href":"https:\/\/www.fcbarcelonanoticias.com\/en\/wp-json\/wp\/v2\/categories?post=109694"},{"taxonomy":"post_tag","embeddable":true,"href":"https:\/\/www.fcbarcelonanoticias.com\/en\/wp-json\/wp\/v2\/tags?post=109694"}],"curies":[{"name":"wp","href":"https:\/\/api.w.org\/{rel}","templated":true}]}}