{"id":11033,"date":"2024-06-11T00:11:00","date_gmt":"2024-06-10T22:11:00","guid":{"rendered":"https:\/\/weisetech.dev\/fc-barcelona-noticias\/en\/koeman-blame-barca-injury-caused-frenkie-jong-loss-euro-cup_304370_102\/"},"modified":"2024-06-11T07:34:00","modified_gmt":"2024-06-11T05:34:00","slug":"koeman-blame-barca-injury-caused-frenkie-jong-loss-euro-cup_304370_102","status":"publish","type":"post","link":"https:\/\/www.fcbarcelonanoticias.com\/en\/euro-2024-football-news-matches-results\/koeman-blame-barca-injury-caused-frenkie-jong-loss-euro-cup_304370_102.html","title":{"rendered":"Koeman blames Bar\u00e7a for the injury that will cause Frenkie de Jong to miss the Euro Cup"},"content":{"rendered":"<h2 class=\"wp-block-heading\">Ronald Koeman charged against FC Barcelona after confirming Frenkie de Jong&#8217;s withdrawal from the Euro Cup. For the Dutch coach, Bar\u00e7a is responsible for his injury for forcing him to return early in April<\/h2>  \r\n<div class=\"article-addons\">\r\n    <a href=\"https:\/\/www.fcbarcelonanoticias.com\/en\/calendar-fc-barcelona.html\"\r\n       target=\"_self\"\r\n       title=\"Calendar of FC Barcelona\"\r\n       class=\"blue-gredient-btn\">\r\n       \r\n        Calendar of FC Barcelona    <\/a>\r\n<\/div>   <p>After confirming <a data-external=\"0\" data-intl-links-en=\"https:\/\/www.fcbarcelonanoticias.com\/en\/euro-2024-football-news-matches-results\/official-frenkie-of-jong-will-lose-the-eurocopa_304367_102.html\" data-intl-links-es=\"https:\/\/www.fcbarcelonanoticias.com\/eurocopa-2024\/oficial-frenkie-jong-se-perdera-eurocopa_304367_102.html\" href=\"https:\/\/www.fcbarcelonanoticias.com\/en\/euro-2024-football-news-matches-results\/official-frenkie-of-jong-will-lose-the-eurocopa_304367_102.html\" rel=\"follow\" target=\"_self\" title=\"OFICIAL: \u00a1Frenkie de Jong se perder\u00e1 la Eurocopa!\">the drop, by injury, of Frenkie of Jong<\/a> of the next Eurocopa, <strong>Ronald Koeman criticised to the FC Barcelona for having advanced the return of the mediocentro in April<\/strong>, after the &#8217;21&#8217; went back to resentirse of the right ankle to beginnings of March. In principle, the player of 27 years would have the high doctor inside a pair of weeks, but do not give him the terms to arrive to the continental tournament.<\/p>  <p>&#8220;We have decided it this afternoon. We have considered that Frenkie will not be in shape during the next three weeks. <strong>Had antecedents with this injury in the ankle and does not suit to risk. His club yes risked before and now is necessary to pay the price&#8221;<\/strong>, sentenced the seleccionador Dutch. The one of Arkel suffered three injuries in his ankle during the 2023\/24, the last in the Classical contested in Santiago Bernab\u00e9u the past 21 April.<\/p>  <h2>Of Jong also thinks that risked too much after his second injury<\/h2>  <p>In this regard, the mediocentro also had signalled the have shortened terms for his return in the final stretch of the season like the reason of his relapse. <strong>&#8220;The second time perhaps began to play too prompt and the injury still was in my head&#8221;<\/strong>, explained the footballer. Of Jong had fallen lesionado on 3 March in Saint Mam\u00e9s in front of the Athletic and, although it projected a drop by at least six weeks, returned to the action on 10 April, by Champions, in front of the PSG.<\/p>  <p>This day played 75 minutes in the gone contested in Paris. A week later, the 16, noticed extenuado during the 82 minutes that contested in Montju\u00efc. <strong>The weekend would say goodbye to the season in the Classical after a crossing with Fede Valverde just before the rest<\/strong>. In the first turn of the 23\/24 also had had problems with the ankle, going out lesionado of the Bar\u00e7a-Celtic contested on 23 September. This time, his drop prolonged by two months, reappearing in Vallecas on 25 November.<\/p> ","protected":false},"excerpt":{"rendered":"<p>Ronald Koeman charged against FC Barcelona after confirming Frenkie de Jong&#8217;s withdrawal from the Euro Cup. For the Dutch coach, Bar\u00e7a is responsible for his injury for forcing him to return early in April After confirming the drop, by injury, of Frenkie of Jong of the next Eurocopa, Ronald Koeman criticised to the FC Barcelona [&hellip;]<\/p>\n","protected":false},"author":347,"featured_media":11034,"comment_status":"closed","ping_status":"open","sticky":false,"template":"","format":"standard","meta":{"_acf_changed":false,"inline_featured_image":false,"_nextfly_llmd_date_locked":false,"footnotes":""},"categories":[111],"tags":[209],"class_list":["post-11033","post","type-post","status-publish","format-standard","has-post-thumbnail","hentry","category-fc-barcelona","tag-ronald-koeman"],"acf":[],"yoast_head":"<!-- This site is optimized with the Yoast SEO plugin v27.3 - https:\/\/yoast.com\/product\/yoast-seo-wordpress\/ -->\n<title>Koeman blames Bar\u00e7a for the injury that will cause Frenkie de Jong to miss the Euro Cup<\/title>\n<meta name=\"description\" content=\"Ronald Koeman charged against FC Barcelona after confirming Frenkie de Jong&#039;s withdrawal from the Euro Cup. For the Dutch coach, Bar\u00e7a is responsible for his injury for forcing him to return early in April\" \/>\n<meta name=\"robots\" content=\"index, follow, max-snippet:-1, max-image-preview:large, max-video-preview:-1\" \/>\n<link rel=\"canonical\" href=\"https:\/\/www.fcbarcelonanoticias.com\/en\/euro-2024-football-news-matches-results\/koeman-blame-barca-injury-caused-frenkie-jong-loss-euro-cup_304370_102.html\" \/>\n<meta property=\"og:locale\" content=\"en_US\" \/>\n<meta property=\"og:type\" content=\"article\" \/>\n<meta property=\"og:title\" content=\"Koeman blames Bar\u00e7a for the injury that will cause Frenkie de Jong to miss the Euro Cup\" \/>\n<meta property=\"og:description\" content=\"Ronald Koeman charged against FC Barcelona after confirming Frenkie de Jong&#039;s withdrawal from the Euro Cup. For the Dutch coach, Bar\u00e7a is responsible for his injury for forcing him to return early in April\" \/>\n<meta property=\"og:url\" content=\"https:\/\/www.fcbarcelonanoticias.com\/en\/euro-2024-football-news-matches-results\/koeman-blame-barca-injury-caused-frenkie-jong-loss-euro-cup_304370_102.html\" \/>\n<meta property=\"og:site_name\" content=\"EN - FC Barcelona Noticias\" \/>\n<meta property=\"article:published_time\" content=\"2024-06-10T22:11:00+00:00\" \/>\n<meta property=\"article:modified_time\" content=\"2024-06-11T05:34:00+00:00\" \/>\n<meta property=\"og:image\" content=\"https:\/\/www.fcbarcelonanoticias.com\/en\/wp-content\/uploads\/sites\/2\/2024\/06\/ronald-koeman-paises-bajos.jpeg\" \/>\n\t<meta property=\"og:image:width\" content=\"1300\" \/>\n\t<meta property=\"og:image:height\" content=\"732\" \/>\n\t<meta property=\"og:image:type\" content=\"image\/jpeg\" \/>\n<meta name=\"author\" content=\"Andr\u00e9s Quiroz\" \/>\n<meta name=\"twitter:card\" content=\"summary_large_image\" \/>\n<meta name=\"twitter:label1\" content=\"Written by\" \/>\n\t<meta name=\"twitter:data1\" content=\"Andr\u00e9s Quiroz\" \/>\n\t<meta name=\"twitter:label2\" content=\"Est. reading time\" \/>\n\t<meta name=\"twitter:data2\" content=\"2 minutes\" \/>\n<script type=\"application\/ld+json\" class=\"yoast-schema-graph\">{\"@context\":\"https:\\\/\\\/schema.org\",\"@graph\":[{\"@type\":\"Article\",\"@id\":\"https:\\\/\\\/www.fcbarcelonanoticias.com\\\/en\\\/euro-2024-football-news-matches-results\\\/koeman-blame-barca-injury-caused-frenkie-jong-loss-euro-cup_304370_102.html#article\",\"isPartOf\":{\"@id\":\"https:\\\/\\\/www.fcbarcelonanoticias.com\\\/en\\\/euro-2024-football-news-matches-results\\\/koeman-blame-barca-injury-caused-frenkie-jong-loss-euro-cup_304370_102.html\"},\"author\":{\"name\":\"Andr\u00e9s Quiroz\",\"@id\":\"https:\\\/\\\/www.fcbarcelonanoticias.com\\\/en\\\/#\\\/schema\\\/person\\\/c2cd9f6fa1af5c0d0eccd0fefa575c88\"},\"headline\":\"Koeman blames Bar\u00e7a for the injury that will cause Frenkie de Jong to miss the Euro Cup\",\"datePublished\":\"2024-06-10T22:11:00+00:00\",\"dateModified\":\"2024-06-11T05:34:00+00:00\",\"mainEntityOfPage\":{\"@id\":\"https:\\\/\\\/www.fcbarcelonanoticias.com\\\/en\\\/euro-2024-football-news-matches-results\\\/koeman-blame-barca-injury-caused-frenkie-jong-loss-euro-cup_304370_102.html\"},\"wordCount\":386,\"image\":{\"@id\":\"https:\\\/\\\/www.fcbarcelonanoticias.com\\\/en\\\/euro-2024-football-news-matches-results\\\/koeman-blame-barca-injury-caused-frenkie-jong-loss-euro-cup_304370_102.html#primaryimage\"},\"thumbnailUrl\":\"https:\\\/\\\/www.fcbarcelonanoticias.com\\\/en\\\/wp-content\\\/uploads\\\/sites\\\/2\\\/2024\\\/06\\\/ronald-koeman-paises-bajos.jpeg\",\"keywords\":[\"Ronald Koeman\"],\"articleSection\":[\"FC Barcelona\"],\"inLanguage\":\"en-US\"},{\"@type\":\"WebPage\",\"@id\":\"https:\\\/\\\/www.fcbarcelonanoticias.com\\\/en\\\/euro-2024-football-news-matches-results\\\/koeman-blame-barca-injury-caused-frenkie-jong-loss-euro-cup_304370_102.html\",\"url\":\"https:\\\/\\\/www.fcbarcelonanoticias.com\\\/en\\\/euro-2024-football-news-matches-results\\\/koeman-blame-barca-injury-caused-frenkie-jong-loss-euro-cup_304370_102.html\",\"name\":\"Koeman blames Bar\u00e7a for the injury that will cause Frenkie de Jong to miss the Euro Cup\",\"isPartOf\":{\"@id\":\"https:\\\/\\\/www.fcbarcelonanoticias.com\\\/en\\\/#website\"},\"primaryImageOfPage\":{\"@id\":\"https:\\\/\\\/www.fcbarcelonanoticias.com\\\/en\\\/euro-2024-football-news-matches-results\\\/koeman-blame-barca-injury-caused-frenkie-jong-loss-euro-cup_304370_102.html#primaryimage\"},\"image\":{\"@id\":\"https:\\\/\\\/www.fcbarcelonanoticias.com\\\/en\\\/euro-2024-football-news-matches-results\\\/koeman-blame-barca-injury-caused-frenkie-jong-loss-euro-cup_304370_102.html#primaryimage\"},\"thumbnailUrl\":\"https:\\\/\\\/www.fcbarcelonanoticias.com\\\/en\\\/wp-content\\\/uploads\\\/sites\\\/2\\\/2024\\\/06\\\/ronald-koeman-paises-bajos.jpeg\",\"datePublished\":\"2024-06-10T22:11:00+00:00\",\"dateModified\":\"2024-06-11T05:34:00+00:00\",\"author\":{\"@id\":\"https:\\\/\\\/www.fcbarcelonanoticias.com\\\/en\\\/#\\\/schema\\\/person\\\/c2cd9f6fa1af5c0d0eccd0fefa575c88\"},\"description\":\"Ronald Koeman charged against FC Barcelona after confirming Frenkie de Jong's withdrawal from the Euro Cup. For the Dutch coach, Bar\u00e7a is responsible for his injury for forcing him to return early in April\",\"breadcrumb\":{\"@id\":\"https:\\\/\\\/www.fcbarcelonanoticias.com\\\/en\\\/euro-2024-football-news-matches-results\\\/koeman-blame-barca-injury-caused-frenkie-jong-loss-euro-cup_304370_102.html#breadcrumb\"},\"inLanguage\":\"en-US\",\"potentialAction\":[{\"@type\":\"ReadAction\",\"target\":[\"https:\\\/\\\/www.fcbarcelonanoticias.com\\\/en\\\/euro-2024-football-news-matches-results\\\/koeman-blame-barca-injury-caused-frenkie-jong-loss-euro-cup_304370_102.html\"]}]},{\"@type\":\"ImageObject\",\"inLanguage\":\"en-US\",\"@id\":\"https:\\\/\\\/www.fcbarcelonanoticias.com\\\/en\\\/euro-2024-football-news-matches-results\\\/koeman-blame-barca-injury-caused-frenkie-jong-loss-euro-cup_304370_102.html#primaryimage\",\"url\":\"https:\\\/\\\/www.fcbarcelonanoticias.com\\\/en\\\/wp-content\\\/uploads\\\/sites\\\/2\\\/2024\\\/06\\\/ronald-koeman-paises-bajos.jpeg\",\"contentUrl\":\"https:\\\/\\\/www.fcbarcelonanoticias.com\\\/en\\\/wp-content\\\/uploads\\\/sites\\\/2\\\/2024\\\/06\\\/ronald-koeman-paises-bajos.jpeg\",\"width\":1300,\"height\":732},{\"@type\":\"BreadcrumbList\",\"@id\":\"https:\\\/\\\/www.fcbarcelonanoticias.com\\\/en\\\/euro-2024-football-news-matches-results\\\/koeman-blame-barca-injury-caused-frenkie-jong-loss-euro-cup_304370_102.html#breadcrumb\",\"itemListElement\":[{\"@type\":\"ListItem\",\"position\":1,\"name\":\"Portada\",\"item\":\"https:\\\/\\\/www.fcbarcelonanoticias.com\\\/en\\\/\"},{\"@type\":\"ListItem\",\"position\":2,\"name\":\"Koeman blames Bar\u00e7a for the injury that will cause Frenkie de Jong to miss the Euro Cup\"}]},{\"@type\":\"WebSite\",\"@id\":\"https:\\\/\\\/www.fcbarcelonanoticias.com\\\/en\\\/#website\",\"url\":\"https:\\\/\\\/www.fcbarcelonanoticias.com\\\/en\\\/\",\"name\":\"EN - FC Barcelona Noticias\",\"description\":\"\",\"potentialAction\":[{\"@type\":\"SearchAction\",\"target\":{\"@type\":\"EntryPoint\",\"urlTemplate\":\"https:\\\/\\\/www.fcbarcelonanoticias.com\\\/en\\\/?s={search_term_string}\"},\"query-input\":{\"@type\":\"PropertyValueSpecification\",\"valueRequired\":true,\"valueName\":\"search_term_string\"}}],\"inLanguage\":\"en-US\"},{\"@type\":\"Person\",\"@id\":\"https:\\\/\\\/www.fcbarcelonanoticias.com\\\/en\\\/#\\\/schema\\\/person\\\/c2cd9f6fa1af5c0d0eccd0fefa575c88\",\"name\":\"Andr\u00e9s Quiroz\",\"image\":{\"@type\":\"ImageObject\",\"inLanguage\":\"en-US\",\"@id\":\"https:\\\/\\\/secure.gravatar.com\\\/avatar\\\/?s=96&d=mm&r=g\",\"url\":\"https:\\\/\\\/secure.gravatar.com\\\/avatar\\\/?s=96&d=mm&r=g\",\"contentUrl\":\"https:\\\/\\\/secure.gravatar.com\\\/avatar\\\/?s=96&d=mm&r=g\",\"caption\":\"Andr\u00e9s Quiroz\"},\"description\":\"Licenciado en Periodismo por la Universidad de los Andes. Me encargo de analizar y compartir los contenidos m\u00e1s destacados de la\u00a0actualidad del F\u00fatbol Club Barcelona, Mercado de Fichajes y F\u00fatbol Internacional en FCBN. La informaci\u00f3n es poder, pero tambi\u00e9n conocimiento.\",\"url\":\"https:\\\/\\\/www.fcbarcelonanoticias.com\\\/en\\\/fc-barcelona\\\/andres-quiroz_17_115.html\"}]}<\/script>\n<!-- \/ Yoast SEO plugin. -->","yoast_head_json":{"title":"Koeman blames Bar\u00e7a for the injury that will cause Frenkie de Jong to miss the Euro Cup","description":"Ronald Koeman charged against FC Barcelona after confirming Frenkie de Jong's withdrawal from the Euro Cup. For the Dutch coach, Bar\u00e7a is responsible for his injury for forcing him to return early in April","robots":{"index":"index","follow":"follow","max-snippet":"max-snippet:-1","max-image-preview":"max-image-preview:large","max-video-preview":"max-video-preview:-1"},"canonical":"https:\/\/www.fcbarcelonanoticias.com\/en\/euro-2024-football-news-matches-results\/koeman-blame-barca-injury-caused-frenkie-jong-loss-euro-cup_304370_102.html","og_locale":"en_US","og_type":"article","og_title":"Koeman blames Bar\u00e7a for the injury that will cause Frenkie de Jong to miss the Euro Cup","og_description":"Ronald Koeman charged against FC Barcelona after confirming Frenkie de Jong's withdrawal from the Euro Cup. For the Dutch coach, Bar\u00e7a is responsible for his injury for forcing him to return early in April","og_url":"https:\/\/www.fcbarcelonanoticias.com\/en\/euro-2024-football-news-matches-results\/koeman-blame-barca-injury-caused-frenkie-jong-loss-euro-cup_304370_102.html","og_site_name":"EN - FC Barcelona Noticias","article_published_time":"2024-06-10T22:11:00+00:00","article_modified_time":"2024-06-11T05:34:00+00:00","og_image":[{"width":1300,"height":732,"url":"https:\/\/www.fcbarcelonanoticias.com\/en\/wp-content\/uploads\/sites\/2\/2024\/06\/ronald-koeman-paises-bajos.jpeg","type":"image\/jpeg"}],"author":"Andr\u00e9s Quiroz","twitter_card":"summary_large_image","twitter_misc":{"Written by":"Andr\u00e9s Quiroz","Est. reading time":"2 minutes"},"schema":{"@context":"https:\/\/schema.org","@graph":[{"@type":"Article","@id":"https:\/\/www.fcbarcelonanoticias.com\/en\/euro-2024-football-news-matches-results\/koeman-blame-barca-injury-caused-frenkie-jong-loss-euro-cup_304370_102.html#article","isPartOf":{"@id":"https:\/\/www.fcbarcelonanoticias.com\/en\/euro-2024-football-news-matches-results\/koeman-blame-barca-injury-caused-frenkie-jong-loss-euro-cup_304370_102.html"},"author":{"name":"Andr\u00e9s Quiroz","@id":"https:\/\/www.fcbarcelonanoticias.com\/en\/#\/schema\/person\/c2cd9f6fa1af5c0d0eccd0fefa575c88"},"headline":"Koeman blames Bar\u00e7a for the injury that will cause Frenkie de Jong to miss the Euro Cup","datePublished":"2024-06-10T22:11:00+00:00","dateModified":"2024-06-11T05:34:00+00:00","mainEntityOfPage":{"@id":"https:\/\/www.fcbarcelonanoticias.com\/en\/euro-2024-football-news-matches-results\/koeman-blame-barca-injury-caused-frenkie-jong-loss-euro-cup_304370_102.html"},"wordCount":386,"image":{"@id":"https:\/\/www.fcbarcelonanoticias.com\/en\/euro-2024-football-news-matches-results\/koeman-blame-barca-injury-caused-frenkie-jong-loss-euro-cup_304370_102.html#primaryimage"},"thumbnailUrl":"https:\/\/www.fcbarcelonanoticias.com\/en\/wp-content\/uploads\/sites\/2\/2024\/06\/ronald-koeman-paises-bajos.jpeg","keywords":["Ronald Koeman"],"articleSection":["FC Barcelona"],"inLanguage":"en-US"},{"@type":"WebPage","@id":"https:\/\/www.fcbarcelonanoticias.com\/en\/euro-2024-football-news-matches-results\/koeman-blame-barca-injury-caused-frenkie-jong-loss-euro-cup_304370_102.html","url":"https:\/\/www.fcbarcelonanoticias.com\/en\/euro-2024-football-news-matches-results\/koeman-blame-barca-injury-caused-frenkie-jong-loss-euro-cup_304370_102.html","name":"Koeman blames Bar\u00e7a for the injury that will cause Frenkie de Jong to miss the Euro Cup","isPartOf":{"@id":"https:\/\/www.fcbarcelonanoticias.com\/en\/#website"},"primaryImageOfPage":{"@id":"https:\/\/www.fcbarcelonanoticias.com\/en\/euro-2024-football-news-matches-results\/koeman-blame-barca-injury-caused-frenkie-jong-loss-euro-cup_304370_102.html#primaryimage"},"image":{"@id":"https:\/\/www.fcbarcelonanoticias.com\/en\/euro-2024-football-news-matches-results\/koeman-blame-barca-injury-caused-frenkie-jong-loss-euro-cup_304370_102.html#primaryimage"},"thumbnailUrl":"https:\/\/www.fcbarcelonanoticias.com\/en\/wp-content\/uploads\/sites\/2\/2024\/06\/ronald-koeman-paises-bajos.jpeg","datePublished":"2024-06-10T22:11:00+00:00","dateModified":"2024-06-11T05:34:00+00:00","author":{"@id":"https:\/\/www.fcbarcelonanoticias.com\/en\/#\/schema\/person\/c2cd9f6fa1af5c0d0eccd0fefa575c88"},"description":"Ronald Koeman charged against FC Barcelona after confirming Frenkie de Jong's withdrawal from the Euro Cup. For the Dutch coach, Bar\u00e7a is responsible for his injury for forcing him to return early in April","breadcrumb":{"@id":"https:\/\/www.fcbarcelonanoticias.com\/en\/euro-2024-football-news-matches-results\/koeman-blame-barca-injury-caused-frenkie-jong-loss-euro-cup_304370_102.html#breadcrumb"},"inLanguage":"en-US","potentialAction":[{"@type":"ReadAction","target":["https:\/\/www.fcbarcelonanoticias.com\/en\/euro-2024-football-news-matches-results\/koeman-blame-barca-injury-caused-frenkie-jong-loss-euro-cup_304370_102.html"]}]},{"@type":"ImageObject","inLanguage":"en-US","@id":"https:\/\/www.fcbarcelonanoticias.com\/en\/euro-2024-football-news-matches-results\/koeman-blame-barca-injury-caused-frenkie-jong-loss-euro-cup_304370_102.html#primaryimage","url":"https:\/\/www.fcbarcelonanoticias.com\/en\/wp-content\/uploads\/sites\/2\/2024\/06\/ronald-koeman-paises-bajos.jpeg","contentUrl":"https:\/\/www.fcbarcelonanoticias.com\/en\/wp-content\/uploads\/sites\/2\/2024\/06\/ronald-koeman-paises-bajos.jpeg","width":1300,"height":732},{"@type":"BreadcrumbList","@id":"https:\/\/www.fcbarcelonanoticias.com\/en\/euro-2024-football-news-matches-results\/koeman-blame-barca-injury-caused-frenkie-jong-loss-euro-cup_304370_102.html#breadcrumb","itemListElement":[{"@type":"ListItem","position":1,"name":"Portada","item":"https:\/\/www.fcbarcelonanoticias.com\/en\/"},{"@type":"ListItem","position":2,"name":"Koeman blames Bar\u00e7a for the injury that will cause Frenkie de Jong to miss the Euro Cup"}]},{"@type":"WebSite","@id":"https:\/\/www.fcbarcelonanoticias.com\/en\/#website","url":"https:\/\/www.fcbarcelonanoticias.com\/en\/","name":"EN - FC Barcelona Noticias","description":"","potentialAction":[{"@type":"SearchAction","target":{"@type":"EntryPoint","urlTemplate":"https:\/\/www.fcbarcelonanoticias.com\/en\/?s={search_term_string}"},"query-input":{"@type":"PropertyValueSpecification","valueRequired":true,"valueName":"search_term_string"}}],"inLanguage":"en-US"},{"@type":"Person","@id":"https:\/\/www.fcbarcelonanoticias.com\/en\/#\/schema\/person\/c2cd9f6fa1af5c0d0eccd0fefa575c88","name":"Andr\u00e9s Quiroz","image":{"@type":"ImageObject","inLanguage":"en-US","@id":"https:\/\/secure.gravatar.com\/avatar\/?s=96&d=mm&r=g","url":"https:\/\/secure.gravatar.com\/avatar\/?s=96&d=mm&r=g","contentUrl":"https:\/\/secure.gravatar.com\/avatar\/?s=96&d=mm&r=g","caption":"Andr\u00e9s Quiroz"},"description":"Licenciado en Periodismo por la Universidad de los Andes. Me encargo de analizar y compartir los contenidos m\u00e1s destacados de la\u00a0actualidad del F\u00fatbol Club Barcelona, Mercado de Fichajes y F\u00fatbol Internacional en FCBN. La informaci\u00f3n es poder, pero tambi\u00e9n conocimiento.","url":"https:\/\/www.fcbarcelonanoticias.com\/en\/fc-barcelona\/andres-quiroz_17_115.html"}]}},"_links":{"self":[{"href":"https:\/\/www.fcbarcelonanoticias.com\/en\/wp-json\/wp\/v2\/posts\/11033","targetHints":{"allow":["GET"]}}],"collection":[{"href":"https:\/\/www.fcbarcelonanoticias.com\/en\/wp-json\/wp\/v2\/posts"}],"about":[{"href":"https:\/\/www.fcbarcelonanoticias.com\/en\/wp-json\/wp\/v2\/types\/post"}],"author":[{"embeddable":true,"href":"https:\/\/www.fcbarcelonanoticias.com\/en\/wp-json\/wp\/v2\/users\/347"}],"replies":[{"embeddable":true,"href":"https:\/\/www.fcbarcelonanoticias.com\/en\/wp-json\/wp\/v2\/comments?post=11033"}],"version-history":[{"count":1,"href":"https:\/\/www.fcbarcelonanoticias.com\/en\/wp-json\/wp\/v2\/posts\/11033\/revisions"}],"predecessor-version":[{"id":11037,"href":"https:\/\/www.fcbarcelonanoticias.com\/en\/wp-json\/wp\/v2\/posts\/11033\/revisions\/11037"}],"wp:featuredmedia":[{"embeddable":true,"href":"https:\/\/www.fcbarcelonanoticias.com\/en\/wp-json\/wp\/v2\/media\/11034"}],"wp:attachment":[{"href":"https:\/\/www.fcbarcelonanoticias.com\/en\/wp-json\/wp\/v2\/media?parent=11033"}],"wp:term":[{"taxonomy":"category","embeddable":true,"href":"https:\/\/www.fcbarcelonanoticias.com\/en\/wp-json\/wp\/v2\/categories?post=11033"},{"taxonomy":"post_tag","embeddable":true,"href":"https:\/\/www.fcbarcelonanoticias.com\/en\/wp-json\/wp\/v2\/tags?post=11033"}],"curies":[{"name":"wp","href":"https:\/\/api.w.org\/{rel}","templated":true}]}}