{"id":110488,"date":"2020-08-15T01:02:00","date_gmt":"2020-08-14T23:02:00","guid":{"rendered":"https:\/\/weisetech.dev\/fc-barcelona-noticias\/en\/rac1-setien-will-leave-barca-pochettino-favourite-relieve-him_259923_102\/"},"modified":"2026-04-16T09:20:00","modified_gmt":"2026-04-16T07:20:00","slug":"rac1-setien-will-leave-barca-pochettino-favourite-relieve-him_259923_102","status":"publish","type":"post","link":"https:\/\/www.fcbarcelonanoticias.com\/en\/fc-barcelona\/rac1-setien-will-leave-barca-pochettino-favourite-relieve-him_259923_102.html","title":{"rendered":"RAC1: Seti\u00e9n will leave the Bar\u00e7a and Pochettino is the favourite to substitute him"},"content":{"rendered":"<h2 class=\"wp-block-heading\">From &#8216;RAC1&#8217; ensure that the FC Barcelona carries weeks working in the arrival of Pochettino to the bench cul\u00e9, in replacement of a Quique Seti\u00e9n already sentenced<\/h2>  \r\n<div class=\"article-addons\">\r\n    <a href=\"https:\/\/www.fcbarcelonanoticias.com\/en\/calendar-fc-barcelona.html\"\r\n       target=\"_self\"\r\n       title=\"Calendar of FC Barcelona\"\r\n       class=\"blue-gredient-btn\">\r\n       \r\n        Calendar of FC Barcelona    <\/a>\r\n<\/div>   <p><strong>Josep Maria Bartomeu announced after <a data-external=\"0\" data-intl-links-en=\"https:\/\/www.fcbarcelonanoticias.com\/en\/champions-league\/inadmissible-ridiculous-of-the-barcelona-in-front-of-the-bayern-munich_259908_102.html\" data-intl-links-es=\"https:\/\/www.fcbarcelonanoticias.com\/champions-league\/barcelona-vs-bayern-champions-league-2-8_259908_102.html\" href=\"https:\/\/www.fcbarcelonanoticias.com\/en\/fc-barcelona\/champions-league\/inadmissible-ridiculous-of-the-barcelona-in-front-of-the-bayern-munich_259908_102.html\" rel=\"follow\" target=\"_self\" title=\"Inadmisible rid\u00edculo del Barcelona ante el Bayern M\u00fanich (2-8)\">the hecatombe of the Bar\u00e7a-Bayern (2-8)<\/a><\/strong> that would take drastic decisions in the next days, and that some of them already were taken from does weeks. Well, <strong>the first that it can jump of the club is Quique Seti\u00e9n<\/strong>, that as &#8216;RAC1&#8217; will do the cases in the next days or the next hours, after an inadmissible defeat for a team like the Bar\u00e7a.<\/p>  <p>If the Cantabrian technician already carried weeks on a tightrope, the estocada definite has produced this Friday. Seti\u00e9n No longer would have any support in the club neither, of course, between some fans cul\u00e9 that coincides to the hour to veto him of the bench. What more surprises, however, is that <strong>his immediate relief in the Barcelona bench can generate more controversial that consensus<\/strong>.<\/p>  <p>It is not another that <strong>Mauritius Pochettino<\/strong>, ex player and ex technician of the RCD Espanyol and that, years backwards, already pronounced some statements that brought tail when ensuring that, before directing some day to the FC Barcelona, preferred to go back to his farm of Argentina. Already it was remarkable that <strong><a data-external=\"0\" data-intl-links-en=\"https:\/\/www.fcbarcelonanoticias.com\/en\/transfers\/pochettino-qualifies-now-words-training-barca_259630_102.html\" data-intl-links-es=\"https:\/\/www.fcbarcelonanoticias.com\/fichajes\/pochettino-matiza-palabras-entrenar-barca-nunca-se-sabe_259630_102.html\" href=\"https:\/\/www.fcbarcelonanoticias.com\/en\/transfers\/pochettino-qualifies-now-words-training-barca_259630_102.html\" nunca=\"\" rel=\"follow\" sabe...=\"\" se=\"\" target=\"_self\" title=\"Pochettino matiza ahora sus palabras sobre entrenar al Bar\u00e7a: \">does so only some days rectified in an interview<\/a><\/strong>, leaving clear that to day of today would not say such words.<\/p>  <p>Well, according to the radio program &#8216;Your Dir\u00e0s&#8217; of RAC1, <strong>the Argentinian technician is the main candidate to substitute to Quique Seti\u00e9n in the bench<\/strong>, at least of face to the next season 2020-21. The quoted media, always very next to what sucede inside the club, ensures that <strong>in the Bar\u00e7a carry weeks working in the arrival of Pochettino<\/strong>.<\/p>  <h3>Pochettino Would accept the challenge<\/h3>  <p>The one who went finalist of the past edition of <strong><a data-external=\"1\" href=\"https:\/\/www.fcbarcelonanoticias.com\/futbol\/champions-league.html\" rel=\"follow\" target=\"_self\" title=\"Champions League\">the Champions League<\/a><\/strong> at the head of the Tottenham, and without team from does several months, <strong>would be had to take the reins of the FC Barcelona to convert it again in an able <\/strong>team to win titles, something that this campaign has not achieved for the first time from the course 2007-08, just before it landed Pep Guardiola.<\/p>  <p>Pochettino Knows that it is possible that was a temporary option, but would be ilusionado with <strong>the possibility to direct to the Bar\u00e7a and to plough a successful path<\/strong> and the longest possible in the club. <strong>It will announce his contracting in the next days?<\/strong> First, clear is, it will be necessary to give the news of the dismissal of Quique Seti\u00e9n, something that could occur of imminent way.<\/p> ","protected":false},"excerpt":{"rendered":"<p>From &#8216;RAC1&#8217; ensure that the FC Barcelona carries weeks working in the arrival of Pochettino to the bench cul\u00e9, in replacement of a Quique Seti\u00e9n already sentenced Josep Maria Bartomeu announced after the hecatombe of the Bar\u00e7a-Bayern (2-8) that would take drastic decisions in the next days, and that some of them already were taken [&hellip;]<\/p>\n","protected":false},"author":392,"featured_media":110497,"comment_status":"closed","ping_status":"open","sticky":false,"template":"","format":"standard","meta":{"_acf_changed":false,"inline_featured_image":false,"_nextfly_llmd_date_locked":false,"footnotes":""},"categories":[111],"tags":[333,208,271],"class_list":["post-110488","post","type-post","status-publish","format-standard","has-post-thumbnail","hentry","category-fc-barcelona","tag-josep-maria-bartomeu","tag-quique-setien","tag-trainers"],"acf":[],"yoast_head":"<!-- This site is optimized with the Yoast SEO plugin v27.3 - https:\/\/yoast.com\/product\/yoast-seo-wordpress\/ -->\n<title>RAC1: Seti\u00e9n will leave the Bar\u00e7a and Pochettino is the favourite to substitute him<\/title>\n<meta name=\"description\" content=\"From &#039;RAC1&#039; ensure that the FC Barcelona carries weeks working in the arrival of Pochettino to the bench cul\u00e9, in replacement of a Quique Seti\u00e9n already sentenced\" \/>\n<meta name=\"robots\" content=\"index, follow, max-snippet:-1, max-image-preview:large, max-video-preview:-1\" \/>\n<link rel=\"canonical\" href=\"https:\/\/www.fcbarcelonanoticias.com\/en\/fc-barcelona\/rac1-setien-will-leave-barca-pochettino-favourite-relieve-him_259923_102.html\" \/>\n<meta property=\"og:locale\" content=\"en_US\" \/>\n<meta property=\"og:type\" content=\"article\" \/>\n<meta property=\"og:title\" content=\"RAC1: Seti\u00e9n will leave the Bar\u00e7a and Pochettino is the favourite to substitute him\" \/>\n<meta property=\"og:description\" content=\"From &#039;RAC1&#039; ensure that the FC Barcelona carries weeks working in the arrival of Pochettino to the bench cul\u00e9, in replacement of a Quique Seti\u00e9n already sentenced\" \/>\n<meta property=\"og:url\" content=\"https:\/\/www.fcbarcelonanoticias.com\/en\/fc-barcelona\/rac1-setien-will-leave-barca-pochettino-favourite-relieve-him_259923_102.html\" \/>\n<meta property=\"og:site_name\" content=\"EN - FC Barcelona Noticias\" \/>\n<meta property=\"article:published_time\" content=\"2020-08-14T23:02:00+00:00\" \/>\n<meta property=\"article:modified_time\" content=\"2026-04-16T07:20:00+00:00\" \/>\n<meta property=\"og:image\" content=\"https:\/\/www.fcbarcelonanoticias.com\/en\/wp-content\/uploads\/sites\/2\/2020\/08\/mauricio-pochettino-1.jpeg\" \/>\n\t<meta property=\"og:image:width\" content=\"1200\" \/>\n\t<meta property=\"og:image:height\" content=\"742\" \/>\n\t<meta property=\"og:image:type\" content=\"image\/jpeg\" \/>\n<meta name=\"author\" content=\"user_4048\" \/>\n<meta name=\"twitter:card\" content=\"summary_large_image\" \/>\n<meta name=\"twitter:label1\" content=\"Written by\" \/>\n\t<meta name=\"twitter:data1\" content=\"user_4048\" \/>\n\t<meta name=\"twitter:label2\" content=\"Est. reading time\" \/>\n\t<meta name=\"twitter:data2\" content=\"2 minutes\" \/>\n<script type=\"application\/ld+json\" class=\"yoast-schema-graph\">{\"@context\":\"https:\\\/\\\/schema.org\",\"@graph\":[{\"@type\":\"Article\",\"@id\":\"https:\\\/\\\/www.fcbarcelonanoticias.com\\\/en\\\/fc-barcelona\\\/rac1-setien-will-leave-barca-pochettino-favourite-relieve-him_259923_102.html#article\",\"isPartOf\":{\"@id\":\"https:\\\/\\\/www.fcbarcelonanoticias.com\\\/en\\\/fc-barcelona\\\/rac1-setien-will-leave-barca-pochettino-favourite-relieve-him_259923_102.html\"},\"author\":{\"name\":\"user_4048\",\"@id\":\"https:\\\/\\\/www.fcbarcelonanoticias.com\\\/en\\\/#\\\/schema\\\/person\\\/fcdad55cab72b8d0e106d75506783b6d\"},\"headline\":\"RAC1: Seti\u00e9n will leave the Bar\u00e7a and Pochettino is the favourite to substitute him\",\"datePublished\":\"2020-08-14T23:02:00+00:00\",\"dateModified\":\"2026-04-16T07:20:00+00:00\",\"mainEntityOfPage\":{\"@id\":\"https:\\\/\\\/www.fcbarcelonanoticias.com\\\/en\\\/fc-barcelona\\\/rac1-setien-will-leave-barca-pochettino-favourite-relieve-him_259923_102.html\"},\"wordCount\":461,\"image\":{\"@id\":\"https:\\\/\\\/www.fcbarcelonanoticias.com\\\/en\\\/fc-barcelona\\\/rac1-setien-will-leave-barca-pochettino-favourite-relieve-him_259923_102.html#primaryimage\"},\"thumbnailUrl\":\"https:\\\/\\\/www.fcbarcelonanoticias.com\\\/en\\\/wp-content\\\/uploads\\\/sites\\\/2\\\/2020\\\/08\\\/mauricio-pochettino-1.jpeg\",\"keywords\":[\"Josep Maria Bartomeu\",\"Quique Seti\u00e9n\",\"Trainers\"],\"articleSection\":[\"FC Barcelona\"],\"inLanguage\":\"en-US\"},{\"@type\":\"WebPage\",\"@id\":\"https:\\\/\\\/www.fcbarcelonanoticias.com\\\/en\\\/fc-barcelona\\\/rac1-setien-will-leave-barca-pochettino-favourite-relieve-him_259923_102.html\",\"url\":\"https:\\\/\\\/www.fcbarcelonanoticias.com\\\/en\\\/fc-barcelona\\\/rac1-setien-will-leave-barca-pochettino-favourite-relieve-him_259923_102.html\",\"name\":\"RAC1: Seti\u00e9n will leave the Bar\u00e7a and Pochettino is the favourite to substitute him\",\"isPartOf\":{\"@id\":\"https:\\\/\\\/www.fcbarcelonanoticias.com\\\/en\\\/#website\"},\"primaryImageOfPage\":{\"@id\":\"https:\\\/\\\/www.fcbarcelonanoticias.com\\\/en\\\/fc-barcelona\\\/rac1-setien-will-leave-barca-pochettino-favourite-relieve-him_259923_102.html#primaryimage\"},\"image\":{\"@id\":\"https:\\\/\\\/www.fcbarcelonanoticias.com\\\/en\\\/fc-barcelona\\\/rac1-setien-will-leave-barca-pochettino-favourite-relieve-him_259923_102.html#primaryimage\"},\"thumbnailUrl\":\"https:\\\/\\\/www.fcbarcelonanoticias.com\\\/en\\\/wp-content\\\/uploads\\\/sites\\\/2\\\/2020\\\/08\\\/mauricio-pochettino-1.jpeg\",\"datePublished\":\"2020-08-14T23:02:00+00:00\",\"dateModified\":\"2026-04-16T07:20:00+00:00\",\"author\":{\"@id\":\"https:\\\/\\\/www.fcbarcelonanoticias.com\\\/en\\\/#\\\/schema\\\/person\\\/fcdad55cab72b8d0e106d75506783b6d\"},\"description\":\"From 'RAC1' ensure that the FC Barcelona carries weeks working in the arrival of Pochettino to the bench cul\u00e9, in replacement of a Quique Seti\u00e9n already sentenced\",\"breadcrumb\":{\"@id\":\"https:\\\/\\\/www.fcbarcelonanoticias.com\\\/en\\\/fc-barcelona\\\/rac1-setien-will-leave-barca-pochettino-favourite-relieve-him_259923_102.html#breadcrumb\"},\"inLanguage\":\"en-US\",\"potentialAction\":[{\"@type\":\"ReadAction\",\"target\":[\"https:\\\/\\\/www.fcbarcelonanoticias.com\\\/en\\\/fc-barcelona\\\/rac1-setien-will-leave-barca-pochettino-favourite-relieve-him_259923_102.html\"]}]},{\"@type\":\"ImageObject\",\"inLanguage\":\"en-US\",\"@id\":\"https:\\\/\\\/www.fcbarcelonanoticias.com\\\/en\\\/fc-barcelona\\\/rac1-setien-will-leave-barca-pochettino-favourite-relieve-him_259923_102.html#primaryimage\",\"url\":\"https:\\\/\\\/www.fcbarcelonanoticias.com\\\/en\\\/wp-content\\\/uploads\\\/sites\\\/2\\\/2020\\\/08\\\/mauricio-pochettino-1.jpeg\",\"contentUrl\":\"https:\\\/\\\/www.fcbarcelonanoticias.com\\\/en\\\/wp-content\\\/uploads\\\/sites\\\/2\\\/2020\\\/08\\\/mauricio-pochettino-1.jpeg\",\"width\":1200,\"height\":742},{\"@type\":\"BreadcrumbList\",\"@id\":\"https:\\\/\\\/www.fcbarcelonanoticias.com\\\/en\\\/fc-barcelona\\\/rac1-setien-will-leave-barca-pochettino-favourite-relieve-him_259923_102.html#breadcrumb\",\"itemListElement\":[{\"@type\":\"ListItem\",\"position\":1,\"name\":\"Portada\",\"item\":\"https:\\\/\\\/www.fcbarcelonanoticias.com\\\/en\\\/\"},{\"@type\":\"ListItem\",\"position\":2,\"name\":\"RAC1: Seti\u00e9n will leave the Bar\u00e7a and Pochettino is the favourite to substitute him\"}]},{\"@type\":\"WebSite\",\"@id\":\"https:\\\/\\\/www.fcbarcelonanoticias.com\\\/en\\\/#website\",\"url\":\"https:\\\/\\\/www.fcbarcelonanoticias.com\\\/en\\\/\",\"name\":\"EN - FC Barcelona Noticias\",\"description\":\"\",\"potentialAction\":[{\"@type\":\"SearchAction\",\"target\":{\"@type\":\"EntryPoint\",\"urlTemplate\":\"https:\\\/\\\/www.fcbarcelonanoticias.com\\\/en\\\/?s={search_term_string}\"},\"query-input\":{\"@type\":\"PropertyValueSpecification\",\"valueRequired\":true,\"valueName\":\"search_term_string\"}}],\"inLanguage\":\"en-US\"},{\"@type\":\"Person\",\"@id\":\"https:\\\/\\\/www.fcbarcelonanoticias.com\\\/en\\\/#\\\/schema\\\/person\\\/fcdad55cab72b8d0e106d75506783b6d\",\"name\":\"user_4048\",\"image\":{\"@type\":\"ImageObject\",\"inLanguage\":\"en-US\",\"@id\":\"https:\\\/\\\/secure.gravatar.com\\\/avatar\\\/?s=96&d=mm&r=g\",\"url\":\"https:\\\/\\\/secure.gravatar.com\\\/avatar\\\/?s=96&d=mm&r=g\",\"contentUrl\":\"https:\\\/\\\/secure.gravatar.com\\\/avatar\\\/?s=96&d=mm&r=g\",\"caption\":\"user_4048\"},\"url\":\"https:\\\/\\\/www.fcbarcelonanoticias.com\\\/en\\\/user_4048.html\"}]}<\/script>\n<!-- \/ Yoast SEO plugin. -->","yoast_head_json":{"title":"RAC1: Seti\u00e9n will leave the Bar\u00e7a and Pochettino is the favourite to substitute him","description":"From 'RAC1' ensure that the FC Barcelona carries weeks working in the arrival of Pochettino to the bench cul\u00e9, in replacement of a Quique Seti\u00e9n already sentenced","robots":{"index":"index","follow":"follow","max-snippet":"max-snippet:-1","max-image-preview":"max-image-preview:large","max-video-preview":"max-video-preview:-1"},"canonical":"https:\/\/www.fcbarcelonanoticias.com\/en\/fc-barcelona\/rac1-setien-will-leave-barca-pochettino-favourite-relieve-him_259923_102.html","og_locale":"en_US","og_type":"article","og_title":"RAC1: Seti\u00e9n will leave the Bar\u00e7a and Pochettino is the favourite to substitute him","og_description":"From 'RAC1' ensure that the FC Barcelona carries weeks working in the arrival of Pochettino to the bench cul\u00e9, in replacement of a Quique Seti\u00e9n already sentenced","og_url":"https:\/\/www.fcbarcelonanoticias.com\/en\/fc-barcelona\/rac1-setien-will-leave-barca-pochettino-favourite-relieve-him_259923_102.html","og_site_name":"EN - FC Barcelona Noticias","article_published_time":"2020-08-14T23:02:00+00:00","article_modified_time":"2026-04-16T07:20:00+00:00","og_image":[{"width":1200,"height":742,"url":"https:\/\/www.fcbarcelonanoticias.com\/en\/wp-content\/uploads\/sites\/2\/2020\/08\/mauricio-pochettino-1.jpeg","type":"image\/jpeg"}],"author":"user_4048","twitter_card":"summary_large_image","twitter_misc":{"Written by":"user_4048","Est. reading time":"2 minutes"},"schema":{"@context":"https:\/\/schema.org","@graph":[{"@type":"Article","@id":"https:\/\/www.fcbarcelonanoticias.com\/en\/fc-barcelona\/rac1-setien-will-leave-barca-pochettino-favourite-relieve-him_259923_102.html#article","isPartOf":{"@id":"https:\/\/www.fcbarcelonanoticias.com\/en\/fc-barcelona\/rac1-setien-will-leave-barca-pochettino-favourite-relieve-him_259923_102.html"},"author":{"name":"user_4048","@id":"https:\/\/www.fcbarcelonanoticias.com\/en\/#\/schema\/person\/fcdad55cab72b8d0e106d75506783b6d"},"headline":"RAC1: Seti\u00e9n will leave the Bar\u00e7a and Pochettino is the favourite to substitute him","datePublished":"2020-08-14T23:02:00+00:00","dateModified":"2026-04-16T07:20:00+00:00","mainEntityOfPage":{"@id":"https:\/\/www.fcbarcelonanoticias.com\/en\/fc-barcelona\/rac1-setien-will-leave-barca-pochettino-favourite-relieve-him_259923_102.html"},"wordCount":461,"image":{"@id":"https:\/\/www.fcbarcelonanoticias.com\/en\/fc-barcelona\/rac1-setien-will-leave-barca-pochettino-favourite-relieve-him_259923_102.html#primaryimage"},"thumbnailUrl":"https:\/\/www.fcbarcelonanoticias.com\/en\/wp-content\/uploads\/sites\/2\/2020\/08\/mauricio-pochettino-1.jpeg","keywords":["Josep Maria Bartomeu","Quique Seti\u00e9n","Trainers"],"articleSection":["FC Barcelona"],"inLanguage":"en-US"},{"@type":"WebPage","@id":"https:\/\/www.fcbarcelonanoticias.com\/en\/fc-barcelona\/rac1-setien-will-leave-barca-pochettino-favourite-relieve-him_259923_102.html","url":"https:\/\/www.fcbarcelonanoticias.com\/en\/fc-barcelona\/rac1-setien-will-leave-barca-pochettino-favourite-relieve-him_259923_102.html","name":"RAC1: Seti\u00e9n will leave the Bar\u00e7a and Pochettino is the favourite to substitute him","isPartOf":{"@id":"https:\/\/www.fcbarcelonanoticias.com\/en\/#website"},"primaryImageOfPage":{"@id":"https:\/\/www.fcbarcelonanoticias.com\/en\/fc-barcelona\/rac1-setien-will-leave-barca-pochettino-favourite-relieve-him_259923_102.html#primaryimage"},"image":{"@id":"https:\/\/www.fcbarcelonanoticias.com\/en\/fc-barcelona\/rac1-setien-will-leave-barca-pochettino-favourite-relieve-him_259923_102.html#primaryimage"},"thumbnailUrl":"https:\/\/www.fcbarcelonanoticias.com\/en\/wp-content\/uploads\/sites\/2\/2020\/08\/mauricio-pochettino-1.jpeg","datePublished":"2020-08-14T23:02:00+00:00","dateModified":"2026-04-16T07:20:00+00:00","author":{"@id":"https:\/\/www.fcbarcelonanoticias.com\/en\/#\/schema\/person\/fcdad55cab72b8d0e106d75506783b6d"},"description":"From 'RAC1' ensure that the FC Barcelona carries weeks working in the arrival of Pochettino to the bench cul\u00e9, in replacement of a Quique Seti\u00e9n already sentenced","breadcrumb":{"@id":"https:\/\/www.fcbarcelonanoticias.com\/en\/fc-barcelona\/rac1-setien-will-leave-barca-pochettino-favourite-relieve-him_259923_102.html#breadcrumb"},"inLanguage":"en-US","potentialAction":[{"@type":"ReadAction","target":["https:\/\/www.fcbarcelonanoticias.com\/en\/fc-barcelona\/rac1-setien-will-leave-barca-pochettino-favourite-relieve-him_259923_102.html"]}]},{"@type":"ImageObject","inLanguage":"en-US","@id":"https:\/\/www.fcbarcelonanoticias.com\/en\/fc-barcelona\/rac1-setien-will-leave-barca-pochettino-favourite-relieve-him_259923_102.html#primaryimage","url":"https:\/\/www.fcbarcelonanoticias.com\/en\/wp-content\/uploads\/sites\/2\/2020\/08\/mauricio-pochettino-1.jpeg","contentUrl":"https:\/\/www.fcbarcelonanoticias.com\/en\/wp-content\/uploads\/sites\/2\/2020\/08\/mauricio-pochettino-1.jpeg","width":1200,"height":742},{"@type":"BreadcrumbList","@id":"https:\/\/www.fcbarcelonanoticias.com\/en\/fc-barcelona\/rac1-setien-will-leave-barca-pochettino-favourite-relieve-him_259923_102.html#breadcrumb","itemListElement":[{"@type":"ListItem","position":1,"name":"Portada","item":"https:\/\/www.fcbarcelonanoticias.com\/en\/"},{"@type":"ListItem","position":2,"name":"RAC1: Seti\u00e9n will leave the Bar\u00e7a and Pochettino is the favourite to substitute him"}]},{"@type":"WebSite","@id":"https:\/\/www.fcbarcelonanoticias.com\/en\/#website","url":"https:\/\/www.fcbarcelonanoticias.com\/en\/","name":"EN - FC Barcelona Noticias","description":"","potentialAction":[{"@type":"SearchAction","target":{"@type":"EntryPoint","urlTemplate":"https:\/\/www.fcbarcelonanoticias.com\/en\/?s={search_term_string}"},"query-input":{"@type":"PropertyValueSpecification","valueRequired":true,"valueName":"search_term_string"}}],"inLanguage":"en-US"},{"@type":"Person","@id":"https:\/\/www.fcbarcelonanoticias.com\/en\/#\/schema\/person\/fcdad55cab72b8d0e106d75506783b6d","name":"user_4048","image":{"@type":"ImageObject","inLanguage":"en-US","@id":"https:\/\/secure.gravatar.com\/avatar\/?s=96&d=mm&r=g","url":"https:\/\/secure.gravatar.com\/avatar\/?s=96&d=mm&r=g","contentUrl":"https:\/\/secure.gravatar.com\/avatar\/?s=96&d=mm&r=g","caption":"user_4048"},"url":"https:\/\/www.fcbarcelonanoticias.com\/en\/user_4048.html"}]}},"_links":{"self":[{"href":"https:\/\/www.fcbarcelonanoticias.com\/en\/wp-json\/wp\/v2\/posts\/110488","targetHints":{"allow":["GET"]}}],"collection":[{"href":"https:\/\/www.fcbarcelonanoticias.com\/en\/wp-json\/wp\/v2\/posts"}],"about":[{"href":"https:\/\/www.fcbarcelonanoticias.com\/en\/wp-json\/wp\/v2\/types\/post"}],"author":[{"embeddable":true,"href":"https:\/\/www.fcbarcelonanoticias.com\/en\/wp-json\/wp\/v2\/users\/392"}],"replies":[{"embeddable":true,"href":"https:\/\/www.fcbarcelonanoticias.com\/en\/wp-json\/wp\/v2\/comments?post=110488"}],"version-history":[{"count":2,"href":"https:\/\/www.fcbarcelonanoticias.com\/en\/wp-json\/wp\/v2\/posts\/110488\/revisions"}],"predecessor-version":[{"id":172241,"href":"https:\/\/www.fcbarcelonanoticias.com\/en\/wp-json\/wp\/v2\/posts\/110488\/revisions\/172241"}],"wp:featuredmedia":[{"embeddable":true,"href":"https:\/\/www.fcbarcelonanoticias.com\/en\/wp-json\/wp\/v2\/media\/110497"}],"wp:attachment":[{"href":"https:\/\/www.fcbarcelonanoticias.com\/en\/wp-json\/wp\/v2\/media?parent=110488"}],"wp:term":[{"taxonomy":"category","embeddable":true,"href":"https:\/\/www.fcbarcelonanoticias.com\/en\/wp-json\/wp\/v2\/categories?post=110488"},{"taxonomy":"post_tag","embeddable":true,"href":"https:\/\/www.fcbarcelonanoticias.com\/en\/wp-json\/wp\/v2\/tags?post=110488"}],"curies":[{"name":"wp","href":"https:\/\/api.w.org\/{rel}","templated":true}]}}