{"id":110695,"date":"2020-07-05T12:39:00","date_gmt":"2020-07-05T10:39:00","guid":{"rendered":"https:\/\/weisetech.dev\/fc-barcelona-noticias\/en\/promotion-barcelona-b-would-have-sports-reward-economic-one_258962_102\/"},"modified":"2026-04-16T09:11:02","modified_gmt":"2026-04-16T07:11:02","slug":"promotion-barcelona-b-would-have-sports-reward-economic-one_258962_102","status":"publish","type":"post","link":"https:\/\/www.fcbarcelonanoticias.com\/en\/fc-barcelona\/promotion-barcelona-b-would-have-sports-reward-economic-one_258962_102.html","title":{"rendered":"The promotion of Bar\u00e7a B would have a sports reward&#8230; And an economic one"},"content":{"rendered":"<h2 class=\"wp-block-heading\">Bar\u00e7a B will start its fight for promotion to the Second Division in a few weeks, and it will get a double reward if it reaches its goal. The catalans would have a sports prize but also an economic one<\/h2>  \r\n<div class=\"article-addons\">\r\n    <a href=\"https:\/\/www.fcbarcelonanoticias.com\/en\/calendar-fc-barcelona.html\"\r\n       target=\"_self\"\r\n       title=\"Calendar of FC Barcelona\"\r\n       class=\"blue-gredient-btn\">\r\n       \r\n        Calendar of FC Barcelona    <\/a>\r\n<\/div>   <p><strong>The FC Barcelona is put of full in <a data-external=\"0\" data-intl-links-en=\"https:\/\/www.fcbarcelonanoticias.com\/en\/calendar\" data-intl-links-es=\"https:\/\/www.fcbarcelonanoticias.com\/calendario\" href=\"https:\/\/www.fcbarcelonanoticias.com\/en\/fc-barcelona\/calendar.html\" rel=\"follow\" target=\"_self\" title=\"Calendario\">the fight by the titles<\/a>, but does not remove eye to what sucede in the inferior categories<\/strong>. Before the stop by the coronavirus and the back suspension of the season, the filial occupied the second place of the Group III of the Second Division B, and in the weeks to come will confront to a challenge more than deserved. The aim of the Catalans is <strong>to achieve the promotion to Second To<\/strong>.<\/p>  <p><strong>To the pupilos of the recently renewed Francisco Javier Garc\u00eda Pepper expect them three authentic finals<\/strong>. The playoff will start with a meeting in M\u00e1laga in front of the Valladolid Promises the Sunday 19 July, and in case of victory, still would remain two eliminatory more. The aim is to arrive to the duel of the next day 26, in which it will decide where will be the filial in the campaign 2020-21, a decisive question for the youngsters and for the club.<\/p>  <p><strong>The reward for returning to the category of silver is double, and would improve the perspectives in the sportive and in the economic<\/strong>. For the canteranos would mean pulirse and approach to the &#8216;greater&#8217; playing each weekend with opponents of greater level, and for the directive would suppose a jump of quality in the income with some profits that, in function of diverse variables for concretising, estimates in 10 million euros.<\/p>  <p><strong>The rights of television of <a data-external=\"0\" data-intl-links-en=\"https:\/\/www.fcbarcelonanoticias.com\/en\/laliga\" data-intl-links-es=\"https:\/\/www.fcbarcelonanoticias.com\/laliga\" href=\"https:\/\/www.fcbarcelonanoticias.com\/en\/football-soccer\/laliga.html\" rel=\"follow\" target=\"_self\" title=\"LaLiga\">LaLiga<\/a> SmartBank already would help to the Barcelona<\/strong>, that embolsar\u00edan between 6 and 8 &#8216;kilos&#8217; and only would be underneath of the descended because these receive an extra help. In addition to this quantity, the global of finance of the championship delivers to 50% to equal parts, 25% by results and 25% remaining by the social implantation and audiences generated by each one of the applicants.<\/p>  <p><strong>To these quantities it would be necessary to add an increase in the income by taquillaje<\/strong>, whenever the control of the pandemia allow, as it is programming of progressive form, the return of the public to the terracings. In spite of that the Estadi Johan Cruyff has a lower capacity that the Miniestadi (6.000 viewers by 15.276), foresees that percentage of assistance was greater, by what the reduction would not suppose a problem.<\/p>  <h3>The Bar\u00e7a B expects &#8216;signings&#8217; of the first team<\/h3>  <p><strong>The complicated current circumstances have precipitated some drops in the Bar\u00e7a B, that expects <a data-external=\"1\" href=\"https:\/\/www.fcbarcelonanoticias.com\/jugadores-fcbarcelona.html\" rel=\"nofollow\" target=\"_blank\" title=\"'fichajes' del primer equipo\">&#8216;signings&#8217; of the first team<\/a><\/strong>. Sergi Puig, Guillem Jaime, Chumi and Kike Saverio will not be to disposal of Garc\u00eda Pepper, because they finish agreement the past 30 June and there was not agreement for his extension. I\u00f1aki Crag, Riqui Puig, Ronald Ara\u00fajo, \u00c1lex Hill, Monchu and even Ansu Fati are some of the usual in the lists of Quique Seti\u00e9n, that could be given back to the filial if the playoff begins when no longer there is at stake for the &#8216;greater&#8217;.<\/p> ","protected":false},"excerpt":{"rendered":"<p>Bar\u00e7a B will start its fight for promotion to the Second Division in a few weeks, and it will get a double reward if it reaches its goal. The catalans would have a sports prize but also an economic one The FC Barcelona is put of full in the fight by the titles, but does [&hellip;]<\/p>\n","protected":false},"author":392,"featured_media":110697,"comment_status":"closed","ping_status":"open","sticky":false,"template":"","format":"standard","meta":{"_acf_changed":false,"inline_featured_image":false,"_nextfly_llmd_date_locked":false,"footnotes":""},"categories":[111],"tags":[181],"class_list":["post-110695","post","type-post","status-publish","format-standard","has-post-thumbnail","hentry","category-fc-barcelona","tag-the-masia"],"acf":[],"yoast_head":"<!-- This site is optimized with the Yoast SEO plugin v27.3 - https:\/\/yoast.com\/product\/yoast-seo-wordpress\/ -->\n<title>The promotion of Bar\u00e7a B would have a sports reward... And an economic one<\/title>\n<meta name=\"description\" content=\"The Bar\u00e7a B will start in some weeks his fight by the promotion to Second Division, and will obtain a double reward if it reaches his aim. The Catalans tendr\u00ed...\" \/>\n<meta name=\"robots\" content=\"index, follow, max-snippet:-1, max-image-preview:large, max-video-preview:-1\" \/>\n<link rel=\"canonical\" href=\"https:\/\/www.fcbarcelonanoticias.com\/en\/fc-barcelona\/promotion-barcelona-b-would-have-sports-reward-economic-one_258962_102.html\" \/>\n<meta property=\"og:locale\" content=\"en_US\" \/>\n<meta property=\"og:type\" content=\"article\" \/>\n<meta property=\"og:title\" content=\"The promotion of Bar\u00e7a B would have a sports reward... And an economic one\" \/>\n<meta property=\"og:description\" content=\"The Bar\u00e7a B will start in some weeks his fight by the promotion to Second Division, and will obtain a double reward if it reaches his aim. The Catalans tendr\u00ed...\" \/>\n<meta property=\"og:url\" content=\"https:\/\/www.fcbarcelonanoticias.com\/en\/fc-barcelona\/promotion-barcelona-b-would-have-sports-reward-economic-one_258962_102.html\" \/>\n<meta property=\"og:site_name\" content=\"EN - FC Barcelona Noticias\" \/>\n<meta property=\"article:published_time\" content=\"2020-07-05T10:39:00+00:00\" \/>\n<meta property=\"article:modified_time\" content=\"2026-04-16T07:11:02+00:00\" \/>\n<meta property=\"og:image\" content=\"https:\/\/www.fcbarcelonanoticias.com\/en\/wp-content\/uploads\/sites\/2\/2020\/07\/fcb-b7.jpeg\" \/>\n\t<meta property=\"og:image:width\" content=\"1200\" \/>\n\t<meta property=\"og:image:height\" content=\"675\" \/>\n\t<meta property=\"og:image:type\" content=\"image\/jpeg\" \/>\n<meta name=\"author\" content=\"user_4048\" \/>\n<meta name=\"twitter:card\" content=\"summary_large_image\" \/>\n<meta name=\"twitter:label1\" content=\"Written by\" \/>\n\t<meta name=\"twitter:data1\" content=\"user_4048\" \/>\n\t<meta name=\"twitter:label2\" content=\"Est. reading time\" \/>\n\t<meta name=\"twitter:data2\" content=\"3 minutes\" \/>\n<script type=\"application\/ld+json\" class=\"yoast-schema-graph\">{\"@context\":\"https:\\\/\\\/schema.org\",\"@graph\":[{\"@type\":\"Article\",\"@id\":\"https:\\\/\\\/www.fcbarcelonanoticias.com\\\/en\\\/fc-barcelona\\\/promotion-barcelona-b-would-have-sports-reward-economic-one_258962_102.html#article\",\"isPartOf\":{\"@id\":\"https:\\\/\\\/www.fcbarcelonanoticias.com\\\/en\\\/fc-barcelona\\\/promotion-barcelona-b-would-have-sports-reward-economic-one_258962_102.html\"},\"author\":{\"name\":\"user_4048\",\"@id\":\"https:\\\/\\\/www.fcbarcelonanoticias.com\\\/en\\\/#\\\/schema\\\/person\\\/fcdad55cab72b8d0e106d75506783b6d\"},\"headline\":\"The promotion of Bar\u00e7a B would have a sports reward&#8230; And an economic one\",\"datePublished\":\"2020-07-05T10:39:00+00:00\",\"dateModified\":\"2026-04-16T07:11:02+00:00\",\"mainEntityOfPage\":{\"@id\":\"https:\\\/\\\/www.fcbarcelonanoticias.com\\\/en\\\/fc-barcelona\\\/promotion-barcelona-b-would-have-sports-reward-economic-one_258962_102.html\"},\"wordCount\":538,\"image\":{\"@id\":\"https:\\\/\\\/www.fcbarcelonanoticias.com\\\/en\\\/fc-barcelona\\\/promotion-barcelona-b-would-have-sports-reward-economic-one_258962_102.html#primaryimage\"},\"thumbnailUrl\":\"https:\\\/\\\/www.fcbarcelonanoticias.com\\\/en\\\/wp-content\\\/uploads\\\/sites\\\/2\\\/2020\\\/07\\\/fcb-b7.jpeg\",\"keywords\":[\"The Masia\"],\"articleSection\":[\"FC Barcelona\"],\"inLanguage\":\"en-US\"},{\"@type\":\"WebPage\",\"@id\":\"https:\\\/\\\/www.fcbarcelonanoticias.com\\\/en\\\/fc-barcelona\\\/promotion-barcelona-b-would-have-sports-reward-economic-one_258962_102.html\",\"url\":\"https:\\\/\\\/www.fcbarcelonanoticias.com\\\/en\\\/fc-barcelona\\\/promotion-barcelona-b-would-have-sports-reward-economic-one_258962_102.html\",\"name\":\"The promotion of Bar\u00e7a B would have a sports reward... And an economic one\",\"isPartOf\":{\"@id\":\"https:\\\/\\\/www.fcbarcelonanoticias.com\\\/en\\\/#website\"},\"primaryImageOfPage\":{\"@id\":\"https:\\\/\\\/www.fcbarcelonanoticias.com\\\/en\\\/fc-barcelona\\\/promotion-barcelona-b-would-have-sports-reward-economic-one_258962_102.html#primaryimage\"},\"image\":{\"@id\":\"https:\\\/\\\/www.fcbarcelonanoticias.com\\\/en\\\/fc-barcelona\\\/promotion-barcelona-b-would-have-sports-reward-economic-one_258962_102.html#primaryimage\"},\"thumbnailUrl\":\"https:\\\/\\\/www.fcbarcelonanoticias.com\\\/en\\\/wp-content\\\/uploads\\\/sites\\\/2\\\/2020\\\/07\\\/fcb-b7.jpeg\",\"datePublished\":\"2020-07-05T10:39:00+00:00\",\"dateModified\":\"2026-04-16T07:11:02+00:00\",\"author\":{\"@id\":\"https:\\\/\\\/www.fcbarcelonanoticias.com\\\/en\\\/#\\\/schema\\\/person\\\/fcdad55cab72b8d0e106d75506783b6d\"},\"description\":\"The Bar\u00e7a B will start in some weeks his fight by the promotion to Second Division, and will obtain a double reward if it reaches his aim. The Catalans tendr\u00ed...\",\"breadcrumb\":{\"@id\":\"https:\\\/\\\/www.fcbarcelonanoticias.com\\\/en\\\/fc-barcelona\\\/promotion-barcelona-b-would-have-sports-reward-economic-one_258962_102.html#breadcrumb\"},\"inLanguage\":\"en-US\",\"potentialAction\":[{\"@type\":\"ReadAction\",\"target\":[\"https:\\\/\\\/www.fcbarcelonanoticias.com\\\/en\\\/fc-barcelona\\\/promotion-barcelona-b-would-have-sports-reward-economic-one_258962_102.html\"]}]},{\"@type\":\"ImageObject\",\"inLanguage\":\"en-US\",\"@id\":\"https:\\\/\\\/www.fcbarcelonanoticias.com\\\/en\\\/fc-barcelona\\\/promotion-barcelona-b-would-have-sports-reward-economic-one_258962_102.html#primaryimage\",\"url\":\"https:\\\/\\\/www.fcbarcelonanoticias.com\\\/en\\\/wp-content\\\/uploads\\\/sites\\\/2\\\/2020\\\/07\\\/fcb-b7.jpeg\",\"contentUrl\":\"https:\\\/\\\/www.fcbarcelonanoticias.com\\\/en\\\/wp-content\\\/uploads\\\/sites\\\/2\\\/2020\\\/07\\\/fcb-b7.jpeg\",\"width\":1200,\"height\":675},{\"@type\":\"BreadcrumbList\",\"@id\":\"https:\\\/\\\/www.fcbarcelonanoticias.com\\\/en\\\/fc-barcelona\\\/promotion-barcelona-b-would-have-sports-reward-economic-one_258962_102.html#breadcrumb\",\"itemListElement\":[{\"@type\":\"ListItem\",\"position\":1,\"name\":\"Portada\",\"item\":\"https:\\\/\\\/www.fcbarcelonanoticias.com\\\/en\\\/\"},{\"@type\":\"ListItem\",\"position\":2,\"name\":\"The promotion of Bar\u00e7a B would have a sports reward&#8230; And an economic one\"}]},{\"@type\":\"WebSite\",\"@id\":\"https:\\\/\\\/www.fcbarcelonanoticias.com\\\/en\\\/#website\",\"url\":\"https:\\\/\\\/www.fcbarcelonanoticias.com\\\/en\\\/\",\"name\":\"EN - FC Barcelona Noticias\",\"description\":\"\",\"potentialAction\":[{\"@type\":\"SearchAction\",\"target\":{\"@type\":\"EntryPoint\",\"urlTemplate\":\"https:\\\/\\\/www.fcbarcelonanoticias.com\\\/en\\\/?s={search_term_string}\"},\"query-input\":{\"@type\":\"PropertyValueSpecification\",\"valueRequired\":true,\"valueName\":\"search_term_string\"}}],\"inLanguage\":\"en-US\"},{\"@type\":\"Person\",\"@id\":\"https:\\\/\\\/www.fcbarcelonanoticias.com\\\/en\\\/#\\\/schema\\\/person\\\/fcdad55cab72b8d0e106d75506783b6d\",\"name\":\"user_4048\",\"image\":{\"@type\":\"ImageObject\",\"inLanguage\":\"en-US\",\"@id\":\"https:\\\/\\\/secure.gravatar.com\\\/avatar\\\/?s=96&d=mm&r=g\",\"url\":\"https:\\\/\\\/secure.gravatar.com\\\/avatar\\\/?s=96&d=mm&r=g\",\"contentUrl\":\"https:\\\/\\\/secure.gravatar.com\\\/avatar\\\/?s=96&d=mm&r=g\",\"caption\":\"user_4048\"},\"url\":\"https:\\\/\\\/www.fcbarcelonanoticias.com\\\/en\\\/user_4048.html\"}]}<\/script>\n<!-- \/ Yoast SEO plugin. -->","yoast_head_json":{"title":"The promotion of Bar\u00e7a B would have a sports reward... And an economic one","description":"The Bar\u00e7a B will start in some weeks his fight by the promotion to Second Division, and will obtain a double reward if it reaches his aim. The Catalans tendr\u00ed...","robots":{"index":"index","follow":"follow","max-snippet":"max-snippet:-1","max-image-preview":"max-image-preview:large","max-video-preview":"max-video-preview:-1"},"canonical":"https:\/\/www.fcbarcelonanoticias.com\/en\/fc-barcelona\/promotion-barcelona-b-would-have-sports-reward-economic-one_258962_102.html","og_locale":"en_US","og_type":"article","og_title":"The promotion of Bar\u00e7a B would have a sports reward... And an economic one","og_description":"The Bar\u00e7a B will start in some weeks his fight by the promotion to Second Division, and will obtain a double reward if it reaches his aim. The Catalans tendr\u00ed...","og_url":"https:\/\/www.fcbarcelonanoticias.com\/en\/fc-barcelona\/promotion-barcelona-b-would-have-sports-reward-economic-one_258962_102.html","og_site_name":"EN - FC Barcelona Noticias","article_published_time":"2020-07-05T10:39:00+00:00","article_modified_time":"2026-04-16T07:11:02+00:00","og_image":[{"width":1200,"height":675,"url":"https:\/\/www.fcbarcelonanoticias.com\/en\/wp-content\/uploads\/sites\/2\/2020\/07\/fcb-b7.jpeg","type":"image\/jpeg"}],"author":"user_4048","twitter_card":"summary_large_image","twitter_misc":{"Written by":"user_4048","Est. reading time":"3 minutes"},"schema":{"@context":"https:\/\/schema.org","@graph":[{"@type":"Article","@id":"https:\/\/www.fcbarcelonanoticias.com\/en\/fc-barcelona\/promotion-barcelona-b-would-have-sports-reward-economic-one_258962_102.html#article","isPartOf":{"@id":"https:\/\/www.fcbarcelonanoticias.com\/en\/fc-barcelona\/promotion-barcelona-b-would-have-sports-reward-economic-one_258962_102.html"},"author":{"name":"user_4048","@id":"https:\/\/www.fcbarcelonanoticias.com\/en\/#\/schema\/person\/fcdad55cab72b8d0e106d75506783b6d"},"headline":"The promotion of Bar\u00e7a B would have a sports reward&#8230; And an economic one","datePublished":"2020-07-05T10:39:00+00:00","dateModified":"2026-04-16T07:11:02+00:00","mainEntityOfPage":{"@id":"https:\/\/www.fcbarcelonanoticias.com\/en\/fc-barcelona\/promotion-barcelona-b-would-have-sports-reward-economic-one_258962_102.html"},"wordCount":538,"image":{"@id":"https:\/\/www.fcbarcelonanoticias.com\/en\/fc-barcelona\/promotion-barcelona-b-would-have-sports-reward-economic-one_258962_102.html#primaryimage"},"thumbnailUrl":"https:\/\/www.fcbarcelonanoticias.com\/en\/wp-content\/uploads\/sites\/2\/2020\/07\/fcb-b7.jpeg","keywords":["The Masia"],"articleSection":["FC Barcelona"],"inLanguage":"en-US"},{"@type":"WebPage","@id":"https:\/\/www.fcbarcelonanoticias.com\/en\/fc-barcelona\/promotion-barcelona-b-would-have-sports-reward-economic-one_258962_102.html","url":"https:\/\/www.fcbarcelonanoticias.com\/en\/fc-barcelona\/promotion-barcelona-b-would-have-sports-reward-economic-one_258962_102.html","name":"The promotion of Bar\u00e7a B would have a sports reward... And an economic one","isPartOf":{"@id":"https:\/\/www.fcbarcelonanoticias.com\/en\/#website"},"primaryImageOfPage":{"@id":"https:\/\/www.fcbarcelonanoticias.com\/en\/fc-barcelona\/promotion-barcelona-b-would-have-sports-reward-economic-one_258962_102.html#primaryimage"},"image":{"@id":"https:\/\/www.fcbarcelonanoticias.com\/en\/fc-barcelona\/promotion-barcelona-b-would-have-sports-reward-economic-one_258962_102.html#primaryimage"},"thumbnailUrl":"https:\/\/www.fcbarcelonanoticias.com\/en\/wp-content\/uploads\/sites\/2\/2020\/07\/fcb-b7.jpeg","datePublished":"2020-07-05T10:39:00+00:00","dateModified":"2026-04-16T07:11:02+00:00","author":{"@id":"https:\/\/www.fcbarcelonanoticias.com\/en\/#\/schema\/person\/fcdad55cab72b8d0e106d75506783b6d"},"description":"The Bar\u00e7a B will start in some weeks his fight by the promotion to Second Division, and will obtain a double reward if it reaches his aim. The Catalans tendr\u00ed...","breadcrumb":{"@id":"https:\/\/www.fcbarcelonanoticias.com\/en\/fc-barcelona\/promotion-barcelona-b-would-have-sports-reward-economic-one_258962_102.html#breadcrumb"},"inLanguage":"en-US","potentialAction":[{"@type":"ReadAction","target":["https:\/\/www.fcbarcelonanoticias.com\/en\/fc-barcelona\/promotion-barcelona-b-would-have-sports-reward-economic-one_258962_102.html"]}]},{"@type":"ImageObject","inLanguage":"en-US","@id":"https:\/\/www.fcbarcelonanoticias.com\/en\/fc-barcelona\/promotion-barcelona-b-would-have-sports-reward-economic-one_258962_102.html#primaryimage","url":"https:\/\/www.fcbarcelonanoticias.com\/en\/wp-content\/uploads\/sites\/2\/2020\/07\/fcb-b7.jpeg","contentUrl":"https:\/\/www.fcbarcelonanoticias.com\/en\/wp-content\/uploads\/sites\/2\/2020\/07\/fcb-b7.jpeg","width":1200,"height":675},{"@type":"BreadcrumbList","@id":"https:\/\/www.fcbarcelonanoticias.com\/en\/fc-barcelona\/promotion-barcelona-b-would-have-sports-reward-economic-one_258962_102.html#breadcrumb","itemListElement":[{"@type":"ListItem","position":1,"name":"Portada","item":"https:\/\/www.fcbarcelonanoticias.com\/en\/"},{"@type":"ListItem","position":2,"name":"The promotion of Bar\u00e7a B would have a sports reward&#8230; And an economic one"}]},{"@type":"WebSite","@id":"https:\/\/www.fcbarcelonanoticias.com\/en\/#website","url":"https:\/\/www.fcbarcelonanoticias.com\/en\/","name":"EN - FC Barcelona Noticias","description":"","potentialAction":[{"@type":"SearchAction","target":{"@type":"EntryPoint","urlTemplate":"https:\/\/www.fcbarcelonanoticias.com\/en\/?s={search_term_string}"},"query-input":{"@type":"PropertyValueSpecification","valueRequired":true,"valueName":"search_term_string"}}],"inLanguage":"en-US"},{"@type":"Person","@id":"https:\/\/www.fcbarcelonanoticias.com\/en\/#\/schema\/person\/fcdad55cab72b8d0e106d75506783b6d","name":"user_4048","image":{"@type":"ImageObject","inLanguage":"en-US","@id":"https:\/\/secure.gravatar.com\/avatar\/?s=96&d=mm&r=g","url":"https:\/\/secure.gravatar.com\/avatar\/?s=96&d=mm&r=g","contentUrl":"https:\/\/secure.gravatar.com\/avatar\/?s=96&d=mm&r=g","caption":"user_4048"},"url":"https:\/\/www.fcbarcelonanoticias.com\/en\/user_4048.html"}]}},"_links":{"self":[{"href":"https:\/\/www.fcbarcelonanoticias.com\/en\/wp-json\/wp\/v2\/posts\/110695","targetHints":{"allow":["GET"]}}],"collection":[{"href":"https:\/\/www.fcbarcelonanoticias.com\/en\/wp-json\/wp\/v2\/posts"}],"about":[{"href":"https:\/\/www.fcbarcelonanoticias.com\/en\/wp-json\/wp\/v2\/types\/post"}],"author":[{"embeddable":true,"href":"https:\/\/www.fcbarcelonanoticias.com\/en\/wp-json\/wp\/v2\/users\/392"}],"replies":[{"embeddable":true,"href":"https:\/\/www.fcbarcelonanoticias.com\/en\/wp-json\/wp\/v2\/comments?post=110695"}],"version-history":[{"count":2,"href":"https:\/\/www.fcbarcelonanoticias.com\/en\/wp-json\/wp\/v2\/posts\/110695\/revisions"}],"predecessor-version":[{"id":167959,"href":"https:\/\/www.fcbarcelonanoticias.com\/en\/wp-json\/wp\/v2\/posts\/110695\/revisions\/167959"}],"wp:featuredmedia":[{"embeddable":true,"href":"https:\/\/www.fcbarcelonanoticias.com\/en\/wp-json\/wp\/v2\/media\/110697"}],"wp:attachment":[{"href":"https:\/\/www.fcbarcelonanoticias.com\/en\/wp-json\/wp\/v2\/media?parent=110695"}],"wp:term":[{"taxonomy":"category","embeddable":true,"href":"https:\/\/www.fcbarcelonanoticias.com\/en\/wp-json\/wp\/v2\/categories?post=110695"},{"taxonomy":"post_tag","embeddable":true,"href":"https:\/\/www.fcbarcelonanoticias.com\/en\/wp-json\/wp\/v2\/tags?post=110695"}],"curies":[{"name":"wp","href":"https:\/\/api.w.org\/{rel}","templated":true}]}}