{"id":110709,"date":"2017-12-15T23:59:00","date_gmt":"2017-12-15T22:59:00","guid":{"rendered":"https:\/\/weisetech.dev\/fc-barcelona-noticias\/en\/rafinha-and-dembele-could-reappear-in-the-same-party_207671_102\/"},"modified":"2026-04-16T10:05:18","modified_gmt":"2026-04-16T08:05:18","slug":"rafinha-and-dembele-could-reappear-in-the-same-party_207671_102","status":"publish","type":"post","link":"https:\/\/www.fcbarcelonanoticias.com\/en\/fc-barcelona\/rafinha-and-dembele-could-reappear-in-the-same-party_207671_102.html","title":{"rendered":"Rafinha And Demb\u00e9l\u00e9 could reappear in the same party"},"content":{"rendered":"<h2 class=\"wp-block-heading\">They have happened almost nine months since Rafinha Alc\u00e1ntara contested his last official party, but the Brazilian is very near to go back to play with the FC Barcelona. The midfield player aims to the gone of Glass of the King in front of the Celtic, the same that Demb\u00e9l\u00e9<\/h2>  \r\n<div class=\"article-addons\">\r\n    <a href=\"https:\/\/www.fcbarcelonanoticias.com\/en\/calendar-fc-barcelona.html\"\r\n       target=\"_self\"\r\n       title=\"Calendar of FC Barcelona\"\r\n       class=\"blue-gredient-btn\">\r\n       \r\n        Calendar of FC Barcelona    <\/a>\r\n<\/div>   <p>Almost a year of drop, two operations, rumours on a possible exit&#8230; And a strength of will inquebrantable. To<strong> Rafinha Alc\u00e1ntara<\/strong> have accumulated him  the obstacles in the recovery of his injury of knee, but <strong>the Brazilian at last is near to reappear with<\/strong> <a href=\"https:\/\/www.fcbarcelonanoticias.com\/calendario-fcbarcelona.html\"><strong>the FC Barcelona<\/strong><\/a>. And it could do it to the pair that <a href=\"https:\/\/www.fcbarcelonanoticias.com\/fc-barcelona\/andres-iniesta-mima-a-dembele-con-un-carinoso-mensaje_207669_102.html\"><strong>Ousmane Demb\u00e9l\u00e9<\/strong><\/a>.<\/p> <p>As it indicates &#8216;Sportive World&#8217;, if in the Barcelona group there is not a change of last hour, both <a href=\"https:\/\/www.fcbarcelonanoticias.com\/jugadores-fcbarcelona.html\"><strong>footballers<\/strong><\/a> aim to go back the day <strong>4 January<\/strong>, coinciding with the visit to <strong>Bala\u00eddos with reason of the gone of eighth of the Glass of the King in front of the Celtic of Vigo<\/strong>. Although the Frenchman seems to carry something of advantage on his mate, the doctors have preferred to do them expect and continue accumulating shooting in the trainings.<\/p> <p>The return of Rafinha would arrive in a very special stadium, the one who<strong> confirmed his consolidation in First Division and meant his turn to the Bar\u00e7a after a year yielded in<\/strong>Vigo , where happened his infancy following the path of Mazinho, his father. There it knew to Luis Enrique, that turned him into key so much in the celestial club as in the Camp Nou, and to the that devoted a felt farewell does some months. The date is marked in red in his calendar.<\/p> <h2>Decision of Valverde<\/h2> <p>During the months in which it has been section of the team, have been usual the rumours on his course of the City Condal, although precisely his father and representative has limited  to answer that the player has agreement and that his priority is to recover. Although his intentions would be <strong>apurar his options to be in the World-wide of Brazil, seems complicated that it can arrive, since first it has to do with a place in the Bar\u00e7a<\/strong>.<\/p> <p>In this sense, <strong>Ernesto Valverde and Rafinha have a pending talk<\/strong>, in which they will have to agree which will be the role of the midfield player in the diagrams of the tecnico. It is not the first time that this elogia the qualities of the of Sao Paulo, but it will be necessary to see if the plans change in the weeks to come and previous go through <a href=\"https:\/\/www.fcbarcelonanoticias.com\/fc-barcelona\/fichajes.html\"><strong>the market of signings<\/strong><\/a> of winter.<\/p> ","protected":false},"excerpt":{"rendered":"<p>They have happened almost nine months since Rafinha Alc\u00e1ntara contested his last official party, but the Brazilian is very near to go back to play with the FC Barcelona. The midfield player aims to the gone of Glass of the King in front of the Celtic, the same that Demb\u00e9l\u00e9 Almost a year of drop, [&hellip;]<\/p>\n","protected":false},"author":382,"featured_media":110710,"comment_status":"closed","ping_status":"open","sticky":false,"template":"","format":"standard","meta":{"_acf_changed":false,"inline_featured_image":false,"_nextfly_llmd_date_locked":false,"footnotes":""},"categories":[111],"tags":[71,136,375],"class_list":["post-110709","post","type-post","status-publish","format-standard","has-post-thumbnail","hentry","category-fc-barcelona","tag-celtic-of-vigo","tag-injured","tag-rafinha-alcantara"],"acf":[],"yoast_head":"<!-- This site is optimized with the Yoast SEO plugin v27.3 - https:\/\/yoast.com\/product\/yoast-seo-wordpress\/ -->\n<title>Rafinha And Demb\u00e9l\u00e9 could reappear in the same party<\/title>\n<meta name=\"description\" content=\"They have happened almost nine months since Rafinha Alc\u00e1ntara contested his last official party, but the Brazilian is very near to go back to play...\" \/>\n<meta name=\"robots\" content=\"index, follow, max-snippet:-1, max-image-preview:large, max-video-preview:-1\" \/>\n<link rel=\"canonical\" href=\"https:\/\/www.fcbarcelonanoticias.com\/en\/fc-barcelona\/rafinha-and-dembele-could-reappear-in-the-same-party_207671_102.html\" \/>\n<meta property=\"og:locale\" content=\"en_US\" \/>\n<meta property=\"og:type\" content=\"article\" \/>\n<meta property=\"og:title\" content=\"Rafinha And Demb\u00e9l\u00e9 could reappear in the same party\" \/>\n<meta property=\"og:description\" content=\"They have happened almost nine months since Rafinha Alc\u00e1ntara contested his last official party, but the Brazilian is very near to go back to play...\" \/>\n<meta property=\"og:url\" content=\"https:\/\/www.fcbarcelonanoticias.com\/en\/fc-barcelona\/rafinha-and-dembele-could-reappear-in-the-same-party_207671_102.html\" \/>\n<meta property=\"og:site_name\" content=\"EN - FC Barcelona Noticias\" \/>\n<meta property=\"article:published_time\" content=\"2017-12-15T22:59:00+00:00\" \/>\n<meta property=\"article:modified_time\" content=\"2026-04-16T08:05:18+00:00\" \/>\n<meta property=\"og:image\" content=\"https:\/\/www.fcbarcelonanoticias.com\/en\/wp-content\/uploads\/sites\/2\/2017\/12\/rafinha-entrenamiento2-237677.jpeg\" \/>\n\t<meta property=\"og:image:width\" content=\"759\" \/>\n\t<meta property=\"og:image:height\" content=\"428\" \/>\n\t<meta property=\"og:image:type\" content=\"image\/jpeg\" \/>\n<meta name=\"author\" content=\"user_4038\" \/>\n<meta name=\"twitter:card\" content=\"summary_large_image\" \/>\n<meta name=\"twitter:label1\" content=\"Written by\" \/>\n\t<meta name=\"twitter:data1\" content=\"user_4038\" \/>\n\t<meta name=\"twitter:label2\" content=\"Est. reading time\" \/>\n\t<meta name=\"twitter:data2\" content=\"2 minutes\" \/>\n<script type=\"application\/ld+json\" class=\"yoast-schema-graph\">{\"@context\":\"https:\\\/\\\/schema.org\",\"@graph\":[{\"@type\":\"Article\",\"@id\":\"https:\\\/\\\/www.fcbarcelonanoticias.com\\\/en\\\/fc-barcelona\\\/rafinha-and-dembele-could-reappear-in-the-same-party_207671_102.html#article\",\"isPartOf\":{\"@id\":\"https:\\\/\\\/www.fcbarcelonanoticias.com\\\/en\\\/fc-barcelona\\\/rafinha-and-dembele-could-reappear-in-the-same-party_207671_102.html\"},\"author\":{\"name\":\"user_4038\",\"@id\":\"https:\\\/\\\/www.fcbarcelonanoticias.com\\\/en\\\/#\\\/schema\\\/person\\\/d496eb2867fed0dac243bde8b6b84dc7\"},\"headline\":\"Rafinha And Demb\u00e9l\u00e9 could reappear in the same party\",\"datePublished\":\"2017-12-15T22:59:00+00:00\",\"dateModified\":\"2026-04-16T08:05:18+00:00\",\"mainEntityOfPage\":{\"@id\":\"https:\\\/\\\/www.fcbarcelonanoticias.com\\\/en\\\/fc-barcelona\\\/rafinha-and-dembele-could-reappear-in-the-same-party_207671_102.html\"},\"wordCount\":447,\"image\":{\"@id\":\"https:\\\/\\\/www.fcbarcelonanoticias.com\\\/en\\\/fc-barcelona\\\/rafinha-and-dembele-could-reappear-in-the-same-party_207671_102.html#primaryimage\"},\"thumbnailUrl\":\"https:\\\/\\\/www.fcbarcelonanoticias.com\\\/en\\\/wp-content\\\/uploads\\\/sites\\\/2\\\/2017\\\/12\\\/rafinha-entrenamiento2-237677.jpeg\",\"keywords\":[\"Celtic of Vigo\",\"injured\",\"Rafinha Alc\u00e1ntara\"],\"articleSection\":[\"FC Barcelona\"],\"inLanguage\":\"en-US\"},{\"@type\":\"WebPage\",\"@id\":\"https:\\\/\\\/www.fcbarcelonanoticias.com\\\/en\\\/fc-barcelona\\\/rafinha-and-dembele-could-reappear-in-the-same-party_207671_102.html\",\"url\":\"https:\\\/\\\/www.fcbarcelonanoticias.com\\\/en\\\/fc-barcelona\\\/rafinha-and-dembele-could-reappear-in-the-same-party_207671_102.html\",\"name\":\"Rafinha And Demb\u00e9l\u00e9 could reappear in the same party\",\"isPartOf\":{\"@id\":\"https:\\\/\\\/www.fcbarcelonanoticias.com\\\/en\\\/#website\"},\"primaryImageOfPage\":{\"@id\":\"https:\\\/\\\/www.fcbarcelonanoticias.com\\\/en\\\/fc-barcelona\\\/rafinha-and-dembele-could-reappear-in-the-same-party_207671_102.html#primaryimage\"},\"image\":{\"@id\":\"https:\\\/\\\/www.fcbarcelonanoticias.com\\\/en\\\/fc-barcelona\\\/rafinha-and-dembele-could-reappear-in-the-same-party_207671_102.html#primaryimage\"},\"thumbnailUrl\":\"https:\\\/\\\/www.fcbarcelonanoticias.com\\\/en\\\/wp-content\\\/uploads\\\/sites\\\/2\\\/2017\\\/12\\\/rafinha-entrenamiento2-237677.jpeg\",\"datePublished\":\"2017-12-15T22:59:00+00:00\",\"dateModified\":\"2026-04-16T08:05:18+00:00\",\"author\":{\"@id\":\"https:\\\/\\\/www.fcbarcelonanoticias.com\\\/en\\\/#\\\/schema\\\/person\\\/d496eb2867fed0dac243bde8b6b84dc7\"},\"description\":\"They have happened almost nine months since Rafinha Alc\u00e1ntara contested his last official party, but the Brazilian is very near to go back to play...\",\"breadcrumb\":{\"@id\":\"https:\\\/\\\/www.fcbarcelonanoticias.com\\\/en\\\/fc-barcelona\\\/rafinha-and-dembele-could-reappear-in-the-same-party_207671_102.html#breadcrumb\"},\"inLanguage\":\"en-US\",\"potentialAction\":[{\"@type\":\"ReadAction\",\"target\":[\"https:\\\/\\\/www.fcbarcelonanoticias.com\\\/en\\\/fc-barcelona\\\/rafinha-and-dembele-could-reappear-in-the-same-party_207671_102.html\"]}]},{\"@type\":\"ImageObject\",\"inLanguage\":\"en-US\",\"@id\":\"https:\\\/\\\/www.fcbarcelonanoticias.com\\\/en\\\/fc-barcelona\\\/rafinha-and-dembele-could-reappear-in-the-same-party_207671_102.html#primaryimage\",\"url\":\"https:\\\/\\\/www.fcbarcelonanoticias.com\\\/en\\\/wp-content\\\/uploads\\\/sites\\\/2\\\/2017\\\/12\\\/rafinha-entrenamiento2-237677.jpeg\",\"contentUrl\":\"https:\\\/\\\/www.fcbarcelonanoticias.com\\\/en\\\/wp-content\\\/uploads\\\/sites\\\/2\\\/2017\\\/12\\\/rafinha-entrenamiento2-237677.jpeg\",\"width\":759,\"height\":428},{\"@type\":\"BreadcrumbList\",\"@id\":\"https:\\\/\\\/www.fcbarcelonanoticias.com\\\/en\\\/fc-barcelona\\\/rafinha-and-dembele-could-reappear-in-the-same-party_207671_102.html#breadcrumb\",\"itemListElement\":[{\"@type\":\"ListItem\",\"position\":1,\"name\":\"Portada\",\"item\":\"https:\\\/\\\/www.fcbarcelonanoticias.com\\\/en\\\/\"},{\"@type\":\"ListItem\",\"position\":2,\"name\":\"Rafinha And Demb\u00e9l\u00e9 could reappear in the same party\"}]},{\"@type\":\"WebSite\",\"@id\":\"https:\\\/\\\/www.fcbarcelonanoticias.com\\\/en\\\/#website\",\"url\":\"https:\\\/\\\/www.fcbarcelonanoticias.com\\\/en\\\/\",\"name\":\"EN - FC Barcelona Noticias\",\"description\":\"\",\"potentialAction\":[{\"@type\":\"SearchAction\",\"target\":{\"@type\":\"EntryPoint\",\"urlTemplate\":\"https:\\\/\\\/www.fcbarcelonanoticias.com\\\/en\\\/?s={search_term_string}\"},\"query-input\":{\"@type\":\"PropertyValueSpecification\",\"valueRequired\":true,\"valueName\":\"search_term_string\"}}],\"inLanguage\":\"en-US\"},{\"@type\":\"Person\",\"@id\":\"https:\\\/\\\/www.fcbarcelonanoticias.com\\\/en\\\/#\\\/schema\\\/person\\\/d496eb2867fed0dac243bde8b6b84dc7\",\"name\":\"user_4038\",\"image\":{\"@type\":\"ImageObject\",\"inLanguage\":\"en-US\",\"@id\":\"https:\\\/\\\/secure.gravatar.com\\\/avatar\\\/?s=96&d=mm&r=g\",\"url\":\"https:\\\/\\\/secure.gravatar.com\\\/avatar\\\/?s=96&d=mm&r=g\",\"contentUrl\":\"https:\\\/\\\/secure.gravatar.com\\\/avatar\\\/?s=96&d=mm&r=g\",\"caption\":\"user_4038\"},\"url\":\"https:\\\/\\\/www.fcbarcelonanoticias.com\\\/en\\\/user_4038.html\"}]}<\/script>\n<!-- \/ Yoast SEO plugin. -->","yoast_head_json":{"title":"Rafinha And Demb\u00e9l\u00e9 could reappear in the same party","description":"They have happened almost nine months since Rafinha Alc\u00e1ntara contested his last official party, but the Brazilian is very near to go back to play...","robots":{"index":"index","follow":"follow","max-snippet":"max-snippet:-1","max-image-preview":"max-image-preview:large","max-video-preview":"max-video-preview:-1"},"canonical":"https:\/\/www.fcbarcelonanoticias.com\/en\/fc-barcelona\/rafinha-and-dembele-could-reappear-in-the-same-party_207671_102.html","og_locale":"en_US","og_type":"article","og_title":"Rafinha And Demb\u00e9l\u00e9 could reappear in the same party","og_description":"They have happened almost nine months since Rafinha Alc\u00e1ntara contested his last official party, but the Brazilian is very near to go back to play...","og_url":"https:\/\/www.fcbarcelonanoticias.com\/en\/fc-barcelona\/rafinha-and-dembele-could-reappear-in-the-same-party_207671_102.html","og_site_name":"EN - FC Barcelona Noticias","article_published_time":"2017-12-15T22:59:00+00:00","article_modified_time":"2026-04-16T08:05:18+00:00","og_image":[{"width":759,"height":428,"url":"https:\/\/www.fcbarcelonanoticias.com\/en\/wp-content\/uploads\/sites\/2\/2017\/12\/rafinha-entrenamiento2-237677.jpeg","type":"image\/jpeg"}],"author":"user_4038","twitter_card":"summary_large_image","twitter_misc":{"Written by":"user_4038","Est. reading time":"2 minutes"},"schema":{"@context":"https:\/\/schema.org","@graph":[{"@type":"Article","@id":"https:\/\/www.fcbarcelonanoticias.com\/en\/fc-barcelona\/rafinha-and-dembele-could-reappear-in-the-same-party_207671_102.html#article","isPartOf":{"@id":"https:\/\/www.fcbarcelonanoticias.com\/en\/fc-barcelona\/rafinha-and-dembele-could-reappear-in-the-same-party_207671_102.html"},"author":{"name":"user_4038","@id":"https:\/\/www.fcbarcelonanoticias.com\/en\/#\/schema\/person\/d496eb2867fed0dac243bde8b6b84dc7"},"headline":"Rafinha And Demb\u00e9l\u00e9 could reappear in the same party","datePublished":"2017-12-15T22:59:00+00:00","dateModified":"2026-04-16T08:05:18+00:00","mainEntityOfPage":{"@id":"https:\/\/www.fcbarcelonanoticias.com\/en\/fc-barcelona\/rafinha-and-dembele-could-reappear-in-the-same-party_207671_102.html"},"wordCount":447,"image":{"@id":"https:\/\/www.fcbarcelonanoticias.com\/en\/fc-barcelona\/rafinha-and-dembele-could-reappear-in-the-same-party_207671_102.html#primaryimage"},"thumbnailUrl":"https:\/\/www.fcbarcelonanoticias.com\/en\/wp-content\/uploads\/sites\/2\/2017\/12\/rafinha-entrenamiento2-237677.jpeg","keywords":["Celtic of Vigo","injured","Rafinha Alc\u00e1ntara"],"articleSection":["FC Barcelona"],"inLanguage":"en-US"},{"@type":"WebPage","@id":"https:\/\/www.fcbarcelonanoticias.com\/en\/fc-barcelona\/rafinha-and-dembele-could-reappear-in-the-same-party_207671_102.html","url":"https:\/\/www.fcbarcelonanoticias.com\/en\/fc-barcelona\/rafinha-and-dembele-could-reappear-in-the-same-party_207671_102.html","name":"Rafinha And Demb\u00e9l\u00e9 could reappear in the same party","isPartOf":{"@id":"https:\/\/www.fcbarcelonanoticias.com\/en\/#website"},"primaryImageOfPage":{"@id":"https:\/\/www.fcbarcelonanoticias.com\/en\/fc-barcelona\/rafinha-and-dembele-could-reappear-in-the-same-party_207671_102.html#primaryimage"},"image":{"@id":"https:\/\/www.fcbarcelonanoticias.com\/en\/fc-barcelona\/rafinha-and-dembele-could-reappear-in-the-same-party_207671_102.html#primaryimage"},"thumbnailUrl":"https:\/\/www.fcbarcelonanoticias.com\/en\/wp-content\/uploads\/sites\/2\/2017\/12\/rafinha-entrenamiento2-237677.jpeg","datePublished":"2017-12-15T22:59:00+00:00","dateModified":"2026-04-16T08:05:18+00:00","author":{"@id":"https:\/\/www.fcbarcelonanoticias.com\/en\/#\/schema\/person\/d496eb2867fed0dac243bde8b6b84dc7"},"description":"They have happened almost nine months since Rafinha Alc\u00e1ntara contested his last official party, but the Brazilian is very near to go back to play...","breadcrumb":{"@id":"https:\/\/www.fcbarcelonanoticias.com\/en\/fc-barcelona\/rafinha-and-dembele-could-reappear-in-the-same-party_207671_102.html#breadcrumb"},"inLanguage":"en-US","potentialAction":[{"@type":"ReadAction","target":["https:\/\/www.fcbarcelonanoticias.com\/en\/fc-barcelona\/rafinha-and-dembele-could-reappear-in-the-same-party_207671_102.html"]}]},{"@type":"ImageObject","inLanguage":"en-US","@id":"https:\/\/www.fcbarcelonanoticias.com\/en\/fc-barcelona\/rafinha-and-dembele-could-reappear-in-the-same-party_207671_102.html#primaryimage","url":"https:\/\/www.fcbarcelonanoticias.com\/en\/wp-content\/uploads\/sites\/2\/2017\/12\/rafinha-entrenamiento2-237677.jpeg","contentUrl":"https:\/\/www.fcbarcelonanoticias.com\/en\/wp-content\/uploads\/sites\/2\/2017\/12\/rafinha-entrenamiento2-237677.jpeg","width":759,"height":428},{"@type":"BreadcrumbList","@id":"https:\/\/www.fcbarcelonanoticias.com\/en\/fc-barcelona\/rafinha-and-dembele-could-reappear-in-the-same-party_207671_102.html#breadcrumb","itemListElement":[{"@type":"ListItem","position":1,"name":"Portada","item":"https:\/\/www.fcbarcelonanoticias.com\/en\/"},{"@type":"ListItem","position":2,"name":"Rafinha And Demb\u00e9l\u00e9 could reappear in the same party"}]},{"@type":"WebSite","@id":"https:\/\/www.fcbarcelonanoticias.com\/en\/#website","url":"https:\/\/www.fcbarcelonanoticias.com\/en\/","name":"EN - FC Barcelona Noticias","description":"","potentialAction":[{"@type":"SearchAction","target":{"@type":"EntryPoint","urlTemplate":"https:\/\/www.fcbarcelonanoticias.com\/en\/?s={search_term_string}"},"query-input":{"@type":"PropertyValueSpecification","valueRequired":true,"valueName":"search_term_string"}}],"inLanguage":"en-US"},{"@type":"Person","@id":"https:\/\/www.fcbarcelonanoticias.com\/en\/#\/schema\/person\/d496eb2867fed0dac243bde8b6b84dc7","name":"user_4038","image":{"@type":"ImageObject","inLanguage":"en-US","@id":"https:\/\/secure.gravatar.com\/avatar\/?s=96&d=mm&r=g","url":"https:\/\/secure.gravatar.com\/avatar\/?s=96&d=mm&r=g","contentUrl":"https:\/\/secure.gravatar.com\/avatar\/?s=96&d=mm&r=g","caption":"user_4038"},"url":"https:\/\/www.fcbarcelonanoticias.com\/en\/user_4038.html"}]}},"_links":{"self":[{"href":"https:\/\/www.fcbarcelonanoticias.com\/en\/wp-json\/wp\/v2\/posts\/110709","targetHints":{"allow":["GET"]}}],"collection":[{"href":"https:\/\/www.fcbarcelonanoticias.com\/en\/wp-json\/wp\/v2\/posts"}],"about":[{"href":"https:\/\/www.fcbarcelonanoticias.com\/en\/wp-json\/wp\/v2\/types\/post"}],"author":[{"embeddable":true,"href":"https:\/\/www.fcbarcelonanoticias.com\/en\/wp-json\/wp\/v2\/users\/382"}],"replies":[{"embeddable":true,"href":"https:\/\/www.fcbarcelonanoticias.com\/en\/wp-json\/wp\/v2\/comments?post=110709"}],"version-history":[{"count":5,"href":"https:\/\/www.fcbarcelonanoticias.com\/en\/wp-json\/wp\/v2\/posts\/110709\/revisions"}],"predecessor-version":[{"id":184736,"href":"https:\/\/www.fcbarcelonanoticias.com\/en\/wp-json\/wp\/v2\/posts\/110709\/revisions\/184736"}],"wp:featuredmedia":[{"embeddable":true,"href":"https:\/\/www.fcbarcelonanoticias.com\/en\/wp-json\/wp\/v2\/media\/110710"}],"wp:attachment":[{"href":"https:\/\/www.fcbarcelonanoticias.com\/en\/wp-json\/wp\/v2\/media?parent=110709"}],"wp:term":[{"taxonomy":"category","embeddable":true,"href":"https:\/\/www.fcbarcelonanoticias.com\/en\/wp-json\/wp\/v2\/categories?post=110709"},{"taxonomy":"post_tag","embeddable":true,"href":"https:\/\/www.fcbarcelonanoticias.com\/en\/wp-json\/wp\/v2\/tags?post=110709"}],"curies":[{"name":"wp","href":"https:\/\/api.w.org\/{rel}","templated":true}]}}