{"id":111140,"date":"2021-03-20T08:38:00","date_gmt":"2021-03-20T07:38:00","guid":{"rendered":"https:\/\/weisetech.dev\/fc-barcelona-noticias\/en\/they-give-the-first-contacts-between-the-barcelona-and-haaland_266510_102\/"},"modified":"2021-03-20T12:58:00","modified_gmt":"2021-03-20T11:58:00","slug":"they-give-the-first-contacts-between-the-barcelona-and-haaland_266510_102","status":"publish","type":"post","link":"https:\/\/www.fcbarcelonanoticias.com\/en\/fc-barcelona\/they-give-the-first-contacts-between-the-barcelona-and-haaland_266510_102.html","title":{"rendered":"First contacts between the Barcelona and Haaland"},"content":{"rendered":"<h2 class=\"wp-block-heading\">According to the newspaper Sport, Joan Laporta and the surroundings of the managerial board the Barcelona already have contacted with the leading Erling Braut Haaland<\/h2>  \r\n<div class=\"article-addons\">\r\n    <a href=\"https:\/\/www.fcbarcelonanoticias.com\/en\/calendar-fc-barcelona.html\"\r\n       target=\"_self\"\r\n       title=\"Calendar of FC Barcelona\"\r\n       class=\"blue-gredient-btn\">\r\n       \r\n        Calendar of FC Barcelona    <\/a>\r\n<\/div>   <p>In the actuality, exist several names on the table of possibilities that the FC Barcelona handles to reinforce his staff, from players like <a data-external=\"0\" data-intl-links-en=\"https:\/\/www.fcbarcelonanoticias.com\/en\/transfers\/koeman-not-satisfied-depay-also-wants-9-pure_266220_102.html\" data-intl-links-es=\"https:\/\/www.fcbarcelonanoticias.com\/fichajes\/koeman-no-conforma-depay-tambien-quiere-killer_266220_102.html\" href=\"https:\/\/www.fcbarcelonanoticias.com\/en\/transfers\/koeman-not-satisfied-depay-also-wants-9-pure_266220_102.html\" rel=\"follow\" target=\"_self\" title=\"Koeman no se conforma con Depay y tambi\u00e9n quiere un 'killer'\">Memphis Depay<\/a> until the experienced <a data-external=\"0\" data-intl-links-en=\"https:\/\/www.fcbarcelonanoticias.com\/en\/fc-barcelona\/sergio-agueero-has-a-difficult-decision-that-take-for-s_266489_102.html\" data-intl-links-es=\"https:\/\/www.fcbarcelonanoticias.com\/fc-barcelona\/sergio-aguero-tiene-dificil-decision-tomar-su-futuro_266489_102.html\" href=\"https:\/\/www.fcbarcelonanoticias.com\/en\/fc-barcelona\/sergio-agueero-has-a-difficult-decision-that-take-for-s_266489_102.html\" rel=\"follow\" target=\"_self\" title=\"Sergio Ag\u00fcero tiene una dif\u00edcil decisi\u00f3n que tomar para su futuro\">Sergio &#8220;Kun&#8221; Ag\u00fcero<\/a>. However, the efforts of the club to incorporate to a new ariete will see centred pr\u00f3ximamente on <strong>Erling Braut Haaland<\/strong>, as it has informed the newspaper Sport.<\/p>  <p>The Norwegian forward, whose present is <strong>in the Borussia Dortmund<\/strong>, is one of the pieces more codiciadas of the market of signings and has been object of wish by part of the FC Barcelona from does some months. It is thus that, according to the quoted source, the current president of the Barcelona picture, <strong>Joan Laporta, already would have begun to manage<\/strong> his possible signing.<\/p>  <p>In this sense, Sport has commented that Laporta would have contacted to <strong>Mino Raiola<\/strong>, agent of Haaland, during his presidential campaign, in pro to know the situation of the Nordic forward. In spite of this, no descarta that the same follow a season more in the German picture, ignoring like this the <strong>big quantity of beaux<\/strong> that has in the actuality.<\/p>  <div class=\"article-video-wrapper\" data-ck-asset-wrapper=\"\"> <div class=\"article-video\"> <div> <div style=\"position: relative; padding-bottom:56.25%; height: 0; overflow: hidden; \"><\/div> <\/div> <\/div> <\/div>  <p>This if, to concretise this signing, Laporta will have to achieve a substantial quantity of bottoms, since the Borussia Dortmund will not leave to go out to Haaland by any price. In this sense, the source in question ensures that <strong>it does not exist a clause of rescission of 75 million euros for Haaland<\/strong>, something with what came rumoreando from does time and that, incidentally, could fix the mount of his signing in more than 100 million euros.<\/p>  <p>It is thus that the Barcelona goes to have to allow some important exits during next summer, since reinforce his staff is an explicit need and exist several players that could fund <strong>operations like the one of Haaland<\/strong>. Incidentally, the picture cul\u00e9 also will have to negotiate the sale <strong>&#8216;Bar\u00e7a Corporate&#8217;<\/strong>, that could ensure an income of 200 million euros, sufficient to carry out the purchase of the Norwegian forward.<\/p>  <h3>Numbers of Haaland this season<\/h3>  <p>The figures goleadoras of <strong>Erling Haaland<\/strong> this season are a total scandal, since the Norwegian has participation in <strong>30 parties<\/strong>, achieving at all less than <strong>31 goals<\/strong>. Incidentally, the same has been able to contribute nine assistances, participating in a total of 40 so many during the present campaign.<\/p> ","protected":false},"excerpt":{"rendered":"<p>According to the newspaper Sport, Joan Laporta and the surroundings of the managerial board the Barcelona already have contacted with the leading Erling Braut Haaland In the actuality, exist several names on the table of possibilities that the FC Barcelona handles to reinforce his staff, from players like Memphis Depay until the experienced Sergio &#8220;Kun&#8221; [&hellip;]<\/p>\n","protected":false},"author":469,"featured_media":111145,"comment_status":"closed","ping_status":"open","sticky":false,"template":"","format":"standard","meta":{"_acf_changed":false,"inline_featured_image":false,"_nextfly_llmd_date_locked":false,"footnotes":""},"categories":[111],"tags":[67,154],"class_list":["post-111140","post","type-post","status-publish","format-standard","has-post-thumbnail","hentry","category-fc-barcelona","tag-borussia-dortmund","tag-erling-haaland"],"acf":[],"yoast_head":"<!-- This site is optimized with the Yoast SEO plugin v27.3 - https:\/\/yoast.com\/product\/yoast-seo-wordpress\/ -->\n<title>They give the first contacts between the Barcelona and Haaland<\/title>\n<meta name=\"description\" content=\"According to the newspaper Sport, Joan Laporta and the surroundings of the managerial board the Barcelona already have contacted with the leading Erling Braut Haaland\" \/>\n<meta name=\"robots\" content=\"index, follow, max-snippet:-1, max-image-preview:large, max-video-preview:-1\" \/>\n<link rel=\"canonical\" href=\"https:\/\/www.fcbarcelonanoticias.com\/en\/fc-barcelona\/they-give-the-first-contacts-between-the-barcelona-and-haaland_266510_102.html\" \/>\n<meta property=\"og:locale\" content=\"en_US\" \/>\n<meta property=\"og:type\" content=\"article\" \/>\n<meta property=\"og:title\" content=\"They give the first contacts between the Barcelona and Haaland\" \/>\n<meta property=\"og:description\" content=\"According to the newspaper Sport, Joan Laporta and the surroundings of the managerial board the Barcelona already have contacted with the leading Erling Braut Haaland\" \/>\n<meta property=\"og:url\" content=\"https:\/\/www.fcbarcelonanoticias.com\/en\/fc-barcelona\/they-give-the-first-contacts-between-the-barcelona-and-haaland_266510_102.html\" \/>\n<meta property=\"og:site_name\" content=\"EN - FC Barcelona Noticias\" \/>\n<meta property=\"article:published_time\" content=\"2021-03-20T07:38:00+00:00\" \/>\n<meta property=\"article:modified_time\" content=\"2021-03-20T11:58:00+00:00\" \/>\n<meta property=\"og:image\" content=\"https:\/\/www.fcbarcelonanoticias.com\/en\/wp-content\/uploads\/sites\/2\/2021\/03\/haaland-dortmund-futuro-1.jpeg\" \/>\n\t<meta property=\"og:image:width\" content=\"1300\" \/>\n\t<meta property=\"og:image:height\" content=\"741\" \/>\n\t<meta property=\"og:image:type\" content=\"image\/jpeg\" \/>\n<meta name=\"author\" content=\"user_4125\" \/>\n<meta name=\"twitter:card\" content=\"summary_large_image\" \/>\n<meta name=\"twitter:label1\" content=\"Written by\" \/>\n\t<meta name=\"twitter:data1\" content=\"user_4125\" \/>\n\t<meta name=\"twitter:label2\" content=\"Est. reading time\" \/>\n\t<meta name=\"twitter:data2\" content=\"2 minutes\" \/>\n<script type=\"application\/ld+json\" class=\"yoast-schema-graph\">{\"@context\":\"https:\\\/\\\/schema.org\",\"@graph\":[{\"@type\":\"Article\",\"@id\":\"https:\\\/\\\/www.fcbarcelonanoticias.com\\\/en\\\/fc-barcelona\\\/they-give-the-first-contacts-between-the-barcelona-and-haaland_266510_102.html#article\",\"isPartOf\":{\"@id\":\"https:\\\/\\\/www.fcbarcelonanoticias.com\\\/en\\\/fc-barcelona\\\/they-give-the-first-contacts-between-the-barcelona-and-haaland_266510_102.html\"},\"author\":{\"name\":\"user_4125\",\"@id\":\"https:\\\/\\\/www.fcbarcelonanoticias.com\\\/en\\\/#\\\/schema\\\/person\\\/cd76beb4dc29365ad4d29ef99b2916aa\"},\"headline\":\"First contacts between the Barcelona and Haaland\",\"datePublished\":\"2021-03-20T07:38:00+00:00\",\"dateModified\":\"2021-03-20T11:58:00+00:00\",\"mainEntityOfPage\":{\"@id\":\"https:\\\/\\\/www.fcbarcelonanoticias.com\\\/en\\\/fc-barcelona\\\/they-give-the-first-contacts-between-the-barcelona-and-haaland_266510_102.html\"},\"wordCount\":415,\"image\":{\"@id\":\"https:\\\/\\\/www.fcbarcelonanoticias.com\\\/en\\\/fc-barcelona\\\/they-give-the-first-contacts-between-the-barcelona-and-haaland_266510_102.html#primaryimage\"},\"thumbnailUrl\":\"https:\\\/\\\/www.fcbarcelonanoticias.com\\\/en\\\/wp-content\\\/uploads\\\/sites\\\/2\\\/2021\\\/03\\\/haaland-dortmund-futuro-1.jpeg\",\"keywords\":[\"Borussia Dortmund\",\"Erling Haaland\"],\"articleSection\":[\"FC Barcelona\"],\"inLanguage\":\"en-US\"},{\"@type\":\"WebPage\",\"@id\":\"https:\\\/\\\/www.fcbarcelonanoticias.com\\\/en\\\/fc-barcelona\\\/they-give-the-first-contacts-between-the-barcelona-and-haaland_266510_102.html\",\"url\":\"https:\\\/\\\/www.fcbarcelonanoticias.com\\\/en\\\/fc-barcelona\\\/they-give-the-first-contacts-between-the-barcelona-and-haaland_266510_102.html\",\"name\":\"They give the first contacts between the Barcelona and Haaland\",\"isPartOf\":{\"@id\":\"https:\\\/\\\/www.fcbarcelonanoticias.com\\\/en\\\/#website\"},\"primaryImageOfPage\":{\"@id\":\"https:\\\/\\\/www.fcbarcelonanoticias.com\\\/en\\\/fc-barcelona\\\/they-give-the-first-contacts-between-the-barcelona-and-haaland_266510_102.html#primaryimage\"},\"image\":{\"@id\":\"https:\\\/\\\/www.fcbarcelonanoticias.com\\\/en\\\/fc-barcelona\\\/they-give-the-first-contacts-between-the-barcelona-and-haaland_266510_102.html#primaryimage\"},\"thumbnailUrl\":\"https:\\\/\\\/www.fcbarcelonanoticias.com\\\/en\\\/wp-content\\\/uploads\\\/sites\\\/2\\\/2021\\\/03\\\/haaland-dortmund-futuro-1.jpeg\",\"datePublished\":\"2021-03-20T07:38:00+00:00\",\"dateModified\":\"2021-03-20T11:58:00+00:00\",\"author\":{\"@id\":\"https:\\\/\\\/www.fcbarcelonanoticias.com\\\/en\\\/#\\\/schema\\\/person\\\/cd76beb4dc29365ad4d29ef99b2916aa\"},\"description\":\"According to the newspaper Sport, Joan Laporta and the surroundings of the managerial board the Barcelona already have contacted with the leading Erling Braut Haaland\",\"breadcrumb\":{\"@id\":\"https:\\\/\\\/www.fcbarcelonanoticias.com\\\/en\\\/fc-barcelona\\\/they-give-the-first-contacts-between-the-barcelona-and-haaland_266510_102.html#breadcrumb\"},\"inLanguage\":\"en-US\",\"potentialAction\":[{\"@type\":\"ReadAction\",\"target\":[\"https:\\\/\\\/www.fcbarcelonanoticias.com\\\/en\\\/fc-barcelona\\\/they-give-the-first-contacts-between-the-barcelona-and-haaland_266510_102.html\"]}]},{\"@type\":\"ImageObject\",\"inLanguage\":\"en-US\",\"@id\":\"https:\\\/\\\/www.fcbarcelonanoticias.com\\\/en\\\/fc-barcelona\\\/they-give-the-first-contacts-between-the-barcelona-and-haaland_266510_102.html#primaryimage\",\"url\":\"https:\\\/\\\/www.fcbarcelonanoticias.com\\\/en\\\/wp-content\\\/uploads\\\/sites\\\/2\\\/2021\\\/03\\\/haaland-dortmund-futuro-1.jpeg\",\"contentUrl\":\"https:\\\/\\\/www.fcbarcelonanoticias.com\\\/en\\\/wp-content\\\/uploads\\\/sites\\\/2\\\/2021\\\/03\\\/haaland-dortmund-futuro-1.jpeg\",\"width\":1300,\"height\":741},{\"@type\":\"BreadcrumbList\",\"@id\":\"https:\\\/\\\/www.fcbarcelonanoticias.com\\\/en\\\/fc-barcelona\\\/they-give-the-first-contacts-between-the-barcelona-and-haaland_266510_102.html#breadcrumb\",\"itemListElement\":[{\"@type\":\"ListItem\",\"position\":1,\"name\":\"Portada\",\"item\":\"https:\\\/\\\/www.fcbarcelonanoticias.com\\\/en\\\/\"},{\"@type\":\"ListItem\",\"position\":2,\"name\":\"First contacts between the Barcelona and Haaland\"}]},{\"@type\":\"WebSite\",\"@id\":\"https:\\\/\\\/www.fcbarcelonanoticias.com\\\/en\\\/#website\",\"url\":\"https:\\\/\\\/www.fcbarcelonanoticias.com\\\/en\\\/\",\"name\":\"EN - FC Barcelona Noticias\",\"description\":\"\",\"potentialAction\":[{\"@type\":\"SearchAction\",\"target\":{\"@type\":\"EntryPoint\",\"urlTemplate\":\"https:\\\/\\\/www.fcbarcelonanoticias.com\\\/en\\\/?s={search_term_string}\"},\"query-input\":{\"@type\":\"PropertyValueSpecification\",\"valueRequired\":true,\"valueName\":\"search_term_string\"}}],\"inLanguage\":\"en-US\"},{\"@type\":\"Person\",\"@id\":\"https:\\\/\\\/www.fcbarcelonanoticias.com\\\/en\\\/#\\\/schema\\\/person\\\/cd76beb4dc29365ad4d29ef99b2916aa\",\"name\":\"user_4125\",\"image\":{\"@type\":\"ImageObject\",\"inLanguage\":\"en-US\",\"@id\":\"https:\\\/\\\/secure.gravatar.com\\\/avatar\\\/?s=96&d=mm&r=g\",\"url\":\"https:\\\/\\\/secure.gravatar.com\\\/avatar\\\/?s=96&d=mm&r=g\",\"contentUrl\":\"https:\\\/\\\/secure.gravatar.com\\\/avatar\\\/?s=96&d=mm&r=g\",\"caption\":\"user_4125\"},\"url\":\"https:\\\/\\\/www.fcbarcelonanoticias.com\\\/en\\\/user_4125.html\"}]}<\/script>\n<!-- \/ Yoast SEO plugin. -->","yoast_head_json":{"title":"They give the first contacts between the Barcelona and Haaland","description":"According to the newspaper Sport, Joan Laporta and the surroundings of the managerial board the Barcelona already have contacted with the leading Erling Braut Haaland","robots":{"index":"index","follow":"follow","max-snippet":"max-snippet:-1","max-image-preview":"max-image-preview:large","max-video-preview":"max-video-preview:-1"},"canonical":"https:\/\/www.fcbarcelonanoticias.com\/en\/fc-barcelona\/they-give-the-first-contacts-between-the-barcelona-and-haaland_266510_102.html","og_locale":"en_US","og_type":"article","og_title":"They give the first contacts between the Barcelona and Haaland","og_description":"According to the newspaper Sport, Joan Laporta and the surroundings of the managerial board the Barcelona already have contacted with the leading Erling Braut Haaland","og_url":"https:\/\/www.fcbarcelonanoticias.com\/en\/fc-barcelona\/they-give-the-first-contacts-between-the-barcelona-and-haaland_266510_102.html","og_site_name":"EN - FC Barcelona Noticias","article_published_time":"2021-03-20T07:38:00+00:00","article_modified_time":"2021-03-20T11:58:00+00:00","og_image":[{"width":1300,"height":741,"url":"https:\/\/www.fcbarcelonanoticias.com\/en\/wp-content\/uploads\/sites\/2\/2021\/03\/haaland-dortmund-futuro-1.jpeg","type":"image\/jpeg"}],"author":"user_4125","twitter_card":"summary_large_image","twitter_misc":{"Written by":"user_4125","Est. reading time":"2 minutes"},"schema":{"@context":"https:\/\/schema.org","@graph":[{"@type":"Article","@id":"https:\/\/www.fcbarcelonanoticias.com\/en\/fc-barcelona\/they-give-the-first-contacts-between-the-barcelona-and-haaland_266510_102.html#article","isPartOf":{"@id":"https:\/\/www.fcbarcelonanoticias.com\/en\/fc-barcelona\/they-give-the-first-contacts-between-the-barcelona-and-haaland_266510_102.html"},"author":{"name":"user_4125","@id":"https:\/\/www.fcbarcelonanoticias.com\/en\/#\/schema\/person\/cd76beb4dc29365ad4d29ef99b2916aa"},"headline":"First contacts between the Barcelona and Haaland","datePublished":"2021-03-20T07:38:00+00:00","dateModified":"2021-03-20T11:58:00+00:00","mainEntityOfPage":{"@id":"https:\/\/www.fcbarcelonanoticias.com\/en\/fc-barcelona\/they-give-the-first-contacts-between-the-barcelona-and-haaland_266510_102.html"},"wordCount":415,"image":{"@id":"https:\/\/www.fcbarcelonanoticias.com\/en\/fc-barcelona\/they-give-the-first-contacts-between-the-barcelona-and-haaland_266510_102.html#primaryimage"},"thumbnailUrl":"https:\/\/www.fcbarcelonanoticias.com\/en\/wp-content\/uploads\/sites\/2\/2021\/03\/haaland-dortmund-futuro-1.jpeg","keywords":["Borussia Dortmund","Erling Haaland"],"articleSection":["FC Barcelona"],"inLanguage":"en-US"},{"@type":"WebPage","@id":"https:\/\/www.fcbarcelonanoticias.com\/en\/fc-barcelona\/they-give-the-first-contacts-between-the-barcelona-and-haaland_266510_102.html","url":"https:\/\/www.fcbarcelonanoticias.com\/en\/fc-barcelona\/they-give-the-first-contacts-between-the-barcelona-and-haaland_266510_102.html","name":"They give the first contacts between the Barcelona and Haaland","isPartOf":{"@id":"https:\/\/www.fcbarcelonanoticias.com\/en\/#website"},"primaryImageOfPage":{"@id":"https:\/\/www.fcbarcelonanoticias.com\/en\/fc-barcelona\/they-give-the-first-contacts-between-the-barcelona-and-haaland_266510_102.html#primaryimage"},"image":{"@id":"https:\/\/www.fcbarcelonanoticias.com\/en\/fc-barcelona\/they-give-the-first-contacts-between-the-barcelona-and-haaland_266510_102.html#primaryimage"},"thumbnailUrl":"https:\/\/www.fcbarcelonanoticias.com\/en\/wp-content\/uploads\/sites\/2\/2021\/03\/haaland-dortmund-futuro-1.jpeg","datePublished":"2021-03-20T07:38:00+00:00","dateModified":"2021-03-20T11:58:00+00:00","author":{"@id":"https:\/\/www.fcbarcelonanoticias.com\/en\/#\/schema\/person\/cd76beb4dc29365ad4d29ef99b2916aa"},"description":"According to the newspaper Sport, Joan Laporta and the surroundings of the managerial board the Barcelona already have contacted with the leading Erling Braut Haaland","breadcrumb":{"@id":"https:\/\/www.fcbarcelonanoticias.com\/en\/fc-barcelona\/they-give-the-first-contacts-between-the-barcelona-and-haaland_266510_102.html#breadcrumb"},"inLanguage":"en-US","potentialAction":[{"@type":"ReadAction","target":["https:\/\/www.fcbarcelonanoticias.com\/en\/fc-barcelona\/they-give-the-first-contacts-between-the-barcelona-and-haaland_266510_102.html"]}]},{"@type":"ImageObject","inLanguage":"en-US","@id":"https:\/\/www.fcbarcelonanoticias.com\/en\/fc-barcelona\/they-give-the-first-contacts-between-the-barcelona-and-haaland_266510_102.html#primaryimage","url":"https:\/\/www.fcbarcelonanoticias.com\/en\/wp-content\/uploads\/sites\/2\/2021\/03\/haaland-dortmund-futuro-1.jpeg","contentUrl":"https:\/\/www.fcbarcelonanoticias.com\/en\/wp-content\/uploads\/sites\/2\/2021\/03\/haaland-dortmund-futuro-1.jpeg","width":1300,"height":741},{"@type":"BreadcrumbList","@id":"https:\/\/www.fcbarcelonanoticias.com\/en\/fc-barcelona\/they-give-the-first-contacts-between-the-barcelona-and-haaland_266510_102.html#breadcrumb","itemListElement":[{"@type":"ListItem","position":1,"name":"Portada","item":"https:\/\/www.fcbarcelonanoticias.com\/en\/"},{"@type":"ListItem","position":2,"name":"First contacts between the Barcelona and Haaland"}]},{"@type":"WebSite","@id":"https:\/\/www.fcbarcelonanoticias.com\/en\/#website","url":"https:\/\/www.fcbarcelonanoticias.com\/en\/","name":"EN - FC Barcelona Noticias","description":"","potentialAction":[{"@type":"SearchAction","target":{"@type":"EntryPoint","urlTemplate":"https:\/\/www.fcbarcelonanoticias.com\/en\/?s={search_term_string}"},"query-input":{"@type":"PropertyValueSpecification","valueRequired":true,"valueName":"search_term_string"}}],"inLanguage":"en-US"},{"@type":"Person","@id":"https:\/\/www.fcbarcelonanoticias.com\/en\/#\/schema\/person\/cd76beb4dc29365ad4d29ef99b2916aa","name":"user_4125","image":{"@type":"ImageObject","inLanguage":"en-US","@id":"https:\/\/secure.gravatar.com\/avatar\/?s=96&d=mm&r=g","url":"https:\/\/secure.gravatar.com\/avatar\/?s=96&d=mm&r=g","contentUrl":"https:\/\/secure.gravatar.com\/avatar\/?s=96&d=mm&r=g","caption":"user_4125"},"url":"https:\/\/www.fcbarcelonanoticias.com\/en\/user_4125.html"}]}},"_links":{"self":[{"href":"https:\/\/www.fcbarcelonanoticias.com\/en\/wp-json\/wp\/v2\/posts\/111140","targetHints":{"allow":["GET"]}}],"collection":[{"href":"https:\/\/www.fcbarcelonanoticias.com\/en\/wp-json\/wp\/v2\/posts"}],"about":[{"href":"https:\/\/www.fcbarcelonanoticias.com\/en\/wp-json\/wp\/v2\/types\/post"}],"author":[{"embeddable":true,"href":"https:\/\/www.fcbarcelonanoticias.com\/en\/wp-json\/wp\/v2\/users\/469"}],"replies":[{"embeddable":true,"href":"https:\/\/www.fcbarcelonanoticias.com\/en\/wp-json\/wp\/v2\/comments?post=111140"}],"version-history":[{"count":1,"href":"https:\/\/www.fcbarcelonanoticias.com\/en\/wp-json\/wp\/v2\/posts\/111140\/revisions"}],"predecessor-version":[{"id":148906,"href":"https:\/\/www.fcbarcelonanoticias.com\/en\/wp-json\/wp\/v2\/posts\/111140\/revisions\/148906"}],"wp:featuredmedia":[{"embeddable":true,"href":"https:\/\/www.fcbarcelonanoticias.com\/en\/wp-json\/wp\/v2\/media\/111145"}],"wp:attachment":[{"href":"https:\/\/www.fcbarcelonanoticias.com\/en\/wp-json\/wp\/v2\/media?parent=111140"}],"wp:term":[{"taxonomy":"category","embeddable":true,"href":"https:\/\/www.fcbarcelonanoticias.com\/en\/wp-json\/wp\/v2\/categories?post=111140"},{"taxonomy":"post_tag","embeddable":true,"href":"https:\/\/www.fcbarcelonanoticias.com\/en\/wp-json\/wp\/v2\/tags?post=111140"}],"curies":[{"name":"wp","href":"https:\/\/api.w.org\/{rel}","templated":true}]}}