{"id":11292,"date":"2022-04-15T18:49:00","date_gmt":"2022-04-15T16:49:00","guid":{"rendered":"https:\/\/weisetech.dev\/fc-barcelona-noticias\/en\/laporta-announces-the-sale-of-nominal-entrances-for-compe_279436_102\/"},"modified":"2022-04-15T18:49:00","modified_gmt":"2022-04-15T16:49:00","slug":"laporta-announces-the-sale-of-nominal-entrances-for-compe_279436_102","status":"publish","type":"post","link":"https:\/\/www.fcbarcelonanoticias.com\/en\/europa-league\/laporta-announces-the-sale-of-nominal-entrances-for-compe_279436_102.html","title":{"rendered":"Laporta announces the sale of nominal tickets for international competitions"},"content":{"rendered":"<h2 class=\"wp-block-heading\">Joan Laporta, president of FC Barcelona, \u200b\u200bannounced the first post-disaster measure of the match against Eintracht Frankfurt. From now on, &#8220;the tickets will be nominative in the international competitions that Bar\u00e7a plays at the Camp Nou&#8221;<\/h2>  \r\n<div class=\"article-addons\">\r\n    <a href=\"https:\/\/www.fcbarcelonanoticias.com\/en\/calendar-fc-barcelona.html\"\r\n       target=\"_self\"\r\n       title=\"Calendar of FC Barcelona\"\r\n       class=\"blue-gredient-btn\">\r\n       \r\n        Calendar of FC Barcelona    <\/a>\r\n<\/div>   <p>The <a data-external=\"0\" data-intl-links-en=\"https:\/\/www.fcbarcelonanoticias.com\/en\/fc-barcelona\/how-much-money-perceives-the-barca-with-the-sale-of-entrances_279434_102.html\" data-intl-links-es=\"https:\/\/www.fcbarcelonanoticias.com\/fc-barcelona\/cuanto-dinero-percibe-barcelona-con-venta-entradas-eintracht_279434_102.html\" href=\"https:\/\/www.fcbarcelonanoticias.com\/en\/fc-barcelona\/how-much-money-perceives-the-barca-with-the-sale-of-entrances_279434_102.html\" rel=\"follow\" target=\"_self\" title=\"\u00bfCu\u00e1nto dinero percibe el Bar\u00e7a con la venta de entradas ante el Eintracht?\">FC Barcelona<\/a> will remember on 14 April 2022 like a sad day in his history. Further of the elimination of the Europe League in front of the Eintracht Frankfurt, <strong>the club regrets the embarrassment occurred with the sale of entrances for the party<\/strong>, since near of 30.000 German fans attained ingresar to the Camp Nou, covering of white the grandstands of the temple cul\u00e9 for surprise of players, technical body and the million viewers alrrededor of the world.<\/p>  <p>Thus, Joan Laporta informed this Friday that, from the next season, the entrances for any international competition that contest the Bar\u00e7a will sell of way nominativa. <strong>&#8220;We have not wanted to it do never because incomoda and annoying to the partners that have a correct behaviour, normal and current&#8221;<\/strong>, expressed the mandator, the one who ensured that the club did not sell gone in to the fans of the Eintracht.<\/p>  <p>This Friday, the club did official the entry by the sale of entrances of the party of the Thursday in front of the Eintracht, a &#8216;money of Judas&#8217; that will happen to the history like one of the moments more bochornosos in the hisotria of the club. As the informed by Elena Fort, institutional vice-president of the Bar\u00e7a, <strong>the taquilla of the party of quarter-finals of the Europe League left <a data-external=\"0\" data-intl-links-en=\"https:\/\/www.fcbarcelonanoticias.com\/en\/fc-barcelona\/how-much-money-perceives-the-barca-with-the-sale-of-entrances_279434_102.html\" data-intl-links-es=\"https:\/\/www.fcbarcelonanoticias.com\/fc-barcelona\/cuanto-dinero-percibe-barcelona-con-venta-entradas-eintracht_279434_102.html\" href=\"https:\/\/www.fcbarcelonanoticias.com\/en\/fc-barcelona\/how-much-money-perceives-the-barca-with-the-sale-of-entrances_279434_102.html\" rel=\"follow\" target=\"_self\" title=\"\u00bfCu\u00e1nto dinero percibe el Bar\u00e7a con la venta de entradas ante el Eintracht?\">3 million euros<\/a> in the arks cul\u00e9s<\/strong>. &#8220;It is a money that knows us very bad&#8221;, expressed Fort to the &#8216;Chain BE&#8217;.<\/p>  <h3>The &#8220;irregular behaviours&#8221; that propiciaron the embarrassment&#8221;<\/h3>  <p>In this regard, Laporta cleared that <strong>&#8220;the club put 34.440 on sale entrances with restrictions, since they could not be bought with German charge cards neither with an IP germana&#8221;<\/strong>. However, the partners, that have priority in the first 24 available hours, took advantage of to sell them to the German fans that found in the city from the day Wednesday.<\/p>  <p>Likewise, the president cul\u00e9 indicated that <strong>&#8220;of the abonos busy, 37.746, also detected an evidence and is that it splits of these abonos were also to hands of German fans&#8221;<\/strong>. In this sense, partners and credited were the attendants to sell the entrances to the fanatical of the Eintracht those who, in principle, only had 5.000 seats authorised in the Camp Nou. &#8220;We happen shame and went a sad day by the result and by what sucedi\u00f3 regarding the assistance of so many Germans to the Estadi. We expect the Monday of Pascua have the maximum number of barcelonistas in front of the C\u00e1diz&#8221;, puntualiz\u00f3 Laporta.<\/p> ","protected":false},"excerpt":{"rendered":"<p>Joan Laporta, president of FC Barcelona, \u200b\u200bannounced the first post-disaster measure of the match against Eintracht Frankfurt. From now on, &#8220;the tickets will be nominative in the international competitions that Bar\u00e7a plays at the Camp Nou&#8221; The FC Barcelona will remember on 14 April 2022 like a sad day in his history. Further of the [&hellip;]<\/p>\n","protected":false},"author":347,"featured_media":11293,"comment_status":"closed","ping_status":"open","sticky":false,"template":"","format":"standard","meta":{"_acf_changed":false,"inline_featured_image":false,"_nextfly_llmd_date_locked":false,"footnotes":""},"categories":[111],"tags":[202],"class_list":["post-11292","post","type-post","status-publish","format-standard","has-post-thumbnail","hentry","category-fc-barcelona","tag-eintracht-frankfurt"],"acf":[],"yoast_head":"<!-- This site is optimized with the Yoast SEO plugin v27.3 - https:\/\/yoast.com\/product\/yoast-seo-wordpress\/ -->\n<title>Laporta announces the sale of nominal tickets for international competitions<\/title>\n<meta name=\"description\" content=\"Elena Fort, institutional vice-president of the FC Barcelona, informed to the &#039;Chain BE&#039; the official entry by the sale of entrances of the party in front of the Eintrach...\" \/>\n<meta name=\"robots\" content=\"index, follow, max-snippet:-1, max-image-preview:large, max-video-preview:-1\" \/>\n<link rel=\"canonical\" href=\"https:\/\/www.fcbarcelonanoticias.com\/en\/europa-league\/laporta-announces-the-sale-of-nominal-entrances-for-compe_279436_102.html\" \/>\n<meta property=\"og:locale\" content=\"en_US\" \/>\n<meta property=\"og:type\" content=\"article\" \/>\n<meta property=\"og:title\" content=\"Laporta announces the sale of nominal tickets for international competitions\" \/>\n<meta property=\"og:description\" content=\"Elena Fort, institutional vice-president of the FC Barcelona, informed to the &#039;Chain BE&#039; the official entry by the sale of entrances of the party in front of the Eintrach...\" \/>\n<meta property=\"og:url\" content=\"https:\/\/www.fcbarcelonanoticias.com\/en\/europa-league\/laporta-announces-the-sale-of-nominal-entrances-for-compe_279436_102.html\" \/>\n<meta property=\"og:site_name\" content=\"EN - FC Barcelona Noticias\" \/>\n<meta property=\"article:published_time\" content=\"2022-04-15T16:49:00+00:00\" \/>\n<meta property=\"og:image\" content=\"https:\/\/www.fcbarcelonanoticias.com\/en\/wp-content\/uploads\/sites\/2\/2022\/04\/fbl-esp-liga-barcelona-4-1.jpeg\" \/>\n\t<meta property=\"og:image:width\" content=\"1200\" \/>\n\t<meta property=\"og:image:height\" content=\"730\" \/>\n\t<meta property=\"og:image:type\" content=\"image\/jpeg\" \/>\n<meta name=\"author\" content=\"Andr\u00e9s Quiroz\" \/>\n<meta name=\"twitter:card\" content=\"summary_large_image\" \/>\n<meta name=\"twitter:label1\" content=\"Written by\" \/>\n\t<meta name=\"twitter:data1\" content=\"Andr\u00e9s Quiroz\" \/>\n\t<meta name=\"twitter:label2\" content=\"Est. reading time\" \/>\n\t<meta name=\"twitter:data2\" content=\"2 minutes\" \/>\n<script type=\"application\/ld+json\" class=\"yoast-schema-graph\">{\"@context\":\"https:\\\/\\\/schema.org\",\"@graph\":[{\"@type\":\"Article\",\"@id\":\"https:\\\/\\\/www.fcbarcelonanoticias.com\\\/en\\\/europa-league\\\/laporta-announces-the-sale-of-nominal-entrances-for-compe_279436_102.html#article\",\"isPartOf\":{\"@id\":\"https:\\\/\\\/www.fcbarcelonanoticias.com\\\/en\\\/europa-league\\\/laporta-announces-the-sale-of-nominal-entrances-for-compe_279436_102.html\"},\"author\":{\"name\":\"Andr\u00e9s Quiroz\",\"@id\":\"https:\\\/\\\/www.fcbarcelonanoticias.com\\\/en\\\/#\\\/schema\\\/person\\\/c2cd9f6fa1af5c0d0eccd0fefa575c88\"},\"headline\":\"Laporta announces the sale of nominal tickets for international competitions\",\"datePublished\":\"2022-04-15T16:49:00+00:00\",\"mainEntityOfPage\":{\"@id\":\"https:\\\/\\\/www.fcbarcelonanoticias.com\\\/en\\\/europa-league\\\/laporta-announces-the-sale-of-nominal-entrances-for-compe_279436_102.html\"},\"wordCount\":458,\"image\":{\"@id\":\"https:\\\/\\\/www.fcbarcelonanoticias.com\\\/en\\\/europa-league\\\/laporta-announces-the-sale-of-nominal-entrances-for-compe_279436_102.html#primaryimage\"},\"thumbnailUrl\":\"https:\\\/\\\/www.fcbarcelonanoticias.com\\\/en\\\/wp-content\\\/uploads\\\/sites\\\/2\\\/2022\\\/04\\\/fbl-esp-liga-barcelona-4-1.jpeg\",\"keywords\":[\"Eintracht Frankfurt\"],\"articleSection\":[\"FC Barcelona\"],\"inLanguage\":\"en-US\"},{\"@type\":\"WebPage\",\"@id\":\"https:\\\/\\\/www.fcbarcelonanoticias.com\\\/en\\\/europa-league\\\/laporta-announces-the-sale-of-nominal-entrances-for-compe_279436_102.html\",\"url\":\"https:\\\/\\\/www.fcbarcelonanoticias.com\\\/en\\\/europa-league\\\/laporta-announces-the-sale-of-nominal-entrances-for-compe_279436_102.html\",\"name\":\"Laporta announces the sale of nominal tickets for international competitions\",\"isPartOf\":{\"@id\":\"https:\\\/\\\/www.fcbarcelonanoticias.com\\\/en\\\/#website\"},\"primaryImageOfPage\":{\"@id\":\"https:\\\/\\\/www.fcbarcelonanoticias.com\\\/en\\\/europa-league\\\/laporta-announces-the-sale-of-nominal-entrances-for-compe_279436_102.html#primaryimage\"},\"image\":{\"@id\":\"https:\\\/\\\/www.fcbarcelonanoticias.com\\\/en\\\/europa-league\\\/laporta-announces-the-sale-of-nominal-entrances-for-compe_279436_102.html#primaryimage\"},\"thumbnailUrl\":\"https:\\\/\\\/www.fcbarcelonanoticias.com\\\/en\\\/wp-content\\\/uploads\\\/sites\\\/2\\\/2022\\\/04\\\/fbl-esp-liga-barcelona-4-1.jpeg\",\"datePublished\":\"2022-04-15T16:49:00+00:00\",\"author\":{\"@id\":\"https:\\\/\\\/www.fcbarcelonanoticias.com\\\/en\\\/#\\\/schema\\\/person\\\/c2cd9f6fa1af5c0d0eccd0fefa575c88\"},\"description\":\"Elena Fort, institutional vice-president of the FC Barcelona, informed to the 'Chain BE' the official entry by the sale of entrances of the party in front of the Eintrach...\",\"breadcrumb\":{\"@id\":\"https:\\\/\\\/www.fcbarcelonanoticias.com\\\/en\\\/europa-league\\\/laporta-announces-the-sale-of-nominal-entrances-for-compe_279436_102.html#breadcrumb\"},\"inLanguage\":\"en-US\",\"potentialAction\":[{\"@type\":\"ReadAction\",\"target\":[\"https:\\\/\\\/www.fcbarcelonanoticias.com\\\/en\\\/europa-league\\\/laporta-announces-the-sale-of-nominal-entrances-for-compe_279436_102.html\"]}]},{\"@type\":\"ImageObject\",\"inLanguage\":\"en-US\",\"@id\":\"https:\\\/\\\/www.fcbarcelonanoticias.com\\\/en\\\/europa-league\\\/laporta-announces-the-sale-of-nominal-entrances-for-compe_279436_102.html#primaryimage\",\"url\":\"https:\\\/\\\/www.fcbarcelonanoticias.com\\\/en\\\/wp-content\\\/uploads\\\/sites\\\/2\\\/2022\\\/04\\\/fbl-esp-liga-barcelona-4-1.jpeg\",\"contentUrl\":\"https:\\\/\\\/www.fcbarcelonanoticias.com\\\/en\\\/wp-content\\\/uploads\\\/sites\\\/2\\\/2022\\\/04\\\/fbl-esp-liga-barcelona-4-1.jpeg\",\"width\":1200,\"height\":730},{\"@type\":\"BreadcrumbList\",\"@id\":\"https:\\\/\\\/www.fcbarcelonanoticias.com\\\/en\\\/europa-league\\\/laporta-announces-the-sale-of-nominal-entrances-for-compe_279436_102.html#breadcrumb\",\"itemListElement\":[{\"@type\":\"ListItem\",\"position\":1,\"name\":\"Portada\",\"item\":\"https:\\\/\\\/www.fcbarcelonanoticias.com\\\/en\\\/\"},{\"@type\":\"ListItem\",\"position\":2,\"name\":\"Laporta announces the sale of nominal tickets for international competitions\"}]},{\"@type\":\"WebSite\",\"@id\":\"https:\\\/\\\/www.fcbarcelonanoticias.com\\\/en\\\/#website\",\"url\":\"https:\\\/\\\/www.fcbarcelonanoticias.com\\\/en\\\/\",\"name\":\"EN - FC Barcelona Noticias\",\"description\":\"\",\"potentialAction\":[{\"@type\":\"SearchAction\",\"target\":{\"@type\":\"EntryPoint\",\"urlTemplate\":\"https:\\\/\\\/www.fcbarcelonanoticias.com\\\/en\\\/?s={search_term_string}\"},\"query-input\":{\"@type\":\"PropertyValueSpecification\",\"valueRequired\":true,\"valueName\":\"search_term_string\"}}],\"inLanguage\":\"en-US\"},{\"@type\":\"Person\",\"@id\":\"https:\\\/\\\/www.fcbarcelonanoticias.com\\\/en\\\/#\\\/schema\\\/person\\\/c2cd9f6fa1af5c0d0eccd0fefa575c88\",\"name\":\"Andr\u00e9s Quiroz\",\"image\":{\"@type\":\"ImageObject\",\"inLanguage\":\"en-US\",\"@id\":\"https:\\\/\\\/secure.gravatar.com\\\/avatar\\\/?s=96&d=mm&r=g\",\"url\":\"https:\\\/\\\/secure.gravatar.com\\\/avatar\\\/?s=96&d=mm&r=g\",\"contentUrl\":\"https:\\\/\\\/secure.gravatar.com\\\/avatar\\\/?s=96&d=mm&r=g\",\"caption\":\"Andr\u00e9s Quiroz\"},\"description\":\"Licenciado en Periodismo por la Universidad de los Andes. Me encargo de analizar y compartir los contenidos m\u00e1s destacados de la\u00a0actualidad del F\u00fatbol Club Barcelona, Mercado de Fichajes y F\u00fatbol Internacional en FCBN. La informaci\u00f3n es poder, pero tambi\u00e9n conocimiento.\",\"url\":\"https:\\\/\\\/www.fcbarcelonanoticias.com\\\/en\\\/fc-barcelona\\\/andres-quiroz_17_115.html\"}]}<\/script>\n<!-- \/ Yoast SEO plugin. -->","yoast_head_json":{"title":"Laporta announces the sale of nominal tickets for international competitions","description":"Elena Fort, institutional vice-president of the FC Barcelona, informed to the 'Chain BE' the official entry by the sale of entrances of the party in front of the Eintrach...","robots":{"index":"index","follow":"follow","max-snippet":"max-snippet:-1","max-image-preview":"max-image-preview:large","max-video-preview":"max-video-preview:-1"},"canonical":"https:\/\/www.fcbarcelonanoticias.com\/en\/europa-league\/laporta-announces-the-sale-of-nominal-entrances-for-compe_279436_102.html","og_locale":"en_US","og_type":"article","og_title":"Laporta announces the sale of nominal tickets for international competitions","og_description":"Elena Fort, institutional vice-president of the FC Barcelona, informed to the 'Chain BE' the official entry by the sale of entrances of the party in front of the Eintrach...","og_url":"https:\/\/www.fcbarcelonanoticias.com\/en\/europa-league\/laporta-announces-the-sale-of-nominal-entrances-for-compe_279436_102.html","og_site_name":"EN - FC Barcelona Noticias","article_published_time":"2022-04-15T16:49:00+00:00","og_image":[{"width":1200,"height":730,"url":"https:\/\/www.fcbarcelonanoticias.com\/en\/wp-content\/uploads\/sites\/2\/2022\/04\/fbl-esp-liga-barcelona-4-1.jpeg","type":"image\/jpeg"}],"author":"Andr\u00e9s Quiroz","twitter_card":"summary_large_image","twitter_misc":{"Written by":"Andr\u00e9s Quiroz","Est. reading time":"2 minutes"},"schema":{"@context":"https:\/\/schema.org","@graph":[{"@type":"Article","@id":"https:\/\/www.fcbarcelonanoticias.com\/en\/europa-league\/laporta-announces-the-sale-of-nominal-entrances-for-compe_279436_102.html#article","isPartOf":{"@id":"https:\/\/www.fcbarcelonanoticias.com\/en\/europa-league\/laporta-announces-the-sale-of-nominal-entrances-for-compe_279436_102.html"},"author":{"name":"Andr\u00e9s Quiroz","@id":"https:\/\/www.fcbarcelonanoticias.com\/en\/#\/schema\/person\/c2cd9f6fa1af5c0d0eccd0fefa575c88"},"headline":"Laporta announces the sale of nominal tickets for international competitions","datePublished":"2022-04-15T16:49:00+00:00","mainEntityOfPage":{"@id":"https:\/\/www.fcbarcelonanoticias.com\/en\/europa-league\/laporta-announces-the-sale-of-nominal-entrances-for-compe_279436_102.html"},"wordCount":458,"image":{"@id":"https:\/\/www.fcbarcelonanoticias.com\/en\/europa-league\/laporta-announces-the-sale-of-nominal-entrances-for-compe_279436_102.html#primaryimage"},"thumbnailUrl":"https:\/\/www.fcbarcelonanoticias.com\/en\/wp-content\/uploads\/sites\/2\/2022\/04\/fbl-esp-liga-barcelona-4-1.jpeg","keywords":["Eintracht Frankfurt"],"articleSection":["FC Barcelona"],"inLanguage":"en-US"},{"@type":"WebPage","@id":"https:\/\/www.fcbarcelonanoticias.com\/en\/europa-league\/laporta-announces-the-sale-of-nominal-entrances-for-compe_279436_102.html","url":"https:\/\/www.fcbarcelonanoticias.com\/en\/europa-league\/laporta-announces-the-sale-of-nominal-entrances-for-compe_279436_102.html","name":"Laporta announces the sale of nominal tickets for international competitions","isPartOf":{"@id":"https:\/\/www.fcbarcelonanoticias.com\/en\/#website"},"primaryImageOfPage":{"@id":"https:\/\/www.fcbarcelonanoticias.com\/en\/europa-league\/laporta-announces-the-sale-of-nominal-entrances-for-compe_279436_102.html#primaryimage"},"image":{"@id":"https:\/\/www.fcbarcelonanoticias.com\/en\/europa-league\/laporta-announces-the-sale-of-nominal-entrances-for-compe_279436_102.html#primaryimage"},"thumbnailUrl":"https:\/\/www.fcbarcelonanoticias.com\/en\/wp-content\/uploads\/sites\/2\/2022\/04\/fbl-esp-liga-barcelona-4-1.jpeg","datePublished":"2022-04-15T16:49:00+00:00","author":{"@id":"https:\/\/www.fcbarcelonanoticias.com\/en\/#\/schema\/person\/c2cd9f6fa1af5c0d0eccd0fefa575c88"},"description":"Elena Fort, institutional vice-president of the FC Barcelona, informed to the 'Chain BE' the official entry by the sale of entrances of the party in front of the Eintrach...","breadcrumb":{"@id":"https:\/\/www.fcbarcelonanoticias.com\/en\/europa-league\/laporta-announces-the-sale-of-nominal-entrances-for-compe_279436_102.html#breadcrumb"},"inLanguage":"en-US","potentialAction":[{"@type":"ReadAction","target":["https:\/\/www.fcbarcelonanoticias.com\/en\/europa-league\/laporta-announces-the-sale-of-nominal-entrances-for-compe_279436_102.html"]}]},{"@type":"ImageObject","inLanguage":"en-US","@id":"https:\/\/www.fcbarcelonanoticias.com\/en\/europa-league\/laporta-announces-the-sale-of-nominal-entrances-for-compe_279436_102.html#primaryimage","url":"https:\/\/www.fcbarcelonanoticias.com\/en\/wp-content\/uploads\/sites\/2\/2022\/04\/fbl-esp-liga-barcelona-4-1.jpeg","contentUrl":"https:\/\/www.fcbarcelonanoticias.com\/en\/wp-content\/uploads\/sites\/2\/2022\/04\/fbl-esp-liga-barcelona-4-1.jpeg","width":1200,"height":730},{"@type":"BreadcrumbList","@id":"https:\/\/www.fcbarcelonanoticias.com\/en\/europa-league\/laporta-announces-the-sale-of-nominal-entrances-for-compe_279436_102.html#breadcrumb","itemListElement":[{"@type":"ListItem","position":1,"name":"Portada","item":"https:\/\/www.fcbarcelonanoticias.com\/en\/"},{"@type":"ListItem","position":2,"name":"Laporta announces the sale of nominal tickets for international competitions"}]},{"@type":"WebSite","@id":"https:\/\/www.fcbarcelonanoticias.com\/en\/#website","url":"https:\/\/www.fcbarcelonanoticias.com\/en\/","name":"EN - FC Barcelona Noticias","description":"","potentialAction":[{"@type":"SearchAction","target":{"@type":"EntryPoint","urlTemplate":"https:\/\/www.fcbarcelonanoticias.com\/en\/?s={search_term_string}"},"query-input":{"@type":"PropertyValueSpecification","valueRequired":true,"valueName":"search_term_string"}}],"inLanguage":"en-US"},{"@type":"Person","@id":"https:\/\/www.fcbarcelonanoticias.com\/en\/#\/schema\/person\/c2cd9f6fa1af5c0d0eccd0fefa575c88","name":"Andr\u00e9s Quiroz","image":{"@type":"ImageObject","inLanguage":"en-US","@id":"https:\/\/secure.gravatar.com\/avatar\/?s=96&d=mm&r=g","url":"https:\/\/secure.gravatar.com\/avatar\/?s=96&d=mm&r=g","contentUrl":"https:\/\/secure.gravatar.com\/avatar\/?s=96&d=mm&r=g","caption":"Andr\u00e9s Quiroz"},"description":"Licenciado en Periodismo por la Universidad de los Andes. Me encargo de analizar y compartir los contenidos m\u00e1s destacados de la\u00a0actualidad del F\u00fatbol Club Barcelona, Mercado de Fichajes y F\u00fatbol Internacional en FCBN. La informaci\u00f3n es poder, pero tambi\u00e9n conocimiento.","url":"https:\/\/www.fcbarcelonanoticias.com\/en\/fc-barcelona\/andres-quiroz_17_115.html"}]}},"_links":{"self":[{"href":"https:\/\/www.fcbarcelonanoticias.com\/en\/wp-json\/wp\/v2\/posts\/11292","targetHints":{"allow":["GET"]}}],"collection":[{"href":"https:\/\/www.fcbarcelonanoticias.com\/en\/wp-json\/wp\/v2\/posts"}],"about":[{"href":"https:\/\/www.fcbarcelonanoticias.com\/en\/wp-json\/wp\/v2\/types\/post"}],"author":[{"embeddable":true,"href":"https:\/\/www.fcbarcelonanoticias.com\/en\/wp-json\/wp\/v2\/users\/347"}],"replies":[{"embeddable":true,"href":"https:\/\/www.fcbarcelonanoticias.com\/en\/wp-json\/wp\/v2\/comments?post=11292"}],"version-history":[{"count":1,"href":"https:\/\/www.fcbarcelonanoticias.com\/en\/wp-json\/wp\/v2\/posts\/11292\/revisions"}],"predecessor-version":[{"id":13407,"href":"https:\/\/www.fcbarcelonanoticias.com\/en\/wp-json\/wp\/v2\/posts\/11292\/revisions\/13407"}],"wp:featuredmedia":[{"embeddable":true,"href":"https:\/\/www.fcbarcelonanoticias.com\/en\/wp-json\/wp\/v2\/media\/11293"}],"wp:attachment":[{"href":"https:\/\/www.fcbarcelonanoticias.com\/en\/wp-json\/wp\/v2\/media?parent=11292"}],"wp:term":[{"taxonomy":"category","embeddable":true,"href":"https:\/\/www.fcbarcelonanoticias.com\/en\/wp-json\/wp\/v2\/categories?post=11292"},{"taxonomy":"post_tag","embeddable":true,"href":"https:\/\/www.fcbarcelonanoticias.com\/en\/wp-json\/wp\/v2\/tags?post=11292"}],"curies":[{"name":"wp","href":"https:\/\/api.w.org\/{rel}","templated":true}]}}