{"id":11347,"date":"2023-02-16T23:38:00","date_gmt":"2023-02-16T22:38:00","guid":{"rendered":"https:\/\/weisetech.dev\/fc-barcelona-noticias\/en\/gavi-low-sensitive-barcelona-visit-old-trafford_289696_102\/"},"modified":"2023-02-16T23:38:00","modified_gmt":"2023-02-16T22:38:00","slug":"gavi-low-sensitive-barcelona-visit-old-trafford_289696_102","status":"publish","type":"post","link":"https:\/\/www.fcbarcelonanoticias.com\/en\/europa-league\/gavi-low-sensitive-barcelona-visit-old-trafford_289696_102.html","title":{"rendered":"Gavi, sensitive drop from Bar\u00e7a for the visit to Old Trafford"},"content":{"rendered":"<h2 class=\"wp-block-heading\">Xavi Hern\u00e1ndez will not be able to count on Gavi in the second leg of the Europa League round of 32, since he will have to serve a sanction after seeing a new yellow card<\/h2>  \r\n<div class=\"article-addons\">\r\n    <a href=\"https:\/\/www.fcbarcelonanoticias.com\/en\/calendar-fc-barcelona.html\"\r\n       target=\"_self\"\r\n       title=\"Calendar of FC Barcelona\"\r\n       class=\"blue-gredient-btn\">\r\n       \r\n        Calendar of FC Barcelona    <\/a>\r\n<\/div>   <p>In the previous of the <a data-external=\"0\" data-intl-links-en=\"https:\/\/www.fcbarcelonanoticias.com\/en\/results-fc-barcelona.html\" data-intl-links-es=\"https:\/\/www.fcbarcelonanoticias.com\/resultados-fcbarcelona.html\" href=\"https:\/\/www.fcbarcelonanoticias.com\/en\/results-fc-barcelona.html\" rel=\"follow\" target=\"_self\" title=\"Resultados FC Barcelona\">FC Barcelona-Manchester United<\/a> had insisted in that Gavi had to play with a lot of care to avoid a sanction, put in the phase of groups of the Champions League had seen two yellow cardboards, <strong>one against the Inter in Giuseppe Meazza and another in the crash in front of Viktoria Plzen<\/strong>, also of visitor.<\/p>  <p>The register was valid for the Europe League and<strong> were the alarms lit with the sevillano<\/strong>, because always it has characterised for committing a few faults by party. In the crash against the Manchester United, no him &#8216;forgave&#8217; a fault and Maurizio Mariani, main referee of the meeting, showed him the cardboard to the 73 minutes of party.<\/p>  <p>The midfield player had been warned, a lot before, by a hit to two rivals without balloon of by half, but in the action in which it sees the sanction had braked a contragolpe and committed fault on Fred. With three cardboards, will have to fulfil a party sanctioned, by <strong>what will see the Manchester United-Bar\u00e7a of the next Thursday, in the Old Trafford, from the terracings or television. <\/strong><\/p>  <h3>Two sensitive drops for the Bar\u00e7a<\/h3>  <p>Gavi Will not be the only that will lose the decisive duel in England, because <a data-external=\"0\" data-intl-links-en=\"https:\/\/www.fcbarcelonanoticias.com\/en\/europa-league\/new-injury-in-barca-pedri-broke-against-united_289689_102.html\" data-intl-links-es=\"https:\/\/www.fcbarcelonanoticias.com\/europa-league\/nueva-lesion-en-barca-pedri-se-rompio-contra-united_289689_102.html\" href=\"https:\/\/www.fcbarcelonanoticias.com\/en\/europa-league\/new-injury-in-barca-pedri-broke-against-united_289689_102.html\" rel=\"follow\" target=\"_self\" title=\"\u00a1Nueva lesi\u00f3n en el Bar\u00e7a! Pedri se 'rompi\u00f3' contra el United\">Pedri Gonz\u00e1lez has fallen lesionado<\/a> this Thursday and will be in the infirmary by the next three or four weeks, as it has informed . It suffered <strong>an injury in the previous rectum of the right thigh<\/strong> and is slope of new proofs to know the scope of his ailments.<\/p>  <p>Xavi Hern\u00e1ndez, in press conference, has recognised that will have options to replace them. It said that &#8220;have alternative. Have to Frenkie, Sergi, Pablo&#8230; t<strong>enemos Alternative that can add us a lot. It is a very important drop, but will try that it do not notice &#8220;.<\/strong><\/p> ","protected":false},"excerpt":{"rendered":"<p>Xavi Hern\u00e1ndez will not be able to count on Gavi in the second leg of the Europa League round of 32, since he will have to serve a sanction after seeing a new yellow card In the previous of the FC Barcelona-Manchester United had insisted in that Gavi had to play with a lot of [&hellip;]<\/p>\n","protected":false},"author":0,"featured_media":11348,"comment_status":"closed","ping_status":"open","sticky":false,"template":"","format":"standard","meta":{"_acf_changed":false,"inline_featured_image":false,"_nextfly_llmd_date_locked":false,"footnotes":""},"categories":[111],"tags":[],"class_list":["post-11347","post","type-post","status-publish","format-standard","has-post-thumbnail","hentry","category-fc-barcelona"],"acf":[],"yoast_head":"<!-- This site is optimized with the Yoast SEO plugin v27.3 - https:\/\/yoast.com\/product\/yoast-seo-wordpress\/ -->\n<title>Gavi, sensitive drop from Bar\u00e7a for the visit to Old Trafford<\/title>\n<meta name=\"description\" content=\"Xavi Hern\u00e1ndez will not be able to have Gavi in the party of turn of the dieciseisavos of final of the Europe League, place will have to fulfil sanction after seeing a new yellow cardboard\" \/>\n<meta name=\"robots\" content=\"index, follow, max-snippet:-1, max-image-preview:large, max-video-preview:-1\" \/>\n<link rel=\"canonical\" href=\"https:\/\/www.fcbarcelonanoticias.com\/en\/europa-league\/gavi-low-sensitive-barcelona-visit-old-trafford_289696_102.html\" \/>\n<meta property=\"og:locale\" content=\"en_US\" \/>\n<meta property=\"og:type\" content=\"article\" \/>\n<meta property=\"og:title\" content=\"Gavi, sensitive drop from Bar\u00e7a for the visit to Old Trafford\" \/>\n<meta property=\"og:description\" content=\"Xavi Hern\u00e1ndez will not be able to have Gavi in the party of turn of the dieciseisavos of final of the Europe League, place will have to fulfil sanction after seeing a new yellow cardboard\" \/>\n<meta property=\"og:url\" content=\"https:\/\/www.fcbarcelonanoticias.com\/en\/europa-league\/gavi-low-sensitive-barcelona-visit-old-trafford_289696_102.html\" \/>\n<meta property=\"og:site_name\" content=\"EN - FC Barcelona Noticias\" \/>\n<meta property=\"article:published_time\" content=\"2023-02-16T22:38:00+00:00\" \/>\n<meta property=\"og:image\" content=\"https:\/\/www.fcbarcelonanoticias.com\/en\/wp-content\/uploads\/sites\/2\/2023\/02\/gavi-en-el-barc-a-vs-united.jpeg\" \/>\n\t<meta property=\"og:image:width\" content=\"1200\" \/>\n\t<meta property=\"og:image:height\" content=\"675\" \/>\n\t<meta property=\"og:image:type\" content=\"image\/jpeg\" \/>\n<meta name=\"twitter:card\" content=\"summary_large_image\" \/>\n<meta name=\"twitter:label1\" content=\"Est. reading time\" \/>\n\t<meta name=\"twitter:data1\" content=\"2 minutes\" \/>\n<script type=\"application\/ld+json\" class=\"yoast-schema-graph\">{\"@context\":\"https:\\\/\\\/schema.org\",\"@graph\":[{\"@type\":\"Article\",\"@id\":\"https:\\\/\\\/www.fcbarcelonanoticias.com\\\/en\\\/europa-league\\\/gavi-low-sensitive-barcelona-visit-old-trafford_289696_102.html#article\",\"isPartOf\":{\"@id\":\"https:\\\/\\\/www.fcbarcelonanoticias.com\\\/en\\\/europa-league\\\/gavi-low-sensitive-barcelona-visit-old-trafford_289696_102.html\"},\"author\":{\"name\":\"\",\"@id\":\"\"},\"headline\":\"Gavi, sensitive drop from Bar\u00e7a for the visit to Old Trafford\",\"datePublished\":\"2023-02-16T22:38:00+00:00\",\"mainEntityOfPage\":{\"@id\":\"https:\\\/\\\/www.fcbarcelonanoticias.com\\\/en\\\/europa-league\\\/gavi-low-sensitive-barcelona-visit-old-trafford_289696_102.html\"},\"wordCount\":353,\"image\":{\"@id\":\"https:\\\/\\\/www.fcbarcelonanoticias.com\\\/en\\\/europa-league\\\/gavi-low-sensitive-barcelona-visit-old-trafford_289696_102.html#primaryimage\"},\"thumbnailUrl\":\"https:\\\/\\\/www.fcbarcelonanoticias.com\\\/en\\\/wp-content\\\/uploads\\\/sites\\\/2\\\/2023\\\/02\\\/gavi-en-el-barc-a-vs-united.jpeg\",\"articleSection\":[\"FC Barcelona\"],\"inLanguage\":\"en-US\"},{\"@type\":\"WebPage\",\"@id\":\"https:\\\/\\\/www.fcbarcelonanoticias.com\\\/en\\\/europa-league\\\/gavi-low-sensitive-barcelona-visit-old-trafford_289696_102.html\",\"url\":\"https:\\\/\\\/www.fcbarcelonanoticias.com\\\/en\\\/europa-league\\\/gavi-low-sensitive-barcelona-visit-old-trafford_289696_102.html\",\"name\":\"Gavi, sensitive drop from Bar\u00e7a for the visit to Old Trafford\",\"isPartOf\":{\"@id\":\"https:\\\/\\\/www.fcbarcelonanoticias.com\\\/en\\\/#website\"},\"primaryImageOfPage\":{\"@id\":\"https:\\\/\\\/www.fcbarcelonanoticias.com\\\/en\\\/europa-league\\\/gavi-low-sensitive-barcelona-visit-old-trafford_289696_102.html#primaryimage\"},\"image\":{\"@id\":\"https:\\\/\\\/www.fcbarcelonanoticias.com\\\/en\\\/europa-league\\\/gavi-low-sensitive-barcelona-visit-old-trafford_289696_102.html#primaryimage\"},\"thumbnailUrl\":\"https:\\\/\\\/www.fcbarcelonanoticias.com\\\/en\\\/wp-content\\\/uploads\\\/sites\\\/2\\\/2023\\\/02\\\/gavi-en-el-barc-a-vs-united.jpeg\",\"datePublished\":\"2023-02-16T22:38:00+00:00\",\"author\":{\"@id\":\"\"},\"description\":\"Xavi Hern\u00e1ndez will not be able to have Gavi in the party of turn of the dieciseisavos of final of the Europe League, place will have to fulfil sanction after seeing a new yellow cardboard\",\"breadcrumb\":{\"@id\":\"https:\\\/\\\/www.fcbarcelonanoticias.com\\\/en\\\/europa-league\\\/gavi-low-sensitive-barcelona-visit-old-trafford_289696_102.html#breadcrumb\"},\"inLanguage\":\"en-US\",\"potentialAction\":[{\"@type\":\"ReadAction\",\"target\":[\"https:\\\/\\\/www.fcbarcelonanoticias.com\\\/en\\\/europa-league\\\/gavi-low-sensitive-barcelona-visit-old-trafford_289696_102.html\"]}]},{\"@type\":\"ImageObject\",\"inLanguage\":\"en-US\",\"@id\":\"https:\\\/\\\/www.fcbarcelonanoticias.com\\\/en\\\/europa-league\\\/gavi-low-sensitive-barcelona-visit-old-trafford_289696_102.html#primaryimage\",\"url\":\"https:\\\/\\\/www.fcbarcelonanoticias.com\\\/en\\\/wp-content\\\/uploads\\\/sites\\\/2\\\/2023\\\/02\\\/gavi-en-el-barc-a-vs-united.jpeg\",\"contentUrl\":\"https:\\\/\\\/www.fcbarcelonanoticias.com\\\/en\\\/wp-content\\\/uploads\\\/sites\\\/2\\\/2023\\\/02\\\/gavi-en-el-barc-a-vs-united.jpeg\",\"width\":1200,\"height\":675},{\"@type\":\"BreadcrumbList\",\"@id\":\"https:\\\/\\\/www.fcbarcelonanoticias.com\\\/en\\\/europa-league\\\/gavi-low-sensitive-barcelona-visit-old-trafford_289696_102.html#breadcrumb\",\"itemListElement\":[{\"@type\":\"ListItem\",\"position\":1,\"name\":\"Portada\",\"item\":\"https:\\\/\\\/www.fcbarcelonanoticias.com\\\/en\\\/\"},{\"@type\":\"ListItem\",\"position\":2,\"name\":\"Gavi, sensitive drop from Bar\u00e7a for the visit to Old Trafford\"}]},{\"@type\":\"WebSite\",\"@id\":\"https:\\\/\\\/www.fcbarcelonanoticias.com\\\/en\\\/#website\",\"url\":\"https:\\\/\\\/www.fcbarcelonanoticias.com\\\/en\\\/\",\"name\":\"EN - FC Barcelona Noticias\",\"description\":\"\",\"potentialAction\":[{\"@type\":\"SearchAction\",\"target\":{\"@type\":\"EntryPoint\",\"urlTemplate\":\"https:\\\/\\\/www.fcbarcelonanoticias.com\\\/en\\\/?s={search_term_string}\"},\"query-input\":{\"@type\":\"PropertyValueSpecification\",\"valueRequired\":true,\"valueName\":\"search_term_string\"}}],\"inLanguage\":\"en-US\"}]}<\/script>\n<!-- \/ Yoast SEO plugin. -->","yoast_head_json":{"title":"Gavi, sensitive drop from Bar\u00e7a for the visit to Old Trafford","description":"Xavi Hern\u00e1ndez will not be able to have Gavi in the party of turn of the dieciseisavos of final of the Europe League, place will have to fulfil sanction after seeing a new yellow cardboard","robots":{"index":"index","follow":"follow","max-snippet":"max-snippet:-1","max-image-preview":"max-image-preview:large","max-video-preview":"max-video-preview:-1"},"canonical":"https:\/\/www.fcbarcelonanoticias.com\/en\/europa-league\/gavi-low-sensitive-barcelona-visit-old-trafford_289696_102.html","og_locale":"en_US","og_type":"article","og_title":"Gavi, sensitive drop from Bar\u00e7a for the visit to Old Trafford","og_description":"Xavi Hern\u00e1ndez will not be able to have Gavi in the party of turn of the dieciseisavos of final of the Europe League, place will have to fulfil sanction after seeing a new yellow cardboard","og_url":"https:\/\/www.fcbarcelonanoticias.com\/en\/europa-league\/gavi-low-sensitive-barcelona-visit-old-trafford_289696_102.html","og_site_name":"EN - FC Barcelona Noticias","article_published_time":"2023-02-16T22:38:00+00:00","og_image":[{"width":1200,"height":675,"url":"https:\/\/www.fcbarcelonanoticias.com\/en\/wp-content\/uploads\/sites\/2\/2023\/02\/gavi-en-el-barc-a-vs-united.jpeg","type":"image\/jpeg"}],"twitter_card":"summary_large_image","twitter_misc":{"Est. reading time":"2 minutes"},"schema":{"@context":"https:\/\/schema.org","@graph":[{"@type":"Article","@id":"https:\/\/www.fcbarcelonanoticias.com\/en\/europa-league\/gavi-low-sensitive-barcelona-visit-old-trafford_289696_102.html#article","isPartOf":{"@id":"https:\/\/www.fcbarcelonanoticias.com\/en\/europa-league\/gavi-low-sensitive-barcelona-visit-old-trafford_289696_102.html"},"author":{"name":"","@id":""},"headline":"Gavi, sensitive drop from Bar\u00e7a for the visit to Old Trafford","datePublished":"2023-02-16T22:38:00+00:00","mainEntityOfPage":{"@id":"https:\/\/www.fcbarcelonanoticias.com\/en\/europa-league\/gavi-low-sensitive-barcelona-visit-old-trafford_289696_102.html"},"wordCount":353,"image":{"@id":"https:\/\/www.fcbarcelonanoticias.com\/en\/europa-league\/gavi-low-sensitive-barcelona-visit-old-trafford_289696_102.html#primaryimage"},"thumbnailUrl":"https:\/\/www.fcbarcelonanoticias.com\/en\/wp-content\/uploads\/sites\/2\/2023\/02\/gavi-en-el-barc-a-vs-united.jpeg","articleSection":["FC Barcelona"],"inLanguage":"en-US"},{"@type":"WebPage","@id":"https:\/\/www.fcbarcelonanoticias.com\/en\/europa-league\/gavi-low-sensitive-barcelona-visit-old-trafford_289696_102.html","url":"https:\/\/www.fcbarcelonanoticias.com\/en\/europa-league\/gavi-low-sensitive-barcelona-visit-old-trafford_289696_102.html","name":"Gavi, sensitive drop from Bar\u00e7a for the visit to Old Trafford","isPartOf":{"@id":"https:\/\/www.fcbarcelonanoticias.com\/en\/#website"},"primaryImageOfPage":{"@id":"https:\/\/www.fcbarcelonanoticias.com\/en\/europa-league\/gavi-low-sensitive-barcelona-visit-old-trafford_289696_102.html#primaryimage"},"image":{"@id":"https:\/\/www.fcbarcelonanoticias.com\/en\/europa-league\/gavi-low-sensitive-barcelona-visit-old-trafford_289696_102.html#primaryimage"},"thumbnailUrl":"https:\/\/www.fcbarcelonanoticias.com\/en\/wp-content\/uploads\/sites\/2\/2023\/02\/gavi-en-el-barc-a-vs-united.jpeg","datePublished":"2023-02-16T22:38:00+00:00","author":{"@id":""},"description":"Xavi Hern\u00e1ndez will not be able to have Gavi in the party of turn of the dieciseisavos of final of the Europe League, place will have to fulfil sanction after seeing a new yellow cardboard","breadcrumb":{"@id":"https:\/\/www.fcbarcelonanoticias.com\/en\/europa-league\/gavi-low-sensitive-barcelona-visit-old-trafford_289696_102.html#breadcrumb"},"inLanguage":"en-US","potentialAction":[{"@type":"ReadAction","target":["https:\/\/www.fcbarcelonanoticias.com\/en\/europa-league\/gavi-low-sensitive-barcelona-visit-old-trafford_289696_102.html"]}]},{"@type":"ImageObject","inLanguage":"en-US","@id":"https:\/\/www.fcbarcelonanoticias.com\/en\/europa-league\/gavi-low-sensitive-barcelona-visit-old-trafford_289696_102.html#primaryimage","url":"https:\/\/www.fcbarcelonanoticias.com\/en\/wp-content\/uploads\/sites\/2\/2023\/02\/gavi-en-el-barc-a-vs-united.jpeg","contentUrl":"https:\/\/www.fcbarcelonanoticias.com\/en\/wp-content\/uploads\/sites\/2\/2023\/02\/gavi-en-el-barc-a-vs-united.jpeg","width":1200,"height":675},{"@type":"BreadcrumbList","@id":"https:\/\/www.fcbarcelonanoticias.com\/en\/europa-league\/gavi-low-sensitive-barcelona-visit-old-trafford_289696_102.html#breadcrumb","itemListElement":[{"@type":"ListItem","position":1,"name":"Portada","item":"https:\/\/www.fcbarcelonanoticias.com\/en\/"},{"@type":"ListItem","position":2,"name":"Gavi, sensitive drop from Bar\u00e7a for the visit to Old Trafford"}]},{"@type":"WebSite","@id":"https:\/\/www.fcbarcelonanoticias.com\/en\/#website","url":"https:\/\/www.fcbarcelonanoticias.com\/en\/","name":"EN - FC Barcelona Noticias","description":"","potentialAction":[{"@type":"SearchAction","target":{"@type":"EntryPoint","urlTemplate":"https:\/\/www.fcbarcelonanoticias.com\/en\/?s={search_term_string}"},"query-input":{"@type":"PropertyValueSpecification","valueRequired":true,"valueName":"search_term_string"}}],"inLanguage":"en-US"}]}},"_links":{"self":[{"href":"https:\/\/www.fcbarcelonanoticias.com\/en\/wp-json\/wp\/v2\/posts\/11347","targetHints":{"allow":["GET"]}}],"collection":[{"href":"https:\/\/www.fcbarcelonanoticias.com\/en\/wp-json\/wp\/v2\/posts"}],"about":[{"href":"https:\/\/www.fcbarcelonanoticias.com\/en\/wp-json\/wp\/v2\/types\/post"}],"replies":[{"embeddable":true,"href":"https:\/\/www.fcbarcelonanoticias.com\/en\/wp-json\/wp\/v2\/comments?post=11347"}],"version-history":[{"count":1,"href":"https:\/\/www.fcbarcelonanoticias.com\/en\/wp-json\/wp\/v2\/posts\/11347\/revisions"}],"predecessor-version":[{"id":13426,"href":"https:\/\/www.fcbarcelonanoticias.com\/en\/wp-json\/wp\/v2\/posts\/11347\/revisions\/13426"}],"wp:featuredmedia":[{"embeddable":true,"href":"https:\/\/www.fcbarcelonanoticias.com\/en\/wp-json\/wp\/v2\/media\/11348"}],"wp:attachment":[{"href":"https:\/\/www.fcbarcelonanoticias.com\/en\/wp-json\/wp\/v2\/media?parent=11347"}],"wp:term":[{"taxonomy":"category","embeddable":true,"href":"https:\/\/www.fcbarcelonanoticias.com\/en\/wp-json\/wp\/v2\/categories?post=11347"},{"taxonomy":"post_tag","embeddable":true,"href":"https:\/\/www.fcbarcelonanoticias.com\/en\/wp-json\/wp\/v2\/tags?post=11347"}],"curies":[{"name":"wp","href":"https:\/\/api.w.org\/{rel}","templated":true}]}}