{"id":114551,"date":"2024-11-30T10:38:00","date_gmt":"2024-11-30T09:38:00","guid":{"rendered":"https:\/\/weisetech.dev\/fc-barcelona-noticias\/en\/fc-barcelona-squad-for-the-match-against-las-palmas-laliga-2024-25_308961_102\/"},"modified":"2024-11-30T12:56:00","modified_gmt":"2024-11-30T11:56:00","slug":"fc-barcelona-squad-for-the-match-against-las-palmas-laliga-2024-25_308961_102","status":"publish","type":"post","link":"https:\/\/www.fcbarcelonanoticias.com\/en\/laliga\/fc-barcelona-squad-for-the-match-against-las-palmas-laliga-2024-25_308961_102.html","title":{"rendered":"FC Barcelona squad for the match against Las Palmas &#8211; LaLiga 2024\/25"},"content":{"rendered":"<h2 class=\"wp-block-heading\">Hansi Flick has confirmed the list of 23 players called up for the FC Barcelona vs UD Las Palmas match in LaLiga EA Sports 2024\/2025<\/h2>  \r\n<div class=\"article-addons\">\r\n    <a href=\"https:\/\/www.fcbarcelonanoticias.com\/en\/calendar-fc-barcelona.html\"\r\n       target=\"_self\"\r\n       title=\"Calendar of FC Barcelona\"\r\n       class=\"blue-gredient-btn\">\r\n       \r\n        Calendar of FC Barcelona    <\/a>\r\n<\/div>   <p><strong><a data-external=\"0\" data-intl-links-en=\"https:\/\/www.fcbarcelonanoticias.com\/en\/laliga\/barca-las-palmas-win-again-in-laliga-after-the-european-spectacle_308956_102.html\" data-intl-links-es=\"https:\/\/www.fcbarcelonanoticias.com\/laliga\/barca-las-palmas-volver-ganar-en-laliga-espectaculo-europeo_308956_102.html\" href=\"https:\/\/www.fcbarcelonanoticias.com\/en\/laliga\/barca-las-palmas-win-again-in-laliga-after-the-european-spectacle_308956_102.html\" rel=\"follow\" target=\"_self\" title=\"Bar\u00e7a-Las Palmas: Win again in LaLiga after the European spectacle\">FC Barcelona face UD Las Palmas<\/a><\/strong> on matchday 15 of LaLiga EA Sports 2024-2025. For the duel at Montju\u00efc, Hansi Flick will count on the return of Lamine Yamal after three weeks in the dry dock. In addition, Ferran Torres and a fully rehabilitated Eric Garc\u00eda will also be available to the German coach again this Saturday.<\/p>  <h3>Squad for the FC Barcelona vs Las Palmas match<\/h3>  <ul> <li>(#13). I\u00f1aki Pe\u00f1a<\/li> \t<li>(#2). Pau Cubars\u00ed<\/li> \t<li>(#3). Alejandro Balde<\/li> \t<li>(#5). I\u00f1igo Mart\u00ednez<\/li> \t<li>(#6). Gavi<\/li> \t<li>(#7). Ferran Torres<\/li> \t<li>(#8). Pedri Gonz\u00e1lez<\/li> \t<li>(#9). Robert Lewandowski<\/li> \t<li>(#11). Raphinha<\/li> \t<li>(#14). Pablo Torre<\/li> \t<li>(#16). Ferm\u00edn L\u00f3pez<\/li> \t<li>(#18). Pau V\u00edctor<\/li> \t<li>(#19). Lamine Yamal<\/li> \t<li>(#20). Dani Olmo<\/li> \t<li>(#21). Frenkie de Jong<\/li> \t<li>(#23). Jules Kound\u00e9<\/li> \t<li>(#24). Eric Garc\u00eda<\/li> \t<li>(#25).&nbsp;Szczesny<\/li> \t<li>(#26). Astralaga<\/li> \t<li>(#32). H\u00e9ctor Fort<\/li> \t<li>(#35). Gerard Mart\u00edn<\/li> \t<li>(#36).&nbsp;Sergi&nbsp;Dom\u00ednguez<\/li> \t<li>(#41). Guillermo<\/li> <\/ul> <p><u><strong>* The number of each player is indicated in parentheses.<\/strong><\/u><\/p>  <p>Bar\u00e7a will head into the match against Las Palmas with 5 players out due to injury and 1 due to suspension.<\/p>  <ul> <li> <strong>FC Barcelona injured players: <\/strong>(#1). Ter Stegen; (#4). Ronald Araujo;&nbsp;(#10). Ansu Fati;&nbsp;(#15). Andreas Christensen;&nbsp;(#28). Marc Bernal.<\/li> \t<li> <strong>Barcelona&#8217;s sanctioned players:<\/strong>&nbsp;(#17). Marc Casad\u00f3<\/li> <\/ul> ","protected":false},"excerpt":{"rendered":"<p>Hansi Flick has confirmed the list of 23 players called up for the FC Barcelona vs UD Las Palmas match in LaLiga EA Sports 2024\/2025 FC Barcelona face UD Las Palmas on matchday 15 of LaLiga EA Sports 2024-2025. For the duel at Montju\u00efc, Hansi Flick will count on the return of Lamine Yamal after [&hellip;]<\/p>\n","protected":false},"author":358,"featured_media":114559,"comment_status":"closed","ping_status":"open","sticky":false,"template":"","format":"standard","meta":{"_acf_changed":false,"inline_featured_image":false,"_nextfly_llmd_date_locked":false,"footnotes":""},"categories":[114,448],"tags":[365,184],"class_list":["post-114551","post","type-post","status-publish","format-standard","has-post-thumbnail","hentry","category-laliga","category-laliga-2","tag-barcelona-vs-las-palmas","tag-fc-barcelona-squad-lists"],"acf":[],"yoast_head":"<!-- This site is optimized with the Yoast SEO plugin v27.3 - https:\/\/yoast.com\/product\/yoast-seo-wordpress\/ -->\n<title>FC Barcelona squad for the match against Las Palmas - LaLiga 2024\/25<\/title>\n<meta name=\"description\" content=\"Hansi Flick has confirmed the list of 23 players called up for the FC Barcelona vs UD Las Palmas match in LaLiga EA Sports 2024\/2025\" \/>\n<meta name=\"robots\" content=\"index, follow, max-snippet:-1, max-image-preview:large, max-video-preview:-1\" \/>\n<link rel=\"canonical\" href=\"https:\/\/www.fcbarcelonanoticias.com\/en\/laliga\/fc-barcelona-squad-for-the-match-against-las-palmas-laliga-2024-25_308961_102.html\" \/>\n<meta property=\"og:locale\" content=\"en_US\" \/>\n<meta property=\"og:type\" content=\"article\" \/>\n<meta property=\"og:title\" content=\"FC Barcelona squad for the match against Las Palmas - LaLiga 2024\/25\" \/>\n<meta property=\"og:description\" content=\"Hansi Flick has confirmed the list of 23 players called up for the FC Barcelona vs UD Las Palmas match in LaLiga EA Sports 2024\/2025\" \/>\n<meta property=\"og:url\" content=\"https:\/\/www.fcbarcelonanoticias.com\/en\/laliga\/fc-barcelona-squad-for-the-match-against-las-palmas-laliga-2024-25_308961_102.html\" \/>\n<meta property=\"og:site_name\" content=\"EN - FC Barcelona Noticias\" \/>\n<meta property=\"article:published_time\" content=\"2024-11-30T09:38:00+00:00\" \/>\n<meta property=\"article:modified_time\" content=\"2024-11-30T11:56:00+00:00\" \/>\n<meta property=\"og:image\" content=\"https:\/\/www.fcbarcelonanoticias.com\/en\/wp-content\/uploads\/sites\/2\/2024\/11\/whatsapp-image-2024-11-29-at-4-49-11-pm-2.jpeg\" \/>\n\t<meta property=\"og:image:width\" content=\"1200\" \/>\n\t<meta property=\"og:image:height\" content=\"675\" \/>\n\t<meta property=\"og:image:type\" content=\"image\/jpeg\" \/>\n<meta name=\"author\" content=\"Juan Pablo Berdugo\" \/>\n<meta name=\"twitter:card\" content=\"summary_large_image\" \/>\n<meta name=\"twitter:label1\" content=\"Written by\" \/>\n\t<meta name=\"twitter:data1\" content=\"Juan Pablo Berdugo\" \/>\n\t<meta name=\"twitter:label2\" content=\"Est. reading time\" \/>\n\t<meta name=\"twitter:data2\" content=\"1 minute\" \/>\n<script type=\"application\/ld+json\" class=\"yoast-schema-graph\">{\"@context\":\"https:\\\/\\\/schema.org\",\"@graph\":[{\"@type\":\"Article\",\"@id\":\"https:\\\/\\\/www.fcbarcelonanoticias.com\\\/en\\\/laliga\\\/fc-barcelona-squad-for-the-match-against-las-palmas-laliga-2024-25_308961_102.html#article\",\"isPartOf\":{\"@id\":\"https:\\\/\\\/www.fcbarcelonanoticias.com\\\/en\\\/laliga\\\/fc-barcelona-squad-for-the-match-against-las-palmas-laliga-2024-25_308961_102.html\"},\"author\":{\"name\":\"Juan Pablo Berdugo\",\"@id\":\"https:\\\/\\\/www.fcbarcelonanoticias.com\\\/en\\\/#\\\/schema\\\/person\\\/88d756918a0a1ae9fa593b5edddd1815\"},\"headline\":\"FC Barcelona squad for the match against Las Palmas &#8211; LaLiga 2024\\\/25\",\"datePublished\":\"2024-11-30T09:38:00+00:00\",\"dateModified\":\"2024-11-30T11:56:00+00:00\",\"mainEntityOfPage\":{\"@id\":\"https:\\\/\\\/www.fcbarcelonanoticias.com\\\/en\\\/laliga\\\/fc-barcelona-squad-for-the-match-against-las-palmas-laliga-2024-25_308961_102.html\"},\"wordCount\":211,\"image\":{\"@id\":\"https:\\\/\\\/www.fcbarcelonanoticias.com\\\/en\\\/laliga\\\/fc-barcelona-squad-for-the-match-against-las-palmas-laliga-2024-25_308961_102.html#primaryimage\"},\"thumbnailUrl\":\"https:\\\/\\\/www.fcbarcelonanoticias.com\\\/en\\\/wp-content\\\/uploads\\\/sites\\\/2\\\/2024\\\/11\\\/whatsapp-image-2024-11-29-at-4-49-11-pm-2.jpeg\",\"keywords\":[\"Barcelona vs Las Palmas\",\"FC Barcelona Squad Lists\"],\"articleSection\":[\"LaLiga\",\"LaLiga\"],\"inLanguage\":\"en-US\"},{\"@type\":\"WebPage\",\"@id\":\"https:\\\/\\\/www.fcbarcelonanoticias.com\\\/en\\\/laliga\\\/fc-barcelona-squad-for-the-match-against-las-palmas-laliga-2024-25_308961_102.html\",\"url\":\"https:\\\/\\\/www.fcbarcelonanoticias.com\\\/en\\\/laliga\\\/fc-barcelona-squad-for-the-match-against-las-palmas-laliga-2024-25_308961_102.html\",\"name\":\"FC Barcelona squad for the match against Las Palmas - LaLiga 2024\\\/25\",\"isPartOf\":{\"@id\":\"https:\\\/\\\/www.fcbarcelonanoticias.com\\\/en\\\/#website\"},\"primaryImageOfPage\":{\"@id\":\"https:\\\/\\\/www.fcbarcelonanoticias.com\\\/en\\\/laliga\\\/fc-barcelona-squad-for-the-match-against-las-palmas-laliga-2024-25_308961_102.html#primaryimage\"},\"image\":{\"@id\":\"https:\\\/\\\/www.fcbarcelonanoticias.com\\\/en\\\/laliga\\\/fc-barcelona-squad-for-the-match-against-las-palmas-laliga-2024-25_308961_102.html#primaryimage\"},\"thumbnailUrl\":\"https:\\\/\\\/www.fcbarcelonanoticias.com\\\/en\\\/wp-content\\\/uploads\\\/sites\\\/2\\\/2024\\\/11\\\/whatsapp-image-2024-11-29-at-4-49-11-pm-2.jpeg\",\"datePublished\":\"2024-11-30T09:38:00+00:00\",\"dateModified\":\"2024-11-30T11:56:00+00:00\",\"author\":{\"@id\":\"https:\\\/\\\/www.fcbarcelonanoticias.com\\\/en\\\/#\\\/schema\\\/person\\\/88d756918a0a1ae9fa593b5edddd1815\"},\"description\":\"Hansi Flick has confirmed the list of 23 players called up for the FC Barcelona vs UD Las Palmas match in LaLiga EA Sports 2024\\\/2025\",\"breadcrumb\":{\"@id\":\"https:\\\/\\\/www.fcbarcelonanoticias.com\\\/en\\\/laliga\\\/fc-barcelona-squad-for-the-match-against-las-palmas-laliga-2024-25_308961_102.html#breadcrumb\"},\"inLanguage\":\"en-US\",\"potentialAction\":[{\"@type\":\"ReadAction\",\"target\":[\"https:\\\/\\\/www.fcbarcelonanoticias.com\\\/en\\\/laliga\\\/fc-barcelona-squad-for-the-match-against-las-palmas-laliga-2024-25_308961_102.html\"]}]},{\"@type\":\"ImageObject\",\"inLanguage\":\"en-US\",\"@id\":\"https:\\\/\\\/www.fcbarcelonanoticias.com\\\/en\\\/laliga\\\/fc-barcelona-squad-for-the-match-against-las-palmas-laliga-2024-25_308961_102.html#primaryimage\",\"url\":\"https:\\\/\\\/www.fcbarcelonanoticias.com\\\/en\\\/wp-content\\\/uploads\\\/sites\\\/2\\\/2024\\\/11\\\/whatsapp-image-2024-11-29-at-4-49-11-pm-2.jpeg\",\"contentUrl\":\"https:\\\/\\\/www.fcbarcelonanoticias.com\\\/en\\\/wp-content\\\/uploads\\\/sites\\\/2\\\/2024\\\/11\\\/whatsapp-image-2024-11-29-at-4-49-11-pm-2.jpeg\",\"width\":1200,\"height\":675},{\"@type\":\"BreadcrumbList\",\"@id\":\"https:\\\/\\\/www.fcbarcelonanoticias.com\\\/en\\\/laliga\\\/fc-barcelona-squad-for-the-match-against-las-palmas-laliga-2024-25_308961_102.html#breadcrumb\",\"itemListElement\":[{\"@type\":\"ListItem\",\"position\":1,\"name\":\"Portada\",\"item\":\"https:\\\/\\\/www.fcbarcelonanoticias.com\\\/en\\\/\"},{\"@type\":\"ListItem\",\"position\":2,\"name\":\"FC Barcelona squad for the match against Las Palmas &#8211; LaLiga 2024\\\/25\"}]},{\"@type\":\"WebSite\",\"@id\":\"https:\\\/\\\/www.fcbarcelonanoticias.com\\\/en\\\/#website\",\"url\":\"https:\\\/\\\/www.fcbarcelonanoticias.com\\\/en\\\/\",\"name\":\"EN - FC Barcelona Noticias\",\"description\":\"\",\"potentialAction\":[{\"@type\":\"SearchAction\",\"target\":{\"@type\":\"EntryPoint\",\"urlTemplate\":\"https:\\\/\\\/www.fcbarcelonanoticias.com\\\/en\\\/?s={search_term_string}\"},\"query-input\":{\"@type\":\"PropertyValueSpecification\",\"valueRequired\":true,\"valueName\":\"search_term_string\"}}],\"inLanguage\":\"en-US\"},{\"@type\":\"Person\",\"@id\":\"https:\\\/\\\/www.fcbarcelonanoticias.com\\\/en\\\/#\\\/schema\\\/person\\\/88d756918a0a1ae9fa593b5edddd1815\",\"name\":\"Juan Pablo Berdugo\",\"image\":{\"@type\":\"ImageObject\",\"inLanguage\":\"en-US\",\"@id\":\"https:\\\/\\\/secure.gravatar.com\\\/avatar\\\/?s=96&d=mm&r=g\",\"url\":\"https:\\\/\\\/secure.gravatar.com\\\/avatar\\\/?s=96&d=mm&r=g\",\"contentUrl\":\"https:\\\/\\\/secure.gravatar.com\\\/avatar\\\/?s=96&d=mm&r=g\",\"caption\":\"Juan Pablo Berdugo\"},\"description\":\"Juan Pablo Berdugo es graduado en Periodismo. Colabora con FCBN como especialista en informaci\u00f3n del primer equipo del FC Barcelona, f\u00fatbol internacional y mercado de fichajes. Destaca por su enfoque anal\u00edtico, su rigor informativo y su capacidad para detectar tendencias emergentes en el f\u00fatbol global.\",\"url\":\"https:\\\/\\\/www.fcbarcelonanoticias.com\\\/en\\\/fc-barcelona\\\/juan-pablo-berdugo_18_115.html\"}]}<\/script>\n<!-- \/ Yoast SEO plugin. -->","yoast_head_json":{"title":"FC Barcelona squad for the match against Las Palmas - LaLiga 2024\/25","description":"Hansi Flick has confirmed the list of 23 players called up for the FC Barcelona vs UD Las Palmas match in LaLiga EA Sports 2024\/2025","robots":{"index":"index","follow":"follow","max-snippet":"max-snippet:-1","max-image-preview":"max-image-preview:large","max-video-preview":"max-video-preview:-1"},"canonical":"https:\/\/www.fcbarcelonanoticias.com\/en\/laliga\/fc-barcelona-squad-for-the-match-against-las-palmas-laliga-2024-25_308961_102.html","og_locale":"en_US","og_type":"article","og_title":"FC Barcelona squad for the match against Las Palmas - LaLiga 2024\/25","og_description":"Hansi Flick has confirmed the list of 23 players called up for the FC Barcelona vs UD Las Palmas match in LaLiga EA Sports 2024\/2025","og_url":"https:\/\/www.fcbarcelonanoticias.com\/en\/laliga\/fc-barcelona-squad-for-the-match-against-las-palmas-laliga-2024-25_308961_102.html","og_site_name":"EN - FC Barcelona Noticias","article_published_time":"2024-11-30T09:38:00+00:00","article_modified_time":"2024-11-30T11:56:00+00:00","og_image":[{"width":1200,"height":675,"url":"https:\/\/www.fcbarcelonanoticias.com\/en\/wp-content\/uploads\/sites\/2\/2024\/11\/whatsapp-image-2024-11-29-at-4-49-11-pm-2.jpeg","type":"image\/jpeg"}],"author":"Juan Pablo Berdugo","twitter_card":"summary_large_image","twitter_misc":{"Written by":"Juan Pablo Berdugo","Est. reading time":"1 minute"},"schema":{"@context":"https:\/\/schema.org","@graph":[{"@type":"Article","@id":"https:\/\/www.fcbarcelonanoticias.com\/en\/laliga\/fc-barcelona-squad-for-the-match-against-las-palmas-laliga-2024-25_308961_102.html#article","isPartOf":{"@id":"https:\/\/www.fcbarcelonanoticias.com\/en\/laliga\/fc-barcelona-squad-for-the-match-against-las-palmas-laliga-2024-25_308961_102.html"},"author":{"name":"Juan Pablo Berdugo","@id":"https:\/\/www.fcbarcelonanoticias.com\/en\/#\/schema\/person\/88d756918a0a1ae9fa593b5edddd1815"},"headline":"FC Barcelona squad for the match against Las Palmas &#8211; LaLiga 2024\/25","datePublished":"2024-11-30T09:38:00+00:00","dateModified":"2024-11-30T11:56:00+00:00","mainEntityOfPage":{"@id":"https:\/\/www.fcbarcelonanoticias.com\/en\/laliga\/fc-barcelona-squad-for-the-match-against-las-palmas-laliga-2024-25_308961_102.html"},"wordCount":211,"image":{"@id":"https:\/\/www.fcbarcelonanoticias.com\/en\/laliga\/fc-barcelona-squad-for-the-match-against-las-palmas-laliga-2024-25_308961_102.html#primaryimage"},"thumbnailUrl":"https:\/\/www.fcbarcelonanoticias.com\/en\/wp-content\/uploads\/sites\/2\/2024\/11\/whatsapp-image-2024-11-29-at-4-49-11-pm-2.jpeg","keywords":["Barcelona vs Las Palmas","FC Barcelona Squad Lists"],"articleSection":["LaLiga","LaLiga"],"inLanguage":"en-US"},{"@type":"WebPage","@id":"https:\/\/www.fcbarcelonanoticias.com\/en\/laliga\/fc-barcelona-squad-for-the-match-against-las-palmas-laliga-2024-25_308961_102.html","url":"https:\/\/www.fcbarcelonanoticias.com\/en\/laliga\/fc-barcelona-squad-for-the-match-against-las-palmas-laliga-2024-25_308961_102.html","name":"FC Barcelona squad for the match against Las Palmas - LaLiga 2024\/25","isPartOf":{"@id":"https:\/\/www.fcbarcelonanoticias.com\/en\/#website"},"primaryImageOfPage":{"@id":"https:\/\/www.fcbarcelonanoticias.com\/en\/laliga\/fc-barcelona-squad-for-the-match-against-las-palmas-laliga-2024-25_308961_102.html#primaryimage"},"image":{"@id":"https:\/\/www.fcbarcelonanoticias.com\/en\/laliga\/fc-barcelona-squad-for-the-match-against-las-palmas-laliga-2024-25_308961_102.html#primaryimage"},"thumbnailUrl":"https:\/\/www.fcbarcelonanoticias.com\/en\/wp-content\/uploads\/sites\/2\/2024\/11\/whatsapp-image-2024-11-29-at-4-49-11-pm-2.jpeg","datePublished":"2024-11-30T09:38:00+00:00","dateModified":"2024-11-30T11:56:00+00:00","author":{"@id":"https:\/\/www.fcbarcelonanoticias.com\/en\/#\/schema\/person\/88d756918a0a1ae9fa593b5edddd1815"},"description":"Hansi Flick has confirmed the list of 23 players called up for the FC Barcelona vs UD Las Palmas match in LaLiga EA Sports 2024\/2025","breadcrumb":{"@id":"https:\/\/www.fcbarcelonanoticias.com\/en\/laliga\/fc-barcelona-squad-for-the-match-against-las-palmas-laliga-2024-25_308961_102.html#breadcrumb"},"inLanguage":"en-US","potentialAction":[{"@type":"ReadAction","target":["https:\/\/www.fcbarcelonanoticias.com\/en\/laliga\/fc-barcelona-squad-for-the-match-against-las-palmas-laliga-2024-25_308961_102.html"]}]},{"@type":"ImageObject","inLanguage":"en-US","@id":"https:\/\/www.fcbarcelonanoticias.com\/en\/laliga\/fc-barcelona-squad-for-the-match-against-las-palmas-laliga-2024-25_308961_102.html#primaryimage","url":"https:\/\/www.fcbarcelonanoticias.com\/en\/wp-content\/uploads\/sites\/2\/2024\/11\/whatsapp-image-2024-11-29-at-4-49-11-pm-2.jpeg","contentUrl":"https:\/\/www.fcbarcelonanoticias.com\/en\/wp-content\/uploads\/sites\/2\/2024\/11\/whatsapp-image-2024-11-29-at-4-49-11-pm-2.jpeg","width":1200,"height":675},{"@type":"BreadcrumbList","@id":"https:\/\/www.fcbarcelonanoticias.com\/en\/laliga\/fc-barcelona-squad-for-the-match-against-las-palmas-laliga-2024-25_308961_102.html#breadcrumb","itemListElement":[{"@type":"ListItem","position":1,"name":"Portada","item":"https:\/\/www.fcbarcelonanoticias.com\/en\/"},{"@type":"ListItem","position":2,"name":"FC Barcelona squad for the match against Las Palmas &#8211; LaLiga 2024\/25"}]},{"@type":"WebSite","@id":"https:\/\/www.fcbarcelonanoticias.com\/en\/#website","url":"https:\/\/www.fcbarcelonanoticias.com\/en\/","name":"EN - FC Barcelona Noticias","description":"","potentialAction":[{"@type":"SearchAction","target":{"@type":"EntryPoint","urlTemplate":"https:\/\/www.fcbarcelonanoticias.com\/en\/?s={search_term_string}"},"query-input":{"@type":"PropertyValueSpecification","valueRequired":true,"valueName":"search_term_string"}}],"inLanguage":"en-US"},{"@type":"Person","@id":"https:\/\/www.fcbarcelonanoticias.com\/en\/#\/schema\/person\/88d756918a0a1ae9fa593b5edddd1815","name":"Juan Pablo Berdugo","image":{"@type":"ImageObject","inLanguage":"en-US","@id":"https:\/\/secure.gravatar.com\/avatar\/?s=96&d=mm&r=g","url":"https:\/\/secure.gravatar.com\/avatar\/?s=96&d=mm&r=g","contentUrl":"https:\/\/secure.gravatar.com\/avatar\/?s=96&d=mm&r=g","caption":"Juan Pablo Berdugo"},"description":"Juan Pablo Berdugo es graduado en Periodismo. Colabora con FCBN como especialista en informaci\u00f3n del primer equipo del FC Barcelona, f\u00fatbol internacional y mercado de fichajes. Destaca por su enfoque anal\u00edtico, su rigor informativo y su capacidad para detectar tendencias emergentes en el f\u00fatbol global.","url":"https:\/\/www.fcbarcelonanoticias.com\/en\/fc-barcelona\/juan-pablo-berdugo_18_115.html"}]}},"_links":{"self":[{"href":"https:\/\/www.fcbarcelonanoticias.com\/en\/wp-json\/wp\/v2\/posts\/114551","targetHints":{"allow":["GET"]}}],"collection":[{"href":"https:\/\/www.fcbarcelonanoticias.com\/en\/wp-json\/wp\/v2\/posts"}],"about":[{"href":"https:\/\/www.fcbarcelonanoticias.com\/en\/wp-json\/wp\/v2\/types\/post"}],"author":[{"embeddable":true,"href":"https:\/\/www.fcbarcelonanoticias.com\/en\/wp-json\/wp\/v2\/users\/358"}],"replies":[{"embeddable":true,"href":"https:\/\/www.fcbarcelonanoticias.com\/en\/wp-json\/wp\/v2\/comments?post=114551"}],"version-history":[{"count":1,"href":"https:\/\/www.fcbarcelonanoticias.com\/en\/wp-json\/wp\/v2\/posts\/114551\/revisions"}],"predecessor-version":[{"id":149331,"href":"https:\/\/www.fcbarcelonanoticias.com\/en\/wp-json\/wp\/v2\/posts\/114551\/revisions\/149331"}],"wp:featuredmedia":[{"embeddable":true,"href":"https:\/\/www.fcbarcelonanoticias.com\/en\/wp-json\/wp\/v2\/media\/114559"}],"wp:attachment":[{"href":"https:\/\/www.fcbarcelonanoticias.com\/en\/wp-json\/wp\/v2\/media?parent=114551"}],"wp:term":[{"taxonomy":"category","embeddable":true,"href":"https:\/\/www.fcbarcelonanoticias.com\/en\/wp-json\/wp\/v2\/categories?post=114551"},{"taxonomy":"post_tag","embeddable":true,"href":"https:\/\/www.fcbarcelonanoticias.com\/en\/wp-json\/wp\/v2\/tags?post=114551"}],"curies":[{"name":"wp","href":"https:\/\/api.w.org\/{rel}","templated":true}]}}