{"id":115981,"date":"2023-10-31T23:44:00","date_gmt":"2023-10-31T22:44:00","guid":{"rendered":"https:\/\/weisetech.dev\/fc-barcelona-noticias\/en\/game-plan-xavi-return-frenkie-jong-real-society_297648_102\/"},"modified":"2023-11-01T07:29:00","modified_gmt":"2023-11-01T06:29:00","slug":"game-plan-xavi-return-frenkie-jong-real-society_297648_102","status":"publish","type":"post","link":"https:\/\/www.fcbarcelonanoticias.com\/en\/laliga\/game-plan-xavi-return-frenkie-jong-real-society_297648_102.html","title":{"rendered":"Xavi&#8217;s game plan for Frenkie de Jong&#8217;s return against Real Sociedad"},"content":{"rendered":"<h2 class=\"wp-block-heading\">Barring a surprise, Frenkie de Jong will return to the FC Barcelona squad for the visit to Real Sociedad. The Dutchman will be discharged from the hospital shortly and, in principle, will be able to play in the second half at Anoeta<\/h2>  \r\n<div class=\"article-addons\">\r\n    <a href=\"https:\/\/www.fcbarcelonanoticias.com\/en\/calendar-fc-barcelona.html\"\r\n       target=\"_self\"\r\n       title=\"Calendar of FC Barcelona\"\r\n       class=\"blue-gredient-btn\">\r\n       \r\n        Calendar of FC Barcelona    <\/a>\r\n<\/div>   <p>The infirmary of the FC Barcelona will free in brief to the two &#8216;heavy weights&#8217; that did not attain to recover to time for the Classical of the Saturday. <strong>So much Pedri Gonz\u00e1lez like Frenkie of Jong await by the high medical thinking in the duel of the Saturday in front of the Real Sociedad<\/strong>, a very complicated party for a Bar\u00e7a forced to add the three points <a data-external=\"0\" data-intl-links-en=\"https:\/\/www.fcbarcelonanoticias.com\/en\/laliga\/the-obstacles-of-the-barca-for-recover-the-leadership-of-laliga_297623_102.html\" data-intl-links-es=\"https:\/\/www.fcbarcelonanoticias.com\/laliga\/obstaculos-barca-recuperar-liderato-laliga_297623_102.html\" href=\"https:\/\/www.fcbarcelonanoticias.com\/en\/laliga\/the-obstacles-of-the-barca-for-recover-the-leadership-of-laliga_297623_102.html\" rel=\"follow\" target=\"_self\" title=\"Los obst\u00e1culos del Bar\u00e7a para 'recuperar' el liderato de LaLiga\">for no despegarse more than the leadership<\/a>.<\/p>  <p>In the case of the Dutch, <strong>the plan of Xavi Hern\u00e1ndez aims to give him some 20 or 25 minutes in the complement<\/strong>, as it sue it the formality of the meeting in San Sebasti\u00e1n. The past season, the group blaugrana finished goleando to the &#8216;txuri-urdines&#8217; (1-4) with a r\u00e1faga of 3 goals in 11 minutes (of the 68&#8242; to the 79&#8242;) promoted by the contribution of the changes made in the second part (Ansu, the &#8216;MVP&#8217; with two assistances and a so much).<\/p>  <h2>Xavi will not risk with Frenkie thinking in the visit to the Shakhtar<\/h2>  <p>However, <a data-external=\"0\" data-intl-links-en=\"https:\/\/www.fcbarcelonanoticias.com\/en\/fc-barcelona\/barca-sets-specific-date-for-the-return-of-frenkie-jong-and-pedri_297563_102.html\" data-intl-links-es=\"https:\/\/www.fcbarcelonanoticias.com\/fc-barcelona\/barca-pone-fecha-concreta-vuelta-frenkie-jong-pedri_297563_102.html\" href=\"https:\/\/www.fcbarcelonanoticias.com\/en\/fc-barcelona\/barca-sets-specific-date-for-the-return-of-frenkie-jong-and-pedri_297563_102.html\" rel=\"follow\" target=\"_self\" title=\"El Bar\u00e7a pone fecha concreta a la vuelta de Frenkie de Jong y Pedri\">the technician egarense will not risk with Of Jong<\/a> if the one of Arkel is not to the 100 %. The priority of Xavi is to have the Dutch for the visit to the Shakhtar by the fourth day of the phase of groups of the Champions, <strong>a party in which the Bar\u00e7a can ensure his pass to eighth of final<\/strong> and, even, the leadership of his group with a victory.<\/p>  <p><strong>Frenkie Does not play from 23 September in the crash in front of the Celtic<\/strong>, where suffered a sprain of ankle that forced him to ask the change happened the half hour of game. The injury painted for some three weeks of drop, but lengthened a bit more by caution and, finally, the footballer lost the Classical beside Pedri, another the one who had to expect much more of the foreseen to receive the high medical.<\/p>  <h2>Of Jong will be &#8216;intocable&#8217; with Xavi in his return<\/h2>  <p>Except surprise, the tulip will go back to be one of the &#8216;fixed&#8217; in the XI of the of Terrassa when it return to the action. The Bar\u00e7a has missed him, mainly in the Classical, where Gavi had to do a big effort to make the work of pivote like only mediocentro of mark. The baj\u00f3n of Oriol Romeu has opened the debate on the need of fichar a &#8216;5&#8217; and only Of Jong seems to have the necessary to sort out in the centre of the field cul\u00e9.<\/p>  <p>&#8220;The surroundings has a big capacity for infravalorar everything. A footballer that is a 10 is an eight. The one who is an eight is a 6. Therefore it is the most difficult club of the world for the players. <strong>Frenkie Is one of the best of the world. And it is it when it trains. Therefore some surprise . They see it train and think: why it is so criticised?&#8221;<\/strong>, it said Xavi on the &#8217;21&#8217; does a pair of weeks. Definitely, the Dutch is a key piece in the Bar\u00e7a 23\/24, much more of what already was it the past season.<\/p> ","protected":false},"excerpt":{"rendered":"<p>Barring a surprise, Frenkie de Jong will return to the FC Barcelona squad for the visit to Real Sociedad. The Dutchman will be discharged from the hospital shortly and, in principle, will be able to play in the second half at Anoeta The infirmary of the FC Barcelona will free in brief to the two [&hellip;]<\/p>\n","protected":false},"author":347,"featured_media":115985,"comment_status":"closed","ping_status":"open","sticky":false,"template":"","format":"standard","meta":{"_acf_changed":false,"inline_featured_image":false,"_nextfly_llmd_date_locked":false,"footnotes":""},"categories":[114,448],"tags":[72,48],"class_list":["post-115981","post","type-post","status-publish","format-standard","has-post-thumbnail","hentry","category-laliga","category-laliga-2","tag-real-sociedad","tag-xavi-hernandez"],"acf":[],"yoast_head":"<!-- This site is optimized with the Yoast SEO plugin v27.3 - https:\/\/yoast.com\/product\/yoast-seo-wordpress\/ -->\n<title>Xavi&#039;s game plan for Frenkie de Jong&#039;s return against Real Sociedad<\/title>\n<meta name=\"description\" content=\"Barring a surprise, Frenkie de Jong will return to the FC Barcelona squad for the visit to Real Sociedad. The Dutchman will be discharged from the hospital shortly and, in principle, will be able to play in the second half at Anoeta\" \/>\n<meta name=\"robots\" content=\"index, follow, max-snippet:-1, max-image-preview:large, max-video-preview:-1\" \/>\n<link rel=\"canonical\" href=\"https:\/\/www.fcbarcelonanoticias.com\/en\/laliga\/game-plan-xavi-return-frenkie-jong-real-society_297648_102.html\" \/>\n<meta property=\"og:locale\" content=\"en_US\" \/>\n<meta property=\"og:type\" content=\"article\" \/>\n<meta property=\"og:title\" content=\"Xavi&#039;s game plan for Frenkie de Jong&#039;s return against Real Sociedad\" \/>\n<meta property=\"og:description\" content=\"Barring a surprise, Frenkie de Jong will return to the FC Barcelona squad for the visit to Real Sociedad. The Dutchman will be discharged from the hospital shortly and, in principle, will be able to play in the second half at Anoeta\" \/>\n<meta property=\"og:url\" content=\"https:\/\/www.fcbarcelonanoticias.com\/en\/laliga\/game-plan-xavi-return-frenkie-jong-real-society_297648_102.html\" \/>\n<meta property=\"og:site_name\" content=\"EN - FC Barcelona Noticias\" \/>\n<meta property=\"article:published_time\" content=\"2023-10-31T22:44:00+00:00\" \/>\n<meta property=\"article:modified_time\" content=\"2023-11-01T06:29:00+00:00\" \/>\n<meta property=\"og:image\" content=\"https:\/\/www.fcbarcelonanoticias.com\/en\/wp-content\/uploads\/sites\/2\/2023\/10\/frenkie-de-jong-contra-el-celta-de-vigo-2.png\" \/>\n\t<meta property=\"og:image:width\" content=\"1300\" \/>\n\t<meta property=\"og:image:height\" content=\"732\" \/>\n\t<meta property=\"og:image:type\" content=\"image\/png\" \/>\n<meta name=\"author\" content=\"Andr\u00e9s Quiroz\" \/>\n<meta name=\"twitter:card\" content=\"summary_large_image\" \/>\n<meta name=\"twitter:label1\" content=\"Written by\" \/>\n\t<meta name=\"twitter:data1\" content=\"Andr\u00e9s Quiroz\" \/>\n\t<meta name=\"twitter:label2\" content=\"Est. reading time\" \/>\n\t<meta name=\"twitter:data2\" content=\"3 minutes\" \/>\n<script type=\"application\/ld+json\" class=\"yoast-schema-graph\">{\"@context\":\"https:\\\/\\\/schema.org\",\"@graph\":[{\"@type\":\"Article\",\"@id\":\"https:\\\/\\\/www.fcbarcelonanoticias.com\\\/en\\\/laliga\\\/game-plan-xavi-return-frenkie-jong-real-society_297648_102.html#article\",\"isPartOf\":{\"@id\":\"https:\\\/\\\/www.fcbarcelonanoticias.com\\\/en\\\/laliga\\\/game-plan-xavi-return-frenkie-jong-real-society_297648_102.html\"},\"author\":{\"name\":\"Andr\u00e9s Quiroz\",\"@id\":\"https:\\\/\\\/www.fcbarcelonanoticias.com\\\/en\\\/#\\\/schema\\\/person\\\/c2cd9f6fa1af5c0d0eccd0fefa575c88\"},\"headline\":\"Xavi&#8217;s game plan for Frenkie de Jong&#8217;s return against Real Sociedad\",\"datePublished\":\"2023-10-31T22:44:00+00:00\",\"dateModified\":\"2023-11-01T06:29:00+00:00\",\"mainEntityOfPage\":{\"@id\":\"https:\\\/\\\/www.fcbarcelonanoticias.com\\\/en\\\/laliga\\\/game-plan-xavi-return-frenkie-jong-real-society_297648_102.html\"},\"wordCount\":571,\"image\":{\"@id\":\"https:\\\/\\\/www.fcbarcelonanoticias.com\\\/en\\\/laliga\\\/game-plan-xavi-return-frenkie-jong-real-society_297648_102.html#primaryimage\"},\"thumbnailUrl\":\"https:\\\/\\\/www.fcbarcelonanoticias.com\\\/en\\\/wp-content\\\/uploads\\\/sites\\\/2\\\/2023\\\/10\\\/frenkie-de-jong-contra-el-celta-de-vigo-2.png\",\"keywords\":[\"Real Sociedad\",\"Xavi Hern\u00e1ndez\"],\"articleSection\":[\"LaLiga\",\"LaLiga\"],\"inLanguage\":\"en-US\"},{\"@type\":\"WebPage\",\"@id\":\"https:\\\/\\\/www.fcbarcelonanoticias.com\\\/en\\\/laliga\\\/game-plan-xavi-return-frenkie-jong-real-society_297648_102.html\",\"url\":\"https:\\\/\\\/www.fcbarcelonanoticias.com\\\/en\\\/laliga\\\/game-plan-xavi-return-frenkie-jong-real-society_297648_102.html\",\"name\":\"Xavi's game plan for Frenkie de Jong's return against Real Sociedad\",\"isPartOf\":{\"@id\":\"https:\\\/\\\/www.fcbarcelonanoticias.com\\\/en\\\/#website\"},\"primaryImageOfPage\":{\"@id\":\"https:\\\/\\\/www.fcbarcelonanoticias.com\\\/en\\\/laliga\\\/game-plan-xavi-return-frenkie-jong-real-society_297648_102.html#primaryimage\"},\"image\":{\"@id\":\"https:\\\/\\\/www.fcbarcelonanoticias.com\\\/en\\\/laliga\\\/game-plan-xavi-return-frenkie-jong-real-society_297648_102.html#primaryimage\"},\"thumbnailUrl\":\"https:\\\/\\\/www.fcbarcelonanoticias.com\\\/en\\\/wp-content\\\/uploads\\\/sites\\\/2\\\/2023\\\/10\\\/frenkie-de-jong-contra-el-celta-de-vigo-2.png\",\"datePublished\":\"2023-10-31T22:44:00+00:00\",\"dateModified\":\"2023-11-01T06:29:00+00:00\",\"author\":{\"@id\":\"https:\\\/\\\/www.fcbarcelonanoticias.com\\\/en\\\/#\\\/schema\\\/person\\\/c2cd9f6fa1af5c0d0eccd0fefa575c88\"},\"description\":\"Barring a surprise, Frenkie de Jong will return to the FC Barcelona squad for the visit to Real Sociedad. The Dutchman will be discharged from the hospital shortly and, in principle, will be able to play in the second half at Anoeta\",\"breadcrumb\":{\"@id\":\"https:\\\/\\\/www.fcbarcelonanoticias.com\\\/en\\\/laliga\\\/game-plan-xavi-return-frenkie-jong-real-society_297648_102.html#breadcrumb\"},\"inLanguage\":\"en-US\",\"potentialAction\":[{\"@type\":\"ReadAction\",\"target\":[\"https:\\\/\\\/www.fcbarcelonanoticias.com\\\/en\\\/laliga\\\/game-plan-xavi-return-frenkie-jong-real-society_297648_102.html\"]}]},{\"@type\":\"ImageObject\",\"inLanguage\":\"en-US\",\"@id\":\"https:\\\/\\\/www.fcbarcelonanoticias.com\\\/en\\\/laliga\\\/game-plan-xavi-return-frenkie-jong-real-society_297648_102.html#primaryimage\",\"url\":\"https:\\\/\\\/www.fcbarcelonanoticias.com\\\/en\\\/wp-content\\\/uploads\\\/sites\\\/2\\\/2023\\\/10\\\/frenkie-de-jong-contra-el-celta-de-vigo-2.png\",\"contentUrl\":\"https:\\\/\\\/www.fcbarcelonanoticias.com\\\/en\\\/wp-content\\\/uploads\\\/sites\\\/2\\\/2023\\\/10\\\/frenkie-de-jong-contra-el-celta-de-vigo-2.png\",\"width\":1300,\"height\":732},{\"@type\":\"BreadcrumbList\",\"@id\":\"https:\\\/\\\/www.fcbarcelonanoticias.com\\\/en\\\/laliga\\\/game-plan-xavi-return-frenkie-jong-real-society_297648_102.html#breadcrumb\",\"itemListElement\":[{\"@type\":\"ListItem\",\"position\":1,\"name\":\"Portada\",\"item\":\"https:\\\/\\\/www.fcbarcelonanoticias.com\\\/en\\\/\"},{\"@type\":\"ListItem\",\"position\":2,\"name\":\"Xavi&#8217;s game plan for Frenkie de Jong&#8217;s return against Real Sociedad\"}]},{\"@type\":\"WebSite\",\"@id\":\"https:\\\/\\\/www.fcbarcelonanoticias.com\\\/en\\\/#website\",\"url\":\"https:\\\/\\\/www.fcbarcelonanoticias.com\\\/en\\\/\",\"name\":\"EN - FC Barcelona Noticias\",\"description\":\"\",\"potentialAction\":[{\"@type\":\"SearchAction\",\"target\":{\"@type\":\"EntryPoint\",\"urlTemplate\":\"https:\\\/\\\/www.fcbarcelonanoticias.com\\\/en\\\/?s={search_term_string}\"},\"query-input\":{\"@type\":\"PropertyValueSpecification\",\"valueRequired\":true,\"valueName\":\"search_term_string\"}}],\"inLanguage\":\"en-US\"},{\"@type\":\"Person\",\"@id\":\"https:\\\/\\\/www.fcbarcelonanoticias.com\\\/en\\\/#\\\/schema\\\/person\\\/c2cd9f6fa1af5c0d0eccd0fefa575c88\",\"name\":\"Andr\u00e9s Quiroz\",\"image\":{\"@type\":\"ImageObject\",\"inLanguage\":\"en-US\",\"@id\":\"https:\\\/\\\/secure.gravatar.com\\\/avatar\\\/?s=96&d=mm&r=g\",\"url\":\"https:\\\/\\\/secure.gravatar.com\\\/avatar\\\/?s=96&d=mm&r=g\",\"contentUrl\":\"https:\\\/\\\/secure.gravatar.com\\\/avatar\\\/?s=96&d=mm&r=g\",\"caption\":\"Andr\u00e9s Quiroz\"},\"description\":\"Licenciado en Periodismo por la Universidad de los Andes. Me encargo de analizar y compartir los contenidos m\u00e1s destacados de la\u00a0actualidad del F\u00fatbol Club Barcelona, Mercado de Fichajes y F\u00fatbol Internacional en FCBN. La informaci\u00f3n es poder, pero tambi\u00e9n conocimiento.\",\"url\":\"https:\\\/\\\/www.fcbarcelonanoticias.com\\\/en\\\/fc-barcelona\\\/andres-quiroz_17_115.html\"}]}<\/script>\n<!-- \/ Yoast SEO plugin. -->","yoast_head_json":{"title":"Xavi's game plan for Frenkie de Jong's return against Real Sociedad","description":"Barring a surprise, Frenkie de Jong will return to the FC Barcelona squad for the visit to Real Sociedad. The Dutchman will be discharged from the hospital shortly and, in principle, will be able to play in the second half at Anoeta","robots":{"index":"index","follow":"follow","max-snippet":"max-snippet:-1","max-image-preview":"max-image-preview:large","max-video-preview":"max-video-preview:-1"},"canonical":"https:\/\/www.fcbarcelonanoticias.com\/en\/laliga\/game-plan-xavi-return-frenkie-jong-real-society_297648_102.html","og_locale":"en_US","og_type":"article","og_title":"Xavi's game plan for Frenkie de Jong's return against Real Sociedad","og_description":"Barring a surprise, Frenkie de Jong will return to the FC Barcelona squad for the visit to Real Sociedad. The Dutchman will be discharged from the hospital shortly and, in principle, will be able to play in the second half at Anoeta","og_url":"https:\/\/www.fcbarcelonanoticias.com\/en\/laliga\/game-plan-xavi-return-frenkie-jong-real-society_297648_102.html","og_site_name":"EN - FC Barcelona Noticias","article_published_time":"2023-10-31T22:44:00+00:00","article_modified_time":"2023-11-01T06:29:00+00:00","og_image":[{"width":1300,"height":732,"url":"https:\/\/www.fcbarcelonanoticias.com\/en\/wp-content\/uploads\/sites\/2\/2023\/10\/frenkie-de-jong-contra-el-celta-de-vigo-2.png","type":"image\/png"}],"author":"Andr\u00e9s Quiroz","twitter_card":"summary_large_image","twitter_misc":{"Written by":"Andr\u00e9s Quiroz","Est. reading time":"3 minutes"},"schema":{"@context":"https:\/\/schema.org","@graph":[{"@type":"Article","@id":"https:\/\/www.fcbarcelonanoticias.com\/en\/laliga\/game-plan-xavi-return-frenkie-jong-real-society_297648_102.html#article","isPartOf":{"@id":"https:\/\/www.fcbarcelonanoticias.com\/en\/laliga\/game-plan-xavi-return-frenkie-jong-real-society_297648_102.html"},"author":{"name":"Andr\u00e9s Quiroz","@id":"https:\/\/www.fcbarcelonanoticias.com\/en\/#\/schema\/person\/c2cd9f6fa1af5c0d0eccd0fefa575c88"},"headline":"Xavi&#8217;s game plan for Frenkie de Jong&#8217;s return against Real Sociedad","datePublished":"2023-10-31T22:44:00+00:00","dateModified":"2023-11-01T06:29:00+00:00","mainEntityOfPage":{"@id":"https:\/\/www.fcbarcelonanoticias.com\/en\/laliga\/game-plan-xavi-return-frenkie-jong-real-society_297648_102.html"},"wordCount":571,"image":{"@id":"https:\/\/www.fcbarcelonanoticias.com\/en\/laliga\/game-plan-xavi-return-frenkie-jong-real-society_297648_102.html#primaryimage"},"thumbnailUrl":"https:\/\/www.fcbarcelonanoticias.com\/en\/wp-content\/uploads\/sites\/2\/2023\/10\/frenkie-de-jong-contra-el-celta-de-vigo-2.png","keywords":["Real Sociedad","Xavi Hern\u00e1ndez"],"articleSection":["LaLiga","LaLiga"],"inLanguage":"en-US"},{"@type":"WebPage","@id":"https:\/\/www.fcbarcelonanoticias.com\/en\/laliga\/game-plan-xavi-return-frenkie-jong-real-society_297648_102.html","url":"https:\/\/www.fcbarcelonanoticias.com\/en\/laliga\/game-plan-xavi-return-frenkie-jong-real-society_297648_102.html","name":"Xavi's game plan for Frenkie de Jong's return against Real Sociedad","isPartOf":{"@id":"https:\/\/www.fcbarcelonanoticias.com\/en\/#website"},"primaryImageOfPage":{"@id":"https:\/\/www.fcbarcelonanoticias.com\/en\/laliga\/game-plan-xavi-return-frenkie-jong-real-society_297648_102.html#primaryimage"},"image":{"@id":"https:\/\/www.fcbarcelonanoticias.com\/en\/laliga\/game-plan-xavi-return-frenkie-jong-real-society_297648_102.html#primaryimage"},"thumbnailUrl":"https:\/\/www.fcbarcelonanoticias.com\/en\/wp-content\/uploads\/sites\/2\/2023\/10\/frenkie-de-jong-contra-el-celta-de-vigo-2.png","datePublished":"2023-10-31T22:44:00+00:00","dateModified":"2023-11-01T06:29:00+00:00","author":{"@id":"https:\/\/www.fcbarcelonanoticias.com\/en\/#\/schema\/person\/c2cd9f6fa1af5c0d0eccd0fefa575c88"},"description":"Barring a surprise, Frenkie de Jong will return to the FC Barcelona squad for the visit to Real Sociedad. The Dutchman will be discharged from the hospital shortly and, in principle, will be able to play in the second half at Anoeta","breadcrumb":{"@id":"https:\/\/www.fcbarcelonanoticias.com\/en\/laliga\/game-plan-xavi-return-frenkie-jong-real-society_297648_102.html#breadcrumb"},"inLanguage":"en-US","potentialAction":[{"@type":"ReadAction","target":["https:\/\/www.fcbarcelonanoticias.com\/en\/laliga\/game-plan-xavi-return-frenkie-jong-real-society_297648_102.html"]}]},{"@type":"ImageObject","inLanguage":"en-US","@id":"https:\/\/www.fcbarcelonanoticias.com\/en\/laliga\/game-plan-xavi-return-frenkie-jong-real-society_297648_102.html#primaryimage","url":"https:\/\/www.fcbarcelonanoticias.com\/en\/wp-content\/uploads\/sites\/2\/2023\/10\/frenkie-de-jong-contra-el-celta-de-vigo-2.png","contentUrl":"https:\/\/www.fcbarcelonanoticias.com\/en\/wp-content\/uploads\/sites\/2\/2023\/10\/frenkie-de-jong-contra-el-celta-de-vigo-2.png","width":1300,"height":732},{"@type":"BreadcrumbList","@id":"https:\/\/www.fcbarcelonanoticias.com\/en\/laliga\/game-plan-xavi-return-frenkie-jong-real-society_297648_102.html#breadcrumb","itemListElement":[{"@type":"ListItem","position":1,"name":"Portada","item":"https:\/\/www.fcbarcelonanoticias.com\/en\/"},{"@type":"ListItem","position":2,"name":"Xavi&#8217;s game plan for Frenkie de Jong&#8217;s return against Real Sociedad"}]},{"@type":"WebSite","@id":"https:\/\/www.fcbarcelonanoticias.com\/en\/#website","url":"https:\/\/www.fcbarcelonanoticias.com\/en\/","name":"EN - FC Barcelona Noticias","description":"","potentialAction":[{"@type":"SearchAction","target":{"@type":"EntryPoint","urlTemplate":"https:\/\/www.fcbarcelonanoticias.com\/en\/?s={search_term_string}"},"query-input":{"@type":"PropertyValueSpecification","valueRequired":true,"valueName":"search_term_string"}}],"inLanguage":"en-US"},{"@type":"Person","@id":"https:\/\/www.fcbarcelonanoticias.com\/en\/#\/schema\/person\/c2cd9f6fa1af5c0d0eccd0fefa575c88","name":"Andr\u00e9s Quiroz","image":{"@type":"ImageObject","inLanguage":"en-US","@id":"https:\/\/secure.gravatar.com\/avatar\/?s=96&d=mm&r=g","url":"https:\/\/secure.gravatar.com\/avatar\/?s=96&d=mm&r=g","contentUrl":"https:\/\/secure.gravatar.com\/avatar\/?s=96&d=mm&r=g","caption":"Andr\u00e9s Quiroz"},"description":"Licenciado en Periodismo por la Universidad de los Andes. Me encargo de analizar y compartir los contenidos m\u00e1s destacados de la\u00a0actualidad del F\u00fatbol Club Barcelona, Mercado de Fichajes y F\u00fatbol Internacional en FCBN. La informaci\u00f3n es poder, pero tambi\u00e9n conocimiento.","url":"https:\/\/www.fcbarcelonanoticias.com\/en\/fc-barcelona\/andres-quiroz_17_115.html"}]}},"_links":{"self":[{"href":"https:\/\/www.fcbarcelonanoticias.com\/en\/wp-json\/wp\/v2\/posts\/115981","targetHints":{"allow":["GET"]}}],"collection":[{"href":"https:\/\/www.fcbarcelonanoticias.com\/en\/wp-json\/wp\/v2\/posts"}],"about":[{"href":"https:\/\/www.fcbarcelonanoticias.com\/en\/wp-json\/wp\/v2\/types\/post"}],"author":[{"embeddable":true,"href":"https:\/\/www.fcbarcelonanoticias.com\/en\/wp-json\/wp\/v2\/users\/347"}],"replies":[{"embeddable":true,"href":"https:\/\/www.fcbarcelonanoticias.com\/en\/wp-json\/wp\/v2\/comments?post=115981"}],"version-history":[{"count":1,"href":"https:\/\/www.fcbarcelonanoticias.com\/en\/wp-json\/wp\/v2\/posts\/115981\/revisions"}],"predecessor-version":[{"id":149374,"href":"https:\/\/www.fcbarcelonanoticias.com\/en\/wp-json\/wp\/v2\/posts\/115981\/revisions\/149374"}],"wp:featuredmedia":[{"embeddable":true,"href":"https:\/\/www.fcbarcelonanoticias.com\/en\/wp-json\/wp\/v2\/media\/115985"}],"wp:attachment":[{"href":"https:\/\/www.fcbarcelonanoticias.com\/en\/wp-json\/wp\/v2\/media?parent=115981"}],"wp:term":[{"taxonomy":"category","embeddable":true,"href":"https:\/\/www.fcbarcelonanoticias.com\/en\/wp-json\/wp\/v2\/categories?post=115981"},{"taxonomy":"post_tag","embeddable":true,"href":"https:\/\/www.fcbarcelonanoticias.com\/en\/wp-json\/wp\/v2\/tags?post=115981"}],"curies":[{"name":"wp","href":"https:\/\/api.w.org\/{rel}","templated":true}]}}