{"id":116159,"date":"2024-04-14T01:27:00","date_gmt":"2024-04-13T23:27:00","guid":{"rendered":"https:\/\/weisetech.dev\/fc-barcelona-noticias\/en\/christensen-oriol-romeu-libraron-amarilla-could-be-classic_302604_102\/"},"modified":"2024-04-14T01:28:00","modified_gmt":"2024-04-13T23:28:00","slug":"christensen-oriol-romeu-libraron-amarilla-could-be-classic_302604_102","status":"publish","type":"post","link":"https:\/\/www.fcbarcelonanoticias.com\/en\/laliga\/christensen-oriol-romeu-libraron-amarilla-could-be-classic_302604_102.html","title":{"rendered":"Christensen and Oriol Romeu got rid of the yellow card and will be able to be in the Classic"},"content":{"rendered":"<h2 class=\"wp-block-heading\">FC Barcelona left the Nuevo Mirandilla in C\u00e1diz with three points (0-1) and good news for next Sunday&#8217;s Cl\u00e1sico. Both Andreas Christensen and Oriol Romeu got rid of the yellow card and will be able to be at the Bernab\u00e9u<\/h2>  \r\n<div class=\"article-addons\">\r\n    <a href=\"https:\/\/www.fcbarcelonanoticias.com\/en\/calendar-fc-barcelona.html\"\r\n       target=\"_self\"\r\n       title=\"Calendar of FC Barcelona\"\r\n       class=\"blue-gredient-btn\">\r\n       \r\n        Calendar of FC Barcelona    <\/a>\r\n<\/div>   <p>Andreas Christensen and Oriol Romeu rid of the risk of sanction in front of the C\u00e1diz and will be able to be available for the Classical of the next Sunday in Santiago Bernab\u00e9u. <strong>Both were titled <a data-external=\"0\" data-intl-links-en=\"https:\/\/www.fcbarcelonanoticias.com\/en\/laliga\/cadiz-cf-fc-barcelona-0-1-video-summary-goal-and-better-played-of-the-party-of-laliga-ea-sports_302588_102.html\" data-intl-links-es=\"https:\/\/www.fcbarcelonanoticias.com\/laliga\/cadiz-cf-fc-barcelona-0-1-video-resumen-gol-mejores-jugadas-partido-laliga-ea-sports_302588_102.html\" href=\"https:\/\/www.fcbarcelonanoticias.com\/en\/laliga\/cadiz-cf-fc-barcelona-0-1-video-summary-goal-and-better-played-of-the-party-of-laliga-ea-sports_302588_102.html\" rel=\"follow\" target=\"_self\" title=\"C\u00c1DIZ CF-FC BARCELONA (0-1): V\u00eddeo resumen, gol y mejores jugadas del partido de LaLiga EA SPORTS\">the Saturday in the New Mirandilla<\/a> in an eleven plagado of acting, a party to the that arrived with four yellow<\/strong>. However, so much the Danish like the Catalan did a party of &#8216;white glove&#8217;, avoiding a yellow that left them was the next day.<\/p>  <p>For Christensen, <strong>the precedent of the Wednesday in Paris (<a data-external=\"0\" data-intl-links-en=\"https:\/\/www.fcbarcelonanoticias.com\/en\/champions-league\/sergi-roberto-and-andreas-christensen-will-not-be-able-to-play-the-second-leg-against-psg_302501_102.html\" data-intl-links-es=\"https:\/\/www.fcbarcelonanoticias.com\/champions-league\/sergi-roberto-andreas-christensen-no-podran-jugar-vuelta-psg_302501_102.html\" href=\"https:\/\/www.fcbarcelonanoticias.com\/en\/champions-league\/sergi-roberto-and-andreas-christensen-will-not-be-able-to-play-the-second-leg-against-psg_302501_102.html\" rel=\"follow\" target=\"_self\" title=\"Sergi Roberto y Andreas Christensen no podr\u00e1n jugar la vuelta ante el PSG\">will not be able to play the turn in front of the PSG<\/a>) left doubts on the convenient of his presence in the eleven<\/strong>. Nevertheless, Xavi Hern\u00e1ndez gave him the confidence to return to the alignment like first head office, a place that did not occupy from did already a pair of months, period where the one of Liller\u00f8d has consolidated like defensive pivote that, in theory, would be of Romeu this season.<\/p>  <h2>Oriol Romeu completed the 90 minutes for the first time in League with the Bar\u00e7a<\/h2>  <p>In fact, for the ex mediocentro of the Girona was his first party complete this season in LaLiga, something that only had attained twice in the 2023\/24. <strong>The only duels in which Oriol played the 90 minutes were in front of the Shakhtar Donetsk (by Champions, in October) and in front of Unionistas (by Glass, in January)<\/strong>. The duel in C\u00e1diz, this yes, was not of the all comfortable for the canterano Barcelona, since a his loss almost finish in goal of the gaditanos in the first part.<\/p>  <p><strong>Christensen, by his part, only played 60 minutes, leaving his place in the field to fault of half hour to Jules Kound\u00e9<\/strong>. The Frenchman also returned to the centre of the saga after long, for the first time in what it goes of 2024 and did it of good way, accompanying to Pau Cubars\u00ed again solid. Romeu Also gave a hand to the defenders in the final stretch, where the team remained very exposed in front of the projections of Sergi Roberto and Marcos Alonso. Like this the things, so much the &#8217;15&#8217; as the &#8217;18&#8217; will be available the Sunday for the expedition to the Madrid, to which the Danish will arrive more &#8216;cool&#8217; that the rest of presumable headlines.<\/p> ","protected":false},"excerpt":{"rendered":"<p>FC Barcelona left the Nuevo Mirandilla in C\u00e1diz with three points (0-1) and good news for next Sunday&#8217;s Cl\u00e1sico. Both Andreas Christensen and Oriol Romeu got rid of the yellow card and will be able to be at the Bernab\u00e9u Andreas Christensen and Oriol Romeu rid of the risk of sanction in front of the [&hellip;]<\/p>\n","protected":false},"author":347,"featured_media":116162,"comment_status":"closed","ping_status":"open","sticky":false,"template":"","format":"standard","meta":{"_acf_changed":false,"inline_featured_image":false,"_nextfly_llmd_date_locked":false,"footnotes":""},"categories":[114,448],"tags":[349,53,242],"class_list":["post-116159","post","type-post","status-publish","format-standard","has-post-thumbnail","hentry","category-laliga","category-laliga-2","tag-cadiz-cf","tag-el-clasico","tag-oriol-romeu"],"acf":[],"yoast_head":"<!-- This site is optimized with the Yoast SEO plugin v27.3 - https:\/\/yoast.com\/product\/yoast-seo-wordpress\/ -->\n<title>Christensen and Oriol Romeu got rid of the yellow card and will be able to be in the Classic<\/title>\n<meta name=\"description\" content=\"FC Barcelona left the Nuevo Mirandilla in C\u00e1diz with three points (0-1) and good news for next Sunday&#039;s Cl\u00e1sico. Both Andreas Christensen and Oriol Romeu got rid of the yellow card and will be able to be at the Bernab\u00e9u\" \/>\n<meta name=\"robots\" content=\"index, follow, max-snippet:-1, max-image-preview:large, max-video-preview:-1\" \/>\n<link rel=\"canonical\" href=\"https:\/\/www.fcbarcelonanoticias.com\/en\/laliga\/christensen-oriol-romeu-libraron-amarilla-could-be-classic_302604_102.html\" \/>\n<meta property=\"og:locale\" content=\"en_US\" \/>\n<meta property=\"og:type\" content=\"article\" \/>\n<meta property=\"og:title\" content=\"Christensen and Oriol Romeu got rid of the yellow card and will be able to be in the Classic\" \/>\n<meta property=\"og:description\" content=\"FC Barcelona left the Nuevo Mirandilla in C\u00e1diz with three points (0-1) and good news for next Sunday&#039;s Cl\u00e1sico. Both Andreas Christensen and Oriol Romeu got rid of the yellow card and will be able to be at the Bernab\u00e9u\" \/>\n<meta property=\"og:url\" content=\"https:\/\/www.fcbarcelonanoticias.com\/en\/laliga\/christensen-oriol-romeu-libraron-amarilla-could-be-classic_302604_102.html\" \/>\n<meta property=\"og:site_name\" content=\"EN - FC Barcelona Noticias\" \/>\n<meta property=\"article:published_time\" content=\"2024-04-13T23:27:00+00:00\" \/>\n<meta property=\"article:modified_time\" content=\"2024-04-13T23:28:00+00:00\" \/>\n<meta property=\"og:image\" content=\"https:\/\/www.fcbarcelonanoticias.com\/en\/wp-content\/uploads\/sites\/2\/2024\/04\/christensen-romeu-barcelona-4.jpeg\" \/>\n\t<meta property=\"og:image:width\" content=\"1300\" \/>\n\t<meta property=\"og:image:height\" content=\"732\" \/>\n\t<meta property=\"og:image:type\" content=\"image\/jpeg\" \/>\n<meta name=\"author\" content=\"Andr\u00e9s Quiroz\" \/>\n<meta name=\"twitter:card\" content=\"summary_large_image\" \/>\n<meta name=\"twitter:label1\" content=\"Written by\" \/>\n\t<meta name=\"twitter:data1\" content=\"Andr\u00e9s Quiroz\" \/>\n\t<meta name=\"twitter:label2\" content=\"Est. reading time\" \/>\n\t<meta name=\"twitter:data2\" content=\"2 minutes\" \/>\n<script type=\"application\/ld+json\" class=\"yoast-schema-graph\">{\"@context\":\"https:\\\/\\\/schema.org\",\"@graph\":[{\"@type\":\"Article\",\"@id\":\"https:\\\/\\\/www.fcbarcelonanoticias.com\\\/en\\\/laliga\\\/christensen-oriol-romeu-libraron-amarilla-could-be-classic_302604_102.html#article\",\"isPartOf\":{\"@id\":\"https:\\\/\\\/www.fcbarcelonanoticias.com\\\/en\\\/laliga\\\/christensen-oriol-romeu-libraron-amarilla-could-be-classic_302604_102.html\"},\"author\":{\"name\":\"Andr\u00e9s Quiroz\",\"@id\":\"https:\\\/\\\/www.fcbarcelonanoticias.com\\\/en\\\/#\\\/schema\\\/person\\\/c2cd9f6fa1af5c0d0eccd0fefa575c88\"},\"headline\":\"Christensen and Oriol Romeu got rid of the yellow card and will be able to be in the Classic\",\"datePublished\":\"2024-04-13T23:27:00+00:00\",\"dateModified\":\"2024-04-13T23:28:00+00:00\",\"mainEntityOfPage\":{\"@id\":\"https:\\\/\\\/www.fcbarcelonanoticias.com\\\/en\\\/laliga\\\/christensen-oriol-romeu-libraron-amarilla-could-be-classic_302604_102.html\"},\"wordCount\":449,\"image\":{\"@id\":\"https:\\\/\\\/www.fcbarcelonanoticias.com\\\/en\\\/laliga\\\/christensen-oriol-romeu-libraron-amarilla-could-be-classic_302604_102.html#primaryimage\"},\"thumbnailUrl\":\"https:\\\/\\\/www.fcbarcelonanoticias.com\\\/en\\\/wp-content\\\/uploads\\\/sites\\\/2\\\/2024\\\/04\\\/christensen-romeu-barcelona-4.jpeg\",\"keywords\":[\"C\u00e1diz CF\",\"El Cl\u00e1sico\",\"Oriol Romeu\"],\"articleSection\":[\"LaLiga\",\"LaLiga\"],\"inLanguage\":\"en-US\"},{\"@type\":\"WebPage\",\"@id\":\"https:\\\/\\\/www.fcbarcelonanoticias.com\\\/en\\\/laliga\\\/christensen-oriol-romeu-libraron-amarilla-could-be-classic_302604_102.html\",\"url\":\"https:\\\/\\\/www.fcbarcelonanoticias.com\\\/en\\\/laliga\\\/christensen-oriol-romeu-libraron-amarilla-could-be-classic_302604_102.html\",\"name\":\"Christensen and Oriol Romeu got rid of the yellow card and will be able to be in the Classic\",\"isPartOf\":{\"@id\":\"https:\\\/\\\/www.fcbarcelonanoticias.com\\\/en\\\/#website\"},\"primaryImageOfPage\":{\"@id\":\"https:\\\/\\\/www.fcbarcelonanoticias.com\\\/en\\\/laliga\\\/christensen-oriol-romeu-libraron-amarilla-could-be-classic_302604_102.html#primaryimage\"},\"image\":{\"@id\":\"https:\\\/\\\/www.fcbarcelonanoticias.com\\\/en\\\/laliga\\\/christensen-oriol-romeu-libraron-amarilla-could-be-classic_302604_102.html#primaryimage\"},\"thumbnailUrl\":\"https:\\\/\\\/www.fcbarcelonanoticias.com\\\/en\\\/wp-content\\\/uploads\\\/sites\\\/2\\\/2024\\\/04\\\/christensen-romeu-barcelona-4.jpeg\",\"datePublished\":\"2024-04-13T23:27:00+00:00\",\"dateModified\":\"2024-04-13T23:28:00+00:00\",\"author\":{\"@id\":\"https:\\\/\\\/www.fcbarcelonanoticias.com\\\/en\\\/#\\\/schema\\\/person\\\/c2cd9f6fa1af5c0d0eccd0fefa575c88\"},\"description\":\"FC Barcelona left the Nuevo Mirandilla in C\u00e1diz with three points (0-1) and good news for next Sunday's Cl\u00e1sico. Both Andreas Christensen and Oriol Romeu got rid of the yellow card and will be able to be at the Bernab\u00e9u\",\"breadcrumb\":{\"@id\":\"https:\\\/\\\/www.fcbarcelonanoticias.com\\\/en\\\/laliga\\\/christensen-oriol-romeu-libraron-amarilla-could-be-classic_302604_102.html#breadcrumb\"},\"inLanguage\":\"en-US\",\"potentialAction\":[{\"@type\":\"ReadAction\",\"target\":[\"https:\\\/\\\/www.fcbarcelonanoticias.com\\\/en\\\/laliga\\\/christensen-oriol-romeu-libraron-amarilla-could-be-classic_302604_102.html\"]}]},{\"@type\":\"ImageObject\",\"inLanguage\":\"en-US\",\"@id\":\"https:\\\/\\\/www.fcbarcelonanoticias.com\\\/en\\\/laliga\\\/christensen-oriol-romeu-libraron-amarilla-could-be-classic_302604_102.html#primaryimage\",\"url\":\"https:\\\/\\\/www.fcbarcelonanoticias.com\\\/en\\\/wp-content\\\/uploads\\\/sites\\\/2\\\/2024\\\/04\\\/christensen-romeu-barcelona-4.jpeg\",\"contentUrl\":\"https:\\\/\\\/www.fcbarcelonanoticias.com\\\/en\\\/wp-content\\\/uploads\\\/sites\\\/2\\\/2024\\\/04\\\/christensen-romeu-barcelona-4.jpeg\",\"width\":1300,\"height\":732},{\"@type\":\"BreadcrumbList\",\"@id\":\"https:\\\/\\\/www.fcbarcelonanoticias.com\\\/en\\\/laliga\\\/christensen-oriol-romeu-libraron-amarilla-could-be-classic_302604_102.html#breadcrumb\",\"itemListElement\":[{\"@type\":\"ListItem\",\"position\":1,\"name\":\"Portada\",\"item\":\"https:\\\/\\\/www.fcbarcelonanoticias.com\\\/en\\\/\"},{\"@type\":\"ListItem\",\"position\":2,\"name\":\"Christensen and Oriol Romeu got rid of the yellow card and will be able to be in the Classic\"}]},{\"@type\":\"WebSite\",\"@id\":\"https:\\\/\\\/www.fcbarcelonanoticias.com\\\/en\\\/#website\",\"url\":\"https:\\\/\\\/www.fcbarcelonanoticias.com\\\/en\\\/\",\"name\":\"EN - FC Barcelona Noticias\",\"description\":\"\",\"potentialAction\":[{\"@type\":\"SearchAction\",\"target\":{\"@type\":\"EntryPoint\",\"urlTemplate\":\"https:\\\/\\\/www.fcbarcelonanoticias.com\\\/en\\\/?s={search_term_string}\"},\"query-input\":{\"@type\":\"PropertyValueSpecification\",\"valueRequired\":true,\"valueName\":\"search_term_string\"}}],\"inLanguage\":\"en-US\"},{\"@type\":\"Person\",\"@id\":\"https:\\\/\\\/www.fcbarcelonanoticias.com\\\/en\\\/#\\\/schema\\\/person\\\/c2cd9f6fa1af5c0d0eccd0fefa575c88\",\"name\":\"Andr\u00e9s Quiroz\",\"image\":{\"@type\":\"ImageObject\",\"inLanguage\":\"en-US\",\"@id\":\"https:\\\/\\\/secure.gravatar.com\\\/avatar\\\/?s=96&d=mm&r=g\",\"url\":\"https:\\\/\\\/secure.gravatar.com\\\/avatar\\\/?s=96&d=mm&r=g\",\"contentUrl\":\"https:\\\/\\\/secure.gravatar.com\\\/avatar\\\/?s=96&d=mm&r=g\",\"caption\":\"Andr\u00e9s Quiroz\"},\"description\":\"Licenciado en Periodismo por la Universidad de los Andes. Me encargo de analizar y compartir los contenidos m\u00e1s destacados de la\u00a0actualidad del F\u00fatbol Club Barcelona, Mercado de Fichajes y F\u00fatbol Internacional en FCBN. La informaci\u00f3n es poder, pero tambi\u00e9n conocimiento.\",\"url\":\"https:\\\/\\\/www.fcbarcelonanoticias.com\\\/en\\\/fc-barcelona\\\/andres-quiroz_17_115.html\"}]}<\/script>\n<!-- \/ Yoast SEO plugin. -->","yoast_head_json":{"title":"Christensen and Oriol Romeu got rid of the yellow card and will be able to be in the Classic","description":"FC Barcelona left the Nuevo Mirandilla in C\u00e1diz with three points (0-1) and good news for next Sunday's Cl\u00e1sico. Both Andreas Christensen and Oriol Romeu got rid of the yellow card and will be able to be at the Bernab\u00e9u","robots":{"index":"index","follow":"follow","max-snippet":"max-snippet:-1","max-image-preview":"max-image-preview:large","max-video-preview":"max-video-preview:-1"},"canonical":"https:\/\/www.fcbarcelonanoticias.com\/en\/laliga\/christensen-oriol-romeu-libraron-amarilla-could-be-classic_302604_102.html","og_locale":"en_US","og_type":"article","og_title":"Christensen and Oriol Romeu got rid of the yellow card and will be able to be in the Classic","og_description":"FC Barcelona left the Nuevo Mirandilla in C\u00e1diz with three points (0-1) and good news for next Sunday's Cl\u00e1sico. Both Andreas Christensen and Oriol Romeu got rid of the yellow card and will be able to be at the Bernab\u00e9u","og_url":"https:\/\/www.fcbarcelonanoticias.com\/en\/laliga\/christensen-oriol-romeu-libraron-amarilla-could-be-classic_302604_102.html","og_site_name":"EN - FC Barcelona Noticias","article_published_time":"2024-04-13T23:27:00+00:00","article_modified_time":"2024-04-13T23:28:00+00:00","og_image":[{"width":1300,"height":732,"url":"https:\/\/www.fcbarcelonanoticias.com\/en\/wp-content\/uploads\/sites\/2\/2024\/04\/christensen-romeu-barcelona-4.jpeg","type":"image\/jpeg"}],"author":"Andr\u00e9s Quiroz","twitter_card":"summary_large_image","twitter_misc":{"Written by":"Andr\u00e9s Quiroz","Est. reading time":"2 minutes"},"schema":{"@context":"https:\/\/schema.org","@graph":[{"@type":"Article","@id":"https:\/\/www.fcbarcelonanoticias.com\/en\/laliga\/christensen-oriol-romeu-libraron-amarilla-could-be-classic_302604_102.html#article","isPartOf":{"@id":"https:\/\/www.fcbarcelonanoticias.com\/en\/laliga\/christensen-oriol-romeu-libraron-amarilla-could-be-classic_302604_102.html"},"author":{"name":"Andr\u00e9s Quiroz","@id":"https:\/\/www.fcbarcelonanoticias.com\/en\/#\/schema\/person\/c2cd9f6fa1af5c0d0eccd0fefa575c88"},"headline":"Christensen and Oriol Romeu got rid of the yellow card and will be able to be in the Classic","datePublished":"2024-04-13T23:27:00+00:00","dateModified":"2024-04-13T23:28:00+00:00","mainEntityOfPage":{"@id":"https:\/\/www.fcbarcelonanoticias.com\/en\/laliga\/christensen-oriol-romeu-libraron-amarilla-could-be-classic_302604_102.html"},"wordCount":449,"image":{"@id":"https:\/\/www.fcbarcelonanoticias.com\/en\/laliga\/christensen-oriol-romeu-libraron-amarilla-could-be-classic_302604_102.html#primaryimage"},"thumbnailUrl":"https:\/\/www.fcbarcelonanoticias.com\/en\/wp-content\/uploads\/sites\/2\/2024\/04\/christensen-romeu-barcelona-4.jpeg","keywords":["C\u00e1diz CF","El Cl\u00e1sico","Oriol Romeu"],"articleSection":["LaLiga","LaLiga"],"inLanguage":"en-US"},{"@type":"WebPage","@id":"https:\/\/www.fcbarcelonanoticias.com\/en\/laliga\/christensen-oriol-romeu-libraron-amarilla-could-be-classic_302604_102.html","url":"https:\/\/www.fcbarcelonanoticias.com\/en\/laliga\/christensen-oriol-romeu-libraron-amarilla-could-be-classic_302604_102.html","name":"Christensen and Oriol Romeu got rid of the yellow card and will be able to be in the Classic","isPartOf":{"@id":"https:\/\/www.fcbarcelonanoticias.com\/en\/#website"},"primaryImageOfPage":{"@id":"https:\/\/www.fcbarcelonanoticias.com\/en\/laliga\/christensen-oriol-romeu-libraron-amarilla-could-be-classic_302604_102.html#primaryimage"},"image":{"@id":"https:\/\/www.fcbarcelonanoticias.com\/en\/laliga\/christensen-oriol-romeu-libraron-amarilla-could-be-classic_302604_102.html#primaryimage"},"thumbnailUrl":"https:\/\/www.fcbarcelonanoticias.com\/en\/wp-content\/uploads\/sites\/2\/2024\/04\/christensen-romeu-barcelona-4.jpeg","datePublished":"2024-04-13T23:27:00+00:00","dateModified":"2024-04-13T23:28:00+00:00","author":{"@id":"https:\/\/www.fcbarcelonanoticias.com\/en\/#\/schema\/person\/c2cd9f6fa1af5c0d0eccd0fefa575c88"},"description":"FC Barcelona left the Nuevo Mirandilla in C\u00e1diz with three points (0-1) and good news for next Sunday's Cl\u00e1sico. Both Andreas Christensen and Oriol Romeu got rid of the yellow card and will be able to be at the Bernab\u00e9u","breadcrumb":{"@id":"https:\/\/www.fcbarcelonanoticias.com\/en\/laliga\/christensen-oriol-romeu-libraron-amarilla-could-be-classic_302604_102.html#breadcrumb"},"inLanguage":"en-US","potentialAction":[{"@type":"ReadAction","target":["https:\/\/www.fcbarcelonanoticias.com\/en\/laliga\/christensen-oriol-romeu-libraron-amarilla-could-be-classic_302604_102.html"]}]},{"@type":"ImageObject","inLanguage":"en-US","@id":"https:\/\/www.fcbarcelonanoticias.com\/en\/laliga\/christensen-oriol-romeu-libraron-amarilla-could-be-classic_302604_102.html#primaryimage","url":"https:\/\/www.fcbarcelonanoticias.com\/en\/wp-content\/uploads\/sites\/2\/2024\/04\/christensen-romeu-barcelona-4.jpeg","contentUrl":"https:\/\/www.fcbarcelonanoticias.com\/en\/wp-content\/uploads\/sites\/2\/2024\/04\/christensen-romeu-barcelona-4.jpeg","width":1300,"height":732},{"@type":"BreadcrumbList","@id":"https:\/\/www.fcbarcelonanoticias.com\/en\/laliga\/christensen-oriol-romeu-libraron-amarilla-could-be-classic_302604_102.html#breadcrumb","itemListElement":[{"@type":"ListItem","position":1,"name":"Portada","item":"https:\/\/www.fcbarcelonanoticias.com\/en\/"},{"@type":"ListItem","position":2,"name":"Christensen and Oriol Romeu got rid of the yellow card and will be able to be in the Classic"}]},{"@type":"WebSite","@id":"https:\/\/www.fcbarcelonanoticias.com\/en\/#website","url":"https:\/\/www.fcbarcelonanoticias.com\/en\/","name":"EN - FC Barcelona Noticias","description":"","potentialAction":[{"@type":"SearchAction","target":{"@type":"EntryPoint","urlTemplate":"https:\/\/www.fcbarcelonanoticias.com\/en\/?s={search_term_string}"},"query-input":{"@type":"PropertyValueSpecification","valueRequired":true,"valueName":"search_term_string"}}],"inLanguage":"en-US"},{"@type":"Person","@id":"https:\/\/www.fcbarcelonanoticias.com\/en\/#\/schema\/person\/c2cd9f6fa1af5c0d0eccd0fefa575c88","name":"Andr\u00e9s Quiroz","image":{"@type":"ImageObject","inLanguage":"en-US","@id":"https:\/\/secure.gravatar.com\/avatar\/?s=96&d=mm&r=g","url":"https:\/\/secure.gravatar.com\/avatar\/?s=96&d=mm&r=g","contentUrl":"https:\/\/secure.gravatar.com\/avatar\/?s=96&d=mm&r=g","caption":"Andr\u00e9s Quiroz"},"description":"Licenciado en Periodismo por la Universidad de los Andes. Me encargo de analizar y compartir los contenidos m\u00e1s destacados de la\u00a0actualidad del F\u00fatbol Club Barcelona, Mercado de Fichajes y F\u00fatbol Internacional en FCBN. La informaci\u00f3n es poder, pero tambi\u00e9n conocimiento.","url":"https:\/\/www.fcbarcelonanoticias.com\/en\/fc-barcelona\/andres-quiroz_17_115.html"}]}},"_links":{"self":[{"href":"https:\/\/www.fcbarcelonanoticias.com\/en\/wp-json\/wp\/v2\/posts\/116159","targetHints":{"allow":["GET"]}}],"collection":[{"href":"https:\/\/www.fcbarcelonanoticias.com\/en\/wp-json\/wp\/v2\/posts"}],"about":[{"href":"https:\/\/www.fcbarcelonanoticias.com\/en\/wp-json\/wp\/v2\/types\/post"}],"author":[{"embeddable":true,"href":"https:\/\/www.fcbarcelonanoticias.com\/en\/wp-json\/wp\/v2\/users\/347"}],"replies":[{"embeddable":true,"href":"https:\/\/www.fcbarcelonanoticias.com\/en\/wp-json\/wp\/v2\/comments?post=116159"}],"version-history":[{"count":1,"href":"https:\/\/www.fcbarcelonanoticias.com\/en\/wp-json\/wp\/v2\/posts\/116159\/revisions"}],"predecessor-version":[{"id":149270,"href":"https:\/\/www.fcbarcelonanoticias.com\/en\/wp-json\/wp\/v2\/posts\/116159\/revisions\/149270"}],"wp:featuredmedia":[{"embeddable":true,"href":"https:\/\/www.fcbarcelonanoticias.com\/en\/wp-json\/wp\/v2\/media\/116162"}],"wp:attachment":[{"href":"https:\/\/www.fcbarcelonanoticias.com\/en\/wp-json\/wp\/v2\/media?parent=116159"}],"wp:term":[{"taxonomy":"category","embeddable":true,"href":"https:\/\/www.fcbarcelonanoticias.com\/en\/wp-json\/wp\/v2\/categories?post=116159"},{"taxonomy":"post_tag","embeddable":true,"href":"https:\/\/www.fcbarcelonanoticias.com\/en\/wp-json\/wp\/v2\/tags?post=116159"}],"curies":[{"name":"wp","href":"https:\/\/api.w.org\/{rel}","templated":true}]}}