{"id":116610,"date":"2024-03-10T10:26:00","date_gmt":"2024-03-10T09:26:00","guid":{"rendered":"https:\/\/weisetech.dev\/fc-barcelona-noticias\/en\/reason-for-var-signal-penalty-on-raphinha-barca-mallorca_301569_102\/"},"modified":"2024-03-11T05:02:00","modified_gmt":"2024-03-11T04:02:00","slug":"reason-for-var-signal-penalty-on-raphinha-barca-mallorca_301569_102","status":"publish","type":"post","link":"https:\/\/www.fcbarcelonanoticias.com\/en\/laliga\/reason-for-var-signal-penalty-on-raphinha-barca-mallorca_301569_102.html","title":{"rendered":"The reason why the VAR signaled the penalty on Raphinha in the Bar\u00e7a-Mallorca match"},"content":{"rendered":"<h2 class=\"wp-block-heading\">The first part of the duel between FC Barcelona and Mallorca was marked by the penalty committed by Copete on Raphinha. The RFEF published the VAR audio where referee Pizarro G\u00f3mez notifies principal Iglesias Villanueva of the infraction<\/h2>  \r\n<div class=\"article-addons\">\r\n    <a href=\"https:\/\/www.fcbarcelonanoticias.com\/en\/calendar-fc-barcelona.html\"\r\n       target=\"_self\"\r\n       title=\"Calendar of FC Barcelona\"\r\n       class=\"blue-gredient-btn\">\r\n       \r\n        Calendar of FC Barcelona    <\/a>\r\n<\/div>   <p>The most controversial action of the first part of the FC Barcelona-Mallorca (1-0) contested the Friday in Montju\u00efc was, definitely, the penalti distinguished by intervention of the VAR of Crest on Raphinha. <strong>In the minute 20, the defender of the Balearic group stepped to the Brazilian inside the area, but the main Churches Villanueva overlooked the infringement in first instance<\/strong>. Second later, Pizarro G\u00f3mez recommended him review the played, after which the Galician referee opted for signalling the fault.<\/p>  <p><strong>&#8220;I recommend you an OFR so that values a potential penalti of the player, of Crest<\/strong>. We go him to put this action. Of agreement? How it hits him. <strong>Afterwards we go it to him to give so that it see the dynamics of how was the career of the forward of the Bar\u00e7a<\/strong>. And you go it to him to put afterwards in out game so that it see it&#8221;, explains Pizarro G\u00f3mez in the audio published by the Real Spanish Federation of Football.<\/p>  <h2>The VAR avoided another penalti stolen to the Bar\u00e7a<\/h2>  <p>&#8220;I show you the impact of Crest, where gives him, so that you see where there is the impact. Later, I go it to you to put first to the 50 and afterwards go it to you to open to normal speed&#8221;, added the attendant of the VAR just before the main judge observed the monitor. &#8220;This, that see that it is inside the contact.<strong> It exists the zancadilla, do not see the pisot\u00f3n. With which, do not go to disciplinary sanction. Stop me again the contact, please, in short. This is, voucher. We restart with penalti&#8221;<\/strong>, puntualiz\u00f3 Churches Villanueva, recognising his initial error.<\/p>  <blockquote class=\"twitter-tweet\"> <p dir=\"ltr\" lang=\"es\">\ud83d\udde3 AUDIO REVIEW VAR<br><br> \ud83d\uddd3 Day 28 | First Division<br><br> \u26bd <a href=\"https:\/\/twitter.com\/en\/FCBarcelona?ref_src=twsrc%5Etfw\">@FCBarcelona<\/a> \ud83c\udd9a <a href=\"https:\/\/twitter.com\/en\/RCD_Mallorca?ref_src=twsrc%5Etfw\">@RCD_Mallorca<\/a> | 20&#8242;<a href=\"https:\/\/twitter.com\/en\/hashtag\/ArbitrajeRFEF?src=hash&amp;ref_src=twsrc%5Etfw\">#ArbitrajeRFEF<\/a> | <a href=\"https:\/\/twitter.com\/en\/CTARFEF?ref_src=twsrc%5Etfw\">@CTARFEF<\/a> <a href=\"https:\/\/t.co\/en\/3Bon25ajbc\">pic.twitter.com\/3bon25ajbc<\/a><\/p> \u2014 RFEF (@rfef) <a href=\"https:\/\/twitter.com\/en\/rfef\/status\/1766596328966992273?ref_src=twsrc%5Etfw\">March 9, 2024<\/a> <\/blockquote> <p>At the end, \u00cdlkay G\u00fcndogan failed the collection and Raphinha left lesionado in the minute 37. Luckily for the Bar\u00e7a, <a data-external=\"0\" data-intl-links-en=\"https:\/\/www.fcbarcelonanoticias.com\/en\/laliga\/the-drama-endless-raphinha-lesiona-of-the-ankle-in-front-of-the-mallorca-when-better-was_301528_102.html\" data-intl-links-es=\"https:\/\/www.fcbarcelonanoticias.com\/laliga\/el-drama-sin-fin-raphinha-se-lesiona-tobillo-mallorca-cuando-mejor-estaba_301528_102.html\" href=\"https:\/\/www.fcbarcelonanoticias.com\/en\/laliga\/the-drama-endless-raphinha-lesiona-of-the-ankle-in-front-of-the-mallorca-when-better-was_301528_102.html\" rel=\"follow\" target=\"_self\" title=\"\u00a1Estar\u00e1 contra el N\u00e1poles! Raphinha dio el 'susto' al Bar\u00e7a contra el Mallorca\">the &#8217;11&#8217; will recover to time for the duel of the Tuesday in front of the Naples<\/a>. In the decision to instances of the VAR, the cul\u00e9s saved of a new &#8216;theft&#8217; referee&#8217;s. <strong>In the first turn, in Sound Moix, the VAR had taken part to cancel a fault inside the area<\/strong>, also of Crest, but on Lamine Yamal.<\/p>  <blockquote class=\"twitter-tweet\"> <p dir=\"ltr\" lang=\"es\">There is not PENALTI on Lamine Yamal \ud83d\udcfa<br><br> Mu\u00f1iz Ruiz pit\u00f3 lacking of Crest, but rectified after the call of the VAR \ud83e\uddd0 What seems you? <a href=\"https:\/\/twitter.com\/en\/hashtag\/LALIGAenDAZN?src=hash&amp;ref_src=twsrc%5Etfw\">#LALIGAenDAZN<\/a> \u26bd <a href=\"https:\/\/t.co\/en\/jHzz2yS2ad\">pic.twitter.com\/jhzz2ys2ad<\/a><\/p> \u2014 DAZN Spain (@DAZN_IS) <a href=\"https:\/\/twitter.com\/en\/DAZN_ES\/status\/1706777612868108729?ref_src=twsrc%5Etfw\">September 26, 2023<\/a> <\/blockquote> ","protected":false},"excerpt":{"rendered":"<p>The first part of the duel between FC Barcelona and Mallorca was marked by the penalty committed by Copete on Raphinha. The RFEF published the VAR audio where referee Pizarro G\u00f3mez notifies principal Iglesias Villanueva of the infraction The most controversial action of the first part of the FC Barcelona-Mallorca (1-0) contested the Friday in [&hellip;]<\/p>\n","protected":false},"author":347,"featured_media":116616,"comment_status":"closed","ping_status":"open","sticky":false,"template":"","format":"standard","meta":{"_acf_changed":false,"inline_featured_image":false,"_nextfly_llmd_date_locked":false,"footnotes":""},"categories":[114,448],"tags":[52,190,194],"class_list":["post-116610","post","type-post","status-publish","format-standard","has-post-thumbnail","hentry","category-laliga","category-laliga-2","tag-rcd-mallorca","tag-referees","tag-var"],"acf":[],"yoast_head":"<!-- This site is optimized with the Yoast SEO plugin v27.3 - https:\/\/yoast.com\/product\/yoast-seo-wordpress\/ -->\n<title>The reason why the VAR signaled the penalty on Raphinha in the Bar\u00e7a-Mallorca match<\/title>\n<meta name=\"description\" content=\"The first part of the duel between FC Barcelona and Mallorca was marked by the penalty committed by Copete on Raphinha. The RFEF published the VAR audio where referee Pizarro G\u00f3mez notifies principal Iglesias Villanueva of the infraction\" \/>\n<meta name=\"robots\" content=\"index, follow, max-snippet:-1, max-image-preview:large, max-video-preview:-1\" \/>\n<link rel=\"canonical\" href=\"https:\/\/www.fcbarcelonanoticias.com\/en\/laliga\/reason-for-var-signal-penalty-on-raphinha-barca-mallorca_301569_102.html\" \/>\n<meta property=\"og:locale\" content=\"en_US\" \/>\n<meta property=\"og:type\" content=\"article\" \/>\n<meta property=\"og:title\" content=\"The reason why the VAR signaled the penalty on Raphinha in the Bar\u00e7a-Mallorca match\" \/>\n<meta property=\"og:description\" content=\"The first part of the duel between FC Barcelona and Mallorca was marked by the penalty committed by Copete on Raphinha. The RFEF published the VAR audio where referee Pizarro G\u00f3mez notifies principal Iglesias Villanueva of the infraction\" \/>\n<meta property=\"og:url\" content=\"https:\/\/www.fcbarcelonanoticias.com\/en\/laliga\/reason-for-var-signal-penalty-on-raphinha-barca-mallorca_301569_102.html\" \/>\n<meta property=\"og:site_name\" content=\"EN - FC Barcelona Noticias\" \/>\n<meta property=\"article:published_time\" content=\"2024-03-10T09:26:00+00:00\" \/>\n<meta property=\"article:modified_time\" content=\"2024-03-11T04:02:00+00:00\" \/>\n<meta property=\"og:image\" content=\"https:\/\/www.fcbarcelonanoticias.com\/en\/wp-content\/uploads\/sites\/2\/2024\/03\/raphinha-v-mallorca-2.jpeg\" \/>\n\t<meta property=\"og:image:width\" content=\"1300\" \/>\n\t<meta property=\"og:image:height\" content=\"732\" \/>\n\t<meta property=\"og:image:type\" content=\"image\/jpeg\" \/>\n<meta name=\"author\" content=\"Andr\u00e9s Quiroz\" \/>\n<meta name=\"twitter:card\" content=\"summary_large_image\" \/>\n<meta name=\"twitter:label1\" content=\"Written by\" \/>\n\t<meta name=\"twitter:data1\" content=\"Andr\u00e9s Quiroz\" \/>\n\t<meta name=\"twitter:label2\" content=\"Est. reading time\" \/>\n\t<meta name=\"twitter:data2\" content=\"2 minutes\" \/>\n<script type=\"application\/ld+json\" class=\"yoast-schema-graph\">{\"@context\":\"https:\\\/\\\/schema.org\",\"@graph\":[{\"@type\":\"Article\",\"@id\":\"https:\\\/\\\/www.fcbarcelonanoticias.com\\\/en\\\/laliga\\\/reason-for-var-signal-penalty-on-raphinha-barca-mallorca_301569_102.html#article\",\"isPartOf\":{\"@id\":\"https:\\\/\\\/www.fcbarcelonanoticias.com\\\/en\\\/laliga\\\/reason-for-var-signal-penalty-on-raphinha-barca-mallorca_301569_102.html\"},\"author\":{\"name\":\"Andr\u00e9s Quiroz\",\"@id\":\"https:\\\/\\\/www.fcbarcelonanoticias.com\\\/en\\\/#\\\/schema\\\/person\\\/c2cd9f6fa1af5c0d0eccd0fefa575c88\"},\"headline\":\"The reason why the VAR signaled the penalty on Raphinha in the Bar\u00e7a-Mallorca match\",\"datePublished\":\"2024-03-10T09:26:00+00:00\",\"dateModified\":\"2024-03-11T04:02:00+00:00\",\"mainEntityOfPage\":{\"@id\":\"https:\\\/\\\/www.fcbarcelonanoticias.com\\\/en\\\/laliga\\\/reason-for-var-signal-penalty-on-raphinha-barca-mallorca_301569_102.html\"},\"wordCount\":472,\"image\":{\"@id\":\"https:\\\/\\\/www.fcbarcelonanoticias.com\\\/en\\\/laliga\\\/reason-for-var-signal-penalty-on-raphinha-barca-mallorca_301569_102.html#primaryimage\"},\"thumbnailUrl\":\"https:\\\/\\\/www.fcbarcelonanoticias.com\\\/en\\\/wp-content\\\/uploads\\\/sites\\\/2\\\/2024\\\/03\\\/raphinha-v-mallorca-2.jpeg\",\"keywords\":[\"RCD Mallorca\",\"Referees\",\"VAR\"],\"articleSection\":[\"LaLiga\",\"LaLiga\"],\"inLanguage\":\"en-US\"},{\"@type\":\"WebPage\",\"@id\":\"https:\\\/\\\/www.fcbarcelonanoticias.com\\\/en\\\/laliga\\\/reason-for-var-signal-penalty-on-raphinha-barca-mallorca_301569_102.html\",\"url\":\"https:\\\/\\\/www.fcbarcelonanoticias.com\\\/en\\\/laliga\\\/reason-for-var-signal-penalty-on-raphinha-barca-mallorca_301569_102.html\",\"name\":\"The reason why the VAR signaled the penalty on Raphinha in the Bar\u00e7a-Mallorca match\",\"isPartOf\":{\"@id\":\"https:\\\/\\\/www.fcbarcelonanoticias.com\\\/en\\\/#website\"},\"primaryImageOfPage\":{\"@id\":\"https:\\\/\\\/www.fcbarcelonanoticias.com\\\/en\\\/laliga\\\/reason-for-var-signal-penalty-on-raphinha-barca-mallorca_301569_102.html#primaryimage\"},\"image\":{\"@id\":\"https:\\\/\\\/www.fcbarcelonanoticias.com\\\/en\\\/laliga\\\/reason-for-var-signal-penalty-on-raphinha-barca-mallorca_301569_102.html#primaryimage\"},\"thumbnailUrl\":\"https:\\\/\\\/www.fcbarcelonanoticias.com\\\/en\\\/wp-content\\\/uploads\\\/sites\\\/2\\\/2024\\\/03\\\/raphinha-v-mallorca-2.jpeg\",\"datePublished\":\"2024-03-10T09:26:00+00:00\",\"dateModified\":\"2024-03-11T04:02:00+00:00\",\"author\":{\"@id\":\"https:\\\/\\\/www.fcbarcelonanoticias.com\\\/en\\\/#\\\/schema\\\/person\\\/c2cd9f6fa1af5c0d0eccd0fefa575c88\"},\"description\":\"The first part of the duel between FC Barcelona and Mallorca was marked by the penalty committed by Copete on Raphinha. The RFEF published the VAR audio where referee Pizarro G\u00f3mez notifies principal Iglesias Villanueva of the infraction\",\"breadcrumb\":{\"@id\":\"https:\\\/\\\/www.fcbarcelonanoticias.com\\\/en\\\/laliga\\\/reason-for-var-signal-penalty-on-raphinha-barca-mallorca_301569_102.html#breadcrumb\"},\"inLanguage\":\"en-US\",\"potentialAction\":[{\"@type\":\"ReadAction\",\"target\":[\"https:\\\/\\\/www.fcbarcelonanoticias.com\\\/en\\\/laliga\\\/reason-for-var-signal-penalty-on-raphinha-barca-mallorca_301569_102.html\"]}]},{\"@type\":\"ImageObject\",\"inLanguage\":\"en-US\",\"@id\":\"https:\\\/\\\/www.fcbarcelonanoticias.com\\\/en\\\/laliga\\\/reason-for-var-signal-penalty-on-raphinha-barca-mallorca_301569_102.html#primaryimage\",\"url\":\"https:\\\/\\\/www.fcbarcelonanoticias.com\\\/en\\\/wp-content\\\/uploads\\\/sites\\\/2\\\/2024\\\/03\\\/raphinha-v-mallorca-2.jpeg\",\"contentUrl\":\"https:\\\/\\\/www.fcbarcelonanoticias.com\\\/en\\\/wp-content\\\/uploads\\\/sites\\\/2\\\/2024\\\/03\\\/raphinha-v-mallorca-2.jpeg\",\"width\":1300,\"height\":732},{\"@type\":\"BreadcrumbList\",\"@id\":\"https:\\\/\\\/www.fcbarcelonanoticias.com\\\/en\\\/laliga\\\/reason-for-var-signal-penalty-on-raphinha-barca-mallorca_301569_102.html#breadcrumb\",\"itemListElement\":[{\"@type\":\"ListItem\",\"position\":1,\"name\":\"Portada\",\"item\":\"https:\\\/\\\/www.fcbarcelonanoticias.com\\\/en\\\/\"},{\"@type\":\"ListItem\",\"position\":2,\"name\":\"The reason why the VAR signaled the penalty on Raphinha in the Bar\u00e7a-Mallorca match\"}]},{\"@type\":\"WebSite\",\"@id\":\"https:\\\/\\\/www.fcbarcelonanoticias.com\\\/en\\\/#website\",\"url\":\"https:\\\/\\\/www.fcbarcelonanoticias.com\\\/en\\\/\",\"name\":\"EN - FC Barcelona Noticias\",\"description\":\"\",\"potentialAction\":[{\"@type\":\"SearchAction\",\"target\":{\"@type\":\"EntryPoint\",\"urlTemplate\":\"https:\\\/\\\/www.fcbarcelonanoticias.com\\\/en\\\/?s={search_term_string}\"},\"query-input\":{\"@type\":\"PropertyValueSpecification\",\"valueRequired\":true,\"valueName\":\"search_term_string\"}}],\"inLanguage\":\"en-US\"},{\"@type\":\"Person\",\"@id\":\"https:\\\/\\\/www.fcbarcelonanoticias.com\\\/en\\\/#\\\/schema\\\/person\\\/c2cd9f6fa1af5c0d0eccd0fefa575c88\",\"name\":\"Andr\u00e9s Quiroz\",\"image\":{\"@type\":\"ImageObject\",\"inLanguage\":\"en-US\",\"@id\":\"https:\\\/\\\/secure.gravatar.com\\\/avatar\\\/?s=96&d=mm&r=g\",\"url\":\"https:\\\/\\\/secure.gravatar.com\\\/avatar\\\/?s=96&d=mm&r=g\",\"contentUrl\":\"https:\\\/\\\/secure.gravatar.com\\\/avatar\\\/?s=96&d=mm&r=g\",\"caption\":\"Andr\u00e9s Quiroz\"},\"description\":\"Licenciado en Periodismo por la Universidad de los Andes. Me encargo de analizar y compartir los contenidos m\u00e1s destacados de la\u00a0actualidad del F\u00fatbol Club Barcelona, Mercado de Fichajes y F\u00fatbol Internacional en FCBN. La informaci\u00f3n es poder, pero tambi\u00e9n conocimiento.\",\"url\":\"https:\\\/\\\/www.fcbarcelonanoticias.com\\\/en\\\/fc-barcelona\\\/andres-quiroz_17_115.html\"}]}<\/script>\n<!-- \/ Yoast SEO plugin. -->","yoast_head_json":{"title":"The reason why the VAR signaled the penalty on Raphinha in the Bar\u00e7a-Mallorca match","description":"The first part of the duel between FC Barcelona and Mallorca was marked by the penalty committed by Copete on Raphinha. The RFEF published the VAR audio where referee Pizarro G\u00f3mez notifies principal Iglesias Villanueva of the infraction","robots":{"index":"index","follow":"follow","max-snippet":"max-snippet:-1","max-image-preview":"max-image-preview:large","max-video-preview":"max-video-preview:-1"},"canonical":"https:\/\/www.fcbarcelonanoticias.com\/en\/laliga\/reason-for-var-signal-penalty-on-raphinha-barca-mallorca_301569_102.html","og_locale":"en_US","og_type":"article","og_title":"The reason why the VAR signaled the penalty on Raphinha in the Bar\u00e7a-Mallorca match","og_description":"The first part of the duel between FC Barcelona and Mallorca was marked by the penalty committed by Copete on Raphinha. The RFEF published the VAR audio where referee Pizarro G\u00f3mez notifies principal Iglesias Villanueva of the infraction","og_url":"https:\/\/www.fcbarcelonanoticias.com\/en\/laliga\/reason-for-var-signal-penalty-on-raphinha-barca-mallorca_301569_102.html","og_site_name":"EN - FC Barcelona Noticias","article_published_time":"2024-03-10T09:26:00+00:00","article_modified_time":"2024-03-11T04:02:00+00:00","og_image":[{"width":1300,"height":732,"url":"https:\/\/www.fcbarcelonanoticias.com\/en\/wp-content\/uploads\/sites\/2\/2024\/03\/raphinha-v-mallorca-2.jpeg","type":"image\/jpeg"}],"author":"Andr\u00e9s Quiroz","twitter_card":"summary_large_image","twitter_misc":{"Written by":"Andr\u00e9s Quiroz","Est. reading time":"2 minutes"},"schema":{"@context":"https:\/\/schema.org","@graph":[{"@type":"Article","@id":"https:\/\/www.fcbarcelonanoticias.com\/en\/laliga\/reason-for-var-signal-penalty-on-raphinha-barca-mallorca_301569_102.html#article","isPartOf":{"@id":"https:\/\/www.fcbarcelonanoticias.com\/en\/laliga\/reason-for-var-signal-penalty-on-raphinha-barca-mallorca_301569_102.html"},"author":{"name":"Andr\u00e9s Quiroz","@id":"https:\/\/www.fcbarcelonanoticias.com\/en\/#\/schema\/person\/c2cd9f6fa1af5c0d0eccd0fefa575c88"},"headline":"The reason why the VAR signaled the penalty on Raphinha in the Bar\u00e7a-Mallorca match","datePublished":"2024-03-10T09:26:00+00:00","dateModified":"2024-03-11T04:02:00+00:00","mainEntityOfPage":{"@id":"https:\/\/www.fcbarcelonanoticias.com\/en\/laliga\/reason-for-var-signal-penalty-on-raphinha-barca-mallorca_301569_102.html"},"wordCount":472,"image":{"@id":"https:\/\/www.fcbarcelonanoticias.com\/en\/laliga\/reason-for-var-signal-penalty-on-raphinha-barca-mallorca_301569_102.html#primaryimage"},"thumbnailUrl":"https:\/\/www.fcbarcelonanoticias.com\/en\/wp-content\/uploads\/sites\/2\/2024\/03\/raphinha-v-mallorca-2.jpeg","keywords":["RCD Mallorca","Referees","VAR"],"articleSection":["LaLiga","LaLiga"],"inLanguage":"en-US"},{"@type":"WebPage","@id":"https:\/\/www.fcbarcelonanoticias.com\/en\/laliga\/reason-for-var-signal-penalty-on-raphinha-barca-mallorca_301569_102.html","url":"https:\/\/www.fcbarcelonanoticias.com\/en\/laliga\/reason-for-var-signal-penalty-on-raphinha-barca-mallorca_301569_102.html","name":"The reason why the VAR signaled the penalty on Raphinha in the Bar\u00e7a-Mallorca match","isPartOf":{"@id":"https:\/\/www.fcbarcelonanoticias.com\/en\/#website"},"primaryImageOfPage":{"@id":"https:\/\/www.fcbarcelonanoticias.com\/en\/laliga\/reason-for-var-signal-penalty-on-raphinha-barca-mallorca_301569_102.html#primaryimage"},"image":{"@id":"https:\/\/www.fcbarcelonanoticias.com\/en\/laliga\/reason-for-var-signal-penalty-on-raphinha-barca-mallorca_301569_102.html#primaryimage"},"thumbnailUrl":"https:\/\/www.fcbarcelonanoticias.com\/en\/wp-content\/uploads\/sites\/2\/2024\/03\/raphinha-v-mallorca-2.jpeg","datePublished":"2024-03-10T09:26:00+00:00","dateModified":"2024-03-11T04:02:00+00:00","author":{"@id":"https:\/\/www.fcbarcelonanoticias.com\/en\/#\/schema\/person\/c2cd9f6fa1af5c0d0eccd0fefa575c88"},"description":"The first part of the duel between FC Barcelona and Mallorca was marked by the penalty committed by Copete on Raphinha. The RFEF published the VAR audio where referee Pizarro G\u00f3mez notifies principal Iglesias Villanueva of the infraction","breadcrumb":{"@id":"https:\/\/www.fcbarcelonanoticias.com\/en\/laliga\/reason-for-var-signal-penalty-on-raphinha-barca-mallorca_301569_102.html#breadcrumb"},"inLanguage":"en-US","potentialAction":[{"@type":"ReadAction","target":["https:\/\/www.fcbarcelonanoticias.com\/en\/laliga\/reason-for-var-signal-penalty-on-raphinha-barca-mallorca_301569_102.html"]}]},{"@type":"ImageObject","inLanguage":"en-US","@id":"https:\/\/www.fcbarcelonanoticias.com\/en\/laliga\/reason-for-var-signal-penalty-on-raphinha-barca-mallorca_301569_102.html#primaryimage","url":"https:\/\/www.fcbarcelonanoticias.com\/en\/wp-content\/uploads\/sites\/2\/2024\/03\/raphinha-v-mallorca-2.jpeg","contentUrl":"https:\/\/www.fcbarcelonanoticias.com\/en\/wp-content\/uploads\/sites\/2\/2024\/03\/raphinha-v-mallorca-2.jpeg","width":1300,"height":732},{"@type":"BreadcrumbList","@id":"https:\/\/www.fcbarcelonanoticias.com\/en\/laliga\/reason-for-var-signal-penalty-on-raphinha-barca-mallorca_301569_102.html#breadcrumb","itemListElement":[{"@type":"ListItem","position":1,"name":"Portada","item":"https:\/\/www.fcbarcelonanoticias.com\/en\/"},{"@type":"ListItem","position":2,"name":"The reason why the VAR signaled the penalty on Raphinha in the Bar\u00e7a-Mallorca match"}]},{"@type":"WebSite","@id":"https:\/\/www.fcbarcelonanoticias.com\/en\/#website","url":"https:\/\/www.fcbarcelonanoticias.com\/en\/","name":"EN - FC Barcelona Noticias","description":"","potentialAction":[{"@type":"SearchAction","target":{"@type":"EntryPoint","urlTemplate":"https:\/\/www.fcbarcelonanoticias.com\/en\/?s={search_term_string}"},"query-input":{"@type":"PropertyValueSpecification","valueRequired":true,"valueName":"search_term_string"}}],"inLanguage":"en-US"},{"@type":"Person","@id":"https:\/\/www.fcbarcelonanoticias.com\/en\/#\/schema\/person\/c2cd9f6fa1af5c0d0eccd0fefa575c88","name":"Andr\u00e9s Quiroz","image":{"@type":"ImageObject","inLanguage":"en-US","@id":"https:\/\/secure.gravatar.com\/avatar\/?s=96&d=mm&r=g","url":"https:\/\/secure.gravatar.com\/avatar\/?s=96&d=mm&r=g","contentUrl":"https:\/\/secure.gravatar.com\/avatar\/?s=96&d=mm&r=g","caption":"Andr\u00e9s Quiroz"},"description":"Licenciado en Periodismo por la Universidad de los Andes. Me encargo de analizar y compartir los contenidos m\u00e1s destacados de la\u00a0actualidad del F\u00fatbol Club Barcelona, Mercado de Fichajes y F\u00fatbol Internacional en FCBN. La informaci\u00f3n es poder, pero tambi\u00e9n conocimiento.","url":"https:\/\/www.fcbarcelonanoticias.com\/en\/fc-barcelona\/andres-quiroz_17_115.html"}]}},"_links":{"self":[{"href":"https:\/\/www.fcbarcelonanoticias.com\/en\/wp-json\/wp\/v2\/posts\/116610","targetHints":{"allow":["GET"]}}],"collection":[{"href":"https:\/\/www.fcbarcelonanoticias.com\/en\/wp-json\/wp\/v2\/posts"}],"about":[{"href":"https:\/\/www.fcbarcelonanoticias.com\/en\/wp-json\/wp\/v2\/types\/post"}],"author":[{"embeddable":true,"href":"https:\/\/www.fcbarcelonanoticias.com\/en\/wp-json\/wp\/v2\/users\/347"}],"replies":[{"embeddable":true,"href":"https:\/\/www.fcbarcelonanoticias.com\/en\/wp-json\/wp\/v2\/comments?post=116610"}],"version-history":[{"count":1,"href":"https:\/\/www.fcbarcelonanoticias.com\/en\/wp-json\/wp\/v2\/posts\/116610\/revisions"}],"predecessor-version":[{"id":150084,"href":"https:\/\/www.fcbarcelonanoticias.com\/en\/wp-json\/wp\/v2\/posts\/116610\/revisions\/150084"}],"wp:featuredmedia":[{"embeddable":true,"href":"https:\/\/www.fcbarcelonanoticias.com\/en\/wp-json\/wp\/v2\/media\/116616"}],"wp:attachment":[{"href":"https:\/\/www.fcbarcelonanoticias.com\/en\/wp-json\/wp\/v2\/media?parent=116610"}],"wp:term":[{"taxonomy":"category","embeddable":true,"href":"https:\/\/www.fcbarcelonanoticias.com\/en\/wp-json\/wp\/v2\/categories?post=116610"},{"taxonomy":"post_tag","embeddable":true,"href":"https:\/\/www.fcbarcelonanoticias.com\/en\/wp-json\/wp\/v2\/tags?post=116610"}],"curies":[{"name":"wp","href":"https:\/\/api.w.org\/{rel}","templated":true}]}}