{"id":116693,"date":"2024-10-27T16:26:00","date_gmt":"2024-10-27T15:26:00","guid":{"rendered":"https:\/\/weisetech.dev\/fc-barcelona-noticias\/en\/laliga-stands-against-bernabeu-for-racist-insults-against-lamine-yamal-clasico_308208_102\/"},"modified":"2024-10-27T17:54:00","modified_gmt":"2024-10-27T16:54:00","slug":"laliga-stands-against-bernabeu-for-racist-insults-against-lamine-yamal-clasico_308208_102","status":"publish","type":"post","link":"https:\/\/www.fcbarcelonanoticias.com\/en\/laliga\/laliga-stands-against-bernabeu-for-racist-insults-against-lamine-yamal-clasico_308208_102.html","title":{"rendered":"LaLiga stands against the Bernab\u00e9u for racist insults against Lamine Yamal in the Cl\u00e1sico"},"content":{"rendered":"<h2 class=\"wp-block-heading\">LaLiga issued a statement this Sunday condemning the racist insults that Lamine Yamal received during the Real Madrid-FC Barcelona (0-4). The employer will send a formal complaint to the National Police<\/h2>  \r\n<div class=\"article-addons\">\r\n    <a href=\"https:\/\/www.fcbarcelonanoticias.com\/en\/calendar-fc-barcelona.html\"\r\n       target=\"_self\"\r\n       title=\"Calendar of FC Barcelona\"\r\n       class=\"blue-gredient-btn\">\r\n       \r\n        Calendar of FC Barcelona    <\/a>\r\n<\/div>   <p>This Sunday, <strong>LaLiga condemned the racist behavior of a group of Real Madrid fans <\/strong>against the FC Barcelona player, Lamine Yamal, during the Cl\u00e1sico played on Saturday at the Santiago Bernab\u00e9u (0-4).<\/p>  <p>Through a statement, the employers reported that they will send a formal complaint,<strong> with evidence about the screams and gestures at the Barcelona winger and other players of the Bar\u00e7a team<\/strong>, to the Hate Section of the Information Brigade of the National Police.<\/p>  <blockquote class=\"twitter-tweet\"> <p dir=\"ltr\" lang=\"es\">\ud83d\udcc4 LALIGA Already has presented the complaints after the occurred in <a href=\"https:\/\/twitter.com\/en\/hashtag\/ELCL%C3%81SICO?src=hash&amp;ref_src=twsrc%5Etfw\">#ELCL\u00c1SICO<\/a>.<br><br> It reports the insults and racist gestures to Lamine Yamal, Raphinha and Ansu Fati in front of the Section of Hate of the Brigade of Information of the <a href=\"https:\/\/twitter.com\/en\/policia?ref_src=twsrc%5Etfw\">@policia<\/a>. <a href=\"https:\/\/t.co\/en\/Wd8bTKuXXF\">pic.twitter.com\/wd8btkuxxf<\/a><\/p> \u2014 LALIGA Corporate (@LaLigaCorp) <a href=\"https:\/\/twitter.com\/en\/LaLigaCorp\/status\/1850550399956066653?ref_src=twsrc%5Etfw\">October 27, 2024<\/a> <\/blockquote> <p>In various videos shared by users of the &#8216;X&#8217; social network and TikTok, several &#8216;Merengues&#8217; fans can be seen insulting Lamine after the youth player scored the 0-3 partial goal in the 77th minute. <strong>&#8220;Fucking black man,&#8221; &#8221; Puto moro!&#8221;, &#8220;Go to the traffic light to sell tissues!&#8221; and &#8220;Fucking shit!<\/strong> were some of the grievances launched by the Bernab\u00e9u stands against the cul\u00e9 youth squad.<\/p>  <blockquote class=\"twitter-tweet\"> <p dir=\"ltr\" lang=\"es\">\ud83d\udea8XENOPHOBE alert IN SANTIAGO BERNAB\u00c9U\ud83d\udea8<br><br> Followers of the Real Madrid shout&#8221;to sell handkerchieves to the semaphores&#8221; and &#8220;ORE of mierd*&#8221; to Lamine Yamal.<br><br> Until when it goes to allow do xenophobe and racist insults with impunity in the Bernab\u00e9u?<br><br> Shame <a href=\"https:\/\/twitter.com\/en\/Tebasjavier?ref_src=twsrc%5Etfw\">@Tebasjavier<\/a> <a href=\"https:\/\/twitter.com\/en\/LaLiga?ref_src=twsrc%5Etfw\">@LaLiga<\/a> <a href=\"https:\/\/t.co\/en\/W53QXpbTw4\">pic.twitter.com\/w53qxpbtw4<\/a><\/p> \u2014 Luchetti (@sir_Struggle) <a href=\"https:\/\/twitter.com\/en\/sir_lucho\/status\/1850439648914395537?ref_src=twsrc%5Etfw\">October 27, 2024<\/a> <\/blockquote> <h3>The National Police will continue the investigation<\/h3>  <p>In that sense, the case will pass into <strong>the hands of the Coordinating Court Prosecutor of the Hate and Discrimination Crimes Unit of the State Attorney General&#8217;s Office<\/strong>, Miguel \u00c1ngel Aguilar Garc\u00eda, who will be in charge of conducting the investigation to apply the corresponding sanctions.<\/p>  <p><strong>&#8220;LaLiga strongly condemns these events that occurred at the Santiago Bernab\u00e9u and remains firm in its commitment to eradicate any type of racist behavior and hatred inside and outside the stadiums. There is no place in sport for this scourge,&#8221;<\/strong> the employer&#8217;s statement said. .<\/p>  <blockquote class=\"twitter-tweet\"> <p dir=\"ltr\" lang=\"es\">\ud83d\udfe6\ud83d\udfe5RACISMO EN EL BERNAB\u00c9U CONTRA LAMINE YAMAL<br><br> \u260e\ufe0fDEN\u00daNCIALO \/ COMP\u00c1RTELO<a href=\"https:\/\/twitter.com\/en\/FCBarcelona_es?ref_src=twsrc%5Etfw\">@FCBarcelona_es<\/a> <a href=\"https:\/\/twitter.com\/en\/hashtag\/MadridBar%C3%A7a?src=hash&amp;ref_src=twsrc%5Etfw\">#MadridBar\u00e7a<\/a> <a href=\"https:\/\/twitter.com\/en\/hashtag\/RealMadrid?src=hash&amp;ref_src=twsrc%5Etfw\">#RealMadrid<\/a> <a href=\"https:\/\/twitter.com\/en\/hashtag\/FCBarcelona?src=hash&amp;ref_src=twsrc%5Etfw\">#FCBarcelona<\/a> <a href=\"https:\/\/twitter.com\/en\/hashtag\/Bar%C3%A7a?src=hash&amp;ref_src=twsrc%5Etfw\">#Bar\u00e7a<\/a> <a href=\"https:\/\/twitter.com\/en\/hashtag\/FCBN?src=hash&amp;ref_src=twsrc%5Etfw\">#FCBN<\/a> <a href=\"https:\/\/twitter.com\/en\/hashtag\/Racismo?src=hash&amp;ref_src=twsrc%5Etfw\">#Racismo<\/a> <a href=\"https:\/\/twitter.com\/en\/hashtag\/Noalracismo?src=hash&amp;ref_src=twsrc%5Etfw\">#Noalracismo<\/a> <a href=\"https:\/\/twitter.com\/en\/hashtag\/LamineYamal?src=hash&amp;ref_src=twsrc%5Etfw\">#LamineYamal<\/a> <a href=\"https:\/\/t.co\/en\/AB7QLjiQQs\">pic.twitter.com\/AB7QLjiQQs<\/a><\/p> \u2014 FCBN (@FCBNOTICIAS) <a href=\"https:\/\/twitter.com\/en\/FCBNOTICIAS\/status\/1850454826045390877?ref_src=twsrc%5Etfw\">October 27, 2024<\/a> <\/blockquote> <h3>The CSD will also go after those who insulted Lamine in the Classic<\/h3>  <p>Similarly, the Higher Sports Council (CSD) also spoke out against the racist insults to Yamal in the Classic. The government entity regretted what happened in a match of such importance where there is no place for <strong>&#8220;expressions of violence, racism, xenophobia, hatred or intolerance.&#8221;<\/strong><\/p>  <blockquote class=\"twitter-tweet\"> <p dir=\"ltr\" lang=\"es\">The CSD condemns of forceful way the incidents of racist character occurred this Saturday in the stadium Santiago Bernab\u00e9u.<br><br> \u2795 Information: <a href=\"https:\/\/t.co\/en\/KDOwVgSqCw\">https:\/\/t.co\/kdowvgsqcw<\/a> <a href=\"https:\/\/t.co\/en\/KzO7T9JhcQ\">pic.twitter.com\/kzo7t9jhcq<\/a><\/p> \u2014 CSD (@deportegob) <a href=\"https:\/\/twitter.com\/en\/deportegob\/status\/1850508968021373140?ref_src=twsrc%5Etfw\">October 27, 2024<\/a> <\/blockquote> <p><strong>&#8220;As has happened on previous occasions with other incidents, the events that occurred during the course of this match will be analyzed by the State Commission against Violence, Racism, Xenophobia and Intolerance in Sports,&#8221;<\/strong> details the message shared by the CSD.<\/p>  <p>For this reason, the permanent commission of the Council, made up of the Ministry of the Interior, the National Police Corps, the Civil Guard, the Royal Spanish Football Federation, LaLiga and other professional leagues, together with the State Attorney General&#8217;s Office, will hold a meeting this Monday to determine the sanctions to be imposed against those responsible for such regrettable conduct.<\/p> ","protected":false},"excerpt":{"rendered":"<p>LaLiga issued a statement this Sunday condemning the racist insults that Lamine Yamal received during the Real Madrid-FC Barcelona (0-4). The employer will send a formal complaint to the National Police This Sunday, LaLiga condemned the racist behavior of a group of Real Madrid fans against the FC Barcelona player, Lamine Yamal, during the Cl\u00e1sico [&hellip;]<\/p>\n","protected":false},"author":347,"featured_media":116699,"comment_status":"closed","ping_status":"open","sticky":false,"template":"","format":"standard","meta":{"_acf_changed":false,"inline_featured_image":false,"_nextfly_llmd_date_locked":false,"footnotes":""},"categories":[114,448],"tags":[53,46,99],"class_list":["post-116693","post","type-post","status-publish","format-standard","has-post-thumbnail","hentry","category-laliga","category-laliga-2","tag-el-clasico","tag-fc-barcelona-vs-real-madrid","tag-javier-thebes"],"acf":[],"yoast_head":"<!-- This site is optimized with the Yoast SEO plugin v27.3 - https:\/\/yoast.com\/product\/yoast-seo-wordpress\/ -->\n<title>LaLiga stands against the Bernab\u00e9u for racist insults against Lamine Yamal in the Cl\u00e1sico<\/title>\n<meta name=\"description\" content=\"LaLiga issued a statement this Sunday condemning the racist insults that Lamine Yamal received during the Real Madrid-FC Barcelona (0-4). The employer will send a formal complaint to the National Police\" \/>\n<meta name=\"robots\" content=\"index, follow, max-snippet:-1, max-image-preview:large, max-video-preview:-1\" \/>\n<link rel=\"canonical\" href=\"https:\/\/www.fcbarcelonanoticias.com\/en\/laliga\/laliga-stands-against-bernabeu-for-racist-insults-against-lamine-yamal-clasico_308208_102.html\" \/>\n<meta property=\"og:locale\" content=\"en_US\" \/>\n<meta property=\"og:type\" content=\"article\" \/>\n<meta property=\"og:title\" content=\"LaLiga stands against the Bernab\u00e9u for racist insults against Lamine Yamal in the Cl\u00e1sico\" \/>\n<meta property=\"og:description\" content=\"LaLiga issued a statement this Sunday condemning the racist insults that Lamine Yamal received during the Real Madrid-FC Barcelona (0-4). The employer will send a formal complaint to the National Police\" \/>\n<meta property=\"og:url\" content=\"https:\/\/www.fcbarcelonanoticias.com\/en\/laliga\/laliga-stands-against-bernabeu-for-racist-insults-against-lamine-yamal-clasico_308208_102.html\" \/>\n<meta property=\"og:site_name\" content=\"EN - FC Barcelona Noticias\" \/>\n<meta property=\"article:published_time\" content=\"2024-10-27T15:26:00+00:00\" \/>\n<meta property=\"article:modified_time\" content=\"2024-10-27T16:54:00+00:00\" \/>\n<meta property=\"og:image\" content=\"https:\/\/www.fcbarcelonanoticias.com\/en\/wp-content\/uploads\/sites\/2\/2024\/10\/lamine-yamal-v-real-madrid.jpeg\" \/>\n\t<meta property=\"og:image:width\" content=\"1250\" \/>\n\t<meta property=\"og:image:height\" content=\"730\" \/>\n\t<meta property=\"og:image:type\" content=\"image\/jpeg\" \/>\n<meta name=\"author\" content=\"Andr\u00e9s Quiroz\" \/>\n<meta name=\"twitter:card\" content=\"summary_large_image\" \/>\n<meta name=\"twitter:label1\" content=\"Written by\" \/>\n\t<meta name=\"twitter:data1\" content=\"Andr\u00e9s Quiroz\" \/>\n\t<meta name=\"twitter:label2\" content=\"Est. reading time\" \/>\n\t<meta name=\"twitter:data2\" content=\"3 minutes\" \/>\n<script type=\"application\/ld+json\" class=\"yoast-schema-graph\">{\"@context\":\"https:\\\/\\\/schema.org\",\"@graph\":[{\"@type\":\"Article\",\"@id\":\"https:\\\/\\\/www.fcbarcelonanoticias.com\\\/en\\\/laliga\\\/laliga-stands-against-bernabeu-for-racist-insults-against-lamine-yamal-clasico_308208_102.html#article\",\"isPartOf\":{\"@id\":\"https:\\\/\\\/www.fcbarcelonanoticias.com\\\/en\\\/laliga\\\/laliga-stands-against-bernabeu-for-racist-insults-against-lamine-yamal-clasico_308208_102.html\"},\"author\":{\"name\":\"Andr\u00e9s Quiroz\",\"@id\":\"https:\\\/\\\/www.fcbarcelonanoticias.com\\\/en\\\/#\\\/schema\\\/person\\\/c2cd9f6fa1af5c0d0eccd0fefa575c88\"},\"headline\":\"LaLiga stands against the Bernab\u00e9u for racist insults against Lamine Yamal in the Cl\u00e1sico\",\"datePublished\":\"2024-10-27T15:26:00+00:00\",\"dateModified\":\"2024-10-27T16:54:00+00:00\",\"mainEntityOfPage\":{\"@id\":\"https:\\\/\\\/www.fcbarcelonanoticias.com\\\/en\\\/laliga\\\/laliga-stands-against-bernabeu-for-racist-insults-against-lamine-yamal-clasico_308208_102.html\"},\"wordCount\":622,\"image\":{\"@id\":\"https:\\\/\\\/www.fcbarcelonanoticias.com\\\/en\\\/laliga\\\/laliga-stands-against-bernabeu-for-racist-insults-against-lamine-yamal-clasico_308208_102.html#primaryimage\"},\"thumbnailUrl\":\"https:\\\/\\\/www.fcbarcelonanoticias.com\\\/en\\\/wp-content\\\/uploads\\\/sites\\\/2\\\/2024\\\/10\\\/lamine-yamal-v-real-madrid.jpeg\",\"keywords\":[\"El Cl\u00e1sico\",\"FC Barcelona vs Real Madrid\",\"Javier Thebes\"],\"articleSection\":[\"LaLiga\",\"LaLiga\"],\"inLanguage\":\"en-US\"},{\"@type\":\"WebPage\",\"@id\":\"https:\\\/\\\/www.fcbarcelonanoticias.com\\\/en\\\/laliga\\\/laliga-stands-against-bernabeu-for-racist-insults-against-lamine-yamal-clasico_308208_102.html\",\"url\":\"https:\\\/\\\/www.fcbarcelonanoticias.com\\\/en\\\/laliga\\\/laliga-stands-against-bernabeu-for-racist-insults-against-lamine-yamal-clasico_308208_102.html\",\"name\":\"LaLiga stands against the Bernab\u00e9u for racist insults against Lamine Yamal in the Cl\u00e1sico\",\"isPartOf\":{\"@id\":\"https:\\\/\\\/www.fcbarcelonanoticias.com\\\/en\\\/#website\"},\"primaryImageOfPage\":{\"@id\":\"https:\\\/\\\/www.fcbarcelonanoticias.com\\\/en\\\/laliga\\\/laliga-stands-against-bernabeu-for-racist-insults-against-lamine-yamal-clasico_308208_102.html#primaryimage\"},\"image\":{\"@id\":\"https:\\\/\\\/www.fcbarcelonanoticias.com\\\/en\\\/laliga\\\/laliga-stands-against-bernabeu-for-racist-insults-against-lamine-yamal-clasico_308208_102.html#primaryimage\"},\"thumbnailUrl\":\"https:\\\/\\\/www.fcbarcelonanoticias.com\\\/en\\\/wp-content\\\/uploads\\\/sites\\\/2\\\/2024\\\/10\\\/lamine-yamal-v-real-madrid.jpeg\",\"datePublished\":\"2024-10-27T15:26:00+00:00\",\"dateModified\":\"2024-10-27T16:54:00+00:00\",\"author\":{\"@id\":\"https:\\\/\\\/www.fcbarcelonanoticias.com\\\/en\\\/#\\\/schema\\\/person\\\/c2cd9f6fa1af5c0d0eccd0fefa575c88\"},\"description\":\"LaLiga issued a statement this Sunday condemning the racist insults that Lamine Yamal received during the Real Madrid-FC Barcelona (0-4). The employer will send a formal complaint to the National Police\",\"breadcrumb\":{\"@id\":\"https:\\\/\\\/www.fcbarcelonanoticias.com\\\/en\\\/laliga\\\/laliga-stands-against-bernabeu-for-racist-insults-against-lamine-yamal-clasico_308208_102.html#breadcrumb\"},\"inLanguage\":\"en-US\",\"potentialAction\":[{\"@type\":\"ReadAction\",\"target\":[\"https:\\\/\\\/www.fcbarcelonanoticias.com\\\/en\\\/laliga\\\/laliga-stands-against-bernabeu-for-racist-insults-against-lamine-yamal-clasico_308208_102.html\"]}]},{\"@type\":\"ImageObject\",\"inLanguage\":\"en-US\",\"@id\":\"https:\\\/\\\/www.fcbarcelonanoticias.com\\\/en\\\/laliga\\\/laliga-stands-against-bernabeu-for-racist-insults-against-lamine-yamal-clasico_308208_102.html#primaryimage\",\"url\":\"https:\\\/\\\/www.fcbarcelonanoticias.com\\\/en\\\/wp-content\\\/uploads\\\/sites\\\/2\\\/2024\\\/10\\\/lamine-yamal-v-real-madrid.jpeg\",\"contentUrl\":\"https:\\\/\\\/www.fcbarcelonanoticias.com\\\/en\\\/wp-content\\\/uploads\\\/sites\\\/2\\\/2024\\\/10\\\/lamine-yamal-v-real-madrid.jpeg\",\"width\":1250,\"height\":730},{\"@type\":\"BreadcrumbList\",\"@id\":\"https:\\\/\\\/www.fcbarcelonanoticias.com\\\/en\\\/laliga\\\/laliga-stands-against-bernabeu-for-racist-insults-against-lamine-yamal-clasico_308208_102.html#breadcrumb\",\"itemListElement\":[{\"@type\":\"ListItem\",\"position\":1,\"name\":\"Portada\",\"item\":\"https:\\\/\\\/www.fcbarcelonanoticias.com\\\/en\\\/\"},{\"@type\":\"ListItem\",\"position\":2,\"name\":\"LaLiga stands against the Bernab\u00e9u for racist insults against Lamine Yamal in the Cl\u00e1sico\"}]},{\"@type\":\"WebSite\",\"@id\":\"https:\\\/\\\/www.fcbarcelonanoticias.com\\\/en\\\/#website\",\"url\":\"https:\\\/\\\/www.fcbarcelonanoticias.com\\\/en\\\/\",\"name\":\"EN - FC Barcelona Noticias\",\"description\":\"\",\"potentialAction\":[{\"@type\":\"SearchAction\",\"target\":{\"@type\":\"EntryPoint\",\"urlTemplate\":\"https:\\\/\\\/www.fcbarcelonanoticias.com\\\/en\\\/?s={search_term_string}\"},\"query-input\":{\"@type\":\"PropertyValueSpecification\",\"valueRequired\":true,\"valueName\":\"search_term_string\"}}],\"inLanguage\":\"en-US\"},{\"@type\":\"Person\",\"@id\":\"https:\\\/\\\/www.fcbarcelonanoticias.com\\\/en\\\/#\\\/schema\\\/person\\\/c2cd9f6fa1af5c0d0eccd0fefa575c88\",\"name\":\"Andr\u00e9s Quiroz\",\"image\":{\"@type\":\"ImageObject\",\"inLanguage\":\"en-US\",\"@id\":\"https:\\\/\\\/secure.gravatar.com\\\/avatar\\\/?s=96&d=mm&r=g\",\"url\":\"https:\\\/\\\/secure.gravatar.com\\\/avatar\\\/?s=96&d=mm&r=g\",\"contentUrl\":\"https:\\\/\\\/secure.gravatar.com\\\/avatar\\\/?s=96&d=mm&r=g\",\"caption\":\"Andr\u00e9s Quiroz\"},\"description\":\"Licenciado en Periodismo por la Universidad de los Andes. Me encargo de analizar y compartir los contenidos m\u00e1s destacados de la\u00a0actualidad del F\u00fatbol Club Barcelona, Mercado de Fichajes y F\u00fatbol Internacional en FCBN. La informaci\u00f3n es poder, pero tambi\u00e9n conocimiento.\",\"url\":\"https:\\\/\\\/www.fcbarcelonanoticias.com\\\/en\\\/fc-barcelona\\\/andres-quiroz_17_115.html\"}]}<\/script>\n<!-- \/ Yoast SEO plugin. -->","yoast_head_json":{"title":"LaLiga stands against the Bernab\u00e9u for racist insults against Lamine Yamal in the Cl\u00e1sico","description":"LaLiga issued a statement this Sunday condemning the racist insults that Lamine Yamal received during the Real Madrid-FC Barcelona (0-4). The employer will send a formal complaint to the National Police","robots":{"index":"index","follow":"follow","max-snippet":"max-snippet:-1","max-image-preview":"max-image-preview:large","max-video-preview":"max-video-preview:-1"},"canonical":"https:\/\/www.fcbarcelonanoticias.com\/en\/laliga\/laliga-stands-against-bernabeu-for-racist-insults-against-lamine-yamal-clasico_308208_102.html","og_locale":"en_US","og_type":"article","og_title":"LaLiga stands against the Bernab\u00e9u for racist insults against Lamine Yamal in the Cl\u00e1sico","og_description":"LaLiga issued a statement this Sunday condemning the racist insults that Lamine Yamal received during the Real Madrid-FC Barcelona (0-4). The employer will send a formal complaint to the National Police","og_url":"https:\/\/www.fcbarcelonanoticias.com\/en\/laliga\/laliga-stands-against-bernabeu-for-racist-insults-against-lamine-yamal-clasico_308208_102.html","og_site_name":"EN - FC Barcelona Noticias","article_published_time":"2024-10-27T15:26:00+00:00","article_modified_time":"2024-10-27T16:54:00+00:00","og_image":[{"width":1250,"height":730,"url":"https:\/\/www.fcbarcelonanoticias.com\/en\/wp-content\/uploads\/sites\/2\/2024\/10\/lamine-yamal-v-real-madrid.jpeg","type":"image\/jpeg"}],"author":"Andr\u00e9s Quiroz","twitter_card":"summary_large_image","twitter_misc":{"Written by":"Andr\u00e9s Quiroz","Est. reading time":"3 minutes"},"schema":{"@context":"https:\/\/schema.org","@graph":[{"@type":"Article","@id":"https:\/\/www.fcbarcelonanoticias.com\/en\/laliga\/laliga-stands-against-bernabeu-for-racist-insults-against-lamine-yamal-clasico_308208_102.html#article","isPartOf":{"@id":"https:\/\/www.fcbarcelonanoticias.com\/en\/laliga\/laliga-stands-against-bernabeu-for-racist-insults-against-lamine-yamal-clasico_308208_102.html"},"author":{"name":"Andr\u00e9s Quiroz","@id":"https:\/\/www.fcbarcelonanoticias.com\/en\/#\/schema\/person\/c2cd9f6fa1af5c0d0eccd0fefa575c88"},"headline":"LaLiga stands against the Bernab\u00e9u for racist insults against Lamine Yamal in the Cl\u00e1sico","datePublished":"2024-10-27T15:26:00+00:00","dateModified":"2024-10-27T16:54:00+00:00","mainEntityOfPage":{"@id":"https:\/\/www.fcbarcelonanoticias.com\/en\/laliga\/laliga-stands-against-bernabeu-for-racist-insults-against-lamine-yamal-clasico_308208_102.html"},"wordCount":622,"image":{"@id":"https:\/\/www.fcbarcelonanoticias.com\/en\/laliga\/laliga-stands-against-bernabeu-for-racist-insults-against-lamine-yamal-clasico_308208_102.html#primaryimage"},"thumbnailUrl":"https:\/\/www.fcbarcelonanoticias.com\/en\/wp-content\/uploads\/sites\/2\/2024\/10\/lamine-yamal-v-real-madrid.jpeg","keywords":["El Cl\u00e1sico","FC Barcelona vs Real Madrid","Javier Thebes"],"articleSection":["LaLiga","LaLiga"],"inLanguage":"en-US"},{"@type":"WebPage","@id":"https:\/\/www.fcbarcelonanoticias.com\/en\/laliga\/laliga-stands-against-bernabeu-for-racist-insults-against-lamine-yamal-clasico_308208_102.html","url":"https:\/\/www.fcbarcelonanoticias.com\/en\/laliga\/laliga-stands-against-bernabeu-for-racist-insults-against-lamine-yamal-clasico_308208_102.html","name":"LaLiga stands against the Bernab\u00e9u for racist insults against Lamine Yamal in the Cl\u00e1sico","isPartOf":{"@id":"https:\/\/www.fcbarcelonanoticias.com\/en\/#website"},"primaryImageOfPage":{"@id":"https:\/\/www.fcbarcelonanoticias.com\/en\/laliga\/laliga-stands-against-bernabeu-for-racist-insults-against-lamine-yamal-clasico_308208_102.html#primaryimage"},"image":{"@id":"https:\/\/www.fcbarcelonanoticias.com\/en\/laliga\/laliga-stands-against-bernabeu-for-racist-insults-against-lamine-yamal-clasico_308208_102.html#primaryimage"},"thumbnailUrl":"https:\/\/www.fcbarcelonanoticias.com\/en\/wp-content\/uploads\/sites\/2\/2024\/10\/lamine-yamal-v-real-madrid.jpeg","datePublished":"2024-10-27T15:26:00+00:00","dateModified":"2024-10-27T16:54:00+00:00","author":{"@id":"https:\/\/www.fcbarcelonanoticias.com\/en\/#\/schema\/person\/c2cd9f6fa1af5c0d0eccd0fefa575c88"},"description":"LaLiga issued a statement this Sunday condemning the racist insults that Lamine Yamal received during the Real Madrid-FC Barcelona (0-4). The employer will send a formal complaint to the National Police","breadcrumb":{"@id":"https:\/\/www.fcbarcelonanoticias.com\/en\/laliga\/laliga-stands-against-bernabeu-for-racist-insults-against-lamine-yamal-clasico_308208_102.html#breadcrumb"},"inLanguage":"en-US","potentialAction":[{"@type":"ReadAction","target":["https:\/\/www.fcbarcelonanoticias.com\/en\/laliga\/laliga-stands-against-bernabeu-for-racist-insults-against-lamine-yamal-clasico_308208_102.html"]}]},{"@type":"ImageObject","inLanguage":"en-US","@id":"https:\/\/www.fcbarcelonanoticias.com\/en\/laliga\/laliga-stands-against-bernabeu-for-racist-insults-against-lamine-yamal-clasico_308208_102.html#primaryimage","url":"https:\/\/www.fcbarcelonanoticias.com\/en\/wp-content\/uploads\/sites\/2\/2024\/10\/lamine-yamal-v-real-madrid.jpeg","contentUrl":"https:\/\/www.fcbarcelonanoticias.com\/en\/wp-content\/uploads\/sites\/2\/2024\/10\/lamine-yamal-v-real-madrid.jpeg","width":1250,"height":730},{"@type":"BreadcrumbList","@id":"https:\/\/www.fcbarcelonanoticias.com\/en\/laliga\/laliga-stands-against-bernabeu-for-racist-insults-against-lamine-yamal-clasico_308208_102.html#breadcrumb","itemListElement":[{"@type":"ListItem","position":1,"name":"Portada","item":"https:\/\/www.fcbarcelonanoticias.com\/en\/"},{"@type":"ListItem","position":2,"name":"LaLiga stands against the Bernab\u00e9u for racist insults against Lamine Yamal in the Cl\u00e1sico"}]},{"@type":"WebSite","@id":"https:\/\/www.fcbarcelonanoticias.com\/en\/#website","url":"https:\/\/www.fcbarcelonanoticias.com\/en\/","name":"EN - FC Barcelona Noticias","description":"","potentialAction":[{"@type":"SearchAction","target":{"@type":"EntryPoint","urlTemplate":"https:\/\/www.fcbarcelonanoticias.com\/en\/?s={search_term_string}"},"query-input":{"@type":"PropertyValueSpecification","valueRequired":true,"valueName":"search_term_string"}}],"inLanguage":"en-US"},{"@type":"Person","@id":"https:\/\/www.fcbarcelonanoticias.com\/en\/#\/schema\/person\/c2cd9f6fa1af5c0d0eccd0fefa575c88","name":"Andr\u00e9s Quiroz","image":{"@type":"ImageObject","inLanguage":"en-US","@id":"https:\/\/secure.gravatar.com\/avatar\/?s=96&d=mm&r=g","url":"https:\/\/secure.gravatar.com\/avatar\/?s=96&d=mm&r=g","contentUrl":"https:\/\/secure.gravatar.com\/avatar\/?s=96&d=mm&r=g","caption":"Andr\u00e9s Quiroz"},"description":"Licenciado en Periodismo por la Universidad de los Andes. Me encargo de analizar y compartir los contenidos m\u00e1s destacados de la\u00a0actualidad del F\u00fatbol Club Barcelona, Mercado de Fichajes y F\u00fatbol Internacional en FCBN. La informaci\u00f3n es poder, pero tambi\u00e9n conocimiento.","url":"https:\/\/www.fcbarcelonanoticias.com\/en\/fc-barcelona\/andres-quiroz_17_115.html"}]}},"_links":{"self":[{"href":"https:\/\/www.fcbarcelonanoticias.com\/en\/wp-json\/wp\/v2\/posts\/116693","targetHints":{"allow":["GET"]}}],"collection":[{"href":"https:\/\/www.fcbarcelonanoticias.com\/en\/wp-json\/wp\/v2\/posts"}],"about":[{"href":"https:\/\/www.fcbarcelonanoticias.com\/en\/wp-json\/wp\/v2\/types\/post"}],"author":[{"embeddable":true,"href":"https:\/\/www.fcbarcelonanoticias.com\/en\/wp-json\/wp\/v2\/users\/347"}],"replies":[{"embeddable":true,"href":"https:\/\/www.fcbarcelonanoticias.com\/en\/wp-json\/wp\/v2\/comments?post=116693"}],"version-history":[{"count":1,"href":"https:\/\/www.fcbarcelonanoticias.com\/en\/wp-json\/wp\/v2\/posts\/116693\/revisions"}],"predecessor-version":[{"id":149467,"href":"https:\/\/www.fcbarcelonanoticias.com\/en\/wp-json\/wp\/v2\/posts\/116693\/revisions\/149467"}],"wp:featuredmedia":[{"embeddable":true,"href":"https:\/\/www.fcbarcelonanoticias.com\/en\/wp-json\/wp\/v2\/media\/116699"}],"wp:attachment":[{"href":"https:\/\/www.fcbarcelonanoticias.com\/en\/wp-json\/wp\/v2\/media?parent=116693"}],"wp:term":[{"taxonomy":"category","embeddable":true,"href":"https:\/\/www.fcbarcelonanoticias.com\/en\/wp-json\/wp\/v2\/categories?post=116693"},{"taxonomy":"post_tag","embeddable":true,"href":"https:\/\/www.fcbarcelonanoticias.com\/en\/wp-json\/wp\/v2\/tags?post=116693"}],"curies":[{"name":"wp","href":"https:\/\/api.w.org\/{rel}","templated":true}]}}